{"id":30581,"date":"2020-12-15T15:06:36","date_gmt":"2020-12-15T14:06:36","guid":{"rendered":"https:\/\/guineediversite.com\/?p=30581"},"modified":"2020-12-15T15:06:36","modified_gmt":"2020-12-15T14:06:36","slug":"investiture-dalpha-conde-qui-sont-les-chefs-detat-presents-et-qui-sont-les-grands-absents","status":"publish","type":"post","link":"https:\/\/guineediversite.com\/index.php\/2020\/12\/15\/investiture-dalpha-conde-qui-sont-les-chefs-detat-presents-et-qui-sont-les-grands-absents\/","title":{"rendered":"Investiture d&rsquo;Alpha Cond\u00e9: qui sont les chefs d&rsquo;Etat pr\u00e9sents et qui sont les grands absents?"},"content":{"rendered":"<p><strong>Le pr\u00e9sident Alpha Cond\u00e9 est investie ce mardi 15 d\u00e9cembre 2020, pour un troisi\u00e8me mandat.<\/strong><br \/>\nAu compte de cette c\u00e9r\u00e9monie d\u2019investiture qui se tient au palais des Nations, 11 chefs d\u2019Etats sont \u00e0 Conakry dont les pr\u00e9sidents du Tchad, du Ghana, de la Mauritanie, de la Sierra L\u00e9one, du Congo Brazzaville, des Comores et du Burkina Faso.<\/p>\n<h3>Les grands absents<\/h3>\n<p>Parmi les grand absents de la c\u00e9r\u00e9monie d&rsquo;investiture d&rsquo;Alpha Cond\u00e9 il y a les Pr\u00e9sident du S\u00e9n\u00e9gal, de la Gambie et de la Guin\u00e9e-Bissau. C&rsquo;est chefs d&rsquo;Etat avait clairement exprim\u00e9 leur d\u00e9saccord \u00e0 toute modification de la constitution en vu de se maintenir au pouvoir.<\/p>\n<p>Il faut rappeler que ce troisi\u00e8me mandat a \u00e9t\u00e9 contest\u00e9 par l\u2019opposition guin\u00e9enne et jusque-l\u00e0\u00a0 l\u2019opposant Cellou Dalein Diallo n\u2019a toujours pas reconnu la victoire du pr\u00e9sident Cond\u00e9.<\/p>\n<p>Morcir\u00e9 Camara<\/p>\n","protected":false},"excerpt":{"rendered":"<p>Le pr\u00e9sident Alpha Cond\u00e9 est investie ce mardi 15 d\u00e9cembre 2020, pour un troisi\u00e8me mandat. Au compte de cette c\u00e9r\u00e9monie d\u2019investiture qui se tient au palais des Nations, 11 chefs d\u2019Etats sont \u00e0 Conakry dont les pr\u00e9sidents du Tchad, du Ghana, de la Mauritanie, de la Sierra L\u00e9one, du Congo Brazzaville, des Comores et du [&hellip;]<\/p>\n","protected":false},"author":10,"featured_media":30582,"comment_status":"open","ping_status":"open","sticky":false,"template":"","format":"standard","meta":{"_exactmetrics_skip_tracking":false,"_exactmetrics_sitenote_active":false,"_exactmetrics_sitenote_note":"","_exactmetrics_sitenote_category":0,"tdm_status":"","tdm_grid_status":"","footnotes":""},"categories":[254,14],"tags":[],"class_list":{"0":"post-30581","1":"post","2":"type-post","3":"status-publish","4":"format-standard","5":"has-post-thumbnail","7":"category-derniere-minute","8":"category-politique"},"yoast_head":"<!-- This site is optimized with the Yoast SEO plugin v24.2 - https:\/\/yoast.com\/wordpress\/plugins\/seo\/ -->\n<title>Investiture d&#039;Alpha Cond\u00e9: qui sont les chefs d&#039;Etat pr\u00e9sents et qui sont les grands absents? | Guin\u00e9e Diversit\u00e9<\/title>\n<meta name=\"robots\" content=\"index, follow, max-snippet:-1, max-image-preview:large, max-video-preview:-1\" \/>\n<link rel=\"canonical\" href=\"https:\/\/guineediversite.com\/index.php\/2020\/12\/15\/investiture-dalpha-conde-qui-sont-les-chefs-detat-presents-et-qui-sont-les-grands-absents\/\" \/>\n<meta property=\"og:locale\" content=\"fr_FR\" \/>\n<meta property=\"og:type\" content=\"article\" \/>\n<meta property=\"og:title\" content=\"Investiture d&#039;Alpha Cond\u00e9: qui sont les chefs d&#039;Etat pr\u00e9sents et qui sont les grands absents? | Guin\u00e9e Diversit\u00e9\" \/>\n<meta property=\"og:description\" content=\"Le pr\u00e9sident Alpha Cond\u00e9 est investie ce mardi 15 d\u00e9cembre 2020, pour un troisi\u00e8me mandat. Au compte de cette c\u00e9r\u00e9monie d\u2019investiture qui se tient au palais des Nations, 11 chefs d\u2019Etats sont \u00e0 Conakry dont les pr\u00e9sidents du Tchad, du Ghana, de la Mauritanie, de la Sierra L\u00e9one, du Congo Brazzaville, des Comores et du [&hellip;]\" \/>\n<meta property=\"og:url\" content=\"https:\/\/guineediversite.com\/index.php\/2020\/12\/15\/investiture-dalpha-conde-qui-sont-les-chefs-detat-presents-et-qui-sont-les-grands-absents\/\" \/>\n<meta property=\"og:site_name\" content=\"Guin\u00e9e Diversit\u00e9\" \/>\n<meta property=\"article:publisher\" content=\"https:\/\/www.facebook.com\/guineediversite\/\" \/>\n<meta property=\"article:published_time\" content=\"2020-12-15T14:06:36+00:00\" \/>\n<meta property=\"og:image\" content=\"https:\/\/guineediversite.com\/wp-content\/uploads\/2020\/12\/a_c.jpeg\" \/>\n\t<meta property=\"og:image:width\" content=\"1080\" \/>\n\t<meta property=\"og:image:height\" content=\"720\" \/>\n\t<meta property=\"og:image:type\" content=\"image\/jpeg\" \/>\n<meta name=\"author\" content=\"Morcire Camara\" \/>\n<meta name=\"twitter:card\" content=\"summary_large_image\" \/>\n<meta name=\"twitter:creator\" content=\"@GuineeDiversite\" \/>\n<meta name=\"twitter:site\" content=\"@GuineeDiversite\" \/>\n<meta name=\"twitter:label1\" content=\"\u00c9crit par\" \/>\n\t<meta name=\"twitter:data1\" content=\"Morcire Camara\" \/>\n\t<meta name=\"twitter:label2\" content=\"Dur\u00e9e de lecture estim\u00e9e\" \/>\n\t<meta name=\"twitter:data2\" content=\"1 minute\" \/>\n<script type=\"application\/ld+json\" class=\"yoast-schema-graph\">{\"@context\":\"https:\/\/schema.org\",\"@graph\":[{\"@type\":\"Article\",\"@id\":\"https:\/\/guineediversite.com\/index.php\/2020\/12\/15\/investiture-dalpha-conde-qui-sont-les-chefs-detat-presents-et-qui-sont-les-grands-absents\/#article\",\"isPartOf\":{\"@id\":\"https:\/\/guineediversite.com\/index.php\/2020\/12\/15\/investiture-dalpha-conde-qui-sont-les-chefs-detat-presents-et-qui-sont-les-grands-absents\/\"},\"author\":{\"name\":\"Morcire Camara\",\"@id\":\"https:\/\/guineediversite.com\/#\/schema\/person\/fa362494c47202ce4b3adf55abcc9d01\"},\"headline\":\"Investiture d&rsquo;Alpha Cond\u00e9: qui sont les chefs d&rsquo;Etat pr\u00e9sents et qui sont les grands absents?\",\"datePublished\":\"2020-12-15T14:06:36+00:00\",\"dateModified\":\"2020-12-15T14:06:36+00:00\",\"mainEntityOfPage\":{\"@id\":\"https:\/\/guineediversite.com\/index.php\/2020\/12\/15\/investiture-dalpha-conde-qui-sont-les-chefs-detat-presents-et-qui-sont-les-grands-absents\/\"},\"wordCount\":174,\"commentCount\":0,\"publisher\":{\"@id\":\"https:\/\/guineediversite.com\/#organization\"},\"image\":{\"@id\":\"https:\/\/guineediversite.com\/index.php\/2020\/12\/15\/investiture-dalpha-conde-qui-sont-les-chefs-detat-presents-et-qui-sont-les-grands-absents\/#primaryimage\"},\"thumbnailUrl\":\"https:\/\/guineediversite.com\/wp-content\/uploads\/2020\/12\/a_c.jpeg\",\"articleSection\":[\"Derni\u00e8re minute\",\"Politique\"],\"inLanguage\":\"fr-FR\",\"potentialAction\":[{\"@type\":\"CommentAction\",\"name\":\"Comment\",\"target\":[\"https:\/\/guineediversite.com\/index.php\/2020\/12\/15\/investiture-dalpha-conde-qui-sont-les-chefs-detat-presents-et-qui-sont-les-grands-absents\/#respond\"]}]},{\"@type\":\"WebPage\",\"@id\":\"https:\/\/guineediversite.com\/index.php\/2020\/12\/15\/investiture-dalpha-conde-qui-sont-les-chefs-detat-presents-et-qui-sont-les-grands-absents\/\",\"url\":\"https:\/\/guineediversite.com\/index.php\/2020\/12\/15\/investiture-dalpha-conde-qui-sont-les-chefs-detat-presents-et-qui-sont-les-grands-absents\/\",\"name\":\"Investiture d'Alpha Cond\u00e9: qui sont les chefs d'Etat pr\u00e9sents et qui sont les grands absents? | Guin\u00e9e Diversit\u00e9\",\"isPartOf\":{\"@id\":\"https:\/\/guineediversite.com\/#website\"},\"primaryImageOfPage\":{\"@id\":\"https:\/\/guineediversite.com\/index.php\/2020\/12\/15\/investiture-dalpha-conde-qui-sont-les-chefs-detat-presents-et-qui-sont-les-grands-absents\/#primaryimage\"},\"image\":{\"@id\":\"https:\/\/guineediversite.com\/index.php\/2020\/12\/15\/investiture-dalpha-conde-qui-sont-les-chefs-detat-presents-et-qui-sont-les-grands-absents\/#primaryimage\"},\"thumbnailUrl\":\"https:\/\/guineediversite.com\/wp-content\/uploads\/2020\/12\/a_c.jpeg\",\"datePublished\":\"2020-12-15T14:06:36+00:00\",\"dateModified\":\"2020-12-15T14:06:36+00:00\",\"breadcrumb\":{\"@id\":\"https:\/\/guineediversite.com\/index.php\/2020\/12\/15\/investiture-dalpha-conde-qui-sont-les-chefs-detat-presents-et-qui-sont-les-grands-absents\/#breadcrumb\"},\"inLanguage\":\"fr-FR\",\"potentialAction\":[{\"@type\":\"ReadAction\",\"target\":[\"https:\/\/guineediversite.com\/index.php\/2020\/12\/15\/investiture-dalpha-conde-qui-sont-les-chefs-detat-presents-et-qui-sont-les-grands-absents\/\"]}]},{\"@type\":\"ImageObject\",\"inLanguage\":\"fr-FR\",\"@id\":\"https:\/\/guineediversite.com\/index.php\/2020\/12\/15\/investiture-dalpha-conde-qui-sont-les-chefs-detat-presents-et-qui-sont-les-grands-absents\/#primaryimage\",\"url\":\"https:\/\/guineediversite.com\/wp-content\/uploads\/2020\/12\/a_c.jpeg\",\"contentUrl\":\"https:\/\/guineediversite.com\/wp-content\/uploads\/2020\/12\/a_c.jpeg\",\"width\":1080,\"height\":720,\"caption\":\"Alpha Cond\u00e9\"},{\"@type\":\"BreadcrumbList\",\"@id\":\"https:\/\/guineediversite.com\/index.php\/2020\/12\/15\/investiture-dalpha-conde-qui-sont-les-chefs-detat-presents-et-qui-sont-les-grands-absents\/#breadcrumb\",\"itemListElement\":[{\"@type\":\"ListItem\",\"position\":1,\"name\":\"Accueil\",\"item\":\"https:\/\/guineediversite.com\/\"},{\"@type\":\"ListItem\",\"position\":2,\"name\":\"Investiture d&rsquo;Alpha Cond\u00e9: qui sont les chefs d&rsquo;Etat pr\u00e9sents et qui sont les grands absents?\"}]},{\"@type\":\"WebSite\",\"@id\":\"https:\/\/guineediversite.com\/#website\",\"url\":\"https:\/\/guineediversite.com\/\",\"name\":\"Guin\u00e9e Diversit\u00e9\",\"description\":\"L&#039;Info dans toute sa diversit\u00e9\",\"publisher\":{\"@id\":\"https:\/\/guineediversite.com\/#organization\"},\"potentialAction\":[{\"@type\":\"SearchAction\",\"target\":{\"@type\":\"EntryPoint\",\"urlTemplate\":\"https:\/\/guineediversite.com\/?s={search_term_string}\"},\"query-input\":{\"@type\":\"PropertyValueSpecification\",\"valueRequired\":true,\"valueName\":\"search_term_string\"}}],\"inLanguage\":\"fr-FR\"},{\"@type\":\"Organization\",\"@id\":\"https:\/\/guineediversite.com\/#organization\",\"name\":\"Guin\u00e9e Diversit\u00e9\",\"url\":\"https:\/\/guineediversite.com\/\",\"logo\":{\"@type\":\"ImageObject\",\"inLanguage\":\"fr-FR\",\"@id\":\"https:\/\/guineediversite.com\/#\/schema\/logo\/image\/\",\"url\":\"https:\/\/guineediversite.com\/wp-content\/uploads\/2017\/04\/cropped-1jojlxEOMkX9Wyqfhe43D6kjPOGqBBKmx3EwWJqZ0cMrFF54yM49.png\",\"contentUrl\":\"https:\/\/guineediversite.com\/wp-content\/uploads\/2017\/04\/cropped-1jojlxEOMkX9Wyqfhe43D6kjPOGqBBKmx3EwWJqZ0cMrFF54yM49.png\",\"width\":186,\"height\":112,\"caption\":\"Guin\u00e9e Diversit\u00e9\"},\"image\":{\"@id\":\"https:\/\/guineediversite.com\/#\/schema\/logo\/image\/\"},\"sameAs\":[\"https:\/\/www.facebook.com\/guineediversite\/\",\"https:\/\/x.com\/GuineeDiversite\",\"https:\/\/www.youtube.com\/channel\/UC8sUY16qelG5ge6_D5SB83g\"]},{\"@type\":\"Person\",\"@id\":\"https:\/\/guineediversite.com\/#\/schema\/person\/fa362494c47202ce4b3adf55abcc9d01\",\"name\":\"Morcire Camara\",\"image\":{\"@type\":\"ImageObject\",\"inLanguage\":\"fr-FR\",\"@id\":\"https:\/\/guineediversite.com\/#\/schema\/person\/image\/\",\"url\":\"https:\/\/secure.gravatar.com\/avatar\/3ec324f02295bbcebe03d99b39330ab4?s=96&d=mm&r=g\",\"contentUrl\":\"https:\/\/secure.gravatar.com\/avatar\/3ec324f02295bbcebe03d99b39330ab4?s=96&d=mm&r=g\",\"caption\":\"Morcire Camara\"},\"url\":\"https:\/\/guineediversite.com\/index.php\/author\/morcire\/\"}]}<\/script>\n<!-- \/ Yoast SEO plugin. -->","yoast_head_json":{"title":"Investiture d'Alpha Cond\u00e9: qui sont les chefs d'Etat pr\u00e9sents et qui sont les grands absents? | Guin\u00e9e Diversit\u00e9","robots":{"index":"index","follow":"follow","max-snippet":"max-snippet:-1","max-image-preview":"max-image-preview:large","max-video-preview":"max-video-preview:-1"},"canonical":"https:\/\/guineediversite.com\/index.php\/2020\/12\/15\/investiture-dalpha-conde-qui-sont-les-chefs-detat-presents-et-qui-sont-les-grands-absents\/","og_locale":"fr_FR","og_type":"article","og_title":"Investiture d'Alpha Cond\u00e9: qui sont les chefs d'Etat pr\u00e9sents et qui sont les grands absents? | Guin\u00e9e Diversit\u00e9","og_description":"Le pr\u00e9sident Alpha Cond\u00e9 est investie ce mardi 15 d\u00e9cembre 2020, pour un troisi\u00e8me mandat. Au compte de cette c\u00e9r\u00e9monie d\u2019investiture qui se tient au palais des Nations, 11 chefs d\u2019Etats sont \u00e0 Conakry dont les pr\u00e9sidents du Tchad, du Ghana, de la Mauritanie, de la Sierra L\u00e9one, du Congo Brazzaville, des Comores et du [&hellip;]","og_url":"https:\/\/guineediversite.com\/index.php\/2020\/12\/15\/investiture-dalpha-conde-qui-sont-les-chefs-detat-presents-et-qui-sont-les-grands-absents\/","og_site_name":"Guin\u00e9e Diversit\u00e9","article_publisher":"https:\/\/www.facebook.com\/guineediversite\/","article_published_time":"2020-12-15T14:06:36+00:00","og_image":[{"width":1080,"height":720,"url":"https:\/\/guineediversite.com\/wp-content\/uploads\/2020\/12\/a_c.jpeg","type":"image\/jpeg"}],"author":"Morcire Camara","twitter_card":"summary_large_image","twitter_creator":"@GuineeDiversite","twitter_site":"@GuineeDiversite","twitter_misc":{"\u00c9crit par":"Morcire Camara","Dur\u00e9e de lecture estim\u00e9e":"1 minute"},"schema":{"@context":"https:\/\/schema.org","@graph":[{"@type":"Article","@id":"https:\/\/guineediversite.com\/index.php\/2020\/12\/15\/investiture-dalpha-conde-qui-sont-les-chefs-detat-presents-et-qui-sont-les-grands-absents\/#article","isPartOf":{"@id":"https:\/\/guineediversite.com\/index.php\/2020\/12\/15\/investiture-dalpha-conde-qui-sont-les-chefs-detat-presents-et-qui-sont-les-grands-absents\/"},"author":{"name":"Morcire Camara","@id":"https:\/\/guineediversite.com\/#\/schema\/person\/fa362494c47202ce4b3adf55abcc9d01"},"headline":"Investiture d&rsquo;Alpha Cond\u00e9: qui sont les chefs d&rsquo;Etat pr\u00e9sents et qui sont les grands absents?","datePublished":"2020-12-15T14:06:36+00:00","dateModified":"2020-12-15T14:06:36+00:00","mainEntityOfPage":{"@id":"https:\/\/guineediversite.com\/index.php\/2020\/12\/15\/investiture-dalpha-conde-qui-sont-les-chefs-detat-presents-et-qui-sont-les-grands-absents\/"},"wordCount":174,"commentCount":0,"publisher":{"@id":"https:\/\/guineediversite.com\/#organization"},"image":{"@id":"https:\/\/guineediversite.com\/index.php\/2020\/12\/15\/investiture-dalpha-conde-qui-sont-les-chefs-detat-presents-et-qui-sont-les-grands-absents\/#primaryimage"},"thumbnailUrl":"https:\/\/guineediversite.com\/wp-content\/uploads\/2020\/12\/a_c.jpeg","articleSection":["Derni\u00e8re minute","Politique"],"inLanguage":"fr-FR","potentialAction":[{"@type":"CommentAction","name":"Comment","target":["https:\/\/guineediversite.com\/index.php\/2020\/12\/15\/investiture-dalpha-conde-qui-sont-les-chefs-detat-presents-et-qui-sont-les-grands-absents\/#respond"]}]},{"@type":"WebPage","@id":"https:\/\/guineediversite.com\/index.php\/2020\/12\/15\/investiture-dalpha-conde-qui-sont-les-chefs-detat-presents-et-qui-sont-les-grands-absents\/","url":"https:\/\/guineediversite.com\/index.php\/2020\/12\/15\/investiture-dalpha-conde-qui-sont-les-chefs-detat-presents-et-qui-sont-les-grands-absents\/","name":"Investiture d'Alpha Cond\u00e9: qui sont les chefs d'Etat pr\u00e9sents et qui sont les grands absents? | Guin\u00e9e Diversit\u00e9","isPartOf":{"@id":"https:\/\/guineediversite.com\/#website"},"primaryImageOfPage":{"@id":"https:\/\/guineediversite.com\/index.php\/2020\/12\/15\/investiture-dalpha-conde-qui-sont-les-chefs-detat-presents-et-qui-sont-les-grands-absents\/#primaryimage"},"image":{"@id":"https:\/\/guineediversite.com\/index.php\/2020\/12\/15\/investiture-dalpha-conde-qui-sont-les-chefs-detat-presents-et-qui-sont-les-grands-absents\/#primaryimage"},"thumbnailUrl":"https:\/\/guineediversite.com\/wp-content\/uploads\/2020\/12\/a_c.jpeg","datePublished":"2020-12-15T14:06:36+00:00","dateModified":"2020-12-15T14:06:36+00:00","breadcrumb":{"@id":"https:\/\/guineediversite.com\/index.php\/2020\/12\/15\/investiture-dalpha-conde-qui-sont-les-chefs-detat-presents-et-qui-sont-les-grands-absents\/#breadcrumb"},"inLanguage":"fr-FR","potentialAction":[{"@type":"ReadAction","target":["https:\/\/guineediversite.com\/index.php\/2020\/12\/15\/investiture-dalpha-conde-qui-sont-les-chefs-detat-presents-et-qui-sont-les-grands-absents\/"]}]},{"@type":"ImageObject","inLanguage":"fr-FR","@id":"https:\/\/guineediversite.com\/index.php\/2020\/12\/15\/investiture-dalpha-conde-qui-sont-les-chefs-detat-presents-et-qui-sont-les-grands-absents\/#primaryimage","url":"https:\/\/guineediversite.com\/wp-content\/uploads\/2020\/12\/a_c.jpeg","contentUrl":"https:\/\/guineediversite.com\/wp-content\/uploads\/2020\/12\/a_c.jpeg","width":1080,"height":720,"caption":"Alpha Cond\u00e9"},{"@type":"BreadcrumbList","@id":"https:\/\/guineediversite.com\/index.php\/2020\/12\/15\/investiture-dalpha-conde-qui-sont-les-chefs-detat-presents-et-qui-sont-les-grands-absents\/#breadcrumb","itemListElement":[{"@type":"ListItem","position":1,"name":"Accueil","item":"https:\/\/guineediversite.com\/"},{"@type":"ListItem","position":2,"name":"Investiture d&rsquo;Alpha Cond\u00e9: qui sont les chefs d&rsquo;Etat pr\u00e9sents et qui sont les grands absents?"}]},{"@type":"WebSite","@id":"https:\/\/guineediversite.com\/#website","url":"https:\/\/guineediversite.com\/","name":"Guin\u00e9e Diversit\u00e9","description":"L&#039;Info dans toute sa diversit\u00e9","publisher":{"@id":"https:\/\/guineediversite.com\/#organization"},"potentialAction":[{"@type":"SearchAction","target":{"@type":"EntryPoint","urlTemplate":"https:\/\/guineediversite.com\/?s={search_term_string}"},"query-input":{"@type":"PropertyValueSpecification","valueRequired":true,"valueName":"search_term_string"}}],"inLanguage":"fr-FR"},{"@type":"Organization","@id":"https:\/\/guineediversite.com\/#organization","name":"Guin\u00e9e Diversit\u00e9","url":"https:\/\/guineediversite.com\/","logo":{"@type":"ImageObject","inLanguage":"fr-FR","@id":"https:\/\/guineediversite.com\/#\/schema\/logo\/image\/","url":"https:\/\/guineediversite.com\/wp-content\/uploads\/2017\/04\/cropped-1jojlxEOMkX9Wyqfhe43D6kjPOGqBBKmx3EwWJqZ0cMrFF54yM49.png","contentUrl":"https:\/\/guineediversite.com\/wp-content\/uploads\/2017\/04\/cropped-1jojlxEOMkX9Wyqfhe43D6kjPOGqBBKmx3EwWJqZ0cMrFF54yM49.png","width":186,"height":112,"caption":"Guin\u00e9e Diversit\u00e9"},"image":{"@id":"https:\/\/guineediversite.com\/#\/schema\/logo\/image\/"},"sameAs":["https:\/\/www.facebook.com\/guineediversite\/","https:\/\/x.com\/GuineeDiversite","https:\/\/www.youtube.com\/channel\/UC8sUY16qelG5ge6_D5SB83g"]},{"@type":"Person","@id":"https:\/\/guineediversite.com\/#\/schema\/person\/fa362494c47202ce4b3adf55abcc9d01","name":"Morcire Camara","image":{"@type":"ImageObject","inLanguage":"fr-FR","@id":"https:\/\/guineediversite.com\/#\/schema\/person\/image\/","url":"https:\/\/secure.gravatar.com\/avatar\/3ec324f02295bbcebe03d99b39330ab4?s=96&d=mm&r=g","contentUrl":"https:\/\/secure.gravatar.com\/avatar\/3ec324f02295bbcebe03d99b39330ab4?s=96&d=mm&r=g","caption":"Morcire Camara"},"url":"https:\/\/guineediversite.com\/index.php\/author\/morcire\/"}]}},"_links":{"self":[{"href":"https:\/\/guineediversite.com\/index.php\/wp-json\/wp\/v2\/posts\/30581"}],"collection":[{"href":"https:\/\/guineediversite.com\/index.php\/wp-json\/wp\/v2\/posts"}],"about":[{"href":"https:\/\/guineediversite.com\/index.php\/wp-json\/wp\/v2\/types\/post"}],"author":[{"embeddable":true,"href":"https:\/\/guineediversite.com\/index.php\/wp-json\/wp\/v2\/users\/10"}],"replies":[{"embeddable":true,"href":"https:\/\/guineediversite.com\/index.php\/wp-json\/wp\/v2\/comments?post=30581"}],"version-history":[{"count":1,"href":"https:\/\/guineediversite.com\/index.php\/wp-json\/wp\/v2\/posts\/30581\/revisions"}],"predecessor-version":[{"id":30583,"href":"https:\/\/guineediversite.com\/index.php\/wp-json\/wp\/v2\/posts\/30581\/revisions\/30583"}],"wp:featuredmedia":[{"embeddable":true,"href":"https:\/\/guineediversite.com\/index.php\/wp-json\/wp\/v2\/media\/30582"}],"wp:attachment":[{"href":"https:\/\/guineediversite.com\/index.php\/wp-json\/wp\/v2\/media?parent=30581"}],"wp:term":[{"taxonomy":"category","embeddable":true,"href":"https:\/\/guineediversite.com\/index.php\/wp-json\/wp\/v2\/categories?post=30581"},{"taxonomy":"post_tag","embeddable":true,"href":"https:\/\/guineediversite.com\/index.php\/wp-json\/wp\/v2\/tags?post=30581"}],"curies":[{"name":"wp","href":"https:\/\/api.w.org\/{rel}","templated":true}]}}