{"id":30528,"date":"2020-11-07T17:14:00","date_gmt":"2020-11-07T16:14:00","guid":{"rendered":"https:\/\/guineediversite.com\/?p=30528"},"modified":"2020-11-07T17:29:02","modified_gmt":"2020-11-07T16:29:02","slug":"guinee-la-cour-constitutionnelle-valide-la-reelection-dalpha-conde","status":"publish","type":"post","link":"https:\/\/guineediversite.com\/index.php\/2020\/11\/07\/guinee-la-cour-constitutionnelle-valide-la-reelection-dalpha-conde\/","title":{"rendered":"Guin\u00e9e\u00a0: La Cour constitutionnelle valide la r\u00e9\u00e9lection d\u2019Alpha Cond\u00e9"},"content":{"rendered":"<p><strong>Alpha Cond\u00e9 a \u00e9t\u00e9 d\u00e9finitivement proclam\u00e9, ce samedi 7 novembre, pr\u00e9sident de la Guin\u00e9e pour un troisi\u00e8me mandat cons\u00e9cutif \u00e0 l&rsquo;\u00e2ge de 82 ans.<\/strong><\/p>\n<p>Cette r\u00e9\u00e9lection d&rsquo;Alpha Cond\u00e9 intervient apr\u00e8s plusieurs mois de contestation qui aura co\u00fbt\u00e9 la vie \u00e0 une vingtaine de civils. Son principal opposant, Cellou Dalein Diallo appelle quant \u00e0 lui ses partisans \u00e0 d\u00e9fendre sa \u00ab <em>victoire\u00a0\u00bb\u00a0<\/em>apr\u00e8s que son domicile ait\u00a0\u00e9t\u00e9 bloqu\u00e9 par les forces de s\u00e9curit\u00e9.<\/p>\n<p>La Cour constitutionnelle a rejet\u00e9 les recours du principal opposant d&rsquo;Alpha Cond\u00e9, Cellou Dalein Diallo, et de trois autres des 12 candidats \u00e0 la pr\u00e9sidentielle du 18 octobre dernier. Elle a valid\u00e9 les r\u00e9sultats proclam\u00e9s par la Commission \u00e9lectorale nationale (C\u00e9ni), qui d\u00e9cerne la victoire \u00e0 Alpha\u00a0Cond\u00e9 d\u00e8s le premier tour.<\/p>\n<p>La Cour juge les recours \u00ab\u00a0<em>mal fond\u00e9s \u00bb<\/em>, d\u00e9clare \u00ab<em>r\u00e9gulier\u00bb<\/em> le scrutin et affirme que Alpha Cond\u00e9 \u00ab <em>a recueilli 2.438.815 voix, soit 59,50%, sup\u00e9rieurs \u00e0 la majorit\u00e9 absolue\u00bb<\/em>,\u00a0a annonc\u00e9 son pr\u00e9sident Mohamed Lamine Bangoura en audience solennelle.<\/p>\n<p>Elle \u00ab<em>d\u00e9clare en cons\u00e9quence que M. Alpha Cond\u00e9 est \u00e9lu au premier tour de l&rsquo;\u00e9lection pr\u00e9sidentielle du 18 octobre pr\u00e9sident de la R\u00e9publique de Guin\u00e9e\u00bb<\/em>, a-t-il ajout\u00e9.<\/p>\n<p>Diallo a obtenu 33,5% des suffrages, selon les chiffres officiels.<\/p>\n<p>La d\u00e9cision de la Cour constitutionnelle est sans appel et Alpha Cond\u00e9 va pouvoir commencer un nouvel exercice de six ans, \u00e9ventuellement renouvelable une fois.<\/p>\n<p>La candidature de Alpha\u00a0Cond\u00e9 \u00e0 sa propre succession a donn\u00e9 lieu \u00e0 des mois de manifestations et de violences qui ont caus\u00e9 la mort d\u2019une vingtaine de\u00a0personnes, dans la quasi totalit\u00e9 des civils.<\/p>\n<p><strong>Avec AFP<\/strong><\/p>\n","protected":false},"excerpt":{"rendered":"<p>Alpha Cond\u00e9 a \u00e9t\u00e9 d\u00e9finitivement proclam\u00e9, ce samedi 7 novembre, pr\u00e9sident de la Guin\u00e9e pour un troisi\u00e8me mandat cons\u00e9cutif \u00e0 l&rsquo;\u00e2ge de 82 ans. Cette r\u00e9\u00e9lection d&rsquo;Alpha Cond\u00e9 intervient apr\u00e8s plusieurs mois de contestation qui aura co\u00fbt\u00e9 la vie \u00e0 une vingtaine de civils. Son principal opposant, Cellou Dalein Diallo appelle quant \u00e0 lui ses [&hellip;]<\/p>\n","protected":false},"author":12,"featured_media":30529,"comment_status":"closed","ping_status":"open","sticky":false,"template":"","format":"standard","meta":{"_exactmetrics_skip_tracking":false,"_exactmetrics_sitenote_active":false,"_exactmetrics_sitenote_note":"","_exactmetrics_sitenote_category":0,"tdm_status":"","tdm_grid_status":"","footnotes":""},"categories":[254,14],"tags":[],"class_list":{"0":"post-30528","1":"post","2":"type-post","3":"status-publish","4":"format-standard","5":"has-post-thumbnail","7":"category-derniere-minute","8":"category-politique"},"yoast_head":"<!-- This site is optimized with the Yoast SEO plugin v24.2 - https:\/\/yoast.com\/wordpress\/plugins\/seo\/ -->\n<title>Guin\u00e9e\u00a0: La Cour constitutionnelle valide la r\u00e9\u00e9lection d\u2019Alpha Cond\u00e9 | Guin\u00e9e Diversit\u00e9<\/title>\n<meta name=\"robots\" content=\"index, follow, max-snippet:-1, max-image-preview:large, max-video-preview:-1\" \/>\n<link rel=\"canonical\" href=\"https:\/\/guineediversite.com\/index.php\/2020\/11\/07\/guinee-la-cour-constitutionnelle-valide-la-reelection-dalpha-conde\/\" \/>\n<meta property=\"og:locale\" content=\"fr_FR\" \/>\n<meta property=\"og:type\" content=\"article\" \/>\n<meta property=\"og:title\" content=\"Guin\u00e9e\u00a0: La Cour constitutionnelle valide la r\u00e9\u00e9lection d\u2019Alpha Cond\u00e9 | Guin\u00e9e Diversit\u00e9\" \/>\n<meta property=\"og:description\" content=\"Alpha Cond\u00e9 a \u00e9t\u00e9 d\u00e9finitivement proclam\u00e9, ce samedi 7 novembre, pr\u00e9sident de la Guin\u00e9e pour un troisi\u00e8me mandat cons\u00e9cutif \u00e0 l&rsquo;\u00e2ge de 82 ans. Cette r\u00e9\u00e9lection d&rsquo;Alpha Cond\u00e9 intervient apr\u00e8s plusieurs mois de contestation qui aura co\u00fbt\u00e9 la vie \u00e0 une vingtaine de civils. Son principal opposant, Cellou Dalein Diallo appelle quant \u00e0 lui ses [&hellip;]\" \/>\n<meta property=\"og:url\" content=\"https:\/\/guineediversite.com\/index.php\/2020\/11\/07\/guinee-la-cour-constitutionnelle-valide-la-reelection-dalpha-conde\/\" \/>\n<meta property=\"og:site_name\" content=\"Guin\u00e9e Diversit\u00e9\" \/>\n<meta property=\"article:publisher\" content=\"https:\/\/www.facebook.com\/guineediversite\/\" \/>\n<meta property=\"article:published_time\" content=\"2020-11-07T16:14:00+00:00\" \/>\n<meta property=\"article:modified_time\" content=\"2020-11-07T16:29:02+00:00\" \/>\n<meta property=\"og:image\" content=\"https:\/\/guineediversite.com\/wp-content\/uploads\/2020\/11\/alpha_c.jpg\" \/>\n\t<meta property=\"og:image:width\" content=\"1300\" \/>\n\t<meta property=\"og:image:height\" content=\"699\" \/>\n\t<meta property=\"og:image:type\" content=\"image\/jpeg\" \/>\n<meta name=\"author\" content=\"Guin\u00e9e Diversit\u00e9\" \/>\n<meta name=\"twitter:card\" content=\"summary_large_image\" \/>\n<meta name=\"twitter:creator\" content=\"@GuineeDiversite\" \/>\n<meta name=\"twitter:site\" content=\"@GuineeDiversite\" \/>\n<meta name=\"twitter:label1\" content=\"\u00c9crit par\" \/>\n\t<meta name=\"twitter:data1\" content=\"Guin\u00e9e Diversit\u00e9\" \/>\n\t<meta name=\"twitter:label2\" content=\"Dur\u00e9e de lecture estim\u00e9e\" \/>\n\t<meta name=\"twitter:data2\" content=\"1 minute\" \/>\n<script type=\"application\/ld+json\" class=\"yoast-schema-graph\">{\"@context\":\"https:\/\/schema.org\",\"@graph\":[{\"@type\":\"Article\",\"@id\":\"https:\/\/guineediversite.com\/index.php\/2020\/11\/07\/guinee-la-cour-constitutionnelle-valide-la-reelection-dalpha-conde\/#article\",\"isPartOf\":{\"@id\":\"https:\/\/guineediversite.com\/index.php\/2020\/11\/07\/guinee-la-cour-constitutionnelle-valide-la-reelection-dalpha-conde\/\"},\"author\":{\"name\":\"Guin\u00e9e Diversit\u00e9\",\"@id\":\"https:\/\/guineediversite.com\/#\/schema\/person\/afa08fb34e7fc6e1feafc892612bc836\"},\"headline\":\"Guin\u00e9e\u00a0: La Cour constitutionnelle valide la r\u00e9\u00e9lection d\u2019Alpha Cond\u00e9\",\"datePublished\":\"2020-11-07T16:14:00+00:00\",\"dateModified\":\"2020-11-07T16:29:02+00:00\",\"mainEntityOfPage\":{\"@id\":\"https:\/\/guineediversite.com\/index.php\/2020\/11\/07\/guinee-la-cour-constitutionnelle-valide-la-reelection-dalpha-conde\/\"},\"wordCount\":289,\"publisher\":{\"@id\":\"https:\/\/guineediversite.com\/#organization\"},\"image\":{\"@id\":\"https:\/\/guineediversite.com\/index.php\/2020\/11\/07\/guinee-la-cour-constitutionnelle-valide-la-reelection-dalpha-conde\/#primaryimage\"},\"thumbnailUrl\":\"https:\/\/guineediversite.com\/wp-content\/uploads\/2020\/11\/alpha_c.jpg\",\"articleSection\":[\"Derni\u00e8re minute\",\"Politique\"],\"inLanguage\":\"fr-FR\"},{\"@type\":\"WebPage\",\"@id\":\"https:\/\/guineediversite.com\/index.php\/2020\/11\/07\/guinee-la-cour-constitutionnelle-valide-la-reelection-dalpha-conde\/\",\"url\":\"https:\/\/guineediversite.com\/index.php\/2020\/11\/07\/guinee-la-cour-constitutionnelle-valide-la-reelection-dalpha-conde\/\",\"name\":\"Guin\u00e9e\u00a0: La Cour constitutionnelle valide la r\u00e9\u00e9lection d\u2019Alpha Cond\u00e9 | Guin\u00e9e Diversit\u00e9\",\"isPartOf\":{\"@id\":\"https:\/\/guineediversite.com\/#website\"},\"primaryImageOfPage\":{\"@id\":\"https:\/\/guineediversite.com\/index.php\/2020\/11\/07\/guinee-la-cour-constitutionnelle-valide-la-reelection-dalpha-conde\/#primaryimage\"},\"image\":{\"@id\":\"https:\/\/guineediversite.com\/index.php\/2020\/11\/07\/guinee-la-cour-constitutionnelle-valide-la-reelection-dalpha-conde\/#primaryimage\"},\"thumbnailUrl\":\"https:\/\/guineediversite.com\/wp-content\/uploads\/2020\/11\/alpha_c.jpg\",\"datePublished\":\"2020-11-07T16:14:00+00:00\",\"dateModified\":\"2020-11-07T16:29:02+00:00\",\"breadcrumb\":{\"@id\":\"https:\/\/guineediversite.com\/index.php\/2020\/11\/07\/guinee-la-cour-constitutionnelle-valide-la-reelection-dalpha-conde\/#breadcrumb\"},\"inLanguage\":\"fr-FR\",\"potentialAction\":[{\"@type\":\"ReadAction\",\"target\":[\"https:\/\/guineediversite.com\/index.php\/2020\/11\/07\/guinee-la-cour-constitutionnelle-valide-la-reelection-dalpha-conde\/\"]}]},{\"@type\":\"ImageObject\",\"inLanguage\":\"fr-FR\",\"@id\":\"https:\/\/guineediversite.com\/index.php\/2020\/11\/07\/guinee-la-cour-constitutionnelle-valide-la-reelection-dalpha-conde\/#primaryimage\",\"url\":\"https:\/\/guineediversite.com\/wp-content\/uploads\/2020\/11\/alpha_c.jpg\",\"contentUrl\":\"https:\/\/guineediversite.com\/wp-content\/uploads\/2020\/11\/alpha_c.jpg\",\"width\":1300,\"height\":699},{\"@type\":\"BreadcrumbList\",\"@id\":\"https:\/\/guineediversite.com\/index.php\/2020\/11\/07\/guinee-la-cour-constitutionnelle-valide-la-reelection-dalpha-conde\/#breadcrumb\",\"itemListElement\":[{\"@type\":\"ListItem\",\"position\":1,\"name\":\"Accueil\",\"item\":\"https:\/\/guineediversite.com\/\"},{\"@type\":\"ListItem\",\"position\":2,\"name\":\"Guin\u00e9e\u00a0: La Cour constitutionnelle valide la r\u00e9\u00e9lection d\u2019Alpha Cond\u00e9\"}]},{\"@type\":\"WebSite\",\"@id\":\"https:\/\/guineediversite.com\/#website\",\"url\":\"https:\/\/guineediversite.com\/\",\"name\":\"Guin\u00e9e Diversit\u00e9\",\"description\":\"L&#039;Info dans toute sa diversit\u00e9\",\"publisher\":{\"@id\":\"https:\/\/guineediversite.com\/#organization\"},\"potentialAction\":[{\"@type\":\"SearchAction\",\"target\":{\"@type\":\"EntryPoint\",\"urlTemplate\":\"https:\/\/guineediversite.com\/?s={search_term_string}\"},\"query-input\":{\"@type\":\"PropertyValueSpecification\",\"valueRequired\":true,\"valueName\":\"search_term_string\"}}],\"inLanguage\":\"fr-FR\"},{\"@type\":\"Organization\",\"@id\":\"https:\/\/guineediversite.com\/#organization\",\"name\":\"Guin\u00e9e Diversit\u00e9\",\"url\":\"https:\/\/guineediversite.com\/\",\"logo\":{\"@type\":\"ImageObject\",\"inLanguage\":\"fr-FR\",\"@id\":\"https:\/\/guineediversite.com\/#\/schema\/logo\/image\/\",\"url\":\"https:\/\/guineediversite.com\/wp-content\/uploads\/2017\/04\/cropped-1jojlxEOMkX9Wyqfhe43D6kjPOGqBBKmx3EwWJqZ0cMrFF54yM49.png\",\"contentUrl\":\"https:\/\/guineediversite.com\/wp-content\/uploads\/2017\/04\/cropped-1jojlxEOMkX9Wyqfhe43D6kjPOGqBBKmx3EwWJqZ0cMrFF54yM49.png\",\"width\":186,\"height\":112,\"caption\":\"Guin\u00e9e Diversit\u00e9\"},\"image\":{\"@id\":\"https:\/\/guineediversite.com\/#\/schema\/logo\/image\/\"},\"sameAs\":[\"https:\/\/www.facebook.com\/guineediversite\/\",\"https:\/\/x.com\/GuineeDiversite\",\"https:\/\/www.youtube.com\/channel\/UC8sUY16qelG5ge6_D5SB83g\"]},{\"@type\":\"Person\",\"@id\":\"https:\/\/guineediversite.com\/#\/schema\/person\/afa08fb34e7fc6e1feafc892612bc836\",\"name\":\"Guin\u00e9e Diversit\u00e9\",\"image\":{\"@type\":\"ImageObject\",\"inLanguage\":\"fr-FR\",\"@id\":\"https:\/\/guineediversite.com\/#\/schema\/person\/image\/\",\"url\":\"https:\/\/secure.gravatar.com\/avatar\/50d5eb5b390f8b65ac30ac6f898eb83a?s=96&d=mm&r=g\",\"contentUrl\":\"https:\/\/secure.gravatar.com\/avatar\/50d5eb5b390f8b65ac30ac6f898eb83a?s=96&d=mm&r=g\",\"caption\":\"Guin\u00e9e Diversit\u00e9\"},\"url\":\"https:\/\/guineediversite.com\/index.php\/author\/guineediversite\/\"}]}<\/script>\n<!-- \/ Yoast SEO plugin. -->","yoast_head_json":{"title":"Guin\u00e9e\u00a0: La Cour constitutionnelle valide la r\u00e9\u00e9lection d\u2019Alpha Cond\u00e9 | Guin\u00e9e Diversit\u00e9","robots":{"index":"index","follow":"follow","max-snippet":"max-snippet:-1","max-image-preview":"max-image-preview:large","max-video-preview":"max-video-preview:-1"},"canonical":"https:\/\/guineediversite.com\/index.php\/2020\/11\/07\/guinee-la-cour-constitutionnelle-valide-la-reelection-dalpha-conde\/","og_locale":"fr_FR","og_type":"article","og_title":"Guin\u00e9e\u00a0: La Cour constitutionnelle valide la r\u00e9\u00e9lection d\u2019Alpha Cond\u00e9 | Guin\u00e9e Diversit\u00e9","og_description":"Alpha Cond\u00e9 a \u00e9t\u00e9 d\u00e9finitivement proclam\u00e9, ce samedi 7 novembre, pr\u00e9sident de la Guin\u00e9e pour un troisi\u00e8me mandat cons\u00e9cutif \u00e0 l&rsquo;\u00e2ge de 82 ans. Cette r\u00e9\u00e9lection d&rsquo;Alpha Cond\u00e9 intervient apr\u00e8s plusieurs mois de contestation qui aura co\u00fbt\u00e9 la vie \u00e0 une vingtaine de civils. Son principal opposant, Cellou Dalein Diallo appelle quant \u00e0 lui ses [&hellip;]","og_url":"https:\/\/guineediversite.com\/index.php\/2020\/11\/07\/guinee-la-cour-constitutionnelle-valide-la-reelection-dalpha-conde\/","og_site_name":"Guin\u00e9e Diversit\u00e9","article_publisher":"https:\/\/www.facebook.com\/guineediversite\/","article_published_time":"2020-11-07T16:14:00+00:00","article_modified_time":"2020-11-07T16:29:02+00:00","og_image":[{"width":1300,"height":699,"url":"https:\/\/guineediversite.com\/wp-content\/uploads\/2020\/11\/alpha_c.jpg","type":"image\/jpeg"}],"author":"Guin\u00e9e Diversit\u00e9","twitter_card":"summary_large_image","twitter_creator":"@GuineeDiversite","twitter_site":"@GuineeDiversite","twitter_misc":{"\u00c9crit par":"Guin\u00e9e Diversit\u00e9","Dur\u00e9e de lecture estim\u00e9e":"1 minute"},"schema":{"@context":"https:\/\/schema.org","@graph":[{"@type":"Article","@id":"https:\/\/guineediversite.com\/index.php\/2020\/11\/07\/guinee-la-cour-constitutionnelle-valide-la-reelection-dalpha-conde\/#article","isPartOf":{"@id":"https:\/\/guineediversite.com\/index.php\/2020\/11\/07\/guinee-la-cour-constitutionnelle-valide-la-reelection-dalpha-conde\/"},"author":{"name":"Guin\u00e9e Diversit\u00e9","@id":"https:\/\/guineediversite.com\/#\/schema\/person\/afa08fb34e7fc6e1feafc892612bc836"},"headline":"Guin\u00e9e\u00a0: La Cour constitutionnelle valide la r\u00e9\u00e9lection d\u2019Alpha Cond\u00e9","datePublished":"2020-11-07T16:14:00+00:00","dateModified":"2020-11-07T16:29:02+00:00","mainEntityOfPage":{"@id":"https:\/\/guineediversite.com\/index.php\/2020\/11\/07\/guinee-la-cour-constitutionnelle-valide-la-reelection-dalpha-conde\/"},"wordCount":289,"publisher":{"@id":"https:\/\/guineediversite.com\/#organization"},"image":{"@id":"https:\/\/guineediversite.com\/index.php\/2020\/11\/07\/guinee-la-cour-constitutionnelle-valide-la-reelection-dalpha-conde\/#primaryimage"},"thumbnailUrl":"https:\/\/guineediversite.com\/wp-content\/uploads\/2020\/11\/alpha_c.jpg","articleSection":["Derni\u00e8re minute","Politique"],"inLanguage":"fr-FR"},{"@type":"WebPage","@id":"https:\/\/guineediversite.com\/index.php\/2020\/11\/07\/guinee-la-cour-constitutionnelle-valide-la-reelection-dalpha-conde\/","url":"https:\/\/guineediversite.com\/index.php\/2020\/11\/07\/guinee-la-cour-constitutionnelle-valide-la-reelection-dalpha-conde\/","name":"Guin\u00e9e\u00a0: La Cour constitutionnelle valide la r\u00e9\u00e9lection d\u2019Alpha Cond\u00e9 | Guin\u00e9e Diversit\u00e9","isPartOf":{"@id":"https:\/\/guineediversite.com\/#website"},"primaryImageOfPage":{"@id":"https:\/\/guineediversite.com\/index.php\/2020\/11\/07\/guinee-la-cour-constitutionnelle-valide-la-reelection-dalpha-conde\/#primaryimage"},"image":{"@id":"https:\/\/guineediversite.com\/index.php\/2020\/11\/07\/guinee-la-cour-constitutionnelle-valide-la-reelection-dalpha-conde\/#primaryimage"},"thumbnailUrl":"https:\/\/guineediversite.com\/wp-content\/uploads\/2020\/11\/alpha_c.jpg","datePublished":"2020-11-07T16:14:00+00:00","dateModified":"2020-11-07T16:29:02+00:00","breadcrumb":{"@id":"https:\/\/guineediversite.com\/index.php\/2020\/11\/07\/guinee-la-cour-constitutionnelle-valide-la-reelection-dalpha-conde\/#breadcrumb"},"inLanguage":"fr-FR","potentialAction":[{"@type":"ReadAction","target":["https:\/\/guineediversite.com\/index.php\/2020\/11\/07\/guinee-la-cour-constitutionnelle-valide-la-reelection-dalpha-conde\/"]}]},{"@type":"ImageObject","inLanguage":"fr-FR","@id":"https:\/\/guineediversite.com\/index.php\/2020\/11\/07\/guinee-la-cour-constitutionnelle-valide-la-reelection-dalpha-conde\/#primaryimage","url":"https:\/\/guineediversite.com\/wp-content\/uploads\/2020\/11\/alpha_c.jpg","contentUrl":"https:\/\/guineediversite.com\/wp-content\/uploads\/2020\/11\/alpha_c.jpg","width":1300,"height":699},{"@type":"BreadcrumbList","@id":"https:\/\/guineediversite.com\/index.php\/2020\/11\/07\/guinee-la-cour-constitutionnelle-valide-la-reelection-dalpha-conde\/#breadcrumb","itemListElement":[{"@type":"ListItem","position":1,"name":"Accueil","item":"https:\/\/guineediversite.com\/"},{"@type":"ListItem","position":2,"name":"Guin\u00e9e\u00a0: La Cour constitutionnelle valide la r\u00e9\u00e9lection d\u2019Alpha Cond\u00e9"}]},{"@type":"WebSite","@id":"https:\/\/guineediversite.com\/#website","url":"https:\/\/guineediversite.com\/","name":"Guin\u00e9e Diversit\u00e9","description":"L&#039;Info dans toute sa diversit\u00e9","publisher":{"@id":"https:\/\/guineediversite.com\/#organization"},"potentialAction":[{"@type":"SearchAction","target":{"@type":"EntryPoint","urlTemplate":"https:\/\/guineediversite.com\/?s={search_term_string}"},"query-input":{"@type":"PropertyValueSpecification","valueRequired":true,"valueName":"search_term_string"}}],"inLanguage":"fr-FR"},{"@type":"Organization","@id":"https:\/\/guineediversite.com\/#organization","name":"Guin\u00e9e Diversit\u00e9","url":"https:\/\/guineediversite.com\/","logo":{"@type":"ImageObject","inLanguage":"fr-FR","@id":"https:\/\/guineediversite.com\/#\/schema\/logo\/image\/","url":"https:\/\/guineediversite.com\/wp-content\/uploads\/2017\/04\/cropped-1jojlxEOMkX9Wyqfhe43D6kjPOGqBBKmx3EwWJqZ0cMrFF54yM49.png","contentUrl":"https:\/\/guineediversite.com\/wp-content\/uploads\/2017\/04\/cropped-1jojlxEOMkX9Wyqfhe43D6kjPOGqBBKmx3EwWJqZ0cMrFF54yM49.png","width":186,"height":112,"caption":"Guin\u00e9e Diversit\u00e9"},"image":{"@id":"https:\/\/guineediversite.com\/#\/schema\/logo\/image\/"},"sameAs":["https:\/\/www.facebook.com\/guineediversite\/","https:\/\/x.com\/GuineeDiversite","https:\/\/www.youtube.com\/channel\/UC8sUY16qelG5ge6_D5SB83g"]},{"@type":"Person","@id":"https:\/\/guineediversite.com\/#\/schema\/person\/afa08fb34e7fc6e1feafc892612bc836","name":"Guin\u00e9e Diversit\u00e9","image":{"@type":"ImageObject","inLanguage":"fr-FR","@id":"https:\/\/guineediversite.com\/#\/schema\/person\/image\/","url":"https:\/\/secure.gravatar.com\/avatar\/50d5eb5b390f8b65ac30ac6f898eb83a?s=96&d=mm&r=g","contentUrl":"https:\/\/secure.gravatar.com\/avatar\/50d5eb5b390f8b65ac30ac6f898eb83a?s=96&d=mm&r=g","caption":"Guin\u00e9e Diversit\u00e9"},"url":"https:\/\/guineediversite.com\/index.php\/author\/guineediversite\/"}]}},"_links":{"self":[{"href":"https:\/\/guineediversite.com\/index.php\/wp-json\/wp\/v2\/posts\/30528"}],"collection":[{"href":"https:\/\/guineediversite.com\/index.php\/wp-json\/wp\/v2\/posts"}],"about":[{"href":"https:\/\/guineediversite.com\/index.php\/wp-json\/wp\/v2\/types\/post"}],"author":[{"embeddable":true,"href":"https:\/\/guineediversite.com\/index.php\/wp-json\/wp\/v2\/users\/12"}],"replies":[{"embeddable":true,"href":"https:\/\/guineediversite.com\/index.php\/wp-json\/wp\/v2\/comments?post=30528"}],"version-history":[{"count":3,"href":"https:\/\/guineediversite.com\/index.php\/wp-json\/wp\/v2\/posts\/30528\/revisions"}],"predecessor-version":[{"id":30535,"href":"https:\/\/guineediversite.com\/index.php\/wp-json\/wp\/v2\/posts\/30528\/revisions\/30535"}],"wp:featuredmedia":[{"embeddable":true,"href":"https:\/\/guineediversite.com\/index.php\/wp-json\/wp\/v2\/media\/30529"}],"wp:attachment":[{"href":"https:\/\/guineediversite.com\/index.php\/wp-json\/wp\/v2\/media?parent=30528"}],"wp:term":[{"taxonomy":"category","embeddable":true,"href":"https:\/\/guineediversite.com\/index.php\/wp-json\/wp\/v2\/categories?post=30528"},{"taxonomy":"post_tag","embeddable":true,"href":"https:\/\/guineediversite.com\/index.php\/wp-json\/wp\/v2\/tags?post=30528"}],"curies":[{"name":"wp","href":"https:\/\/api.w.org\/{rel}","templated":true}]}}