{"id":30521,"date":"2020-09-08T17:52:01","date_gmt":"2020-09-08T15:52:01","guid":{"rendered":"https:\/\/guineediversite.com\/?p=30521"},"modified":"2020-09-08T17:52:01","modified_gmt":"2020-09-08T15:52:01","slug":"mali-la-cedeao-demande-la-designation-dun-president-civil-dici-le-15-septembre","status":"publish","type":"post","link":"https:\/\/guineediversite.com\/index.php\/2020\/09\/08\/mali-la-cedeao-demande-la-designation-dun-president-civil-dici-le-15-septembre\/","title":{"rendered":"Mali: la C\u00e9d\u00e9ao demande la d\u00e9signation d\u2019un pr\u00e9sident civil d\u2019ici le 15 septembre"},"content":{"rendered":"<p><strong>\u00c0\u00a0Niamey, au Niger, les \u00c9tats de l&rsquo;Afrique de l&rsquo;Ouest (C\u00e9d\u00e9ao) \u00e9taient \u00e0 nouveau au chevet du Mali, ce 7 septembre. La C\u00e9d\u00e9ao maintient les sanctions \u00e9conomiques contre Bamako et contre le Comit\u00e9 national pour le salut du peuple (CNSP), les militaires qui ont pris le pouvoir apr\u00e8s avoir renvers\u00e9 le pr\u00e9sident Ibrahim Boubacar Ke\u00efta. La conf\u00e9rence, pr\u00e9sid\u00e9e par le chef de l&rsquo;\u00c9tat nig\u00e9rien, Mahamadou Issoufou, s&rsquo;est termin\u00e9e en fin de journ\u00e9e. La C\u00e9d\u00e9ao demande \u00e0 la junte un pr\u00e9sident civil au Mali d&rsquo;ici\u00a0le 15 septembre.<\/strong><\/p>\n<p>C\u2019est un v\u00e9ritable ultimatum que les chefs d\u2019\u00c9tat de la C\u00e9d\u00e9ao (Communaut\u00e9 \u00e9conomique des\u00a0\u00c9tats de l&rsquo;Afrique de l&rsquo;Ouest)\u00a0<a href=\"https:\/\/www.rfi.fr\/fr\/afrique\/20200907-cedeao-reunion-situation-mali\"><strong>ont lanc\u00e9 aux nouvelles autorit\u00e9s maliennes de Bamako, ce 7\u00a0septembre.<\/strong><\/a>\u00a0\u00ab\u00a0<em>Le temps des coups d\u2019\u00c9tat dans l\u2019espace de la C\u00e9d\u00e9ao est r\u00e9volu<\/em>\u00a0\u00bb, dit-on ici \u00e0 Niamey.\u00a0Le pr\u00e9sident en exercice de la C\u00e9d\u00e9ao, le Nig\u00e9rien Mahamadou Issoufou, a une nouvelle fois appel\u00e9 \u00e0 \u00ab\u00a0<em>un r\u00e9tablissement rapide de toutes les institutions d\u00e9mocratiques<\/em>\u00a0\u00bb.<\/p>\n<p>\u00c0 l&rsquo;unanimit\u00e9 des chefs d\u2019\u00c9tat, toutes les sanctions prises \u00e0 l\u2019encontre de la junte sont maintenues et \u2013 coup de massue \u2013 la C\u00e9d\u00e9ao donne un ultimatum d\u2019une semaine \u00e0 la junte militaire pour d\u00e9signer le pr\u00e9sident de la transition ainsi que son Premier ministre, tous des civils. Ainsi, le nouvel homme fort de Bamako a jusqu\u2019au 15\u00a0septembre 2020 pour r\u00e9pondre favorablement aux exigences de la C\u00e9d\u00e9ao.<\/p>\n<p><strong>Un an pour la transition<\/strong><\/p>\n<p>La C\u00e9d\u00e9ao maintient \u00e9galement le d\u00e9lai d&rsquo;un an pour la transition. Selon le ministre nig\u00e9rien des Affaires \u00e9trang\u00e8res, Kalla Ankourao, au-del\u00e0 de cette date, plusieurs institutions internationales risquent de quitter le Mali, condamnant ainsi le peuple malien. \u00c0 propos des rencontres inter-maliennes initi\u00e9es par la junte militaire, les chefs d\u2019\u00c9tat de la C\u00e9d\u00e9ao disent \u00ab\u00a0<em>prendre acte<\/em>\u00a0\u00bb.<\/p>\n<p>De son c\u00f4t\u00e9, l\u2019envoy\u00e9 sp\u00e9cial des Nations unies, Ibn Chambas, a d\u00e9clar\u00e9 que l&rsquo;ONU soutenait les efforts de la C\u00e9d\u00e9ao pour la stabilit\u00e9 institutionnelle du Mali et que la Minusma, la force onusienne, apporte son soutien au m\u00e9diateur dans la crise malienne, Goodluck Jonathan. Le temps presse donc d\u00e9sormais pour la junte au pouvoir \u00e0 Bamako. Parviendra-t-elle \u00e0 respecter cet ultimatum adress\u00e9 par la C\u00e9d\u00e9ao ? R\u00e9ponse possible en fin de semaine \u00e0 l\u2019issue de la concertation que les militaires viennent de lancer. Cette concertation, \u00e9largie aux partis et \u00e0 la soci\u00e9t\u00e9 civile, doit en effet reprendre ses travaux ce jeudi pour trois jours.<\/p>\n<p><strong>RFI<\/strong><\/p>\n<p>&nbsp;<\/p>\n","protected":false},"excerpt":{"rendered":"<p>\u00c0\u00a0Niamey, au Niger, les \u00c9tats de l&rsquo;Afrique de l&rsquo;Ouest (C\u00e9d\u00e9ao) \u00e9taient \u00e0 nouveau au chevet du Mali, ce 7 septembre. La C\u00e9d\u00e9ao maintient les sanctions \u00e9conomiques contre Bamako et contre le Comit\u00e9 national pour le salut du peuple (CNSP), les militaires qui ont pris le pouvoir apr\u00e8s avoir renvers\u00e9 le pr\u00e9sident Ibrahim Boubacar Ke\u00efta. La [&hellip;]<\/p>\n","protected":false},"author":12,"featured_media":30522,"comment_status":"closed","ping_status":"open","sticky":false,"template":"","format":"standard","meta":{"_exactmetrics_skip_tracking":false,"_exactmetrics_sitenote_active":false,"_exactmetrics_sitenote_note":"","_exactmetrics_sitenote_category":0,"tdm_status":"","tdm_grid_status":"","footnotes":""},"categories":[21],"tags":[],"class_list":{"0":"post-30521","1":"post","2":"type-post","3":"status-publish","4":"format-standard","5":"has-post-thumbnail","7":"category-international"},"yoast_head":"<!-- This site is optimized with the Yoast SEO plugin v24.2 - https:\/\/yoast.com\/wordpress\/plugins\/seo\/ -->\n<title>Mali: la C\u00e9d\u00e9ao demande la d\u00e9signation d\u2019un pr\u00e9sident civil d\u2019ici le 15 septembre | Guin\u00e9e Diversit\u00e9<\/title>\n<meta name=\"robots\" content=\"index, follow, max-snippet:-1, max-image-preview:large, max-video-preview:-1\" \/>\n<link rel=\"canonical\" href=\"https:\/\/guineediversite.com\/index.php\/2020\/09\/08\/mali-la-cedeao-demande-la-designation-dun-president-civil-dici-le-15-septembre\/\" \/>\n<meta property=\"og:locale\" content=\"fr_FR\" \/>\n<meta property=\"og:type\" content=\"article\" \/>\n<meta property=\"og:title\" content=\"Mali: la C\u00e9d\u00e9ao demande la d\u00e9signation d\u2019un pr\u00e9sident civil d\u2019ici le 15 septembre | Guin\u00e9e Diversit\u00e9\" \/>\n<meta property=\"og:description\" content=\"\u00c0\u00a0Niamey, au Niger, les \u00c9tats de l&rsquo;Afrique de l&rsquo;Ouest (C\u00e9d\u00e9ao) \u00e9taient \u00e0 nouveau au chevet du Mali, ce 7 septembre. La C\u00e9d\u00e9ao maintient les sanctions \u00e9conomiques contre Bamako et contre le Comit\u00e9 national pour le salut du peuple (CNSP), les militaires qui ont pris le pouvoir apr\u00e8s avoir renvers\u00e9 le pr\u00e9sident Ibrahim Boubacar Ke\u00efta. La [&hellip;]\" \/>\n<meta property=\"og:url\" content=\"https:\/\/guineediversite.com\/index.php\/2020\/09\/08\/mali-la-cedeao-demande-la-designation-dun-president-civil-dici-le-15-septembre\/\" \/>\n<meta property=\"og:site_name\" content=\"Guin\u00e9e Diversit\u00e9\" \/>\n<meta property=\"article:publisher\" content=\"https:\/\/www.facebook.com\/guineediversite\/\" \/>\n<meta property=\"article:published_time\" content=\"2020-09-08T15:52:01+00:00\" \/>\n<meta property=\"og:image\" content=\"https:\/\/guineediversite.com\/wp-content\/uploads\/2020\/09\/MALI.jpg\" \/>\n\t<meta property=\"og:image:width\" content=\"1500\" \/>\n\t<meta property=\"og:image:height\" content=\"1124\" \/>\n\t<meta property=\"og:image:type\" content=\"image\/jpeg\" \/>\n<meta name=\"author\" content=\"Guin\u00e9e Diversit\u00e9\" \/>\n<meta name=\"twitter:card\" content=\"summary_large_image\" \/>\n<meta name=\"twitter:creator\" content=\"@GuineeDiversite\" \/>\n<meta name=\"twitter:site\" content=\"@GuineeDiversite\" \/>\n<meta name=\"twitter:label1\" content=\"\u00c9crit par\" \/>\n\t<meta name=\"twitter:data1\" content=\"Guin\u00e9e Diversit\u00e9\" \/>\n\t<meta name=\"twitter:label2\" content=\"Dur\u00e9e de lecture estim\u00e9e\" \/>\n\t<meta name=\"twitter:data2\" content=\"2 minutes\" \/>\n<script type=\"application\/ld+json\" class=\"yoast-schema-graph\">{\"@context\":\"https:\/\/schema.org\",\"@graph\":[{\"@type\":\"Article\",\"@id\":\"https:\/\/guineediversite.com\/index.php\/2020\/09\/08\/mali-la-cedeao-demande-la-designation-dun-president-civil-dici-le-15-septembre\/#article\",\"isPartOf\":{\"@id\":\"https:\/\/guineediversite.com\/index.php\/2020\/09\/08\/mali-la-cedeao-demande-la-designation-dun-president-civil-dici-le-15-septembre\/\"},\"author\":{\"name\":\"Guin\u00e9e Diversit\u00e9\",\"@id\":\"https:\/\/guineediversite.com\/#\/schema\/person\/afa08fb34e7fc6e1feafc892612bc836\"},\"headline\":\"Mali: la C\u00e9d\u00e9ao demande la d\u00e9signation d\u2019un pr\u00e9sident civil d\u2019ici le 15 septembre\",\"datePublished\":\"2020-09-08T15:52:01+00:00\",\"dateModified\":\"2020-09-08T15:52:01+00:00\",\"mainEntityOfPage\":{\"@id\":\"https:\/\/guineediversite.com\/index.php\/2020\/09\/08\/mali-la-cedeao-demande-la-designation-dun-president-civil-dici-le-15-septembre\/\"},\"wordCount\":466,\"publisher\":{\"@id\":\"https:\/\/guineediversite.com\/#organization\"},\"image\":{\"@id\":\"https:\/\/guineediversite.com\/index.php\/2020\/09\/08\/mali-la-cedeao-demande-la-designation-dun-president-civil-dici-le-15-septembre\/#primaryimage\"},\"thumbnailUrl\":\"https:\/\/guineediversite.com\/wp-content\/uploads\/2020\/09\/MALI.jpg\",\"articleSection\":[\"International\"],\"inLanguage\":\"fr-FR\"},{\"@type\":\"WebPage\",\"@id\":\"https:\/\/guineediversite.com\/index.php\/2020\/09\/08\/mali-la-cedeao-demande-la-designation-dun-president-civil-dici-le-15-septembre\/\",\"url\":\"https:\/\/guineediversite.com\/index.php\/2020\/09\/08\/mali-la-cedeao-demande-la-designation-dun-president-civil-dici-le-15-septembre\/\",\"name\":\"Mali: la C\u00e9d\u00e9ao demande la d\u00e9signation d\u2019un pr\u00e9sident civil d\u2019ici le 15 septembre | Guin\u00e9e Diversit\u00e9\",\"isPartOf\":{\"@id\":\"https:\/\/guineediversite.com\/#website\"},\"primaryImageOfPage\":{\"@id\":\"https:\/\/guineediversite.com\/index.php\/2020\/09\/08\/mali-la-cedeao-demande-la-designation-dun-president-civil-dici-le-15-septembre\/#primaryimage\"},\"image\":{\"@id\":\"https:\/\/guineediversite.com\/index.php\/2020\/09\/08\/mali-la-cedeao-demande-la-designation-dun-president-civil-dici-le-15-septembre\/#primaryimage\"},\"thumbnailUrl\":\"https:\/\/guineediversite.com\/wp-content\/uploads\/2020\/09\/MALI.jpg\",\"datePublished\":\"2020-09-08T15:52:01+00:00\",\"dateModified\":\"2020-09-08T15:52:01+00:00\",\"breadcrumb\":{\"@id\":\"https:\/\/guineediversite.com\/index.php\/2020\/09\/08\/mali-la-cedeao-demande-la-designation-dun-president-civil-dici-le-15-septembre\/#breadcrumb\"},\"inLanguage\":\"fr-FR\",\"potentialAction\":[{\"@type\":\"ReadAction\",\"target\":[\"https:\/\/guineediversite.com\/index.php\/2020\/09\/08\/mali-la-cedeao-demande-la-designation-dun-president-civil-dici-le-15-septembre\/\"]}]},{\"@type\":\"ImageObject\",\"inLanguage\":\"fr-FR\",\"@id\":\"https:\/\/guineediversite.com\/index.php\/2020\/09\/08\/mali-la-cedeao-demande-la-designation-dun-president-civil-dici-le-15-septembre\/#primaryimage\",\"url\":\"https:\/\/guineediversite.com\/wp-content\/uploads\/2020\/09\/MALI.jpg\",\"contentUrl\":\"https:\/\/guineediversite.com\/wp-content\/uploads\/2020\/09\/MALI.jpg\",\"width\":1500,\"height\":1124},{\"@type\":\"BreadcrumbList\",\"@id\":\"https:\/\/guineediversite.com\/index.php\/2020\/09\/08\/mali-la-cedeao-demande-la-designation-dun-president-civil-dici-le-15-septembre\/#breadcrumb\",\"itemListElement\":[{\"@type\":\"ListItem\",\"position\":1,\"name\":\"Accueil\",\"item\":\"https:\/\/guineediversite.com\/\"},{\"@type\":\"ListItem\",\"position\":2,\"name\":\"Mali: la C\u00e9d\u00e9ao demande la d\u00e9signation d\u2019un pr\u00e9sident civil d\u2019ici le 15 septembre\"}]},{\"@type\":\"WebSite\",\"@id\":\"https:\/\/guineediversite.com\/#website\",\"url\":\"https:\/\/guineediversite.com\/\",\"name\":\"Guin\u00e9e Diversit\u00e9\",\"description\":\"L&#039;Info dans toute sa diversit\u00e9\",\"publisher\":{\"@id\":\"https:\/\/guineediversite.com\/#organization\"},\"potentialAction\":[{\"@type\":\"SearchAction\",\"target\":{\"@type\":\"EntryPoint\",\"urlTemplate\":\"https:\/\/guineediversite.com\/?s={search_term_string}\"},\"query-input\":{\"@type\":\"PropertyValueSpecification\",\"valueRequired\":true,\"valueName\":\"search_term_string\"}}],\"inLanguage\":\"fr-FR\"},{\"@type\":\"Organization\",\"@id\":\"https:\/\/guineediversite.com\/#organization\",\"name\":\"Guin\u00e9e Diversit\u00e9\",\"url\":\"https:\/\/guineediversite.com\/\",\"logo\":{\"@type\":\"ImageObject\",\"inLanguage\":\"fr-FR\",\"@id\":\"https:\/\/guineediversite.com\/#\/schema\/logo\/image\/\",\"url\":\"https:\/\/guineediversite.com\/wp-content\/uploads\/2017\/04\/cropped-1jojlxEOMkX9Wyqfhe43D6kjPOGqBBKmx3EwWJqZ0cMrFF54yM49.png\",\"contentUrl\":\"https:\/\/guineediversite.com\/wp-content\/uploads\/2017\/04\/cropped-1jojlxEOMkX9Wyqfhe43D6kjPOGqBBKmx3EwWJqZ0cMrFF54yM49.png\",\"width\":186,\"height\":112,\"caption\":\"Guin\u00e9e Diversit\u00e9\"},\"image\":{\"@id\":\"https:\/\/guineediversite.com\/#\/schema\/logo\/image\/\"},\"sameAs\":[\"https:\/\/www.facebook.com\/guineediversite\/\",\"https:\/\/x.com\/GuineeDiversite\",\"https:\/\/www.youtube.com\/channel\/UC8sUY16qelG5ge6_D5SB83g\"]},{\"@type\":\"Person\",\"@id\":\"https:\/\/guineediversite.com\/#\/schema\/person\/afa08fb34e7fc6e1feafc892612bc836\",\"name\":\"Guin\u00e9e Diversit\u00e9\",\"image\":{\"@type\":\"ImageObject\",\"inLanguage\":\"fr-FR\",\"@id\":\"https:\/\/guineediversite.com\/#\/schema\/person\/image\/\",\"url\":\"https:\/\/secure.gravatar.com\/avatar\/50d5eb5b390f8b65ac30ac6f898eb83a?s=96&d=mm&r=g\",\"contentUrl\":\"https:\/\/secure.gravatar.com\/avatar\/50d5eb5b390f8b65ac30ac6f898eb83a?s=96&d=mm&r=g\",\"caption\":\"Guin\u00e9e Diversit\u00e9\"},\"url\":\"https:\/\/guineediversite.com\/index.php\/author\/guineediversite\/\"}]}<\/script>\n<!-- \/ Yoast SEO plugin. -->","yoast_head_json":{"title":"Mali: la C\u00e9d\u00e9ao demande la d\u00e9signation d\u2019un pr\u00e9sident civil d\u2019ici le 15 septembre | Guin\u00e9e Diversit\u00e9","robots":{"index":"index","follow":"follow","max-snippet":"max-snippet:-1","max-image-preview":"max-image-preview:large","max-video-preview":"max-video-preview:-1"},"canonical":"https:\/\/guineediversite.com\/index.php\/2020\/09\/08\/mali-la-cedeao-demande-la-designation-dun-president-civil-dici-le-15-septembre\/","og_locale":"fr_FR","og_type":"article","og_title":"Mali: la C\u00e9d\u00e9ao demande la d\u00e9signation d\u2019un pr\u00e9sident civil d\u2019ici le 15 septembre | Guin\u00e9e Diversit\u00e9","og_description":"\u00c0\u00a0Niamey, au Niger, les \u00c9tats de l&rsquo;Afrique de l&rsquo;Ouest (C\u00e9d\u00e9ao) \u00e9taient \u00e0 nouveau au chevet du Mali, ce 7 septembre. La C\u00e9d\u00e9ao maintient les sanctions \u00e9conomiques contre Bamako et contre le Comit\u00e9 national pour le salut du peuple (CNSP), les militaires qui ont pris le pouvoir apr\u00e8s avoir renvers\u00e9 le pr\u00e9sident Ibrahim Boubacar Ke\u00efta. La [&hellip;]","og_url":"https:\/\/guineediversite.com\/index.php\/2020\/09\/08\/mali-la-cedeao-demande-la-designation-dun-president-civil-dici-le-15-septembre\/","og_site_name":"Guin\u00e9e Diversit\u00e9","article_publisher":"https:\/\/www.facebook.com\/guineediversite\/","article_published_time":"2020-09-08T15:52:01+00:00","og_image":[{"width":1500,"height":1124,"url":"https:\/\/guineediversite.com\/wp-content\/uploads\/2020\/09\/MALI.jpg","type":"image\/jpeg"}],"author":"Guin\u00e9e Diversit\u00e9","twitter_card":"summary_large_image","twitter_creator":"@GuineeDiversite","twitter_site":"@GuineeDiversite","twitter_misc":{"\u00c9crit par":"Guin\u00e9e Diversit\u00e9","Dur\u00e9e de lecture estim\u00e9e":"2 minutes"},"schema":{"@context":"https:\/\/schema.org","@graph":[{"@type":"Article","@id":"https:\/\/guineediversite.com\/index.php\/2020\/09\/08\/mali-la-cedeao-demande-la-designation-dun-president-civil-dici-le-15-septembre\/#article","isPartOf":{"@id":"https:\/\/guineediversite.com\/index.php\/2020\/09\/08\/mali-la-cedeao-demande-la-designation-dun-president-civil-dici-le-15-septembre\/"},"author":{"name":"Guin\u00e9e Diversit\u00e9","@id":"https:\/\/guineediversite.com\/#\/schema\/person\/afa08fb34e7fc6e1feafc892612bc836"},"headline":"Mali: la C\u00e9d\u00e9ao demande la d\u00e9signation d\u2019un pr\u00e9sident civil d\u2019ici le 15 septembre","datePublished":"2020-09-08T15:52:01+00:00","dateModified":"2020-09-08T15:52:01+00:00","mainEntityOfPage":{"@id":"https:\/\/guineediversite.com\/index.php\/2020\/09\/08\/mali-la-cedeao-demande-la-designation-dun-president-civil-dici-le-15-septembre\/"},"wordCount":466,"publisher":{"@id":"https:\/\/guineediversite.com\/#organization"},"image":{"@id":"https:\/\/guineediversite.com\/index.php\/2020\/09\/08\/mali-la-cedeao-demande-la-designation-dun-president-civil-dici-le-15-septembre\/#primaryimage"},"thumbnailUrl":"https:\/\/guineediversite.com\/wp-content\/uploads\/2020\/09\/MALI.jpg","articleSection":["International"],"inLanguage":"fr-FR"},{"@type":"WebPage","@id":"https:\/\/guineediversite.com\/index.php\/2020\/09\/08\/mali-la-cedeao-demande-la-designation-dun-president-civil-dici-le-15-septembre\/","url":"https:\/\/guineediversite.com\/index.php\/2020\/09\/08\/mali-la-cedeao-demande-la-designation-dun-president-civil-dici-le-15-septembre\/","name":"Mali: la C\u00e9d\u00e9ao demande la d\u00e9signation d\u2019un pr\u00e9sident civil d\u2019ici le 15 septembre | Guin\u00e9e Diversit\u00e9","isPartOf":{"@id":"https:\/\/guineediversite.com\/#website"},"primaryImageOfPage":{"@id":"https:\/\/guineediversite.com\/index.php\/2020\/09\/08\/mali-la-cedeao-demande-la-designation-dun-president-civil-dici-le-15-septembre\/#primaryimage"},"image":{"@id":"https:\/\/guineediversite.com\/index.php\/2020\/09\/08\/mali-la-cedeao-demande-la-designation-dun-president-civil-dici-le-15-septembre\/#primaryimage"},"thumbnailUrl":"https:\/\/guineediversite.com\/wp-content\/uploads\/2020\/09\/MALI.jpg","datePublished":"2020-09-08T15:52:01+00:00","dateModified":"2020-09-08T15:52:01+00:00","breadcrumb":{"@id":"https:\/\/guineediversite.com\/index.php\/2020\/09\/08\/mali-la-cedeao-demande-la-designation-dun-president-civil-dici-le-15-septembre\/#breadcrumb"},"inLanguage":"fr-FR","potentialAction":[{"@type":"ReadAction","target":["https:\/\/guineediversite.com\/index.php\/2020\/09\/08\/mali-la-cedeao-demande-la-designation-dun-president-civil-dici-le-15-septembre\/"]}]},{"@type":"ImageObject","inLanguage":"fr-FR","@id":"https:\/\/guineediversite.com\/index.php\/2020\/09\/08\/mali-la-cedeao-demande-la-designation-dun-president-civil-dici-le-15-septembre\/#primaryimage","url":"https:\/\/guineediversite.com\/wp-content\/uploads\/2020\/09\/MALI.jpg","contentUrl":"https:\/\/guineediversite.com\/wp-content\/uploads\/2020\/09\/MALI.jpg","width":1500,"height":1124},{"@type":"BreadcrumbList","@id":"https:\/\/guineediversite.com\/index.php\/2020\/09\/08\/mali-la-cedeao-demande-la-designation-dun-president-civil-dici-le-15-septembre\/#breadcrumb","itemListElement":[{"@type":"ListItem","position":1,"name":"Accueil","item":"https:\/\/guineediversite.com\/"},{"@type":"ListItem","position":2,"name":"Mali: la C\u00e9d\u00e9ao demande la d\u00e9signation d\u2019un pr\u00e9sident civil d\u2019ici le 15 septembre"}]},{"@type":"WebSite","@id":"https:\/\/guineediversite.com\/#website","url":"https:\/\/guineediversite.com\/","name":"Guin\u00e9e Diversit\u00e9","description":"L&#039;Info dans toute sa diversit\u00e9","publisher":{"@id":"https:\/\/guineediversite.com\/#organization"},"potentialAction":[{"@type":"SearchAction","target":{"@type":"EntryPoint","urlTemplate":"https:\/\/guineediversite.com\/?s={search_term_string}"},"query-input":{"@type":"PropertyValueSpecification","valueRequired":true,"valueName":"search_term_string"}}],"inLanguage":"fr-FR"},{"@type":"Organization","@id":"https:\/\/guineediversite.com\/#organization","name":"Guin\u00e9e Diversit\u00e9","url":"https:\/\/guineediversite.com\/","logo":{"@type":"ImageObject","inLanguage":"fr-FR","@id":"https:\/\/guineediversite.com\/#\/schema\/logo\/image\/","url":"https:\/\/guineediversite.com\/wp-content\/uploads\/2017\/04\/cropped-1jojlxEOMkX9Wyqfhe43D6kjPOGqBBKmx3EwWJqZ0cMrFF54yM49.png","contentUrl":"https:\/\/guineediversite.com\/wp-content\/uploads\/2017\/04\/cropped-1jojlxEOMkX9Wyqfhe43D6kjPOGqBBKmx3EwWJqZ0cMrFF54yM49.png","width":186,"height":112,"caption":"Guin\u00e9e Diversit\u00e9"},"image":{"@id":"https:\/\/guineediversite.com\/#\/schema\/logo\/image\/"},"sameAs":["https:\/\/www.facebook.com\/guineediversite\/","https:\/\/x.com\/GuineeDiversite","https:\/\/www.youtube.com\/channel\/UC8sUY16qelG5ge6_D5SB83g"]},{"@type":"Person","@id":"https:\/\/guineediversite.com\/#\/schema\/person\/afa08fb34e7fc6e1feafc892612bc836","name":"Guin\u00e9e Diversit\u00e9","image":{"@type":"ImageObject","inLanguage":"fr-FR","@id":"https:\/\/guineediversite.com\/#\/schema\/person\/image\/","url":"https:\/\/secure.gravatar.com\/avatar\/50d5eb5b390f8b65ac30ac6f898eb83a?s=96&d=mm&r=g","contentUrl":"https:\/\/secure.gravatar.com\/avatar\/50d5eb5b390f8b65ac30ac6f898eb83a?s=96&d=mm&r=g","caption":"Guin\u00e9e Diversit\u00e9"},"url":"https:\/\/guineediversite.com\/index.php\/author\/guineediversite\/"}]}},"_links":{"self":[{"href":"https:\/\/guineediversite.com\/index.php\/wp-json\/wp\/v2\/posts\/30521"}],"collection":[{"href":"https:\/\/guineediversite.com\/index.php\/wp-json\/wp\/v2\/posts"}],"about":[{"href":"https:\/\/guineediversite.com\/index.php\/wp-json\/wp\/v2\/types\/post"}],"author":[{"embeddable":true,"href":"https:\/\/guineediversite.com\/index.php\/wp-json\/wp\/v2\/users\/12"}],"replies":[{"embeddable":true,"href":"https:\/\/guineediversite.com\/index.php\/wp-json\/wp\/v2\/comments?post=30521"}],"version-history":[{"count":1,"href":"https:\/\/guineediversite.com\/index.php\/wp-json\/wp\/v2\/posts\/30521\/revisions"}],"predecessor-version":[{"id":30523,"href":"https:\/\/guineediversite.com\/index.php\/wp-json\/wp\/v2\/posts\/30521\/revisions\/30523"}],"wp:featuredmedia":[{"embeddable":true,"href":"https:\/\/guineediversite.com\/index.php\/wp-json\/wp\/v2\/media\/30522"}],"wp:attachment":[{"href":"https:\/\/guineediversite.com\/index.php\/wp-json\/wp\/v2\/media?parent=30521"}],"wp:term":[{"taxonomy":"category","embeddable":true,"href":"https:\/\/guineediversite.com\/index.php\/wp-json\/wp\/v2\/categories?post=30521"},{"taxonomy":"post_tag","embeddable":true,"href":"https:\/\/guineediversite.com\/index.php\/wp-json\/wp\/v2\/tags?post=30521"}],"curies":[{"name":"wp","href":"https:\/\/api.w.org\/{rel}","templated":true}]}}