{"id":30514,"date":"2020-09-06T15:56:50","date_gmt":"2020-09-06T13:56:50","guid":{"rendered":"https:\/\/guineediversite.com\/?p=30514"},"modified":"2020-12-02T20:37:12","modified_gmt":"2020-12-02T19:37:12","slug":"cellou-dalein-diallo-candidat-a-lelection-presidentielle-du-18-octobre","status":"publish","type":"post","link":"https:\/\/guineediversite.com\/index.php\/2020\/09\/06\/cellou-dalein-diallo-candidat-a-lelection-presidentielle-du-18-octobre\/","title":{"rendered":"Cellou Dalein Diallo candidat \u00e0 l&rsquo;\u00e9lection pr\u00e9sidentielle du 18 octobre"},"content":{"rendered":"<p><strong>C&rsquo;est d\u00e9sormais officiel, l&rsquo;UFDG va se pr\u00e9senter \u00e0 l&rsquo;\u00e9lection pr\u00e9sidentielle du 18 octobre prochain. l&rsquo;un des plus grand parti politique d&rsquo;opposition guin\u00e9enne tient\u00a0 sa convention ce dimanche 06 septembre 2020 pour choisir son futur candidat qui, nous le savons est sans surprise, Cellou Dalein Diallo.\u00a0<\/strong><\/p>\n<p>Alors que le dernier jour de d\u00e9p\u00f4t de candidature est fix\u00e9 au 08 septembre prochain, l&rsquo;UFDG a h\u00e9sit\u00e9 jusqu&rsquo;\u00e0 la derni\u00e8re minute avant de d\u00e9cider de se pr\u00e9senter contre Alpha Cond\u00e9 le pr\u00e9sident sortant qui brique son troisi\u00e8me mandat. Un mandat de trop jug\u00e9 ill\u00e9gitime par l&rsquo;opposition qui intervient\u00a0 apr\u00e8s la modification de la constitution par r\u00e9f\u00e9rendum.<\/p>\n<h3><strong>Partir ou ne pas partir? le choix a \u00e9t\u00e9 difficile pour l&rsquo;UFDG<\/strong><\/h3>\n<p>Membre du Front national pour la d\u00e9fense de la constitution (FNDC), l&rsquo;UFDG et une partie de la soci\u00e9t\u00e9 civile n&rsquo;ont pas pu emp\u00eacher Alpha Cond\u00e9 et son parti \u00e0 organiser une \u00e9lection l\u00e9gislative coupl\u00e9e d&rsquo;un r\u00e9f\u00e9rendum pour modifier la constitution malgr\u00e9 des manifestions qui se sont sold\u00e9es par des cas de morts et emprisonnements.<\/p>\n<p>C&rsquo;est pourquoi, l&rsquo;UFDG ne souhaite pas refaire la m\u00eame erreur, en appliquant la politique de la chaise vide comme elle l&rsquo;avait fait pendant les \u00e9lections coupl\u00e9es l\u00e9gislatives et r\u00e9f\u00e9rendaire.<br \/>\nIl faut dire qu&rsquo;en laissant le champs vide \u00e0 Alpha Cond\u00e9, l&rsquo;UFDG n&rsquo;aura aucune possibilit\u00e9 de r\u00e9clamer une victoire, ou esp\u00e9rer prendre le pouvoir si le parti boycotte l&rsquo;\u00e9lection.<\/p>\n<h3><strong>Affronter Alpha Cond\u00e9 dans les urnes pour la troisi\u00e8me fois:\u00a0<\/strong><\/h3>\n<p>Malgr\u00e9 la menace du FNDC d&rsquo;exclure dans ses rangs tout parti politique qui se pressente \u00e0 cette \u00e9lection, l&rsquo;UFDG \u00e0 choisit de partir affronter Alpha Cond\u00e9 dans les urnes pour une troisi\u00e8me fois.<\/p>\n<p>En allant \u00e0 ses \u00e9lections, Cellou Dalein et son parti esp\u00e8rent un cas \u00e0 la Gambienne o\u00f9 Yaya Djam\u00e9 avait organis\u00e9 des \u00e9lections et les avaient perdu. Ou encore, un cas \u00e0 l&rsquo;ivoirienne entre Laurent Gbagbo et Alassane Ouattara.<br \/>\nCe qui pourrait encourager l&rsquo;UFDG \u00e0 aller \u00e0 ces \u00e9lections est sans doute la frustration qui ne cesse de monter dans la soci\u00e9t\u00e9 guin\u00e9enne notamment dans les bastions du parti au pouvoir en Haute Guin\u00e9e ainsi que l&rsquo;opposition \u00e0 un troisi\u00e8me mandat de plusieurs sages et leaders d&rsquo;opinion Guin\u00e9ens.<\/p>\n<h3><strong>Une erreur politique?<\/strong><\/h3>\n<p>Pour certains observateurs, l&rsquo;UFDG commet une grande erreur politique en allant \u00e0 ces \u00e9lections pr\u00e9sidentielles. D&rsquo;autant plus que l&rsquo;UFR et le PEDEN, des grands parti politiques de l&rsquo;opposition\u00a0 ainsi que le FNDC ont eux d\u00e9cid\u00e9 de ne pas y aller.<\/p>\n<p>Pour cette partie de l&rsquo;opinion nationale, l&rsquo;UFDG va juste l\u00e9gitimer une \u00e9lection ill\u00e9gitime. \u00ab\u00a0C&rsquo;est contraire \u00e0 l&rsquo;\u00e9tique. Combien de personnes ont \u00e9t\u00e9 tu\u00e9es dans les manifestations que l\u2019opposition a organis\u00e9 contre la modification de la constitution? aller donc \u00e0 ces \u00e9lections ces oublier tous ces morts&#8230; \u00a0\u00bb explique un observateur.<\/p>\n<p>Mais pour l&rsquo;UFDG la seule voie l\u00e9gitime qui lui reste pour r\u00e9tablir l&rsquo;Etat de droit, la justice et sauver la d\u00e9mocratie, c&rsquo;est d&rsquo;aller \u00e0 ces \u00e9lections, affronter Alpha Cond\u00e9 dans les urnes malgr\u00e9 que beaucoup de chose dans ce processus \u00e9lectorale joue en sa d\u00e9faveur. C&rsquo;est notamment le cas de fichier \u00e9lectorale taill\u00e9 sur mesure par le parti au pouvoir.<\/p>\n","protected":false},"excerpt":{"rendered":"<p>C&rsquo;est d\u00e9sormais officiel, l&rsquo;UFDG va se pr\u00e9senter \u00e0 l&rsquo;\u00e9lection pr\u00e9sidentielle du 18 octobre prochain. l&rsquo;un des plus grand parti politique d&rsquo;opposition guin\u00e9enne tient\u00a0 sa convention ce dimanche 06 septembre 2020 pour choisir son futur candidat qui, nous le savons est sans surprise, Cellou Dalein Diallo.\u00a0 Alors que le dernier jour de d\u00e9p\u00f4t de candidature est [&hellip;]<\/p>\n","protected":false},"author":6,"featured_media":30515,"comment_status":"closed","ping_status":"open","sticky":false,"template":"","format":"standard","meta":{"_exactmetrics_skip_tracking":false,"_exactmetrics_sitenote_active":false,"_exactmetrics_sitenote_note":"","_exactmetrics_sitenote_category":0,"tdm_status":"","tdm_grid_status":"","footnotes":""},"categories":[14],"tags":[226,399,41,107],"class_list":{"0":"post-30514","1":"post","2":"type-post","3":"status-publish","4":"format-standard","5":"has-post-thumbnail","7":"category-politique","8":"tag-alpha-conde","9":"tag-cellou-dalein-diallo","10":"tag-guinee","11":"tag-ufdg"},"yoast_head":"<!-- This site is optimized with the Yoast SEO plugin v24.2 - https:\/\/yoast.com\/wordpress\/plugins\/seo\/ -->\n<title>Cellou Dalein Diallo candidat \u00e0 l&#039;\u00e9lection pr\u00e9sidentielle du 18 octobre | Guin\u00e9e Diversit\u00e9<\/title>\n<meta name=\"robots\" content=\"index, follow, max-snippet:-1, max-image-preview:large, max-video-preview:-1\" \/>\n<link rel=\"canonical\" href=\"https:\/\/guineediversite.com\/index.php\/2020\/09\/06\/cellou-dalein-diallo-candidat-a-lelection-presidentielle-du-18-octobre\/\" \/>\n<meta property=\"og:locale\" content=\"fr_FR\" \/>\n<meta property=\"og:type\" content=\"article\" \/>\n<meta property=\"og:title\" content=\"Cellou Dalein Diallo candidat \u00e0 l&#039;\u00e9lection pr\u00e9sidentielle du 18 octobre | Guin\u00e9e Diversit\u00e9\" \/>\n<meta property=\"og:description\" content=\"C&rsquo;est d\u00e9sormais officiel, l&rsquo;UFDG va se pr\u00e9senter \u00e0 l&rsquo;\u00e9lection pr\u00e9sidentielle du 18 octobre prochain. l&rsquo;un des plus grand parti politique d&rsquo;opposition guin\u00e9enne tient\u00a0 sa convention ce dimanche 06 septembre 2020 pour choisir son futur candidat qui, nous le savons est sans surprise, Cellou Dalein Diallo.\u00a0 Alors que le dernier jour de d\u00e9p\u00f4t de candidature est [&hellip;]\" \/>\n<meta property=\"og:url\" content=\"https:\/\/guineediversite.com\/index.php\/2020\/09\/06\/cellou-dalein-diallo-candidat-a-lelection-presidentielle-du-18-octobre\/\" \/>\n<meta property=\"og:site_name\" content=\"Guin\u00e9e Diversit\u00e9\" \/>\n<meta property=\"article:publisher\" content=\"https:\/\/www.facebook.com\/guineediversite\/\" \/>\n<meta property=\"article:published_time\" content=\"2020-09-06T13:56:50+00:00\" \/>\n<meta property=\"article:modified_time\" content=\"2020-12-02T19:37:12+00:00\" \/>\n<meta property=\"og:image\" content=\"https:\/\/guineediversite.com\/wp-content\/uploads\/2020\/09\/cellou-dalein-diallo.jpg\" \/>\n\t<meta property=\"og:image:width\" content=\"1200\" \/>\n\t<meta property=\"og:image:height\" content=\"675\" \/>\n\t<meta property=\"og:image:type\" content=\"image\/jpeg\" \/>\n<meta name=\"author\" content=\"TMB\" \/>\n<meta name=\"twitter:card\" content=\"summary_large_image\" \/>\n<meta name=\"twitter:creator\" content=\"@TmoussaBah\" \/>\n<meta name=\"twitter:site\" content=\"@GuineeDiversite\" \/>\n<meta name=\"twitter:label1\" content=\"\u00c9crit par\" \/>\n\t<meta name=\"twitter:data1\" content=\"TMB\" \/>\n\t<meta name=\"twitter:label2\" content=\"Dur\u00e9e de lecture estim\u00e9e\" \/>\n\t<meta name=\"twitter:data2\" content=\"3 minutes\" \/>\n<script type=\"application\/ld+json\" class=\"yoast-schema-graph\">{\"@context\":\"https:\/\/schema.org\",\"@graph\":[{\"@type\":\"Article\",\"@id\":\"https:\/\/guineediversite.com\/index.php\/2020\/09\/06\/cellou-dalein-diallo-candidat-a-lelection-presidentielle-du-18-octobre\/#article\",\"isPartOf\":{\"@id\":\"https:\/\/guineediversite.com\/index.php\/2020\/09\/06\/cellou-dalein-diallo-candidat-a-lelection-presidentielle-du-18-octobre\/\"},\"author\":{\"name\":\"TMB\",\"@id\":\"https:\/\/guineediversite.com\/#\/schema\/person\/93f07b8b19c6b61656d0edeba739b9e2\"},\"headline\":\"Cellou Dalein Diallo candidat \u00e0 l&rsquo;\u00e9lection pr\u00e9sidentielle du 18 octobre\",\"datePublished\":\"2020-09-06T13:56:50+00:00\",\"dateModified\":\"2020-12-02T19:37:12+00:00\",\"mainEntityOfPage\":{\"@id\":\"https:\/\/guineediversite.com\/index.php\/2020\/09\/06\/cellou-dalein-diallo-candidat-a-lelection-presidentielle-du-18-octobre\/\"},\"wordCount\":586,\"publisher\":{\"@id\":\"https:\/\/guineediversite.com\/#organization\"},\"image\":{\"@id\":\"https:\/\/guineediversite.com\/index.php\/2020\/09\/06\/cellou-dalein-diallo-candidat-a-lelection-presidentielle-du-18-octobre\/#primaryimage\"},\"thumbnailUrl\":\"https:\/\/guineediversite.com\/wp-content\/uploads\/2020\/09\/cellou-dalein-diallo.jpg\",\"keywords\":[\"Alpha Cond\u00e9\",\"Cellou Dalein Diallo\",\"Guin\u00e9e\",\"UFDG\"],\"articleSection\":[\"Politique\"],\"inLanguage\":\"fr-FR\"},{\"@type\":\"WebPage\",\"@id\":\"https:\/\/guineediversite.com\/index.php\/2020\/09\/06\/cellou-dalein-diallo-candidat-a-lelection-presidentielle-du-18-octobre\/\",\"url\":\"https:\/\/guineediversite.com\/index.php\/2020\/09\/06\/cellou-dalein-diallo-candidat-a-lelection-presidentielle-du-18-octobre\/\",\"name\":\"Cellou Dalein Diallo candidat \u00e0 l'\u00e9lection pr\u00e9sidentielle du 18 octobre | Guin\u00e9e Diversit\u00e9\",\"isPartOf\":{\"@id\":\"https:\/\/guineediversite.com\/#website\"},\"primaryImageOfPage\":{\"@id\":\"https:\/\/guineediversite.com\/index.php\/2020\/09\/06\/cellou-dalein-diallo-candidat-a-lelection-presidentielle-du-18-octobre\/#primaryimage\"},\"image\":{\"@id\":\"https:\/\/guineediversite.com\/index.php\/2020\/09\/06\/cellou-dalein-diallo-candidat-a-lelection-presidentielle-du-18-octobre\/#primaryimage\"},\"thumbnailUrl\":\"https:\/\/guineediversite.com\/wp-content\/uploads\/2020\/09\/cellou-dalein-diallo.jpg\",\"datePublished\":\"2020-09-06T13:56:50+00:00\",\"dateModified\":\"2020-12-02T19:37:12+00:00\",\"breadcrumb\":{\"@id\":\"https:\/\/guineediversite.com\/index.php\/2020\/09\/06\/cellou-dalein-diallo-candidat-a-lelection-presidentielle-du-18-octobre\/#breadcrumb\"},\"inLanguage\":\"fr-FR\",\"potentialAction\":[{\"@type\":\"ReadAction\",\"target\":[\"https:\/\/guineediversite.com\/index.php\/2020\/09\/06\/cellou-dalein-diallo-candidat-a-lelection-presidentielle-du-18-octobre\/\"]}]},{\"@type\":\"ImageObject\",\"inLanguage\":\"fr-FR\",\"@id\":\"https:\/\/guineediversite.com\/index.php\/2020\/09\/06\/cellou-dalein-diallo-candidat-a-lelection-presidentielle-du-18-octobre\/#primaryimage\",\"url\":\"https:\/\/guineediversite.com\/wp-content\/uploads\/2020\/09\/cellou-dalein-diallo.jpg\",\"contentUrl\":\"https:\/\/guineediversite.com\/wp-content\/uploads\/2020\/09\/cellou-dalein-diallo.jpg\",\"width\":1200,\"height\":675},{\"@type\":\"BreadcrumbList\",\"@id\":\"https:\/\/guineediversite.com\/index.php\/2020\/09\/06\/cellou-dalein-diallo-candidat-a-lelection-presidentielle-du-18-octobre\/#breadcrumb\",\"itemListElement\":[{\"@type\":\"ListItem\",\"position\":1,\"name\":\"Accueil\",\"item\":\"https:\/\/guineediversite.com\/\"},{\"@type\":\"ListItem\",\"position\":2,\"name\":\"Cellou Dalein Diallo candidat \u00e0 l&rsquo;\u00e9lection pr\u00e9sidentielle du 18 octobre\"}]},{\"@type\":\"WebSite\",\"@id\":\"https:\/\/guineediversite.com\/#website\",\"url\":\"https:\/\/guineediversite.com\/\",\"name\":\"Guin\u00e9e Diversit\u00e9\",\"description\":\"L&#039;Info dans toute sa diversit\u00e9\",\"publisher\":{\"@id\":\"https:\/\/guineediversite.com\/#organization\"},\"potentialAction\":[{\"@type\":\"SearchAction\",\"target\":{\"@type\":\"EntryPoint\",\"urlTemplate\":\"https:\/\/guineediversite.com\/?s={search_term_string}\"},\"query-input\":{\"@type\":\"PropertyValueSpecification\",\"valueRequired\":true,\"valueName\":\"search_term_string\"}}],\"inLanguage\":\"fr-FR\"},{\"@type\":\"Organization\",\"@id\":\"https:\/\/guineediversite.com\/#organization\",\"name\":\"Guin\u00e9e Diversit\u00e9\",\"url\":\"https:\/\/guineediversite.com\/\",\"logo\":{\"@type\":\"ImageObject\",\"inLanguage\":\"fr-FR\",\"@id\":\"https:\/\/guineediversite.com\/#\/schema\/logo\/image\/\",\"url\":\"https:\/\/guineediversite.com\/wp-content\/uploads\/2017\/04\/cropped-1jojlxEOMkX9Wyqfhe43D6kjPOGqBBKmx3EwWJqZ0cMrFF54yM49.png\",\"contentUrl\":\"https:\/\/guineediversite.com\/wp-content\/uploads\/2017\/04\/cropped-1jojlxEOMkX9Wyqfhe43D6kjPOGqBBKmx3EwWJqZ0cMrFF54yM49.png\",\"width\":186,\"height\":112,\"caption\":\"Guin\u00e9e Diversit\u00e9\"},\"image\":{\"@id\":\"https:\/\/guineediversite.com\/#\/schema\/logo\/image\/\"},\"sameAs\":[\"https:\/\/www.facebook.com\/guineediversite\/\",\"https:\/\/x.com\/GuineeDiversite\",\"https:\/\/www.youtube.com\/channel\/UC8sUY16qelG5ge6_D5SB83g\"]},{\"@type\":\"Person\",\"@id\":\"https:\/\/guineediversite.com\/#\/schema\/person\/93f07b8b19c6b61656d0edeba739b9e2\",\"name\":\"TMB\",\"image\":{\"@type\":\"ImageObject\",\"inLanguage\":\"fr-FR\",\"@id\":\"https:\/\/guineediversite.com\/#\/schema\/person\/image\/\",\"url\":\"https:\/\/secure.gravatar.com\/avatar\/2bbb03bec976020eaf4dfa0af0a5259f?s=96&d=mm&r=g\",\"contentUrl\":\"https:\/\/secure.gravatar.com\/avatar\/2bbb03bec976020eaf4dfa0af0a5259f?s=96&d=mm&r=g\",\"caption\":\"TMB\"},\"sameAs\":[\"https:\/\/x.com\/TmoussaBah\"],\"url\":\"https:\/\/guineediversite.com\/index.php\/author\/thierno\/\"}]}<\/script>\n<!-- \/ Yoast SEO plugin. -->","yoast_head_json":{"title":"Cellou Dalein Diallo candidat \u00e0 l'\u00e9lection pr\u00e9sidentielle du 18 octobre | Guin\u00e9e Diversit\u00e9","robots":{"index":"index","follow":"follow","max-snippet":"max-snippet:-1","max-image-preview":"max-image-preview:large","max-video-preview":"max-video-preview:-1"},"canonical":"https:\/\/guineediversite.com\/index.php\/2020\/09\/06\/cellou-dalein-diallo-candidat-a-lelection-presidentielle-du-18-octobre\/","og_locale":"fr_FR","og_type":"article","og_title":"Cellou Dalein Diallo candidat \u00e0 l'\u00e9lection pr\u00e9sidentielle du 18 octobre | Guin\u00e9e Diversit\u00e9","og_description":"C&rsquo;est d\u00e9sormais officiel, l&rsquo;UFDG va se pr\u00e9senter \u00e0 l&rsquo;\u00e9lection pr\u00e9sidentielle du 18 octobre prochain. l&rsquo;un des plus grand parti politique d&rsquo;opposition guin\u00e9enne tient\u00a0 sa convention ce dimanche 06 septembre 2020 pour choisir son futur candidat qui, nous le savons est sans surprise, Cellou Dalein Diallo.\u00a0 Alors que le dernier jour de d\u00e9p\u00f4t de candidature est [&hellip;]","og_url":"https:\/\/guineediversite.com\/index.php\/2020\/09\/06\/cellou-dalein-diallo-candidat-a-lelection-presidentielle-du-18-octobre\/","og_site_name":"Guin\u00e9e Diversit\u00e9","article_publisher":"https:\/\/www.facebook.com\/guineediversite\/","article_published_time":"2020-09-06T13:56:50+00:00","article_modified_time":"2020-12-02T19:37:12+00:00","og_image":[{"width":1200,"height":675,"url":"https:\/\/guineediversite.com\/wp-content\/uploads\/2020\/09\/cellou-dalein-diallo.jpg","type":"image\/jpeg"}],"author":"TMB","twitter_card":"summary_large_image","twitter_creator":"@TmoussaBah","twitter_site":"@GuineeDiversite","twitter_misc":{"\u00c9crit par":"TMB","Dur\u00e9e de lecture estim\u00e9e":"3 minutes"},"schema":{"@context":"https:\/\/schema.org","@graph":[{"@type":"Article","@id":"https:\/\/guineediversite.com\/index.php\/2020\/09\/06\/cellou-dalein-diallo-candidat-a-lelection-presidentielle-du-18-octobre\/#article","isPartOf":{"@id":"https:\/\/guineediversite.com\/index.php\/2020\/09\/06\/cellou-dalein-diallo-candidat-a-lelection-presidentielle-du-18-octobre\/"},"author":{"name":"TMB","@id":"https:\/\/guineediversite.com\/#\/schema\/person\/93f07b8b19c6b61656d0edeba739b9e2"},"headline":"Cellou Dalein Diallo candidat \u00e0 l&rsquo;\u00e9lection pr\u00e9sidentielle du 18 octobre","datePublished":"2020-09-06T13:56:50+00:00","dateModified":"2020-12-02T19:37:12+00:00","mainEntityOfPage":{"@id":"https:\/\/guineediversite.com\/index.php\/2020\/09\/06\/cellou-dalein-diallo-candidat-a-lelection-presidentielle-du-18-octobre\/"},"wordCount":586,"publisher":{"@id":"https:\/\/guineediversite.com\/#organization"},"image":{"@id":"https:\/\/guineediversite.com\/index.php\/2020\/09\/06\/cellou-dalein-diallo-candidat-a-lelection-presidentielle-du-18-octobre\/#primaryimage"},"thumbnailUrl":"https:\/\/guineediversite.com\/wp-content\/uploads\/2020\/09\/cellou-dalein-diallo.jpg","keywords":["Alpha Cond\u00e9","Cellou Dalein Diallo","Guin\u00e9e","UFDG"],"articleSection":["Politique"],"inLanguage":"fr-FR"},{"@type":"WebPage","@id":"https:\/\/guineediversite.com\/index.php\/2020\/09\/06\/cellou-dalein-diallo-candidat-a-lelection-presidentielle-du-18-octobre\/","url":"https:\/\/guineediversite.com\/index.php\/2020\/09\/06\/cellou-dalein-diallo-candidat-a-lelection-presidentielle-du-18-octobre\/","name":"Cellou Dalein Diallo candidat \u00e0 l'\u00e9lection pr\u00e9sidentielle du 18 octobre | Guin\u00e9e Diversit\u00e9","isPartOf":{"@id":"https:\/\/guineediversite.com\/#website"},"primaryImageOfPage":{"@id":"https:\/\/guineediversite.com\/index.php\/2020\/09\/06\/cellou-dalein-diallo-candidat-a-lelection-presidentielle-du-18-octobre\/#primaryimage"},"image":{"@id":"https:\/\/guineediversite.com\/index.php\/2020\/09\/06\/cellou-dalein-diallo-candidat-a-lelection-presidentielle-du-18-octobre\/#primaryimage"},"thumbnailUrl":"https:\/\/guineediversite.com\/wp-content\/uploads\/2020\/09\/cellou-dalein-diallo.jpg","datePublished":"2020-09-06T13:56:50+00:00","dateModified":"2020-12-02T19:37:12+00:00","breadcrumb":{"@id":"https:\/\/guineediversite.com\/index.php\/2020\/09\/06\/cellou-dalein-diallo-candidat-a-lelection-presidentielle-du-18-octobre\/#breadcrumb"},"inLanguage":"fr-FR","potentialAction":[{"@type":"ReadAction","target":["https:\/\/guineediversite.com\/index.php\/2020\/09\/06\/cellou-dalein-diallo-candidat-a-lelection-presidentielle-du-18-octobre\/"]}]},{"@type":"ImageObject","inLanguage":"fr-FR","@id":"https:\/\/guineediversite.com\/index.php\/2020\/09\/06\/cellou-dalein-diallo-candidat-a-lelection-presidentielle-du-18-octobre\/#primaryimage","url":"https:\/\/guineediversite.com\/wp-content\/uploads\/2020\/09\/cellou-dalein-diallo.jpg","contentUrl":"https:\/\/guineediversite.com\/wp-content\/uploads\/2020\/09\/cellou-dalein-diallo.jpg","width":1200,"height":675},{"@type":"BreadcrumbList","@id":"https:\/\/guineediversite.com\/index.php\/2020\/09\/06\/cellou-dalein-diallo-candidat-a-lelection-presidentielle-du-18-octobre\/#breadcrumb","itemListElement":[{"@type":"ListItem","position":1,"name":"Accueil","item":"https:\/\/guineediversite.com\/"},{"@type":"ListItem","position":2,"name":"Cellou Dalein Diallo candidat \u00e0 l&rsquo;\u00e9lection pr\u00e9sidentielle du 18 octobre"}]},{"@type":"WebSite","@id":"https:\/\/guineediversite.com\/#website","url":"https:\/\/guineediversite.com\/","name":"Guin\u00e9e Diversit\u00e9","description":"L&#039;Info dans toute sa diversit\u00e9","publisher":{"@id":"https:\/\/guineediversite.com\/#organization"},"potentialAction":[{"@type":"SearchAction","target":{"@type":"EntryPoint","urlTemplate":"https:\/\/guineediversite.com\/?s={search_term_string}"},"query-input":{"@type":"PropertyValueSpecification","valueRequired":true,"valueName":"search_term_string"}}],"inLanguage":"fr-FR"},{"@type":"Organization","@id":"https:\/\/guineediversite.com\/#organization","name":"Guin\u00e9e Diversit\u00e9","url":"https:\/\/guineediversite.com\/","logo":{"@type":"ImageObject","inLanguage":"fr-FR","@id":"https:\/\/guineediversite.com\/#\/schema\/logo\/image\/","url":"https:\/\/guineediversite.com\/wp-content\/uploads\/2017\/04\/cropped-1jojlxEOMkX9Wyqfhe43D6kjPOGqBBKmx3EwWJqZ0cMrFF54yM49.png","contentUrl":"https:\/\/guineediversite.com\/wp-content\/uploads\/2017\/04\/cropped-1jojlxEOMkX9Wyqfhe43D6kjPOGqBBKmx3EwWJqZ0cMrFF54yM49.png","width":186,"height":112,"caption":"Guin\u00e9e Diversit\u00e9"},"image":{"@id":"https:\/\/guineediversite.com\/#\/schema\/logo\/image\/"},"sameAs":["https:\/\/www.facebook.com\/guineediversite\/","https:\/\/x.com\/GuineeDiversite","https:\/\/www.youtube.com\/channel\/UC8sUY16qelG5ge6_D5SB83g"]},{"@type":"Person","@id":"https:\/\/guineediversite.com\/#\/schema\/person\/93f07b8b19c6b61656d0edeba739b9e2","name":"TMB","image":{"@type":"ImageObject","inLanguage":"fr-FR","@id":"https:\/\/guineediversite.com\/#\/schema\/person\/image\/","url":"https:\/\/secure.gravatar.com\/avatar\/2bbb03bec976020eaf4dfa0af0a5259f?s=96&d=mm&r=g","contentUrl":"https:\/\/secure.gravatar.com\/avatar\/2bbb03bec976020eaf4dfa0af0a5259f?s=96&d=mm&r=g","caption":"TMB"},"sameAs":["https:\/\/x.com\/TmoussaBah"],"url":"https:\/\/guineediversite.com\/index.php\/author\/thierno\/"}]}},"_links":{"self":[{"href":"https:\/\/guineediversite.com\/index.php\/wp-json\/wp\/v2\/posts\/30514"}],"collection":[{"href":"https:\/\/guineediversite.com\/index.php\/wp-json\/wp\/v2\/posts"}],"about":[{"href":"https:\/\/guineediversite.com\/index.php\/wp-json\/wp\/v2\/types\/post"}],"author":[{"embeddable":true,"href":"https:\/\/guineediversite.com\/index.php\/wp-json\/wp\/v2\/users\/6"}],"replies":[{"embeddable":true,"href":"https:\/\/guineediversite.com\/index.php\/wp-json\/wp\/v2\/comments?post=30514"}],"version-history":[{"count":1,"href":"https:\/\/guineediversite.com\/index.php\/wp-json\/wp\/v2\/posts\/30514\/revisions"}],"predecessor-version":[{"id":30516,"href":"https:\/\/guineediversite.com\/index.php\/wp-json\/wp\/v2\/posts\/30514\/revisions\/30516"}],"wp:featuredmedia":[{"embeddable":true,"href":"https:\/\/guineediversite.com\/index.php\/wp-json\/wp\/v2\/media\/30515"}],"wp:attachment":[{"href":"https:\/\/guineediversite.com\/index.php\/wp-json\/wp\/v2\/media?parent=30514"}],"wp:term":[{"taxonomy":"category","embeddable":true,"href":"https:\/\/guineediversite.com\/index.php\/wp-json\/wp\/v2\/categories?post=30514"},{"taxonomy":"post_tag","embeddable":true,"href":"https:\/\/guineediversite.com\/index.php\/wp-json\/wp\/v2\/tags?post=30514"}],"curies":[{"name":"wp","href":"https:\/\/api.w.org\/{rel}","templated":true}]}}