{"id":30445,"date":"2020-09-02T19:01:56","date_gmt":"2020-09-02T17:01:56","guid":{"rendered":"https:\/\/guineediversite.com\/?p=30445"},"modified":"2020-09-02T19:01:56","modified_gmt":"2020-09-02T17:01:56","slug":"mali-la-junte-procede-a-plusieurs-nominations-ibk-a-lhopital","status":"publish","type":"post","link":"https:\/\/guineediversite.com\/index.php\/2020\/09\/02\/mali-la-junte-procede-a-plusieurs-nominations-ibk-a-lhopital\/","title":{"rendered":"Mali: la junte proc\u00e8de \u00e0 plusieurs nominations, IBK \u00e0 l&rsquo;h\u00f4pital"},"content":{"rendered":"<p>Le Comit\u00e9 national pour le salut du peuple (CNSP), l&rsquo;instance mise en place par les auteurs du coup d&rsquo;\u00c9tat du 18 ao\u00fbt contre le pr\u00e9sident IBK, continue de se structurer. Plusieurs nominations ont eu lieu au moment o\u00f9 l\u2019ancien pr\u00e9sident Ibrahim Boubacar Ke\u00efta \u00e9tait admis \u00e0 l\u2019h\u00f4pital.<\/p>\n<p>La junte prend ses marques, s\u2019installe. Elle vient de proc\u00e9der \u00e0 une s\u00e9rie de nominations d\u00e9cid\u00e9es par son commandement militaire. Parmi ces nominations : celle d\u2019un conseiller sp\u00e9cial du chef de la junte, charg\u00e9 de l\u2019information et de la communication, Cheick Oumar Traor\u00e9. C\u2019est un consultant.<\/p>\n<p>Un autre civil a \u00e9t\u00e9 nomm\u00e9 : le docteur Youssouf Coulibaly, conseiller sp\u00e9cial du chef de la junte, charg\u00e9 des affaires juridiques. Du c\u00f4t\u00e9 des militaires, c\u2019est le g\u00e9n\u00e9ral Souleymane Doucour\u00e9, l\u2019ancien patron de l\u2019actuel porte-parole de la junte qui devient secr\u00e9taire g\u00e9n\u00e9ral du minist\u00e8re de la D\u00e9fense. Un nouveau chef d\u2019\u00e9tat-major g\u00e9n\u00e9ral des arm\u00e9es a \u00e9t\u00e9 \u00e9galement nomm\u00e9 : le g\u00e9n\u00e9ral Oumar Diarra. La junte a aussi proc\u00e9d\u00e9 \u00e0 des changements \u00e0 d\u2019autres postes cl\u00e9s de l\u2019arm\u00e9e et des renseignements g\u00e9n\u00e9raux.<\/p>\n<p><strong>IBK: accident isch\u00e9mique transitoire\u00a0<\/strong><\/p>\n<p>Pendant ce temps, le pr\u00e9sident d\u00e9chu et d\u00e9missionnaire, Ibrahim Boubacar Ke\u00efta, est \u00e0 l&rsquo;h\u00f4pital. Selon ses proches, l\u2019ex-pr\u00e9sident est admis depuis mardi soir dans une clinique de Bamako. Une s\u00e9rie de contr\u00f4les a commenc\u00e9, notamment des radios. IBK devrait, selon ses proches, retourner\u00a0chez lui\u00a0dans l\u2019apr\u00e8s-midi de ce mercredi.<\/p>\n<p>Mais \u00e0 75 ans, il n\u2019a pas la grande forme. Une autre source proche de la clinique\u00a0 a confi\u00e9 \u00e0 RFI que son \u00e9tat de sant\u00e9 pourrait finalement n\u00e9cessiter\u00a0une hospitalisation de plusieurs jours et des soins appropri\u00e9s. L\u2019ex-pr\u00e9sident malien a eu un accident isch\u00e9mique transitoire, confie cette source, qui ajoute que \u00ab <em>c\u2019est une alerte, mais pour le moment il r\u00e9cup\u00e8re plut\u00f4t bien<\/em> \u00bb.<\/p>\n<p>Il y a quelques mois, il \u00e9tait discr\u00e8tement admis dans un centre hospitalier d\u2019Abou Dhabi, aux \u00c9mirats arabes unis, o\u00f9 il y aurait subi une op\u00e9ration. Depuis la mi-ao\u00fbt, il \u00e9tait attendu dans le m\u00eame centre hospitalier pour un contr\u00f4le m\u00e9dical n\u00e9cessaire, mais n&rsquo;a pas pu effectuer le voyage. Depuis la semaine derni\u00e8re, il est question de son d\u00e9part \u00e0 l\u2019\u00e9tranger, notamment pour des soins m\u00e9dicaux.<\/p>\n<p><strong>RFI<\/strong><\/p>\n","protected":false},"excerpt":{"rendered":"<p>Le Comit\u00e9 national pour le salut du peuple (CNSP), l&rsquo;instance mise en place par les auteurs du coup d&rsquo;\u00c9tat du 18 ao\u00fbt contre le pr\u00e9sident IBK, continue de se structurer. Plusieurs nominations ont eu lieu au moment o\u00f9 l\u2019ancien pr\u00e9sident Ibrahim Boubacar Ke\u00efta \u00e9tait admis \u00e0 l\u2019h\u00f4pital. La junte prend ses marques, s\u2019installe. Elle vient [&hellip;]<\/p>\n","protected":false},"author":12,"featured_media":30446,"comment_status":"closed","ping_status":"open","sticky":false,"template":"","format":"standard","meta":{"_exactmetrics_skip_tracking":false,"_exactmetrics_sitenote_active":false,"_exactmetrics_sitenote_note":"","_exactmetrics_sitenote_category":0,"tdm_status":"","tdm_grid_status":"","footnotes":""},"categories":[21],"tags":[],"class_list":{"0":"post-30445","1":"post","2":"type-post","3":"status-publish","4":"format-standard","5":"has-post-thumbnail","7":"category-international"},"yoast_head":"<!-- This site is optimized with the Yoast SEO plugin v24.2 - https:\/\/yoast.com\/wordpress\/plugins\/seo\/ -->\n<title>Mali: la junte proc\u00e8de \u00e0 plusieurs nominations, IBK \u00e0 l&#039;h\u00f4pital | Guin\u00e9e Diversit\u00e9<\/title>\n<meta name=\"robots\" content=\"index, follow, max-snippet:-1, max-image-preview:large, max-video-preview:-1\" \/>\n<link rel=\"canonical\" href=\"https:\/\/guineediversite.com\/index.php\/2020\/09\/02\/mali-la-junte-procede-a-plusieurs-nominations-ibk-a-lhopital\/\" \/>\n<meta property=\"og:locale\" content=\"fr_FR\" \/>\n<meta property=\"og:type\" content=\"article\" \/>\n<meta property=\"og:title\" content=\"Mali: la junte proc\u00e8de \u00e0 plusieurs nominations, IBK \u00e0 l&#039;h\u00f4pital | Guin\u00e9e Diversit\u00e9\" \/>\n<meta property=\"og:description\" content=\"Le Comit\u00e9 national pour le salut du peuple (CNSP), l&rsquo;instance mise en place par les auteurs du coup d&rsquo;\u00c9tat du 18 ao\u00fbt contre le pr\u00e9sident IBK, continue de se structurer. Plusieurs nominations ont eu lieu au moment o\u00f9 l\u2019ancien pr\u00e9sident Ibrahim Boubacar Ke\u00efta \u00e9tait admis \u00e0 l\u2019h\u00f4pital. La junte prend ses marques, s\u2019installe. Elle vient [&hellip;]\" \/>\n<meta property=\"og:url\" content=\"https:\/\/guineediversite.com\/index.php\/2020\/09\/02\/mali-la-junte-procede-a-plusieurs-nominations-ibk-a-lhopital\/\" \/>\n<meta property=\"og:site_name\" content=\"Guin\u00e9e Diversit\u00e9\" \/>\n<meta property=\"article:publisher\" content=\"https:\/\/www.facebook.com\/guineediversite\/\" \/>\n<meta property=\"article:published_time\" content=\"2020-09-02T17:01:56+00:00\" \/>\n<meta property=\"og:image\" content=\"https:\/\/guineediversite.com\/wp-content\/uploads\/2020\/09\/Le-colonel-Isma\u00ebl-Wagu\u00e9-porte-parole-du-Comit\u00e9-national-pour-le-salut-du-peuple-\u00e0-Bamako-le-24-ao\u00fbt-2020..jpg\" \/>\n\t<meta property=\"og:image:width\" content=\"1500\" \/>\n\t<meta property=\"og:image:height\" content=\"1500\" \/>\n\t<meta property=\"og:image:type\" content=\"image\/jpeg\" \/>\n<meta name=\"author\" content=\"Guin\u00e9e Diversit\u00e9\" \/>\n<meta name=\"twitter:card\" content=\"summary_large_image\" \/>\n<meta name=\"twitter:creator\" content=\"@GuineeDiversite\" \/>\n<meta name=\"twitter:site\" content=\"@GuineeDiversite\" \/>\n<meta name=\"twitter:label1\" content=\"\u00c9crit par\" \/>\n\t<meta name=\"twitter:data1\" content=\"Guin\u00e9e Diversit\u00e9\" \/>\n\t<meta name=\"twitter:label2\" content=\"Dur\u00e9e de lecture estim\u00e9e\" \/>\n\t<meta name=\"twitter:data2\" content=\"2 minutes\" \/>\n<script type=\"application\/ld+json\" class=\"yoast-schema-graph\">{\"@context\":\"https:\/\/schema.org\",\"@graph\":[{\"@type\":\"Article\",\"@id\":\"https:\/\/guineediversite.com\/index.php\/2020\/09\/02\/mali-la-junte-procede-a-plusieurs-nominations-ibk-a-lhopital\/#article\",\"isPartOf\":{\"@id\":\"https:\/\/guineediversite.com\/index.php\/2020\/09\/02\/mali-la-junte-procede-a-plusieurs-nominations-ibk-a-lhopital\/\"},\"author\":{\"name\":\"Guin\u00e9e Diversit\u00e9\",\"@id\":\"https:\/\/guineediversite.com\/#\/schema\/person\/afa08fb34e7fc6e1feafc892612bc836\"},\"headline\":\"Mali: la junte proc\u00e8de \u00e0 plusieurs nominations, IBK \u00e0 l&rsquo;h\u00f4pital\",\"datePublished\":\"2020-09-02T17:01:56+00:00\",\"dateModified\":\"2020-09-02T17:01:56+00:00\",\"mainEntityOfPage\":{\"@id\":\"https:\/\/guineediversite.com\/index.php\/2020\/09\/02\/mali-la-junte-procede-a-plusieurs-nominations-ibk-a-lhopital\/\"},\"wordCount\":436,\"publisher\":{\"@id\":\"https:\/\/guineediversite.com\/#organization\"},\"image\":{\"@id\":\"https:\/\/guineediversite.com\/index.php\/2020\/09\/02\/mali-la-junte-procede-a-plusieurs-nominations-ibk-a-lhopital\/#primaryimage\"},\"thumbnailUrl\":\"https:\/\/guineediversite.com\/wp-content\/uploads\/2020\/09\/Le-colonel-Isma\u00ebl-Wagu\u00e9-porte-parole-du-Comit\u00e9-national-pour-le-salut-du-peuple-\u00e0-Bamako-le-24-ao\u00fbt-2020..jpg\",\"articleSection\":[\"International\"],\"inLanguage\":\"fr-FR\"},{\"@type\":\"WebPage\",\"@id\":\"https:\/\/guineediversite.com\/index.php\/2020\/09\/02\/mali-la-junte-procede-a-plusieurs-nominations-ibk-a-lhopital\/\",\"url\":\"https:\/\/guineediversite.com\/index.php\/2020\/09\/02\/mali-la-junte-procede-a-plusieurs-nominations-ibk-a-lhopital\/\",\"name\":\"Mali: la junte proc\u00e8de \u00e0 plusieurs nominations, IBK \u00e0 l'h\u00f4pital | Guin\u00e9e Diversit\u00e9\",\"isPartOf\":{\"@id\":\"https:\/\/guineediversite.com\/#website\"},\"primaryImageOfPage\":{\"@id\":\"https:\/\/guineediversite.com\/index.php\/2020\/09\/02\/mali-la-junte-procede-a-plusieurs-nominations-ibk-a-lhopital\/#primaryimage\"},\"image\":{\"@id\":\"https:\/\/guineediversite.com\/index.php\/2020\/09\/02\/mali-la-junte-procede-a-plusieurs-nominations-ibk-a-lhopital\/#primaryimage\"},\"thumbnailUrl\":\"https:\/\/guineediversite.com\/wp-content\/uploads\/2020\/09\/Le-colonel-Isma\u00ebl-Wagu\u00e9-porte-parole-du-Comit\u00e9-national-pour-le-salut-du-peuple-\u00e0-Bamako-le-24-ao\u00fbt-2020..jpg\",\"datePublished\":\"2020-09-02T17:01:56+00:00\",\"dateModified\":\"2020-09-02T17:01:56+00:00\",\"breadcrumb\":{\"@id\":\"https:\/\/guineediversite.com\/index.php\/2020\/09\/02\/mali-la-junte-procede-a-plusieurs-nominations-ibk-a-lhopital\/#breadcrumb\"},\"inLanguage\":\"fr-FR\",\"potentialAction\":[{\"@type\":\"ReadAction\",\"target\":[\"https:\/\/guineediversite.com\/index.php\/2020\/09\/02\/mali-la-junte-procede-a-plusieurs-nominations-ibk-a-lhopital\/\"]}]},{\"@type\":\"ImageObject\",\"inLanguage\":\"fr-FR\",\"@id\":\"https:\/\/guineediversite.com\/index.php\/2020\/09\/02\/mali-la-junte-procede-a-plusieurs-nominations-ibk-a-lhopital\/#primaryimage\",\"url\":\"https:\/\/guineediversite.com\/wp-content\/uploads\/2020\/09\/Le-colonel-Isma\u00ebl-Wagu\u00e9-porte-parole-du-Comit\u00e9-national-pour-le-salut-du-peuple-\u00e0-Bamako-le-24-ao\u00fbt-2020..jpg\",\"contentUrl\":\"https:\/\/guineediversite.com\/wp-content\/uploads\/2020\/09\/Le-colonel-Isma\u00ebl-Wagu\u00e9-porte-parole-du-Comit\u00e9-national-pour-le-salut-du-peuple-\u00e0-Bamako-le-24-ao\u00fbt-2020..jpg\",\"width\":1500,\"height\":1500},{\"@type\":\"BreadcrumbList\",\"@id\":\"https:\/\/guineediversite.com\/index.php\/2020\/09\/02\/mali-la-junte-procede-a-plusieurs-nominations-ibk-a-lhopital\/#breadcrumb\",\"itemListElement\":[{\"@type\":\"ListItem\",\"position\":1,\"name\":\"Accueil\",\"item\":\"https:\/\/guineediversite.com\/\"},{\"@type\":\"ListItem\",\"position\":2,\"name\":\"Mali: la junte proc\u00e8de \u00e0 plusieurs nominations, IBK \u00e0 l&rsquo;h\u00f4pital\"}]},{\"@type\":\"WebSite\",\"@id\":\"https:\/\/guineediversite.com\/#website\",\"url\":\"https:\/\/guineediversite.com\/\",\"name\":\"Guin\u00e9e Diversit\u00e9\",\"description\":\"L&#039;Info dans toute sa diversit\u00e9\",\"publisher\":{\"@id\":\"https:\/\/guineediversite.com\/#organization\"},\"potentialAction\":[{\"@type\":\"SearchAction\",\"target\":{\"@type\":\"EntryPoint\",\"urlTemplate\":\"https:\/\/guineediversite.com\/?s={search_term_string}\"},\"query-input\":{\"@type\":\"PropertyValueSpecification\",\"valueRequired\":true,\"valueName\":\"search_term_string\"}}],\"inLanguage\":\"fr-FR\"},{\"@type\":\"Organization\",\"@id\":\"https:\/\/guineediversite.com\/#organization\",\"name\":\"Guin\u00e9e Diversit\u00e9\",\"url\":\"https:\/\/guineediversite.com\/\",\"logo\":{\"@type\":\"ImageObject\",\"inLanguage\":\"fr-FR\",\"@id\":\"https:\/\/guineediversite.com\/#\/schema\/logo\/image\/\",\"url\":\"https:\/\/guineediversite.com\/wp-content\/uploads\/2017\/04\/cropped-1jojlxEOMkX9Wyqfhe43D6kjPOGqBBKmx3EwWJqZ0cMrFF54yM49.png\",\"contentUrl\":\"https:\/\/guineediversite.com\/wp-content\/uploads\/2017\/04\/cropped-1jojlxEOMkX9Wyqfhe43D6kjPOGqBBKmx3EwWJqZ0cMrFF54yM49.png\",\"width\":186,\"height\":112,\"caption\":\"Guin\u00e9e Diversit\u00e9\"},\"image\":{\"@id\":\"https:\/\/guineediversite.com\/#\/schema\/logo\/image\/\"},\"sameAs\":[\"https:\/\/www.facebook.com\/guineediversite\/\",\"https:\/\/x.com\/GuineeDiversite\",\"https:\/\/www.youtube.com\/channel\/UC8sUY16qelG5ge6_D5SB83g\"]},{\"@type\":\"Person\",\"@id\":\"https:\/\/guineediversite.com\/#\/schema\/person\/afa08fb34e7fc6e1feafc892612bc836\",\"name\":\"Guin\u00e9e Diversit\u00e9\",\"image\":{\"@type\":\"ImageObject\",\"inLanguage\":\"fr-FR\",\"@id\":\"https:\/\/guineediversite.com\/#\/schema\/person\/image\/\",\"url\":\"https:\/\/secure.gravatar.com\/avatar\/50d5eb5b390f8b65ac30ac6f898eb83a?s=96&d=mm&r=g\",\"contentUrl\":\"https:\/\/secure.gravatar.com\/avatar\/50d5eb5b390f8b65ac30ac6f898eb83a?s=96&d=mm&r=g\",\"caption\":\"Guin\u00e9e Diversit\u00e9\"},\"url\":\"https:\/\/guineediversite.com\/index.php\/author\/guineediversite\/\"}]}<\/script>\n<!-- \/ Yoast SEO plugin. -->","yoast_head_json":{"title":"Mali: la junte proc\u00e8de \u00e0 plusieurs nominations, IBK \u00e0 l'h\u00f4pital | Guin\u00e9e Diversit\u00e9","robots":{"index":"index","follow":"follow","max-snippet":"max-snippet:-1","max-image-preview":"max-image-preview:large","max-video-preview":"max-video-preview:-1"},"canonical":"https:\/\/guineediversite.com\/index.php\/2020\/09\/02\/mali-la-junte-procede-a-plusieurs-nominations-ibk-a-lhopital\/","og_locale":"fr_FR","og_type":"article","og_title":"Mali: la junte proc\u00e8de \u00e0 plusieurs nominations, IBK \u00e0 l'h\u00f4pital | Guin\u00e9e Diversit\u00e9","og_description":"Le Comit\u00e9 national pour le salut du peuple (CNSP), l&rsquo;instance mise en place par les auteurs du coup d&rsquo;\u00c9tat du 18 ao\u00fbt contre le pr\u00e9sident IBK, continue de se structurer. Plusieurs nominations ont eu lieu au moment o\u00f9 l\u2019ancien pr\u00e9sident Ibrahim Boubacar Ke\u00efta \u00e9tait admis \u00e0 l\u2019h\u00f4pital. La junte prend ses marques, s\u2019installe. Elle vient [&hellip;]","og_url":"https:\/\/guineediversite.com\/index.php\/2020\/09\/02\/mali-la-junte-procede-a-plusieurs-nominations-ibk-a-lhopital\/","og_site_name":"Guin\u00e9e Diversit\u00e9","article_publisher":"https:\/\/www.facebook.com\/guineediversite\/","article_published_time":"2020-09-02T17:01:56+00:00","og_image":[{"width":1500,"height":1500,"url":"https:\/\/guineediversite.com\/wp-content\/uploads\/2020\/09\/Le-colonel-Isma\u00ebl-Wagu\u00e9-porte-parole-du-Comit\u00e9-national-pour-le-salut-du-peuple-\u00e0-Bamako-le-24-ao\u00fbt-2020..jpg","type":"image\/jpeg"}],"author":"Guin\u00e9e Diversit\u00e9","twitter_card":"summary_large_image","twitter_creator":"@GuineeDiversite","twitter_site":"@GuineeDiversite","twitter_misc":{"\u00c9crit par":"Guin\u00e9e Diversit\u00e9","Dur\u00e9e de lecture estim\u00e9e":"2 minutes"},"schema":{"@context":"https:\/\/schema.org","@graph":[{"@type":"Article","@id":"https:\/\/guineediversite.com\/index.php\/2020\/09\/02\/mali-la-junte-procede-a-plusieurs-nominations-ibk-a-lhopital\/#article","isPartOf":{"@id":"https:\/\/guineediversite.com\/index.php\/2020\/09\/02\/mali-la-junte-procede-a-plusieurs-nominations-ibk-a-lhopital\/"},"author":{"name":"Guin\u00e9e Diversit\u00e9","@id":"https:\/\/guineediversite.com\/#\/schema\/person\/afa08fb34e7fc6e1feafc892612bc836"},"headline":"Mali: la junte proc\u00e8de \u00e0 plusieurs nominations, IBK \u00e0 l&rsquo;h\u00f4pital","datePublished":"2020-09-02T17:01:56+00:00","dateModified":"2020-09-02T17:01:56+00:00","mainEntityOfPage":{"@id":"https:\/\/guineediversite.com\/index.php\/2020\/09\/02\/mali-la-junte-procede-a-plusieurs-nominations-ibk-a-lhopital\/"},"wordCount":436,"publisher":{"@id":"https:\/\/guineediversite.com\/#organization"},"image":{"@id":"https:\/\/guineediversite.com\/index.php\/2020\/09\/02\/mali-la-junte-procede-a-plusieurs-nominations-ibk-a-lhopital\/#primaryimage"},"thumbnailUrl":"https:\/\/guineediversite.com\/wp-content\/uploads\/2020\/09\/Le-colonel-Isma\u00ebl-Wagu\u00e9-porte-parole-du-Comit\u00e9-national-pour-le-salut-du-peuple-\u00e0-Bamako-le-24-ao\u00fbt-2020..jpg","articleSection":["International"],"inLanguage":"fr-FR"},{"@type":"WebPage","@id":"https:\/\/guineediversite.com\/index.php\/2020\/09\/02\/mali-la-junte-procede-a-plusieurs-nominations-ibk-a-lhopital\/","url":"https:\/\/guineediversite.com\/index.php\/2020\/09\/02\/mali-la-junte-procede-a-plusieurs-nominations-ibk-a-lhopital\/","name":"Mali: la junte proc\u00e8de \u00e0 plusieurs nominations, IBK \u00e0 l'h\u00f4pital | Guin\u00e9e Diversit\u00e9","isPartOf":{"@id":"https:\/\/guineediversite.com\/#website"},"primaryImageOfPage":{"@id":"https:\/\/guineediversite.com\/index.php\/2020\/09\/02\/mali-la-junte-procede-a-plusieurs-nominations-ibk-a-lhopital\/#primaryimage"},"image":{"@id":"https:\/\/guineediversite.com\/index.php\/2020\/09\/02\/mali-la-junte-procede-a-plusieurs-nominations-ibk-a-lhopital\/#primaryimage"},"thumbnailUrl":"https:\/\/guineediversite.com\/wp-content\/uploads\/2020\/09\/Le-colonel-Isma\u00ebl-Wagu\u00e9-porte-parole-du-Comit\u00e9-national-pour-le-salut-du-peuple-\u00e0-Bamako-le-24-ao\u00fbt-2020..jpg","datePublished":"2020-09-02T17:01:56+00:00","dateModified":"2020-09-02T17:01:56+00:00","breadcrumb":{"@id":"https:\/\/guineediversite.com\/index.php\/2020\/09\/02\/mali-la-junte-procede-a-plusieurs-nominations-ibk-a-lhopital\/#breadcrumb"},"inLanguage":"fr-FR","potentialAction":[{"@type":"ReadAction","target":["https:\/\/guineediversite.com\/index.php\/2020\/09\/02\/mali-la-junte-procede-a-plusieurs-nominations-ibk-a-lhopital\/"]}]},{"@type":"ImageObject","inLanguage":"fr-FR","@id":"https:\/\/guineediversite.com\/index.php\/2020\/09\/02\/mali-la-junte-procede-a-plusieurs-nominations-ibk-a-lhopital\/#primaryimage","url":"https:\/\/guineediversite.com\/wp-content\/uploads\/2020\/09\/Le-colonel-Isma\u00ebl-Wagu\u00e9-porte-parole-du-Comit\u00e9-national-pour-le-salut-du-peuple-\u00e0-Bamako-le-24-ao\u00fbt-2020..jpg","contentUrl":"https:\/\/guineediversite.com\/wp-content\/uploads\/2020\/09\/Le-colonel-Isma\u00ebl-Wagu\u00e9-porte-parole-du-Comit\u00e9-national-pour-le-salut-du-peuple-\u00e0-Bamako-le-24-ao\u00fbt-2020..jpg","width":1500,"height":1500},{"@type":"BreadcrumbList","@id":"https:\/\/guineediversite.com\/index.php\/2020\/09\/02\/mali-la-junte-procede-a-plusieurs-nominations-ibk-a-lhopital\/#breadcrumb","itemListElement":[{"@type":"ListItem","position":1,"name":"Accueil","item":"https:\/\/guineediversite.com\/"},{"@type":"ListItem","position":2,"name":"Mali: la junte proc\u00e8de \u00e0 plusieurs nominations, IBK \u00e0 l&rsquo;h\u00f4pital"}]},{"@type":"WebSite","@id":"https:\/\/guineediversite.com\/#website","url":"https:\/\/guineediversite.com\/","name":"Guin\u00e9e Diversit\u00e9","description":"L&#039;Info dans toute sa diversit\u00e9","publisher":{"@id":"https:\/\/guineediversite.com\/#organization"},"potentialAction":[{"@type":"SearchAction","target":{"@type":"EntryPoint","urlTemplate":"https:\/\/guineediversite.com\/?s={search_term_string}"},"query-input":{"@type":"PropertyValueSpecification","valueRequired":true,"valueName":"search_term_string"}}],"inLanguage":"fr-FR"},{"@type":"Organization","@id":"https:\/\/guineediversite.com\/#organization","name":"Guin\u00e9e Diversit\u00e9","url":"https:\/\/guineediversite.com\/","logo":{"@type":"ImageObject","inLanguage":"fr-FR","@id":"https:\/\/guineediversite.com\/#\/schema\/logo\/image\/","url":"https:\/\/guineediversite.com\/wp-content\/uploads\/2017\/04\/cropped-1jojlxEOMkX9Wyqfhe43D6kjPOGqBBKmx3EwWJqZ0cMrFF54yM49.png","contentUrl":"https:\/\/guineediversite.com\/wp-content\/uploads\/2017\/04\/cropped-1jojlxEOMkX9Wyqfhe43D6kjPOGqBBKmx3EwWJqZ0cMrFF54yM49.png","width":186,"height":112,"caption":"Guin\u00e9e Diversit\u00e9"},"image":{"@id":"https:\/\/guineediversite.com\/#\/schema\/logo\/image\/"},"sameAs":["https:\/\/www.facebook.com\/guineediversite\/","https:\/\/x.com\/GuineeDiversite","https:\/\/www.youtube.com\/channel\/UC8sUY16qelG5ge6_D5SB83g"]},{"@type":"Person","@id":"https:\/\/guineediversite.com\/#\/schema\/person\/afa08fb34e7fc6e1feafc892612bc836","name":"Guin\u00e9e Diversit\u00e9","image":{"@type":"ImageObject","inLanguage":"fr-FR","@id":"https:\/\/guineediversite.com\/#\/schema\/person\/image\/","url":"https:\/\/secure.gravatar.com\/avatar\/50d5eb5b390f8b65ac30ac6f898eb83a?s=96&d=mm&r=g","contentUrl":"https:\/\/secure.gravatar.com\/avatar\/50d5eb5b390f8b65ac30ac6f898eb83a?s=96&d=mm&r=g","caption":"Guin\u00e9e Diversit\u00e9"},"url":"https:\/\/guineediversite.com\/index.php\/author\/guineediversite\/"}]}},"_links":{"self":[{"href":"https:\/\/guineediversite.com\/index.php\/wp-json\/wp\/v2\/posts\/30445"}],"collection":[{"href":"https:\/\/guineediversite.com\/index.php\/wp-json\/wp\/v2\/posts"}],"about":[{"href":"https:\/\/guineediversite.com\/index.php\/wp-json\/wp\/v2\/types\/post"}],"author":[{"embeddable":true,"href":"https:\/\/guineediversite.com\/index.php\/wp-json\/wp\/v2\/users\/12"}],"replies":[{"embeddable":true,"href":"https:\/\/guineediversite.com\/index.php\/wp-json\/wp\/v2\/comments?post=30445"}],"version-history":[{"count":1,"href":"https:\/\/guineediversite.com\/index.php\/wp-json\/wp\/v2\/posts\/30445\/revisions"}],"predecessor-version":[{"id":30447,"href":"https:\/\/guineediversite.com\/index.php\/wp-json\/wp\/v2\/posts\/30445\/revisions\/30447"}],"wp:featuredmedia":[{"embeddable":true,"href":"https:\/\/guineediversite.com\/index.php\/wp-json\/wp\/v2\/media\/30446"}],"wp:attachment":[{"href":"https:\/\/guineediversite.com\/index.php\/wp-json\/wp\/v2\/media?parent=30445"}],"wp:term":[{"taxonomy":"category","embeddable":true,"href":"https:\/\/guineediversite.com\/index.php\/wp-json\/wp\/v2\/categories?post=30445"},{"taxonomy":"post_tag","embeddable":true,"href":"https:\/\/guineediversite.com\/index.php\/wp-json\/wp\/v2\/tags?post=30445"}],"curies":[{"name":"wp","href":"https:\/\/api.w.org\/{rel}","templated":true}]}}