{"id":30438,"date":"2020-09-02T18:51:12","date_gmt":"2020-09-02T16:51:12","guid":{"rendered":"https:\/\/guineediversite.com\/?p=30438"},"modified":"2020-09-02T19:24:31","modified_gmt":"2020-09-02T17:24:31","slug":"le-president-alpha-conde-sest-enfin-engage-detre-candidat-de-sa-formation-politique","status":"publish","type":"post","link":"https:\/\/guineediversite.com\/index.php\/2020\/09\/02\/le-president-alpha-conde-sest-enfin-engage-detre-candidat-de-sa-formation-politique\/","title":{"rendered":"Le pr\u00e9sident Alpha Cond\u00e9 s\u2019est enfin engag\u00e9 d\u2019\u00eatre candidat de sa formation politique"},"content":{"rendered":"<p>Le chef de l\u2019\u00c9tat Alpha Cond\u00e9 s\u2019est enfin exprim\u00e9 sur sa candidature \u00e0 l\u2019\u00e9lection pr\u00e9sidentielle du 18 octobre prochain. Ce mardi lors des assises des femmes de la mouvance et des partis alli\u00e9s tenus au palais du peuple, le pr\u00e9sident en r\u00e9ponse au sollicitation des femmes pr\u00e9sentent \u00e0 cette c\u00e9r\u00e9monie, affirme qu\u2019il s\u2019engage \u00e0 accepter le choix port\u00e9 sur sa personne pour repr\u00e9senter le RPG Arc-en-ciel et ses alli\u00e9s \u00e0 cette \u00e9lection.<\/p>\n<p>Alpha Cond\u00e9 s\u2019est exprim\u00e9 en ces termes : \u00ab <em>les femmes ont compris que ma bataille c\u2019est d\u2019abord pour les femmes et les jeunes. En effet, comme vient de dire quelqu\u2019un ce que femme veut, Dieu le veut et c\u2018est toujours dit que personne ne peut prendre le pouvoir et continuer \u00e0 l\u2019exercer s\u2019il n&rsquo;a pas le soutien des femmes. Aujourd\u2019hui, je suis plus que r\u00e9confort\u00e9, car votre soutien est pour moi plus important que le soutien des partis politiques. Les partis politiques sont des partis et vous vous \u00eates ce qu\u2019on appelle la majorit\u00e9 silencieuse. Vous avez d\u00e9montr\u00e9 \u00e0 la face du monde que cette majorit\u00e9 silencieuse a d\u00e9cid\u00e9 de sortir de son silence et \u00e0 d\u00e9montrer que ma candidature n\u2019est pas seulement la candidature des partis et des mouvements, mais c\u2019est la candidature du peuple. C&rsquo;est-\u00e0-dire les femmes et les jeunes. Je ne vous d\u00e9cevrai jamais (\u2026). A partir de maintenant je m\u2019engage, parce que vous vous \u00eates d\u00e9cid\u00e9es que je m\u2019engage, les partis ont parl\u00e9 mais ma d\u00e9cision est prise \u00e0 partir de votre engagement car sans les femmes, je ne peux rien faire en Guin\u00e9e(\u2026) <\/em>\u00bb.<\/p>\n<p>Et de pr\u00e9ciser \u00ab <em>ce qui va me motiver de plus, c\u2019est parce que les femmes ont compris que cette bataille c\u2019est pour elle. Si j\u2019ai les femmes derri\u00e8re moi, je ne crains rien (\u2026)<\/em> \u00bb.<\/p>\n<p>En guise d\u2019appui, ces femmes r\u00e9unies au palais du peuple ont d\u00e9cid\u00e9 d\u2019apporter leur contribution dans le paiement de la caution du RPG et alli\u00e9s.<\/p>\n<p><img loading=\"lazy\" decoding=\"async\" class=\"alignnone size-medium wp-image-30441\" src=\"https:\/\/guineediversite.com.bwjx4292.odns.fr\/wp-content\/uploads\/2020\/09\/COFEMA-3-300x169.jpg\" alt=\"\" width=\"300\" height=\"169\" srcset=\"https:\/\/guineediversite.com\/wp-content\/uploads\/2020\/09\/COFEMA-3-300x169.jpg 300w, https:\/\/guineediversite.com\/wp-content\/uploads\/2020\/09\/COFEMA-3-1024x576.jpg 1024w, https:\/\/guineediversite.com\/wp-content\/uploads\/2020\/09\/COFEMA-3-768x432.jpg 768w, https:\/\/guineediversite.com\/wp-content\/uploads\/2020\/09\/COFEMA-3-600x338.jpg 600w, https:\/\/guineediversite.com\/wp-content\/uploads\/2020\/09\/COFEMA-3-696x392.jpg 696w, https:\/\/guineediversite.com\/wp-content\/uploads\/2020\/09\/COFEMA-3-1068x601.jpg 1068w, https:\/\/guineediversite.com\/wp-content\/uploads\/2020\/09\/COFEMA-3-746x420.jpg 746w, https:\/\/guineediversite.com\/wp-content\/uploads\/2020\/09\/COFEMA-3.jpg 1500w\" sizes=\"(max-width: 300px) 100vw, 300px\" \/><img loading=\"lazy\" decoding=\"async\" class=\"alignnone size-medium wp-image-30440\" src=\"https:\/\/guineediversite.com.bwjx4292.odns.fr\/wp-content\/uploads\/2020\/09\/COFEMA-2-300x169.jpg\" alt=\"\" width=\"300\" height=\"169\" srcset=\"https:\/\/guineediversite.com\/wp-content\/uploads\/2020\/09\/COFEMA-2-300x169.jpg 300w, https:\/\/guineediversite.com\/wp-content\/uploads\/2020\/09\/COFEMA-2-1024x576.jpg 1024w, https:\/\/guineediversite.com\/wp-content\/uploads\/2020\/09\/COFEMA-2-768x432.jpg 768w, https:\/\/guineediversite.com\/wp-content\/uploads\/2020\/09\/COFEMA-2-600x338.jpg 600w, https:\/\/guineediversite.com\/wp-content\/uploads\/2020\/09\/COFEMA-2-696x392.jpg 696w, https:\/\/guineediversite.com\/wp-content\/uploads\/2020\/09\/COFEMA-2-1068x601.jpg 1068w, https:\/\/guineediversite.com\/wp-content\/uploads\/2020\/09\/COFEMA-2-746x420.jpg 746w, https:\/\/guineediversite.com\/wp-content\/uploads\/2020\/09\/COFEMA-2.jpg 1500w\" sizes=\"(max-width: 300px) 100vw, 300px\" \/><img loading=\"lazy\" decoding=\"async\" class=\"alignnone size-medium wp-image-30442\" src=\"https:\/\/guineediversite.com.bwjx4292.odns.fr\/wp-content\/uploads\/2020\/09\/ALPHA-3-300x169.jpg\" alt=\"\" width=\"300\" height=\"169\" srcset=\"https:\/\/guineediversite.com\/wp-content\/uploads\/2020\/09\/ALPHA-3-300x169.jpg 300w, https:\/\/guineediversite.com\/wp-content\/uploads\/2020\/09\/ALPHA-3-1024x576.jpg 1024w, https:\/\/guineediversite.com\/wp-content\/uploads\/2020\/09\/ALPHA-3-768x432.jpg 768w, https:\/\/guineediversite.com\/wp-content\/uploads\/2020\/09\/ALPHA-3-600x338.jpg 600w, https:\/\/guineediversite.com\/wp-content\/uploads\/2020\/09\/ALPHA-3-696x392.jpg 696w, https:\/\/guineediversite.com\/wp-content\/uploads\/2020\/09\/ALPHA-3-1068x601.jpg 1068w, https:\/\/guineediversite.com\/wp-content\/uploads\/2020\/09\/ALPHA-3-746x420.jpg 746w, https:\/\/guineediversite.com\/wp-content\/uploads\/2020\/09\/ALPHA-3.jpg 1500w\" sizes=\"(max-width: 300px) 100vw, 300px\" \/> <img loading=\"lazy\" decoding=\"async\" class=\"alignnone size-medium wp-image-30443\" src=\"https:\/\/guineediversite.com.bwjx4292.odns.fr\/wp-content\/uploads\/2020\/09\/ALPHA-1-300x200.jpg\" alt=\"\" width=\"300\" height=\"200\" srcset=\"https:\/\/guineediversite.com\/wp-content\/uploads\/2020\/09\/ALPHA-1-300x200.jpg 300w, https:\/\/guineediversite.com\/wp-content\/uploads\/2020\/09\/ALPHA-1-1024x683.jpg 1024w, https:\/\/guineediversite.com\/wp-content\/uploads\/2020\/09\/ALPHA-1-768x512.jpg 768w, https:\/\/guineediversite.com\/wp-content\/uploads\/2020\/09\/ALPHA-1-600x400.jpg 600w, https:\/\/guineediversite.com\/wp-content\/uploads\/2020\/09\/ALPHA-1-696x464.jpg 696w, https:\/\/guineediversite.com\/wp-content\/uploads\/2020\/09\/ALPHA-1-1068x712.jpg 1068w, https:\/\/guineediversite.com\/wp-content\/uploads\/2020\/09\/ALPHA-1-630x420.jpg 630w, https:\/\/guineediversite.com\/wp-content\/uploads\/2020\/09\/ALPHA-1.jpg 1500w\" sizes=\"(max-width: 300px) 100vw, 300px\" \/><\/p>\n<p><img loading=\"lazy\" decoding=\"async\" class=\"alignnone size-medium wp-image-30439\" src=\"https:\/\/guineediversite.com.bwjx4292.odns.fr\/wp-content\/uploads\/2020\/09\/COFEMA-1-300x169.jpg\" alt=\"\" width=\"300\" height=\"169\" srcset=\"https:\/\/guineediversite.com\/wp-content\/uploads\/2020\/09\/COFEMA-1-300x169.jpg 300w, https:\/\/guineediversite.com\/wp-content\/uploads\/2020\/09\/COFEMA-1-1024x575.jpg 1024w, https:\/\/guineediversite.com\/wp-content\/uploads\/2020\/09\/COFEMA-1-768x432.jpg 768w, https:\/\/guineediversite.com\/wp-content\/uploads\/2020\/09\/COFEMA-1-600x337.jpg 600w, https:\/\/guineediversite.com\/wp-content\/uploads\/2020\/09\/COFEMA-1-696x391.jpg 696w, https:\/\/guineediversite.com\/wp-content\/uploads\/2020\/09\/COFEMA-1-1068x600.jpg 1068w, https:\/\/guineediversite.com\/wp-content\/uploads\/2020\/09\/COFEMA-1-747x420.jpg 747w, https:\/\/guineediversite.com\/wp-content\/uploads\/2020\/09\/COFEMA-1.jpg 1500w\" sizes=\"(max-width: 300px) 100vw, 300px\" \/><\/p>\n","protected":false},"excerpt":{"rendered":"<p>Le chef de l\u2019\u00c9tat Alpha Cond\u00e9 s\u2019est enfin exprim\u00e9 sur sa candidature \u00e0 l\u2019\u00e9lection pr\u00e9sidentielle du 18 octobre prochain. Ce mardi lors des assises des femmes de la mouvance et des partis alli\u00e9s tenus au palais du peuple, le pr\u00e9sident en r\u00e9ponse au sollicitation des femmes pr\u00e9sentent \u00e0 cette c\u00e9r\u00e9monie, affirme qu\u2019il s\u2019engage \u00e0 accepter [&hellip;]<\/p>\n","protected":false},"author":10,"featured_media":30442,"comment_status":"closed","ping_status":"open","sticky":false,"template":"","format":"standard","meta":{"_exactmetrics_skip_tracking":false,"_exactmetrics_sitenote_active":false,"_exactmetrics_sitenote_note":"","_exactmetrics_sitenote_category":0,"tdm_status":"","tdm_grid_status":"","footnotes":""},"categories":[254,14],"tags":[],"class_list":{"0":"post-30438","1":"post","2":"type-post","3":"status-publish","4":"format-standard","5":"has-post-thumbnail","7":"category-derniere-minute","8":"category-politique"},"yoast_head":"<!-- This site is optimized with the Yoast SEO plugin v24.2 - https:\/\/yoast.com\/wordpress\/plugins\/seo\/ -->\n<title>Le pr\u00e9sident Alpha Cond\u00e9 s\u2019est enfin engag\u00e9 d\u2019\u00eatre candidat de sa formation politique | Guin\u00e9e Diversit\u00e9<\/title>\n<meta name=\"robots\" content=\"index, follow, max-snippet:-1, max-image-preview:large, max-video-preview:-1\" \/>\n<link rel=\"canonical\" href=\"https:\/\/guineediversite.com\/index.php\/2020\/09\/02\/le-president-alpha-conde-sest-enfin-engage-detre-candidat-de-sa-formation-politique\/\" \/>\n<meta property=\"og:locale\" content=\"fr_FR\" \/>\n<meta property=\"og:type\" content=\"article\" \/>\n<meta property=\"og:title\" content=\"Le pr\u00e9sident Alpha Cond\u00e9 s\u2019est enfin engag\u00e9 d\u2019\u00eatre candidat de sa formation politique | Guin\u00e9e Diversit\u00e9\" \/>\n<meta property=\"og:description\" content=\"Le chef de l\u2019\u00c9tat Alpha Cond\u00e9 s\u2019est enfin exprim\u00e9 sur sa candidature \u00e0 l\u2019\u00e9lection pr\u00e9sidentielle du 18 octobre prochain. Ce mardi lors des assises des femmes de la mouvance et des partis alli\u00e9s tenus au palais du peuple, le pr\u00e9sident en r\u00e9ponse au sollicitation des femmes pr\u00e9sentent \u00e0 cette c\u00e9r\u00e9monie, affirme qu\u2019il s\u2019engage \u00e0 accepter [&hellip;]\" \/>\n<meta property=\"og:url\" content=\"https:\/\/guineediversite.com\/index.php\/2020\/09\/02\/le-president-alpha-conde-sest-enfin-engage-detre-candidat-de-sa-formation-politique\/\" \/>\n<meta property=\"og:site_name\" content=\"Guin\u00e9e Diversit\u00e9\" \/>\n<meta property=\"article:publisher\" content=\"https:\/\/www.facebook.com\/guineediversite\/\" \/>\n<meta property=\"article:published_time\" content=\"2020-09-02T16:51:12+00:00\" \/>\n<meta property=\"article:modified_time\" content=\"2020-09-02T17:24:31+00:00\" \/>\n<meta property=\"og:image\" content=\"https:\/\/guineediversite.com\/wp-content\/uploads\/2020\/09\/ALPHA-3.jpg\" \/>\n\t<meta property=\"og:image:width\" content=\"1500\" \/>\n\t<meta property=\"og:image:height\" content=\"844\" \/>\n\t<meta property=\"og:image:type\" content=\"image\/jpeg\" \/>\n<meta name=\"author\" content=\"Morcire Camara\" \/>\n<meta name=\"twitter:card\" content=\"summary_large_image\" \/>\n<meta name=\"twitter:creator\" content=\"@GuineeDiversite\" \/>\n<meta name=\"twitter:site\" content=\"@GuineeDiversite\" \/>\n<meta name=\"twitter:label1\" content=\"\u00c9crit par\" \/>\n\t<meta name=\"twitter:data1\" content=\"Morcire Camara\" \/>\n\t<meta name=\"twitter:label2\" content=\"Dur\u00e9e de lecture estim\u00e9e\" \/>\n\t<meta name=\"twitter:data2\" content=\"2 minutes\" \/>\n<script type=\"application\/ld+json\" class=\"yoast-schema-graph\">{\"@context\":\"https:\/\/schema.org\",\"@graph\":[{\"@type\":\"Article\",\"@id\":\"https:\/\/guineediversite.com\/index.php\/2020\/09\/02\/le-president-alpha-conde-sest-enfin-engage-detre-candidat-de-sa-formation-politique\/#article\",\"isPartOf\":{\"@id\":\"https:\/\/guineediversite.com\/index.php\/2020\/09\/02\/le-president-alpha-conde-sest-enfin-engage-detre-candidat-de-sa-formation-politique\/\"},\"author\":{\"name\":\"Morcire Camara\",\"@id\":\"https:\/\/guineediversite.com\/#\/schema\/person\/fa362494c47202ce4b3adf55abcc9d01\"},\"headline\":\"Le pr\u00e9sident Alpha Cond\u00e9 s\u2019est enfin engag\u00e9 d\u2019\u00eatre candidat de sa formation politique\",\"datePublished\":\"2020-09-02T16:51:12+00:00\",\"dateModified\":\"2020-09-02T17:24:31+00:00\",\"mainEntityOfPage\":{\"@id\":\"https:\/\/guineediversite.com\/index.php\/2020\/09\/02\/le-president-alpha-conde-sest-enfin-engage-detre-candidat-de-sa-formation-politique\/\"},\"wordCount\":372,\"publisher\":{\"@id\":\"https:\/\/guineediversite.com\/#organization\"},\"image\":{\"@id\":\"https:\/\/guineediversite.com\/index.php\/2020\/09\/02\/le-president-alpha-conde-sest-enfin-engage-detre-candidat-de-sa-formation-politique\/#primaryimage\"},\"thumbnailUrl\":\"https:\/\/guineediversite.com\/wp-content\/uploads\/2020\/09\/ALPHA-3.jpg\",\"articleSection\":[\"Derni\u00e8re minute\",\"Politique\"],\"inLanguage\":\"fr-FR\"},{\"@type\":\"WebPage\",\"@id\":\"https:\/\/guineediversite.com\/index.php\/2020\/09\/02\/le-president-alpha-conde-sest-enfin-engage-detre-candidat-de-sa-formation-politique\/\",\"url\":\"https:\/\/guineediversite.com\/index.php\/2020\/09\/02\/le-president-alpha-conde-sest-enfin-engage-detre-candidat-de-sa-formation-politique\/\",\"name\":\"Le pr\u00e9sident Alpha Cond\u00e9 s\u2019est enfin engag\u00e9 d\u2019\u00eatre candidat de sa formation politique | Guin\u00e9e Diversit\u00e9\",\"isPartOf\":{\"@id\":\"https:\/\/guineediversite.com\/#website\"},\"primaryImageOfPage\":{\"@id\":\"https:\/\/guineediversite.com\/index.php\/2020\/09\/02\/le-president-alpha-conde-sest-enfin-engage-detre-candidat-de-sa-formation-politique\/#primaryimage\"},\"image\":{\"@id\":\"https:\/\/guineediversite.com\/index.php\/2020\/09\/02\/le-president-alpha-conde-sest-enfin-engage-detre-candidat-de-sa-formation-politique\/#primaryimage\"},\"thumbnailUrl\":\"https:\/\/guineediversite.com\/wp-content\/uploads\/2020\/09\/ALPHA-3.jpg\",\"datePublished\":\"2020-09-02T16:51:12+00:00\",\"dateModified\":\"2020-09-02T17:24:31+00:00\",\"breadcrumb\":{\"@id\":\"https:\/\/guineediversite.com\/index.php\/2020\/09\/02\/le-president-alpha-conde-sest-enfin-engage-detre-candidat-de-sa-formation-politique\/#breadcrumb\"},\"inLanguage\":\"fr-FR\",\"potentialAction\":[{\"@type\":\"ReadAction\",\"target\":[\"https:\/\/guineediversite.com\/index.php\/2020\/09\/02\/le-president-alpha-conde-sest-enfin-engage-detre-candidat-de-sa-formation-politique\/\"]}]},{\"@type\":\"ImageObject\",\"inLanguage\":\"fr-FR\",\"@id\":\"https:\/\/guineediversite.com\/index.php\/2020\/09\/02\/le-president-alpha-conde-sest-enfin-engage-detre-candidat-de-sa-formation-politique\/#primaryimage\",\"url\":\"https:\/\/guineediversite.com\/wp-content\/uploads\/2020\/09\/ALPHA-3.jpg\",\"contentUrl\":\"https:\/\/guineediversite.com\/wp-content\/uploads\/2020\/09\/ALPHA-3.jpg\",\"width\":1500,\"height\":844},{\"@type\":\"BreadcrumbList\",\"@id\":\"https:\/\/guineediversite.com\/index.php\/2020\/09\/02\/le-president-alpha-conde-sest-enfin-engage-detre-candidat-de-sa-formation-politique\/#breadcrumb\",\"itemListElement\":[{\"@type\":\"ListItem\",\"position\":1,\"name\":\"Accueil\",\"item\":\"https:\/\/guineediversite.com\/\"},{\"@type\":\"ListItem\",\"position\":2,\"name\":\"Le pr\u00e9sident Alpha Cond\u00e9 s\u2019est enfin engag\u00e9 d\u2019\u00eatre candidat de sa formation politique\"}]},{\"@type\":\"WebSite\",\"@id\":\"https:\/\/guineediversite.com\/#website\",\"url\":\"https:\/\/guineediversite.com\/\",\"name\":\"Guin\u00e9e Diversit\u00e9\",\"description\":\"L&#039;Info dans toute sa diversit\u00e9\",\"publisher\":{\"@id\":\"https:\/\/guineediversite.com\/#organization\"},\"potentialAction\":[{\"@type\":\"SearchAction\",\"target\":{\"@type\":\"EntryPoint\",\"urlTemplate\":\"https:\/\/guineediversite.com\/?s={search_term_string}\"},\"query-input\":{\"@type\":\"PropertyValueSpecification\",\"valueRequired\":true,\"valueName\":\"search_term_string\"}}],\"inLanguage\":\"fr-FR\"},{\"@type\":\"Organization\",\"@id\":\"https:\/\/guineediversite.com\/#organization\",\"name\":\"Guin\u00e9e Diversit\u00e9\",\"url\":\"https:\/\/guineediversite.com\/\",\"logo\":{\"@type\":\"ImageObject\",\"inLanguage\":\"fr-FR\",\"@id\":\"https:\/\/guineediversite.com\/#\/schema\/logo\/image\/\",\"url\":\"https:\/\/guineediversite.com\/wp-content\/uploads\/2017\/04\/cropped-1jojlxEOMkX9Wyqfhe43D6kjPOGqBBKmx3EwWJqZ0cMrFF54yM49.png\",\"contentUrl\":\"https:\/\/guineediversite.com\/wp-content\/uploads\/2017\/04\/cropped-1jojlxEOMkX9Wyqfhe43D6kjPOGqBBKmx3EwWJqZ0cMrFF54yM49.png\",\"width\":186,\"height\":112,\"caption\":\"Guin\u00e9e Diversit\u00e9\"},\"image\":{\"@id\":\"https:\/\/guineediversite.com\/#\/schema\/logo\/image\/\"},\"sameAs\":[\"https:\/\/www.facebook.com\/guineediversite\/\",\"https:\/\/x.com\/GuineeDiversite\",\"https:\/\/www.youtube.com\/channel\/UC8sUY16qelG5ge6_D5SB83g\"]},{\"@type\":\"Person\",\"@id\":\"https:\/\/guineediversite.com\/#\/schema\/person\/fa362494c47202ce4b3adf55abcc9d01\",\"name\":\"Morcire Camara\",\"image\":{\"@type\":\"ImageObject\",\"inLanguage\":\"fr-FR\",\"@id\":\"https:\/\/guineediversite.com\/#\/schema\/person\/image\/\",\"url\":\"https:\/\/secure.gravatar.com\/avatar\/3ec324f02295bbcebe03d99b39330ab4?s=96&d=mm&r=g\",\"contentUrl\":\"https:\/\/secure.gravatar.com\/avatar\/3ec324f02295bbcebe03d99b39330ab4?s=96&d=mm&r=g\",\"caption\":\"Morcire Camara\"},\"url\":\"https:\/\/guineediversite.com\/index.php\/author\/morcire\/\"}]}<\/script>\n<!-- \/ Yoast SEO plugin. -->","yoast_head_json":{"title":"Le pr\u00e9sident Alpha Cond\u00e9 s\u2019est enfin engag\u00e9 d\u2019\u00eatre candidat de sa formation politique | Guin\u00e9e Diversit\u00e9","robots":{"index":"index","follow":"follow","max-snippet":"max-snippet:-1","max-image-preview":"max-image-preview:large","max-video-preview":"max-video-preview:-1"},"canonical":"https:\/\/guineediversite.com\/index.php\/2020\/09\/02\/le-president-alpha-conde-sest-enfin-engage-detre-candidat-de-sa-formation-politique\/","og_locale":"fr_FR","og_type":"article","og_title":"Le pr\u00e9sident Alpha Cond\u00e9 s\u2019est enfin engag\u00e9 d\u2019\u00eatre candidat de sa formation politique | Guin\u00e9e Diversit\u00e9","og_description":"Le chef de l\u2019\u00c9tat Alpha Cond\u00e9 s\u2019est enfin exprim\u00e9 sur sa candidature \u00e0 l\u2019\u00e9lection pr\u00e9sidentielle du 18 octobre prochain. Ce mardi lors des assises des femmes de la mouvance et des partis alli\u00e9s tenus au palais du peuple, le pr\u00e9sident en r\u00e9ponse au sollicitation des femmes pr\u00e9sentent \u00e0 cette c\u00e9r\u00e9monie, affirme qu\u2019il s\u2019engage \u00e0 accepter [&hellip;]","og_url":"https:\/\/guineediversite.com\/index.php\/2020\/09\/02\/le-president-alpha-conde-sest-enfin-engage-detre-candidat-de-sa-formation-politique\/","og_site_name":"Guin\u00e9e Diversit\u00e9","article_publisher":"https:\/\/www.facebook.com\/guineediversite\/","article_published_time":"2020-09-02T16:51:12+00:00","article_modified_time":"2020-09-02T17:24:31+00:00","og_image":[{"width":1500,"height":844,"url":"https:\/\/guineediversite.com\/wp-content\/uploads\/2020\/09\/ALPHA-3.jpg","type":"image\/jpeg"}],"author":"Morcire Camara","twitter_card":"summary_large_image","twitter_creator":"@GuineeDiversite","twitter_site":"@GuineeDiversite","twitter_misc":{"\u00c9crit par":"Morcire Camara","Dur\u00e9e de lecture estim\u00e9e":"2 minutes"},"schema":{"@context":"https:\/\/schema.org","@graph":[{"@type":"Article","@id":"https:\/\/guineediversite.com\/index.php\/2020\/09\/02\/le-president-alpha-conde-sest-enfin-engage-detre-candidat-de-sa-formation-politique\/#article","isPartOf":{"@id":"https:\/\/guineediversite.com\/index.php\/2020\/09\/02\/le-president-alpha-conde-sest-enfin-engage-detre-candidat-de-sa-formation-politique\/"},"author":{"name":"Morcire Camara","@id":"https:\/\/guineediversite.com\/#\/schema\/person\/fa362494c47202ce4b3adf55abcc9d01"},"headline":"Le pr\u00e9sident Alpha Cond\u00e9 s\u2019est enfin engag\u00e9 d\u2019\u00eatre candidat de sa formation politique","datePublished":"2020-09-02T16:51:12+00:00","dateModified":"2020-09-02T17:24:31+00:00","mainEntityOfPage":{"@id":"https:\/\/guineediversite.com\/index.php\/2020\/09\/02\/le-president-alpha-conde-sest-enfin-engage-detre-candidat-de-sa-formation-politique\/"},"wordCount":372,"publisher":{"@id":"https:\/\/guineediversite.com\/#organization"},"image":{"@id":"https:\/\/guineediversite.com\/index.php\/2020\/09\/02\/le-president-alpha-conde-sest-enfin-engage-detre-candidat-de-sa-formation-politique\/#primaryimage"},"thumbnailUrl":"https:\/\/guineediversite.com\/wp-content\/uploads\/2020\/09\/ALPHA-3.jpg","articleSection":["Derni\u00e8re minute","Politique"],"inLanguage":"fr-FR"},{"@type":"WebPage","@id":"https:\/\/guineediversite.com\/index.php\/2020\/09\/02\/le-president-alpha-conde-sest-enfin-engage-detre-candidat-de-sa-formation-politique\/","url":"https:\/\/guineediversite.com\/index.php\/2020\/09\/02\/le-president-alpha-conde-sest-enfin-engage-detre-candidat-de-sa-formation-politique\/","name":"Le pr\u00e9sident Alpha Cond\u00e9 s\u2019est enfin engag\u00e9 d\u2019\u00eatre candidat de sa formation politique | Guin\u00e9e Diversit\u00e9","isPartOf":{"@id":"https:\/\/guineediversite.com\/#website"},"primaryImageOfPage":{"@id":"https:\/\/guineediversite.com\/index.php\/2020\/09\/02\/le-president-alpha-conde-sest-enfin-engage-detre-candidat-de-sa-formation-politique\/#primaryimage"},"image":{"@id":"https:\/\/guineediversite.com\/index.php\/2020\/09\/02\/le-president-alpha-conde-sest-enfin-engage-detre-candidat-de-sa-formation-politique\/#primaryimage"},"thumbnailUrl":"https:\/\/guineediversite.com\/wp-content\/uploads\/2020\/09\/ALPHA-3.jpg","datePublished":"2020-09-02T16:51:12+00:00","dateModified":"2020-09-02T17:24:31+00:00","breadcrumb":{"@id":"https:\/\/guineediversite.com\/index.php\/2020\/09\/02\/le-president-alpha-conde-sest-enfin-engage-detre-candidat-de-sa-formation-politique\/#breadcrumb"},"inLanguage":"fr-FR","potentialAction":[{"@type":"ReadAction","target":["https:\/\/guineediversite.com\/index.php\/2020\/09\/02\/le-president-alpha-conde-sest-enfin-engage-detre-candidat-de-sa-formation-politique\/"]}]},{"@type":"ImageObject","inLanguage":"fr-FR","@id":"https:\/\/guineediversite.com\/index.php\/2020\/09\/02\/le-president-alpha-conde-sest-enfin-engage-detre-candidat-de-sa-formation-politique\/#primaryimage","url":"https:\/\/guineediversite.com\/wp-content\/uploads\/2020\/09\/ALPHA-3.jpg","contentUrl":"https:\/\/guineediversite.com\/wp-content\/uploads\/2020\/09\/ALPHA-3.jpg","width":1500,"height":844},{"@type":"BreadcrumbList","@id":"https:\/\/guineediversite.com\/index.php\/2020\/09\/02\/le-president-alpha-conde-sest-enfin-engage-detre-candidat-de-sa-formation-politique\/#breadcrumb","itemListElement":[{"@type":"ListItem","position":1,"name":"Accueil","item":"https:\/\/guineediversite.com\/"},{"@type":"ListItem","position":2,"name":"Le pr\u00e9sident Alpha Cond\u00e9 s\u2019est enfin engag\u00e9 d\u2019\u00eatre candidat de sa formation politique"}]},{"@type":"WebSite","@id":"https:\/\/guineediversite.com\/#website","url":"https:\/\/guineediversite.com\/","name":"Guin\u00e9e Diversit\u00e9","description":"L&#039;Info dans toute sa diversit\u00e9","publisher":{"@id":"https:\/\/guineediversite.com\/#organization"},"potentialAction":[{"@type":"SearchAction","target":{"@type":"EntryPoint","urlTemplate":"https:\/\/guineediversite.com\/?s={search_term_string}"},"query-input":{"@type":"PropertyValueSpecification","valueRequired":true,"valueName":"search_term_string"}}],"inLanguage":"fr-FR"},{"@type":"Organization","@id":"https:\/\/guineediversite.com\/#organization","name":"Guin\u00e9e Diversit\u00e9","url":"https:\/\/guineediversite.com\/","logo":{"@type":"ImageObject","inLanguage":"fr-FR","@id":"https:\/\/guineediversite.com\/#\/schema\/logo\/image\/","url":"https:\/\/guineediversite.com\/wp-content\/uploads\/2017\/04\/cropped-1jojlxEOMkX9Wyqfhe43D6kjPOGqBBKmx3EwWJqZ0cMrFF54yM49.png","contentUrl":"https:\/\/guineediversite.com\/wp-content\/uploads\/2017\/04\/cropped-1jojlxEOMkX9Wyqfhe43D6kjPOGqBBKmx3EwWJqZ0cMrFF54yM49.png","width":186,"height":112,"caption":"Guin\u00e9e Diversit\u00e9"},"image":{"@id":"https:\/\/guineediversite.com\/#\/schema\/logo\/image\/"},"sameAs":["https:\/\/www.facebook.com\/guineediversite\/","https:\/\/x.com\/GuineeDiversite","https:\/\/www.youtube.com\/channel\/UC8sUY16qelG5ge6_D5SB83g"]},{"@type":"Person","@id":"https:\/\/guineediversite.com\/#\/schema\/person\/fa362494c47202ce4b3adf55abcc9d01","name":"Morcire Camara","image":{"@type":"ImageObject","inLanguage":"fr-FR","@id":"https:\/\/guineediversite.com\/#\/schema\/person\/image\/","url":"https:\/\/secure.gravatar.com\/avatar\/3ec324f02295bbcebe03d99b39330ab4?s=96&d=mm&r=g","contentUrl":"https:\/\/secure.gravatar.com\/avatar\/3ec324f02295bbcebe03d99b39330ab4?s=96&d=mm&r=g","caption":"Morcire Camara"},"url":"https:\/\/guineediversite.com\/index.php\/author\/morcire\/"}]}},"_links":{"self":[{"href":"https:\/\/guineediversite.com\/index.php\/wp-json\/wp\/v2\/posts\/30438"}],"collection":[{"href":"https:\/\/guineediversite.com\/index.php\/wp-json\/wp\/v2\/posts"}],"about":[{"href":"https:\/\/guineediversite.com\/index.php\/wp-json\/wp\/v2\/types\/post"}],"author":[{"embeddable":true,"href":"https:\/\/guineediversite.com\/index.php\/wp-json\/wp\/v2\/users\/10"}],"replies":[{"embeddable":true,"href":"https:\/\/guineediversite.com\/index.php\/wp-json\/wp\/v2\/comments?post=30438"}],"version-history":[{"count":3,"href":"https:\/\/guineediversite.com\/index.php\/wp-json\/wp\/v2\/posts\/30438\/revisions"}],"predecessor-version":[{"id":30452,"href":"https:\/\/guineediversite.com\/index.php\/wp-json\/wp\/v2\/posts\/30438\/revisions\/30452"}],"wp:featuredmedia":[{"embeddable":true,"href":"https:\/\/guineediversite.com\/index.php\/wp-json\/wp\/v2\/media\/30442"}],"wp:attachment":[{"href":"https:\/\/guineediversite.com\/index.php\/wp-json\/wp\/v2\/media?parent=30438"}],"wp:term":[{"taxonomy":"category","embeddable":true,"href":"https:\/\/guineediversite.com\/index.php\/wp-json\/wp\/v2\/categories?post=30438"},{"taxonomy":"post_tag","embeddable":true,"href":"https:\/\/guineediversite.com\/index.php\/wp-json\/wp\/v2\/tags?post=30438"}],"curies":[{"name":"wp","href":"https:\/\/api.w.org\/{rel}","templated":true}]}}