{"id":30432,"date":"2020-09-01T18:20:10","date_gmt":"2020-09-01T16:20:10","guid":{"rendered":"https:\/\/guineediversite.com\/?p=30432"},"modified":"2020-09-01T18:20:10","modified_gmt":"2020-09-01T16:20:10","slug":"des-migrants-sinstallent-devant-la-mairie-de-paris-pour-reclamer-un-logement-decent","status":"publish","type":"post","link":"https:\/\/guineediversite.com\/index.php\/2020\/09\/01\/des-migrants-sinstallent-devant-la-mairie-de-paris-pour-reclamer-un-logement-decent\/","title":{"rendered":"Des migrants s&rsquo;installent devant la mairie de Paris pour r\u00e9clamer un logement d\u00e9cent"},"content":{"rendered":"<p><strong>Ils sont Ivoiriens, Somaliens ou Afghans, essentiellement des familles et des femmes isol\u00e9es. Ces quelque 200 migrants ont plant\u00e9 leur tente lundi 31 ao\u00fbt au\u00a0soir devant l&rsquo;H\u00f4tel de ville de Paris. Leur objectif\u00a0: attirer l&rsquo;attention pour tenter d&rsquo;obtenir un logement d\u00e9cent.<\/strong><\/p>\n<p>Sur le parvis de l\u2019H\u00f4tel de ville \u00e0 Paris, il y a l\u00e0 bien rang\u00e9 des dizaines de tentes. Certaines abritent des familles avec enfants, pr\u00e8s d\u2019une soixantaine de mineurs dont 17 de moins de trois\u00a0ans. Une jeune femme doit accoucher incessamment sous peu de jumeaux, une autre a install\u00e9 devant son abri de fortune le fauteuil roulant dont elle a besoin pour se d\u00e9placer.<\/p>\n<p>Avant d\u2019\u00eatre ici, ces personnes pour la plupart venues d\u2019Afrique\u00a0<a href=\"https:\/\/www.rfi.fr\/fr\/france\/20200128-pr%C3%A8s-1500-migrants-%C3%A9vacu%C3%A9s-camp-nord-paris\"><strong>campaient aux portes de Paris dans le nord de la capitale.<\/strong><\/a>\u00a0L\u2019association Utopia 56, qui tente de les aider \u00e0 trouver un h\u00e9bergement chaque jour, d\u00e9crit des descentes de police quasi quotidienne obligeant ces \u00e9trangers \u00e0 se d\u00e9placer de quelques m\u00e8tres. Les emails envoy\u00e9s par l\u2019ONG ces derni\u00e8res semaines \u00e0 la pr\u00e9fecture et \u00e0 la mairie sont rest\u00e9s sans r\u00e9ponses.\u00a0<strong>\u00a0<\/strong><\/p>\n<p><strong>Proc\u00e9dures au ralenti<\/strong><\/p>\n<p>La moiti\u00e9 des personnes rencontr\u00e9es ici sont en cours de demandes d\u2019asile. L\u2019autre n\u2019est pas parvenue \u00e0 d\u00e9crocher le premier rendez-vous n\u00e9cessaire aux d\u00e9marches. La crise sanitaire et les cong\u00e9s d\u2019\u00e9t\u00e9 ont encore ralenti les proc\u00e9dures. B\u00e9n\u00e9dicte, arriv\u00e9e de RDC il y a deux mois, appelle en vain chaque jour le num\u00e9ro de t\u00e9l\u00e9phone unique de l\u2019Office fran\u00e7ais de l&rsquo;immigration et de l&rsquo;int\u00e9gration (Ofii), le service de l\u2019immigration fran\u00e7ais, qui sonne dans le vide.<\/p>\n<p>En s\u2019installant en plein c\u0153ur de Paris, au pied de l&rsquo;H\u00f4tel de ville, ces exil\u00e9s esp\u00e8rent \u00eatre vus, entendus et enfin log\u00e9s d\u00e9cemment.<\/p>\n<p><strong>RFI <\/strong><\/p>\n","protected":false},"excerpt":{"rendered":"<p>Ils sont Ivoiriens, Somaliens ou Afghans, essentiellement des familles et des femmes isol\u00e9es. Ces quelque 200 migrants ont plant\u00e9 leur tente lundi 31 ao\u00fbt au\u00a0soir devant l&rsquo;H\u00f4tel de ville de Paris. Leur objectif\u00a0: attirer l&rsquo;attention pour tenter d&rsquo;obtenir un logement d\u00e9cent. Sur le parvis de l\u2019H\u00f4tel de ville \u00e0 Paris, il y a l\u00e0 bien [&hellip;]<\/p>\n","protected":false},"author":12,"featured_media":30433,"comment_status":"closed","ping_status":"open","sticky":false,"template":"","format":"standard","meta":{"_exactmetrics_skip_tracking":false,"_exactmetrics_sitenote_active":false,"_exactmetrics_sitenote_note":"","_exactmetrics_sitenote_category":0,"tdm_status":"","tdm_grid_status":"","footnotes":""},"categories":[21],"tags":[],"class_list":{"0":"post-30432","1":"post","2":"type-post","3":"status-publish","4":"format-standard","5":"has-post-thumbnail","7":"category-international"},"yoast_head":"<!-- This site is optimized with the Yoast SEO plugin v24.2 - https:\/\/yoast.com\/wordpress\/plugins\/seo\/ -->\n<title>Des migrants s&#039;installent devant la mairie de Paris pour r\u00e9clamer un logement d\u00e9cent | Guin\u00e9e Diversit\u00e9<\/title>\n<meta name=\"robots\" content=\"index, follow, max-snippet:-1, max-image-preview:large, max-video-preview:-1\" \/>\n<link rel=\"canonical\" href=\"https:\/\/guineediversite.com\/index.php\/2020\/09\/01\/des-migrants-sinstallent-devant-la-mairie-de-paris-pour-reclamer-un-logement-decent\/\" \/>\n<meta property=\"og:locale\" content=\"fr_FR\" \/>\n<meta property=\"og:type\" content=\"article\" \/>\n<meta property=\"og:title\" content=\"Des migrants s&#039;installent devant la mairie de Paris pour r\u00e9clamer un logement d\u00e9cent | Guin\u00e9e Diversit\u00e9\" \/>\n<meta property=\"og:description\" content=\"Ils sont Ivoiriens, Somaliens ou Afghans, essentiellement des familles et des femmes isol\u00e9es. Ces quelque 200 migrants ont plant\u00e9 leur tente lundi 31 ao\u00fbt au\u00a0soir devant l&rsquo;H\u00f4tel de ville de Paris. Leur objectif\u00a0: attirer l&rsquo;attention pour tenter d&rsquo;obtenir un logement d\u00e9cent. Sur le parvis de l\u2019H\u00f4tel de ville \u00e0 Paris, il y a l\u00e0 bien [&hellip;]\" \/>\n<meta property=\"og:url\" content=\"https:\/\/guineediversite.com\/index.php\/2020\/09\/01\/des-migrants-sinstallent-devant-la-mairie-de-paris-pour-reclamer-un-logement-decent\/\" \/>\n<meta property=\"og:site_name\" content=\"Guin\u00e9e Diversit\u00e9\" \/>\n<meta property=\"article:publisher\" content=\"https:\/\/www.facebook.com\/guineediversite\/\" \/>\n<meta property=\"article:published_time\" content=\"2020-09-01T16:20:10+00:00\" \/>\n<meta property=\"og:image\" content=\"https:\/\/guineediversite.com\/wp-content\/uploads\/2020\/09\/Environ-200-migrants-ont-install\u00e9-leurs-tentes-devant-lH\u00f4tel-de-ville-de-Paris-lundi-31-ao\u00fbt-au-soir..jpg\" \/>\n\t<meta property=\"og:image:width\" content=\"1500\" \/>\n\t<meta property=\"og:image:height\" content=\"1500\" \/>\n\t<meta property=\"og:image:type\" content=\"image\/jpeg\" \/>\n<meta name=\"author\" content=\"Guin\u00e9e Diversit\u00e9\" \/>\n<meta name=\"twitter:card\" content=\"summary_large_image\" \/>\n<meta name=\"twitter:creator\" content=\"@GuineeDiversite\" \/>\n<meta name=\"twitter:site\" content=\"@GuineeDiversite\" \/>\n<meta name=\"twitter:label1\" content=\"\u00c9crit par\" \/>\n\t<meta name=\"twitter:data1\" content=\"Guin\u00e9e Diversit\u00e9\" \/>\n\t<meta name=\"twitter:label2\" content=\"Dur\u00e9e de lecture estim\u00e9e\" \/>\n\t<meta name=\"twitter:data2\" content=\"2 minutes\" \/>\n<script type=\"application\/ld+json\" class=\"yoast-schema-graph\">{\"@context\":\"https:\/\/schema.org\",\"@graph\":[{\"@type\":\"Article\",\"@id\":\"https:\/\/guineediversite.com\/index.php\/2020\/09\/01\/des-migrants-sinstallent-devant-la-mairie-de-paris-pour-reclamer-un-logement-decent\/#article\",\"isPartOf\":{\"@id\":\"https:\/\/guineediversite.com\/index.php\/2020\/09\/01\/des-migrants-sinstallent-devant-la-mairie-de-paris-pour-reclamer-un-logement-decent\/\"},\"author\":{\"name\":\"Guin\u00e9e Diversit\u00e9\",\"@id\":\"https:\/\/guineediversite.com\/#\/schema\/person\/afa08fb34e7fc6e1feafc892612bc836\"},\"headline\":\"Des migrants s&rsquo;installent devant la mairie de Paris pour r\u00e9clamer un logement d\u00e9cent\",\"datePublished\":\"2020-09-01T16:20:10+00:00\",\"dateModified\":\"2020-09-01T16:20:10+00:00\",\"mainEntityOfPage\":{\"@id\":\"https:\/\/guineediversite.com\/index.php\/2020\/09\/01\/des-migrants-sinstallent-devant-la-mairie-de-paris-pour-reclamer-un-logement-decent\/\"},\"wordCount\":342,\"publisher\":{\"@id\":\"https:\/\/guineediversite.com\/#organization\"},\"image\":{\"@id\":\"https:\/\/guineediversite.com\/index.php\/2020\/09\/01\/des-migrants-sinstallent-devant-la-mairie-de-paris-pour-reclamer-un-logement-decent\/#primaryimage\"},\"thumbnailUrl\":\"https:\/\/guineediversite.com\/wp-content\/uploads\/2020\/09\/Environ-200-migrants-ont-install\u00e9-leurs-tentes-devant-lH\u00f4tel-de-ville-de-Paris-lundi-31-ao\u00fbt-au-soir..jpg\",\"articleSection\":[\"International\"],\"inLanguage\":\"fr-FR\"},{\"@type\":\"WebPage\",\"@id\":\"https:\/\/guineediversite.com\/index.php\/2020\/09\/01\/des-migrants-sinstallent-devant-la-mairie-de-paris-pour-reclamer-un-logement-decent\/\",\"url\":\"https:\/\/guineediversite.com\/index.php\/2020\/09\/01\/des-migrants-sinstallent-devant-la-mairie-de-paris-pour-reclamer-un-logement-decent\/\",\"name\":\"Des migrants s'installent devant la mairie de Paris pour r\u00e9clamer un logement d\u00e9cent | Guin\u00e9e Diversit\u00e9\",\"isPartOf\":{\"@id\":\"https:\/\/guineediversite.com\/#website\"},\"primaryImageOfPage\":{\"@id\":\"https:\/\/guineediversite.com\/index.php\/2020\/09\/01\/des-migrants-sinstallent-devant-la-mairie-de-paris-pour-reclamer-un-logement-decent\/#primaryimage\"},\"image\":{\"@id\":\"https:\/\/guineediversite.com\/index.php\/2020\/09\/01\/des-migrants-sinstallent-devant-la-mairie-de-paris-pour-reclamer-un-logement-decent\/#primaryimage\"},\"thumbnailUrl\":\"https:\/\/guineediversite.com\/wp-content\/uploads\/2020\/09\/Environ-200-migrants-ont-install\u00e9-leurs-tentes-devant-lH\u00f4tel-de-ville-de-Paris-lundi-31-ao\u00fbt-au-soir..jpg\",\"datePublished\":\"2020-09-01T16:20:10+00:00\",\"dateModified\":\"2020-09-01T16:20:10+00:00\",\"breadcrumb\":{\"@id\":\"https:\/\/guineediversite.com\/index.php\/2020\/09\/01\/des-migrants-sinstallent-devant-la-mairie-de-paris-pour-reclamer-un-logement-decent\/#breadcrumb\"},\"inLanguage\":\"fr-FR\",\"potentialAction\":[{\"@type\":\"ReadAction\",\"target\":[\"https:\/\/guineediversite.com\/index.php\/2020\/09\/01\/des-migrants-sinstallent-devant-la-mairie-de-paris-pour-reclamer-un-logement-decent\/\"]}]},{\"@type\":\"ImageObject\",\"inLanguage\":\"fr-FR\",\"@id\":\"https:\/\/guineediversite.com\/index.php\/2020\/09\/01\/des-migrants-sinstallent-devant-la-mairie-de-paris-pour-reclamer-un-logement-decent\/#primaryimage\",\"url\":\"https:\/\/guineediversite.com\/wp-content\/uploads\/2020\/09\/Environ-200-migrants-ont-install\u00e9-leurs-tentes-devant-lH\u00f4tel-de-ville-de-Paris-lundi-31-ao\u00fbt-au-soir..jpg\",\"contentUrl\":\"https:\/\/guineediversite.com\/wp-content\/uploads\/2020\/09\/Environ-200-migrants-ont-install\u00e9-leurs-tentes-devant-lH\u00f4tel-de-ville-de-Paris-lundi-31-ao\u00fbt-au-soir..jpg\",\"width\":1500,\"height\":1500},{\"@type\":\"BreadcrumbList\",\"@id\":\"https:\/\/guineediversite.com\/index.php\/2020\/09\/01\/des-migrants-sinstallent-devant-la-mairie-de-paris-pour-reclamer-un-logement-decent\/#breadcrumb\",\"itemListElement\":[{\"@type\":\"ListItem\",\"position\":1,\"name\":\"Accueil\",\"item\":\"https:\/\/guineediversite.com\/\"},{\"@type\":\"ListItem\",\"position\":2,\"name\":\"Des migrants s&rsquo;installent devant la mairie de Paris pour r\u00e9clamer un logement d\u00e9cent\"}]},{\"@type\":\"WebSite\",\"@id\":\"https:\/\/guineediversite.com\/#website\",\"url\":\"https:\/\/guineediversite.com\/\",\"name\":\"Guin\u00e9e Diversit\u00e9\",\"description\":\"L&#039;Info dans toute sa diversit\u00e9\",\"publisher\":{\"@id\":\"https:\/\/guineediversite.com\/#organization\"},\"potentialAction\":[{\"@type\":\"SearchAction\",\"target\":{\"@type\":\"EntryPoint\",\"urlTemplate\":\"https:\/\/guineediversite.com\/?s={search_term_string}\"},\"query-input\":{\"@type\":\"PropertyValueSpecification\",\"valueRequired\":true,\"valueName\":\"search_term_string\"}}],\"inLanguage\":\"fr-FR\"},{\"@type\":\"Organization\",\"@id\":\"https:\/\/guineediversite.com\/#organization\",\"name\":\"Guin\u00e9e Diversit\u00e9\",\"url\":\"https:\/\/guineediversite.com\/\",\"logo\":{\"@type\":\"ImageObject\",\"inLanguage\":\"fr-FR\",\"@id\":\"https:\/\/guineediversite.com\/#\/schema\/logo\/image\/\",\"url\":\"https:\/\/guineediversite.com\/wp-content\/uploads\/2017\/04\/cropped-1jojlxEOMkX9Wyqfhe43D6kjPOGqBBKmx3EwWJqZ0cMrFF54yM49.png\",\"contentUrl\":\"https:\/\/guineediversite.com\/wp-content\/uploads\/2017\/04\/cropped-1jojlxEOMkX9Wyqfhe43D6kjPOGqBBKmx3EwWJqZ0cMrFF54yM49.png\",\"width\":186,\"height\":112,\"caption\":\"Guin\u00e9e Diversit\u00e9\"},\"image\":{\"@id\":\"https:\/\/guineediversite.com\/#\/schema\/logo\/image\/\"},\"sameAs\":[\"https:\/\/www.facebook.com\/guineediversite\/\",\"https:\/\/x.com\/GuineeDiversite\",\"https:\/\/www.youtube.com\/channel\/UC8sUY16qelG5ge6_D5SB83g\"]},{\"@type\":\"Person\",\"@id\":\"https:\/\/guineediversite.com\/#\/schema\/person\/afa08fb34e7fc6e1feafc892612bc836\",\"name\":\"Guin\u00e9e Diversit\u00e9\",\"image\":{\"@type\":\"ImageObject\",\"inLanguage\":\"fr-FR\",\"@id\":\"https:\/\/guineediversite.com\/#\/schema\/person\/image\/\",\"url\":\"https:\/\/secure.gravatar.com\/avatar\/50d5eb5b390f8b65ac30ac6f898eb83a?s=96&d=mm&r=g\",\"contentUrl\":\"https:\/\/secure.gravatar.com\/avatar\/50d5eb5b390f8b65ac30ac6f898eb83a?s=96&d=mm&r=g\",\"caption\":\"Guin\u00e9e Diversit\u00e9\"},\"url\":\"https:\/\/guineediversite.com\/index.php\/author\/guineediversite\/\"}]}<\/script>\n<!-- \/ Yoast SEO plugin. -->","yoast_head_json":{"title":"Des migrants s'installent devant la mairie de Paris pour r\u00e9clamer un logement d\u00e9cent | Guin\u00e9e Diversit\u00e9","robots":{"index":"index","follow":"follow","max-snippet":"max-snippet:-1","max-image-preview":"max-image-preview:large","max-video-preview":"max-video-preview:-1"},"canonical":"https:\/\/guineediversite.com\/index.php\/2020\/09\/01\/des-migrants-sinstallent-devant-la-mairie-de-paris-pour-reclamer-un-logement-decent\/","og_locale":"fr_FR","og_type":"article","og_title":"Des migrants s'installent devant la mairie de Paris pour r\u00e9clamer un logement d\u00e9cent | Guin\u00e9e Diversit\u00e9","og_description":"Ils sont Ivoiriens, Somaliens ou Afghans, essentiellement des familles et des femmes isol\u00e9es. Ces quelque 200 migrants ont plant\u00e9 leur tente lundi 31 ao\u00fbt au\u00a0soir devant l&rsquo;H\u00f4tel de ville de Paris. Leur objectif\u00a0: attirer l&rsquo;attention pour tenter d&rsquo;obtenir un logement d\u00e9cent. Sur le parvis de l\u2019H\u00f4tel de ville \u00e0 Paris, il y a l\u00e0 bien [&hellip;]","og_url":"https:\/\/guineediversite.com\/index.php\/2020\/09\/01\/des-migrants-sinstallent-devant-la-mairie-de-paris-pour-reclamer-un-logement-decent\/","og_site_name":"Guin\u00e9e Diversit\u00e9","article_publisher":"https:\/\/www.facebook.com\/guineediversite\/","article_published_time":"2020-09-01T16:20:10+00:00","og_image":[{"width":1500,"height":1500,"url":"https:\/\/guineediversite.com\/wp-content\/uploads\/2020\/09\/Environ-200-migrants-ont-install\u00e9-leurs-tentes-devant-lH\u00f4tel-de-ville-de-Paris-lundi-31-ao\u00fbt-au-soir..jpg","type":"image\/jpeg"}],"author":"Guin\u00e9e Diversit\u00e9","twitter_card":"summary_large_image","twitter_creator":"@GuineeDiversite","twitter_site":"@GuineeDiversite","twitter_misc":{"\u00c9crit par":"Guin\u00e9e Diversit\u00e9","Dur\u00e9e de lecture estim\u00e9e":"2 minutes"},"schema":{"@context":"https:\/\/schema.org","@graph":[{"@type":"Article","@id":"https:\/\/guineediversite.com\/index.php\/2020\/09\/01\/des-migrants-sinstallent-devant-la-mairie-de-paris-pour-reclamer-un-logement-decent\/#article","isPartOf":{"@id":"https:\/\/guineediversite.com\/index.php\/2020\/09\/01\/des-migrants-sinstallent-devant-la-mairie-de-paris-pour-reclamer-un-logement-decent\/"},"author":{"name":"Guin\u00e9e Diversit\u00e9","@id":"https:\/\/guineediversite.com\/#\/schema\/person\/afa08fb34e7fc6e1feafc892612bc836"},"headline":"Des migrants s&rsquo;installent devant la mairie de Paris pour r\u00e9clamer un logement d\u00e9cent","datePublished":"2020-09-01T16:20:10+00:00","dateModified":"2020-09-01T16:20:10+00:00","mainEntityOfPage":{"@id":"https:\/\/guineediversite.com\/index.php\/2020\/09\/01\/des-migrants-sinstallent-devant-la-mairie-de-paris-pour-reclamer-un-logement-decent\/"},"wordCount":342,"publisher":{"@id":"https:\/\/guineediversite.com\/#organization"},"image":{"@id":"https:\/\/guineediversite.com\/index.php\/2020\/09\/01\/des-migrants-sinstallent-devant-la-mairie-de-paris-pour-reclamer-un-logement-decent\/#primaryimage"},"thumbnailUrl":"https:\/\/guineediversite.com\/wp-content\/uploads\/2020\/09\/Environ-200-migrants-ont-install\u00e9-leurs-tentes-devant-lH\u00f4tel-de-ville-de-Paris-lundi-31-ao\u00fbt-au-soir..jpg","articleSection":["International"],"inLanguage":"fr-FR"},{"@type":"WebPage","@id":"https:\/\/guineediversite.com\/index.php\/2020\/09\/01\/des-migrants-sinstallent-devant-la-mairie-de-paris-pour-reclamer-un-logement-decent\/","url":"https:\/\/guineediversite.com\/index.php\/2020\/09\/01\/des-migrants-sinstallent-devant-la-mairie-de-paris-pour-reclamer-un-logement-decent\/","name":"Des migrants s'installent devant la mairie de Paris pour r\u00e9clamer un logement d\u00e9cent | Guin\u00e9e Diversit\u00e9","isPartOf":{"@id":"https:\/\/guineediversite.com\/#website"},"primaryImageOfPage":{"@id":"https:\/\/guineediversite.com\/index.php\/2020\/09\/01\/des-migrants-sinstallent-devant-la-mairie-de-paris-pour-reclamer-un-logement-decent\/#primaryimage"},"image":{"@id":"https:\/\/guineediversite.com\/index.php\/2020\/09\/01\/des-migrants-sinstallent-devant-la-mairie-de-paris-pour-reclamer-un-logement-decent\/#primaryimage"},"thumbnailUrl":"https:\/\/guineediversite.com\/wp-content\/uploads\/2020\/09\/Environ-200-migrants-ont-install\u00e9-leurs-tentes-devant-lH\u00f4tel-de-ville-de-Paris-lundi-31-ao\u00fbt-au-soir..jpg","datePublished":"2020-09-01T16:20:10+00:00","dateModified":"2020-09-01T16:20:10+00:00","breadcrumb":{"@id":"https:\/\/guineediversite.com\/index.php\/2020\/09\/01\/des-migrants-sinstallent-devant-la-mairie-de-paris-pour-reclamer-un-logement-decent\/#breadcrumb"},"inLanguage":"fr-FR","potentialAction":[{"@type":"ReadAction","target":["https:\/\/guineediversite.com\/index.php\/2020\/09\/01\/des-migrants-sinstallent-devant-la-mairie-de-paris-pour-reclamer-un-logement-decent\/"]}]},{"@type":"ImageObject","inLanguage":"fr-FR","@id":"https:\/\/guineediversite.com\/index.php\/2020\/09\/01\/des-migrants-sinstallent-devant-la-mairie-de-paris-pour-reclamer-un-logement-decent\/#primaryimage","url":"https:\/\/guineediversite.com\/wp-content\/uploads\/2020\/09\/Environ-200-migrants-ont-install\u00e9-leurs-tentes-devant-lH\u00f4tel-de-ville-de-Paris-lundi-31-ao\u00fbt-au-soir..jpg","contentUrl":"https:\/\/guineediversite.com\/wp-content\/uploads\/2020\/09\/Environ-200-migrants-ont-install\u00e9-leurs-tentes-devant-lH\u00f4tel-de-ville-de-Paris-lundi-31-ao\u00fbt-au-soir..jpg","width":1500,"height":1500},{"@type":"BreadcrumbList","@id":"https:\/\/guineediversite.com\/index.php\/2020\/09\/01\/des-migrants-sinstallent-devant-la-mairie-de-paris-pour-reclamer-un-logement-decent\/#breadcrumb","itemListElement":[{"@type":"ListItem","position":1,"name":"Accueil","item":"https:\/\/guineediversite.com\/"},{"@type":"ListItem","position":2,"name":"Des migrants s&rsquo;installent devant la mairie de Paris pour r\u00e9clamer un logement d\u00e9cent"}]},{"@type":"WebSite","@id":"https:\/\/guineediversite.com\/#website","url":"https:\/\/guineediversite.com\/","name":"Guin\u00e9e Diversit\u00e9","description":"L&#039;Info dans toute sa diversit\u00e9","publisher":{"@id":"https:\/\/guineediversite.com\/#organization"},"potentialAction":[{"@type":"SearchAction","target":{"@type":"EntryPoint","urlTemplate":"https:\/\/guineediversite.com\/?s={search_term_string}"},"query-input":{"@type":"PropertyValueSpecification","valueRequired":true,"valueName":"search_term_string"}}],"inLanguage":"fr-FR"},{"@type":"Organization","@id":"https:\/\/guineediversite.com\/#organization","name":"Guin\u00e9e Diversit\u00e9","url":"https:\/\/guineediversite.com\/","logo":{"@type":"ImageObject","inLanguage":"fr-FR","@id":"https:\/\/guineediversite.com\/#\/schema\/logo\/image\/","url":"https:\/\/guineediversite.com\/wp-content\/uploads\/2017\/04\/cropped-1jojlxEOMkX9Wyqfhe43D6kjPOGqBBKmx3EwWJqZ0cMrFF54yM49.png","contentUrl":"https:\/\/guineediversite.com\/wp-content\/uploads\/2017\/04\/cropped-1jojlxEOMkX9Wyqfhe43D6kjPOGqBBKmx3EwWJqZ0cMrFF54yM49.png","width":186,"height":112,"caption":"Guin\u00e9e Diversit\u00e9"},"image":{"@id":"https:\/\/guineediversite.com\/#\/schema\/logo\/image\/"},"sameAs":["https:\/\/www.facebook.com\/guineediversite\/","https:\/\/x.com\/GuineeDiversite","https:\/\/www.youtube.com\/channel\/UC8sUY16qelG5ge6_D5SB83g"]},{"@type":"Person","@id":"https:\/\/guineediversite.com\/#\/schema\/person\/afa08fb34e7fc6e1feafc892612bc836","name":"Guin\u00e9e Diversit\u00e9","image":{"@type":"ImageObject","inLanguage":"fr-FR","@id":"https:\/\/guineediversite.com\/#\/schema\/person\/image\/","url":"https:\/\/secure.gravatar.com\/avatar\/50d5eb5b390f8b65ac30ac6f898eb83a?s=96&d=mm&r=g","contentUrl":"https:\/\/secure.gravatar.com\/avatar\/50d5eb5b390f8b65ac30ac6f898eb83a?s=96&d=mm&r=g","caption":"Guin\u00e9e Diversit\u00e9"},"url":"https:\/\/guineediversite.com\/index.php\/author\/guineediversite\/"}]}},"_links":{"self":[{"href":"https:\/\/guineediversite.com\/index.php\/wp-json\/wp\/v2\/posts\/30432"}],"collection":[{"href":"https:\/\/guineediversite.com\/index.php\/wp-json\/wp\/v2\/posts"}],"about":[{"href":"https:\/\/guineediversite.com\/index.php\/wp-json\/wp\/v2\/types\/post"}],"author":[{"embeddable":true,"href":"https:\/\/guineediversite.com\/index.php\/wp-json\/wp\/v2\/users\/12"}],"replies":[{"embeddable":true,"href":"https:\/\/guineediversite.com\/index.php\/wp-json\/wp\/v2\/comments?post=30432"}],"version-history":[{"count":1,"href":"https:\/\/guineediversite.com\/index.php\/wp-json\/wp\/v2\/posts\/30432\/revisions"}],"predecessor-version":[{"id":30434,"href":"https:\/\/guineediversite.com\/index.php\/wp-json\/wp\/v2\/posts\/30432\/revisions\/30434"}],"wp:featuredmedia":[{"embeddable":true,"href":"https:\/\/guineediversite.com\/index.php\/wp-json\/wp\/v2\/media\/30433"}],"wp:attachment":[{"href":"https:\/\/guineediversite.com\/index.php\/wp-json\/wp\/v2\/media?parent=30432"}],"wp:term":[{"taxonomy":"category","embeddable":true,"href":"https:\/\/guineediversite.com\/index.php\/wp-json\/wp\/v2\/categories?post=30432"},{"taxonomy":"post_tag","embeddable":true,"href":"https:\/\/guineediversite.com\/index.php\/wp-json\/wp\/v2\/tags?post=30432"}],"curies":[{"name":"wp","href":"https:\/\/api.w.org\/{rel}","templated":true}]}}