{"id":30416,"date":"2020-08-31T13:39:57","date_gmt":"2020-08-31T11:39:57","guid":{"rendered":"https:\/\/guineediversite.com\/?p=30416"},"modified":"2020-08-31T13:39:57","modified_gmt":"2020-08-31T11:39:57","slug":"toujours-pas-de-gouvernement-au-mali","status":"publish","type":"post","link":"https:\/\/guineediversite.com\/index.php\/2020\/08\/31\/toujours-pas-de-gouvernement-au-mali\/","title":{"rendered":"Toujours pas de gouvernement au Mali"},"content":{"rendered":"<p>Les militaires au pouvoir et le mouvement de contestation M5-RFP n\u2019arrivent pas \u00e0 se mettre d\u2019accord au Mali.\u00a0Apr\u00e8s quelques p\u00e9rip\u00e9ties, les deux parties se sont rencontr\u00e9es samedi soir. Mais pour l\u2019instant, aucun accord n\u2019est en vue. \u00ab\u00a0<em>Apr\u00e8s la longue crise socio-politique et institutionnelle qui a fini par emporter, le 18 ao\u00fbt dernier, le r\u00e9gime incomp\u00e9tent et corrompu du pr\u00e9sident IBK, voici venir une crise de la transition,<\/em>\u00a0s\u2019exclame le quotidien\u00a0<em>L\u2019Ind\u00e9pendant<\/em>.\u00a0<em>Elle d\u00e9coule de ce que le CNSP a reni\u00e9 sa promesse faite dans sa proclamation du 19 ao\u00fbt de\u00a0<\/em>\u00ab\u00a0mettre en place une transition civile\u00a0\u00bb.\u00a0<em>Dans l\u2019Acte fondamental qu\u2019il a fait ins\u00e9rer dans le Journal officiel du 24 ao\u00fbt, son pr\u00e9sident, le colonel Assimi Go\u00efta, est pr\u00e9sent\u00e9 \u00e0 la fois comme pr\u00e9sident de la transition et chef de l\u2019\u00c9tat. Ce revirement inattendu a \u00e9t\u00e9 per\u00e7u par le M5-RFP, v\u00e9ritable artisan de la mise \u00e0 bas du syst\u00e8me, comme une tentative de lui voler sa victoire acquise au prix du sang de ses 23 martyrs, les militaires n\u2019ayant fait que parachever son \u0153uvre.\u00a0\u00bb<\/em>\u00bb<\/p>\n<p>Du\u00a0coup, poursuit<em>\u00a0L\u2019Ind\u00e9pendant<\/em>, \u00ab\u00a0<em>l\u2019imam Mahmoud Dicko et ses amis affirment ne pas vouloir donner carte blanche au CNSP pour faire ce qu\u2019il veut. \u00c7a n\u2019est pas encore une d\u00e9claration de guerre mais \u00e7a y ressemble. Or<\/em>, rel\u00e8ve encore le quotidien malien,\u00a0<em>dans l\u2019\u00e9tat de fragilisation extr\u00eame o\u00f9 il se trouve, le Mali survivrait difficilement \u00e0 une nouvelle confrontation de rue entre une partie de la population et l\u2019arm\u00e9e.<\/em>\u00a0\u00bb<\/p>\n<p>Pour\u00a0<em>Malikil\u00e9<\/em>, autre quotidien malien, \u00ab\u00a0<em>il n\u2019y a plus aucun doute sur la volont\u00e9 du CNSP de s\u2019emparer totalement du pouvoir au Mali<\/em>\u00a0\u00bb.<\/p>\n<p><strong>Les militaires trop m\u00e9fiants \u00e0 l\u2019\u00e9gard des civils<\/strong>\u00a0<strong>?<\/strong><\/p>\n<p>\u00ab\u00a0<em>Le CNSP a commis trois erreurs<\/em>\u00a0\u00bb,<a href=\"http:\/\/www.jeuneafrique.com\/1036644\/politique\/mali-apres-un-premier-couac-la-junte-et-le-m5-rfp-dissipent-tout-malentendu\/\"><strong>\u00a0estime dans<em>\u00a0Jeune Afrique<\/em><\/strong><\/a>,\u00a0Br\u00e9ma Ely Dicko, professeur de sociologie \u00e0 l\u2019universit\u00e9 de Bamako.\u00a0\u00bbD\u2019abord, les militaires ont discut\u00e9 seuls avec la C\u00e9d\u00e9ao, sans acteurs civils. Ensuite, ils ont \u00e9tabli l\u2019acte fondamental unilat\u00e9ralement en s\u2019arrogeant le pouvoir. Enfin<em>,\u00a0ajoute-t-il<\/em>, ils ont d\u00e9cid\u00e9 d\u2019organiser de fa\u00e7on unilat\u00e9rale la rencontre de samedi avec les forces politiques. Cela ressemblait \u00e0 une convocation\u00a0\u00bb<em>.\u00a0Pour un diplomate africain,<\/em>\u00a0poursuit\u00a0<em>Jeune Afrique<\/em>,<em>\u00a0l\u2019attitude de la junte traduit la m\u00e9fiance des militaires envers les hommes politiques.<\/em>\u00a0\u00ab\u00a0Le CNSP a expliqu\u00e9 \u00eatre l\u00e0 pour r\u00e9former le pays, et certains de ses membres ne veulent pas avoir \u00e0 composer avec des hommes politiques qui ont occup\u00e9 des fonctions dans de pr\u00e9c\u00e9dents gouvernements\u00a0\u00bb,\u00a0<em>explique-t-il sous couvert de l\u2019anonymat.\u00a0<\/em>\u00bb<\/p>\n<p>Et\u00a0<em>Jeune Afrique<\/em>\u00a0de s\u2019interroger\u00a0: \u00ab\u00a0<em>La rencontre de samedi a-t-elle r\u00e9ussi \u00e0 r\u00e9concilier le M5-RFP et le CNSP<\/em>\u00a0<em>? En tout cas, le contact est renou\u00e9<\/em>\u00a0\u00bb.<\/p>\n<p>Pour sa part, \u00ab\u00a0<em>la C\u00e9d\u00e9ao exige une transition civile pour un d\u00e9lai de 12 mois<\/em>\u00a0\u00bb, rapporte<a href=\"http:\/\/www.maliweb.net\/cedeao\/mali-la-cedao-exige-une-transition-civile-pour-un-delai-de-12-mois-2892848.html\"><strong>\u00a0le site d\u2019information Maliweb<\/strong><\/a>. \u00ab\u00a0<em>Les chefs d\u2019\u00c9tat ouest-africains demandent au CNSP d\u2019engager une<\/em>\u00a0\u00ab\u00a0transition civile imm\u00e9diatement\u00a0\u00bb\u00a0<em>en consultation avec la Cour constitutionnelle, les partis politiques et les organisations de la soci\u00e9t\u00e9 civile et tous les autres acteurs engag\u00e9s. Et cette transition civile doit donc \u00eatre dirig\u00e9e par une personnalit\u00e9 civile.<\/em>\u00a0\u00bb<\/p>\n<p>&nbsp;<\/p>\n<p><strong>Couper la poire en deux<\/strong>\u00a0<strong>?<\/strong><\/p>\n<p>&nbsp;<\/p>\n<p>Alors\u00a0un compromis pourrait se d\u00e9gager,\u00a0<a href=\"http:\/\/www.aujourd8.net\/1-an-de-transition-un-president-civil-proposes-par-la-cedeao-au-mal-vers-une-division-de-la-poire-en-2-par-le-cnsp\/\"><strong>estime le quotidien<em>\u00a0Aujourd\u2019hui<\/em><\/strong><\/a>\u00a0\u00e0 Ouagadougou\u00a0: \u00ab\u00a0<em>Pris entre le marteau de la C\u00e9d\u00e9ao et l\u2019enclume de l\u2019imam Dicko, les putschistes n\u2019ont qu\u2019une seule alternative, diviser la poire en deux. Un\u00a0<\/em>aggiornamento<em>\u00a0qui pourrait avoir l\u2019avantage de satisfaire tout le monde, C\u00e9d\u00e9ao, Maliens, France\u2026 Une transition de 12 mois, un pr\u00e9sident civil, un Premier ministre militaire, on pense \u00e0 Assimi Go\u00efta.<\/em>\u00a0\u00bb En quelque sorte, pointe\u00a0<em>Aujourd\u2019hui<\/em>, \u00ab\u00a0<em>un avatar de la transition burkinab\u00e8 pour permettre aux putschistes de \u00ab\u00a0<\/em>go\u00fbter au nectar\u00a0\u00bb\u00a0<em>appel\u00e9 pouvoir. Les militaires donneront l\u2019illusion de nettoyer les \u00e9curies d\u2019IBK et surtout permettront que des \u00e9lections se tiennent, dans un Mali ins\u00e9curis\u00e9<\/em>\u00a0<em>! Car c\u2019est certain, les soldats ne vont pas faire ce putsch pour aussit\u00f4t revenir dans les casernes. Serait-ce du reste une bonne id\u00e9e,<\/em>\u00a0s\u2019interroge Aujourd\u2019hui,\u00a0<em>pour ce Mali instable sur le plan s\u00e9curitaire<\/em>\u00a0<em>?<\/em>\u00a0\u00bb<\/p>\n<p><strong>RFI<\/strong><\/p>\n","protected":false},"excerpt":{"rendered":"<p>Les militaires au pouvoir et le mouvement de contestation M5-RFP n\u2019arrivent pas \u00e0 se mettre d\u2019accord au Mali.\u00a0Apr\u00e8s quelques p\u00e9rip\u00e9ties, les deux parties se sont rencontr\u00e9es samedi soir. Mais pour l\u2019instant, aucun accord n\u2019est en vue. \u00ab\u00a0Apr\u00e8s la longue crise socio-politique et institutionnelle qui a fini par emporter, le 18 ao\u00fbt dernier, le r\u00e9gime incomp\u00e9tent [&hellip;]<\/p>\n","protected":false},"author":12,"featured_media":30417,"comment_status":"closed","ping_status":"open","sticky":false,"template":"","format":"standard","meta":{"_exactmetrics_skip_tracking":false,"_exactmetrics_sitenote_active":false,"_exactmetrics_sitenote_note":"","_exactmetrics_sitenote_category":0,"tdm_status":"","tdm_grid_status":"","footnotes":""},"categories":[21],"tags":[],"class_list":{"0":"post-30416","1":"post","2":"type-post","3":"status-publish","4":"format-standard","5":"has-post-thumbnail","7":"category-international"},"yoast_head":"<!-- This site is optimized with the Yoast SEO plugin v24.2 - https:\/\/yoast.com\/wordpress\/plugins\/seo\/ -->\n<title>Toujours pas de gouvernement au Mali | Guin\u00e9e Diversit\u00e9<\/title>\n<meta name=\"robots\" content=\"index, follow, max-snippet:-1, max-image-preview:large, max-video-preview:-1\" \/>\n<link rel=\"canonical\" href=\"https:\/\/guineediversite.com\/index.php\/2020\/08\/31\/toujours-pas-de-gouvernement-au-mali\/\" \/>\n<meta property=\"og:locale\" content=\"fr_FR\" \/>\n<meta property=\"og:type\" content=\"article\" \/>\n<meta property=\"og:title\" content=\"Toujours pas de gouvernement au Mali | Guin\u00e9e Diversit\u00e9\" \/>\n<meta property=\"og:description\" content=\"Les militaires au pouvoir et le mouvement de contestation M5-RFP n\u2019arrivent pas \u00e0 se mettre d\u2019accord au Mali.\u00a0Apr\u00e8s quelques p\u00e9rip\u00e9ties, les deux parties se sont rencontr\u00e9es samedi soir. Mais pour l\u2019instant, aucun accord n\u2019est en vue. \u00ab\u00a0Apr\u00e8s la longue crise socio-politique et institutionnelle qui a fini par emporter, le 18 ao\u00fbt dernier, le r\u00e9gime incomp\u00e9tent [&hellip;]\" \/>\n<meta property=\"og:url\" content=\"https:\/\/guineediversite.com\/index.php\/2020\/08\/31\/toujours-pas-de-gouvernement-au-mali\/\" \/>\n<meta property=\"og:site_name\" content=\"Guin\u00e9e Diversit\u00e9\" \/>\n<meta property=\"article:publisher\" content=\"https:\/\/www.facebook.com\/guineediversite\/\" \/>\n<meta property=\"article:published_time\" content=\"2020-08-31T11:39:57+00:00\" \/>\n<meta property=\"og:image\" content=\"https:\/\/guineediversite.com\/wp-content\/uploads\/2020\/08\/Une-d\u00e9l\u00e9gation-du-M5-RFP-au-si\u00e8ge-du-CNSP-sur-la-base-militaire-de-Kati-au-Mali-le-26-ao\u00fbt-2020..jpg\" \/>\n\t<meta property=\"og:image:width\" content=\"1500\" \/>\n\t<meta property=\"og:image:height\" content=\"840\" \/>\n\t<meta property=\"og:image:type\" content=\"image\/jpeg\" \/>\n<meta name=\"author\" content=\"Guin\u00e9e Diversit\u00e9\" \/>\n<meta name=\"twitter:card\" content=\"summary_large_image\" \/>\n<meta name=\"twitter:creator\" content=\"@GuineeDiversite\" \/>\n<meta name=\"twitter:site\" content=\"@GuineeDiversite\" \/>\n<meta name=\"twitter:label1\" content=\"\u00c9crit par\" \/>\n\t<meta name=\"twitter:data1\" content=\"Guin\u00e9e Diversit\u00e9\" \/>\n\t<meta name=\"twitter:label2\" content=\"Dur\u00e9e de lecture estim\u00e9e\" \/>\n\t<meta name=\"twitter:data2\" content=\"4 minutes\" \/>\n<script type=\"application\/ld+json\" class=\"yoast-schema-graph\">{\"@context\":\"https:\/\/schema.org\",\"@graph\":[{\"@type\":\"Article\",\"@id\":\"https:\/\/guineediversite.com\/index.php\/2020\/08\/31\/toujours-pas-de-gouvernement-au-mali\/#article\",\"isPartOf\":{\"@id\":\"https:\/\/guineediversite.com\/index.php\/2020\/08\/31\/toujours-pas-de-gouvernement-au-mali\/\"},\"author\":{\"name\":\"Guin\u00e9e Diversit\u00e9\",\"@id\":\"https:\/\/guineediversite.com\/#\/schema\/person\/afa08fb34e7fc6e1feafc892612bc836\"},\"headline\":\"Toujours pas de gouvernement au Mali\",\"datePublished\":\"2020-08-31T11:39:57+00:00\",\"dateModified\":\"2020-08-31T11:39:57+00:00\",\"mainEntityOfPage\":{\"@id\":\"https:\/\/guineediversite.com\/index.php\/2020\/08\/31\/toujours-pas-de-gouvernement-au-mali\/\"},\"wordCount\":731,\"publisher\":{\"@id\":\"https:\/\/guineediversite.com\/#organization\"},\"image\":{\"@id\":\"https:\/\/guineediversite.com\/index.php\/2020\/08\/31\/toujours-pas-de-gouvernement-au-mali\/#primaryimage\"},\"thumbnailUrl\":\"https:\/\/guineediversite.com\/wp-content\/uploads\/2020\/08\/Une-d\u00e9l\u00e9gation-du-M5-RFP-au-si\u00e8ge-du-CNSP-sur-la-base-militaire-de-Kati-au-Mali-le-26-ao\u00fbt-2020..jpg\",\"articleSection\":[\"International\"],\"inLanguage\":\"fr-FR\"},{\"@type\":\"WebPage\",\"@id\":\"https:\/\/guineediversite.com\/index.php\/2020\/08\/31\/toujours-pas-de-gouvernement-au-mali\/\",\"url\":\"https:\/\/guineediversite.com\/index.php\/2020\/08\/31\/toujours-pas-de-gouvernement-au-mali\/\",\"name\":\"Toujours pas de gouvernement au Mali | Guin\u00e9e Diversit\u00e9\",\"isPartOf\":{\"@id\":\"https:\/\/guineediversite.com\/#website\"},\"primaryImageOfPage\":{\"@id\":\"https:\/\/guineediversite.com\/index.php\/2020\/08\/31\/toujours-pas-de-gouvernement-au-mali\/#primaryimage\"},\"image\":{\"@id\":\"https:\/\/guineediversite.com\/index.php\/2020\/08\/31\/toujours-pas-de-gouvernement-au-mali\/#primaryimage\"},\"thumbnailUrl\":\"https:\/\/guineediversite.com\/wp-content\/uploads\/2020\/08\/Une-d\u00e9l\u00e9gation-du-M5-RFP-au-si\u00e8ge-du-CNSP-sur-la-base-militaire-de-Kati-au-Mali-le-26-ao\u00fbt-2020..jpg\",\"datePublished\":\"2020-08-31T11:39:57+00:00\",\"dateModified\":\"2020-08-31T11:39:57+00:00\",\"breadcrumb\":{\"@id\":\"https:\/\/guineediversite.com\/index.php\/2020\/08\/31\/toujours-pas-de-gouvernement-au-mali\/#breadcrumb\"},\"inLanguage\":\"fr-FR\",\"potentialAction\":[{\"@type\":\"ReadAction\",\"target\":[\"https:\/\/guineediversite.com\/index.php\/2020\/08\/31\/toujours-pas-de-gouvernement-au-mali\/\"]}]},{\"@type\":\"ImageObject\",\"inLanguage\":\"fr-FR\",\"@id\":\"https:\/\/guineediversite.com\/index.php\/2020\/08\/31\/toujours-pas-de-gouvernement-au-mali\/#primaryimage\",\"url\":\"https:\/\/guineediversite.com\/wp-content\/uploads\/2020\/08\/Une-d\u00e9l\u00e9gation-du-M5-RFP-au-si\u00e8ge-du-CNSP-sur-la-base-militaire-de-Kati-au-Mali-le-26-ao\u00fbt-2020..jpg\",\"contentUrl\":\"https:\/\/guineediversite.com\/wp-content\/uploads\/2020\/08\/Une-d\u00e9l\u00e9gation-du-M5-RFP-au-si\u00e8ge-du-CNSP-sur-la-base-militaire-de-Kati-au-Mali-le-26-ao\u00fbt-2020..jpg\",\"width\":1500,\"height\":840},{\"@type\":\"BreadcrumbList\",\"@id\":\"https:\/\/guineediversite.com\/index.php\/2020\/08\/31\/toujours-pas-de-gouvernement-au-mali\/#breadcrumb\",\"itemListElement\":[{\"@type\":\"ListItem\",\"position\":1,\"name\":\"Accueil\",\"item\":\"https:\/\/guineediversite.com\/\"},{\"@type\":\"ListItem\",\"position\":2,\"name\":\"Toujours pas de gouvernement au Mali\"}]},{\"@type\":\"WebSite\",\"@id\":\"https:\/\/guineediversite.com\/#website\",\"url\":\"https:\/\/guineediversite.com\/\",\"name\":\"Guin\u00e9e Diversit\u00e9\",\"description\":\"L&#039;Info dans toute sa diversit\u00e9\",\"publisher\":{\"@id\":\"https:\/\/guineediversite.com\/#organization\"},\"potentialAction\":[{\"@type\":\"SearchAction\",\"target\":{\"@type\":\"EntryPoint\",\"urlTemplate\":\"https:\/\/guineediversite.com\/?s={search_term_string}\"},\"query-input\":{\"@type\":\"PropertyValueSpecification\",\"valueRequired\":true,\"valueName\":\"search_term_string\"}}],\"inLanguage\":\"fr-FR\"},{\"@type\":\"Organization\",\"@id\":\"https:\/\/guineediversite.com\/#organization\",\"name\":\"Guin\u00e9e Diversit\u00e9\",\"url\":\"https:\/\/guineediversite.com\/\",\"logo\":{\"@type\":\"ImageObject\",\"inLanguage\":\"fr-FR\",\"@id\":\"https:\/\/guineediversite.com\/#\/schema\/logo\/image\/\",\"url\":\"https:\/\/guineediversite.com\/wp-content\/uploads\/2017\/04\/cropped-1jojlxEOMkX9Wyqfhe43D6kjPOGqBBKmx3EwWJqZ0cMrFF54yM49.png\",\"contentUrl\":\"https:\/\/guineediversite.com\/wp-content\/uploads\/2017\/04\/cropped-1jojlxEOMkX9Wyqfhe43D6kjPOGqBBKmx3EwWJqZ0cMrFF54yM49.png\",\"width\":186,\"height\":112,\"caption\":\"Guin\u00e9e Diversit\u00e9\"},\"image\":{\"@id\":\"https:\/\/guineediversite.com\/#\/schema\/logo\/image\/\"},\"sameAs\":[\"https:\/\/www.facebook.com\/guineediversite\/\",\"https:\/\/x.com\/GuineeDiversite\",\"https:\/\/www.youtube.com\/channel\/UC8sUY16qelG5ge6_D5SB83g\"]},{\"@type\":\"Person\",\"@id\":\"https:\/\/guineediversite.com\/#\/schema\/person\/afa08fb34e7fc6e1feafc892612bc836\",\"name\":\"Guin\u00e9e Diversit\u00e9\",\"image\":{\"@type\":\"ImageObject\",\"inLanguage\":\"fr-FR\",\"@id\":\"https:\/\/guineediversite.com\/#\/schema\/person\/image\/\",\"url\":\"https:\/\/secure.gravatar.com\/avatar\/50d5eb5b390f8b65ac30ac6f898eb83a?s=96&d=mm&r=g\",\"contentUrl\":\"https:\/\/secure.gravatar.com\/avatar\/50d5eb5b390f8b65ac30ac6f898eb83a?s=96&d=mm&r=g\",\"caption\":\"Guin\u00e9e Diversit\u00e9\"},\"url\":\"https:\/\/guineediversite.com\/index.php\/author\/guineediversite\/\"}]}<\/script>\n<!-- \/ Yoast SEO plugin. -->","yoast_head_json":{"title":"Toujours pas de gouvernement au Mali | Guin\u00e9e Diversit\u00e9","robots":{"index":"index","follow":"follow","max-snippet":"max-snippet:-1","max-image-preview":"max-image-preview:large","max-video-preview":"max-video-preview:-1"},"canonical":"https:\/\/guineediversite.com\/index.php\/2020\/08\/31\/toujours-pas-de-gouvernement-au-mali\/","og_locale":"fr_FR","og_type":"article","og_title":"Toujours pas de gouvernement au Mali | Guin\u00e9e Diversit\u00e9","og_description":"Les militaires au pouvoir et le mouvement de contestation M5-RFP n\u2019arrivent pas \u00e0 se mettre d\u2019accord au Mali.\u00a0Apr\u00e8s quelques p\u00e9rip\u00e9ties, les deux parties se sont rencontr\u00e9es samedi soir. Mais pour l\u2019instant, aucun accord n\u2019est en vue. \u00ab\u00a0Apr\u00e8s la longue crise socio-politique et institutionnelle qui a fini par emporter, le 18 ao\u00fbt dernier, le r\u00e9gime incomp\u00e9tent [&hellip;]","og_url":"https:\/\/guineediversite.com\/index.php\/2020\/08\/31\/toujours-pas-de-gouvernement-au-mali\/","og_site_name":"Guin\u00e9e Diversit\u00e9","article_publisher":"https:\/\/www.facebook.com\/guineediversite\/","article_published_time":"2020-08-31T11:39:57+00:00","og_image":[{"width":1500,"height":840,"url":"https:\/\/guineediversite.com\/wp-content\/uploads\/2020\/08\/Une-d\u00e9l\u00e9gation-du-M5-RFP-au-si\u00e8ge-du-CNSP-sur-la-base-militaire-de-Kati-au-Mali-le-26-ao\u00fbt-2020..jpg","type":"image\/jpeg"}],"author":"Guin\u00e9e Diversit\u00e9","twitter_card":"summary_large_image","twitter_creator":"@GuineeDiversite","twitter_site":"@GuineeDiversite","twitter_misc":{"\u00c9crit par":"Guin\u00e9e Diversit\u00e9","Dur\u00e9e de lecture estim\u00e9e":"4 minutes"},"schema":{"@context":"https:\/\/schema.org","@graph":[{"@type":"Article","@id":"https:\/\/guineediversite.com\/index.php\/2020\/08\/31\/toujours-pas-de-gouvernement-au-mali\/#article","isPartOf":{"@id":"https:\/\/guineediversite.com\/index.php\/2020\/08\/31\/toujours-pas-de-gouvernement-au-mali\/"},"author":{"name":"Guin\u00e9e Diversit\u00e9","@id":"https:\/\/guineediversite.com\/#\/schema\/person\/afa08fb34e7fc6e1feafc892612bc836"},"headline":"Toujours pas de gouvernement au Mali","datePublished":"2020-08-31T11:39:57+00:00","dateModified":"2020-08-31T11:39:57+00:00","mainEntityOfPage":{"@id":"https:\/\/guineediversite.com\/index.php\/2020\/08\/31\/toujours-pas-de-gouvernement-au-mali\/"},"wordCount":731,"publisher":{"@id":"https:\/\/guineediversite.com\/#organization"},"image":{"@id":"https:\/\/guineediversite.com\/index.php\/2020\/08\/31\/toujours-pas-de-gouvernement-au-mali\/#primaryimage"},"thumbnailUrl":"https:\/\/guineediversite.com\/wp-content\/uploads\/2020\/08\/Une-d\u00e9l\u00e9gation-du-M5-RFP-au-si\u00e8ge-du-CNSP-sur-la-base-militaire-de-Kati-au-Mali-le-26-ao\u00fbt-2020..jpg","articleSection":["International"],"inLanguage":"fr-FR"},{"@type":"WebPage","@id":"https:\/\/guineediversite.com\/index.php\/2020\/08\/31\/toujours-pas-de-gouvernement-au-mali\/","url":"https:\/\/guineediversite.com\/index.php\/2020\/08\/31\/toujours-pas-de-gouvernement-au-mali\/","name":"Toujours pas de gouvernement au Mali | Guin\u00e9e Diversit\u00e9","isPartOf":{"@id":"https:\/\/guineediversite.com\/#website"},"primaryImageOfPage":{"@id":"https:\/\/guineediversite.com\/index.php\/2020\/08\/31\/toujours-pas-de-gouvernement-au-mali\/#primaryimage"},"image":{"@id":"https:\/\/guineediversite.com\/index.php\/2020\/08\/31\/toujours-pas-de-gouvernement-au-mali\/#primaryimage"},"thumbnailUrl":"https:\/\/guineediversite.com\/wp-content\/uploads\/2020\/08\/Une-d\u00e9l\u00e9gation-du-M5-RFP-au-si\u00e8ge-du-CNSP-sur-la-base-militaire-de-Kati-au-Mali-le-26-ao\u00fbt-2020..jpg","datePublished":"2020-08-31T11:39:57+00:00","dateModified":"2020-08-31T11:39:57+00:00","breadcrumb":{"@id":"https:\/\/guineediversite.com\/index.php\/2020\/08\/31\/toujours-pas-de-gouvernement-au-mali\/#breadcrumb"},"inLanguage":"fr-FR","potentialAction":[{"@type":"ReadAction","target":["https:\/\/guineediversite.com\/index.php\/2020\/08\/31\/toujours-pas-de-gouvernement-au-mali\/"]}]},{"@type":"ImageObject","inLanguage":"fr-FR","@id":"https:\/\/guineediversite.com\/index.php\/2020\/08\/31\/toujours-pas-de-gouvernement-au-mali\/#primaryimage","url":"https:\/\/guineediversite.com\/wp-content\/uploads\/2020\/08\/Une-d\u00e9l\u00e9gation-du-M5-RFP-au-si\u00e8ge-du-CNSP-sur-la-base-militaire-de-Kati-au-Mali-le-26-ao\u00fbt-2020..jpg","contentUrl":"https:\/\/guineediversite.com\/wp-content\/uploads\/2020\/08\/Une-d\u00e9l\u00e9gation-du-M5-RFP-au-si\u00e8ge-du-CNSP-sur-la-base-militaire-de-Kati-au-Mali-le-26-ao\u00fbt-2020..jpg","width":1500,"height":840},{"@type":"BreadcrumbList","@id":"https:\/\/guineediversite.com\/index.php\/2020\/08\/31\/toujours-pas-de-gouvernement-au-mali\/#breadcrumb","itemListElement":[{"@type":"ListItem","position":1,"name":"Accueil","item":"https:\/\/guineediversite.com\/"},{"@type":"ListItem","position":2,"name":"Toujours pas de gouvernement au Mali"}]},{"@type":"WebSite","@id":"https:\/\/guineediversite.com\/#website","url":"https:\/\/guineediversite.com\/","name":"Guin\u00e9e Diversit\u00e9","description":"L&#039;Info dans toute sa diversit\u00e9","publisher":{"@id":"https:\/\/guineediversite.com\/#organization"},"potentialAction":[{"@type":"SearchAction","target":{"@type":"EntryPoint","urlTemplate":"https:\/\/guineediversite.com\/?s={search_term_string}"},"query-input":{"@type":"PropertyValueSpecification","valueRequired":true,"valueName":"search_term_string"}}],"inLanguage":"fr-FR"},{"@type":"Organization","@id":"https:\/\/guineediversite.com\/#organization","name":"Guin\u00e9e Diversit\u00e9","url":"https:\/\/guineediversite.com\/","logo":{"@type":"ImageObject","inLanguage":"fr-FR","@id":"https:\/\/guineediversite.com\/#\/schema\/logo\/image\/","url":"https:\/\/guineediversite.com\/wp-content\/uploads\/2017\/04\/cropped-1jojlxEOMkX9Wyqfhe43D6kjPOGqBBKmx3EwWJqZ0cMrFF54yM49.png","contentUrl":"https:\/\/guineediversite.com\/wp-content\/uploads\/2017\/04\/cropped-1jojlxEOMkX9Wyqfhe43D6kjPOGqBBKmx3EwWJqZ0cMrFF54yM49.png","width":186,"height":112,"caption":"Guin\u00e9e Diversit\u00e9"},"image":{"@id":"https:\/\/guineediversite.com\/#\/schema\/logo\/image\/"},"sameAs":["https:\/\/www.facebook.com\/guineediversite\/","https:\/\/x.com\/GuineeDiversite","https:\/\/www.youtube.com\/channel\/UC8sUY16qelG5ge6_D5SB83g"]},{"@type":"Person","@id":"https:\/\/guineediversite.com\/#\/schema\/person\/afa08fb34e7fc6e1feafc892612bc836","name":"Guin\u00e9e Diversit\u00e9","image":{"@type":"ImageObject","inLanguage":"fr-FR","@id":"https:\/\/guineediversite.com\/#\/schema\/person\/image\/","url":"https:\/\/secure.gravatar.com\/avatar\/50d5eb5b390f8b65ac30ac6f898eb83a?s=96&d=mm&r=g","contentUrl":"https:\/\/secure.gravatar.com\/avatar\/50d5eb5b390f8b65ac30ac6f898eb83a?s=96&d=mm&r=g","caption":"Guin\u00e9e Diversit\u00e9"},"url":"https:\/\/guineediversite.com\/index.php\/author\/guineediversite\/"}]}},"_links":{"self":[{"href":"https:\/\/guineediversite.com\/index.php\/wp-json\/wp\/v2\/posts\/30416"}],"collection":[{"href":"https:\/\/guineediversite.com\/index.php\/wp-json\/wp\/v2\/posts"}],"about":[{"href":"https:\/\/guineediversite.com\/index.php\/wp-json\/wp\/v2\/types\/post"}],"author":[{"embeddable":true,"href":"https:\/\/guineediversite.com\/index.php\/wp-json\/wp\/v2\/users\/12"}],"replies":[{"embeddable":true,"href":"https:\/\/guineediversite.com\/index.php\/wp-json\/wp\/v2\/comments?post=30416"}],"version-history":[{"count":1,"href":"https:\/\/guineediversite.com\/index.php\/wp-json\/wp\/v2\/posts\/30416\/revisions"}],"predecessor-version":[{"id":30418,"href":"https:\/\/guineediversite.com\/index.php\/wp-json\/wp\/v2\/posts\/30416\/revisions\/30418"}],"wp:featuredmedia":[{"embeddable":true,"href":"https:\/\/guineediversite.com\/index.php\/wp-json\/wp\/v2\/media\/30417"}],"wp:attachment":[{"href":"https:\/\/guineediversite.com\/index.php\/wp-json\/wp\/v2\/media?parent=30416"}],"wp:term":[{"taxonomy":"category","embeddable":true,"href":"https:\/\/guineediversite.com\/index.php\/wp-json\/wp\/v2\/categories?post=30416"},{"taxonomy":"post_tag","embeddable":true,"href":"https:\/\/guineediversite.com\/index.php\/wp-json\/wp\/v2\/tags?post=30416"}],"curies":[{"name":"wp","href":"https:\/\/api.w.org\/{rel}","templated":true}]}}