{"id":30413,"date":"2020-08-31T13:31:38","date_gmt":"2020-08-31T11:31:38","guid":{"rendered":"https:\/\/guineediversite.com\/?p=30413"},"modified":"2020-08-31T13:31:38","modified_gmt":"2020-08-31T11:31:38","slug":"le-liban-en-quete-de-verite-et-de-justice-apres-lexplosion-de-beyrouth","status":"publish","type":"post","link":"https:\/\/guineediversite.com\/index.php\/2020\/08\/31\/le-liban-en-quete-de-verite-et-de-justice-apres-lexplosion-de-beyrouth\/","title":{"rendered":"Le Liban en qu\u00eate de v\u00e9rit\u00e9 et de justice apr\u00e8s l&rsquo;explosion de Beyrouth"},"content":{"rendered":"<p><strong>Emmanuel Macron est attendu ce lundi soir \u00e0 Beyrouth\u00a0pour sa deuxi\u00e8me visite en quelques semaines puisqu\u2019il s\u2019\u00e9tait rendu dans la capitale libanaise dans les jours qui ont suivi l\u2019explosion du 4 ao\u00fbt. Aujourd\u2019hui, beaucoup de victimes souhaitent comprendre ce qui s\u2019est pass\u00e9 et obtenir justice.<\/strong><\/p>\n<p>Au total, 19 personnes ont \u00e9t\u00e9 arr\u00eat\u00e9es, parmi lesquelles le directeur du port de Beyrouth et le directeur des douanes. Mais quatre semaines apr\u00e8s la d\u00e9flagration\u00a0exceptionnelle\u00a0qui a co\u00fbt\u00e9 la vie \u00e0 plus de 180 personnes,\u00a0rien n\u2019indique que l\u2019enqu\u00eate progresse.\u00a0Le rapport pr\u00e9liminaire que les dirigeants libanais avaient promis juste apr\u00e8s l\u2019explosion se fait toujours attendre.<\/p>\n<p>Restent donc des questions sans r\u00e9ponse\u00a0: pourquoi\u00a0<a href=\"https:\/\/www.rfi.fr\/fr\/moyen-orient\/20200805-explosions-beyrouth-nitrate-ammonium\"><strong>des tonnes de nitrate d\u2019ammonium\u00a0<\/strong><\/a>(le chiffre de 2\u00a0750 tonnes est avanc\u00e9) ont-elles \u00e9t\u00e9 entrepos\u00e9es pendant des ann\u00e9es dans un hangar du port alors que ce produit chimique peut s\u2019av\u00e9rer extr\u00eamement explosif\u00a0? Pourquoi rien n\u2019a \u00e9t\u00e9 fait malgr\u00e9 les avertissements lanc\u00e9s par plusieurs responsables du site\u00a0? L\u2019explosion du 4 ao\u00fbt est-elle la cons\u00e9quence de l\u2019incurie et de la corruption que de nombreux Libanais reprochent \u00e0 leurs dirigeants\u00a0? C\u2019est ce que pense Alain Bifani, qui jusqu\u2019\u00e0 sa d\u00e9mission en juillet dernier \u00e9tait le num\u00e9ro deux\u00a0du minist\u00e8re libanais des Finances. \u00ab\u00a0<em>On ne sait jamais qui est responsable de quoi. La dilution des responsabilit\u00e9s est tellement avanc\u00e9e que personne ne se sent concern\u00e9, on laisse pourrir. Alors \u00e9videmment lorsqu\u2019on laisse pourrir une situation avec des explosifs en plein c\u0153ur de la capitale, voil\u00e0 ce que \u00e7a donne<\/em>\u00a0\u00bb, explique l\u2019ancien haut-fonctionnaire.<\/p>\n<p><strong>De nombreuses th\u00e9ories sur la cause de l&rsquo;explosion<\/strong><\/p>\n<p>Le jour de la catastrophe, les pompiers ont \u00e9t\u00e9 appel\u00e9s pour un incendie sur le port. Les dizaines de vid\u00e9os qui documentent la catastrophe montrent une premi\u00e8re explosion, suivie de la seconde, terrible. Un encha\u00eenement laissant la voie libre \u00e0 de nombreuses interpr\u00e9tations. Dans les jours qui ont suivi,\u00a0le\u00a0<a href=\"https:\/\/www.rfi.fr\/fr\/moyen-orient\/20200831-le-pr%C3%A9sident-Aoun-appelle-%C3%A0-proclamer-%C3%A9tat-la%C3%AFc-liban\"><strong>pr\u00e9sident libanais Michel Aoun<\/strong><\/a>\u00a0a lui-m\u00eame \u00e9voqu\u00e9 l\u2019hypoth\u00e8se d\u2019un \u00ab\u00a0<em>missile<\/em>\u00a0\u00bb, sans avancer d\u2019\u00e9l\u00e9ments en ce sens. Dans la population libanaise circulent aussi des doutes et d\u2019autres sc\u00e9narios. La th\u00e8se du produit chimique oubli\u00e9 sur le port\u00a0? \u00ab\u00a0<em>Je ne crois pas du tout \u00e0 \u00e7a<\/em>\u00a0\u00bb s\u2019exclame Omar Boustany qui a failli perdre la vie dans l\u2019explosion qui a d\u00e9vast\u00e9 son appartement. Les m\u00e9decins ont retir\u00e9 un \u00e9norme morceau de verre dans son dos d\u00e9sormais orn\u00e9 de 26 points de suture, le quinquag\u00e9naire a six\u00a0c\u00f4tes cass\u00e9es et souffre d\u2019un pneumothorax. \u00ab\u00a0<em>Je crois que le Hezbollah stockait des armes de guerre tr\u00e8s puissantes au milieu du port de Beyrouth, comme peut-\u00eatre \u00e0 d\u2019autres endroits. Et je ne sais pas pourquoi mais malheureusement \u00e7a a explos\u00e9<\/em>\u00a0\u00bb, avance ce cr\u00e9atif qui travaille dans la publicit\u00e9. Pour ce Libanais, impliqu\u00e9 dans le mouvement de contestation qui a d\u00e9but\u00e9 en octobre 2019, \u00ab\u00a0<em>ce n\u2019est pas n\u2019importe quel produit chimique ou n\u2019importe quelle petite n\u00e9gligence, c\u2019est quelque chose de terrifiant qui \u00e9tait l\u00e0-dedans, qui \u00e9tait fait pour des guerres<\/em>\u00a0\u00bb. Apr\u00e8s la catastrophe, le chef du Hezbollah Hassan Nasrallah a cat\u00e9goriquement rejet\u00e9 les accusations en ce sens\u00a0: \u00ab\u00a0<em>Nous n&rsquo;avons rien dans le port.\u00a0Pas d\u2019entrep\u00f4t d&rsquo;armes, pas d\u2019entrep\u00f4t de missiles, pas une arme, pas une bombe, pas une balle, pas de nitrate d&rsquo;ammonium<\/em>\u00a0\u00bb, a-t-il affirm\u00e9.<\/p>\n<p>&nbsp;<\/p>\n<p>La v\u00e9rit\u00e9 pourra-t-elle se frayer un chemin dans le flot des th\u00e9ories, des accusations et des rumeurs sur fond de tension politique\u00a0? En tout cas, la soci\u00e9t\u00e9 civile s\u2019y attelle.\u00a0Des avocats du barreau de Beyrouth et des experts se sont mobilis\u00e9s pour recueillir b\u00e9n\u00e9volement les plaintes des bless\u00e9s ou des familles des personnes d\u00e9c\u00e9d\u00e9es. Sous des tentes install\u00e9es dans sept\u00a0endroits de la capitale libanaise,\u00a0ils aident les victimes \u00e0 constituer leurs dossiers.\u00a0Dans les prochains jours ces avocats remettront plus de 600 plaintes \u00e0 la justice.<\/p>\n<p><strong>Une enqu\u00eate internationale<\/strong><\/p>\n<p>Des voix se sont \u00e9lev\u00e9es pour demander une enqu\u00eate internationale, un sc\u00e9nario que le pr\u00e9sident Michel Aoun \u00e9carte pour l\u2019instant, mais des avocats et des victimes de l\u2019explosion ont toutefois lanc\u00e9 une initiative pour demander une telle enqu\u00eate. La plateforme Victims Of August Beirut Massacre a d\u00e9j\u00e0 collect\u00e9 plus de 1\u00a0000 signatures pour demander une enqu\u00eate internationale sous l\u2019\u00e9gide du Conseil de s\u00e9curit\u00e9 de l\u2019ONU. \u00ab\u00a0<em>Une enqu\u00eate plus objective, plus professionnelle et moins expos\u00e9e au pressions, politiques notamment<\/em>\u00a0\u00bb, esp\u00e8re l\u2019avocate Mirna Gemayel. \u00a0\u00ab\u00a0<em>Je veux savoir pourquoi il y avait 2\u00a0750 tonnes de nitrate d\u2019ammonium en plein milieu d\u2019une ville tr\u00e8s peupl\u00e9e,<\/em>\u00a0explique Sara Jaafar, l\u2019une des signataires.\u00a0<em>Je veux savoir qui est responsable et je veux la justice<\/em>\u00a0\u00bb ajoute cette architecte en nous montrant les photos de son appartement r\u00e9duit en miettes.<\/p>\n<p>Ces derni\u00e8res semaines, des enqu\u00eateurs fran\u00e7ais et le FBI am\u00e9ricain ont d\u00e9j\u00e0 commenc\u00e9 \u00e0 travailler sur les ruines du port de Beyrouth. Le Canada a r\u00e9cemment propos\u00e9 son aide.\u00a0<a href=\"https:\/\/www.rfi.fr\/fr\/moyen-orient\/20200815-liban-enqu%C3%AAte-explosion-n-aboutira-pas-tr%C3%A8s-rapidement-pr%C3%A9sident-aoun\"><strong>L\u2019enqu\u00eate pourrait \u00eatre \u00e0 la fois libanaise et internationale<\/strong><\/a>, d\u2019apr\u00e8s Ayman Mhanna\u00a0qui dirige le centre Samir Kassir, d\u00e9di\u00e9 \u00e0 la d\u00e9mocratie et \u00e0 la libert\u00e9 d\u2019expression.\u00a0\u00ab\u00a0<em>Il y a plein d\u2019experts internationaux et libanais. Des experts en explosif, en droit maritime, en gestion portuaire ou en audit qui peuvent \u00eatre charg\u00e9s d\u2019une enqu\u00eate internationale, sans avoir recours \u00e0 l\u2019ONU. Si on veut faire quelque chose de bien, il suffit d\u2019en avoir la volont\u00e9 politique. Malheureusement c\u2019est ce qui nous manque au Liban<\/em>\u00a0\u00bb.<\/p>\n<p>Une enqu\u00eate a par ailleurs \u00e9t\u00e9 ouverte en France puisque plusieurs des victimes du 4 ao\u00fbt \u00e0 Beyrouth avaient la nationalit\u00e9 fran\u00e7aise.<\/p>\n<p><strong>RFI<\/strong><\/p>\n","protected":false},"excerpt":{"rendered":"<p>Emmanuel Macron est attendu ce lundi soir \u00e0 Beyrouth\u00a0pour sa deuxi\u00e8me visite en quelques semaines puisqu\u2019il s\u2019\u00e9tait rendu dans la capitale libanaise dans les jours qui ont suivi l\u2019explosion du 4 ao\u00fbt. Aujourd\u2019hui, beaucoup de victimes souhaitent comprendre ce qui s\u2019est pass\u00e9 et obtenir justice. Au total, 19 personnes ont \u00e9t\u00e9 arr\u00eat\u00e9es, parmi lesquelles le [&hellip;]<\/p>\n","protected":false},"author":12,"featured_media":30414,"comment_status":"closed","ping_status":"open","sticky":false,"template":"","format":"standard","meta":{"_exactmetrics_skip_tracking":false,"_exactmetrics_sitenote_active":false,"_exactmetrics_sitenote_note":"","_exactmetrics_sitenote_category":0,"tdm_status":"","tdm_grid_status":"","footnotes":""},"categories":[21],"tags":[],"class_list":{"0":"post-30413","1":"post","2":"type-post","3":"status-publish","4":"format-standard","5":"has-post-thumbnail","7":"category-international"},"yoast_head":"<!-- This site is optimized with the Yoast SEO plugin v24.2 - https:\/\/yoast.com\/wordpress\/plugins\/seo\/ -->\n<title>Le Liban en qu\u00eate de v\u00e9rit\u00e9 et de justice apr\u00e8s l&#039;explosion de Beyrouth | Guin\u00e9e Diversit\u00e9<\/title>\n<meta name=\"robots\" content=\"index, follow, max-snippet:-1, max-image-preview:large, max-video-preview:-1\" \/>\n<link rel=\"canonical\" href=\"https:\/\/guineediversite.com\/index.php\/2020\/08\/31\/le-liban-en-quete-de-verite-et-de-justice-apres-lexplosion-de-beyrouth\/\" \/>\n<meta property=\"og:locale\" content=\"fr_FR\" \/>\n<meta property=\"og:type\" content=\"article\" \/>\n<meta property=\"og:title\" content=\"Le Liban en qu\u00eate de v\u00e9rit\u00e9 et de justice apr\u00e8s l&#039;explosion de Beyrouth | Guin\u00e9e Diversit\u00e9\" \/>\n<meta property=\"og:description\" content=\"Emmanuel Macron est attendu ce lundi soir \u00e0 Beyrouth\u00a0pour sa deuxi\u00e8me visite en quelques semaines puisqu\u2019il s\u2019\u00e9tait rendu dans la capitale libanaise dans les jours qui ont suivi l\u2019explosion du 4 ao\u00fbt. Aujourd\u2019hui, beaucoup de victimes souhaitent comprendre ce qui s\u2019est pass\u00e9 et obtenir justice. Au total, 19 personnes ont \u00e9t\u00e9 arr\u00eat\u00e9es, parmi lesquelles le [&hellip;]\" \/>\n<meta property=\"og:url\" content=\"https:\/\/guineediversite.com\/index.php\/2020\/08\/31\/le-liban-en-quete-de-verite-et-de-justice-apres-lexplosion-de-beyrouth\/\" \/>\n<meta property=\"og:site_name\" content=\"Guin\u00e9e Diversit\u00e9\" \/>\n<meta property=\"article:publisher\" content=\"https:\/\/www.facebook.com\/guineediversite\/\" \/>\n<meta property=\"article:published_time\" content=\"2020-08-31T11:31:38+00:00\" \/>\n<meta property=\"og:image\" content=\"https:\/\/guineediversite.com\/wp-content\/uploads\/2020\/08\/Lexplosion-qui-a-d\u00e9vast\u00e9-Beyrouth-le-4-ao\u00fbt-2020-sajoutent-\u00e0-la-longue-liste-des-difficult\u00e9s-auxquelles-doit-faire-face-le-Liban..jpg\" \/>\n\t<meta property=\"og:image:width\" content=\"1500\" \/>\n\t<meta property=\"og:image:height\" content=\"1500\" \/>\n\t<meta property=\"og:image:type\" content=\"image\/jpeg\" \/>\n<meta name=\"author\" content=\"Guin\u00e9e Diversit\u00e9\" \/>\n<meta name=\"twitter:card\" content=\"summary_large_image\" \/>\n<meta name=\"twitter:creator\" content=\"@GuineeDiversite\" \/>\n<meta name=\"twitter:site\" content=\"@GuineeDiversite\" \/>\n<meta name=\"twitter:label1\" content=\"\u00c9crit par\" \/>\n\t<meta name=\"twitter:data1\" content=\"Guin\u00e9e Diversit\u00e9\" \/>\n\t<meta name=\"twitter:label2\" content=\"Dur\u00e9e de lecture estim\u00e9e\" \/>\n\t<meta name=\"twitter:data2\" content=\"5 minutes\" \/>\n<script type=\"application\/ld+json\" class=\"yoast-schema-graph\">{\"@context\":\"https:\/\/schema.org\",\"@graph\":[{\"@type\":\"Article\",\"@id\":\"https:\/\/guineediversite.com\/index.php\/2020\/08\/31\/le-liban-en-quete-de-verite-et-de-justice-apres-lexplosion-de-beyrouth\/#article\",\"isPartOf\":{\"@id\":\"https:\/\/guineediversite.com\/index.php\/2020\/08\/31\/le-liban-en-quete-de-verite-et-de-justice-apres-lexplosion-de-beyrouth\/\"},\"author\":{\"name\":\"Guin\u00e9e Diversit\u00e9\",\"@id\":\"https:\/\/guineediversite.com\/#\/schema\/person\/afa08fb34e7fc6e1feafc892612bc836\"},\"headline\":\"Le Liban en qu\u00eate de v\u00e9rit\u00e9 et de justice apr\u00e8s l&rsquo;explosion de Beyrouth\",\"datePublished\":\"2020-08-31T11:31:38+00:00\",\"dateModified\":\"2020-08-31T11:31:38+00:00\",\"mainEntityOfPage\":{\"@id\":\"https:\/\/guineediversite.com\/index.php\/2020\/08\/31\/le-liban-en-quete-de-verite-et-de-justice-apres-lexplosion-de-beyrouth\/\"},\"wordCount\":1019,\"publisher\":{\"@id\":\"https:\/\/guineediversite.com\/#organization\"},\"image\":{\"@id\":\"https:\/\/guineediversite.com\/index.php\/2020\/08\/31\/le-liban-en-quete-de-verite-et-de-justice-apres-lexplosion-de-beyrouth\/#primaryimage\"},\"thumbnailUrl\":\"https:\/\/guineediversite.com\/wp-content\/uploads\/2020\/08\/Lexplosion-qui-a-d\u00e9vast\u00e9-Beyrouth-le-4-ao\u00fbt-2020-sajoutent-\u00e0-la-longue-liste-des-difficult\u00e9s-auxquelles-doit-faire-face-le-Liban..jpg\",\"articleSection\":[\"International\"],\"inLanguage\":\"fr-FR\"},{\"@type\":\"WebPage\",\"@id\":\"https:\/\/guineediversite.com\/index.php\/2020\/08\/31\/le-liban-en-quete-de-verite-et-de-justice-apres-lexplosion-de-beyrouth\/\",\"url\":\"https:\/\/guineediversite.com\/index.php\/2020\/08\/31\/le-liban-en-quete-de-verite-et-de-justice-apres-lexplosion-de-beyrouth\/\",\"name\":\"Le Liban en qu\u00eate de v\u00e9rit\u00e9 et de justice apr\u00e8s l'explosion de Beyrouth | Guin\u00e9e Diversit\u00e9\",\"isPartOf\":{\"@id\":\"https:\/\/guineediversite.com\/#website\"},\"primaryImageOfPage\":{\"@id\":\"https:\/\/guineediversite.com\/index.php\/2020\/08\/31\/le-liban-en-quete-de-verite-et-de-justice-apres-lexplosion-de-beyrouth\/#primaryimage\"},\"image\":{\"@id\":\"https:\/\/guineediversite.com\/index.php\/2020\/08\/31\/le-liban-en-quete-de-verite-et-de-justice-apres-lexplosion-de-beyrouth\/#primaryimage\"},\"thumbnailUrl\":\"https:\/\/guineediversite.com\/wp-content\/uploads\/2020\/08\/Lexplosion-qui-a-d\u00e9vast\u00e9-Beyrouth-le-4-ao\u00fbt-2020-sajoutent-\u00e0-la-longue-liste-des-difficult\u00e9s-auxquelles-doit-faire-face-le-Liban..jpg\",\"datePublished\":\"2020-08-31T11:31:38+00:00\",\"dateModified\":\"2020-08-31T11:31:38+00:00\",\"breadcrumb\":{\"@id\":\"https:\/\/guineediversite.com\/index.php\/2020\/08\/31\/le-liban-en-quete-de-verite-et-de-justice-apres-lexplosion-de-beyrouth\/#breadcrumb\"},\"inLanguage\":\"fr-FR\",\"potentialAction\":[{\"@type\":\"ReadAction\",\"target\":[\"https:\/\/guineediversite.com\/index.php\/2020\/08\/31\/le-liban-en-quete-de-verite-et-de-justice-apres-lexplosion-de-beyrouth\/\"]}]},{\"@type\":\"ImageObject\",\"inLanguage\":\"fr-FR\",\"@id\":\"https:\/\/guineediversite.com\/index.php\/2020\/08\/31\/le-liban-en-quete-de-verite-et-de-justice-apres-lexplosion-de-beyrouth\/#primaryimage\",\"url\":\"https:\/\/guineediversite.com\/wp-content\/uploads\/2020\/08\/Lexplosion-qui-a-d\u00e9vast\u00e9-Beyrouth-le-4-ao\u00fbt-2020-sajoutent-\u00e0-la-longue-liste-des-difficult\u00e9s-auxquelles-doit-faire-face-le-Liban..jpg\",\"contentUrl\":\"https:\/\/guineediversite.com\/wp-content\/uploads\/2020\/08\/Lexplosion-qui-a-d\u00e9vast\u00e9-Beyrouth-le-4-ao\u00fbt-2020-sajoutent-\u00e0-la-longue-liste-des-difficult\u00e9s-auxquelles-doit-faire-face-le-Liban..jpg\",\"width\":1500,\"height\":1500},{\"@type\":\"BreadcrumbList\",\"@id\":\"https:\/\/guineediversite.com\/index.php\/2020\/08\/31\/le-liban-en-quete-de-verite-et-de-justice-apres-lexplosion-de-beyrouth\/#breadcrumb\",\"itemListElement\":[{\"@type\":\"ListItem\",\"position\":1,\"name\":\"Accueil\",\"item\":\"https:\/\/guineediversite.com\/\"},{\"@type\":\"ListItem\",\"position\":2,\"name\":\"Le Liban en qu\u00eate de v\u00e9rit\u00e9 et de justice apr\u00e8s l&rsquo;explosion de Beyrouth\"}]},{\"@type\":\"WebSite\",\"@id\":\"https:\/\/guineediversite.com\/#website\",\"url\":\"https:\/\/guineediversite.com\/\",\"name\":\"Guin\u00e9e Diversit\u00e9\",\"description\":\"L&#039;Info dans toute sa diversit\u00e9\",\"publisher\":{\"@id\":\"https:\/\/guineediversite.com\/#organization\"},\"potentialAction\":[{\"@type\":\"SearchAction\",\"target\":{\"@type\":\"EntryPoint\",\"urlTemplate\":\"https:\/\/guineediversite.com\/?s={search_term_string}\"},\"query-input\":{\"@type\":\"PropertyValueSpecification\",\"valueRequired\":true,\"valueName\":\"search_term_string\"}}],\"inLanguage\":\"fr-FR\"},{\"@type\":\"Organization\",\"@id\":\"https:\/\/guineediversite.com\/#organization\",\"name\":\"Guin\u00e9e Diversit\u00e9\",\"url\":\"https:\/\/guineediversite.com\/\",\"logo\":{\"@type\":\"ImageObject\",\"inLanguage\":\"fr-FR\",\"@id\":\"https:\/\/guineediversite.com\/#\/schema\/logo\/image\/\",\"url\":\"https:\/\/guineediversite.com\/wp-content\/uploads\/2017\/04\/cropped-1jojlxEOMkX9Wyqfhe43D6kjPOGqBBKmx3EwWJqZ0cMrFF54yM49.png\",\"contentUrl\":\"https:\/\/guineediversite.com\/wp-content\/uploads\/2017\/04\/cropped-1jojlxEOMkX9Wyqfhe43D6kjPOGqBBKmx3EwWJqZ0cMrFF54yM49.png\",\"width\":186,\"height\":112,\"caption\":\"Guin\u00e9e Diversit\u00e9\"},\"image\":{\"@id\":\"https:\/\/guineediversite.com\/#\/schema\/logo\/image\/\"},\"sameAs\":[\"https:\/\/www.facebook.com\/guineediversite\/\",\"https:\/\/x.com\/GuineeDiversite\",\"https:\/\/www.youtube.com\/channel\/UC8sUY16qelG5ge6_D5SB83g\"]},{\"@type\":\"Person\",\"@id\":\"https:\/\/guineediversite.com\/#\/schema\/person\/afa08fb34e7fc6e1feafc892612bc836\",\"name\":\"Guin\u00e9e Diversit\u00e9\",\"image\":{\"@type\":\"ImageObject\",\"inLanguage\":\"fr-FR\",\"@id\":\"https:\/\/guineediversite.com\/#\/schema\/person\/image\/\",\"url\":\"https:\/\/secure.gravatar.com\/avatar\/50d5eb5b390f8b65ac30ac6f898eb83a?s=96&d=mm&r=g\",\"contentUrl\":\"https:\/\/secure.gravatar.com\/avatar\/50d5eb5b390f8b65ac30ac6f898eb83a?s=96&d=mm&r=g\",\"caption\":\"Guin\u00e9e Diversit\u00e9\"},\"url\":\"https:\/\/guineediversite.com\/index.php\/author\/guineediversite\/\"}]}<\/script>\n<!-- \/ Yoast SEO plugin. -->","yoast_head_json":{"title":"Le Liban en qu\u00eate de v\u00e9rit\u00e9 et de justice apr\u00e8s l'explosion de Beyrouth | Guin\u00e9e Diversit\u00e9","robots":{"index":"index","follow":"follow","max-snippet":"max-snippet:-1","max-image-preview":"max-image-preview:large","max-video-preview":"max-video-preview:-1"},"canonical":"https:\/\/guineediversite.com\/index.php\/2020\/08\/31\/le-liban-en-quete-de-verite-et-de-justice-apres-lexplosion-de-beyrouth\/","og_locale":"fr_FR","og_type":"article","og_title":"Le Liban en qu\u00eate de v\u00e9rit\u00e9 et de justice apr\u00e8s l'explosion de Beyrouth | Guin\u00e9e Diversit\u00e9","og_description":"Emmanuel Macron est attendu ce lundi soir \u00e0 Beyrouth\u00a0pour sa deuxi\u00e8me visite en quelques semaines puisqu\u2019il s\u2019\u00e9tait rendu dans la capitale libanaise dans les jours qui ont suivi l\u2019explosion du 4 ao\u00fbt. Aujourd\u2019hui, beaucoup de victimes souhaitent comprendre ce qui s\u2019est pass\u00e9 et obtenir justice. Au total, 19 personnes ont \u00e9t\u00e9 arr\u00eat\u00e9es, parmi lesquelles le [&hellip;]","og_url":"https:\/\/guineediversite.com\/index.php\/2020\/08\/31\/le-liban-en-quete-de-verite-et-de-justice-apres-lexplosion-de-beyrouth\/","og_site_name":"Guin\u00e9e Diversit\u00e9","article_publisher":"https:\/\/www.facebook.com\/guineediversite\/","article_published_time":"2020-08-31T11:31:38+00:00","og_image":[{"width":1500,"height":1500,"url":"https:\/\/guineediversite.com\/wp-content\/uploads\/2020\/08\/Lexplosion-qui-a-d\u00e9vast\u00e9-Beyrouth-le-4-ao\u00fbt-2020-sajoutent-\u00e0-la-longue-liste-des-difficult\u00e9s-auxquelles-doit-faire-face-le-Liban..jpg","type":"image\/jpeg"}],"author":"Guin\u00e9e Diversit\u00e9","twitter_card":"summary_large_image","twitter_creator":"@GuineeDiversite","twitter_site":"@GuineeDiversite","twitter_misc":{"\u00c9crit par":"Guin\u00e9e Diversit\u00e9","Dur\u00e9e de lecture estim\u00e9e":"5 minutes"},"schema":{"@context":"https:\/\/schema.org","@graph":[{"@type":"Article","@id":"https:\/\/guineediversite.com\/index.php\/2020\/08\/31\/le-liban-en-quete-de-verite-et-de-justice-apres-lexplosion-de-beyrouth\/#article","isPartOf":{"@id":"https:\/\/guineediversite.com\/index.php\/2020\/08\/31\/le-liban-en-quete-de-verite-et-de-justice-apres-lexplosion-de-beyrouth\/"},"author":{"name":"Guin\u00e9e Diversit\u00e9","@id":"https:\/\/guineediversite.com\/#\/schema\/person\/afa08fb34e7fc6e1feafc892612bc836"},"headline":"Le Liban en qu\u00eate de v\u00e9rit\u00e9 et de justice apr\u00e8s l&rsquo;explosion de Beyrouth","datePublished":"2020-08-31T11:31:38+00:00","dateModified":"2020-08-31T11:31:38+00:00","mainEntityOfPage":{"@id":"https:\/\/guineediversite.com\/index.php\/2020\/08\/31\/le-liban-en-quete-de-verite-et-de-justice-apres-lexplosion-de-beyrouth\/"},"wordCount":1019,"publisher":{"@id":"https:\/\/guineediversite.com\/#organization"},"image":{"@id":"https:\/\/guineediversite.com\/index.php\/2020\/08\/31\/le-liban-en-quete-de-verite-et-de-justice-apres-lexplosion-de-beyrouth\/#primaryimage"},"thumbnailUrl":"https:\/\/guineediversite.com\/wp-content\/uploads\/2020\/08\/Lexplosion-qui-a-d\u00e9vast\u00e9-Beyrouth-le-4-ao\u00fbt-2020-sajoutent-\u00e0-la-longue-liste-des-difficult\u00e9s-auxquelles-doit-faire-face-le-Liban..jpg","articleSection":["International"],"inLanguage":"fr-FR"},{"@type":"WebPage","@id":"https:\/\/guineediversite.com\/index.php\/2020\/08\/31\/le-liban-en-quete-de-verite-et-de-justice-apres-lexplosion-de-beyrouth\/","url":"https:\/\/guineediversite.com\/index.php\/2020\/08\/31\/le-liban-en-quete-de-verite-et-de-justice-apres-lexplosion-de-beyrouth\/","name":"Le Liban en qu\u00eate de v\u00e9rit\u00e9 et de justice apr\u00e8s l'explosion de Beyrouth | Guin\u00e9e Diversit\u00e9","isPartOf":{"@id":"https:\/\/guineediversite.com\/#website"},"primaryImageOfPage":{"@id":"https:\/\/guineediversite.com\/index.php\/2020\/08\/31\/le-liban-en-quete-de-verite-et-de-justice-apres-lexplosion-de-beyrouth\/#primaryimage"},"image":{"@id":"https:\/\/guineediversite.com\/index.php\/2020\/08\/31\/le-liban-en-quete-de-verite-et-de-justice-apres-lexplosion-de-beyrouth\/#primaryimage"},"thumbnailUrl":"https:\/\/guineediversite.com\/wp-content\/uploads\/2020\/08\/Lexplosion-qui-a-d\u00e9vast\u00e9-Beyrouth-le-4-ao\u00fbt-2020-sajoutent-\u00e0-la-longue-liste-des-difficult\u00e9s-auxquelles-doit-faire-face-le-Liban..jpg","datePublished":"2020-08-31T11:31:38+00:00","dateModified":"2020-08-31T11:31:38+00:00","breadcrumb":{"@id":"https:\/\/guineediversite.com\/index.php\/2020\/08\/31\/le-liban-en-quete-de-verite-et-de-justice-apres-lexplosion-de-beyrouth\/#breadcrumb"},"inLanguage":"fr-FR","potentialAction":[{"@type":"ReadAction","target":["https:\/\/guineediversite.com\/index.php\/2020\/08\/31\/le-liban-en-quete-de-verite-et-de-justice-apres-lexplosion-de-beyrouth\/"]}]},{"@type":"ImageObject","inLanguage":"fr-FR","@id":"https:\/\/guineediversite.com\/index.php\/2020\/08\/31\/le-liban-en-quete-de-verite-et-de-justice-apres-lexplosion-de-beyrouth\/#primaryimage","url":"https:\/\/guineediversite.com\/wp-content\/uploads\/2020\/08\/Lexplosion-qui-a-d\u00e9vast\u00e9-Beyrouth-le-4-ao\u00fbt-2020-sajoutent-\u00e0-la-longue-liste-des-difficult\u00e9s-auxquelles-doit-faire-face-le-Liban..jpg","contentUrl":"https:\/\/guineediversite.com\/wp-content\/uploads\/2020\/08\/Lexplosion-qui-a-d\u00e9vast\u00e9-Beyrouth-le-4-ao\u00fbt-2020-sajoutent-\u00e0-la-longue-liste-des-difficult\u00e9s-auxquelles-doit-faire-face-le-Liban..jpg","width":1500,"height":1500},{"@type":"BreadcrumbList","@id":"https:\/\/guineediversite.com\/index.php\/2020\/08\/31\/le-liban-en-quete-de-verite-et-de-justice-apres-lexplosion-de-beyrouth\/#breadcrumb","itemListElement":[{"@type":"ListItem","position":1,"name":"Accueil","item":"https:\/\/guineediversite.com\/"},{"@type":"ListItem","position":2,"name":"Le Liban en qu\u00eate de v\u00e9rit\u00e9 et de justice apr\u00e8s l&rsquo;explosion de Beyrouth"}]},{"@type":"WebSite","@id":"https:\/\/guineediversite.com\/#website","url":"https:\/\/guineediversite.com\/","name":"Guin\u00e9e Diversit\u00e9","description":"L&#039;Info dans toute sa diversit\u00e9","publisher":{"@id":"https:\/\/guineediversite.com\/#organization"},"potentialAction":[{"@type":"SearchAction","target":{"@type":"EntryPoint","urlTemplate":"https:\/\/guineediversite.com\/?s={search_term_string}"},"query-input":{"@type":"PropertyValueSpecification","valueRequired":true,"valueName":"search_term_string"}}],"inLanguage":"fr-FR"},{"@type":"Organization","@id":"https:\/\/guineediversite.com\/#organization","name":"Guin\u00e9e Diversit\u00e9","url":"https:\/\/guineediversite.com\/","logo":{"@type":"ImageObject","inLanguage":"fr-FR","@id":"https:\/\/guineediversite.com\/#\/schema\/logo\/image\/","url":"https:\/\/guineediversite.com\/wp-content\/uploads\/2017\/04\/cropped-1jojlxEOMkX9Wyqfhe43D6kjPOGqBBKmx3EwWJqZ0cMrFF54yM49.png","contentUrl":"https:\/\/guineediversite.com\/wp-content\/uploads\/2017\/04\/cropped-1jojlxEOMkX9Wyqfhe43D6kjPOGqBBKmx3EwWJqZ0cMrFF54yM49.png","width":186,"height":112,"caption":"Guin\u00e9e Diversit\u00e9"},"image":{"@id":"https:\/\/guineediversite.com\/#\/schema\/logo\/image\/"},"sameAs":["https:\/\/www.facebook.com\/guineediversite\/","https:\/\/x.com\/GuineeDiversite","https:\/\/www.youtube.com\/channel\/UC8sUY16qelG5ge6_D5SB83g"]},{"@type":"Person","@id":"https:\/\/guineediversite.com\/#\/schema\/person\/afa08fb34e7fc6e1feafc892612bc836","name":"Guin\u00e9e Diversit\u00e9","image":{"@type":"ImageObject","inLanguage":"fr-FR","@id":"https:\/\/guineediversite.com\/#\/schema\/person\/image\/","url":"https:\/\/secure.gravatar.com\/avatar\/50d5eb5b390f8b65ac30ac6f898eb83a?s=96&d=mm&r=g","contentUrl":"https:\/\/secure.gravatar.com\/avatar\/50d5eb5b390f8b65ac30ac6f898eb83a?s=96&d=mm&r=g","caption":"Guin\u00e9e Diversit\u00e9"},"url":"https:\/\/guineediversite.com\/index.php\/author\/guineediversite\/"}]}},"_links":{"self":[{"href":"https:\/\/guineediversite.com\/index.php\/wp-json\/wp\/v2\/posts\/30413"}],"collection":[{"href":"https:\/\/guineediversite.com\/index.php\/wp-json\/wp\/v2\/posts"}],"about":[{"href":"https:\/\/guineediversite.com\/index.php\/wp-json\/wp\/v2\/types\/post"}],"author":[{"embeddable":true,"href":"https:\/\/guineediversite.com\/index.php\/wp-json\/wp\/v2\/users\/12"}],"replies":[{"embeddable":true,"href":"https:\/\/guineediversite.com\/index.php\/wp-json\/wp\/v2\/comments?post=30413"}],"version-history":[{"count":1,"href":"https:\/\/guineediversite.com\/index.php\/wp-json\/wp\/v2\/posts\/30413\/revisions"}],"predecessor-version":[{"id":30415,"href":"https:\/\/guineediversite.com\/index.php\/wp-json\/wp\/v2\/posts\/30413\/revisions\/30415"}],"wp:featuredmedia":[{"embeddable":true,"href":"https:\/\/guineediversite.com\/index.php\/wp-json\/wp\/v2\/media\/30414"}],"wp:attachment":[{"href":"https:\/\/guineediversite.com\/index.php\/wp-json\/wp\/v2\/media?parent=30413"}],"wp:term":[{"taxonomy":"category","embeddable":true,"href":"https:\/\/guineediversite.com\/index.php\/wp-json\/wp\/v2\/categories?post=30413"},{"taxonomy":"post_tag","embeddable":true,"href":"https:\/\/guineediversite.com\/index.php\/wp-json\/wp\/v2\/tags?post=30413"}],"curies":[{"name":"wp","href":"https:\/\/api.w.org\/{rel}","templated":true}]}}