{"id":30393,"date":"2020-08-27T17:23:22","date_gmt":"2020-08-27T15:23:22","guid":{"rendered":"https:\/\/guineediversite.com\/?p=30393"},"modified":"2020-08-27T17:23:22","modified_gmt":"2020-08-27T15:23:22","slug":"mali-lancien-president-ibk-libere-par-la-junte","status":"publish","type":"post","link":"https:\/\/guineediversite.com\/index.php\/2020\/08\/27\/mali-lancien-president-ibk-libere-par-la-junte\/","title":{"rendered":"Mali: l\u2019ancien pr\u00e9sident IBK lib\u00e9r\u00e9 par la junte"},"content":{"rendered":"<p><strong>L&rsquo;ancien pr\u00e9sident malien, arr\u00eat\u00e9 le 18 ao\u00fbt dernier par les putschistes, a \u00e9t\u00e9 lib\u00e9r\u00e9 ce jeudi, ont annonc\u00e9 les militaires.\u00a0Au m\u00eame moment, on a appris que son fils, Karim, avait r\u00e9ussi \u00e0 quitter le pays.<\/strong><\/p>\n<p>Le Comit\u00e9 national pour le salut du peuple, mis en place par les militaires pour diriger le pays, \u00ab\u00a0<em>informe l&rsquo;opinion publique nationale et internationale que l&rsquo;ex-pr\u00e9sident Ibrahim Boubacar Ke\u00efta a \u00e9t\u00e9 lib\u00e9r\u00e9 et se trouve actuellement \u00e0 sa r\u00e9sidence<\/em>\u00a0\u00bb, a annonc\u00e9 le CNSP sur Facebook.<\/p>\n<p>L&rsquo;ancien chef de l&rsquo;\u00c9tat\u00a0est donc libre de ses mouvements. Il serait chez lui, selon un responsable de la junte.<\/p>\n<p>Un membre de sa famille a indiqu\u00e9, sous couvert de l&rsquo;anonymat, que IBK \u00e9tait rentr\u00e9 dans la nuit dans sa r\u00e9sidence du quartier de Sebenikoro.<\/p>\n<p>Par ailleurs, on a appris ce jeudi \u00e9galement que le fils de l&rsquo;ex-pr\u00e9sident, Karim Ke\u00efta, \u00e9tait parvenu \u00e0 quitter le Mali pour se rendre en C\u00f4te d&rsquo;Ivoire, afin d&rsquo;y rejoindre sa famille. L\u2019information a \u00e9t\u00e9 confirm\u00e9e par une source proche de la famille et par des sources s\u00e9curitaires.<\/p>\n<p>Le 18 ao\u00fbt, jour du coup d\u2019\u00c9tat, Karim Ke\u00efta passe un moment au domicile familial. Son domicile priv\u00e9, situ\u00e9 non loin du domaine familial, est ensuite attaqu\u00e9 et saccag\u00e9.\u00a0Il d\u00e9cide alors de quitter discr\u00e8tement la maison de son p\u00e8re.<\/p>\n<p>D\u2019apr\u00e8s nos informations, il trouve, dans un premier temps, refuge \u00e0 Bamako, dans une ambassade d\u2019un pays voisin du Mali. Il y organise lui-m\u00eame son d\u00e9part nuitamment par la route. Il est assis \u00e0 l\u2019arri\u00e8re d\u2019un v\u00e9hicule pendant plusieurs heures de route. Il ne trouve pas de forces de l\u2019ordre sur son chemin jusqu\u2019\u00e0 la fronti\u00e8re qu\u2019il traverse.<\/p>\n<p>Karim Ke\u00efta, 41 ans, est un homme politique malien et un homme d\u2019affaires. Il est membre de l\u2019Assembl\u00e9e nationale depuis 2013. Il a, au Mali, un club de soutien qu\u2019il entretient mais il a aussi de nombreux adversaires incontournables dans la vie politique et \u00e9conomique du Mali.<\/p>\n<p>Ces derni\u00e8res semaines, avant le coup d\u2019\u00c9tat, il se tenait un peu en retrait apr\u00e8s avoir d\u00e9missionn\u00e9 lui-m\u00eame de la pr\u00e9sidence de la commission de la D\u00e9fense d\u2019Assembl\u00e9e nationale.<\/p>\n<p><strong>RFI<\/strong><\/p>\n","protected":false},"excerpt":{"rendered":"<p>L&rsquo;ancien pr\u00e9sident malien, arr\u00eat\u00e9 le 18 ao\u00fbt dernier par les putschistes, a \u00e9t\u00e9 lib\u00e9r\u00e9 ce jeudi, ont annonc\u00e9 les militaires.\u00a0Au m\u00eame moment, on a appris que son fils, Karim, avait r\u00e9ussi \u00e0 quitter le pays. Le Comit\u00e9 national pour le salut du peuple, mis en place par les militaires pour diriger le pays, \u00ab\u00a0informe l&rsquo;opinion [&hellip;]<\/p>\n","protected":false},"author":12,"featured_media":30394,"comment_status":"closed","ping_status":"open","sticky":false,"template":"","format":"standard","meta":{"_exactmetrics_skip_tracking":false,"_exactmetrics_sitenote_active":false,"_exactmetrics_sitenote_note":"","_exactmetrics_sitenote_category":0,"tdm_status":"","tdm_grid_status":"","footnotes":""},"categories":[21],"tags":[],"class_list":{"0":"post-30393","1":"post","2":"type-post","3":"status-publish","4":"format-standard","5":"has-post-thumbnail","7":"category-international"},"yoast_head":"<!-- This site is optimized with the Yoast SEO plugin v24.2 - https:\/\/yoast.com\/wordpress\/plugins\/seo\/ -->\n<title>Mali: l\u2019ancien pr\u00e9sident IBK lib\u00e9r\u00e9 par la junte | Guin\u00e9e Diversit\u00e9<\/title>\n<meta name=\"robots\" content=\"index, follow, max-snippet:-1, max-image-preview:large, max-video-preview:-1\" \/>\n<link rel=\"canonical\" href=\"https:\/\/guineediversite.com\/index.php\/2020\/08\/27\/mali-lancien-president-ibk-libere-par-la-junte\/\" \/>\n<meta property=\"og:locale\" content=\"fr_FR\" \/>\n<meta property=\"og:type\" content=\"article\" \/>\n<meta property=\"og:title\" content=\"Mali: l\u2019ancien pr\u00e9sident IBK lib\u00e9r\u00e9 par la junte | Guin\u00e9e Diversit\u00e9\" \/>\n<meta property=\"og:description\" content=\"L&rsquo;ancien pr\u00e9sident malien, arr\u00eat\u00e9 le 18 ao\u00fbt dernier par les putschistes, a \u00e9t\u00e9 lib\u00e9r\u00e9 ce jeudi, ont annonc\u00e9 les militaires.\u00a0Au m\u00eame moment, on a appris que son fils, Karim, avait r\u00e9ussi \u00e0 quitter le pays. Le Comit\u00e9 national pour le salut du peuple, mis en place par les militaires pour diriger le pays, \u00ab\u00a0informe l&rsquo;opinion [&hellip;]\" \/>\n<meta property=\"og:url\" content=\"https:\/\/guineediversite.com\/index.php\/2020\/08\/27\/mali-lancien-president-ibk-libere-par-la-junte\/\" \/>\n<meta property=\"og:site_name\" content=\"Guin\u00e9e Diversit\u00e9\" \/>\n<meta property=\"article:publisher\" content=\"https:\/\/www.facebook.com\/guineediversite\/\" \/>\n<meta property=\"article:published_time\" content=\"2020-08-27T15:23:22+00:00\" \/>\n<meta property=\"og:image\" content=\"https:\/\/guineediversite.com\/wp-content\/uploads\/2020\/08\/Le-pr\u00e9sident-Malien-IBK.jpg\" \/>\n\t<meta property=\"og:image:width\" content=\"1500\" \/>\n\t<meta property=\"og:image:height\" content=\"1124\" \/>\n\t<meta property=\"og:image:type\" content=\"image\/jpeg\" \/>\n<meta name=\"author\" content=\"Guin\u00e9e Diversit\u00e9\" \/>\n<meta name=\"twitter:card\" content=\"summary_large_image\" \/>\n<meta name=\"twitter:creator\" content=\"@GuineeDiversite\" \/>\n<meta name=\"twitter:site\" content=\"@GuineeDiversite\" \/>\n<meta name=\"twitter:label1\" content=\"\u00c9crit par\" \/>\n\t<meta name=\"twitter:data1\" content=\"Guin\u00e9e Diversit\u00e9\" \/>\n\t<meta name=\"twitter:label2\" content=\"Dur\u00e9e de lecture estim\u00e9e\" \/>\n\t<meta name=\"twitter:data2\" content=\"2 minutes\" \/>\n<script type=\"application\/ld+json\" class=\"yoast-schema-graph\">{\"@context\":\"https:\/\/schema.org\",\"@graph\":[{\"@type\":\"Article\",\"@id\":\"https:\/\/guineediversite.com\/index.php\/2020\/08\/27\/mali-lancien-president-ibk-libere-par-la-junte\/#article\",\"isPartOf\":{\"@id\":\"https:\/\/guineediversite.com\/index.php\/2020\/08\/27\/mali-lancien-president-ibk-libere-par-la-junte\/\"},\"author\":{\"name\":\"Guin\u00e9e Diversit\u00e9\",\"@id\":\"https:\/\/guineediversite.com\/#\/schema\/person\/afa08fb34e7fc6e1feafc892612bc836\"},\"headline\":\"Mali: l\u2019ancien pr\u00e9sident IBK lib\u00e9r\u00e9 par la junte\",\"datePublished\":\"2020-08-27T15:23:22+00:00\",\"dateModified\":\"2020-08-27T15:23:22+00:00\",\"mainEntityOfPage\":{\"@id\":\"https:\/\/guineediversite.com\/index.php\/2020\/08\/27\/mali-lancien-president-ibk-libere-par-la-junte\/\"},\"wordCount\":409,\"publisher\":{\"@id\":\"https:\/\/guineediversite.com\/#organization\"},\"image\":{\"@id\":\"https:\/\/guineediversite.com\/index.php\/2020\/08\/27\/mali-lancien-president-ibk-libere-par-la-junte\/#primaryimage\"},\"thumbnailUrl\":\"https:\/\/guineediversite.com\/wp-content\/uploads\/2020\/08\/Le-pr\u00e9sident-Malien-IBK.jpg\",\"articleSection\":[\"International\"],\"inLanguage\":\"fr-FR\"},{\"@type\":\"WebPage\",\"@id\":\"https:\/\/guineediversite.com\/index.php\/2020\/08\/27\/mali-lancien-president-ibk-libere-par-la-junte\/\",\"url\":\"https:\/\/guineediversite.com\/index.php\/2020\/08\/27\/mali-lancien-president-ibk-libere-par-la-junte\/\",\"name\":\"Mali: l\u2019ancien pr\u00e9sident IBK lib\u00e9r\u00e9 par la junte | Guin\u00e9e Diversit\u00e9\",\"isPartOf\":{\"@id\":\"https:\/\/guineediversite.com\/#website\"},\"primaryImageOfPage\":{\"@id\":\"https:\/\/guineediversite.com\/index.php\/2020\/08\/27\/mali-lancien-president-ibk-libere-par-la-junte\/#primaryimage\"},\"image\":{\"@id\":\"https:\/\/guineediversite.com\/index.php\/2020\/08\/27\/mali-lancien-president-ibk-libere-par-la-junte\/#primaryimage\"},\"thumbnailUrl\":\"https:\/\/guineediversite.com\/wp-content\/uploads\/2020\/08\/Le-pr\u00e9sident-Malien-IBK.jpg\",\"datePublished\":\"2020-08-27T15:23:22+00:00\",\"dateModified\":\"2020-08-27T15:23:22+00:00\",\"breadcrumb\":{\"@id\":\"https:\/\/guineediversite.com\/index.php\/2020\/08\/27\/mali-lancien-president-ibk-libere-par-la-junte\/#breadcrumb\"},\"inLanguage\":\"fr-FR\",\"potentialAction\":[{\"@type\":\"ReadAction\",\"target\":[\"https:\/\/guineediversite.com\/index.php\/2020\/08\/27\/mali-lancien-president-ibk-libere-par-la-junte\/\"]}]},{\"@type\":\"ImageObject\",\"inLanguage\":\"fr-FR\",\"@id\":\"https:\/\/guineediversite.com\/index.php\/2020\/08\/27\/mali-lancien-president-ibk-libere-par-la-junte\/#primaryimage\",\"url\":\"https:\/\/guineediversite.com\/wp-content\/uploads\/2020\/08\/Le-pr\u00e9sident-Malien-IBK.jpg\",\"contentUrl\":\"https:\/\/guineediversite.com\/wp-content\/uploads\/2020\/08\/Le-pr\u00e9sident-Malien-IBK.jpg\",\"width\":1500,\"height\":1124},{\"@type\":\"BreadcrumbList\",\"@id\":\"https:\/\/guineediversite.com\/index.php\/2020\/08\/27\/mali-lancien-president-ibk-libere-par-la-junte\/#breadcrumb\",\"itemListElement\":[{\"@type\":\"ListItem\",\"position\":1,\"name\":\"Accueil\",\"item\":\"https:\/\/guineediversite.com\/\"},{\"@type\":\"ListItem\",\"position\":2,\"name\":\"Mali: l\u2019ancien pr\u00e9sident IBK lib\u00e9r\u00e9 par la junte\"}]},{\"@type\":\"WebSite\",\"@id\":\"https:\/\/guineediversite.com\/#website\",\"url\":\"https:\/\/guineediversite.com\/\",\"name\":\"Guin\u00e9e Diversit\u00e9\",\"description\":\"L&#039;Info dans toute sa diversit\u00e9\",\"publisher\":{\"@id\":\"https:\/\/guineediversite.com\/#organization\"},\"potentialAction\":[{\"@type\":\"SearchAction\",\"target\":{\"@type\":\"EntryPoint\",\"urlTemplate\":\"https:\/\/guineediversite.com\/?s={search_term_string}\"},\"query-input\":{\"@type\":\"PropertyValueSpecification\",\"valueRequired\":true,\"valueName\":\"search_term_string\"}}],\"inLanguage\":\"fr-FR\"},{\"@type\":\"Organization\",\"@id\":\"https:\/\/guineediversite.com\/#organization\",\"name\":\"Guin\u00e9e Diversit\u00e9\",\"url\":\"https:\/\/guineediversite.com\/\",\"logo\":{\"@type\":\"ImageObject\",\"inLanguage\":\"fr-FR\",\"@id\":\"https:\/\/guineediversite.com\/#\/schema\/logo\/image\/\",\"url\":\"https:\/\/guineediversite.com\/wp-content\/uploads\/2017\/04\/cropped-1jojlxEOMkX9Wyqfhe43D6kjPOGqBBKmx3EwWJqZ0cMrFF54yM49.png\",\"contentUrl\":\"https:\/\/guineediversite.com\/wp-content\/uploads\/2017\/04\/cropped-1jojlxEOMkX9Wyqfhe43D6kjPOGqBBKmx3EwWJqZ0cMrFF54yM49.png\",\"width\":186,\"height\":112,\"caption\":\"Guin\u00e9e Diversit\u00e9\"},\"image\":{\"@id\":\"https:\/\/guineediversite.com\/#\/schema\/logo\/image\/\"},\"sameAs\":[\"https:\/\/www.facebook.com\/guineediversite\/\",\"https:\/\/x.com\/GuineeDiversite\",\"https:\/\/www.youtube.com\/channel\/UC8sUY16qelG5ge6_D5SB83g\"]},{\"@type\":\"Person\",\"@id\":\"https:\/\/guineediversite.com\/#\/schema\/person\/afa08fb34e7fc6e1feafc892612bc836\",\"name\":\"Guin\u00e9e Diversit\u00e9\",\"image\":{\"@type\":\"ImageObject\",\"inLanguage\":\"fr-FR\",\"@id\":\"https:\/\/guineediversite.com\/#\/schema\/person\/image\/\",\"url\":\"https:\/\/secure.gravatar.com\/avatar\/50d5eb5b390f8b65ac30ac6f898eb83a?s=96&d=mm&r=g\",\"contentUrl\":\"https:\/\/secure.gravatar.com\/avatar\/50d5eb5b390f8b65ac30ac6f898eb83a?s=96&d=mm&r=g\",\"caption\":\"Guin\u00e9e Diversit\u00e9\"},\"url\":\"https:\/\/guineediversite.com\/index.php\/author\/guineediversite\/\"}]}<\/script>\n<!-- \/ Yoast SEO plugin. -->","yoast_head_json":{"title":"Mali: l\u2019ancien pr\u00e9sident IBK lib\u00e9r\u00e9 par la junte | Guin\u00e9e Diversit\u00e9","robots":{"index":"index","follow":"follow","max-snippet":"max-snippet:-1","max-image-preview":"max-image-preview:large","max-video-preview":"max-video-preview:-1"},"canonical":"https:\/\/guineediversite.com\/index.php\/2020\/08\/27\/mali-lancien-president-ibk-libere-par-la-junte\/","og_locale":"fr_FR","og_type":"article","og_title":"Mali: l\u2019ancien pr\u00e9sident IBK lib\u00e9r\u00e9 par la junte | Guin\u00e9e Diversit\u00e9","og_description":"L&rsquo;ancien pr\u00e9sident malien, arr\u00eat\u00e9 le 18 ao\u00fbt dernier par les putschistes, a \u00e9t\u00e9 lib\u00e9r\u00e9 ce jeudi, ont annonc\u00e9 les militaires.\u00a0Au m\u00eame moment, on a appris que son fils, Karim, avait r\u00e9ussi \u00e0 quitter le pays. Le Comit\u00e9 national pour le salut du peuple, mis en place par les militaires pour diriger le pays, \u00ab\u00a0informe l&rsquo;opinion [&hellip;]","og_url":"https:\/\/guineediversite.com\/index.php\/2020\/08\/27\/mali-lancien-president-ibk-libere-par-la-junte\/","og_site_name":"Guin\u00e9e Diversit\u00e9","article_publisher":"https:\/\/www.facebook.com\/guineediversite\/","article_published_time":"2020-08-27T15:23:22+00:00","og_image":[{"width":1500,"height":1124,"url":"https:\/\/guineediversite.com\/wp-content\/uploads\/2020\/08\/Le-pr\u00e9sident-Malien-IBK.jpg","type":"image\/jpeg"}],"author":"Guin\u00e9e Diversit\u00e9","twitter_card":"summary_large_image","twitter_creator":"@GuineeDiversite","twitter_site":"@GuineeDiversite","twitter_misc":{"\u00c9crit par":"Guin\u00e9e Diversit\u00e9","Dur\u00e9e de lecture estim\u00e9e":"2 minutes"},"schema":{"@context":"https:\/\/schema.org","@graph":[{"@type":"Article","@id":"https:\/\/guineediversite.com\/index.php\/2020\/08\/27\/mali-lancien-president-ibk-libere-par-la-junte\/#article","isPartOf":{"@id":"https:\/\/guineediversite.com\/index.php\/2020\/08\/27\/mali-lancien-president-ibk-libere-par-la-junte\/"},"author":{"name":"Guin\u00e9e Diversit\u00e9","@id":"https:\/\/guineediversite.com\/#\/schema\/person\/afa08fb34e7fc6e1feafc892612bc836"},"headline":"Mali: l\u2019ancien pr\u00e9sident IBK lib\u00e9r\u00e9 par la junte","datePublished":"2020-08-27T15:23:22+00:00","dateModified":"2020-08-27T15:23:22+00:00","mainEntityOfPage":{"@id":"https:\/\/guineediversite.com\/index.php\/2020\/08\/27\/mali-lancien-president-ibk-libere-par-la-junte\/"},"wordCount":409,"publisher":{"@id":"https:\/\/guineediversite.com\/#organization"},"image":{"@id":"https:\/\/guineediversite.com\/index.php\/2020\/08\/27\/mali-lancien-president-ibk-libere-par-la-junte\/#primaryimage"},"thumbnailUrl":"https:\/\/guineediversite.com\/wp-content\/uploads\/2020\/08\/Le-pr\u00e9sident-Malien-IBK.jpg","articleSection":["International"],"inLanguage":"fr-FR"},{"@type":"WebPage","@id":"https:\/\/guineediversite.com\/index.php\/2020\/08\/27\/mali-lancien-president-ibk-libere-par-la-junte\/","url":"https:\/\/guineediversite.com\/index.php\/2020\/08\/27\/mali-lancien-president-ibk-libere-par-la-junte\/","name":"Mali: l\u2019ancien pr\u00e9sident IBK lib\u00e9r\u00e9 par la junte | Guin\u00e9e Diversit\u00e9","isPartOf":{"@id":"https:\/\/guineediversite.com\/#website"},"primaryImageOfPage":{"@id":"https:\/\/guineediversite.com\/index.php\/2020\/08\/27\/mali-lancien-president-ibk-libere-par-la-junte\/#primaryimage"},"image":{"@id":"https:\/\/guineediversite.com\/index.php\/2020\/08\/27\/mali-lancien-president-ibk-libere-par-la-junte\/#primaryimage"},"thumbnailUrl":"https:\/\/guineediversite.com\/wp-content\/uploads\/2020\/08\/Le-pr\u00e9sident-Malien-IBK.jpg","datePublished":"2020-08-27T15:23:22+00:00","dateModified":"2020-08-27T15:23:22+00:00","breadcrumb":{"@id":"https:\/\/guineediversite.com\/index.php\/2020\/08\/27\/mali-lancien-president-ibk-libere-par-la-junte\/#breadcrumb"},"inLanguage":"fr-FR","potentialAction":[{"@type":"ReadAction","target":["https:\/\/guineediversite.com\/index.php\/2020\/08\/27\/mali-lancien-president-ibk-libere-par-la-junte\/"]}]},{"@type":"ImageObject","inLanguage":"fr-FR","@id":"https:\/\/guineediversite.com\/index.php\/2020\/08\/27\/mali-lancien-president-ibk-libere-par-la-junte\/#primaryimage","url":"https:\/\/guineediversite.com\/wp-content\/uploads\/2020\/08\/Le-pr\u00e9sident-Malien-IBK.jpg","contentUrl":"https:\/\/guineediversite.com\/wp-content\/uploads\/2020\/08\/Le-pr\u00e9sident-Malien-IBK.jpg","width":1500,"height":1124},{"@type":"BreadcrumbList","@id":"https:\/\/guineediversite.com\/index.php\/2020\/08\/27\/mali-lancien-president-ibk-libere-par-la-junte\/#breadcrumb","itemListElement":[{"@type":"ListItem","position":1,"name":"Accueil","item":"https:\/\/guineediversite.com\/"},{"@type":"ListItem","position":2,"name":"Mali: l\u2019ancien pr\u00e9sident IBK lib\u00e9r\u00e9 par la junte"}]},{"@type":"WebSite","@id":"https:\/\/guineediversite.com\/#website","url":"https:\/\/guineediversite.com\/","name":"Guin\u00e9e Diversit\u00e9","description":"L&#039;Info dans toute sa diversit\u00e9","publisher":{"@id":"https:\/\/guineediversite.com\/#organization"},"potentialAction":[{"@type":"SearchAction","target":{"@type":"EntryPoint","urlTemplate":"https:\/\/guineediversite.com\/?s={search_term_string}"},"query-input":{"@type":"PropertyValueSpecification","valueRequired":true,"valueName":"search_term_string"}}],"inLanguage":"fr-FR"},{"@type":"Organization","@id":"https:\/\/guineediversite.com\/#organization","name":"Guin\u00e9e Diversit\u00e9","url":"https:\/\/guineediversite.com\/","logo":{"@type":"ImageObject","inLanguage":"fr-FR","@id":"https:\/\/guineediversite.com\/#\/schema\/logo\/image\/","url":"https:\/\/guineediversite.com\/wp-content\/uploads\/2017\/04\/cropped-1jojlxEOMkX9Wyqfhe43D6kjPOGqBBKmx3EwWJqZ0cMrFF54yM49.png","contentUrl":"https:\/\/guineediversite.com\/wp-content\/uploads\/2017\/04\/cropped-1jojlxEOMkX9Wyqfhe43D6kjPOGqBBKmx3EwWJqZ0cMrFF54yM49.png","width":186,"height":112,"caption":"Guin\u00e9e Diversit\u00e9"},"image":{"@id":"https:\/\/guineediversite.com\/#\/schema\/logo\/image\/"},"sameAs":["https:\/\/www.facebook.com\/guineediversite\/","https:\/\/x.com\/GuineeDiversite","https:\/\/www.youtube.com\/channel\/UC8sUY16qelG5ge6_D5SB83g"]},{"@type":"Person","@id":"https:\/\/guineediversite.com\/#\/schema\/person\/afa08fb34e7fc6e1feafc892612bc836","name":"Guin\u00e9e Diversit\u00e9","image":{"@type":"ImageObject","inLanguage":"fr-FR","@id":"https:\/\/guineediversite.com\/#\/schema\/person\/image\/","url":"https:\/\/secure.gravatar.com\/avatar\/50d5eb5b390f8b65ac30ac6f898eb83a?s=96&d=mm&r=g","contentUrl":"https:\/\/secure.gravatar.com\/avatar\/50d5eb5b390f8b65ac30ac6f898eb83a?s=96&d=mm&r=g","caption":"Guin\u00e9e Diversit\u00e9"},"url":"https:\/\/guineediversite.com\/index.php\/author\/guineediversite\/"}]}},"_links":{"self":[{"href":"https:\/\/guineediversite.com\/index.php\/wp-json\/wp\/v2\/posts\/30393"}],"collection":[{"href":"https:\/\/guineediversite.com\/index.php\/wp-json\/wp\/v2\/posts"}],"about":[{"href":"https:\/\/guineediversite.com\/index.php\/wp-json\/wp\/v2\/types\/post"}],"author":[{"embeddable":true,"href":"https:\/\/guineediversite.com\/index.php\/wp-json\/wp\/v2\/users\/12"}],"replies":[{"embeddable":true,"href":"https:\/\/guineediversite.com\/index.php\/wp-json\/wp\/v2\/comments?post=30393"}],"version-history":[{"count":1,"href":"https:\/\/guineediversite.com\/index.php\/wp-json\/wp\/v2\/posts\/30393\/revisions"}],"predecessor-version":[{"id":30395,"href":"https:\/\/guineediversite.com\/index.php\/wp-json\/wp\/v2\/posts\/30393\/revisions\/30395"}],"wp:featuredmedia":[{"embeddable":true,"href":"https:\/\/guineediversite.com\/index.php\/wp-json\/wp\/v2\/media\/30394"}],"wp:attachment":[{"href":"https:\/\/guineediversite.com\/index.php\/wp-json\/wp\/v2\/media?parent=30393"}],"wp:term":[{"taxonomy":"category","embeddable":true,"href":"https:\/\/guineediversite.com\/index.php\/wp-json\/wp\/v2\/categories?post=30393"},{"taxonomy":"post_tag","embeddable":true,"href":"https:\/\/guineediversite.com\/index.php\/wp-json\/wp\/v2\/tags?post=30393"}],"curies":[{"name":"wp","href":"https:\/\/api.w.org\/{rel}","templated":true}]}}