{"id":30389,"date":"2020-08-26T17:49:37","date_gmt":"2020-08-26T15:49:37","guid":{"rendered":"https:\/\/guineediversite.com\/?p=30389"},"modified":"2020-08-26T17:49:37","modified_gmt":"2020-08-26T15:49:37","slug":"la-coordination-de-lunion-forestiere-exprime-a-nouveau-son-desaccord-face-au-troisieme-mandat-dalpha-conde","status":"publish","type":"post","link":"https:\/\/guineediversite.com\/index.php\/2020\/08\/26\/la-coordination-de-lunion-forestiere-exprime-a-nouveau-son-desaccord-face-au-troisieme-mandat-dalpha-conde\/","title":{"rendered":"La coordination de l&rsquo;Union Foresti\u00e8re exprime \u00e0 nouveau son d\u00e9saccord face au troisi\u00e8me mandat d&rsquo;Alpha Cond\u00e9"},"content":{"rendered":"<p><span style=\"font-size: 15px;\">Le Conseil Sup\u00e9rieur de la Diaspora Foresti\u00e8re s\u2019est prononc\u00e9 \u00e0 nouveau sur le 3\u00e8me du pr\u00e9sident Alpha Cond\u00e9. Ils l\u2019ont fait savoir lors d&rsquo;une rencontre avec la Coordination de l&rsquo;Union Foresti\u00e8re, cette communaut\u00e9 r\u00e9it\u00e8re sa ferme opposition \u00e0 la volont\u00e9 du chef de l&rsquo;\u00c9tat de briguer un mandat de plus.<\/span><\/p>\n<p>Youma Leno, l\u2019un des responsables de la cellule de communication de cette coordination, pr\u00e9cise :\u00a0<span style=\"font-size: 15px;\">\u00abNous avons juste r\u00e9it\u00e9r\u00e9 notre position parce que tout r\u00e9cemment nous \u00e9tions en conclave avec le conseil sup\u00e9rieur de la diaspora foresti\u00e8re pour \u00e9changer au tour de certaines questions li\u00e9es \u00e0 notre r\u00e9gion. Nous avons parl\u00e9 essentiellement de l\u2019\u00e9tat de l\u2019union des filles et fils de la for\u00eat, nous avons parl\u00e9 sur la situation des prisonniers qui se trouvent \u00e0 Kankan, et nous avons \u00e9chang\u00e9 au tour des questions de d\u00e9veloppement de la r\u00e9gion foresti\u00e8re et surtout de la situation s\u00e9curitaire et des questions de la violation des droits de l\u2019homme. Donc on ne pouvait pas se retrouver sans \u00e9changer sur l\u2019actualit\u00e9 politique de notre pays, qui menace s\u00e9rieusement la paix sociale et la stabilit\u00e9 \u00bb.<\/span><\/p>\n<p>Et rench\u00e9rir, \u00ab La coordination nationale de l\u2019union foresti\u00e8re a r\u00e9it\u00e9r\u00e9 sa position, parce que nous \u00e9tions en collaboration tr\u00e8s longtemps avec les autres coordinations r\u00e9gionales, nous avons toujours demand\u00e9 au chef de l\u2019Etat de renoncer \u00e0 ce projet qui n\u2019est pas non seulement int\u00e9ressant pour lui mais aussi pour le peuple de Guin\u00e9e, parce que c\u2019est un projet qui peut conduire \u00e0 des cons\u00e9quences catastrophiques. Donc nous avons dit qu\u2019il est temps pour nous de dire au chef de l\u2019Etat, puisse qu\u2019il s\u2019est engag\u00e9 avec son gouvernement de partir \u00e0 l\u2019\u00e9lection l\u00e9gislative, il faudrait qu\u2019il arr\u00eate ce projet de troisi\u00e8me mandat, parce que c\u2019est un projet qui est suicidaire \u00bb.<br \/>\nLa coordination entend de mettre en place des strat\u00e9gies et actions, afin de d&rsquo;attirer l\u2019attention de la communaut\u00e9 nationale et internationale.<\/p>\n","protected":false},"excerpt":{"rendered":"<p>Le Conseil Sup\u00e9rieur de la Diaspora Foresti\u00e8re s\u2019est prononc\u00e9 \u00e0 nouveau sur le 3\u00e8me du pr\u00e9sident Alpha Cond\u00e9. Ils l\u2019ont fait savoir lors d&rsquo;une rencontre avec la Coordination de l&rsquo;Union Foresti\u00e8re, cette communaut\u00e9 r\u00e9it\u00e8re sa ferme opposition \u00e0 la volont\u00e9 du chef de l&rsquo;\u00c9tat de briguer un mandat de plus. Youma Leno, l\u2019un des responsables [&hellip;]<\/p>\n","protected":false},"author":10,"featured_media":30391,"comment_status":"closed","ping_status":"open","sticky":false,"template":"","format":"standard","meta":{"_exactmetrics_skip_tracking":false,"_exactmetrics_sitenote_active":false,"_exactmetrics_sitenote_note":"","_exactmetrics_sitenote_category":0,"tdm_status":"","tdm_grid_status":"","footnotes":""},"categories":[14],"tags":[],"class_list":{"0":"post-30389","1":"post","2":"type-post","3":"status-publish","4":"format-standard","5":"has-post-thumbnail","7":"category-politique"},"yoast_head":"<!-- This site is optimized with the Yoast SEO plugin v24.2 - https:\/\/yoast.com\/wordpress\/plugins\/seo\/ -->\n<title>La coordination de l&#039;Union Foresti\u00e8re exprime \u00e0 nouveau son d\u00e9saccord face au troisi\u00e8me mandat d&#039;Alpha Cond\u00e9 | Guin\u00e9e Diversit\u00e9<\/title>\n<meta name=\"robots\" content=\"index, follow, max-snippet:-1, max-image-preview:large, max-video-preview:-1\" \/>\n<link rel=\"canonical\" href=\"https:\/\/guineediversite.com\/index.php\/2020\/08\/26\/la-coordination-de-lunion-forestiere-exprime-a-nouveau-son-desaccord-face-au-troisieme-mandat-dalpha-conde\/\" \/>\n<meta property=\"og:locale\" content=\"fr_FR\" \/>\n<meta property=\"og:type\" content=\"article\" \/>\n<meta property=\"og:title\" content=\"La coordination de l&#039;Union Foresti\u00e8re exprime \u00e0 nouveau son d\u00e9saccord face au troisi\u00e8me mandat d&#039;Alpha Cond\u00e9 | Guin\u00e9e Diversit\u00e9\" \/>\n<meta property=\"og:description\" content=\"Le Conseil Sup\u00e9rieur de la Diaspora Foresti\u00e8re s\u2019est prononc\u00e9 \u00e0 nouveau sur le 3\u00e8me du pr\u00e9sident Alpha Cond\u00e9. Ils l\u2019ont fait savoir lors d&rsquo;une rencontre avec la Coordination de l&rsquo;Union Foresti\u00e8re, cette communaut\u00e9 r\u00e9it\u00e8re sa ferme opposition \u00e0 la volont\u00e9 du chef de l&rsquo;\u00c9tat de briguer un mandat de plus. Youma Leno, l\u2019un des responsables [&hellip;]\" \/>\n<meta property=\"og:url\" content=\"https:\/\/guineediversite.com\/index.php\/2020\/08\/26\/la-coordination-de-lunion-forestiere-exprime-a-nouveau-son-desaccord-face-au-troisieme-mandat-dalpha-conde\/\" \/>\n<meta property=\"og:site_name\" content=\"Guin\u00e9e Diversit\u00e9\" \/>\n<meta property=\"article:publisher\" content=\"https:\/\/www.facebook.com\/guineediversite\/\" \/>\n<meta property=\"article:published_time\" content=\"2020-08-26T15:49:37+00:00\" \/>\n<meta property=\"og:image\" content=\"https:\/\/guineediversite.com\/wp-content\/uploads\/2020\/08\/IMG-20200826-WA0000.jpg\" \/>\n\t<meta property=\"og:image:width\" content=\"1040\" \/>\n\t<meta property=\"og:image:height\" content=\"780\" \/>\n\t<meta property=\"og:image:type\" content=\"image\/jpeg\" \/>\n<meta name=\"author\" content=\"Morcire Camara\" \/>\n<meta name=\"twitter:card\" content=\"summary_large_image\" \/>\n<meta name=\"twitter:creator\" content=\"@GuineeDiversite\" \/>\n<meta name=\"twitter:site\" content=\"@GuineeDiversite\" \/>\n<meta name=\"twitter:label1\" content=\"\u00c9crit par\" \/>\n\t<meta name=\"twitter:data1\" content=\"Morcire Camara\" \/>\n\t<meta name=\"twitter:label2\" content=\"Dur\u00e9e de lecture estim\u00e9e\" \/>\n\t<meta name=\"twitter:data2\" content=\"2 minutes\" \/>\n<script type=\"application\/ld+json\" class=\"yoast-schema-graph\">{\"@context\":\"https:\/\/schema.org\",\"@graph\":[{\"@type\":\"Article\",\"@id\":\"https:\/\/guineediversite.com\/index.php\/2020\/08\/26\/la-coordination-de-lunion-forestiere-exprime-a-nouveau-son-desaccord-face-au-troisieme-mandat-dalpha-conde\/#article\",\"isPartOf\":{\"@id\":\"https:\/\/guineediversite.com\/index.php\/2020\/08\/26\/la-coordination-de-lunion-forestiere-exprime-a-nouveau-son-desaccord-face-au-troisieme-mandat-dalpha-conde\/\"},\"author\":{\"name\":\"Morcire Camara\",\"@id\":\"https:\/\/guineediversite.com\/#\/schema\/person\/fa362494c47202ce4b3adf55abcc9d01\"},\"headline\":\"La coordination de l&rsquo;Union Foresti\u00e8re exprime \u00e0 nouveau son d\u00e9saccord face au troisi\u00e8me mandat d&rsquo;Alpha Cond\u00e9\",\"datePublished\":\"2020-08-26T15:49:37+00:00\",\"dateModified\":\"2020-08-26T15:49:37+00:00\",\"mainEntityOfPage\":{\"@id\":\"https:\/\/guineediversite.com\/index.php\/2020\/08\/26\/la-coordination-de-lunion-forestiere-exprime-a-nouveau-son-desaccord-face-au-troisieme-mandat-dalpha-conde\/\"},\"wordCount\":378,\"publisher\":{\"@id\":\"https:\/\/guineediversite.com\/#organization\"},\"image\":{\"@id\":\"https:\/\/guineediversite.com\/index.php\/2020\/08\/26\/la-coordination-de-lunion-forestiere-exprime-a-nouveau-son-desaccord-face-au-troisieme-mandat-dalpha-conde\/#primaryimage\"},\"thumbnailUrl\":\"https:\/\/guineediversite.com\/wp-content\/uploads\/2020\/08\/IMG-20200826-WA0000.jpg\",\"articleSection\":[\"Politique\"],\"inLanguage\":\"fr-FR\"},{\"@type\":\"WebPage\",\"@id\":\"https:\/\/guineediversite.com\/index.php\/2020\/08\/26\/la-coordination-de-lunion-forestiere-exprime-a-nouveau-son-desaccord-face-au-troisieme-mandat-dalpha-conde\/\",\"url\":\"https:\/\/guineediversite.com\/index.php\/2020\/08\/26\/la-coordination-de-lunion-forestiere-exprime-a-nouveau-son-desaccord-face-au-troisieme-mandat-dalpha-conde\/\",\"name\":\"La coordination de l'Union Foresti\u00e8re exprime \u00e0 nouveau son d\u00e9saccord face au troisi\u00e8me mandat d'Alpha Cond\u00e9 | Guin\u00e9e Diversit\u00e9\",\"isPartOf\":{\"@id\":\"https:\/\/guineediversite.com\/#website\"},\"primaryImageOfPage\":{\"@id\":\"https:\/\/guineediversite.com\/index.php\/2020\/08\/26\/la-coordination-de-lunion-forestiere-exprime-a-nouveau-son-desaccord-face-au-troisieme-mandat-dalpha-conde\/#primaryimage\"},\"image\":{\"@id\":\"https:\/\/guineediversite.com\/index.php\/2020\/08\/26\/la-coordination-de-lunion-forestiere-exprime-a-nouveau-son-desaccord-face-au-troisieme-mandat-dalpha-conde\/#primaryimage\"},\"thumbnailUrl\":\"https:\/\/guineediversite.com\/wp-content\/uploads\/2020\/08\/IMG-20200826-WA0000.jpg\",\"datePublished\":\"2020-08-26T15:49:37+00:00\",\"dateModified\":\"2020-08-26T15:49:37+00:00\",\"breadcrumb\":{\"@id\":\"https:\/\/guineediversite.com\/index.php\/2020\/08\/26\/la-coordination-de-lunion-forestiere-exprime-a-nouveau-son-desaccord-face-au-troisieme-mandat-dalpha-conde\/#breadcrumb\"},\"inLanguage\":\"fr-FR\",\"potentialAction\":[{\"@type\":\"ReadAction\",\"target\":[\"https:\/\/guineediversite.com\/index.php\/2020\/08\/26\/la-coordination-de-lunion-forestiere-exprime-a-nouveau-son-desaccord-face-au-troisieme-mandat-dalpha-conde\/\"]}]},{\"@type\":\"ImageObject\",\"inLanguage\":\"fr-FR\",\"@id\":\"https:\/\/guineediversite.com\/index.php\/2020\/08\/26\/la-coordination-de-lunion-forestiere-exprime-a-nouveau-son-desaccord-face-au-troisieme-mandat-dalpha-conde\/#primaryimage\",\"url\":\"https:\/\/guineediversite.com\/wp-content\/uploads\/2020\/08\/IMG-20200826-WA0000.jpg\",\"contentUrl\":\"https:\/\/guineediversite.com\/wp-content\/uploads\/2020\/08\/IMG-20200826-WA0000.jpg\",\"width\":1040,\"height\":780},{\"@type\":\"BreadcrumbList\",\"@id\":\"https:\/\/guineediversite.com\/index.php\/2020\/08\/26\/la-coordination-de-lunion-forestiere-exprime-a-nouveau-son-desaccord-face-au-troisieme-mandat-dalpha-conde\/#breadcrumb\",\"itemListElement\":[{\"@type\":\"ListItem\",\"position\":1,\"name\":\"Accueil\",\"item\":\"https:\/\/guineediversite.com\/\"},{\"@type\":\"ListItem\",\"position\":2,\"name\":\"La coordination de l&rsquo;Union Foresti\u00e8re exprime \u00e0 nouveau son d\u00e9saccord face au troisi\u00e8me mandat d&rsquo;Alpha Cond\u00e9\"}]},{\"@type\":\"WebSite\",\"@id\":\"https:\/\/guineediversite.com\/#website\",\"url\":\"https:\/\/guineediversite.com\/\",\"name\":\"Guin\u00e9e Diversit\u00e9\",\"description\":\"L&#039;Info dans toute sa diversit\u00e9\",\"publisher\":{\"@id\":\"https:\/\/guineediversite.com\/#organization\"},\"potentialAction\":[{\"@type\":\"SearchAction\",\"target\":{\"@type\":\"EntryPoint\",\"urlTemplate\":\"https:\/\/guineediversite.com\/?s={search_term_string}\"},\"query-input\":{\"@type\":\"PropertyValueSpecification\",\"valueRequired\":true,\"valueName\":\"search_term_string\"}}],\"inLanguage\":\"fr-FR\"},{\"@type\":\"Organization\",\"@id\":\"https:\/\/guineediversite.com\/#organization\",\"name\":\"Guin\u00e9e Diversit\u00e9\",\"url\":\"https:\/\/guineediversite.com\/\",\"logo\":{\"@type\":\"ImageObject\",\"inLanguage\":\"fr-FR\",\"@id\":\"https:\/\/guineediversite.com\/#\/schema\/logo\/image\/\",\"url\":\"https:\/\/guineediversite.com\/wp-content\/uploads\/2017\/04\/cropped-1jojlxEOMkX9Wyqfhe43D6kjPOGqBBKmx3EwWJqZ0cMrFF54yM49.png\",\"contentUrl\":\"https:\/\/guineediversite.com\/wp-content\/uploads\/2017\/04\/cropped-1jojlxEOMkX9Wyqfhe43D6kjPOGqBBKmx3EwWJqZ0cMrFF54yM49.png\",\"width\":186,\"height\":112,\"caption\":\"Guin\u00e9e Diversit\u00e9\"},\"image\":{\"@id\":\"https:\/\/guineediversite.com\/#\/schema\/logo\/image\/\"},\"sameAs\":[\"https:\/\/www.facebook.com\/guineediversite\/\",\"https:\/\/x.com\/GuineeDiversite\",\"https:\/\/www.youtube.com\/channel\/UC8sUY16qelG5ge6_D5SB83g\"]},{\"@type\":\"Person\",\"@id\":\"https:\/\/guineediversite.com\/#\/schema\/person\/fa362494c47202ce4b3adf55abcc9d01\",\"name\":\"Morcire Camara\",\"image\":{\"@type\":\"ImageObject\",\"inLanguage\":\"fr-FR\",\"@id\":\"https:\/\/guineediversite.com\/#\/schema\/person\/image\/\",\"url\":\"https:\/\/secure.gravatar.com\/avatar\/3ec324f02295bbcebe03d99b39330ab4?s=96&d=mm&r=g\",\"contentUrl\":\"https:\/\/secure.gravatar.com\/avatar\/3ec324f02295bbcebe03d99b39330ab4?s=96&d=mm&r=g\",\"caption\":\"Morcire Camara\"},\"url\":\"https:\/\/guineediversite.com\/index.php\/author\/morcire\/\"}]}<\/script>\n<!-- \/ Yoast SEO plugin. -->","yoast_head_json":{"title":"La coordination de l'Union Foresti\u00e8re exprime \u00e0 nouveau son d\u00e9saccord face au troisi\u00e8me mandat d'Alpha Cond\u00e9 | Guin\u00e9e Diversit\u00e9","robots":{"index":"index","follow":"follow","max-snippet":"max-snippet:-1","max-image-preview":"max-image-preview:large","max-video-preview":"max-video-preview:-1"},"canonical":"https:\/\/guineediversite.com\/index.php\/2020\/08\/26\/la-coordination-de-lunion-forestiere-exprime-a-nouveau-son-desaccord-face-au-troisieme-mandat-dalpha-conde\/","og_locale":"fr_FR","og_type":"article","og_title":"La coordination de l'Union Foresti\u00e8re exprime \u00e0 nouveau son d\u00e9saccord face au troisi\u00e8me mandat d'Alpha Cond\u00e9 | Guin\u00e9e Diversit\u00e9","og_description":"Le Conseil Sup\u00e9rieur de la Diaspora Foresti\u00e8re s\u2019est prononc\u00e9 \u00e0 nouveau sur le 3\u00e8me du pr\u00e9sident Alpha Cond\u00e9. Ils l\u2019ont fait savoir lors d&rsquo;une rencontre avec la Coordination de l&rsquo;Union Foresti\u00e8re, cette communaut\u00e9 r\u00e9it\u00e8re sa ferme opposition \u00e0 la volont\u00e9 du chef de l&rsquo;\u00c9tat de briguer un mandat de plus. Youma Leno, l\u2019un des responsables [&hellip;]","og_url":"https:\/\/guineediversite.com\/index.php\/2020\/08\/26\/la-coordination-de-lunion-forestiere-exprime-a-nouveau-son-desaccord-face-au-troisieme-mandat-dalpha-conde\/","og_site_name":"Guin\u00e9e Diversit\u00e9","article_publisher":"https:\/\/www.facebook.com\/guineediversite\/","article_published_time":"2020-08-26T15:49:37+00:00","og_image":[{"width":1040,"height":780,"url":"https:\/\/guineediversite.com\/wp-content\/uploads\/2020\/08\/IMG-20200826-WA0000.jpg","type":"image\/jpeg"}],"author":"Morcire Camara","twitter_card":"summary_large_image","twitter_creator":"@GuineeDiversite","twitter_site":"@GuineeDiversite","twitter_misc":{"\u00c9crit par":"Morcire Camara","Dur\u00e9e de lecture estim\u00e9e":"2 minutes"},"schema":{"@context":"https:\/\/schema.org","@graph":[{"@type":"Article","@id":"https:\/\/guineediversite.com\/index.php\/2020\/08\/26\/la-coordination-de-lunion-forestiere-exprime-a-nouveau-son-desaccord-face-au-troisieme-mandat-dalpha-conde\/#article","isPartOf":{"@id":"https:\/\/guineediversite.com\/index.php\/2020\/08\/26\/la-coordination-de-lunion-forestiere-exprime-a-nouveau-son-desaccord-face-au-troisieme-mandat-dalpha-conde\/"},"author":{"name":"Morcire Camara","@id":"https:\/\/guineediversite.com\/#\/schema\/person\/fa362494c47202ce4b3adf55abcc9d01"},"headline":"La coordination de l&rsquo;Union Foresti\u00e8re exprime \u00e0 nouveau son d\u00e9saccord face au troisi\u00e8me mandat d&rsquo;Alpha Cond\u00e9","datePublished":"2020-08-26T15:49:37+00:00","dateModified":"2020-08-26T15:49:37+00:00","mainEntityOfPage":{"@id":"https:\/\/guineediversite.com\/index.php\/2020\/08\/26\/la-coordination-de-lunion-forestiere-exprime-a-nouveau-son-desaccord-face-au-troisieme-mandat-dalpha-conde\/"},"wordCount":378,"publisher":{"@id":"https:\/\/guineediversite.com\/#organization"},"image":{"@id":"https:\/\/guineediversite.com\/index.php\/2020\/08\/26\/la-coordination-de-lunion-forestiere-exprime-a-nouveau-son-desaccord-face-au-troisieme-mandat-dalpha-conde\/#primaryimage"},"thumbnailUrl":"https:\/\/guineediversite.com\/wp-content\/uploads\/2020\/08\/IMG-20200826-WA0000.jpg","articleSection":["Politique"],"inLanguage":"fr-FR"},{"@type":"WebPage","@id":"https:\/\/guineediversite.com\/index.php\/2020\/08\/26\/la-coordination-de-lunion-forestiere-exprime-a-nouveau-son-desaccord-face-au-troisieme-mandat-dalpha-conde\/","url":"https:\/\/guineediversite.com\/index.php\/2020\/08\/26\/la-coordination-de-lunion-forestiere-exprime-a-nouveau-son-desaccord-face-au-troisieme-mandat-dalpha-conde\/","name":"La coordination de l'Union Foresti\u00e8re exprime \u00e0 nouveau son d\u00e9saccord face au troisi\u00e8me mandat d'Alpha Cond\u00e9 | Guin\u00e9e Diversit\u00e9","isPartOf":{"@id":"https:\/\/guineediversite.com\/#website"},"primaryImageOfPage":{"@id":"https:\/\/guineediversite.com\/index.php\/2020\/08\/26\/la-coordination-de-lunion-forestiere-exprime-a-nouveau-son-desaccord-face-au-troisieme-mandat-dalpha-conde\/#primaryimage"},"image":{"@id":"https:\/\/guineediversite.com\/index.php\/2020\/08\/26\/la-coordination-de-lunion-forestiere-exprime-a-nouveau-son-desaccord-face-au-troisieme-mandat-dalpha-conde\/#primaryimage"},"thumbnailUrl":"https:\/\/guineediversite.com\/wp-content\/uploads\/2020\/08\/IMG-20200826-WA0000.jpg","datePublished":"2020-08-26T15:49:37+00:00","dateModified":"2020-08-26T15:49:37+00:00","breadcrumb":{"@id":"https:\/\/guineediversite.com\/index.php\/2020\/08\/26\/la-coordination-de-lunion-forestiere-exprime-a-nouveau-son-desaccord-face-au-troisieme-mandat-dalpha-conde\/#breadcrumb"},"inLanguage":"fr-FR","potentialAction":[{"@type":"ReadAction","target":["https:\/\/guineediversite.com\/index.php\/2020\/08\/26\/la-coordination-de-lunion-forestiere-exprime-a-nouveau-son-desaccord-face-au-troisieme-mandat-dalpha-conde\/"]}]},{"@type":"ImageObject","inLanguage":"fr-FR","@id":"https:\/\/guineediversite.com\/index.php\/2020\/08\/26\/la-coordination-de-lunion-forestiere-exprime-a-nouveau-son-desaccord-face-au-troisieme-mandat-dalpha-conde\/#primaryimage","url":"https:\/\/guineediversite.com\/wp-content\/uploads\/2020\/08\/IMG-20200826-WA0000.jpg","contentUrl":"https:\/\/guineediversite.com\/wp-content\/uploads\/2020\/08\/IMG-20200826-WA0000.jpg","width":1040,"height":780},{"@type":"BreadcrumbList","@id":"https:\/\/guineediversite.com\/index.php\/2020\/08\/26\/la-coordination-de-lunion-forestiere-exprime-a-nouveau-son-desaccord-face-au-troisieme-mandat-dalpha-conde\/#breadcrumb","itemListElement":[{"@type":"ListItem","position":1,"name":"Accueil","item":"https:\/\/guineediversite.com\/"},{"@type":"ListItem","position":2,"name":"La coordination de l&rsquo;Union Foresti\u00e8re exprime \u00e0 nouveau son d\u00e9saccord face au troisi\u00e8me mandat d&rsquo;Alpha Cond\u00e9"}]},{"@type":"WebSite","@id":"https:\/\/guineediversite.com\/#website","url":"https:\/\/guineediversite.com\/","name":"Guin\u00e9e Diversit\u00e9","description":"L&#039;Info dans toute sa diversit\u00e9","publisher":{"@id":"https:\/\/guineediversite.com\/#organization"},"potentialAction":[{"@type":"SearchAction","target":{"@type":"EntryPoint","urlTemplate":"https:\/\/guineediversite.com\/?s={search_term_string}"},"query-input":{"@type":"PropertyValueSpecification","valueRequired":true,"valueName":"search_term_string"}}],"inLanguage":"fr-FR"},{"@type":"Organization","@id":"https:\/\/guineediversite.com\/#organization","name":"Guin\u00e9e Diversit\u00e9","url":"https:\/\/guineediversite.com\/","logo":{"@type":"ImageObject","inLanguage":"fr-FR","@id":"https:\/\/guineediversite.com\/#\/schema\/logo\/image\/","url":"https:\/\/guineediversite.com\/wp-content\/uploads\/2017\/04\/cropped-1jojlxEOMkX9Wyqfhe43D6kjPOGqBBKmx3EwWJqZ0cMrFF54yM49.png","contentUrl":"https:\/\/guineediversite.com\/wp-content\/uploads\/2017\/04\/cropped-1jojlxEOMkX9Wyqfhe43D6kjPOGqBBKmx3EwWJqZ0cMrFF54yM49.png","width":186,"height":112,"caption":"Guin\u00e9e Diversit\u00e9"},"image":{"@id":"https:\/\/guineediversite.com\/#\/schema\/logo\/image\/"},"sameAs":["https:\/\/www.facebook.com\/guineediversite\/","https:\/\/x.com\/GuineeDiversite","https:\/\/www.youtube.com\/channel\/UC8sUY16qelG5ge6_D5SB83g"]},{"@type":"Person","@id":"https:\/\/guineediversite.com\/#\/schema\/person\/fa362494c47202ce4b3adf55abcc9d01","name":"Morcire Camara","image":{"@type":"ImageObject","inLanguage":"fr-FR","@id":"https:\/\/guineediversite.com\/#\/schema\/person\/image\/","url":"https:\/\/secure.gravatar.com\/avatar\/3ec324f02295bbcebe03d99b39330ab4?s=96&d=mm&r=g","contentUrl":"https:\/\/secure.gravatar.com\/avatar\/3ec324f02295bbcebe03d99b39330ab4?s=96&d=mm&r=g","caption":"Morcire Camara"},"url":"https:\/\/guineediversite.com\/index.php\/author\/morcire\/"}]}},"_links":{"self":[{"href":"https:\/\/guineediversite.com\/index.php\/wp-json\/wp\/v2\/posts\/30389"}],"collection":[{"href":"https:\/\/guineediversite.com\/index.php\/wp-json\/wp\/v2\/posts"}],"about":[{"href":"https:\/\/guineediversite.com\/index.php\/wp-json\/wp\/v2\/types\/post"}],"author":[{"embeddable":true,"href":"https:\/\/guineediversite.com\/index.php\/wp-json\/wp\/v2\/users\/10"}],"replies":[{"embeddable":true,"href":"https:\/\/guineediversite.com\/index.php\/wp-json\/wp\/v2\/comments?post=30389"}],"version-history":[{"count":1,"href":"https:\/\/guineediversite.com\/index.php\/wp-json\/wp\/v2\/posts\/30389\/revisions"}],"predecessor-version":[{"id":30392,"href":"https:\/\/guineediversite.com\/index.php\/wp-json\/wp\/v2\/posts\/30389\/revisions\/30392"}],"wp:featuredmedia":[{"embeddable":true,"href":"https:\/\/guineediversite.com\/index.php\/wp-json\/wp\/v2\/media\/30391"}],"wp:attachment":[{"href":"https:\/\/guineediversite.com\/index.php\/wp-json\/wp\/v2\/media?parent=30389"}],"wp:term":[{"taxonomy":"category","embeddable":true,"href":"https:\/\/guineediversite.com\/index.php\/wp-json\/wp\/v2\/categories?post=30389"},{"taxonomy":"post_tag","embeddable":true,"href":"https:\/\/guineediversite.com\/index.php\/wp-json\/wp\/v2\/tags?post=30389"}],"curies":[{"name":"wp","href":"https:\/\/api.w.org\/{rel}","templated":true}]}}