{"id":30384,"date":"2020-08-26T16:22:24","date_gmt":"2020-08-26T14:22:24","guid":{"rendered":"https:\/\/guineediversite.com\/?p=30384"},"modified":"2020-08-26T17:02:50","modified_gmt":"2020-08-26T15:02:50","slug":"cote-divoire-la-justice-confirme-la-radiation-de-laurent-gbagbo-de-la-liste-electorale","status":"publish","type":"post","link":"https:\/\/guineediversite.com\/index.php\/2020\/08\/26\/cote-divoire-la-justice-confirme-la-radiation-de-laurent-gbagbo-de-la-liste-electorale\/","title":{"rendered":"C\u00f4te d&rsquo;Ivoire: la justice confirme la radiation de Laurent Gbagbo de la liste \u00e9lectorale"},"content":{"rendered":"<p><span style=\"font-size: 15px;\">L&rsquo;ancien pr\u00e9sident Laurent Gbagbo est bel et bien radi\u00e9 de la liste \u00e9lectorale ivoirienne. La justice a confirm\u00e9 la d\u00e9cision de la Commission \u00e9lectorale ind\u00e9pendante rendue la semaine derni\u00e8re. Aucun recours n\u2019est possible devant une juridiction ivoirienne. N\u2019\u00e9tant plus \u00e9lecteur, il ne peut \u00eatre candidat.<\/span><\/p>\n<p>\u00c0 cinq jours de la date limite de d\u00e9p\u00f4t des dossiers, une \u00e9ventuelle candidature de Laurent Gbagbo \u00e0 la pr\u00e9sidentielle du 31 octobre, sauf coup de th\u00e9\u00e2tre majeur, rel\u00e8ve de l\u2019impossible.<br \/>\nLe tribunal de premi\u00e8re instance du Plateau \u00e0 Abidjan, saisi par les avocats de l\u2019ancien pr\u00e9sident a confirm\u00e9 ce mardi 25 ao\u00fbt la d\u00e9cision de la Commission \u00e9lectorale de retirer le nom de Laurent Gbagbo de la liste des \u00e9lecteurs. Bien qu\u2019il ne se soit pas port\u00e9 candidat, cette \u00e9ventualit\u00e9 esp\u00e9r\u00e9e par ses partisans est donc d\u00e9sormais \u00e0 exclure.<br \/>\nAffaire du \u00ab braquage de la BCEAO \u00bb<br \/>\nLa raison de cette radiation est la condamnation de Laurent Gbagbo, en son absence, par la justice ivoirienne, \u00e0 20 ans de prison dans l\u2019affaire dite du \u00ab braquage de la BCEAO \u00bb. Lors de la crise post-\u00e9lectorale de 2010-2011, son r\u00e9gime, alors sous embargo financier, s\u2019\u00e9tait servi dans les caisses de l\u2019agence locale de la Banque centrale des \u00c9tats d\u2019Afrique de l\u2019Ouest pour se fournir en liquidit\u00e9s. Apr\u00e8s avoir \u00e9t\u00e9 d\u00e9bout\u00e9 par la CEI puis par la justice ivoirienne, l\u2019avocat de l\u2019ancien pr\u00e9sident envisage la possibilit\u00e9 de saisir une juridiction r\u00e9gionale.<\/p>\n<p>\u00c0 Bruxelles o\u00f9 il vit depuis sa lib\u00e9ration conditionnelle par la Cour p\u00e9nale internationale (CPI), Laurent Gbagbo, \u00e0 qui le droit international permet de se rendre en C\u00f4te d\u2019Ivoire, est toujours dans l\u2019attente d\u2019un passeport ivoirien pour rentrer au pays.<\/p>\n<p><strong>RFI<\/strong><\/p>\n","protected":false},"excerpt":{"rendered":"<p>L&rsquo;ancien pr\u00e9sident Laurent Gbagbo est bel et bien radi\u00e9 de la liste \u00e9lectorale ivoirienne. La justice a confirm\u00e9 la d\u00e9cision de la Commission \u00e9lectorale ind\u00e9pendante rendue la semaine derni\u00e8re. Aucun recours n\u2019est possible devant une juridiction ivoirienne. N\u2019\u00e9tant plus \u00e9lecteur, il ne peut \u00eatre candidat. \u00c0 cinq jours de la date limite de d\u00e9p\u00f4t des [&hellip;]<\/p>\n","protected":false},"author":12,"featured_media":27805,"comment_status":"closed","ping_status":"open","sticky":false,"template":"","format":"standard","meta":{"_exactmetrics_skip_tracking":false,"_exactmetrics_sitenote_active":false,"_exactmetrics_sitenote_note":"","_exactmetrics_sitenote_category":0,"tdm_status":"","tdm_grid_status":"","footnotes":""},"categories":[21],"tags":[],"class_list":{"0":"post-30384","1":"post","2":"type-post","3":"status-publish","4":"format-standard","5":"has-post-thumbnail","7":"category-international"},"yoast_head":"<!-- This site is optimized with the Yoast SEO plugin v24.2 - https:\/\/yoast.com\/wordpress\/plugins\/seo\/ -->\n<title>C\u00f4te d&#039;Ivoire: la justice confirme la radiation de Laurent Gbagbo de la liste \u00e9lectorale | Guin\u00e9e Diversit\u00e9<\/title>\n<meta name=\"robots\" content=\"index, follow, max-snippet:-1, max-image-preview:large, max-video-preview:-1\" \/>\n<link rel=\"canonical\" href=\"https:\/\/guineediversite.com\/index.php\/2020\/08\/26\/cote-divoire-la-justice-confirme-la-radiation-de-laurent-gbagbo-de-la-liste-electorale\/\" \/>\n<meta property=\"og:locale\" content=\"fr_FR\" \/>\n<meta property=\"og:type\" content=\"article\" \/>\n<meta property=\"og:title\" content=\"C\u00f4te d&#039;Ivoire: la justice confirme la radiation de Laurent Gbagbo de la liste \u00e9lectorale | Guin\u00e9e Diversit\u00e9\" \/>\n<meta property=\"og:description\" content=\"L&rsquo;ancien pr\u00e9sident Laurent Gbagbo est bel et bien radi\u00e9 de la liste \u00e9lectorale ivoirienne. La justice a confirm\u00e9 la d\u00e9cision de la Commission \u00e9lectorale ind\u00e9pendante rendue la semaine derni\u00e8re. Aucun recours n\u2019est possible devant une juridiction ivoirienne. N\u2019\u00e9tant plus \u00e9lecteur, il ne peut \u00eatre candidat. \u00c0 cinq jours de la date limite de d\u00e9p\u00f4t des [&hellip;]\" \/>\n<meta property=\"og:url\" content=\"https:\/\/guineediversite.com\/index.php\/2020\/08\/26\/cote-divoire-la-justice-confirme-la-radiation-de-laurent-gbagbo-de-la-liste-electorale\/\" \/>\n<meta property=\"og:site_name\" content=\"Guin\u00e9e Diversit\u00e9\" \/>\n<meta property=\"article:publisher\" content=\"https:\/\/www.facebook.com\/guineediversite\/\" \/>\n<meta property=\"article:published_time\" content=\"2020-08-26T14:22:24+00:00\" \/>\n<meta property=\"article:modified_time\" content=\"2020-08-26T15:02:50+00:00\" \/>\n<meta property=\"og:image\" content=\"https:\/\/guineediversite.com\/wp-content\/uploads\/2019\/01\/sipa_ap21850562_000008-592x296.jpg\" \/>\n\t<meta property=\"og:image:width\" content=\"1900\" \/>\n\t<meta property=\"og:image:height\" content=\"950\" \/>\n\t<meta property=\"og:image:type\" content=\"image\/jpeg\" \/>\n<meta name=\"author\" content=\"Guin\u00e9e Diversit\u00e9\" \/>\n<meta name=\"twitter:card\" content=\"summary_large_image\" \/>\n<meta name=\"twitter:creator\" content=\"@GuineeDiversite\" \/>\n<meta name=\"twitter:site\" content=\"@GuineeDiversite\" \/>\n<meta name=\"twitter:label1\" content=\"\u00c9crit par\" \/>\n\t<meta name=\"twitter:data1\" content=\"Guin\u00e9e Diversit\u00e9\" \/>\n\t<meta name=\"twitter:label2\" content=\"Dur\u00e9e de lecture estim\u00e9e\" \/>\n\t<meta name=\"twitter:data2\" content=\"2 minutes\" \/>\n<script type=\"application\/ld+json\" class=\"yoast-schema-graph\">{\"@context\":\"https:\/\/schema.org\",\"@graph\":[{\"@type\":\"Article\",\"@id\":\"https:\/\/guineediversite.com\/index.php\/2020\/08\/26\/cote-divoire-la-justice-confirme-la-radiation-de-laurent-gbagbo-de-la-liste-electorale\/#article\",\"isPartOf\":{\"@id\":\"https:\/\/guineediversite.com\/index.php\/2020\/08\/26\/cote-divoire-la-justice-confirme-la-radiation-de-laurent-gbagbo-de-la-liste-electorale\/\"},\"author\":{\"name\":\"Guin\u00e9e Diversit\u00e9\",\"@id\":\"https:\/\/guineediversite.com\/#\/schema\/person\/afa08fb34e7fc6e1feafc892612bc836\"},\"headline\":\"C\u00f4te d&rsquo;Ivoire: la justice confirme la radiation de Laurent Gbagbo de la liste \u00e9lectorale\",\"datePublished\":\"2020-08-26T14:22:24+00:00\",\"dateModified\":\"2020-08-26T15:02:50+00:00\",\"mainEntityOfPage\":{\"@id\":\"https:\/\/guineediversite.com\/index.php\/2020\/08\/26\/cote-divoire-la-justice-confirme-la-radiation-de-laurent-gbagbo-de-la-liste-electorale\/\"},\"wordCount\":320,\"publisher\":{\"@id\":\"https:\/\/guineediversite.com\/#organization\"},\"image\":{\"@id\":\"https:\/\/guineediversite.com\/index.php\/2020\/08\/26\/cote-divoire-la-justice-confirme-la-radiation-de-laurent-gbagbo-de-la-liste-electorale\/#primaryimage\"},\"thumbnailUrl\":\"https:\/\/guineediversite.com\/wp-content\/uploads\/2019\/01\/sipa_ap21850562_000008-592x296.jpg\",\"articleSection\":[\"International\"],\"inLanguage\":\"fr-FR\"},{\"@type\":\"WebPage\",\"@id\":\"https:\/\/guineediversite.com\/index.php\/2020\/08\/26\/cote-divoire-la-justice-confirme-la-radiation-de-laurent-gbagbo-de-la-liste-electorale\/\",\"url\":\"https:\/\/guineediversite.com\/index.php\/2020\/08\/26\/cote-divoire-la-justice-confirme-la-radiation-de-laurent-gbagbo-de-la-liste-electorale\/\",\"name\":\"C\u00f4te d'Ivoire: la justice confirme la radiation de Laurent Gbagbo de la liste \u00e9lectorale | Guin\u00e9e Diversit\u00e9\",\"isPartOf\":{\"@id\":\"https:\/\/guineediversite.com\/#website\"},\"primaryImageOfPage\":{\"@id\":\"https:\/\/guineediversite.com\/index.php\/2020\/08\/26\/cote-divoire-la-justice-confirme-la-radiation-de-laurent-gbagbo-de-la-liste-electorale\/#primaryimage\"},\"image\":{\"@id\":\"https:\/\/guineediversite.com\/index.php\/2020\/08\/26\/cote-divoire-la-justice-confirme-la-radiation-de-laurent-gbagbo-de-la-liste-electorale\/#primaryimage\"},\"thumbnailUrl\":\"https:\/\/guineediversite.com\/wp-content\/uploads\/2019\/01\/sipa_ap21850562_000008-592x296.jpg\",\"datePublished\":\"2020-08-26T14:22:24+00:00\",\"dateModified\":\"2020-08-26T15:02:50+00:00\",\"breadcrumb\":{\"@id\":\"https:\/\/guineediversite.com\/index.php\/2020\/08\/26\/cote-divoire-la-justice-confirme-la-radiation-de-laurent-gbagbo-de-la-liste-electorale\/#breadcrumb\"},\"inLanguage\":\"fr-FR\",\"potentialAction\":[{\"@type\":\"ReadAction\",\"target\":[\"https:\/\/guineediversite.com\/index.php\/2020\/08\/26\/cote-divoire-la-justice-confirme-la-radiation-de-laurent-gbagbo-de-la-liste-electorale\/\"]}]},{\"@type\":\"ImageObject\",\"inLanguage\":\"fr-FR\",\"@id\":\"https:\/\/guineediversite.com\/index.php\/2020\/08\/26\/cote-divoire-la-justice-confirme-la-radiation-de-laurent-gbagbo-de-la-liste-electorale\/#primaryimage\",\"url\":\"https:\/\/guineediversite.com\/wp-content\/uploads\/2019\/01\/sipa_ap21850562_000008-592x296.jpg\",\"contentUrl\":\"https:\/\/guineediversite.com\/wp-content\/uploads\/2019\/01\/sipa_ap21850562_000008-592x296.jpg\",\"width\":1900,\"height\":950},{\"@type\":\"BreadcrumbList\",\"@id\":\"https:\/\/guineediversite.com\/index.php\/2020\/08\/26\/cote-divoire-la-justice-confirme-la-radiation-de-laurent-gbagbo-de-la-liste-electorale\/#breadcrumb\",\"itemListElement\":[{\"@type\":\"ListItem\",\"position\":1,\"name\":\"Accueil\",\"item\":\"https:\/\/guineediversite.com\/\"},{\"@type\":\"ListItem\",\"position\":2,\"name\":\"C\u00f4te d&rsquo;Ivoire: la justice confirme la radiation de Laurent Gbagbo de la liste \u00e9lectorale\"}]},{\"@type\":\"WebSite\",\"@id\":\"https:\/\/guineediversite.com\/#website\",\"url\":\"https:\/\/guineediversite.com\/\",\"name\":\"Guin\u00e9e Diversit\u00e9\",\"description\":\"L&#039;Info dans toute sa diversit\u00e9\",\"publisher\":{\"@id\":\"https:\/\/guineediversite.com\/#organization\"},\"potentialAction\":[{\"@type\":\"SearchAction\",\"target\":{\"@type\":\"EntryPoint\",\"urlTemplate\":\"https:\/\/guineediversite.com\/?s={search_term_string}\"},\"query-input\":{\"@type\":\"PropertyValueSpecification\",\"valueRequired\":true,\"valueName\":\"search_term_string\"}}],\"inLanguage\":\"fr-FR\"},{\"@type\":\"Organization\",\"@id\":\"https:\/\/guineediversite.com\/#organization\",\"name\":\"Guin\u00e9e Diversit\u00e9\",\"url\":\"https:\/\/guineediversite.com\/\",\"logo\":{\"@type\":\"ImageObject\",\"inLanguage\":\"fr-FR\",\"@id\":\"https:\/\/guineediversite.com\/#\/schema\/logo\/image\/\",\"url\":\"https:\/\/guineediversite.com\/wp-content\/uploads\/2017\/04\/cropped-1jojlxEOMkX9Wyqfhe43D6kjPOGqBBKmx3EwWJqZ0cMrFF54yM49.png\",\"contentUrl\":\"https:\/\/guineediversite.com\/wp-content\/uploads\/2017\/04\/cropped-1jojlxEOMkX9Wyqfhe43D6kjPOGqBBKmx3EwWJqZ0cMrFF54yM49.png\",\"width\":186,\"height\":112,\"caption\":\"Guin\u00e9e Diversit\u00e9\"},\"image\":{\"@id\":\"https:\/\/guineediversite.com\/#\/schema\/logo\/image\/\"},\"sameAs\":[\"https:\/\/www.facebook.com\/guineediversite\/\",\"https:\/\/x.com\/GuineeDiversite\",\"https:\/\/www.youtube.com\/channel\/UC8sUY16qelG5ge6_D5SB83g\"]},{\"@type\":\"Person\",\"@id\":\"https:\/\/guineediversite.com\/#\/schema\/person\/afa08fb34e7fc6e1feafc892612bc836\",\"name\":\"Guin\u00e9e Diversit\u00e9\",\"image\":{\"@type\":\"ImageObject\",\"inLanguage\":\"fr-FR\",\"@id\":\"https:\/\/guineediversite.com\/#\/schema\/person\/image\/\",\"url\":\"https:\/\/secure.gravatar.com\/avatar\/50d5eb5b390f8b65ac30ac6f898eb83a?s=96&d=mm&r=g\",\"contentUrl\":\"https:\/\/secure.gravatar.com\/avatar\/50d5eb5b390f8b65ac30ac6f898eb83a?s=96&d=mm&r=g\",\"caption\":\"Guin\u00e9e Diversit\u00e9\"},\"url\":\"https:\/\/guineediversite.com\/index.php\/author\/guineediversite\/\"}]}<\/script>\n<!-- \/ Yoast SEO plugin. -->","yoast_head_json":{"title":"C\u00f4te d'Ivoire: la justice confirme la radiation de Laurent Gbagbo de la liste \u00e9lectorale | Guin\u00e9e Diversit\u00e9","robots":{"index":"index","follow":"follow","max-snippet":"max-snippet:-1","max-image-preview":"max-image-preview:large","max-video-preview":"max-video-preview:-1"},"canonical":"https:\/\/guineediversite.com\/index.php\/2020\/08\/26\/cote-divoire-la-justice-confirme-la-radiation-de-laurent-gbagbo-de-la-liste-electorale\/","og_locale":"fr_FR","og_type":"article","og_title":"C\u00f4te d'Ivoire: la justice confirme la radiation de Laurent Gbagbo de la liste \u00e9lectorale | Guin\u00e9e Diversit\u00e9","og_description":"L&rsquo;ancien pr\u00e9sident Laurent Gbagbo est bel et bien radi\u00e9 de la liste \u00e9lectorale ivoirienne. La justice a confirm\u00e9 la d\u00e9cision de la Commission \u00e9lectorale ind\u00e9pendante rendue la semaine derni\u00e8re. Aucun recours n\u2019est possible devant une juridiction ivoirienne. N\u2019\u00e9tant plus \u00e9lecteur, il ne peut \u00eatre candidat. \u00c0 cinq jours de la date limite de d\u00e9p\u00f4t des [&hellip;]","og_url":"https:\/\/guineediversite.com\/index.php\/2020\/08\/26\/cote-divoire-la-justice-confirme-la-radiation-de-laurent-gbagbo-de-la-liste-electorale\/","og_site_name":"Guin\u00e9e Diversit\u00e9","article_publisher":"https:\/\/www.facebook.com\/guineediversite\/","article_published_time":"2020-08-26T14:22:24+00:00","article_modified_time":"2020-08-26T15:02:50+00:00","og_image":[{"width":1900,"height":950,"url":"https:\/\/guineediversite.com\/wp-content\/uploads\/2019\/01\/sipa_ap21850562_000008-592x296.jpg","type":"image\/jpeg"}],"author":"Guin\u00e9e Diversit\u00e9","twitter_card":"summary_large_image","twitter_creator":"@GuineeDiversite","twitter_site":"@GuineeDiversite","twitter_misc":{"\u00c9crit par":"Guin\u00e9e Diversit\u00e9","Dur\u00e9e de lecture estim\u00e9e":"2 minutes"},"schema":{"@context":"https:\/\/schema.org","@graph":[{"@type":"Article","@id":"https:\/\/guineediversite.com\/index.php\/2020\/08\/26\/cote-divoire-la-justice-confirme-la-radiation-de-laurent-gbagbo-de-la-liste-electorale\/#article","isPartOf":{"@id":"https:\/\/guineediversite.com\/index.php\/2020\/08\/26\/cote-divoire-la-justice-confirme-la-radiation-de-laurent-gbagbo-de-la-liste-electorale\/"},"author":{"name":"Guin\u00e9e Diversit\u00e9","@id":"https:\/\/guineediversite.com\/#\/schema\/person\/afa08fb34e7fc6e1feafc892612bc836"},"headline":"C\u00f4te d&rsquo;Ivoire: la justice confirme la radiation de Laurent Gbagbo de la liste \u00e9lectorale","datePublished":"2020-08-26T14:22:24+00:00","dateModified":"2020-08-26T15:02:50+00:00","mainEntityOfPage":{"@id":"https:\/\/guineediversite.com\/index.php\/2020\/08\/26\/cote-divoire-la-justice-confirme-la-radiation-de-laurent-gbagbo-de-la-liste-electorale\/"},"wordCount":320,"publisher":{"@id":"https:\/\/guineediversite.com\/#organization"},"image":{"@id":"https:\/\/guineediversite.com\/index.php\/2020\/08\/26\/cote-divoire-la-justice-confirme-la-radiation-de-laurent-gbagbo-de-la-liste-electorale\/#primaryimage"},"thumbnailUrl":"https:\/\/guineediversite.com\/wp-content\/uploads\/2019\/01\/sipa_ap21850562_000008-592x296.jpg","articleSection":["International"],"inLanguage":"fr-FR"},{"@type":"WebPage","@id":"https:\/\/guineediversite.com\/index.php\/2020\/08\/26\/cote-divoire-la-justice-confirme-la-radiation-de-laurent-gbagbo-de-la-liste-electorale\/","url":"https:\/\/guineediversite.com\/index.php\/2020\/08\/26\/cote-divoire-la-justice-confirme-la-radiation-de-laurent-gbagbo-de-la-liste-electorale\/","name":"C\u00f4te d'Ivoire: la justice confirme la radiation de Laurent Gbagbo de la liste \u00e9lectorale | Guin\u00e9e Diversit\u00e9","isPartOf":{"@id":"https:\/\/guineediversite.com\/#website"},"primaryImageOfPage":{"@id":"https:\/\/guineediversite.com\/index.php\/2020\/08\/26\/cote-divoire-la-justice-confirme-la-radiation-de-laurent-gbagbo-de-la-liste-electorale\/#primaryimage"},"image":{"@id":"https:\/\/guineediversite.com\/index.php\/2020\/08\/26\/cote-divoire-la-justice-confirme-la-radiation-de-laurent-gbagbo-de-la-liste-electorale\/#primaryimage"},"thumbnailUrl":"https:\/\/guineediversite.com\/wp-content\/uploads\/2019\/01\/sipa_ap21850562_000008-592x296.jpg","datePublished":"2020-08-26T14:22:24+00:00","dateModified":"2020-08-26T15:02:50+00:00","breadcrumb":{"@id":"https:\/\/guineediversite.com\/index.php\/2020\/08\/26\/cote-divoire-la-justice-confirme-la-radiation-de-laurent-gbagbo-de-la-liste-electorale\/#breadcrumb"},"inLanguage":"fr-FR","potentialAction":[{"@type":"ReadAction","target":["https:\/\/guineediversite.com\/index.php\/2020\/08\/26\/cote-divoire-la-justice-confirme-la-radiation-de-laurent-gbagbo-de-la-liste-electorale\/"]}]},{"@type":"ImageObject","inLanguage":"fr-FR","@id":"https:\/\/guineediversite.com\/index.php\/2020\/08\/26\/cote-divoire-la-justice-confirme-la-radiation-de-laurent-gbagbo-de-la-liste-electorale\/#primaryimage","url":"https:\/\/guineediversite.com\/wp-content\/uploads\/2019\/01\/sipa_ap21850562_000008-592x296.jpg","contentUrl":"https:\/\/guineediversite.com\/wp-content\/uploads\/2019\/01\/sipa_ap21850562_000008-592x296.jpg","width":1900,"height":950},{"@type":"BreadcrumbList","@id":"https:\/\/guineediversite.com\/index.php\/2020\/08\/26\/cote-divoire-la-justice-confirme-la-radiation-de-laurent-gbagbo-de-la-liste-electorale\/#breadcrumb","itemListElement":[{"@type":"ListItem","position":1,"name":"Accueil","item":"https:\/\/guineediversite.com\/"},{"@type":"ListItem","position":2,"name":"C\u00f4te d&rsquo;Ivoire: la justice confirme la radiation de Laurent Gbagbo de la liste \u00e9lectorale"}]},{"@type":"WebSite","@id":"https:\/\/guineediversite.com\/#website","url":"https:\/\/guineediversite.com\/","name":"Guin\u00e9e Diversit\u00e9","description":"L&#039;Info dans toute sa diversit\u00e9","publisher":{"@id":"https:\/\/guineediversite.com\/#organization"},"potentialAction":[{"@type":"SearchAction","target":{"@type":"EntryPoint","urlTemplate":"https:\/\/guineediversite.com\/?s={search_term_string}"},"query-input":{"@type":"PropertyValueSpecification","valueRequired":true,"valueName":"search_term_string"}}],"inLanguage":"fr-FR"},{"@type":"Organization","@id":"https:\/\/guineediversite.com\/#organization","name":"Guin\u00e9e Diversit\u00e9","url":"https:\/\/guineediversite.com\/","logo":{"@type":"ImageObject","inLanguage":"fr-FR","@id":"https:\/\/guineediversite.com\/#\/schema\/logo\/image\/","url":"https:\/\/guineediversite.com\/wp-content\/uploads\/2017\/04\/cropped-1jojlxEOMkX9Wyqfhe43D6kjPOGqBBKmx3EwWJqZ0cMrFF54yM49.png","contentUrl":"https:\/\/guineediversite.com\/wp-content\/uploads\/2017\/04\/cropped-1jojlxEOMkX9Wyqfhe43D6kjPOGqBBKmx3EwWJqZ0cMrFF54yM49.png","width":186,"height":112,"caption":"Guin\u00e9e Diversit\u00e9"},"image":{"@id":"https:\/\/guineediversite.com\/#\/schema\/logo\/image\/"},"sameAs":["https:\/\/www.facebook.com\/guineediversite\/","https:\/\/x.com\/GuineeDiversite","https:\/\/www.youtube.com\/channel\/UC8sUY16qelG5ge6_D5SB83g"]},{"@type":"Person","@id":"https:\/\/guineediversite.com\/#\/schema\/person\/afa08fb34e7fc6e1feafc892612bc836","name":"Guin\u00e9e Diversit\u00e9","image":{"@type":"ImageObject","inLanguage":"fr-FR","@id":"https:\/\/guineediversite.com\/#\/schema\/person\/image\/","url":"https:\/\/secure.gravatar.com\/avatar\/50d5eb5b390f8b65ac30ac6f898eb83a?s=96&d=mm&r=g","contentUrl":"https:\/\/secure.gravatar.com\/avatar\/50d5eb5b390f8b65ac30ac6f898eb83a?s=96&d=mm&r=g","caption":"Guin\u00e9e Diversit\u00e9"},"url":"https:\/\/guineediversite.com\/index.php\/author\/guineediversite\/"}]}},"_links":{"self":[{"href":"https:\/\/guineediversite.com\/index.php\/wp-json\/wp\/v2\/posts\/30384"}],"collection":[{"href":"https:\/\/guineediversite.com\/index.php\/wp-json\/wp\/v2\/posts"}],"about":[{"href":"https:\/\/guineediversite.com\/index.php\/wp-json\/wp\/v2\/types\/post"}],"author":[{"embeddable":true,"href":"https:\/\/guineediversite.com\/index.php\/wp-json\/wp\/v2\/users\/12"}],"replies":[{"embeddable":true,"href":"https:\/\/guineediversite.com\/index.php\/wp-json\/wp\/v2\/comments?post=30384"}],"version-history":[{"count":1,"href":"https:\/\/guineediversite.com\/index.php\/wp-json\/wp\/v2\/posts\/30384\/revisions"}],"predecessor-version":[{"id":30385,"href":"https:\/\/guineediversite.com\/index.php\/wp-json\/wp\/v2\/posts\/30384\/revisions\/30385"}],"wp:featuredmedia":[{"embeddable":true,"href":"https:\/\/guineediversite.com\/index.php\/wp-json\/wp\/v2\/media\/27805"}],"wp:attachment":[{"href":"https:\/\/guineediversite.com\/index.php\/wp-json\/wp\/v2\/media?parent=30384"}],"wp:term":[{"taxonomy":"category","embeddable":true,"href":"https:\/\/guineediversite.com\/index.php\/wp-json\/wp\/v2\/categories?post=30384"},{"taxonomy":"post_tag","embeddable":true,"href":"https:\/\/guineediversite.com\/index.php\/wp-json\/wp\/v2\/tags?post=30384"}],"curies":[{"name":"wp","href":"https:\/\/api.w.org\/{rel}","templated":true}]}}