{"id":30377,"date":"2020-08-25T23:03:46","date_gmt":"2020-08-25T21:03:46","guid":{"rendered":"https:\/\/guineediversite.com\/?p=30377"},"modified":"2020-08-25T23:03:46","modified_gmt":"2020-08-25T21:03:46","slug":"coup-detat-au-mali-quel-impact-sur-la-sequestration-de-soumaila-cisse","status":"publish","type":"post","link":"https:\/\/guineediversite.com\/index.php\/2020\/08\/25\/coup-detat-au-mali-quel-impact-sur-la-sequestration-de-soumaila-cisse\/","title":{"rendered":"Coup d&rsquo;\u00c9tat au Mali: quel impact sur la s\u00e9questration de Souma\u00efla Ciss\u00e9?"},"content":{"rendered":"<p><strong>Le chef de file de l&rsquo;opposition avait \u00e9t\u00e9 enlev\u00e9 en mars, alors qu&rsquo;il \u00e9tait en campagne \u00e9lectorale pour les l\u00e9gislatives dans son fief, \u00e0 proximit\u00e9 de Tombouctou, dans le nord du Mali. Le pr\u00e9sident d\u00e9chu Ibrahim Boubacar Ke\u00efta avait promis de le ramener prochainement sans pr\u00e9ciser de date. Mais aujourd&rsquo;hui, pour certains, le coup d&rsquo;\u00c9tat pourrait compliquer les choses.<\/strong><\/p>\n<p>Depuis mardi dernier 18 ao\u00fbt et lechangement \u00e0 la t\u00eate de l\u2019Etat malien<strong>,<\/strong>\u00a0Souma\u00efla Ciss\u00e9 ne semble pas avoir \u00e9t\u00e9 totalement oubli\u00e9. Il y a eu des contacts entre la junte et le collectif qui r\u00e9clame son retour \u00ab\u00a0<em>par personnes interpos\u00e9es<\/em>\u00a0\u00bb, assure Moctar Sy, le porte-parole de ce collectif. La junte aurait rassur\u00e9 les proches du chef de file de l&rsquo;opposition. Le porte-parole souligne l&rsquo;urgence de la situation\u00a0: Souma\u00efla Ciss\u00e9 est absent depuis maintenant cinq mois.<\/p>\n<p><em>Le changement \u00e0 la t\u00eate de l&rsquo;\u00c9tat ne doit pas ralentir les choses<\/em><\/p>\n<p>Avant son enl\u00e8vement, \u00ab\u00a0<em>il suivait un r\u00e9gime particulier<\/em>\u00a0\u00bb, rappelle un membre de son entourage, inquiet pour la sant\u00e9 de l&rsquo;opposant. La derni\u00e8re preuve de vie date du 28 juillet. L&rsquo;homme politique avait \u00e9crit une lettre \u00e0 sa famille transmise par le\u00a0Comit\u00e9 international pour la Croix-Rouge (CICR).<\/p>\n<p>Les n\u00e9gociations pour obtenir sa lib\u00e9ration, selon nos informations, sont ralenties depuis maintenant plusieurs semaines.<\/p>\n<p>Le pr\u00e9sident du parti politique d&rsquo;opposition URD avait \u00e9t\u00e9 enlev\u00e9 le 25\u00a0mars par des hommes arm\u00e9s. Depuis, aucun groupe terroriste n&rsquo;a revendiqu\u00e9 l&rsquo;enl\u00e8vement.<\/p>\n<p><strong>RFI<\/strong><\/p>\n","protected":false},"excerpt":{"rendered":"<p>Le chef de file de l&rsquo;opposition avait \u00e9t\u00e9 enlev\u00e9 en mars, alors qu&rsquo;il \u00e9tait en campagne \u00e9lectorale pour les l\u00e9gislatives dans son fief, \u00e0 proximit\u00e9 de Tombouctou, dans le nord du Mali. Le pr\u00e9sident d\u00e9chu Ibrahim Boubacar Ke\u00efta avait promis de le ramener prochainement sans pr\u00e9ciser de date. Mais aujourd&rsquo;hui, pour certains, le coup d&rsquo;\u00c9tat [&hellip;]<\/p>\n","protected":false},"author":12,"featured_media":30378,"comment_status":"closed","ping_status":"open","sticky":false,"template":"","format":"standard","meta":{"_exactmetrics_skip_tracking":false,"_exactmetrics_sitenote_active":false,"_exactmetrics_sitenote_note":"","_exactmetrics_sitenote_category":0,"tdm_status":"","tdm_grid_status":"","footnotes":""},"categories":[21],"tags":[],"class_list":{"0":"post-30377","1":"post","2":"type-post","3":"status-publish","4":"format-standard","5":"has-post-thumbnail","7":"category-international"},"yoast_head":"<!-- This site is optimized with the Yoast SEO plugin v24.2 - https:\/\/yoast.com\/wordpress\/plugins\/seo\/ -->\n<title>Coup d&#039;\u00c9tat au Mali: quel impact sur la s\u00e9questration de Souma\u00efla Ciss\u00e9? | Guin\u00e9e Diversit\u00e9<\/title>\n<meta name=\"robots\" content=\"index, follow, max-snippet:-1, max-image-preview:large, max-video-preview:-1\" \/>\n<link rel=\"canonical\" href=\"https:\/\/guineediversite.com\/index.php\/2020\/08\/25\/coup-detat-au-mali-quel-impact-sur-la-sequestration-de-soumaila-cisse\/\" \/>\n<meta property=\"og:locale\" content=\"fr_FR\" \/>\n<meta property=\"og:type\" content=\"article\" \/>\n<meta property=\"og:title\" content=\"Coup d&#039;\u00c9tat au Mali: quel impact sur la s\u00e9questration de Souma\u00efla Ciss\u00e9? | Guin\u00e9e Diversit\u00e9\" \/>\n<meta property=\"og:description\" content=\"Le chef de file de l&rsquo;opposition avait \u00e9t\u00e9 enlev\u00e9 en mars, alors qu&rsquo;il \u00e9tait en campagne \u00e9lectorale pour les l\u00e9gislatives dans son fief, \u00e0 proximit\u00e9 de Tombouctou, dans le nord du Mali. Le pr\u00e9sident d\u00e9chu Ibrahim Boubacar Ke\u00efta avait promis de le ramener prochainement sans pr\u00e9ciser de date. Mais aujourd&rsquo;hui, pour certains, le coup d&rsquo;\u00c9tat [&hellip;]\" \/>\n<meta property=\"og:url\" content=\"https:\/\/guineediversite.com\/index.php\/2020\/08\/25\/coup-detat-au-mali-quel-impact-sur-la-sequestration-de-soumaila-cisse\/\" \/>\n<meta property=\"og:site_name\" content=\"Guin\u00e9e Diversit\u00e9\" \/>\n<meta property=\"article:publisher\" content=\"https:\/\/www.facebook.com\/guineediversite\/\" \/>\n<meta property=\"article:published_time\" content=\"2020-08-25T21:03:46+00:00\" \/>\n<meta property=\"og:image\" content=\"https:\/\/guineediversite.com\/wp-content\/uploads\/2020\/08\/Une-affiche-demande-la-lib\u00e9ration-de-Souma\u00efla-Ciss\u00e9-lors-dun-rassemblement-\u00e0-Bamako-le-2-juillet-2020..jpg\" \/>\n\t<meta property=\"og:image:width\" content=\"1500\" \/>\n\t<meta property=\"og:image:height\" content=\"1124\" \/>\n\t<meta property=\"og:image:type\" content=\"image\/jpeg\" \/>\n<meta name=\"author\" content=\"Guin\u00e9e Diversit\u00e9\" \/>\n<meta name=\"twitter:card\" content=\"summary_large_image\" \/>\n<meta name=\"twitter:creator\" content=\"@GuineeDiversite\" \/>\n<meta name=\"twitter:site\" content=\"@GuineeDiversite\" \/>\n<meta name=\"twitter:label1\" content=\"\u00c9crit par\" \/>\n\t<meta name=\"twitter:data1\" content=\"Guin\u00e9e Diversit\u00e9\" \/>\n\t<meta name=\"twitter:label2\" content=\"Dur\u00e9e de lecture estim\u00e9e\" \/>\n\t<meta name=\"twitter:data2\" content=\"1 minute\" \/>\n<script type=\"application\/ld+json\" class=\"yoast-schema-graph\">{\"@context\":\"https:\/\/schema.org\",\"@graph\":[{\"@type\":\"Article\",\"@id\":\"https:\/\/guineediversite.com\/index.php\/2020\/08\/25\/coup-detat-au-mali-quel-impact-sur-la-sequestration-de-soumaila-cisse\/#article\",\"isPartOf\":{\"@id\":\"https:\/\/guineediversite.com\/index.php\/2020\/08\/25\/coup-detat-au-mali-quel-impact-sur-la-sequestration-de-soumaila-cisse\/\"},\"author\":{\"name\":\"Guin\u00e9e Diversit\u00e9\",\"@id\":\"https:\/\/guineediversite.com\/#\/schema\/person\/afa08fb34e7fc6e1feafc892612bc836\"},\"headline\":\"Coup d&rsquo;\u00c9tat au Mali: quel impact sur la s\u00e9questration de Souma\u00efla Ciss\u00e9?\",\"datePublished\":\"2020-08-25T21:03:46+00:00\",\"dateModified\":\"2020-08-25T21:03:46+00:00\",\"mainEntityOfPage\":{\"@id\":\"https:\/\/guineediversite.com\/index.php\/2020\/08\/25\/coup-detat-au-mali-quel-impact-sur-la-sequestration-de-soumaila-cisse\/\"},\"wordCount\":276,\"publisher\":{\"@id\":\"https:\/\/guineediversite.com\/#organization\"},\"image\":{\"@id\":\"https:\/\/guineediversite.com\/index.php\/2020\/08\/25\/coup-detat-au-mali-quel-impact-sur-la-sequestration-de-soumaila-cisse\/#primaryimage\"},\"thumbnailUrl\":\"https:\/\/guineediversite.com\/wp-content\/uploads\/2020\/08\/Une-affiche-demande-la-lib\u00e9ration-de-Souma\u00efla-Ciss\u00e9-lors-dun-rassemblement-\u00e0-Bamako-le-2-juillet-2020..jpg\",\"articleSection\":[\"International\"],\"inLanguage\":\"fr-FR\"},{\"@type\":\"WebPage\",\"@id\":\"https:\/\/guineediversite.com\/index.php\/2020\/08\/25\/coup-detat-au-mali-quel-impact-sur-la-sequestration-de-soumaila-cisse\/\",\"url\":\"https:\/\/guineediversite.com\/index.php\/2020\/08\/25\/coup-detat-au-mali-quel-impact-sur-la-sequestration-de-soumaila-cisse\/\",\"name\":\"Coup d'\u00c9tat au Mali: quel impact sur la s\u00e9questration de Souma\u00efla Ciss\u00e9? | Guin\u00e9e Diversit\u00e9\",\"isPartOf\":{\"@id\":\"https:\/\/guineediversite.com\/#website\"},\"primaryImageOfPage\":{\"@id\":\"https:\/\/guineediversite.com\/index.php\/2020\/08\/25\/coup-detat-au-mali-quel-impact-sur-la-sequestration-de-soumaila-cisse\/#primaryimage\"},\"image\":{\"@id\":\"https:\/\/guineediversite.com\/index.php\/2020\/08\/25\/coup-detat-au-mali-quel-impact-sur-la-sequestration-de-soumaila-cisse\/#primaryimage\"},\"thumbnailUrl\":\"https:\/\/guineediversite.com\/wp-content\/uploads\/2020\/08\/Une-affiche-demande-la-lib\u00e9ration-de-Souma\u00efla-Ciss\u00e9-lors-dun-rassemblement-\u00e0-Bamako-le-2-juillet-2020..jpg\",\"datePublished\":\"2020-08-25T21:03:46+00:00\",\"dateModified\":\"2020-08-25T21:03:46+00:00\",\"breadcrumb\":{\"@id\":\"https:\/\/guineediversite.com\/index.php\/2020\/08\/25\/coup-detat-au-mali-quel-impact-sur-la-sequestration-de-soumaila-cisse\/#breadcrumb\"},\"inLanguage\":\"fr-FR\",\"potentialAction\":[{\"@type\":\"ReadAction\",\"target\":[\"https:\/\/guineediversite.com\/index.php\/2020\/08\/25\/coup-detat-au-mali-quel-impact-sur-la-sequestration-de-soumaila-cisse\/\"]}]},{\"@type\":\"ImageObject\",\"inLanguage\":\"fr-FR\",\"@id\":\"https:\/\/guineediversite.com\/index.php\/2020\/08\/25\/coup-detat-au-mali-quel-impact-sur-la-sequestration-de-soumaila-cisse\/#primaryimage\",\"url\":\"https:\/\/guineediversite.com\/wp-content\/uploads\/2020\/08\/Une-affiche-demande-la-lib\u00e9ration-de-Souma\u00efla-Ciss\u00e9-lors-dun-rassemblement-\u00e0-Bamako-le-2-juillet-2020..jpg\",\"contentUrl\":\"https:\/\/guineediversite.com\/wp-content\/uploads\/2020\/08\/Une-affiche-demande-la-lib\u00e9ration-de-Souma\u00efla-Ciss\u00e9-lors-dun-rassemblement-\u00e0-Bamako-le-2-juillet-2020..jpg\",\"width\":1500,\"height\":1124},{\"@type\":\"BreadcrumbList\",\"@id\":\"https:\/\/guineediversite.com\/index.php\/2020\/08\/25\/coup-detat-au-mali-quel-impact-sur-la-sequestration-de-soumaila-cisse\/#breadcrumb\",\"itemListElement\":[{\"@type\":\"ListItem\",\"position\":1,\"name\":\"Accueil\",\"item\":\"https:\/\/guineediversite.com\/\"},{\"@type\":\"ListItem\",\"position\":2,\"name\":\"Coup d&rsquo;\u00c9tat au Mali: quel impact sur la s\u00e9questration de Souma\u00efla Ciss\u00e9?\"}]},{\"@type\":\"WebSite\",\"@id\":\"https:\/\/guineediversite.com\/#website\",\"url\":\"https:\/\/guineediversite.com\/\",\"name\":\"Guin\u00e9e Diversit\u00e9\",\"description\":\"L&#039;Info dans toute sa diversit\u00e9\",\"publisher\":{\"@id\":\"https:\/\/guineediversite.com\/#organization\"},\"potentialAction\":[{\"@type\":\"SearchAction\",\"target\":{\"@type\":\"EntryPoint\",\"urlTemplate\":\"https:\/\/guineediversite.com\/?s={search_term_string}\"},\"query-input\":{\"@type\":\"PropertyValueSpecification\",\"valueRequired\":true,\"valueName\":\"search_term_string\"}}],\"inLanguage\":\"fr-FR\"},{\"@type\":\"Organization\",\"@id\":\"https:\/\/guineediversite.com\/#organization\",\"name\":\"Guin\u00e9e Diversit\u00e9\",\"url\":\"https:\/\/guineediversite.com\/\",\"logo\":{\"@type\":\"ImageObject\",\"inLanguage\":\"fr-FR\",\"@id\":\"https:\/\/guineediversite.com\/#\/schema\/logo\/image\/\",\"url\":\"https:\/\/guineediversite.com\/wp-content\/uploads\/2017\/04\/cropped-1jojlxEOMkX9Wyqfhe43D6kjPOGqBBKmx3EwWJqZ0cMrFF54yM49.png\",\"contentUrl\":\"https:\/\/guineediversite.com\/wp-content\/uploads\/2017\/04\/cropped-1jojlxEOMkX9Wyqfhe43D6kjPOGqBBKmx3EwWJqZ0cMrFF54yM49.png\",\"width\":186,\"height\":112,\"caption\":\"Guin\u00e9e Diversit\u00e9\"},\"image\":{\"@id\":\"https:\/\/guineediversite.com\/#\/schema\/logo\/image\/\"},\"sameAs\":[\"https:\/\/www.facebook.com\/guineediversite\/\",\"https:\/\/x.com\/GuineeDiversite\",\"https:\/\/www.youtube.com\/channel\/UC8sUY16qelG5ge6_D5SB83g\"]},{\"@type\":\"Person\",\"@id\":\"https:\/\/guineediversite.com\/#\/schema\/person\/afa08fb34e7fc6e1feafc892612bc836\",\"name\":\"Guin\u00e9e Diversit\u00e9\",\"image\":{\"@type\":\"ImageObject\",\"inLanguage\":\"fr-FR\",\"@id\":\"https:\/\/guineediversite.com\/#\/schema\/person\/image\/\",\"url\":\"https:\/\/secure.gravatar.com\/avatar\/50d5eb5b390f8b65ac30ac6f898eb83a?s=96&d=mm&r=g\",\"contentUrl\":\"https:\/\/secure.gravatar.com\/avatar\/50d5eb5b390f8b65ac30ac6f898eb83a?s=96&d=mm&r=g\",\"caption\":\"Guin\u00e9e Diversit\u00e9\"},\"url\":\"https:\/\/guineediversite.com\/index.php\/author\/guineediversite\/\"}]}<\/script>\n<!-- \/ Yoast SEO plugin. -->","yoast_head_json":{"title":"Coup d'\u00c9tat au Mali: quel impact sur la s\u00e9questration de Souma\u00efla Ciss\u00e9? | Guin\u00e9e Diversit\u00e9","robots":{"index":"index","follow":"follow","max-snippet":"max-snippet:-1","max-image-preview":"max-image-preview:large","max-video-preview":"max-video-preview:-1"},"canonical":"https:\/\/guineediversite.com\/index.php\/2020\/08\/25\/coup-detat-au-mali-quel-impact-sur-la-sequestration-de-soumaila-cisse\/","og_locale":"fr_FR","og_type":"article","og_title":"Coup d'\u00c9tat au Mali: quel impact sur la s\u00e9questration de Souma\u00efla Ciss\u00e9? | Guin\u00e9e Diversit\u00e9","og_description":"Le chef de file de l&rsquo;opposition avait \u00e9t\u00e9 enlev\u00e9 en mars, alors qu&rsquo;il \u00e9tait en campagne \u00e9lectorale pour les l\u00e9gislatives dans son fief, \u00e0 proximit\u00e9 de Tombouctou, dans le nord du Mali. Le pr\u00e9sident d\u00e9chu Ibrahim Boubacar Ke\u00efta avait promis de le ramener prochainement sans pr\u00e9ciser de date. Mais aujourd&rsquo;hui, pour certains, le coup d&rsquo;\u00c9tat [&hellip;]","og_url":"https:\/\/guineediversite.com\/index.php\/2020\/08\/25\/coup-detat-au-mali-quel-impact-sur-la-sequestration-de-soumaila-cisse\/","og_site_name":"Guin\u00e9e Diversit\u00e9","article_publisher":"https:\/\/www.facebook.com\/guineediversite\/","article_published_time":"2020-08-25T21:03:46+00:00","og_image":[{"width":1500,"height":1124,"url":"https:\/\/guineediversite.com\/wp-content\/uploads\/2020\/08\/Une-affiche-demande-la-lib\u00e9ration-de-Souma\u00efla-Ciss\u00e9-lors-dun-rassemblement-\u00e0-Bamako-le-2-juillet-2020..jpg","type":"image\/jpeg"}],"author":"Guin\u00e9e Diversit\u00e9","twitter_card":"summary_large_image","twitter_creator":"@GuineeDiversite","twitter_site":"@GuineeDiversite","twitter_misc":{"\u00c9crit par":"Guin\u00e9e Diversit\u00e9","Dur\u00e9e de lecture estim\u00e9e":"1 minute"},"schema":{"@context":"https:\/\/schema.org","@graph":[{"@type":"Article","@id":"https:\/\/guineediversite.com\/index.php\/2020\/08\/25\/coup-detat-au-mali-quel-impact-sur-la-sequestration-de-soumaila-cisse\/#article","isPartOf":{"@id":"https:\/\/guineediversite.com\/index.php\/2020\/08\/25\/coup-detat-au-mali-quel-impact-sur-la-sequestration-de-soumaila-cisse\/"},"author":{"name":"Guin\u00e9e Diversit\u00e9","@id":"https:\/\/guineediversite.com\/#\/schema\/person\/afa08fb34e7fc6e1feafc892612bc836"},"headline":"Coup d&rsquo;\u00c9tat au Mali: quel impact sur la s\u00e9questration de Souma\u00efla Ciss\u00e9?","datePublished":"2020-08-25T21:03:46+00:00","dateModified":"2020-08-25T21:03:46+00:00","mainEntityOfPage":{"@id":"https:\/\/guineediversite.com\/index.php\/2020\/08\/25\/coup-detat-au-mali-quel-impact-sur-la-sequestration-de-soumaila-cisse\/"},"wordCount":276,"publisher":{"@id":"https:\/\/guineediversite.com\/#organization"},"image":{"@id":"https:\/\/guineediversite.com\/index.php\/2020\/08\/25\/coup-detat-au-mali-quel-impact-sur-la-sequestration-de-soumaila-cisse\/#primaryimage"},"thumbnailUrl":"https:\/\/guineediversite.com\/wp-content\/uploads\/2020\/08\/Une-affiche-demande-la-lib\u00e9ration-de-Souma\u00efla-Ciss\u00e9-lors-dun-rassemblement-\u00e0-Bamako-le-2-juillet-2020..jpg","articleSection":["International"],"inLanguage":"fr-FR"},{"@type":"WebPage","@id":"https:\/\/guineediversite.com\/index.php\/2020\/08\/25\/coup-detat-au-mali-quel-impact-sur-la-sequestration-de-soumaila-cisse\/","url":"https:\/\/guineediversite.com\/index.php\/2020\/08\/25\/coup-detat-au-mali-quel-impact-sur-la-sequestration-de-soumaila-cisse\/","name":"Coup d'\u00c9tat au Mali: quel impact sur la s\u00e9questration de Souma\u00efla Ciss\u00e9? | Guin\u00e9e Diversit\u00e9","isPartOf":{"@id":"https:\/\/guineediversite.com\/#website"},"primaryImageOfPage":{"@id":"https:\/\/guineediversite.com\/index.php\/2020\/08\/25\/coup-detat-au-mali-quel-impact-sur-la-sequestration-de-soumaila-cisse\/#primaryimage"},"image":{"@id":"https:\/\/guineediversite.com\/index.php\/2020\/08\/25\/coup-detat-au-mali-quel-impact-sur-la-sequestration-de-soumaila-cisse\/#primaryimage"},"thumbnailUrl":"https:\/\/guineediversite.com\/wp-content\/uploads\/2020\/08\/Une-affiche-demande-la-lib\u00e9ration-de-Souma\u00efla-Ciss\u00e9-lors-dun-rassemblement-\u00e0-Bamako-le-2-juillet-2020..jpg","datePublished":"2020-08-25T21:03:46+00:00","dateModified":"2020-08-25T21:03:46+00:00","breadcrumb":{"@id":"https:\/\/guineediversite.com\/index.php\/2020\/08\/25\/coup-detat-au-mali-quel-impact-sur-la-sequestration-de-soumaila-cisse\/#breadcrumb"},"inLanguage":"fr-FR","potentialAction":[{"@type":"ReadAction","target":["https:\/\/guineediversite.com\/index.php\/2020\/08\/25\/coup-detat-au-mali-quel-impact-sur-la-sequestration-de-soumaila-cisse\/"]}]},{"@type":"ImageObject","inLanguage":"fr-FR","@id":"https:\/\/guineediversite.com\/index.php\/2020\/08\/25\/coup-detat-au-mali-quel-impact-sur-la-sequestration-de-soumaila-cisse\/#primaryimage","url":"https:\/\/guineediversite.com\/wp-content\/uploads\/2020\/08\/Une-affiche-demande-la-lib\u00e9ration-de-Souma\u00efla-Ciss\u00e9-lors-dun-rassemblement-\u00e0-Bamako-le-2-juillet-2020..jpg","contentUrl":"https:\/\/guineediversite.com\/wp-content\/uploads\/2020\/08\/Une-affiche-demande-la-lib\u00e9ration-de-Souma\u00efla-Ciss\u00e9-lors-dun-rassemblement-\u00e0-Bamako-le-2-juillet-2020..jpg","width":1500,"height":1124},{"@type":"BreadcrumbList","@id":"https:\/\/guineediversite.com\/index.php\/2020\/08\/25\/coup-detat-au-mali-quel-impact-sur-la-sequestration-de-soumaila-cisse\/#breadcrumb","itemListElement":[{"@type":"ListItem","position":1,"name":"Accueil","item":"https:\/\/guineediversite.com\/"},{"@type":"ListItem","position":2,"name":"Coup d&rsquo;\u00c9tat au Mali: quel impact sur la s\u00e9questration de Souma\u00efla Ciss\u00e9?"}]},{"@type":"WebSite","@id":"https:\/\/guineediversite.com\/#website","url":"https:\/\/guineediversite.com\/","name":"Guin\u00e9e Diversit\u00e9","description":"L&#039;Info dans toute sa diversit\u00e9","publisher":{"@id":"https:\/\/guineediversite.com\/#organization"},"potentialAction":[{"@type":"SearchAction","target":{"@type":"EntryPoint","urlTemplate":"https:\/\/guineediversite.com\/?s={search_term_string}"},"query-input":{"@type":"PropertyValueSpecification","valueRequired":true,"valueName":"search_term_string"}}],"inLanguage":"fr-FR"},{"@type":"Organization","@id":"https:\/\/guineediversite.com\/#organization","name":"Guin\u00e9e Diversit\u00e9","url":"https:\/\/guineediversite.com\/","logo":{"@type":"ImageObject","inLanguage":"fr-FR","@id":"https:\/\/guineediversite.com\/#\/schema\/logo\/image\/","url":"https:\/\/guineediversite.com\/wp-content\/uploads\/2017\/04\/cropped-1jojlxEOMkX9Wyqfhe43D6kjPOGqBBKmx3EwWJqZ0cMrFF54yM49.png","contentUrl":"https:\/\/guineediversite.com\/wp-content\/uploads\/2017\/04\/cropped-1jojlxEOMkX9Wyqfhe43D6kjPOGqBBKmx3EwWJqZ0cMrFF54yM49.png","width":186,"height":112,"caption":"Guin\u00e9e Diversit\u00e9"},"image":{"@id":"https:\/\/guineediversite.com\/#\/schema\/logo\/image\/"},"sameAs":["https:\/\/www.facebook.com\/guineediversite\/","https:\/\/x.com\/GuineeDiversite","https:\/\/www.youtube.com\/channel\/UC8sUY16qelG5ge6_D5SB83g"]},{"@type":"Person","@id":"https:\/\/guineediversite.com\/#\/schema\/person\/afa08fb34e7fc6e1feafc892612bc836","name":"Guin\u00e9e Diversit\u00e9","image":{"@type":"ImageObject","inLanguage":"fr-FR","@id":"https:\/\/guineediversite.com\/#\/schema\/person\/image\/","url":"https:\/\/secure.gravatar.com\/avatar\/50d5eb5b390f8b65ac30ac6f898eb83a?s=96&d=mm&r=g","contentUrl":"https:\/\/secure.gravatar.com\/avatar\/50d5eb5b390f8b65ac30ac6f898eb83a?s=96&d=mm&r=g","caption":"Guin\u00e9e Diversit\u00e9"},"url":"https:\/\/guineediversite.com\/index.php\/author\/guineediversite\/"}]}},"_links":{"self":[{"href":"https:\/\/guineediversite.com\/index.php\/wp-json\/wp\/v2\/posts\/30377"}],"collection":[{"href":"https:\/\/guineediversite.com\/index.php\/wp-json\/wp\/v2\/posts"}],"about":[{"href":"https:\/\/guineediversite.com\/index.php\/wp-json\/wp\/v2\/types\/post"}],"author":[{"embeddable":true,"href":"https:\/\/guineediversite.com\/index.php\/wp-json\/wp\/v2\/users\/12"}],"replies":[{"embeddable":true,"href":"https:\/\/guineediversite.com\/index.php\/wp-json\/wp\/v2\/comments?post=30377"}],"version-history":[{"count":1,"href":"https:\/\/guineediversite.com\/index.php\/wp-json\/wp\/v2\/posts\/30377\/revisions"}],"predecessor-version":[{"id":30379,"href":"https:\/\/guineediversite.com\/index.php\/wp-json\/wp\/v2\/posts\/30377\/revisions\/30379"}],"wp:featuredmedia":[{"embeddable":true,"href":"https:\/\/guineediversite.com\/index.php\/wp-json\/wp\/v2\/media\/30378"}],"wp:attachment":[{"href":"https:\/\/guineediversite.com\/index.php\/wp-json\/wp\/v2\/media?parent=30377"}],"wp:term":[{"taxonomy":"category","embeddable":true,"href":"https:\/\/guineediversite.com\/index.php\/wp-json\/wp\/v2\/categories?post=30377"},{"taxonomy":"post_tag","embeddable":true,"href":"https:\/\/guineediversite.com\/index.php\/wp-json\/wp\/v2\/tags?post=30377"}],"curies":[{"name":"wp","href":"https:\/\/api.w.org\/{rel}","templated":true}]}}