{"id":30355,"date":"2020-08-24T20:29:53","date_gmt":"2020-08-24T18:29:53","guid":{"rendered":"https:\/\/guineediversite.com\/?p=30355"},"modified":"2020-08-24T20:29:53","modified_gmt":"2020-08-24T18:29:53","slug":"la-situation-sanitaire-sidya-toure-a-alpha-conde-alpha-sen-fout-de-savoir-quest-ce-que-les-guineens-vont-devenir","status":"publish","type":"post","link":"https:\/\/guineediversite.com\/index.php\/2020\/08\/24\/la-situation-sanitaire-sidya-toure-a-alpha-conde-alpha-sen-fout-de-savoir-quest-ce-que-les-guineens-vont-devenir\/","title":{"rendered":"La situation sanitaire, Sidya Tour\u00e9 \u00e0 Alpha Cond\u00e9 \u00ab Alpha s&rsquo;en fout de savoir qu&rsquo;est-ce que les Guin\u00e9ens vont devenir (\u2026) \u00bb"},"content":{"rendered":"<p>Le premier responsable du parti de l\u2019UFR arriv\u00e9 ce lundi 24 ao\u00fbt, \u00e9tait en conclave avec la presse, il a au cours de cette rencontre, il (Sidya Tour\u00e9 Ndlr) a profit\u00e9 pour parler de la situation sanitaire du pays. La question sur le rassemblement des militants de la mouvance ces derniers temps en cette p\u00e9riode de crise sanitaire dans le pays, le leader de l\u2019UFR \u00e9voque : \u00ab <em>Je suis l&rsquo;un des premiers leaders \u00e0 faire une d\u00e9claration que l&rsquo;\u00e9pid\u00e9mie a commenc\u00e9e et qu&rsquo;il s&rsquo;agit d&rsquo;\u00eatre prudent. On n\u2019\u00e9tait pas encore arriv\u00e9 au stade pand\u00e9mique. Et d\u00e8s le 14 mars nous avons arr\u00eat\u00e9 les assembl\u00e9es g\u00e9n\u00e9rales de samedi \u00e0 notre si\u00e8ge. Mais eux ils ont continu\u00e9. <\/em><\/p>\n<p><em>Alpha s&rsquo;en fout de savoir qu&rsquo;est-ce que les Guin\u00e9ens vont devenir. Ce qu&rsquo;il veut, c&rsquo;est simplement qu&rsquo;on puisse aller dans le sens de ce que lui il souhaite pour lui. Ce n\u2019est m\u00eame pas pour la Guin\u00e9e, ni pour le RPG, c&rsquo;est pour lui-m\u00eame. C&rsquo;est pourquoi quand vous allez dans ces rassemblements-l\u00e0, vous voyez plus des responsables du RPG, ce qui fait le management, ce sont eux qui organisent aujourd&rsquo;hui les rassemblements du RPG. Vous cherchez les vrais responsables du RPG vous ne les voyez pas<\/em> \u00bb.<\/p>\n<p>&nbsp;<\/p>\n","protected":false},"excerpt":{"rendered":"<p>Le premier responsable du parti de l\u2019UFR arriv\u00e9 ce lundi 24 ao\u00fbt, \u00e9tait en conclave avec la presse, il a au cours de cette rencontre, il (Sidya Tour\u00e9 Ndlr) a profit\u00e9 pour parler de la situation sanitaire du pays. La question sur le rassemblement des militants de la mouvance ces derniers temps en cette p\u00e9riode [&hellip;]<\/p>\n","protected":false},"author":10,"featured_media":30356,"comment_status":"closed","ping_status":"open","sticky":false,"template":"","format":"standard","meta":{"_exactmetrics_skip_tracking":false,"_exactmetrics_sitenote_active":false,"_exactmetrics_sitenote_note":"","_exactmetrics_sitenote_category":0,"tdm_status":"","tdm_grid_status":"","footnotes":""},"categories":[447],"tags":[],"class_list":{"0":"post-30355","1":"post","2":"type-post","3":"status-publish","4":"format-standard","5":"has-post-thumbnail","7":"category-sante"},"yoast_head":"<!-- This site is optimized with the Yoast SEO plugin v24.2 - https:\/\/yoast.com\/wordpress\/plugins\/seo\/ -->\n<title>La situation sanitaire, Sidya Tour\u00e9 \u00e0 Alpha Cond\u00e9 \u00ab Alpha s&#039;en fout de savoir qu&#039;est-ce que les Guin\u00e9ens vont devenir (\u2026) \u00bb | Guin\u00e9e Diversit\u00e9<\/title>\n<meta name=\"robots\" content=\"index, follow, max-snippet:-1, max-image-preview:large, max-video-preview:-1\" \/>\n<link rel=\"canonical\" href=\"https:\/\/guineediversite.com\/index.php\/2020\/08\/24\/la-situation-sanitaire-sidya-toure-a-alpha-conde-alpha-sen-fout-de-savoir-quest-ce-que-les-guineens-vont-devenir\/\" \/>\n<meta property=\"og:locale\" content=\"fr_FR\" \/>\n<meta property=\"og:type\" content=\"article\" \/>\n<meta property=\"og:title\" content=\"La situation sanitaire, Sidya Tour\u00e9 \u00e0 Alpha Cond\u00e9 \u00ab Alpha s&#039;en fout de savoir qu&#039;est-ce que les Guin\u00e9ens vont devenir (\u2026) \u00bb | Guin\u00e9e Diversit\u00e9\" \/>\n<meta property=\"og:description\" content=\"Le premier responsable du parti de l\u2019UFR arriv\u00e9 ce lundi 24 ao\u00fbt, \u00e9tait en conclave avec la presse, il a au cours de cette rencontre, il (Sidya Tour\u00e9 Ndlr) a profit\u00e9 pour parler de la situation sanitaire du pays. La question sur le rassemblement des militants de la mouvance ces derniers temps en cette p\u00e9riode [&hellip;]\" \/>\n<meta property=\"og:url\" content=\"https:\/\/guineediversite.com\/index.php\/2020\/08\/24\/la-situation-sanitaire-sidya-toure-a-alpha-conde-alpha-sen-fout-de-savoir-quest-ce-que-les-guineens-vont-devenir\/\" \/>\n<meta property=\"og:site_name\" content=\"Guin\u00e9e Diversit\u00e9\" \/>\n<meta property=\"article:publisher\" content=\"https:\/\/www.facebook.com\/guineediversite\/\" \/>\n<meta property=\"article:published_time\" content=\"2020-08-24T18:29:53+00:00\" \/>\n<meta property=\"og:image\" content=\"https:\/\/guineediversite.com\/wp-content\/uploads\/2020\/08\/Sidya-Tour\u00e9-pr\u00e9sident-de-lUFR.jpg\" \/>\n\t<meta property=\"og:image:width\" content=\"1500\" \/>\n\t<meta property=\"og:image:height\" content=\"844\" \/>\n\t<meta property=\"og:image:type\" content=\"image\/jpeg\" \/>\n<meta name=\"author\" content=\"Morcire Camara\" \/>\n<meta name=\"twitter:card\" content=\"summary_large_image\" \/>\n<meta name=\"twitter:creator\" content=\"@GuineeDiversite\" \/>\n<meta name=\"twitter:site\" content=\"@GuineeDiversite\" \/>\n<meta name=\"twitter:label1\" content=\"\u00c9crit par\" \/>\n\t<meta name=\"twitter:data1\" content=\"Morcire Camara\" \/>\n\t<meta name=\"twitter:label2\" content=\"Dur\u00e9e de lecture estim\u00e9e\" \/>\n\t<meta name=\"twitter:data2\" content=\"1 minute\" \/>\n<script type=\"application\/ld+json\" class=\"yoast-schema-graph\">{\"@context\":\"https:\/\/schema.org\",\"@graph\":[{\"@type\":\"Article\",\"@id\":\"https:\/\/guineediversite.com\/index.php\/2020\/08\/24\/la-situation-sanitaire-sidya-toure-a-alpha-conde-alpha-sen-fout-de-savoir-quest-ce-que-les-guineens-vont-devenir\/#article\",\"isPartOf\":{\"@id\":\"https:\/\/guineediversite.com\/index.php\/2020\/08\/24\/la-situation-sanitaire-sidya-toure-a-alpha-conde-alpha-sen-fout-de-savoir-quest-ce-que-les-guineens-vont-devenir\/\"},\"author\":{\"name\":\"Morcire Camara\",\"@id\":\"https:\/\/guineediversite.com\/#\/schema\/person\/fa362494c47202ce4b3adf55abcc9d01\"},\"headline\":\"La situation sanitaire, Sidya Tour\u00e9 \u00e0 Alpha Cond\u00e9 \u00ab Alpha s&rsquo;en fout de savoir qu&rsquo;est-ce que les Guin\u00e9ens vont devenir (\u2026) \u00bb\",\"datePublished\":\"2020-08-24T18:29:53+00:00\",\"dateModified\":\"2020-08-24T18:29:53+00:00\",\"mainEntityOfPage\":{\"@id\":\"https:\/\/guineediversite.com\/index.php\/2020\/08\/24\/la-situation-sanitaire-sidya-toure-a-alpha-conde-alpha-sen-fout-de-savoir-quest-ce-que-les-guineens-vont-devenir\/\"},\"wordCount\":251,\"publisher\":{\"@id\":\"https:\/\/guineediversite.com\/#organization\"},\"image\":{\"@id\":\"https:\/\/guineediversite.com\/index.php\/2020\/08\/24\/la-situation-sanitaire-sidya-toure-a-alpha-conde-alpha-sen-fout-de-savoir-quest-ce-que-les-guineens-vont-devenir\/#primaryimage\"},\"thumbnailUrl\":\"https:\/\/guineediversite.com\/wp-content\/uploads\/2020\/08\/Sidya-Tour\u00e9-pr\u00e9sident-de-lUFR.jpg\",\"articleSection\":[\"Sant\u00e9\"],\"inLanguage\":\"fr-FR\"},{\"@type\":\"WebPage\",\"@id\":\"https:\/\/guineediversite.com\/index.php\/2020\/08\/24\/la-situation-sanitaire-sidya-toure-a-alpha-conde-alpha-sen-fout-de-savoir-quest-ce-que-les-guineens-vont-devenir\/\",\"url\":\"https:\/\/guineediversite.com\/index.php\/2020\/08\/24\/la-situation-sanitaire-sidya-toure-a-alpha-conde-alpha-sen-fout-de-savoir-quest-ce-que-les-guineens-vont-devenir\/\",\"name\":\"La situation sanitaire, Sidya Tour\u00e9 \u00e0 Alpha Cond\u00e9 \u00ab Alpha s'en fout de savoir qu'est-ce que les Guin\u00e9ens vont devenir (\u2026) \u00bb | Guin\u00e9e Diversit\u00e9\",\"isPartOf\":{\"@id\":\"https:\/\/guineediversite.com\/#website\"},\"primaryImageOfPage\":{\"@id\":\"https:\/\/guineediversite.com\/index.php\/2020\/08\/24\/la-situation-sanitaire-sidya-toure-a-alpha-conde-alpha-sen-fout-de-savoir-quest-ce-que-les-guineens-vont-devenir\/#primaryimage\"},\"image\":{\"@id\":\"https:\/\/guineediversite.com\/index.php\/2020\/08\/24\/la-situation-sanitaire-sidya-toure-a-alpha-conde-alpha-sen-fout-de-savoir-quest-ce-que-les-guineens-vont-devenir\/#primaryimage\"},\"thumbnailUrl\":\"https:\/\/guineediversite.com\/wp-content\/uploads\/2020\/08\/Sidya-Tour\u00e9-pr\u00e9sident-de-lUFR.jpg\",\"datePublished\":\"2020-08-24T18:29:53+00:00\",\"dateModified\":\"2020-08-24T18:29:53+00:00\",\"breadcrumb\":{\"@id\":\"https:\/\/guineediversite.com\/index.php\/2020\/08\/24\/la-situation-sanitaire-sidya-toure-a-alpha-conde-alpha-sen-fout-de-savoir-quest-ce-que-les-guineens-vont-devenir\/#breadcrumb\"},\"inLanguage\":\"fr-FR\",\"potentialAction\":[{\"@type\":\"ReadAction\",\"target\":[\"https:\/\/guineediversite.com\/index.php\/2020\/08\/24\/la-situation-sanitaire-sidya-toure-a-alpha-conde-alpha-sen-fout-de-savoir-quest-ce-que-les-guineens-vont-devenir\/\"]}]},{\"@type\":\"ImageObject\",\"inLanguage\":\"fr-FR\",\"@id\":\"https:\/\/guineediversite.com\/index.php\/2020\/08\/24\/la-situation-sanitaire-sidya-toure-a-alpha-conde-alpha-sen-fout-de-savoir-quest-ce-que-les-guineens-vont-devenir\/#primaryimage\",\"url\":\"https:\/\/guineediversite.com\/wp-content\/uploads\/2020\/08\/Sidya-Tour\u00e9-pr\u00e9sident-de-lUFR.jpg\",\"contentUrl\":\"https:\/\/guineediversite.com\/wp-content\/uploads\/2020\/08\/Sidya-Tour\u00e9-pr\u00e9sident-de-lUFR.jpg\",\"width\":1500,\"height\":844},{\"@type\":\"BreadcrumbList\",\"@id\":\"https:\/\/guineediversite.com\/index.php\/2020\/08\/24\/la-situation-sanitaire-sidya-toure-a-alpha-conde-alpha-sen-fout-de-savoir-quest-ce-que-les-guineens-vont-devenir\/#breadcrumb\",\"itemListElement\":[{\"@type\":\"ListItem\",\"position\":1,\"name\":\"Accueil\",\"item\":\"https:\/\/guineediversite.com\/\"},{\"@type\":\"ListItem\",\"position\":2,\"name\":\"La situation sanitaire, Sidya Tour\u00e9 \u00e0 Alpha Cond\u00e9 \u00ab Alpha s&rsquo;en fout de savoir qu&rsquo;est-ce que les Guin\u00e9ens vont devenir (\u2026) \u00bb\"}]},{\"@type\":\"WebSite\",\"@id\":\"https:\/\/guineediversite.com\/#website\",\"url\":\"https:\/\/guineediversite.com\/\",\"name\":\"Guin\u00e9e Diversit\u00e9\",\"description\":\"L&#039;Info dans toute sa diversit\u00e9\",\"publisher\":{\"@id\":\"https:\/\/guineediversite.com\/#organization\"},\"potentialAction\":[{\"@type\":\"SearchAction\",\"target\":{\"@type\":\"EntryPoint\",\"urlTemplate\":\"https:\/\/guineediversite.com\/?s={search_term_string}\"},\"query-input\":{\"@type\":\"PropertyValueSpecification\",\"valueRequired\":true,\"valueName\":\"search_term_string\"}}],\"inLanguage\":\"fr-FR\"},{\"@type\":\"Organization\",\"@id\":\"https:\/\/guineediversite.com\/#organization\",\"name\":\"Guin\u00e9e Diversit\u00e9\",\"url\":\"https:\/\/guineediversite.com\/\",\"logo\":{\"@type\":\"ImageObject\",\"inLanguage\":\"fr-FR\",\"@id\":\"https:\/\/guineediversite.com\/#\/schema\/logo\/image\/\",\"url\":\"https:\/\/guineediversite.com\/wp-content\/uploads\/2017\/04\/cropped-1jojlxEOMkX9Wyqfhe43D6kjPOGqBBKmx3EwWJqZ0cMrFF54yM49.png\",\"contentUrl\":\"https:\/\/guineediversite.com\/wp-content\/uploads\/2017\/04\/cropped-1jojlxEOMkX9Wyqfhe43D6kjPOGqBBKmx3EwWJqZ0cMrFF54yM49.png\",\"width\":186,\"height\":112,\"caption\":\"Guin\u00e9e Diversit\u00e9\"},\"image\":{\"@id\":\"https:\/\/guineediversite.com\/#\/schema\/logo\/image\/\"},\"sameAs\":[\"https:\/\/www.facebook.com\/guineediversite\/\",\"https:\/\/x.com\/GuineeDiversite\",\"https:\/\/www.youtube.com\/channel\/UC8sUY16qelG5ge6_D5SB83g\"]},{\"@type\":\"Person\",\"@id\":\"https:\/\/guineediversite.com\/#\/schema\/person\/fa362494c47202ce4b3adf55abcc9d01\",\"name\":\"Morcire Camara\",\"image\":{\"@type\":\"ImageObject\",\"inLanguage\":\"fr-FR\",\"@id\":\"https:\/\/guineediversite.com\/#\/schema\/person\/image\/\",\"url\":\"https:\/\/secure.gravatar.com\/avatar\/3ec324f02295bbcebe03d99b39330ab4?s=96&d=mm&r=g\",\"contentUrl\":\"https:\/\/secure.gravatar.com\/avatar\/3ec324f02295bbcebe03d99b39330ab4?s=96&d=mm&r=g\",\"caption\":\"Morcire Camara\"},\"url\":\"https:\/\/guineediversite.com\/index.php\/author\/morcire\/\"}]}<\/script>\n<!-- \/ Yoast SEO plugin. -->","yoast_head_json":{"title":"La situation sanitaire, Sidya Tour\u00e9 \u00e0 Alpha Cond\u00e9 \u00ab Alpha s'en fout de savoir qu'est-ce que les Guin\u00e9ens vont devenir (\u2026) \u00bb | Guin\u00e9e Diversit\u00e9","robots":{"index":"index","follow":"follow","max-snippet":"max-snippet:-1","max-image-preview":"max-image-preview:large","max-video-preview":"max-video-preview:-1"},"canonical":"https:\/\/guineediversite.com\/index.php\/2020\/08\/24\/la-situation-sanitaire-sidya-toure-a-alpha-conde-alpha-sen-fout-de-savoir-quest-ce-que-les-guineens-vont-devenir\/","og_locale":"fr_FR","og_type":"article","og_title":"La situation sanitaire, Sidya Tour\u00e9 \u00e0 Alpha Cond\u00e9 \u00ab Alpha s'en fout de savoir qu'est-ce que les Guin\u00e9ens vont devenir (\u2026) \u00bb | Guin\u00e9e Diversit\u00e9","og_description":"Le premier responsable du parti de l\u2019UFR arriv\u00e9 ce lundi 24 ao\u00fbt, \u00e9tait en conclave avec la presse, il a au cours de cette rencontre, il (Sidya Tour\u00e9 Ndlr) a profit\u00e9 pour parler de la situation sanitaire du pays. La question sur le rassemblement des militants de la mouvance ces derniers temps en cette p\u00e9riode [&hellip;]","og_url":"https:\/\/guineediversite.com\/index.php\/2020\/08\/24\/la-situation-sanitaire-sidya-toure-a-alpha-conde-alpha-sen-fout-de-savoir-quest-ce-que-les-guineens-vont-devenir\/","og_site_name":"Guin\u00e9e Diversit\u00e9","article_publisher":"https:\/\/www.facebook.com\/guineediversite\/","article_published_time":"2020-08-24T18:29:53+00:00","og_image":[{"width":1500,"height":844,"url":"https:\/\/guineediversite.com\/wp-content\/uploads\/2020\/08\/Sidya-Tour\u00e9-pr\u00e9sident-de-lUFR.jpg","type":"image\/jpeg"}],"author":"Morcire Camara","twitter_card":"summary_large_image","twitter_creator":"@GuineeDiversite","twitter_site":"@GuineeDiversite","twitter_misc":{"\u00c9crit par":"Morcire Camara","Dur\u00e9e de lecture estim\u00e9e":"1 minute"},"schema":{"@context":"https:\/\/schema.org","@graph":[{"@type":"Article","@id":"https:\/\/guineediversite.com\/index.php\/2020\/08\/24\/la-situation-sanitaire-sidya-toure-a-alpha-conde-alpha-sen-fout-de-savoir-quest-ce-que-les-guineens-vont-devenir\/#article","isPartOf":{"@id":"https:\/\/guineediversite.com\/index.php\/2020\/08\/24\/la-situation-sanitaire-sidya-toure-a-alpha-conde-alpha-sen-fout-de-savoir-quest-ce-que-les-guineens-vont-devenir\/"},"author":{"name":"Morcire Camara","@id":"https:\/\/guineediversite.com\/#\/schema\/person\/fa362494c47202ce4b3adf55abcc9d01"},"headline":"La situation sanitaire, Sidya Tour\u00e9 \u00e0 Alpha Cond\u00e9 \u00ab Alpha s&rsquo;en fout de savoir qu&rsquo;est-ce que les Guin\u00e9ens vont devenir (\u2026) \u00bb","datePublished":"2020-08-24T18:29:53+00:00","dateModified":"2020-08-24T18:29:53+00:00","mainEntityOfPage":{"@id":"https:\/\/guineediversite.com\/index.php\/2020\/08\/24\/la-situation-sanitaire-sidya-toure-a-alpha-conde-alpha-sen-fout-de-savoir-quest-ce-que-les-guineens-vont-devenir\/"},"wordCount":251,"publisher":{"@id":"https:\/\/guineediversite.com\/#organization"},"image":{"@id":"https:\/\/guineediversite.com\/index.php\/2020\/08\/24\/la-situation-sanitaire-sidya-toure-a-alpha-conde-alpha-sen-fout-de-savoir-quest-ce-que-les-guineens-vont-devenir\/#primaryimage"},"thumbnailUrl":"https:\/\/guineediversite.com\/wp-content\/uploads\/2020\/08\/Sidya-Tour\u00e9-pr\u00e9sident-de-lUFR.jpg","articleSection":["Sant\u00e9"],"inLanguage":"fr-FR"},{"@type":"WebPage","@id":"https:\/\/guineediversite.com\/index.php\/2020\/08\/24\/la-situation-sanitaire-sidya-toure-a-alpha-conde-alpha-sen-fout-de-savoir-quest-ce-que-les-guineens-vont-devenir\/","url":"https:\/\/guineediversite.com\/index.php\/2020\/08\/24\/la-situation-sanitaire-sidya-toure-a-alpha-conde-alpha-sen-fout-de-savoir-quest-ce-que-les-guineens-vont-devenir\/","name":"La situation sanitaire, Sidya Tour\u00e9 \u00e0 Alpha Cond\u00e9 \u00ab Alpha s'en fout de savoir qu'est-ce que les Guin\u00e9ens vont devenir (\u2026) \u00bb | Guin\u00e9e Diversit\u00e9","isPartOf":{"@id":"https:\/\/guineediversite.com\/#website"},"primaryImageOfPage":{"@id":"https:\/\/guineediversite.com\/index.php\/2020\/08\/24\/la-situation-sanitaire-sidya-toure-a-alpha-conde-alpha-sen-fout-de-savoir-quest-ce-que-les-guineens-vont-devenir\/#primaryimage"},"image":{"@id":"https:\/\/guineediversite.com\/index.php\/2020\/08\/24\/la-situation-sanitaire-sidya-toure-a-alpha-conde-alpha-sen-fout-de-savoir-quest-ce-que-les-guineens-vont-devenir\/#primaryimage"},"thumbnailUrl":"https:\/\/guineediversite.com\/wp-content\/uploads\/2020\/08\/Sidya-Tour\u00e9-pr\u00e9sident-de-lUFR.jpg","datePublished":"2020-08-24T18:29:53+00:00","dateModified":"2020-08-24T18:29:53+00:00","breadcrumb":{"@id":"https:\/\/guineediversite.com\/index.php\/2020\/08\/24\/la-situation-sanitaire-sidya-toure-a-alpha-conde-alpha-sen-fout-de-savoir-quest-ce-que-les-guineens-vont-devenir\/#breadcrumb"},"inLanguage":"fr-FR","potentialAction":[{"@type":"ReadAction","target":["https:\/\/guineediversite.com\/index.php\/2020\/08\/24\/la-situation-sanitaire-sidya-toure-a-alpha-conde-alpha-sen-fout-de-savoir-quest-ce-que-les-guineens-vont-devenir\/"]}]},{"@type":"ImageObject","inLanguage":"fr-FR","@id":"https:\/\/guineediversite.com\/index.php\/2020\/08\/24\/la-situation-sanitaire-sidya-toure-a-alpha-conde-alpha-sen-fout-de-savoir-quest-ce-que-les-guineens-vont-devenir\/#primaryimage","url":"https:\/\/guineediversite.com\/wp-content\/uploads\/2020\/08\/Sidya-Tour\u00e9-pr\u00e9sident-de-lUFR.jpg","contentUrl":"https:\/\/guineediversite.com\/wp-content\/uploads\/2020\/08\/Sidya-Tour\u00e9-pr\u00e9sident-de-lUFR.jpg","width":1500,"height":844},{"@type":"BreadcrumbList","@id":"https:\/\/guineediversite.com\/index.php\/2020\/08\/24\/la-situation-sanitaire-sidya-toure-a-alpha-conde-alpha-sen-fout-de-savoir-quest-ce-que-les-guineens-vont-devenir\/#breadcrumb","itemListElement":[{"@type":"ListItem","position":1,"name":"Accueil","item":"https:\/\/guineediversite.com\/"},{"@type":"ListItem","position":2,"name":"La situation sanitaire, Sidya Tour\u00e9 \u00e0 Alpha Cond\u00e9 \u00ab Alpha s&rsquo;en fout de savoir qu&rsquo;est-ce que les Guin\u00e9ens vont devenir (\u2026) \u00bb"}]},{"@type":"WebSite","@id":"https:\/\/guineediversite.com\/#website","url":"https:\/\/guineediversite.com\/","name":"Guin\u00e9e Diversit\u00e9","description":"L&#039;Info dans toute sa diversit\u00e9","publisher":{"@id":"https:\/\/guineediversite.com\/#organization"},"potentialAction":[{"@type":"SearchAction","target":{"@type":"EntryPoint","urlTemplate":"https:\/\/guineediversite.com\/?s={search_term_string}"},"query-input":{"@type":"PropertyValueSpecification","valueRequired":true,"valueName":"search_term_string"}}],"inLanguage":"fr-FR"},{"@type":"Organization","@id":"https:\/\/guineediversite.com\/#organization","name":"Guin\u00e9e Diversit\u00e9","url":"https:\/\/guineediversite.com\/","logo":{"@type":"ImageObject","inLanguage":"fr-FR","@id":"https:\/\/guineediversite.com\/#\/schema\/logo\/image\/","url":"https:\/\/guineediversite.com\/wp-content\/uploads\/2017\/04\/cropped-1jojlxEOMkX9Wyqfhe43D6kjPOGqBBKmx3EwWJqZ0cMrFF54yM49.png","contentUrl":"https:\/\/guineediversite.com\/wp-content\/uploads\/2017\/04\/cropped-1jojlxEOMkX9Wyqfhe43D6kjPOGqBBKmx3EwWJqZ0cMrFF54yM49.png","width":186,"height":112,"caption":"Guin\u00e9e Diversit\u00e9"},"image":{"@id":"https:\/\/guineediversite.com\/#\/schema\/logo\/image\/"},"sameAs":["https:\/\/www.facebook.com\/guineediversite\/","https:\/\/x.com\/GuineeDiversite","https:\/\/www.youtube.com\/channel\/UC8sUY16qelG5ge6_D5SB83g"]},{"@type":"Person","@id":"https:\/\/guineediversite.com\/#\/schema\/person\/fa362494c47202ce4b3adf55abcc9d01","name":"Morcire Camara","image":{"@type":"ImageObject","inLanguage":"fr-FR","@id":"https:\/\/guineediversite.com\/#\/schema\/person\/image\/","url":"https:\/\/secure.gravatar.com\/avatar\/3ec324f02295bbcebe03d99b39330ab4?s=96&d=mm&r=g","contentUrl":"https:\/\/secure.gravatar.com\/avatar\/3ec324f02295bbcebe03d99b39330ab4?s=96&d=mm&r=g","caption":"Morcire Camara"},"url":"https:\/\/guineediversite.com\/index.php\/author\/morcire\/"}]}},"_links":{"self":[{"href":"https:\/\/guineediversite.com\/index.php\/wp-json\/wp\/v2\/posts\/30355"}],"collection":[{"href":"https:\/\/guineediversite.com\/index.php\/wp-json\/wp\/v2\/posts"}],"about":[{"href":"https:\/\/guineediversite.com\/index.php\/wp-json\/wp\/v2\/types\/post"}],"author":[{"embeddable":true,"href":"https:\/\/guineediversite.com\/index.php\/wp-json\/wp\/v2\/users\/10"}],"replies":[{"embeddable":true,"href":"https:\/\/guineediversite.com\/index.php\/wp-json\/wp\/v2\/comments?post=30355"}],"version-history":[{"count":1,"href":"https:\/\/guineediversite.com\/index.php\/wp-json\/wp\/v2\/posts\/30355\/revisions"}],"predecessor-version":[{"id":30357,"href":"https:\/\/guineediversite.com\/index.php\/wp-json\/wp\/v2\/posts\/30355\/revisions\/30357"}],"wp:featuredmedia":[{"embeddable":true,"href":"https:\/\/guineediversite.com\/index.php\/wp-json\/wp\/v2\/media\/30356"}],"wp:attachment":[{"href":"https:\/\/guineediversite.com\/index.php\/wp-json\/wp\/v2\/media?parent=30355"}],"wp:term":[{"taxonomy":"category","embeddable":true,"href":"https:\/\/guineediversite.com\/index.php\/wp-json\/wp\/v2\/categories?post=30355"},{"taxonomy":"post_tag","embeddable":true,"href":"https:\/\/guineediversite.com\/index.php\/wp-json\/wp\/v2\/tags?post=30355"}],"curies":[{"name":"wp","href":"https:\/\/api.w.org\/{rel}","templated":true}]}}