{"id":30352,"date":"2020-08-24T20:02:53","date_gmt":"2020-08-24T18:02:53","guid":{"rendered":"https:\/\/guineediversite.com\/?p=30352"},"modified":"2020-08-24T20:02:53","modified_gmt":"2020-08-24T18:02:53","slug":"lufr-participera-t-elle-a-lelection-presidentielle-du18-octobre-sidya-toure-donne-la-position-de-son-parti","status":"publish","type":"post","link":"https:\/\/guineediversite.com\/index.php\/2020\/08\/24\/lufr-participera-t-elle-a-lelection-presidentielle-du18-octobre-sidya-toure-donne-la-position-de-son-parti\/","title":{"rendered":"L\u2019UFR participera-t-elle \u00e0 l\u2019\u00e9lection pr\u00e9sidentielle du18 octobre ? Sidya Tour\u00e9 donne la position de son parti"},"content":{"rendered":"<p>Apr\u00e8s un s\u00e9jour de quarante un jour pass\u00e9 entre la C\u00f4te d\u2019Ivoire et la France, le pr\u00e9sident du parti de l\u2019Union des Forces R\u00e9publicaines a regagn\u00e9 son pays ce lundi 24 ao\u00fbt dans les environs de 15 h. Il a \u00e9t\u00e9 accueilli par ses militants dans sa r\u00e9sidence situ\u00e9e \u00e0 la mini\u00e8re dans la commune de Dixinn. \u00c0 peine arriv\u00e9, Sidya Tour\u00e9 s\u2019est exprim\u00e9 sur la position de son parti face \u00e0 l\u2019\u00e9lection pr\u00e9sidentielle du 18 octobre prochain, selon lui \u00ab <em>la position du parti reste inchangeable et nos d\u00e9cisions restent maintenues(\u2026)<\/em> \u00bb.<\/p>\n<p>Sidya Tour\u00e9 va poursuivre en ces termes \u00ab <em>M. Alpha Cond\u00e9 continue de s&rsquo;ent\u00eater m\u00eame si on fait des meetings rat\u00e9s, je ne sais pas comment, des r\u00e9unions pour d\u00e9clarer des choses qui ne se d\u00e9clarent pas et comme toujours depuis dix ans l&rsquo;objectif est toujours \u00e9liminer l&rsquo;UFR. <\/em><\/p>\n<p><em>\u00a0Quand on prend, on donne un peu d&rsquo;argent pour cela, on a des gens qui arrivent par centaines. Donc honn\u00eatement nous ne nous sentons pas concern\u00e9s par tout cela. Ce que je veux vous dire avec le FNDC nous allons continuer le combat contre le troisi\u00e8me mandat et cintre le fait que Alpha Cond\u00e9 puisse s&rsquo;installer au pouvoir pour la vie. \u00c7a c&rsquo;est absolu. Notre d\u00e9cision elle est l\u00e0, on n&rsquo;a pas chang\u00e9 encore (&#8230;).<\/em><\/p>\n<p><em>On prendra le temps de convoquer une r\u00e9union du conseil politique \u00e0 partir de demain ensuite je verrai les jeunes et les femmes pour qu&rsquo;on parle de la situation actuelle du pays et pour dire qu&rsquo;est-ce que nous allons envisager pour les jours et les semaines \u00e0 venir.<\/em><\/p>\n<p><em>Dans le cadre du FNDC on avait pr\u00e9vu que nous ne participions pas aux \u00e9lections. Nous refusons la modification constitutionnelle et nous refusons le troisi\u00e8me mandat, nous ne reconnaissons pas l&rsquo;assembl\u00e9e qui est compl\u00e8tement le bureau politique du RPG arc-en-ciel. Quel est l&rsquo;\u00e9l\u00e9ment nouveau qui a chang\u00e9 cette position?<\/em><\/p>\n<p><em>Quand le probl\u00e8me se posera on apportera les solutions <\/em>\u00bb.<\/p>\n<p>Le pr\u00e9sident de l\u2019UFR, r\u00e9pondant \u00e0 la question du report de l\u2019\u00e9lection pr\u00e9sidentielle qui doit se tenir au mois d\u2019octobre prochain par la CENI, il affirme \u00ab <em>Un report de quelle \u00e9lection ? Nous ne nous croyons pas \u00e0 ces \u00e9lections. Ceux en qui nous nous croyons, c\u2019est la dissolution de l\u2019assembl\u00e9e, et le fait que quelqu\u2019un qui a dit-il voter une constitution et qui apr\u00e8s a pris un crayon et une gomme pour modifier les articles et publier son nouveau texte. On est plus un \u00c9tat, il faut \u00eatre s\u00e9rieux quoi(\u2026)<\/em> \u00bb.<\/p>\n","protected":false},"excerpt":{"rendered":"<p>Apr\u00e8s un s\u00e9jour de quarante un jour pass\u00e9 entre la C\u00f4te d\u2019Ivoire et la France, le pr\u00e9sident du parti de l\u2019Union des Forces R\u00e9publicaines a regagn\u00e9 son pays ce lundi 24 ao\u00fbt dans les environs de 15 h. Il a \u00e9t\u00e9 accueilli par ses militants dans sa r\u00e9sidence situ\u00e9e \u00e0 la mini\u00e8re dans la commune [&hellip;]<\/p>\n","protected":false},"author":10,"featured_media":30353,"comment_status":"closed","ping_status":"open","sticky":false,"template":"","format":"standard","meta":{"_exactmetrics_skip_tracking":false,"_exactmetrics_sitenote_active":false,"_exactmetrics_sitenote_note":"","_exactmetrics_sitenote_category":0,"tdm_status":"","tdm_grid_status":"","footnotes":""},"categories":[254,14],"tags":[],"class_list":{"0":"post-30352","1":"post","2":"type-post","3":"status-publish","4":"format-standard","5":"has-post-thumbnail","7":"category-derniere-minute","8":"category-politique"},"yoast_head":"<!-- This site is optimized with the Yoast SEO plugin v24.2 - https:\/\/yoast.com\/wordpress\/plugins\/seo\/ -->\n<title>L\u2019UFR participera-t-elle \u00e0 l\u2019\u00e9lection pr\u00e9sidentielle du18 octobre ? Sidya Tour\u00e9 donne la position de son parti | Guin\u00e9e Diversit\u00e9<\/title>\n<meta name=\"robots\" content=\"index, follow, max-snippet:-1, max-image-preview:large, max-video-preview:-1\" \/>\n<link rel=\"canonical\" href=\"https:\/\/guineediversite.com\/index.php\/2020\/08\/24\/lufr-participera-t-elle-a-lelection-presidentielle-du18-octobre-sidya-toure-donne-la-position-de-son-parti\/\" \/>\n<meta property=\"og:locale\" content=\"fr_FR\" \/>\n<meta property=\"og:type\" content=\"article\" \/>\n<meta property=\"og:title\" content=\"L\u2019UFR participera-t-elle \u00e0 l\u2019\u00e9lection pr\u00e9sidentielle du18 octobre ? Sidya Tour\u00e9 donne la position de son parti | Guin\u00e9e Diversit\u00e9\" \/>\n<meta property=\"og:description\" content=\"Apr\u00e8s un s\u00e9jour de quarante un jour pass\u00e9 entre la C\u00f4te d\u2019Ivoire et la France, le pr\u00e9sident du parti de l\u2019Union des Forces R\u00e9publicaines a regagn\u00e9 son pays ce lundi 24 ao\u00fbt dans les environs de 15 h. Il a \u00e9t\u00e9 accueilli par ses militants dans sa r\u00e9sidence situ\u00e9e \u00e0 la mini\u00e8re dans la commune [&hellip;]\" \/>\n<meta property=\"og:url\" content=\"https:\/\/guineediversite.com\/index.php\/2020\/08\/24\/lufr-participera-t-elle-a-lelection-presidentielle-du18-octobre-sidya-toure-donne-la-position-de-son-parti\/\" \/>\n<meta property=\"og:site_name\" content=\"Guin\u00e9e Diversit\u00e9\" \/>\n<meta property=\"article:publisher\" content=\"https:\/\/www.facebook.com\/guineediversite\/\" \/>\n<meta property=\"article:published_time\" content=\"2020-08-24T18:02:53+00:00\" \/>\n<meta property=\"og:image\" content=\"https:\/\/guineediversite.com\/wp-content\/uploads\/2020\/08\/SDIYA-TOURE-dans-sa-r\u00e9sidence-priv\u00e9e-ce-lundi-24-ao\u00fbt-2020.jpg\" \/>\n\t<meta property=\"og:image:width\" content=\"1500\" \/>\n\t<meta property=\"og:image:height\" content=\"844\" \/>\n\t<meta property=\"og:image:type\" content=\"image\/jpeg\" \/>\n<meta name=\"author\" content=\"Morcire Camara\" \/>\n<meta name=\"twitter:card\" content=\"summary_large_image\" \/>\n<meta name=\"twitter:creator\" content=\"@GuineeDiversite\" \/>\n<meta name=\"twitter:site\" content=\"@GuineeDiversite\" \/>\n<meta name=\"twitter:label1\" content=\"\u00c9crit par\" \/>\n\t<meta name=\"twitter:data1\" content=\"Morcire Camara\" \/>\n\t<meta name=\"twitter:label2\" content=\"Dur\u00e9e de lecture estim\u00e9e\" \/>\n\t<meta name=\"twitter:data2\" content=\"2 minutes\" \/>\n<script type=\"application\/ld+json\" class=\"yoast-schema-graph\">{\"@context\":\"https:\/\/schema.org\",\"@graph\":[{\"@type\":\"Article\",\"@id\":\"https:\/\/guineediversite.com\/index.php\/2020\/08\/24\/lufr-participera-t-elle-a-lelection-presidentielle-du18-octobre-sidya-toure-donne-la-position-de-son-parti\/#article\",\"isPartOf\":{\"@id\":\"https:\/\/guineediversite.com\/index.php\/2020\/08\/24\/lufr-participera-t-elle-a-lelection-presidentielle-du18-octobre-sidya-toure-donne-la-position-de-son-parti\/\"},\"author\":{\"name\":\"Morcire Camara\",\"@id\":\"https:\/\/guineediversite.com\/#\/schema\/person\/fa362494c47202ce4b3adf55abcc9d01\"},\"headline\":\"L\u2019UFR participera-t-elle \u00e0 l\u2019\u00e9lection pr\u00e9sidentielle du18 octobre ? Sidya Tour\u00e9 donne la position de son parti\",\"datePublished\":\"2020-08-24T18:02:53+00:00\",\"dateModified\":\"2020-08-24T18:02:53+00:00\",\"mainEntityOfPage\":{\"@id\":\"https:\/\/guineediversite.com\/index.php\/2020\/08\/24\/lufr-participera-t-elle-a-lelection-presidentielle-du18-octobre-sidya-toure-donne-la-position-de-son-parti\/\"},\"wordCount\":470,\"publisher\":{\"@id\":\"https:\/\/guineediversite.com\/#organization\"},\"image\":{\"@id\":\"https:\/\/guineediversite.com\/index.php\/2020\/08\/24\/lufr-participera-t-elle-a-lelection-presidentielle-du18-octobre-sidya-toure-donne-la-position-de-son-parti\/#primaryimage\"},\"thumbnailUrl\":\"https:\/\/guineediversite.com\/wp-content\/uploads\/2020\/08\/SDIYA-TOURE-dans-sa-r\u00e9sidence-priv\u00e9e-ce-lundi-24-ao\u00fbt-2020.jpg\",\"articleSection\":[\"Derni\u00e8re minute\",\"Politique\"],\"inLanguage\":\"fr-FR\"},{\"@type\":\"WebPage\",\"@id\":\"https:\/\/guineediversite.com\/index.php\/2020\/08\/24\/lufr-participera-t-elle-a-lelection-presidentielle-du18-octobre-sidya-toure-donne-la-position-de-son-parti\/\",\"url\":\"https:\/\/guineediversite.com\/index.php\/2020\/08\/24\/lufr-participera-t-elle-a-lelection-presidentielle-du18-octobre-sidya-toure-donne-la-position-de-son-parti\/\",\"name\":\"L\u2019UFR participera-t-elle \u00e0 l\u2019\u00e9lection pr\u00e9sidentielle du18 octobre ? Sidya Tour\u00e9 donne la position de son parti | Guin\u00e9e Diversit\u00e9\",\"isPartOf\":{\"@id\":\"https:\/\/guineediversite.com\/#website\"},\"primaryImageOfPage\":{\"@id\":\"https:\/\/guineediversite.com\/index.php\/2020\/08\/24\/lufr-participera-t-elle-a-lelection-presidentielle-du18-octobre-sidya-toure-donne-la-position-de-son-parti\/#primaryimage\"},\"image\":{\"@id\":\"https:\/\/guineediversite.com\/index.php\/2020\/08\/24\/lufr-participera-t-elle-a-lelection-presidentielle-du18-octobre-sidya-toure-donne-la-position-de-son-parti\/#primaryimage\"},\"thumbnailUrl\":\"https:\/\/guineediversite.com\/wp-content\/uploads\/2020\/08\/SDIYA-TOURE-dans-sa-r\u00e9sidence-priv\u00e9e-ce-lundi-24-ao\u00fbt-2020.jpg\",\"datePublished\":\"2020-08-24T18:02:53+00:00\",\"dateModified\":\"2020-08-24T18:02:53+00:00\",\"breadcrumb\":{\"@id\":\"https:\/\/guineediversite.com\/index.php\/2020\/08\/24\/lufr-participera-t-elle-a-lelection-presidentielle-du18-octobre-sidya-toure-donne-la-position-de-son-parti\/#breadcrumb\"},\"inLanguage\":\"fr-FR\",\"potentialAction\":[{\"@type\":\"ReadAction\",\"target\":[\"https:\/\/guineediversite.com\/index.php\/2020\/08\/24\/lufr-participera-t-elle-a-lelection-presidentielle-du18-octobre-sidya-toure-donne-la-position-de-son-parti\/\"]}]},{\"@type\":\"ImageObject\",\"inLanguage\":\"fr-FR\",\"@id\":\"https:\/\/guineediversite.com\/index.php\/2020\/08\/24\/lufr-participera-t-elle-a-lelection-presidentielle-du18-octobre-sidya-toure-donne-la-position-de-son-parti\/#primaryimage\",\"url\":\"https:\/\/guineediversite.com\/wp-content\/uploads\/2020\/08\/SDIYA-TOURE-dans-sa-r\u00e9sidence-priv\u00e9e-ce-lundi-24-ao\u00fbt-2020.jpg\",\"contentUrl\":\"https:\/\/guineediversite.com\/wp-content\/uploads\/2020\/08\/SDIYA-TOURE-dans-sa-r\u00e9sidence-priv\u00e9e-ce-lundi-24-ao\u00fbt-2020.jpg\",\"width\":1500,\"height\":844},{\"@type\":\"BreadcrumbList\",\"@id\":\"https:\/\/guineediversite.com\/index.php\/2020\/08\/24\/lufr-participera-t-elle-a-lelection-presidentielle-du18-octobre-sidya-toure-donne-la-position-de-son-parti\/#breadcrumb\",\"itemListElement\":[{\"@type\":\"ListItem\",\"position\":1,\"name\":\"Accueil\",\"item\":\"https:\/\/guineediversite.com\/\"},{\"@type\":\"ListItem\",\"position\":2,\"name\":\"L\u2019UFR participera-t-elle \u00e0 l\u2019\u00e9lection pr\u00e9sidentielle du18 octobre ? Sidya Tour\u00e9 donne la position de son parti\"}]},{\"@type\":\"WebSite\",\"@id\":\"https:\/\/guineediversite.com\/#website\",\"url\":\"https:\/\/guineediversite.com\/\",\"name\":\"Guin\u00e9e Diversit\u00e9\",\"description\":\"L&#039;Info dans toute sa diversit\u00e9\",\"publisher\":{\"@id\":\"https:\/\/guineediversite.com\/#organization\"},\"potentialAction\":[{\"@type\":\"SearchAction\",\"target\":{\"@type\":\"EntryPoint\",\"urlTemplate\":\"https:\/\/guineediversite.com\/?s={search_term_string}\"},\"query-input\":{\"@type\":\"PropertyValueSpecification\",\"valueRequired\":true,\"valueName\":\"search_term_string\"}}],\"inLanguage\":\"fr-FR\"},{\"@type\":\"Organization\",\"@id\":\"https:\/\/guineediversite.com\/#organization\",\"name\":\"Guin\u00e9e Diversit\u00e9\",\"url\":\"https:\/\/guineediversite.com\/\",\"logo\":{\"@type\":\"ImageObject\",\"inLanguage\":\"fr-FR\",\"@id\":\"https:\/\/guineediversite.com\/#\/schema\/logo\/image\/\",\"url\":\"https:\/\/guineediversite.com\/wp-content\/uploads\/2017\/04\/cropped-1jojlxEOMkX9Wyqfhe43D6kjPOGqBBKmx3EwWJqZ0cMrFF54yM49.png\",\"contentUrl\":\"https:\/\/guineediversite.com\/wp-content\/uploads\/2017\/04\/cropped-1jojlxEOMkX9Wyqfhe43D6kjPOGqBBKmx3EwWJqZ0cMrFF54yM49.png\",\"width\":186,\"height\":112,\"caption\":\"Guin\u00e9e Diversit\u00e9\"},\"image\":{\"@id\":\"https:\/\/guineediversite.com\/#\/schema\/logo\/image\/\"},\"sameAs\":[\"https:\/\/www.facebook.com\/guineediversite\/\",\"https:\/\/x.com\/GuineeDiversite\",\"https:\/\/www.youtube.com\/channel\/UC8sUY16qelG5ge6_D5SB83g\"]},{\"@type\":\"Person\",\"@id\":\"https:\/\/guineediversite.com\/#\/schema\/person\/fa362494c47202ce4b3adf55abcc9d01\",\"name\":\"Morcire Camara\",\"image\":{\"@type\":\"ImageObject\",\"inLanguage\":\"fr-FR\",\"@id\":\"https:\/\/guineediversite.com\/#\/schema\/person\/image\/\",\"url\":\"https:\/\/secure.gravatar.com\/avatar\/3ec324f02295bbcebe03d99b39330ab4?s=96&d=mm&r=g\",\"contentUrl\":\"https:\/\/secure.gravatar.com\/avatar\/3ec324f02295bbcebe03d99b39330ab4?s=96&d=mm&r=g\",\"caption\":\"Morcire Camara\"},\"url\":\"https:\/\/guineediversite.com\/index.php\/author\/morcire\/\"}]}<\/script>\n<!-- \/ Yoast SEO plugin. -->","yoast_head_json":{"title":"L\u2019UFR participera-t-elle \u00e0 l\u2019\u00e9lection pr\u00e9sidentielle du18 octobre ? Sidya Tour\u00e9 donne la position de son parti | Guin\u00e9e Diversit\u00e9","robots":{"index":"index","follow":"follow","max-snippet":"max-snippet:-1","max-image-preview":"max-image-preview:large","max-video-preview":"max-video-preview:-1"},"canonical":"https:\/\/guineediversite.com\/index.php\/2020\/08\/24\/lufr-participera-t-elle-a-lelection-presidentielle-du18-octobre-sidya-toure-donne-la-position-de-son-parti\/","og_locale":"fr_FR","og_type":"article","og_title":"L\u2019UFR participera-t-elle \u00e0 l\u2019\u00e9lection pr\u00e9sidentielle du18 octobre ? Sidya Tour\u00e9 donne la position de son parti | Guin\u00e9e Diversit\u00e9","og_description":"Apr\u00e8s un s\u00e9jour de quarante un jour pass\u00e9 entre la C\u00f4te d\u2019Ivoire et la France, le pr\u00e9sident du parti de l\u2019Union des Forces R\u00e9publicaines a regagn\u00e9 son pays ce lundi 24 ao\u00fbt dans les environs de 15 h. Il a \u00e9t\u00e9 accueilli par ses militants dans sa r\u00e9sidence situ\u00e9e \u00e0 la mini\u00e8re dans la commune [&hellip;]","og_url":"https:\/\/guineediversite.com\/index.php\/2020\/08\/24\/lufr-participera-t-elle-a-lelection-presidentielle-du18-octobre-sidya-toure-donne-la-position-de-son-parti\/","og_site_name":"Guin\u00e9e Diversit\u00e9","article_publisher":"https:\/\/www.facebook.com\/guineediversite\/","article_published_time":"2020-08-24T18:02:53+00:00","og_image":[{"width":1500,"height":844,"url":"https:\/\/guineediversite.com\/wp-content\/uploads\/2020\/08\/SDIYA-TOURE-dans-sa-r\u00e9sidence-priv\u00e9e-ce-lundi-24-ao\u00fbt-2020.jpg","type":"image\/jpeg"}],"author":"Morcire Camara","twitter_card":"summary_large_image","twitter_creator":"@GuineeDiversite","twitter_site":"@GuineeDiversite","twitter_misc":{"\u00c9crit par":"Morcire Camara","Dur\u00e9e de lecture estim\u00e9e":"2 minutes"},"schema":{"@context":"https:\/\/schema.org","@graph":[{"@type":"Article","@id":"https:\/\/guineediversite.com\/index.php\/2020\/08\/24\/lufr-participera-t-elle-a-lelection-presidentielle-du18-octobre-sidya-toure-donne-la-position-de-son-parti\/#article","isPartOf":{"@id":"https:\/\/guineediversite.com\/index.php\/2020\/08\/24\/lufr-participera-t-elle-a-lelection-presidentielle-du18-octobre-sidya-toure-donne-la-position-de-son-parti\/"},"author":{"name":"Morcire Camara","@id":"https:\/\/guineediversite.com\/#\/schema\/person\/fa362494c47202ce4b3adf55abcc9d01"},"headline":"L\u2019UFR participera-t-elle \u00e0 l\u2019\u00e9lection pr\u00e9sidentielle du18 octobre ? Sidya Tour\u00e9 donne la position de son parti","datePublished":"2020-08-24T18:02:53+00:00","dateModified":"2020-08-24T18:02:53+00:00","mainEntityOfPage":{"@id":"https:\/\/guineediversite.com\/index.php\/2020\/08\/24\/lufr-participera-t-elle-a-lelection-presidentielle-du18-octobre-sidya-toure-donne-la-position-de-son-parti\/"},"wordCount":470,"publisher":{"@id":"https:\/\/guineediversite.com\/#organization"},"image":{"@id":"https:\/\/guineediversite.com\/index.php\/2020\/08\/24\/lufr-participera-t-elle-a-lelection-presidentielle-du18-octobre-sidya-toure-donne-la-position-de-son-parti\/#primaryimage"},"thumbnailUrl":"https:\/\/guineediversite.com\/wp-content\/uploads\/2020\/08\/SDIYA-TOURE-dans-sa-r\u00e9sidence-priv\u00e9e-ce-lundi-24-ao\u00fbt-2020.jpg","articleSection":["Derni\u00e8re minute","Politique"],"inLanguage":"fr-FR"},{"@type":"WebPage","@id":"https:\/\/guineediversite.com\/index.php\/2020\/08\/24\/lufr-participera-t-elle-a-lelection-presidentielle-du18-octobre-sidya-toure-donne-la-position-de-son-parti\/","url":"https:\/\/guineediversite.com\/index.php\/2020\/08\/24\/lufr-participera-t-elle-a-lelection-presidentielle-du18-octobre-sidya-toure-donne-la-position-de-son-parti\/","name":"L\u2019UFR participera-t-elle \u00e0 l\u2019\u00e9lection pr\u00e9sidentielle du18 octobre ? Sidya Tour\u00e9 donne la position de son parti | Guin\u00e9e Diversit\u00e9","isPartOf":{"@id":"https:\/\/guineediversite.com\/#website"},"primaryImageOfPage":{"@id":"https:\/\/guineediversite.com\/index.php\/2020\/08\/24\/lufr-participera-t-elle-a-lelection-presidentielle-du18-octobre-sidya-toure-donne-la-position-de-son-parti\/#primaryimage"},"image":{"@id":"https:\/\/guineediversite.com\/index.php\/2020\/08\/24\/lufr-participera-t-elle-a-lelection-presidentielle-du18-octobre-sidya-toure-donne-la-position-de-son-parti\/#primaryimage"},"thumbnailUrl":"https:\/\/guineediversite.com\/wp-content\/uploads\/2020\/08\/SDIYA-TOURE-dans-sa-r\u00e9sidence-priv\u00e9e-ce-lundi-24-ao\u00fbt-2020.jpg","datePublished":"2020-08-24T18:02:53+00:00","dateModified":"2020-08-24T18:02:53+00:00","breadcrumb":{"@id":"https:\/\/guineediversite.com\/index.php\/2020\/08\/24\/lufr-participera-t-elle-a-lelection-presidentielle-du18-octobre-sidya-toure-donne-la-position-de-son-parti\/#breadcrumb"},"inLanguage":"fr-FR","potentialAction":[{"@type":"ReadAction","target":["https:\/\/guineediversite.com\/index.php\/2020\/08\/24\/lufr-participera-t-elle-a-lelection-presidentielle-du18-octobre-sidya-toure-donne-la-position-de-son-parti\/"]}]},{"@type":"ImageObject","inLanguage":"fr-FR","@id":"https:\/\/guineediversite.com\/index.php\/2020\/08\/24\/lufr-participera-t-elle-a-lelection-presidentielle-du18-octobre-sidya-toure-donne-la-position-de-son-parti\/#primaryimage","url":"https:\/\/guineediversite.com\/wp-content\/uploads\/2020\/08\/SDIYA-TOURE-dans-sa-r\u00e9sidence-priv\u00e9e-ce-lundi-24-ao\u00fbt-2020.jpg","contentUrl":"https:\/\/guineediversite.com\/wp-content\/uploads\/2020\/08\/SDIYA-TOURE-dans-sa-r\u00e9sidence-priv\u00e9e-ce-lundi-24-ao\u00fbt-2020.jpg","width":1500,"height":844},{"@type":"BreadcrumbList","@id":"https:\/\/guineediversite.com\/index.php\/2020\/08\/24\/lufr-participera-t-elle-a-lelection-presidentielle-du18-octobre-sidya-toure-donne-la-position-de-son-parti\/#breadcrumb","itemListElement":[{"@type":"ListItem","position":1,"name":"Accueil","item":"https:\/\/guineediversite.com\/"},{"@type":"ListItem","position":2,"name":"L\u2019UFR participera-t-elle \u00e0 l\u2019\u00e9lection pr\u00e9sidentielle du18 octobre ? Sidya Tour\u00e9 donne la position de son parti"}]},{"@type":"WebSite","@id":"https:\/\/guineediversite.com\/#website","url":"https:\/\/guineediversite.com\/","name":"Guin\u00e9e Diversit\u00e9","description":"L&#039;Info dans toute sa diversit\u00e9","publisher":{"@id":"https:\/\/guineediversite.com\/#organization"},"potentialAction":[{"@type":"SearchAction","target":{"@type":"EntryPoint","urlTemplate":"https:\/\/guineediversite.com\/?s={search_term_string}"},"query-input":{"@type":"PropertyValueSpecification","valueRequired":true,"valueName":"search_term_string"}}],"inLanguage":"fr-FR"},{"@type":"Organization","@id":"https:\/\/guineediversite.com\/#organization","name":"Guin\u00e9e Diversit\u00e9","url":"https:\/\/guineediversite.com\/","logo":{"@type":"ImageObject","inLanguage":"fr-FR","@id":"https:\/\/guineediversite.com\/#\/schema\/logo\/image\/","url":"https:\/\/guineediversite.com\/wp-content\/uploads\/2017\/04\/cropped-1jojlxEOMkX9Wyqfhe43D6kjPOGqBBKmx3EwWJqZ0cMrFF54yM49.png","contentUrl":"https:\/\/guineediversite.com\/wp-content\/uploads\/2017\/04\/cropped-1jojlxEOMkX9Wyqfhe43D6kjPOGqBBKmx3EwWJqZ0cMrFF54yM49.png","width":186,"height":112,"caption":"Guin\u00e9e Diversit\u00e9"},"image":{"@id":"https:\/\/guineediversite.com\/#\/schema\/logo\/image\/"},"sameAs":["https:\/\/www.facebook.com\/guineediversite\/","https:\/\/x.com\/GuineeDiversite","https:\/\/www.youtube.com\/channel\/UC8sUY16qelG5ge6_D5SB83g"]},{"@type":"Person","@id":"https:\/\/guineediversite.com\/#\/schema\/person\/fa362494c47202ce4b3adf55abcc9d01","name":"Morcire Camara","image":{"@type":"ImageObject","inLanguage":"fr-FR","@id":"https:\/\/guineediversite.com\/#\/schema\/person\/image\/","url":"https:\/\/secure.gravatar.com\/avatar\/3ec324f02295bbcebe03d99b39330ab4?s=96&d=mm&r=g","contentUrl":"https:\/\/secure.gravatar.com\/avatar\/3ec324f02295bbcebe03d99b39330ab4?s=96&d=mm&r=g","caption":"Morcire Camara"},"url":"https:\/\/guineediversite.com\/index.php\/author\/morcire\/"}]}},"_links":{"self":[{"href":"https:\/\/guineediversite.com\/index.php\/wp-json\/wp\/v2\/posts\/30352"}],"collection":[{"href":"https:\/\/guineediversite.com\/index.php\/wp-json\/wp\/v2\/posts"}],"about":[{"href":"https:\/\/guineediversite.com\/index.php\/wp-json\/wp\/v2\/types\/post"}],"author":[{"embeddable":true,"href":"https:\/\/guineediversite.com\/index.php\/wp-json\/wp\/v2\/users\/10"}],"replies":[{"embeddable":true,"href":"https:\/\/guineediversite.com\/index.php\/wp-json\/wp\/v2\/comments?post=30352"}],"version-history":[{"count":1,"href":"https:\/\/guineediversite.com\/index.php\/wp-json\/wp\/v2\/posts\/30352\/revisions"}],"predecessor-version":[{"id":30354,"href":"https:\/\/guineediversite.com\/index.php\/wp-json\/wp\/v2\/posts\/30352\/revisions\/30354"}],"wp:featuredmedia":[{"embeddable":true,"href":"https:\/\/guineediversite.com\/index.php\/wp-json\/wp\/v2\/media\/30353"}],"wp:attachment":[{"href":"https:\/\/guineediversite.com\/index.php\/wp-json\/wp\/v2\/media?parent=30352"}],"wp:term":[{"taxonomy":"category","embeddable":true,"href":"https:\/\/guineediversite.com\/index.php\/wp-json\/wp\/v2\/categories?post=30352"},{"taxonomy":"post_tag","embeddable":true,"href":"https:\/\/guineediversite.com\/index.php\/wp-json\/wp\/v2\/tags?post=30352"}],"curies":[{"name":"wp","href":"https:\/\/api.w.org\/{rel}","templated":true}]}}