{"id":30342,"date":"2020-08-23T10:11:23","date_gmt":"2020-08-23T08:11:23","guid":{"rendered":"https:\/\/guineediversite.com\/?p=30342"},"modified":"2020-08-23T10:11:23","modified_gmt":"2020-08-23T08:11:23","slug":"ctg-communique-nous-declarerons-louverture-dune-transition-a-linstant-meme-ou-monsieur-alpha-conde-annoncera-sa-candidature","status":"publish","type":"post","link":"https:\/\/guineediversite.com\/index.php\/2020\/08\/23\/ctg-communique-nous-declarerons-louverture-dune-transition-a-linstant-meme-ou-monsieur-alpha-conde-annoncera-sa-candidature\/","title":{"rendered":"CTG\/Communiqu\u00e9 : \u00ab Nous d\u00e9clarerons l\u2019ouverture d\u2019une Transition \u00e0 l\u2019instant m\u00eame o\u00f9 Monsieur Alpha Cond\u00e9 annoncera sa candidature \u00bb"},"content":{"rendered":"<p>Ce vendredi 21 ao\u00fbt 2020, les repr\u00e9sentants des mouvements suivants : CTG, FNDC France, Troisi\u00e8me Dynamique, MUGFAG, SOS Racisme, Maison de l\u2019Afrique, coalition de la diaspora guin\u00e9enne et autres personnalit\u00e9s se sont r\u00e9unis \u00e0 l\u2019Antenne Flandre \u00e0 Paris, pour \u00e9voquer la situation politique en Guin\u00e9e et les actions \u00e0 mener face au projet de Pr\u00e9sidence \u00e0 Vie de monsieur Alpha Cond\u00e9.<br \/>\nLes informations dont nous disposons pour l\u2019heure tendent \u00e0 confirmer que Monsieur Alpha Cond\u00e9 va se d\u00e9clarer candidat \u00e0 la farce d\u2019\u00e9lection pr\u00e9vue le 18 octobre prochain pour briguer un 3\u00e8me mandat.<br \/>\nNous demandons \u00e0 tous les leaders politiques de s\u2019opposer \u00e0 cette mascarade \u00e9lectorale.<br \/>\nNous mettons en garde Monsieur Alpha Cond\u00e9 et son clan, contre ce projet funeste qui risque de plonger notre pays d\u00e9j\u00e0 mal en point dans le chaos.<br \/>\nEn tout \u00e9tat de cause, sa d\u00e9claration de candidature n\u2019aura, \u00e0 notre sens, aucune autre signification que la fin officielle de sa l\u00e9gitimit\u00e9 de Pr\u00e9sident de la R\u00e9publique.<\/p>\n<p>Ainsi, nous d\u00e9clarerons l\u2019ouverture d\u2019une Transition \u00e0 l\u2019instant m\u00eame o\u00f9 Monsieur Alpha Cond\u00e9 annoncera sa candidature.<br \/>\nOn ne passe pas d\u2019un coup de la Dictature \u00e0 la D\u00e9mocratie et les \u00e9lections ne peuvent avoir lieu sans un total assainissement de leurs conditions d\u2019organisation.<\/p>\n<p>La transition est donc incontournable.<br \/>\nElle sera mise en \u0153uvre par un Conseil Sup\u00e9rieur de la Transition dont la composition sera connue dans les prochains jours.<br \/>\nLe CTG et l\u2019ensemble des participants invitent le peuple de Guin\u00e9e seul d\u00e9tenteur de la Souverainet\u00e9 \u00e0 se mobiliser comme un seul homme pour soutenir la transition, et refuser par tous les moyens qu\u2019Alpha Cond\u00e9 et son clan prennent notre pays en otage.<\/p>\n<p>T\u00e9l\u00e9phone : +337 52 45 20 53<\/p>\n<p>Ibrahime Sorel KEITA\/Souleymane DIALLO<\/p>\n<p>&nbsp;<\/p>\n","protected":false},"excerpt":{"rendered":"<p>Ce vendredi 21 ao\u00fbt 2020, les repr\u00e9sentants des mouvements suivants : CTG, FNDC France, Troisi\u00e8me Dynamique, MUGFAG, SOS Racisme, Maison de l\u2019Afrique, coalition de la diaspora guin\u00e9enne et autres personnalit\u00e9s se sont r\u00e9unis \u00e0 l\u2019Antenne Flandre \u00e0 Paris, pour \u00e9voquer la situation politique en Guin\u00e9e et les actions \u00e0 mener face au projet de Pr\u00e9sidence [&hellip;]<\/p>\n","protected":false},"author":12,"featured_media":30343,"comment_status":"closed","ping_status":"open","sticky":false,"template":"","format":"standard","meta":{"_exactmetrics_skip_tracking":false,"_exactmetrics_sitenote_active":false,"_exactmetrics_sitenote_note":"","_exactmetrics_sitenote_category":0,"tdm_status":"","tdm_grid_status":"","footnotes":""},"categories":[14],"tags":[],"class_list":{"0":"post-30342","1":"post","2":"type-post","3":"status-publish","4":"format-standard","5":"has-post-thumbnail","7":"category-politique"},"yoast_head":"<!-- This site is optimized with the Yoast SEO plugin v24.2 - https:\/\/yoast.com\/wordpress\/plugins\/seo\/ -->\n<title>CTG\/Communiqu\u00e9 : \u00ab Nous d\u00e9clarerons l\u2019ouverture d\u2019une Transition \u00e0 l\u2019instant m\u00eame o\u00f9 Monsieur Alpha Cond\u00e9 annoncera sa candidature \u00bb | Guin\u00e9e Diversit\u00e9<\/title>\n<meta name=\"robots\" content=\"index, follow, max-snippet:-1, max-image-preview:large, max-video-preview:-1\" \/>\n<link rel=\"canonical\" href=\"https:\/\/guineediversite.com\/index.php\/2020\/08\/23\/ctg-communique-nous-declarerons-louverture-dune-transition-a-linstant-meme-ou-monsieur-alpha-conde-annoncera-sa-candidature\/\" \/>\n<meta property=\"og:locale\" content=\"fr_FR\" \/>\n<meta property=\"og:type\" content=\"article\" \/>\n<meta property=\"og:title\" content=\"CTG\/Communiqu\u00e9 : \u00ab Nous d\u00e9clarerons l\u2019ouverture d\u2019une Transition \u00e0 l\u2019instant m\u00eame o\u00f9 Monsieur Alpha Cond\u00e9 annoncera sa candidature \u00bb | Guin\u00e9e Diversit\u00e9\" \/>\n<meta property=\"og:description\" content=\"Ce vendredi 21 ao\u00fbt 2020, les repr\u00e9sentants des mouvements suivants : CTG, FNDC France, Troisi\u00e8me Dynamique, MUGFAG, SOS Racisme, Maison de l\u2019Afrique, coalition de la diaspora guin\u00e9enne et autres personnalit\u00e9s se sont r\u00e9unis \u00e0 l\u2019Antenne Flandre \u00e0 Paris, pour \u00e9voquer la situation politique en Guin\u00e9e et les actions \u00e0 mener face au projet de Pr\u00e9sidence [&hellip;]\" \/>\n<meta property=\"og:url\" content=\"https:\/\/guineediversite.com\/index.php\/2020\/08\/23\/ctg-communique-nous-declarerons-louverture-dune-transition-a-linstant-meme-ou-monsieur-alpha-conde-annoncera-sa-candidature\/\" \/>\n<meta property=\"og:site_name\" content=\"Guin\u00e9e Diversit\u00e9\" \/>\n<meta property=\"article:publisher\" content=\"https:\/\/www.facebook.com\/guineediversite\/\" \/>\n<meta property=\"article:published_time\" content=\"2020-08-23T08:11:23+00:00\" \/>\n<meta property=\"og:image\" content=\"https:\/\/guineediversite.com\/wp-content\/uploads\/2020\/08\/20200712-CTG-PARIS-IBRAHIMA-SORY-KEITA.jpeg\" \/>\n\t<meta property=\"og:image:width\" content=\"1500\" \/>\n\t<meta property=\"og:image:height\" content=\"900\" \/>\n\t<meta property=\"og:image:type\" content=\"image\/jpeg\" \/>\n<meta name=\"author\" content=\"Guin\u00e9e Diversit\u00e9\" \/>\n<meta name=\"twitter:card\" content=\"summary_large_image\" \/>\n<meta name=\"twitter:creator\" content=\"@GuineeDiversite\" \/>\n<meta name=\"twitter:site\" content=\"@GuineeDiversite\" \/>\n<meta name=\"twitter:label1\" content=\"\u00c9crit par\" \/>\n\t<meta name=\"twitter:data1\" content=\"Guin\u00e9e Diversit\u00e9\" \/>\n\t<meta name=\"twitter:label2\" content=\"Dur\u00e9e de lecture estim\u00e9e\" \/>\n\t<meta name=\"twitter:data2\" content=\"2 minutes\" \/>\n<script type=\"application\/ld+json\" class=\"yoast-schema-graph\">{\"@context\":\"https:\/\/schema.org\",\"@graph\":[{\"@type\":\"Article\",\"@id\":\"https:\/\/guineediversite.com\/index.php\/2020\/08\/23\/ctg-communique-nous-declarerons-louverture-dune-transition-a-linstant-meme-ou-monsieur-alpha-conde-annoncera-sa-candidature\/#article\",\"isPartOf\":{\"@id\":\"https:\/\/guineediversite.com\/index.php\/2020\/08\/23\/ctg-communique-nous-declarerons-louverture-dune-transition-a-linstant-meme-ou-monsieur-alpha-conde-annoncera-sa-candidature\/\"},\"author\":{\"name\":\"Guin\u00e9e Diversit\u00e9\",\"@id\":\"https:\/\/guineediversite.com\/#\/schema\/person\/afa08fb34e7fc6e1feafc892612bc836\"},\"headline\":\"CTG\/Communiqu\u00e9 : \u00ab Nous d\u00e9clarerons l\u2019ouverture d\u2019une Transition \u00e0 l\u2019instant m\u00eame o\u00f9 Monsieur Alpha Cond\u00e9 annoncera sa candidature \u00bb\",\"datePublished\":\"2020-08-23T08:11:23+00:00\",\"dateModified\":\"2020-08-23T08:11:23+00:00\",\"mainEntityOfPage\":{\"@id\":\"https:\/\/guineediversite.com\/index.php\/2020\/08\/23\/ctg-communique-nous-declarerons-louverture-dune-transition-a-linstant-meme-ou-monsieur-alpha-conde-annoncera-sa-candidature\/\"},\"wordCount\":321,\"publisher\":{\"@id\":\"https:\/\/guineediversite.com\/#organization\"},\"image\":{\"@id\":\"https:\/\/guineediversite.com\/index.php\/2020\/08\/23\/ctg-communique-nous-declarerons-louverture-dune-transition-a-linstant-meme-ou-monsieur-alpha-conde-annoncera-sa-candidature\/#primaryimage\"},\"thumbnailUrl\":\"https:\/\/guineediversite.com\/wp-content\/uploads\/2020\/08\/20200712-CTG-PARIS-IBRAHIMA-SORY-KEITA.jpeg\",\"articleSection\":[\"Politique\"],\"inLanguage\":\"fr-FR\"},{\"@type\":\"WebPage\",\"@id\":\"https:\/\/guineediversite.com\/index.php\/2020\/08\/23\/ctg-communique-nous-declarerons-louverture-dune-transition-a-linstant-meme-ou-monsieur-alpha-conde-annoncera-sa-candidature\/\",\"url\":\"https:\/\/guineediversite.com\/index.php\/2020\/08\/23\/ctg-communique-nous-declarerons-louverture-dune-transition-a-linstant-meme-ou-monsieur-alpha-conde-annoncera-sa-candidature\/\",\"name\":\"CTG\/Communiqu\u00e9 : \u00ab Nous d\u00e9clarerons l\u2019ouverture d\u2019une Transition \u00e0 l\u2019instant m\u00eame o\u00f9 Monsieur Alpha Cond\u00e9 annoncera sa candidature \u00bb | Guin\u00e9e Diversit\u00e9\",\"isPartOf\":{\"@id\":\"https:\/\/guineediversite.com\/#website\"},\"primaryImageOfPage\":{\"@id\":\"https:\/\/guineediversite.com\/index.php\/2020\/08\/23\/ctg-communique-nous-declarerons-louverture-dune-transition-a-linstant-meme-ou-monsieur-alpha-conde-annoncera-sa-candidature\/#primaryimage\"},\"image\":{\"@id\":\"https:\/\/guineediversite.com\/index.php\/2020\/08\/23\/ctg-communique-nous-declarerons-louverture-dune-transition-a-linstant-meme-ou-monsieur-alpha-conde-annoncera-sa-candidature\/#primaryimage\"},\"thumbnailUrl\":\"https:\/\/guineediversite.com\/wp-content\/uploads\/2020\/08\/20200712-CTG-PARIS-IBRAHIMA-SORY-KEITA.jpeg\",\"datePublished\":\"2020-08-23T08:11:23+00:00\",\"dateModified\":\"2020-08-23T08:11:23+00:00\",\"breadcrumb\":{\"@id\":\"https:\/\/guineediversite.com\/index.php\/2020\/08\/23\/ctg-communique-nous-declarerons-louverture-dune-transition-a-linstant-meme-ou-monsieur-alpha-conde-annoncera-sa-candidature\/#breadcrumb\"},\"inLanguage\":\"fr-FR\",\"potentialAction\":[{\"@type\":\"ReadAction\",\"target\":[\"https:\/\/guineediversite.com\/index.php\/2020\/08\/23\/ctg-communique-nous-declarerons-louverture-dune-transition-a-linstant-meme-ou-monsieur-alpha-conde-annoncera-sa-candidature\/\"]}]},{\"@type\":\"ImageObject\",\"inLanguage\":\"fr-FR\",\"@id\":\"https:\/\/guineediversite.com\/index.php\/2020\/08\/23\/ctg-communique-nous-declarerons-louverture-dune-transition-a-linstant-meme-ou-monsieur-alpha-conde-annoncera-sa-candidature\/#primaryimage\",\"url\":\"https:\/\/guineediversite.com\/wp-content\/uploads\/2020\/08\/20200712-CTG-PARIS-IBRAHIMA-SORY-KEITA.jpeg\",\"contentUrl\":\"https:\/\/guineediversite.com\/wp-content\/uploads\/2020\/08\/20200712-CTG-PARIS-IBRAHIMA-SORY-KEITA.jpeg\",\"width\":1500,\"height\":900},{\"@type\":\"BreadcrumbList\",\"@id\":\"https:\/\/guineediversite.com\/index.php\/2020\/08\/23\/ctg-communique-nous-declarerons-louverture-dune-transition-a-linstant-meme-ou-monsieur-alpha-conde-annoncera-sa-candidature\/#breadcrumb\",\"itemListElement\":[{\"@type\":\"ListItem\",\"position\":1,\"name\":\"Accueil\",\"item\":\"https:\/\/guineediversite.com\/\"},{\"@type\":\"ListItem\",\"position\":2,\"name\":\"CTG\/Communiqu\u00e9 : \u00ab Nous d\u00e9clarerons l\u2019ouverture d\u2019une Transition \u00e0 l\u2019instant m\u00eame o\u00f9 Monsieur Alpha Cond\u00e9 annoncera sa candidature \u00bb\"}]},{\"@type\":\"WebSite\",\"@id\":\"https:\/\/guineediversite.com\/#website\",\"url\":\"https:\/\/guineediversite.com\/\",\"name\":\"Guin\u00e9e Diversit\u00e9\",\"description\":\"L&#039;Info dans toute sa diversit\u00e9\",\"publisher\":{\"@id\":\"https:\/\/guineediversite.com\/#organization\"},\"potentialAction\":[{\"@type\":\"SearchAction\",\"target\":{\"@type\":\"EntryPoint\",\"urlTemplate\":\"https:\/\/guineediversite.com\/?s={search_term_string}\"},\"query-input\":{\"@type\":\"PropertyValueSpecification\",\"valueRequired\":true,\"valueName\":\"search_term_string\"}}],\"inLanguage\":\"fr-FR\"},{\"@type\":\"Organization\",\"@id\":\"https:\/\/guineediversite.com\/#organization\",\"name\":\"Guin\u00e9e Diversit\u00e9\",\"url\":\"https:\/\/guineediversite.com\/\",\"logo\":{\"@type\":\"ImageObject\",\"inLanguage\":\"fr-FR\",\"@id\":\"https:\/\/guineediversite.com\/#\/schema\/logo\/image\/\",\"url\":\"https:\/\/guineediversite.com\/wp-content\/uploads\/2017\/04\/cropped-1jojlxEOMkX9Wyqfhe43D6kjPOGqBBKmx3EwWJqZ0cMrFF54yM49.png\",\"contentUrl\":\"https:\/\/guineediversite.com\/wp-content\/uploads\/2017\/04\/cropped-1jojlxEOMkX9Wyqfhe43D6kjPOGqBBKmx3EwWJqZ0cMrFF54yM49.png\",\"width\":186,\"height\":112,\"caption\":\"Guin\u00e9e Diversit\u00e9\"},\"image\":{\"@id\":\"https:\/\/guineediversite.com\/#\/schema\/logo\/image\/\"},\"sameAs\":[\"https:\/\/www.facebook.com\/guineediversite\/\",\"https:\/\/x.com\/GuineeDiversite\",\"https:\/\/www.youtube.com\/channel\/UC8sUY16qelG5ge6_D5SB83g\"]},{\"@type\":\"Person\",\"@id\":\"https:\/\/guineediversite.com\/#\/schema\/person\/afa08fb34e7fc6e1feafc892612bc836\",\"name\":\"Guin\u00e9e Diversit\u00e9\",\"image\":{\"@type\":\"ImageObject\",\"inLanguage\":\"fr-FR\",\"@id\":\"https:\/\/guineediversite.com\/#\/schema\/person\/image\/\",\"url\":\"https:\/\/secure.gravatar.com\/avatar\/50d5eb5b390f8b65ac30ac6f898eb83a?s=96&d=mm&r=g\",\"contentUrl\":\"https:\/\/secure.gravatar.com\/avatar\/50d5eb5b390f8b65ac30ac6f898eb83a?s=96&d=mm&r=g\",\"caption\":\"Guin\u00e9e Diversit\u00e9\"},\"url\":\"https:\/\/guineediversite.com\/index.php\/author\/guineediversite\/\"}]}<\/script>\n<!-- \/ Yoast SEO plugin. -->","yoast_head_json":{"title":"CTG\/Communiqu\u00e9 : \u00ab Nous d\u00e9clarerons l\u2019ouverture d\u2019une Transition \u00e0 l\u2019instant m\u00eame o\u00f9 Monsieur Alpha Cond\u00e9 annoncera sa candidature \u00bb | Guin\u00e9e Diversit\u00e9","robots":{"index":"index","follow":"follow","max-snippet":"max-snippet:-1","max-image-preview":"max-image-preview:large","max-video-preview":"max-video-preview:-1"},"canonical":"https:\/\/guineediversite.com\/index.php\/2020\/08\/23\/ctg-communique-nous-declarerons-louverture-dune-transition-a-linstant-meme-ou-monsieur-alpha-conde-annoncera-sa-candidature\/","og_locale":"fr_FR","og_type":"article","og_title":"CTG\/Communiqu\u00e9 : \u00ab Nous d\u00e9clarerons l\u2019ouverture d\u2019une Transition \u00e0 l\u2019instant m\u00eame o\u00f9 Monsieur Alpha Cond\u00e9 annoncera sa candidature \u00bb | Guin\u00e9e Diversit\u00e9","og_description":"Ce vendredi 21 ao\u00fbt 2020, les repr\u00e9sentants des mouvements suivants : CTG, FNDC France, Troisi\u00e8me Dynamique, MUGFAG, SOS Racisme, Maison de l\u2019Afrique, coalition de la diaspora guin\u00e9enne et autres personnalit\u00e9s se sont r\u00e9unis \u00e0 l\u2019Antenne Flandre \u00e0 Paris, pour \u00e9voquer la situation politique en Guin\u00e9e et les actions \u00e0 mener face au projet de Pr\u00e9sidence [&hellip;]","og_url":"https:\/\/guineediversite.com\/index.php\/2020\/08\/23\/ctg-communique-nous-declarerons-louverture-dune-transition-a-linstant-meme-ou-monsieur-alpha-conde-annoncera-sa-candidature\/","og_site_name":"Guin\u00e9e Diversit\u00e9","article_publisher":"https:\/\/www.facebook.com\/guineediversite\/","article_published_time":"2020-08-23T08:11:23+00:00","og_image":[{"width":1500,"height":900,"url":"https:\/\/guineediversite.com\/wp-content\/uploads\/2020\/08\/20200712-CTG-PARIS-IBRAHIMA-SORY-KEITA.jpeg","type":"image\/jpeg"}],"author":"Guin\u00e9e Diversit\u00e9","twitter_card":"summary_large_image","twitter_creator":"@GuineeDiversite","twitter_site":"@GuineeDiversite","twitter_misc":{"\u00c9crit par":"Guin\u00e9e Diversit\u00e9","Dur\u00e9e de lecture estim\u00e9e":"2 minutes"},"schema":{"@context":"https:\/\/schema.org","@graph":[{"@type":"Article","@id":"https:\/\/guineediversite.com\/index.php\/2020\/08\/23\/ctg-communique-nous-declarerons-louverture-dune-transition-a-linstant-meme-ou-monsieur-alpha-conde-annoncera-sa-candidature\/#article","isPartOf":{"@id":"https:\/\/guineediversite.com\/index.php\/2020\/08\/23\/ctg-communique-nous-declarerons-louverture-dune-transition-a-linstant-meme-ou-monsieur-alpha-conde-annoncera-sa-candidature\/"},"author":{"name":"Guin\u00e9e Diversit\u00e9","@id":"https:\/\/guineediversite.com\/#\/schema\/person\/afa08fb34e7fc6e1feafc892612bc836"},"headline":"CTG\/Communiqu\u00e9 : \u00ab Nous d\u00e9clarerons l\u2019ouverture d\u2019une Transition \u00e0 l\u2019instant m\u00eame o\u00f9 Monsieur Alpha Cond\u00e9 annoncera sa candidature \u00bb","datePublished":"2020-08-23T08:11:23+00:00","dateModified":"2020-08-23T08:11:23+00:00","mainEntityOfPage":{"@id":"https:\/\/guineediversite.com\/index.php\/2020\/08\/23\/ctg-communique-nous-declarerons-louverture-dune-transition-a-linstant-meme-ou-monsieur-alpha-conde-annoncera-sa-candidature\/"},"wordCount":321,"publisher":{"@id":"https:\/\/guineediversite.com\/#organization"},"image":{"@id":"https:\/\/guineediversite.com\/index.php\/2020\/08\/23\/ctg-communique-nous-declarerons-louverture-dune-transition-a-linstant-meme-ou-monsieur-alpha-conde-annoncera-sa-candidature\/#primaryimage"},"thumbnailUrl":"https:\/\/guineediversite.com\/wp-content\/uploads\/2020\/08\/20200712-CTG-PARIS-IBRAHIMA-SORY-KEITA.jpeg","articleSection":["Politique"],"inLanguage":"fr-FR"},{"@type":"WebPage","@id":"https:\/\/guineediversite.com\/index.php\/2020\/08\/23\/ctg-communique-nous-declarerons-louverture-dune-transition-a-linstant-meme-ou-monsieur-alpha-conde-annoncera-sa-candidature\/","url":"https:\/\/guineediversite.com\/index.php\/2020\/08\/23\/ctg-communique-nous-declarerons-louverture-dune-transition-a-linstant-meme-ou-monsieur-alpha-conde-annoncera-sa-candidature\/","name":"CTG\/Communiqu\u00e9 : \u00ab Nous d\u00e9clarerons l\u2019ouverture d\u2019une Transition \u00e0 l\u2019instant m\u00eame o\u00f9 Monsieur Alpha Cond\u00e9 annoncera sa candidature \u00bb | Guin\u00e9e Diversit\u00e9","isPartOf":{"@id":"https:\/\/guineediversite.com\/#website"},"primaryImageOfPage":{"@id":"https:\/\/guineediversite.com\/index.php\/2020\/08\/23\/ctg-communique-nous-declarerons-louverture-dune-transition-a-linstant-meme-ou-monsieur-alpha-conde-annoncera-sa-candidature\/#primaryimage"},"image":{"@id":"https:\/\/guineediversite.com\/index.php\/2020\/08\/23\/ctg-communique-nous-declarerons-louverture-dune-transition-a-linstant-meme-ou-monsieur-alpha-conde-annoncera-sa-candidature\/#primaryimage"},"thumbnailUrl":"https:\/\/guineediversite.com\/wp-content\/uploads\/2020\/08\/20200712-CTG-PARIS-IBRAHIMA-SORY-KEITA.jpeg","datePublished":"2020-08-23T08:11:23+00:00","dateModified":"2020-08-23T08:11:23+00:00","breadcrumb":{"@id":"https:\/\/guineediversite.com\/index.php\/2020\/08\/23\/ctg-communique-nous-declarerons-louverture-dune-transition-a-linstant-meme-ou-monsieur-alpha-conde-annoncera-sa-candidature\/#breadcrumb"},"inLanguage":"fr-FR","potentialAction":[{"@type":"ReadAction","target":["https:\/\/guineediversite.com\/index.php\/2020\/08\/23\/ctg-communique-nous-declarerons-louverture-dune-transition-a-linstant-meme-ou-monsieur-alpha-conde-annoncera-sa-candidature\/"]}]},{"@type":"ImageObject","inLanguage":"fr-FR","@id":"https:\/\/guineediversite.com\/index.php\/2020\/08\/23\/ctg-communique-nous-declarerons-louverture-dune-transition-a-linstant-meme-ou-monsieur-alpha-conde-annoncera-sa-candidature\/#primaryimage","url":"https:\/\/guineediversite.com\/wp-content\/uploads\/2020\/08\/20200712-CTG-PARIS-IBRAHIMA-SORY-KEITA.jpeg","contentUrl":"https:\/\/guineediversite.com\/wp-content\/uploads\/2020\/08\/20200712-CTG-PARIS-IBRAHIMA-SORY-KEITA.jpeg","width":1500,"height":900},{"@type":"BreadcrumbList","@id":"https:\/\/guineediversite.com\/index.php\/2020\/08\/23\/ctg-communique-nous-declarerons-louverture-dune-transition-a-linstant-meme-ou-monsieur-alpha-conde-annoncera-sa-candidature\/#breadcrumb","itemListElement":[{"@type":"ListItem","position":1,"name":"Accueil","item":"https:\/\/guineediversite.com\/"},{"@type":"ListItem","position":2,"name":"CTG\/Communiqu\u00e9 : \u00ab Nous d\u00e9clarerons l\u2019ouverture d\u2019une Transition \u00e0 l\u2019instant m\u00eame o\u00f9 Monsieur Alpha Cond\u00e9 annoncera sa candidature \u00bb"}]},{"@type":"WebSite","@id":"https:\/\/guineediversite.com\/#website","url":"https:\/\/guineediversite.com\/","name":"Guin\u00e9e Diversit\u00e9","description":"L&#039;Info dans toute sa diversit\u00e9","publisher":{"@id":"https:\/\/guineediversite.com\/#organization"},"potentialAction":[{"@type":"SearchAction","target":{"@type":"EntryPoint","urlTemplate":"https:\/\/guineediversite.com\/?s={search_term_string}"},"query-input":{"@type":"PropertyValueSpecification","valueRequired":true,"valueName":"search_term_string"}}],"inLanguage":"fr-FR"},{"@type":"Organization","@id":"https:\/\/guineediversite.com\/#organization","name":"Guin\u00e9e Diversit\u00e9","url":"https:\/\/guineediversite.com\/","logo":{"@type":"ImageObject","inLanguage":"fr-FR","@id":"https:\/\/guineediversite.com\/#\/schema\/logo\/image\/","url":"https:\/\/guineediversite.com\/wp-content\/uploads\/2017\/04\/cropped-1jojlxEOMkX9Wyqfhe43D6kjPOGqBBKmx3EwWJqZ0cMrFF54yM49.png","contentUrl":"https:\/\/guineediversite.com\/wp-content\/uploads\/2017\/04\/cropped-1jojlxEOMkX9Wyqfhe43D6kjPOGqBBKmx3EwWJqZ0cMrFF54yM49.png","width":186,"height":112,"caption":"Guin\u00e9e Diversit\u00e9"},"image":{"@id":"https:\/\/guineediversite.com\/#\/schema\/logo\/image\/"},"sameAs":["https:\/\/www.facebook.com\/guineediversite\/","https:\/\/x.com\/GuineeDiversite","https:\/\/www.youtube.com\/channel\/UC8sUY16qelG5ge6_D5SB83g"]},{"@type":"Person","@id":"https:\/\/guineediversite.com\/#\/schema\/person\/afa08fb34e7fc6e1feafc892612bc836","name":"Guin\u00e9e Diversit\u00e9","image":{"@type":"ImageObject","inLanguage":"fr-FR","@id":"https:\/\/guineediversite.com\/#\/schema\/person\/image\/","url":"https:\/\/secure.gravatar.com\/avatar\/50d5eb5b390f8b65ac30ac6f898eb83a?s=96&d=mm&r=g","contentUrl":"https:\/\/secure.gravatar.com\/avatar\/50d5eb5b390f8b65ac30ac6f898eb83a?s=96&d=mm&r=g","caption":"Guin\u00e9e Diversit\u00e9"},"url":"https:\/\/guineediversite.com\/index.php\/author\/guineediversite\/"}]}},"_links":{"self":[{"href":"https:\/\/guineediversite.com\/index.php\/wp-json\/wp\/v2\/posts\/30342"}],"collection":[{"href":"https:\/\/guineediversite.com\/index.php\/wp-json\/wp\/v2\/posts"}],"about":[{"href":"https:\/\/guineediversite.com\/index.php\/wp-json\/wp\/v2\/types\/post"}],"author":[{"embeddable":true,"href":"https:\/\/guineediversite.com\/index.php\/wp-json\/wp\/v2\/users\/12"}],"replies":[{"embeddable":true,"href":"https:\/\/guineediversite.com\/index.php\/wp-json\/wp\/v2\/comments?post=30342"}],"version-history":[{"count":1,"href":"https:\/\/guineediversite.com\/index.php\/wp-json\/wp\/v2\/posts\/30342\/revisions"}],"predecessor-version":[{"id":30344,"href":"https:\/\/guineediversite.com\/index.php\/wp-json\/wp\/v2\/posts\/30342\/revisions\/30344"}],"wp:featuredmedia":[{"embeddable":true,"href":"https:\/\/guineediversite.com\/index.php\/wp-json\/wp\/v2\/media\/30343"}],"wp:attachment":[{"href":"https:\/\/guineediversite.com\/index.php\/wp-json\/wp\/v2\/media?parent=30342"}],"wp:term":[{"taxonomy":"category","embeddable":true,"href":"https:\/\/guineediversite.com\/index.php\/wp-json\/wp\/v2\/categories?post=30342"},{"taxonomy":"post_tag","embeddable":true,"href":"https:\/\/guineediversite.com\/index.php\/wp-json\/wp\/v2\/tags?post=30342"}],"curies":[{"name":"wp","href":"https:\/\/api.w.org\/{rel}","templated":true}]}}