{"id":30339,"date":"2020-08-23T10:02:23","date_gmt":"2020-08-23T08:02:23","guid":{"rendered":"https:\/\/guineediversite.com\/?p=30339"},"modified":"2020-08-23T10:02:23","modified_gmt":"2020-08-23T08:02:23","slug":"finale-de-la-ligue-des-champions-le-psg-pourra-t-il-vaincre-le-bayern","status":"publish","type":"post","link":"https:\/\/guineediversite.com\/index.php\/2020\/08\/23\/finale-de-la-ligue-des-champions-le-psg-pourra-t-il-vaincre-le-bayern\/","title":{"rendered":"Finale de la Ligue des champions: le PSG pourra t-il vaincre le Bayern ?"},"content":{"rendered":"<p>Le Paris Saint-Germain n\u2019est plus qu\u2019\u00e0 une marche de son premier sacre en Ligue des champions. Mais ce dimanche 23 ao\u00fbt, les Parisiens devront battre le Bayern Munich, monstre europ\u00e9en, en course pour l\u2019obtention d\u2019une sixi\u00e8me Coupe aux grandes oreilles.<\/p>\n<p>Il y a d\u2019un c\u00f4t\u00e9 l&rsquo;ambitieux PSG, qui vise la premi\u00e8re Ligue des champions de son histoire, et de l\u2019autre le Bayern Munich, quintuple laur\u00e9at et dernier repr\u00e9sentant de l&rsquo;aristocratie du football continental.\u00a0\u00c0 Lisbonne dimanche soir, la finale s\u2019annonce palpitante pour ce duel franco-allemand.<\/p>\n<p>Pour Paris, ce sera l\u2019occasion de prouver que les millions d\u2019euros d\u00e9pens\u00e9s depuis l\u2019arriv\u00e9e des Qataris en valaient la peine. Comme cet achat d\u00e9mesur\u00e9 de la star Neymar dont le transfert est \u00e9valu\u00e9 \u00e0 222\u00a0M\u20ac. Apr\u00e8s une d\u00e9cennie d&rsquo;investissements massifs dans foot fran\u00e7ais, les investisseurs du Qatar attendent la deuxi\u00e8me \u00e9toile depuis le sacre de Marseille en 1993.<\/p>\n<p><strong>Le retour des bless\u00e9s ?<\/strong><\/p>\n<p>Avec une victoire sur le fil contre l&rsquo;Atalanta Bergame (2-1), les co\u00e9quipiers de Marquinhos ont fait \u00e9talage de leur force collective contre Leipzig (3-0) en demi-finale. Et apr\u00e8s avoir perdu coup sur coup sur blessure Layvin Kurzawa, Verratti, Keylor Navas et Idrissa Gueye, les nouvelles sont rassurantes quant \u00e0 leur possible participation en finale.<\/p>\n<p>Marco Verratti, milieu de terrain pr\u00e9sent dans l\u2019effectif depuis 2012 va \u00ab\u00a0<em>tout faire<\/em>\u00a0\u00bb pour disputer la premi\u00e8re finale de Ligue des champions de l&rsquo;histoire du club fran\u00e7ais. Entr\u00e9 en jeu \u00e0 la 83e minute contre Leipzig apr\u00e8s avoir d\u00e9clar\u00e9 forfait en quarts, l&rsquo;Italien a assur\u00e9 qu&rsquo;il allait \u00ab\u00a0<em>mieux<\/em>\u00a0\u00bb, jeudi, lors d&rsquo;un point-presse en visioconf\u00e9rence depuis l&rsquo;h\u00f4tel lisbo\u00e8te du PSG. \u00ab\u00a0<em>C&rsquo;est une sensation incroyable d&rsquo;\u00eatre en finale. Cela fait huit ans que je suis ici. C&rsquo;\u00e9tait dur avant, c&rsquo;est normal parce qu&rsquo;en Ligue des champions, c&rsquo;est toujours comme \u00e7a. Cette ann\u00e9e, jusqu&rsquo;\u00e0 maintenant, on a eu un parcours incroyable. Maintenant il nous reste 90 minutes, les plus importantes de notre carri\u00e8re de footballeur et de l&rsquo;histoire du club<\/em>\u00a0\u00bb, dit-il.<\/p>\n<p><strong>L&rsquo;heure de Neymar ?<\/strong><\/p>\n<p>Lors de cette finale, il y aura aussi Neymar contre Robert Lewandowski pour le statut symbolique de meilleur joueur du monde. Le Br\u00e9silien est d\u00e9sormais en tr\u00e8s grande forme, lui qui avait v\u00e9cu de gros p\u00e9pins physiques les deux pr\u00e9c\u00e9dentes saisons. En 2019, il avait manqu\u00e9 notamment le huiti\u00e8me de finale de Ligue des champions face \u00e0 Manchester United qui voyait le club de la capitale \u00e9chouer pour la troisi\u00e8me saison cons\u00e9cutive \u00e0 ce stade de la comp\u00e9tition.<\/p>\n<p>Il y aura aussi les retrouvailles de Kylian Mbapp\u00e9 avec ses co\u00e9quipiers champions du monde Kingsley Coman, form\u00e9 \u00e0 Paris et d\u00e9sormais dans l\u2019effectif du club bavarois. Ce sera aussi la premi\u00e8re du coach parisien Thomas Tuchel, novice \u00e0 ce stade de la comp\u00e9tition. \u00ab\u00a0<em>Tuchel fait du super boulot \u00e0 Paris. Son \u00e9quipe tourne tr\u00e8s bien, il fait un travail exceptionnel. Je me r\u00e9jouis de le voir ce dimanche<\/em>\u00a0\u00bb, a compliment\u00e9 son homologue Flick, apr\u00e8s la victoire du Bayern contre Lyon. \u00ab\u00a0<em>Paris a une attaque avec de grands noms. Il y a toujours beaucoup de buts avec le Bayern et le PSG. Deux grandes \u00e9quipes dans cette finale, \u00e7a fait plaisir aux t\u00e9l\u00e9spectateurs. Nous, nous nous r\u00e9jouissons beaucoup de cette finale<\/em>\u00a0\u00bb, t\u00e9moigne de son c\u00f4t\u00e9 le gardien du Bayern Manuel Neuer.<\/p>\n<p><strong>Le Bayern Munich \u00e0 la recherche du sixi\u00e8me sacre !<\/strong><\/p>\n<p>Apr\u00e8s avoir pi\u00e9tin\u00e9 le FC Barcelone en quarts de finale (8-2), Munich a laiss\u00e9 entrevoir quelques rares faiblesses contre Lyon (3-0), qui s&rsquo;est procur\u00e9 des occasions franches en jouant dans le dos de la d\u00e9fense. Ce pourrait-\u00eatre un avantage pour les Parisiens avec la vitesse \u00e9clair de Kylian Mbapp\u00e9 et les passes millim\u00e9tr\u00e9es de Neymar en transition\u00a0?<\/p>\n<p>\u00ab\u00a0<em>On a regard\u00e9 le match tous ensemble. C&rsquo;est une \u00e9quipe tr\u00e8s forte, tr\u00e8s physique, avec des joueurs de qualit\u00e9. Ils ont l&rsquo;habitude de jouer ce type de matches. Ils m\u00e9ritent d&rsquo;\u00eatre l\u00e0<\/em>\u00a0\u00bb, commente Marco Verratti. Buteur en quarts et en demies, Marquinhos esp\u00e8re lui r\u00e9cidiver en finale. \u00ab\u00a0<em>On est l\u00e0 pour marquer l\u2019histoire, on a d\u00e9j\u00e0 fait un grand pas il en reste un \u00e0 faire<\/em>\u00a0\u00bb, confie le d\u00e9fenseur qui \u00e9volue \u00e0 Paris depuis 2013.<\/p>\n<p>Depuis la cr\u00e9ation de Ligue des champions en 1955, le Bayern Munich fond\u00e9 en 1900 a d\u00e9j\u00e0 disput\u00e9 dix finales de C1. S&rsquo;il remportait la 11e dimanche contre Paris, le club bavarois pourrait rejoindre Liverpool avec six titres. La derni\u00e8re Ligue des champions remport\u00e9e par Munich remonte \u00e0 2013 avec notamment Manuel Neuer, Thomas M\u00fcller, J\u00e9r\u00f4me Boateng, David Alaba et Javi Martinez&#8230; tous encore l\u00e0 en 2020 ! Le Bayern reste le grand favori de cette finale et Paris sera bel et bien \u00e0 la recherche de l\u2019exploit.<\/p>\n<p><strong>RFI<\/strong><\/p>\n","protected":false},"excerpt":{"rendered":"<p>Le Paris Saint-Germain n\u2019est plus qu\u2019\u00e0 une marche de son premier sacre en Ligue des champions. Mais ce dimanche 23 ao\u00fbt, les Parisiens devront battre le Bayern Munich, monstre europ\u00e9en, en course pour l\u2019obtention d\u2019une sixi\u00e8me Coupe aux grandes oreilles. Il y a d\u2019un c\u00f4t\u00e9 l&rsquo;ambitieux PSG, qui vise la premi\u00e8re Ligue des champions de [&hellip;]<\/p>\n","protected":false},"author":12,"featured_media":30340,"comment_status":"closed","ping_status":"open","sticky":false,"template":"","format":"standard","meta":{"_exactmetrics_skip_tracking":false,"_exactmetrics_sitenote_active":false,"_exactmetrics_sitenote_note":"","_exactmetrics_sitenote_category":0,"tdm_status":"","tdm_grid_status":"","footnotes":""},"categories":[18],"tags":[],"class_list":{"0":"post-30339","1":"post","2":"type-post","3":"status-publish","4":"format-standard","5":"has-post-thumbnail","7":"category-sport"},"yoast_head":"<!-- This site is optimized with the Yoast SEO plugin v24.2 - https:\/\/yoast.com\/wordpress\/plugins\/seo\/ -->\n<title>Finale de la Ligue des champions: le PSG pourra t-il vaincre le Bayern ? | Guin\u00e9e Diversit\u00e9<\/title>\n<meta name=\"robots\" content=\"index, follow, max-snippet:-1, max-image-preview:large, max-video-preview:-1\" \/>\n<link rel=\"canonical\" href=\"https:\/\/guineediversite.com\/index.php\/2020\/08\/23\/finale-de-la-ligue-des-champions-le-psg-pourra-t-il-vaincre-le-bayern\/\" \/>\n<meta property=\"og:locale\" content=\"fr_FR\" \/>\n<meta property=\"og:type\" content=\"article\" \/>\n<meta property=\"og:title\" content=\"Finale de la Ligue des champions: le PSG pourra t-il vaincre le Bayern ? | Guin\u00e9e Diversit\u00e9\" \/>\n<meta property=\"og:description\" content=\"Le Paris Saint-Germain n\u2019est plus qu\u2019\u00e0 une marche de son premier sacre en Ligue des champions. Mais ce dimanche 23 ao\u00fbt, les Parisiens devront battre le Bayern Munich, monstre europ\u00e9en, en course pour l\u2019obtention d\u2019une sixi\u00e8me Coupe aux grandes oreilles. Il y a d\u2019un c\u00f4t\u00e9 l&rsquo;ambitieux PSG, qui vise la premi\u00e8re Ligue des champions de [&hellip;]\" \/>\n<meta property=\"og:url\" content=\"https:\/\/guineediversite.com\/index.php\/2020\/08\/23\/finale-de-la-ligue-des-champions-le-psg-pourra-t-il-vaincre-le-bayern\/\" \/>\n<meta property=\"og:site_name\" content=\"Guin\u00e9e Diversit\u00e9\" \/>\n<meta property=\"article:publisher\" content=\"https:\/\/www.facebook.com\/guineediversite\/\" \/>\n<meta property=\"article:published_time\" content=\"2020-08-23T08:02:23+00:00\" \/>\n<meta property=\"og:image\" content=\"https:\/\/guineediversite.com\/wp-content\/uploads\/2020\/08\/Le-Br\u00e9silien-Neymar.jpg\" \/>\n\t<meta property=\"og:image:width\" content=\"1500\" \/>\n\t<meta property=\"og:image:height\" content=\"840\" \/>\n\t<meta property=\"og:image:type\" content=\"image\/jpeg\" \/>\n<meta name=\"author\" content=\"Guin\u00e9e Diversit\u00e9\" \/>\n<meta name=\"twitter:card\" content=\"summary_large_image\" \/>\n<meta name=\"twitter:creator\" content=\"@GuineeDiversite\" \/>\n<meta name=\"twitter:site\" content=\"@GuineeDiversite\" \/>\n<meta name=\"twitter:label1\" content=\"\u00c9crit par\" \/>\n\t<meta name=\"twitter:data1\" content=\"Guin\u00e9e Diversit\u00e9\" \/>\n\t<meta name=\"twitter:label2\" content=\"Dur\u00e9e de lecture estim\u00e9e\" \/>\n\t<meta name=\"twitter:data2\" content=\"4 minutes\" \/>\n<script type=\"application\/ld+json\" class=\"yoast-schema-graph\">{\"@context\":\"https:\/\/schema.org\",\"@graph\":[{\"@type\":\"Article\",\"@id\":\"https:\/\/guineediversite.com\/index.php\/2020\/08\/23\/finale-de-la-ligue-des-champions-le-psg-pourra-t-il-vaincre-le-bayern\/#article\",\"isPartOf\":{\"@id\":\"https:\/\/guineediversite.com\/index.php\/2020\/08\/23\/finale-de-la-ligue-des-champions-le-psg-pourra-t-il-vaincre-le-bayern\/\"},\"author\":{\"name\":\"Guin\u00e9e Diversit\u00e9\",\"@id\":\"https:\/\/guineediversite.com\/#\/schema\/person\/afa08fb34e7fc6e1feafc892612bc836\"},\"headline\":\"Finale de la Ligue des champions: le PSG pourra t-il vaincre le Bayern ?\",\"datePublished\":\"2020-08-23T08:02:23+00:00\",\"dateModified\":\"2020-08-23T08:02:23+00:00\",\"mainEntityOfPage\":{\"@id\":\"https:\/\/guineediversite.com\/index.php\/2020\/08\/23\/finale-de-la-ligue-des-champions-le-psg-pourra-t-il-vaincre-le-bayern\/\"},\"wordCount\":856,\"publisher\":{\"@id\":\"https:\/\/guineediversite.com\/#organization\"},\"image\":{\"@id\":\"https:\/\/guineediversite.com\/index.php\/2020\/08\/23\/finale-de-la-ligue-des-champions-le-psg-pourra-t-il-vaincre-le-bayern\/#primaryimage\"},\"thumbnailUrl\":\"https:\/\/guineediversite.com\/wp-content\/uploads\/2020\/08\/Le-Br\u00e9silien-Neymar.jpg\",\"articleSection\":[\"Sport\"],\"inLanguage\":\"fr-FR\"},{\"@type\":\"WebPage\",\"@id\":\"https:\/\/guineediversite.com\/index.php\/2020\/08\/23\/finale-de-la-ligue-des-champions-le-psg-pourra-t-il-vaincre-le-bayern\/\",\"url\":\"https:\/\/guineediversite.com\/index.php\/2020\/08\/23\/finale-de-la-ligue-des-champions-le-psg-pourra-t-il-vaincre-le-bayern\/\",\"name\":\"Finale de la Ligue des champions: le PSG pourra t-il vaincre le Bayern ? | Guin\u00e9e Diversit\u00e9\",\"isPartOf\":{\"@id\":\"https:\/\/guineediversite.com\/#website\"},\"primaryImageOfPage\":{\"@id\":\"https:\/\/guineediversite.com\/index.php\/2020\/08\/23\/finale-de-la-ligue-des-champions-le-psg-pourra-t-il-vaincre-le-bayern\/#primaryimage\"},\"image\":{\"@id\":\"https:\/\/guineediversite.com\/index.php\/2020\/08\/23\/finale-de-la-ligue-des-champions-le-psg-pourra-t-il-vaincre-le-bayern\/#primaryimage\"},\"thumbnailUrl\":\"https:\/\/guineediversite.com\/wp-content\/uploads\/2020\/08\/Le-Br\u00e9silien-Neymar.jpg\",\"datePublished\":\"2020-08-23T08:02:23+00:00\",\"dateModified\":\"2020-08-23T08:02:23+00:00\",\"breadcrumb\":{\"@id\":\"https:\/\/guineediversite.com\/index.php\/2020\/08\/23\/finale-de-la-ligue-des-champions-le-psg-pourra-t-il-vaincre-le-bayern\/#breadcrumb\"},\"inLanguage\":\"fr-FR\",\"potentialAction\":[{\"@type\":\"ReadAction\",\"target\":[\"https:\/\/guineediversite.com\/index.php\/2020\/08\/23\/finale-de-la-ligue-des-champions-le-psg-pourra-t-il-vaincre-le-bayern\/\"]}]},{\"@type\":\"ImageObject\",\"inLanguage\":\"fr-FR\",\"@id\":\"https:\/\/guineediversite.com\/index.php\/2020\/08\/23\/finale-de-la-ligue-des-champions-le-psg-pourra-t-il-vaincre-le-bayern\/#primaryimage\",\"url\":\"https:\/\/guineediversite.com\/wp-content\/uploads\/2020\/08\/Le-Br\u00e9silien-Neymar.jpg\",\"contentUrl\":\"https:\/\/guineediversite.com\/wp-content\/uploads\/2020\/08\/Le-Br\u00e9silien-Neymar.jpg\",\"width\":1500,\"height\":840},{\"@type\":\"BreadcrumbList\",\"@id\":\"https:\/\/guineediversite.com\/index.php\/2020\/08\/23\/finale-de-la-ligue-des-champions-le-psg-pourra-t-il-vaincre-le-bayern\/#breadcrumb\",\"itemListElement\":[{\"@type\":\"ListItem\",\"position\":1,\"name\":\"Accueil\",\"item\":\"https:\/\/guineediversite.com\/\"},{\"@type\":\"ListItem\",\"position\":2,\"name\":\"Finale de la Ligue des champions: le PSG pourra t-il vaincre le Bayern ?\"}]},{\"@type\":\"WebSite\",\"@id\":\"https:\/\/guineediversite.com\/#website\",\"url\":\"https:\/\/guineediversite.com\/\",\"name\":\"Guin\u00e9e Diversit\u00e9\",\"description\":\"L&#039;Info dans toute sa diversit\u00e9\",\"publisher\":{\"@id\":\"https:\/\/guineediversite.com\/#organization\"},\"potentialAction\":[{\"@type\":\"SearchAction\",\"target\":{\"@type\":\"EntryPoint\",\"urlTemplate\":\"https:\/\/guineediversite.com\/?s={search_term_string}\"},\"query-input\":{\"@type\":\"PropertyValueSpecification\",\"valueRequired\":true,\"valueName\":\"search_term_string\"}}],\"inLanguage\":\"fr-FR\"},{\"@type\":\"Organization\",\"@id\":\"https:\/\/guineediversite.com\/#organization\",\"name\":\"Guin\u00e9e Diversit\u00e9\",\"url\":\"https:\/\/guineediversite.com\/\",\"logo\":{\"@type\":\"ImageObject\",\"inLanguage\":\"fr-FR\",\"@id\":\"https:\/\/guineediversite.com\/#\/schema\/logo\/image\/\",\"url\":\"https:\/\/guineediversite.com\/wp-content\/uploads\/2017\/04\/cropped-1jojlxEOMkX9Wyqfhe43D6kjPOGqBBKmx3EwWJqZ0cMrFF54yM49.png\",\"contentUrl\":\"https:\/\/guineediversite.com\/wp-content\/uploads\/2017\/04\/cropped-1jojlxEOMkX9Wyqfhe43D6kjPOGqBBKmx3EwWJqZ0cMrFF54yM49.png\",\"width\":186,\"height\":112,\"caption\":\"Guin\u00e9e Diversit\u00e9\"},\"image\":{\"@id\":\"https:\/\/guineediversite.com\/#\/schema\/logo\/image\/\"},\"sameAs\":[\"https:\/\/www.facebook.com\/guineediversite\/\",\"https:\/\/x.com\/GuineeDiversite\",\"https:\/\/www.youtube.com\/channel\/UC8sUY16qelG5ge6_D5SB83g\"]},{\"@type\":\"Person\",\"@id\":\"https:\/\/guineediversite.com\/#\/schema\/person\/afa08fb34e7fc6e1feafc892612bc836\",\"name\":\"Guin\u00e9e Diversit\u00e9\",\"image\":{\"@type\":\"ImageObject\",\"inLanguage\":\"fr-FR\",\"@id\":\"https:\/\/guineediversite.com\/#\/schema\/person\/image\/\",\"url\":\"https:\/\/secure.gravatar.com\/avatar\/50d5eb5b390f8b65ac30ac6f898eb83a?s=96&d=mm&r=g\",\"contentUrl\":\"https:\/\/secure.gravatar.com\/avatar\/50d5eb5b390f8b65ac30ac6f898eb83a?s=96&d=mm&r=g\",\"caption\":\"Guin\u00e9e Diversit\u00e9\"},\"url\":\"https:\/\/guineediversite.com\/index.php\/author\/guineediversite\/\"}]}<\/script>\n<!-- \/ Yoast SEO plugin. -->","yoast_head_json":{"title":"Finale de la Ligue des champions: le PSG pourra t-il vaincre le Bayern ? | Guin\u00e9e Diversit\u00e9","robots":{"index":"index","follow":"follow","max-snippet":"max-snippet:-1","max-image-preview":"max-image-preview:large","max-video-preview":"max-video-preview:-1"},"canonical":"https:\/\/guineediversite.com\/index.php\/2020\/08\/23\/finale-de-la-ligue-des-champions-le-psg-pourra-t-il-vaincre-le-bayern\/","og_locale":"fr_FR","og_type":"article","og_title":"Finale de la Ligue des champions: le PSG pourra t-il vaincre le Bayern ? | Guin\u00e9e Diversit\u00e9","og_description":"Le Paris Saint-Germain n\u2019est plus qu\u2019\u00e0 une marche de son premier sacre en Ligue des champions. Mais ce dimanche 23 ao\u00fbt, les Parisiens devront battre le Bayern Munich, monstre europ\u00e9en, en course pour l\u2019obtention d\u2019une sixi\u00e8me Coupe aux grandes oreilles. Il y a d\u2019un c\u00f4t\u00e9 l&rsquo;ambitieux PSG, qui vise la premi\u00e8re Ligue des champions de [&hellip;]","og_url":"https:\/\/guineediversite.com\/index.php\/2020\/08\/23\/finale-de-la-ligue-des-champions-le-psg-pourra-t-il-vaincre-le-bayern\/","og_site_name":"Guin\u00e9e Diversit\u00e9","article_publisher":"https:\/\/www.facebook.com\/guineediversite\/","article_published_time":"2020-08-23T08:02:23+00:00","og_image":[{"width":1500,"height":840,"url":"https:\/\/guineediversite.com\/wp-content\/uploads\/2020\/08\/Le-Br\u00e9silien-Neymar.jpg","type":"image\/jpeg"}],"author":"Guin\u00e9e Diversit\u00e9","twitter_card":"summary_large_image","twitter_creator":"@GuineeDiversite","twitter_site":"@GuineeDiversite","twitter_misc":{"\u00c9crit par":"Guin\u00e9e Diversit\u00e9","Dur\u00e9e de lecture estim\u00e9e":"4 minutes"},"schema":{"@context":"https:\/\/schema.org","@graph":[{"@type":"Article","@id":"https:\/\/guineediversite.com\/index.php\/2020\/08\/23\/finale-de-la-ligue-des-champions-le-psg-pourra-t-il-vaincre-le-bayern\/#article","isPartOf":{"@id":"https:\/\/guineediversite.com\/index.php\/2020\/08\/23\/finale-de-la-ligue-des-champions-le-psg-pourra-t-il-vaincre-le-bayern\/"},"author":{"name":"Guin\u00e9e Diversit\u00e9","@id":"https:\/\/guineediversite.com\/#\/schema\/person\/afa08fb34e7fc6e1feafc892612bc836"},"headline":"Finale de la Ligue des champions: le PSG pourra t-il vaincre le Bayern ?","datePublished":"2020-08-23T08:02:23+00:00","dateModified":"2020-08-23T08:02:23+00:00","mainEntityOfPage":{"@id":"https:\/\/guineediversite.com\/index.php\/2020\/08\/23\/finale-de-la-ligue-des-champions-le-psg-pourra-t-il-vaincre-le-bayern\/"},"wordCount":856,"publisher":{"@id":"https:\/\/guineediversite.com\/#organization"},"image":{"@id":"https:\/\/guineediversite.com\/index.php\/2020\/08\/23\/finale-de-la-ligue-des-champions-le-psg-pourra-t-il-vaincre-le-bayern\/#primaryimage"},"thumbnailUrl":"https:\/\/guineediversite.com\/wp-content\/uploads\/2020\/08\/Le-Br\u00e9silien-Neymar.jpg","articleSection":["Sport"],"inLanguage":"fr-FR"},{"@type":"WebPage","@id":"https:\/\/guineediversite.com\/index.php\/2020\/08\/23\/finale-de-la-ligue-des-champions-le-psg-pourra-t-il-vaincre-le-bayern\/","url":"https:\/\/guineediversite.com\/index.php\/2020\/08\/23\/finale-de-la-ligue-des-champions-le-psg-pourra-t-il-vaincre-le-bayern\/","name":"Finale de la Ligue des champions: le PSG pourra t-il vaincre le Bayern ? | Guin\u00e9e Diversit\u00e9","isPartOf":{"@id":"https:\/\/guineediversite.com\/#website"},"primaryImageOfPage":{"@id":"https:\/\/guineediversite.com\/index.php\/2020\/08\/23\/finale-de-la-ligue-des-champions-le-psg-pourra-t-il-vaincre-le-bayern\/#primaryimage"},"image":{"@id":"https:\/\/guineediversite.com\/index.php\/2020\/08\/23\/finale-de-la-ligue-des-champions-le-psg-pourra-t-il-vaincre-le-bayern\/#primaryimage"},"thumbnailUrl":"https:\/\/guineediversite.com\/wp-content\/uploads\/2020\/08\/Le-Br\u00e9silien-Neymar.jpg","datePublished":"2020-08-23T08:02:23+00:00","dateModified":"2020-08-23T08:02:23+00:00","breadcrumb":{"@id":"https:\/\/guineediversite.com\/index.php\/2020\/08\/23\/finale-de-la-ligue-des-champions-le-psg-pourra-t-il-vaincre-le-bayern\/#breadcrumb"},"inLanguage":"fr-FR","potentialAction":[{"@type":"ReadAction","target":["https:\/\/guineediversite.com\/index.php\/2020\/08\/23\/finale-de-la-ligue-des-champions-le-psg-pourra-t-il-vaincre-le-bayern\/"]}]},{"@type":"ImageObject","inLanguage":"fr-FR","@id":"https:\/\/guineediversite.com\/index.php\/2020\/08\/23\/finale-de-la-ligue-des-champions-le-psg-pourra-t-il-vaincre-le-bayern\/#primaryimage","url":"https:\/\/guineediversite.com\/wp-content\/uploads\/2020\/08\/Le-Br\u00e9silien-Neymar.jpg","contentUrl":"https:\/\/guineediversite.com\/wp-content\/uploads\/2020\/08\/Le-Br\u00e9silien-Neymar.jpg","width":1500,"height":840},{"@type":"BreadcrumbList","@id":"https:\/\/guineediversite.com\/index.php\/2020\/08\/23\/finale-de-la-ligue-des-champions-le-psg-pourra-t-il-vaincre-le-bayern\/#breadcrumb","itemListElement":[{"@type":"ListItem","position":1,"name":"Accueil","item":"https:\/\/guineediversite.com\/"},{"@type":"ListItem","position":2,"name":"Finale de la Ligue des champions: le PSG pourra t-il vaincre le Bayern ?"}]},{"@type":"WebSite","@id":"https:\/\/guineediversite.com\/#website","url":"https:\/\/guineediversite.com\/","name":"Guin\u00e9e Diversit\u00e9","description":"L&#039;Info dans toute sa diversit\u00e9","publisher":{"@id":"https:\/\/guineediversite.com\/#organization"},"potentialAction":[{"@type":"SearchAction","target":{"@type":"EntryPoint","urlTemplate":"https:\/\/guineediversite.com\/?s={search_term_string}"},"query-input":{"@type":"PropertyValueSpecification","valueRequired":true,"valueName":"search_term_string"}}],"inLanguage":"fr-FR"},{"@type":"Organization","@id":"https:\/\/guineediversite.com\/#organization","name":"Guin\u00e9e Diversit\u00e9","url":"https:\/\/guineediversite.com\/","logo":{"@type":"ImageObject","inLanguage":"fr-FR","@id":"https:\/\/guineediversite.com\/#\/schema\/logo\/image\/","url":"https:\/\/guineediversite.com\/wp-content\/uploads\/2017\/04\/cropped-1jojlxEOMkX9Wyqfhe43D6kjPOGqBBKmx3EwWJqZ0cMrFF54yM49.png","contentUrl":"https:\/\/guineediversite.com\/wp-content\/uploads\/2017\/04\/cropped-1jojlxEOMkX9Wyqfhe43D6kjPOGqBBKmx3EwWJqZ0cMrFF54yM49.png","width":186,"height":112,"caption":"Guin\u00e9e Diversit\u00e9"},"image":{"@id":"https:\/\/guineediversite.com\/#\/schema\/logo\/image\/"},"sameAs":["https:\/\/www.facebook.com\/guineediversite\/","https:\/\/x.com\/GuineeDiversite","https:\/\/www.youtube.com\/channel\/UC8sUY16qelG5ge6_D5SB83g"]},{"@type":"Person","@id":"https:\/\/guineediversite.com\/#\/schema\/person\/afa08fb34e7fc6e1feafc892612bc836","name":"Guin\u00e9e Diversit\u00e9","image":{"@type":"ImageObject","inLanguage":"fr-FR","@id":"https:\/\/guineediversite.com\/#\/schema\/person\/image\/","url":"https:\/\/secure.gravatar.com\/avatar\/50d5eb5b390f8b65ac30ac6f898eb83a?s=96&d=mm&r=g","contentUrl":"https:\/\/secure.gravatar.com\/avatar\/50d5eb5b390f8b65ac30ac6f898eb83a?s=96&d=mm&r=g","caption":"Guin\u00e9e Diversit\u00e9"},"url":"https:\/\/guineediversite.com\/index.php\/author\/guineediversite\/"}]}},"_links":{"self":[{"href":"https:\/\/guineediversite.com\/index.php\/wp-json\/wp\/v2\/posts\/30339"}],"collection":[{"href":"https:\/\/guineediversite.com\/index.php\/wp-json\/wp\/v2\/posts"}],"about":[{"href":"https:\/\/guineediversite.com\/index.php\/wp-json\/wp\/v2\/types\/post"}],"author":[{"embeddable":true,"href":"https:\/\/guineediversite.com\/index.php\/wp-json\/wp\/v2\/users\/12"}],"replies":[{"embeddable":true,"href":"https:\/\/guineediversite.com\/index.php\/wp-json\/wp\/v2\/comments?post=30339"}],"version-history":[{"count":1,"href":"https:\/\/guineediversite.com\/index.php\/wp-json\/wp\/v2\/posts\/30339\/revisions"}],"predecessor-version":[{"id":30341,"href":"https:\/\/guineediversite.com\/index.php\/wp-json\/wp\/v2\/posts\/30339\/revisions\/30341"}],"wp:featuredmedia":[{"embeddable":true,"href":"https:\/\/guineediversite.com\/index.php\/wp-json\/wp\/v2\/media\/30340"}],"wp:attachment":[{"href":"https:\/\/guineediversite.com\/index.php\/wp-json\/wp\/v2\/media?parent=30339"}],"wp:term":[{"taxonomy":"category","embeddable":true,"href":"https:\/\/guineediversite.com\/index.php\/wp-json\/wp\/v2\/categories?post=30339"},{"taxonomy":"post_tag","embeddable":true,"href":"https:\/\/guineediversite.com\/index.php\/wp-json\/wp\/v2\/tags?post=30339"}],"curies":[{"name":"wp","href":"https:\/\/api.w.org\/{rel}","templated":true}]}}