{"id":30336,"date":"2020-08-23T09:51:26","date_gmt":"2020-08-23T07:51:26","guid":{"rendered":"https:\/\/guineediversite.com\/?p=30336"},"modified":"2020-08-23T09:51:26","modified_gmt":"2020-08-23T07:51:26","slug":"mali-la-delegation-de-la-cedeao-a-rencontre-la-junte-et-ibk","status":"publish","type":"post","link":"https:\/\/guineediversite.com\/index.php\/2020\/08\/23\/mali-la-delegation-de-la-cedeao-a-rencontre-la-junte-et-ibk\/","title":{"rendered":"Mali: la d\u00e9l\u00e9gation de la C\u00e9d\u00e9ao a rencontr\u00e9 la junte et IBK"},"content":{"rendered":"<p>La capitale malienne accueille une nouvelle mission de la C\u00e9d\u00e9ao, apr\u00e8s la d\u00e9mission forc\u00e9e du pr\u00e9sident Ibrahim Boubacar Ke\u00efta, chass\u00e9 du pouvoir, mardi 18 ao\u00fbt, par les militaires, et trois ans avant la fin de son second mandat.<\/p>\n<p>La d\u00e9l\u00e9gation de l\u2019organisation ouest-africaine est conduite par l\u2019ancien pr\u00e9sident nig\u00e9rian, Goodluck Jonathan. Il revient ainsi au Mali, apr\u00e8s l&rsquo;\u00e9chec de sa m\u00e9diation dans la fronde du M5 contre le pr\u00e9sident Ke\u00efta, avant l&rsquo;\u00e9viction du pouvoir de ce dernier.<\/p>\n<p>Cette d\u00e9l\u00e9gation de la C\u00e9d\u00e9ao a plusieurs rendez-vous, \u00e0 commencer par celui de ce samedi avec une d\u00e9l\u00e9gation de la junte, \u00e0 savoir les membres du Comit\u00e9 national pour le salut du peuple qui ont pris le pouvoir.<\/p>\n<p>Ensuite, en d\u00e9but de soir\u00e9e, la d\u00e9l\u00e9gation rend visite \u00e0 pr\u00e8s d\u2019une vingtaine de d\u00e9tenus. Parmi eux, le pr\u00e9sident Ibrahim Boubacar Ke\u00efta et son Premier ministre, Boubou Ciss\u00e9.<\/p>\n<p>Les discussions vont se poursuivre demain dimanche, notamment avec un entretien avec les membres de la Cour constitutionnelle du Mali. La junte, en effet, n\u2019a pas suspendu la Constitution malienne.<\/p>\n<p><strong>Contacts avec la junte<\/strong><\/p>\n<p>Le repr\u00e9sentant de la C\u00e9d\u00e9ao au Mali a d\u00e9j\u00e0 engag\u00e9 des contacts avec la junte et il aura peut-\u00eatre pr\u00e9par\u00e9 le terrain aux pourparlers que va conduire Goodluck Jonathan. La rencontre a eu effectivement lieu hier, vendredi, et d\u2019apr\u00e8s nos informations la junte confirme: la rencontre avec le repr\u00e9sentant de la C\u00e9d\u00e9ao \u00e0 Bamako, Hamidou Boly, s\u2019est bien pass\u00e9e. La junte accepte d\u2019accueillir \u00e0 bras ouverts la d\u00e9l\u00e9gation attendue.<\/p>\n<p>Par ailleurs, les militaires qui ont pris le pouvoir montrent quand m\u00eame des signes d\u2019ouverture. Ils comprennent les condamnations de principe et puis, dans la sous-r\u00e9gion, on commence \u00e0 dire qu\u2019il faut chercher une solution pacifique.<\/p>\n<p>Par exemple ce samedi matin, un diplomate nous confiait que des pays importants comme la C\u00f4te d\u2019Ivoire ont certes fermement condamn\u00e9 le coup d&rsquo;\u00c9tat\u00a0mais que le pr\u00e9sident Alassane Ouattara n\u2019est pas contre le Mali, n\u2019est pas contre les Maliens, et qu\u2019avec ses paires, il aidera \u00e0 faire ce qui est bien pour ce pays fr\u00e8re. Donc, tout le monde finalement semble souhaiter une solution pacifique.<\/p>\n<p><strong>RFI<\/strong><\/p>\n","protected":false},"excerpt":{"rendered":"<p>La capitale malienne accueille une nouvelle mission de la C\u00e9d\u00e9ao, apr\u00e8s la d\u00e9mission forc\u00e9e du pr\u00e9sident Ibrahim Boubacar Ke\u00efta, chass\u00e9 du pouvoir, mardi 18 ao\u00fbt, par les militaires, et trois ans avant la fin de son second mandat. La d\u00e9l\u00e9gation de l\u2019organisation ouest-africaine est conduite par l\u2019ancien pr\u00e9sident nig\u00e9rian, Goodluck Jonathan. Il revient ainsi au [&hellip;]<\/p>\n","protected":false},"author":12,"featured_media":30337,"comment_status":"closed","ping_status":"open","sticky":false,"template":"","format":"standard","meta":{"_exactmetrics_skip_tracking":false,"_exactmetrics_sitenote_active":false,"_exactmetrics_sitenote_note":"","_exactmetrics_sitenote_category":0,"tdm_status":"","tdm_grid_status":"","footnotes":""},"categories":[21],"tags":[],"class_list":{"0":"post-30336","1":"post","2":"type-post","3":"status-publish","4":"format-standard","5":"has-post-thumbnail","7":"category-international"},"yoast_head":"<!-- This site is optimized with the Yoast SEO plugin v24.2 - https:\/\/yoast.com\/wordpress\/plugins\/seo\/ -->\n<title>Mali: la d\u00e9l\u00e9gation de la C\u00e9d\u00e9ao a rencontr\u00e9 la junte et IBK | Guin\u00e9e Diversit\u00e9<\/title>\n<meta name=\"robots\" content=\"index, follow, max-snippet:-1, max-image-preview:large, max-video-preview:-1\" \/>\n<link rel=\"canonical\" href=\"https:\/\/guineediversite.com\/index.php\/2020\/08\/23\/mali-la-delegation-de-la-cedeao-a-rencontre-la-junte-et-ibk\/\" \/>\n<meta property=\"og:locale\" content=\"fr_FR\" \/>\n<meta property=\"og:type\" content=\"article\" \/>\n<meta property=\"og:title\" content=\"Mali: la d\u00e9l\u00e9gation de la C\u00e9d\u00e9ao a rencontr\u00e9 la junte et IBK | Guin\u00e9e Diversit\u00e9\" \/>\n<meta property=\"og:description\" content=\"La capitale malienne accueille une nouvelle mission de la C\u00e9d\u00e9ao, apr\u00e8s la d\u00e9mission forc\u00e9e du pr\u00e9sident Ibrahim Boubacar Ke\u00efta, chass\u00e9 du pouvoir, mardi 18 ao\u00fbt, par les militaires, et trois ans avant la fin de son second mandat. La d\u00e9l\u00e9gation de l\u2019organisation ouest-africaine est conduite par l\u2019ancien pr\u00e9sident nig\u00e9rian, Goodluck Jonathan. Il revient ainsi au [&hellip;]\" \/>\n<meta property=\"og:url\" content=\"https:\/\/guineediversite.com\/index.php\/2020\/08\/23\/mali-la-delegation-de-la-cedeao-a-rencontre-la-junte-et-ibk\/\" \/>\n<meta property=\"og:site_name\" content=\"Guin\u00e9e Diversit\u00e9\" \/>\n<meta property=\"article:publisher\" content=\"https:\/\/www.facebook.com\/guineediversite\/\" \/>\n<meta property=\"article:published_time\" content=\"2020-08-23T07:51:26+00:00\" \/>\n<meta property=\"og:image\" content=\"https:\/\/guineediversite.com\/wp-content\/uploads\/2020\/08\/Lex-pr\u00e9sident-nig\u00e9rian-Goodluck-Jonathan-\u00e0-son-arriv\u00e9e-\u00e0-la\u00e9roport-de-Bamako-le-samedi-22-ao\u00fbt..jpg\" \/>\n\t<meta property=\"og:image:width\" content=\"1500\" \/>\n\t<meta property=\"og:image:height\" content=\"998\" \/>\n\t<meta property=\"og:image:type\" content=\"image\/jpeg\" \/>\n<meta name=\"author\" content=\"Guin\u00e9e Diversit\u00e9\" \/>\n<meta name=\"twitter:card\" content=\"summary_large_image\" \/>\n<meta name=\"twitter:creator\" content=\"@GuineeDiversite\" \/>\n<meta name=\"twitter:site\" content=\"@GuineeDiversite\" \/>\n<meta name=\"twitter:label1\" content=\"\u00c9crit par\" \/>\n\t<meta name=\"twitter:data1\" content=\"Guin\u00e9e Diversit\u00e9\" \/>\n\t<meta name=\"twitter:label2\" content=\"Dur\u00e9e de lecture estim\u00e9e\" \/>\n\t<meta name=\"twitter:data2\" content=\"2 minutes\" \/>\n<script type=\"application\/ld+json\" class=\"yoast-schema-graph\">{\"@context\":\"https:\/\/schema.org\",\"@graph\":[{\"@type\":\"Article\",\"@id\":\"https:\/\/guineediversite.com\/index.php\/2020\/08\/23\/mali-la-delegation-de-la-cedeao-a-rencontre-la-junte-et-ibk\/#article\",\"isPartOf\":{\"@id\":\"https:\/\/guineediversite.com\/index.php\/2020\/08\/23\/mali-la-delegation-de-la-cedeao-a-rencontre-la-junte-et-ibk\/\"},\"author\":{\"name\":\"Guin\u00e9e Diversit\u00e9\",\"@id\":\"https:\/\/guineediversite.com\/#\/schema\/person\/afa08fb34e7fc6e1feafc892612bc836\"},\"headline\":\"Mali: la d\u00e9l\u00e9gation de la C\u00e9d\u00e9ao a rencontr\u00e9 la junte et IBK\",\"datePublished\":\"2020-08-23T07:51:26+00:00\",\"dateModified\":\"2020-08-23T07:51:26+00:00\",\"mainEntityOfPage\":{\"@id\":\"https:\/\/guineediversite.com\/index.php\/2020\/08\/23\/mali-la-delegation-de-la-cedeao-a-rencontre-la-junte-et-ibk\/\"},\"wordCount\":421,\"publisher\":{\"@id\":\"https:\/\/guineediversite.com\/#organization\"},\"image\":{\"@id\":\"https:\/\/guineediversite.com\/index.php\/2020\/08\/23\/mali-la-delegation-de-la-cedeao-a-rencontre-la-junte-et-ibk\/#primaryimage\"},\"thumbnailUrl\":\"https:\/\/guineediversite.com\/wp-content\/uploads\/2020\/08\/Lex-pr\u00e9sident-nig\u00e9rian-Goodluck-Jonathan-\u00e0-son-arriv\u00e9e-\u00e0-la\u00e9roport-de-Bamako-le-samedi-22-ao\u00fbt..jpg\",\"articleSection\":[\"International\"],\"inLanguage\":\"fr-FR\"},{\"@type\":\"WebPage\",\"@id\":\"https:\/\/guineediversite.com\/index.php\/2020\/08\/23\/mali-la-delegation-de-la-cedeao-a-rencontre-la-junte-et-ibk\/\",\"url\":\"https:\/\/guineediversite.com\/index.php\/2020\/08\/23\/mali-la-delegation-de-la-cedeao-a-rencontre-la-junte-et-ibk\/\",\"name\":\"Mali: la d\u00e9l\u00e9gation de la C\u00e9d\u00e9ao a rencontr\u00e9 la junte et IBK | Guin\u00e9e Diversit\u00e9\",\"isPartOf\":{\"@id\":\"https:\/\/guineediversite.com\/#website\"},\"primaryImageOfPage\":{\"@id\":\"https:\/\/guineediversite.com\/index.php\/2020\/08\/23\/mali-la-delegation-de-la-cedeao-a-rencontre-la-junte-et-ibk\/#primaryimage\"},\"image\":{\"@id\":\"https:\/\/guineediversite.com\/index.php\/2020\/08\/23\/mali-la-delegation-de-la-cedeao-a-rencontre-la-junte-et-ibk\/#primaryimage\"},\"thumbnailUrl\":\"https:\/\/guineediversite.com\/wp-content\/uploads\/2020\/08\/Lex-pr\u00e9sident-nig\u00e9rian-Goodluck-Jonathan-\u00e0-son-arriv\u00e9e-\u00e0-la\u00e9roport-de-Bamako-le-samedi-22-ao\u00fbt..jpg\",\"datePublished\":\"2020-08-23T07:51:26+00:00\",\"dateModified\":\"2020-08-23T07:51:26+00:00\",\"breadcrumb\":{\"@id\":\"https:\/\/guineediversite.com\/index.php\/2020\/08\/23\/mali-la-delegation-de-la-cedeao-a-rencontre-la-junte-et-ibk\/#breadcrumb\"},\"inLanguage\":\"fr-FR\",\"potentialAction\":[{\"@type\":\"ReadAction\",\"target\":[\"https:\/\/guineediversite.com\/index.php\/2020\/08\/23\/mali-la-delegation-de-la-cedeao-a-rencontre-la-junte-et-ibk\/\"]}]},{\"@type\":\"ImageObject\",\"inLanguage\":\"fr-FR\",\"@id\":\"https:\/\/guineediversite.com\/index.php\/2020\/08\/23\/mali-la-delegation-de-la-cedeao-a-rencontre-la-junte-et-ibk\/#primaryimage\",\"url\":\"https:\/\/guineediversite.com\/wp-content\/uploads\/2020\/08\/Lex-pr\u00e9sident-nig\u00e9rian-Goodluck-Jonathan-\u00e0-son-arriv\u00e9e-\u00e0-la\u00e9roport-de-Bamako-le-samedi-22-ao\u00fbt..jpg\",\"contentUrl\":\"https:\/\/guineediversite.com\/wp-content\/uploads\/2020\/08\/Lex-pr\u00e9sident-nig\u00e9rian-Goodluck-Jonathan-\u00e0-son-arriv\u00e9e-\u00e0-la\u00e9roport-de-Bamako-le-samedi-22-ao\u00fbt..jpg\",\"width\":1500,\"height\":998},{\"@type\":\"BreadcrumbList\",\"@id\":\"https:\/\/guineediversite.com\/index.php\/2020\/08\/23\/mali-la-delegation-de-la-cedeao-a-rencontre-la-junte-et-ibk\/#breadcrumb\",\"itemListElement\":[{\"@type\":\"ListItem\",\"position\":1,\"name\":\"Accueil\",\"item\":\"https:\/\/guineediversite.com\/\"},{\"@type\":\"ListItem\",\"position\":2,\"name\":\"Mali: la d\u00e9l\u00e9gation de la C\u00e9d\u00e9ao a rencontr\u00e9 la junte et IBK\"}]},{\"@type\":\"WebSite\",\"@id\":\"https:\/\/guineediversite.com\/#website\",\"url\":\"https:\/\/guineediversite.com\/\",\"name\":\"Guin\u00e9e Diversit\u00e9\",\"description\":\"L&#039;Info dans toute sa diversit\u00e9\",\"publisher\":{\"@id\":\"https:\/\/guineediversite.com\/#organization\"},\"potentialAction\":[{\"@type\":\"SearchAction\",\"target\":{\"@type\":\"EntryPoint\",\"urlTemplate\":\"https:\/\/guineediversite.com\/?s={search_term_string}\"},\"query-input\":{\"@type\":\"PropertyValueSpecification\",\"valueRequired\":true,\"valueName\":\"search_term_string\"}}],\"inLanguage\":\"fr-FR\"},{\"@type\":\"Organization\",\"@id\":\"https:\/\/guineediversite.com\/#organization\",\"name\":\"Guin\u00e9e Diversit\u00e9\",\"url\":\"https:\/\/guineediversite.com\/\",\"logo\":{\"@type\":\"ImageObject\",\"inLanguage\":\"fr-FR\",\"@id\":\"https:\/\/guineediversite.com\/#\/schema\/logo\/image\/\",\"url\":\"https:\/\/guineediversite.com\/wp-content\/uploads\/2017\/04\/cropped-1jojlxEOMkX9Wyqfhe43D6kjPOGqBBKmx3EwWJqZ0cMrFF54yM49.png\",\"contentUrl\":\"https:\/\/guineediversite.com\/wp-content\/uploads\/2017\/04\/cropped-1jojlxEOMkX9Wyqfhe43D6kjPOGqBBKmx3EwWJqZ0cMrFF54yM49.png\",\"width\":186,\"height\":112,\"caption\":\"Guin\u00e9e Diversit\u00e9\"},\"image\":{\"@id\":\"https:\/\/guineediversite.com\/#\/schema\/logo\/image\/\"},\"sameAs\":[\"https:\/\/www.facebook.com\/guineediversite\/\",\"https:\/\/x.com\/GuineeDiversite\",\"https:\/\/www.youtube.com\/channel\/UC8sUY16qelG5ge6_D5SB83g\"]},{\"@type\":\"Person\",\"@id\":\"https:\/\/guineediversite.com\/#\/schema\/person\/afa08fb34e7fc6e1feafc892612bc836\",\"name\":\"Guin\u00e9e Diversit\u00e9\",\"image\":{\"@type\":\"ImageObject\",\"inLanguage\":\"fr-FR\",\"@id\":\"https:\/\/guineediversite.com\/#\/schema\/person\/image\/\",\"url\":\"https:\/\/secure.gravatar.com\/avatar\/50d5eb5b390f8b65ac30ac6f898eb83a?s=96&d=mm&r=g\",\"contentUrl\":\"https:\/\/secure.gravatar.com\/avatar\/50d5eb5b390f8b65ac30ac6f898eb83a?s=96&d=mm&r=g\",\"caption\":\"Guin\u00e9e Diversit\u00e9\"},\"url\":\"https:\/\/guineediversite.com\/index.php\/author\/guineediversite\/\"}]}<\/script>\n<!-- \/ Yoast SEO plugin. -->","yoast_head_json":{"title":"Mali: la d\u00e9l\u00e9gation de la C\u00e9d\u00e9ao a rencontr\u00e9 la junte et IBK | Guin\u00e9e Diversit\u00e9","robots":{"index":"index","follow":"follow","max-snippet":"max-snippet:-1","max-image-preview":"max-image-preview:large","max-video-preview":"max-video-preview:-1"},"canonical":"https:\/\/guineediversite.com\/index.php\/2020\/08\/23\/mali-la-delegation-de-la-cedeao-a-rencontre-la-junte-et-ibk\/","og_locale":"fr_FR","og_type":"article","og_title":"Mali: la d\u00e9l\u00e9gation de la C\u00e9d\u00e9ao a rencontr\u00e9 la junte et IBK | Guin\u00e9e Diversit\u00e9","og_description":"La capitale malienne accueille une nouvelle mission de la C\u00e9d\u00e9ao, apr\u00e8s la d\u00e9mission forc\u00e9e du pr\u00e9sident Ibrahim Boubacar Ke\u00efta, chass\u00e9 du pouvoir, mardi 18 ao\u00fbt, par les militaires, et trois ans avant la fin de son second mandat. La d\u00e9l\u00e9gation de l\u2019organisation ouest-africaine est conduite par l\u2019ancien pr\u00e9sident nig\u00e9rian, Goodluck Jonathan. Il revient ainsi au [&hellip;]","og_url":"https:\/\/guineediversite.com\/index.php\/2020\/08\/23\/mali-la-delegation-de-la-cedeao-a-rencontre-la-junte-et-ibk\/","og_site_name":"Guin\u00e9e Diversit\u00e9","article_publisher":"https:\/\/www.facebook.com\/guineediversite\/","article_published_time":"2020-08-23T07:51:26+00:00","og_image":[{"width":1500,"height":998,"url":"https:\/\/guineediversite.com\/wp-content\/uploads\/2020\/08\/Lex-pr\u00e9sident-nig\u00e9rian-Goodluck-Jonathan-\u00e0-son-arriv\u00e9e-\u00e0-la\u00e9roport-de-Bamako-le-samedi-22-ao\u00fbt..jpg","type":"image\/jpeg"}],"author":"Guin\u00e9e Diversit\u00e9","twitter_card":"summary_large_image","twitter_creator":"@GuineeDiversite","twitter_site":"@GuineeDiversite","twitter_misc":{"\u00c9crit par":"Guin\u00e9e Diversit\u00e9","Dur\u00e9e de lecture estim\u00e9e":"2 minutes"},"schema":{"@context":"https:\/\/schema.org","@graph":[{"@type":"Article","@id":"https:\/\/guineediversite.com\/index.php\/2020\/08\/23\/mali-la-delegation-de-la-cedeao-a-rencontre-la-junte-et-ibk\/#article","isPartOf":{"@id":"https:\/\/guineediversite.com\/index.php\/2020\/08\/23\/mali-la-delegation-de-la-cedeao-a-rencontre-la-junte-et-ibk\/"},"author":{"name":"Guin\u00e9e Diversit\u00e9","@id":"https:\/\/guineediversite.com\/#\/schema\/person\/afa08fb34e7fc6e1feafc892612bc836"},"headline":"Mali: la d\u00e9l\u00e9gation de la C\u00e9d\u00e9ao a rencontr\u00e9 la junte et IBK","datePublished":"2020-08-23T07:51:26+00:00","dateModified":"2020-08-23T07:51:26+00:00","mainEntityOfPage":{"@id":"https:\/\/guineediversite.com\/index.php\/2020\/08\/23\/mali-la-delegation-de-la-cedeao-a-rencontre-la-junte-et-ibk\/"},"wordCount":421,"publisher":{"@id":"https:\/\/guineediversite.com\/#organization"},"image":{"@id":"https:\/\/guineediversite.com\/index.php\/2020\/08\/23\/mali-la-delegation-de-la-cedeao-a-rencontre-la-junte-et-ibk\/#primaryimage"},"thumbnailUrl":"https:\/\/guineediversite.com\/wp-content\/uploads\/2020\/08\/Lex-pr\u00e9sident-nig\u00e9rian-Goodluck-Jonathan-\u00e0-son-arriv\u00e9e-\u00e0-la\u00e9roport-de-Bamako-le-samedi-22-ao\u00fbt..jpg","articleSection":["International"],"inLanguage":"fr-FR"},{"@type":"WebPage","@id":"https:\/\/guineediversite.com\/index.php\/2020\/08\/23\/mali-la-delegation-de-la-cedeao-a-rencontre-la-junte-et-ibk\/","url":"https:\/\/guineediversite.com\/index.php\/2020\/08\/23\/mali-la-delegation-de-la-cedeao-a-rencontre-la-junte-et-ibk\/","name":"Mali: la d\u00e9l\u00e9gation de la C\u00e9d\u00e9ao a rencontr\u00e9 la junte et IBK | Guin\u00e9e Diversit\u00e9","isPartOf":{"@id":"https:\/\/guineediversite.com\/#website"},"primaryImageOfPage":{"@id":"https:\/\/guineediversite.com\/index.php\/2020\/08\/23\/mali-la-delegation-de-la-cedeao-a-rencontre-la-junte-et-ibk\/#primaryimage"},"image":{"@id":"https:\/\/guineediversite.com\/index.php\/2020\/08\/23\/mali-la-delegation-de-la-cedeao-a-rencontre-la-junte-et-ibk\/#primaryimage"},"thumbnailUrl":"https:\/\/guineediversite.com\/wp-content\/uploads\/2020\/08\/Lex-pr\u00e9sident-nig\u00e9rian-Goodluck-Jonathan-\u00e0-son-arriv\u00e9e-\u00e0-la\u00e9roport-de-Bamako-le-samedi-22-ao\u00fbt..jpg","datePublished":"2020-08-23T07:51:26+00:00","dateModified":"2020-08-23T07:51:26+00:00","breadcrumb":{"@id":"https:\/\/guineediversite.com\/index.php\/2020\/08\/23\/mali-la-delegation-de-la-cedeao-a-rencontre-la-junte-et-ibk\/#breadcrumb"},"inLanguage":"fr-FR","potentialAction":[{"@type":"ReadAction","target":["https:\/\/guineediversite.com\/index.php\/2020\/08\/23\/mali-la-delegation-de-la-cedeao-a-rencontre-la-junte-et-ibk\/"]}]},{"@type":"ImageObject","inLanguage":"fr-FR","@id":"https:\/\/guineediversite.com\/index.php\/2020\/08\/23\/mali-la-delegation-de-la-cedeao-a-rencontre-la-junte-et-ibk\/#primaryimage","url":"https:\/\/guineediversite.com\/wp-content\/uploads\/2020\/08\/Lex-pr\u00e9sident-nig\u00e9rian-Goodluck-Jonathan-\u00e0-son-arriv\u00e9e-\u00e0-la\u00e9roport-de-Bamako-le-samedi-22-ao\u00fbt..jpg","contentUrl":"https:\/\/guineediversite.com\/wp-content\/uploads\/2020\/08\/Lex-pr\u00e9sident-nig\u00e9rian-Goodluck-Jonathan-\u00e0-son-arriv\u00e9e-\u00e0-la\u00e9roport-de-Bamako-le-samedi-22-ao\u00fbt..jpg","width":1500,"height":998},{"@type":"BreadcrumbList","@id":"https:\/\/guineediversite.com\/index.php\/2020\/08\/23\/mali-la-delegation-de-la-cedeao-a-rencontre-la-junte-et-ibk\/#breadcrumb","itemListElement":[{"@type":"ListItem","position":1,"name":"Accueil","item":"https:\/\/guineediversite.com\/"},{"@type":"ListItem","position":2,"name":"Mali: la d\u00e9l\u00e9gation de la C\u00e9d\u00e9ao a rencontr\u00e9 la junte et IBK"}]},{"@type":"WebSite","@id":"https:\/\/guineediversite.com\/#website","url":"https:\/\/guineediversite.com\/","name":"Guin\u00e9e Diversit\u00e9","description":"L&#039;Info dans toute sa diversit\u00e9","publisher":{"@id":"https:\/\/guineediversite.com\/#organization"},"potentialAction":[{"@type":"SearchAction","target":{"@type":"EntryPoint","urlTemplate":"https:\/\/guineediversite.com\/?s={search_term_string}"},"query-input":{"@type":"PropertyValueSpecification","valueRequired":true,"valueName":"search_term_string"}}],"inLanguage":"fr-FR"},{"@type":"Organization","@id":"https:\/\/guineediversite.com\/#organization","name":"Guin\u00e9e Diversit\u00e9","url":"https:\/\/guineediversite.com\/","logo":{"@type":"ImageObject","inLanguage":"fr-FR","@id":"https:\/\/guineediversite.com\/#\/schema\/logo\/image\/","url":"https:\/\/guineediversite.com\/wp-content\/uploads\/2017\/04\/cropped-1jojlxEOMkX9Wyqfhe43D6kjPOGqBBKmx3EwWJqZ0cMrFF54yM49.png","contentUrl":"https:\/\/guineediversite.com\/wp-content\/uploads\/2017\/04\/cropped-1jojlxEOMkX9Wyqfhe43D6kjPOGqBBKmx3EwWJqZ0cMrFF54yM49.png","width":186,"height":112,"caption":"Guin\u00e9e Diversit\u00e9"},"image":{"@id":"https:\/\/guineediversite.com\/#\/schema\/logo\/image\/"},"sameAs":["https:\/\/www.facebook.com\/guineediversite\/","https:\/\/x.com\/GuineeDiversite","https:\/\/www.youtube.com\/channel\/UC8sUY16qelG5ge6_D5SB83g"]},{"@type":"Person","@id":"https:\/\/guineediversite.com\/#\/schema\/person\/afa08fb34e7fc6e1feafc892612bc836","name":"Guin\u00e9e Diversit\u00e9","image":{"@type":"ImageObject","inLanguage":"fr-FR","@id":"https:\/\/guineediversite.com\/#\/schema\/person\/image\/","url":"https:\/\/secure.gravatar.com\/avatar\/50d5eb5b390f8b65ac30ac6f898eb83a?s=96&d=mm&r=g","contentUrl":"https:\/\/secure.gravatar.com\/avatar\/50d5eb5b390f8b65ac30ac6f898eb83a?s=96&d=mm&r=g","caption":"Guin\u00e9e Diversit\u00e9"},"url":"https:\/\/guineediversite.com\/index.php\/author\/guineediversite\/"}]}},"_links":{"self":[{"href":"https:\/\/guineediversite.com\/index.php\/wp-json\/wp\/v2\/posts\/30336"}],"collection":[{"href":"https:\/\/guineediversite.com\/index.php\/wp-json\/wp\/v2\/posts"}],"about":[{"href":"https:\/\/guineediversite.com\/index.php\/wp-json\/wp\/v2\/types\/post"}],"author":[{"embeddable":true,"href":"https:\/\/guineediversite.com\/index.php\/wp-json\/wp\/v2\/users\/12"}],"replies":[{"embeddable":true,"href":"https:\/\/guineediversite.com\/index.php\/wp-json\/wp\/v2\/comments?post=30336"}],"version-history":[{"count":1,"href":"https:\/\/guineediversite.com\/index.php\/wp-json\/wp\/v2\/posts\/30336\/revisions"}],"predecessor-version":[{"id":30338,"href":"https:\/\/guineediversite.com\/index.php\/wp-json\/wp\/v2\/posts\/30336\/revisions\/30338"}],"wp:featuredmedia":[{"embeddable":true,"href":"https:\/\/guineediversite.com\/index.php\/wp-json\/wp\/v2\/media\/30337"}],"wp:attachment":[{"href":"https:\/\/guineediversite.com\/index.php\/wp-json\/wp\/v2\/media?parent=30336"}],"wp:term":[{"taxonomy":"category","embeddable":true,"href":"https:\/\/guineediversite.com\/index.php\/wp-json\/wp\/v2\/categories?post=30336"},{"taxonomy":"post_tag","embeddable":true,"href":"https:\/\/guineediversite.com\/index.php\/wp-json\/wp\/v2\/tags?post=30336"}],"curies":[{"name":"wp","href":"https:\/\/api.w.org\/{rel}","templated":true}]}}