{"id":30330,"date":"2020-08-21T18:11:14","date_gmt":"2020-08-21T16:11:14","guid":{"rendered":"https:\/\/guineediversite.com\/?p=30330"},"modified":"2020-08-21T18:11:14","modified_gmt":"2020-08-21T16:11:14","slug":"rassemblement-du-m5-a-bamako-pour-feter-la-victoire-du-peuple-malien","status":"publish","type":"post","link":"https:\/\/guineediversite.com\/index.php\/2020\/08\/21\/rassemblement-du-m5-a-bamako-pour-feter-la-victoire-du-peuple-malien\/","title":{"rendered":"Rassemblement du M5 \u00e0 Bamako pour \u00abf\u00eater la victoire du peuple malien\u00bb"},"content":{"rendered":"<p><strong>Le M5 pris de court par le coup d&rsquo;\u00c9tat rassemble ses partisans place de l&rsquo;Ind\u00e9pendance \u00e0 Bamako pour \u00ab\u00a0f\u00eater la victoire du peuple malien\u00a0\u00bb. Sur cette m\u00eame place, le mouvement de protestation depuis juin, avait r\u00e9uni \u00e0 plusieurs reprises des dizaines de milliers de personnes contre le r\u00e9gime d\u2019Ibrahim Boubacar Ke\u00efta.<\/strong><\/p>\n<p>Sur la place de l\u2019Ind\u00e9pendance, \u00e0 midi la chanson \u00ab\u00a0<em>Vive l\u2019arm\u00e9e malienne<\/em>\u00a0\u00bb r\u00e9sonne d\u00e9j\u00e0 en fond, alors que la grande pri\u00e8re n\u2019est pas finie et que de nombreux manifestants sont toujours attendus, raconte notre correspondant \u00e0 Bamako,\u00a0<strong>Sory Ibrahim<\/strong>. Il y a quand m\u00eame quelques dizaines de personnes pr\u00e9sentes sur la place, devenue symbole de la contestation au r\u00e9gime d\u2019Ibrahim Boubacar Ke\u00efta. L\u2019opposition s\u2019y est d\u00e9j\u00e0 r\u00e9unie plusieurs fois depuis le d\u00e9but de la grogne contre IBK. Parmi les personnes pr\u00e9sentes, des membres du M5 &#8211; RFP qui a organis\u00e9 le mouvement pendant plusieurs mois.<\/p>\n<p><strong>Des slogans pro-arm\u00e9e<\/strong><\/p>\n<p>Les installations sont d\u00e9j\u00e0 termin\u00e9es, la sonorisation notamment pour f\u00eater la victoire du peuple. La tribune pour les leaders du mouvement est en place et les banderoles sont d\u00e9j\u00e0 attach\u00e9es un peu partout. On peut y lire \u00ab\u00a0<em>Soutien aux forces arm\u00e9es maliennes<\/em>\u00a0\u00bb. \u00ab\u00a0<em>Nous sommes avec les Fama<\/em>\u00a0[Forces arm\u00e9es maliennes ndlr]\u00a0\u00bb ou \u00ab\u00a0<em>Lib\u00e9rez\u00a0<strong><a href=\"https:\/\/www.rfi.fr\/fr\/afrique\/20200703-mali-rassemblement-enlevement-soumaila-cisse-100-jours\">Soumaila Ciss\u00e9<\/a><\/strong><\/em>\u00a0\u00bb, cet opposant enlev\u00e9 depuis le 25 mars dernier et dont nous sommes toujours sans nouvelles.<\/p>\n<p>Parmi les Maliens d\u00e9j\u00e0 pr\u00e9sents beaucoup ont r\u00e9agi par rapport aux sanctions de la C\u00e9d\u00e9ao qui p\u00e8sent actuellement sur le Mali, alors qu\u2019une d\u00e9l\u00e9gation est attendue\u00a0dans la capitale malienne samedi avec l\u2019ancien pr\u00e9sident du Nigeria \u00e0 sa t\u00eate, Goodluck Jonathan. Beaucoup ne redoutent pas les sanctions de la C\u00e9d\u00e9ao car selon eux, le r\u00e9gime IBK a permis \u00ab\u00a0<em>d\u2019endurcir leur carapace<\/em>\u00a0\u00bb sur le plan \u00e9conomique. Il y en a d\u2019autres par contre qui craignent que le Mali ne puisse pas supporter les sanctions de l\u2019organisation sous-r\u00e9gionale. Certains finalement pensent que ces sanctions vont affecter plus g\u00e9n\u00e9ralement la sous-r\u00e9gion.<\/p>\n<p><strong>La junte pr\u00e8s \u00e0 recevoir la C\u00e9d\u00e9ao<\/strong><\/p>\n<p>De son c\u00f4t\u00e9, la junte au pouvoir accepte de recevoir la d\u00e9l\u00e9gation de la C\u00e9d\u00e9ao, pr\u00e9cise notre correspondant \u00e0 Bamako,\u00a0<strong>Serge Daniel<\/strong>. Ce vendredi, pendant pr\u00e8s d\u2019une heure, le repr\u00e9sentant de la C\u00e9d\u00e9ao \u00e0 Bamako, le Dr. Hamidou Boly, a rencontr\u00e9 la junte qui est dispos\u00e9e \u00e0 \u00e9voquer les solutions de sortie\u00a0de crise avec\u00a0<strong><a href=\"https:\/\/www.rfi.fr\/fr\/afrique\/20200821-coup-d-%C3%A9tat-mali-quelques-divergences-%C3%A0-la-c%C3%A9d%C3%A9ao-durant-le-sommet-virtuel\">l\u2019institution sous-r\u00e9gionale<\/a><\/strong>.<\/p>\n","protected":false},"excerpt":{"rendered":"<p>Le M5 pris de court par le coup d&rsquo;\u00c9tat rassemble ses partisans place de l&rsquo;Ind\u00e9pendance \u00e0 Bamako pour \u00ab\u00a0f\u00eater la victoire du peuple malien\u00a0\u00bb. Sur cette m\u00eame place, le mouvement de protestation depuis juin, avait r\u00e9uni \u00e0 plusieurs reprises des dizaines de milliers de personnes contre le r\u00e9gime d\u2019Ibrahim Boubacar Ke\u00efta. Sur la place de [&hellip;]<\/p>\n","protected":false},"author":12,"featured_media":30331,"comment_status":"closed","ping_status":"open","sticky":false,"template":"","format":"standard","meta":{"_exactmetrics_skip_tracking":false,"_exactmetrics_sitenote_active":false,"_exactmetrics_sitenote_note":"","_exactmetrics_sitenote_category":0,"tdm_status":"","tdm_grid_status":"","footnotes":""},"categories":[21],"tags":[],"class_list":{"0":"post-30330","1":"post","2":"type-post","3":"status-publish","4":"format-standard","5":"has-post-thumbnail","7":"category-international"},"yoast_head":"<!-- This site is optimized with the Yoast SEO plugin v24.2 - https:\/\/yoast.com\/wordpress\/plugins\/seo\/ -->\n<title>Rassemblement du M5 \u00e0 Bamako pour \u00abf\u00eater la victoire du peuple malien\u00bb | Guin\u00e9e Diversit\u00e9<\/title>\n<meta name=\"robots\" content=\"index, follow, max-snippet:-1, max-image-preview:large, max-video-preview:-1\" \/>\n<link rel=\"canonical\" href=\"https:\/\/guineediversite.com\/index.php\/2020\/08\/21\/rassemblement-du-m5-a-bamako-pour-feter-la-victoire-du-peuple-malien\/\" \/>\n<meta property=\"og:locale\" content=\"fr_FR\" \/>\n<meta property=\"og:type\" content=\"article\" \/>\n<meta property=\"og:title\" content=\"Rassemblement du M5 \u00e0 Bamako pour \u00abf\u00eater la victoire du peuple malien\u00bb | Guin\u00e9e Diversit\u00e9\" \/>\n<meta property=\"og:description\" content=\"Le M5 pris de court par le coup d&rsquo;\u00c9tat rassemble ses partisans place de l&rsquo;Ind\u00e9pendance \u00e0 Bamako pour \u00ab\u00a0f\u00eater la victoire du peuple malien\u00a0\u00bb. Sur cette m\u00eame place, le mouvement de protestation depuis juin, avait r\u00e9uni \u00e0 plusieurs reprises des dizaines de milliers de personnes contre le r\u00e9gime d\u2019Ibrahim Boubacar Ke\u00efta. Sur la place de [&hellip;]\" \/>\n<meta property=\"og:url\" content=\"https:\/\/guineediversite.com\/index.php\/2020\/08\/21\/rassemblement-du-m5-a-bamako-pour-feter-la-victoire-du-peuple-malien\/\" \/>\n<meta property=\"og:site_name\" content=\"Guin\u00e9e Diversit\u00e9\" \/>\n<meta property=\"article:publisher\" content=\"https:\/\/www.facebook.com\/guineediversite\/\" \/>\n<meta property=\"article:published_time\" content=\"2020-08-21T16:11:14+00:00\" \/>\n<meta property=\"og:image\" content=\"https:\/\/guineediversite.com\/wp-content\/uploads\/2020\/08\/Rassemblement-sur-la-Place-de-lInd\u00e9pendance-\u00e0-Bamako-le-19-ao\u00fbt-2020-image-dillustration..jpg\" \/>\n\t<meta property=\"og:image:width\" content=\"1800\" \/>\n\t<meta property=\"og:image:height\" content=\"1008\" \/>\n\t<meta property=\"og:image:type\" content=\"image\/jpeg\" \/>\n<meta name=\"author\" content=\"Guin\u00e9e Diversit\u00e9\" \/>\n<meta name=\"twitter:card\" content=\"summary_large_image\" \/>\n<meta name=\"twitter:creator\" content=\"@GuineeDiversite\" \/>\n<meta name=\"twitter:site\" content=\"@GuineeDiversite\" \/>\n<meta name=\"twitter:label1\" content=\"\u00c9crit par\" \/>\n\t<meta name=\"twitter:data1\" content=\"Guin\u00e9e Diversit\u00e9\" \/>\n\t<meta name=\"twitter:label2\" content=\"Dur\u00e9e de lecture estim\u00e9e\" \/>\n\t<meta name=\"twitter:data2\" content=\"2 minutes\" \/>\n<script type=\"application\/ld+json\" class=\"yoast-schema-graph\">{\"@context\":\"https:\/\/schema.org\",\"@graph\":[{\"@type\":\"Article\",\"@id\":\"https:\/\/guineediversite.com\/index.php\/2020\/08\/21\/rassemblement-du-m5-a-bamako-pour-feter-la-victoire-du-peuple-malien\/#article\",\"isPartOf\":{\"@id\":\"https:\/\/guineediversite.com\/index.php\/2020\/08\/21\/rassemblement-du-m5-a-bamako-pour-feter-la-victoire-du-peuple-malien\/\"},\"author\":{\"name\":\"Guin\u00e9e Diversit\u00e9\",\"@id\":\"https:\/\/guineediversite.com\/#\/schema\/person\/afa08fb34e7fc6e1feafc892612bc836\"},\"headline\":\"Rassemblement du M5 \u00e0 Bamako pour \u00abf\u00eater la victoire du peuple malien\u00bb\",\"datePublished\":\"2020-08-21T16:11:14+00:00\",\"dateModified\":\"2020-08-21T16:11:14+00:00\",\"mainEntityOfPage\":{\"@id\":\"https:\/\/guineediversite.com\/index.php\/2020\/08\/21\/rassemblement-du-m5-a-bamako-pour-feter-la-victoire-du-peuple-malien\/\"},\"wordCount\":459,\"publisher\":{\"@id\":\"https:\/\/guineediversite.com\/#organization\"},\"image\":{\"@id\":\"https:\/\/guineediversite.com\/index.php\/2020\/08\/21\/rassemblement-du-m5-a-bamako-pour-feter-la-victoire-du-peuple-malien\/#primaryimage\"},\"thumbnailUrl\":\"https:\/\/guineediversite.com\/wp-content\/uploads\/2020\/08\/Rassemblement-sur-la-Place-de-lInd\u00e9pendance-\u00e0-Bamako-le-19-ao\u00fbt-2020-image-dillustration..jpg\",\"articleSection\":[\"International\"],\"inLanguage\":\"fr-FR\"},{\"@type\":\"WebPage\",\"@id\":\"https:\/\/guineediversite.com\/index.php\/2020\/08\/21\/rassemblement-du-m5-a-bamako-pour-feter-la-victoire-du-peuple-malien\/\",\"url\":\"https:\/\/guineediversite.com\/index.php\/2020\/08\/21\/rassemblement-du-m5-a-bamako-pour-feter-la-victoire-du-peuple-malien\/\",\"name\":\"Rassemblement du M5 \u00e0 Bamako pour \u00abf\u00eater la victoire du peuple malien\u00bb | Guin\u00e9e Diversit\u00e9\",\"isPartOf\":{\"@id\":\"https:\/\/guineediversite.com\/#website\"},\"primaryImageOfPage\":{\"@id\":\"https:\/\/guineediversite.com\/index.php\/2020\/08\/21\/rassemblement-du-m5-a-bamako-pour-feter-la-victoire-du-peuple-malien\/#primaryimage\"},\"image\":{\"@id\":\"https:\/\/guineediversite.com\/index.php\/2020\/08\/21\/rassemblement-du-m5-a-bamako-pour-feter-la-victoire-du-peuple-malien\/#primaryimage\"},\"thumbnailUrl\":\"https:\/\/guineediversite.com\/wp-content\/uploads\/2020\/08\/Rassemblement-sur-la-Place-de-lInd\u00e9pendance-\u00e0-Bamako-le-19-ao\u00fbt-2020-image-dillustration..jpg\",\"datePublished\":\"2020-08-21T16:11:14+00:00\",\"dateModified\":\"2020-08-21T16:11:14+00:00\",\"breadcrumb\":{\"@id\":\"https:\/\/guineediversite.com\/index.php\/2020\/08\/21\/rassemblement-du-m5-a-bamako-pour-feter-la-victoire-du-peuple-malien\/#breadcrumb\"},\"inLanguage\":\"fr-FR\",\"potentialAction\":[{\"@type\":\"ReadAction\",\"target\":[\"https:\/\/guineediversite.com\/index.php\/2020\/08\/21\/rassemblement-du-m5-a-bamako-pour-feter-la-victoire-du-peuple-malien\/\"]}]},{\"@type\":\"ImageObject\",\"inLanguage\":\"fr-FR\",\"@id\":\"https:\/\/guineediversite.com\/index.php\/2020\/08\/21\/rassemblement-du-m5-a-bamako-pour-feter-la-victoire-du-peuple-malien\/#primaryimage\",\"url\":\"https:\/\/guineediversite.com\/wp-content\/uploads\/2020\/08\/Rassemblement-sur-la-Place-de-lInd\u00e9pendance-\u00e0-Bamako-le-19-ao\u00fbt-2020-image-dillustration..jpg\",\"contentUrl\":\"https:\/\/guineediversite.com\/wp-content\/uploads\/2020\/08\/Rassemblement-sur-la-Place-de-lInd\u00e9pendance-\u00e0-Bamako-le-19-ao\u00fbt-2020-image-dillustration..jpg\",\"width\":1800,\"height\":1008},{\"@type\":\"BreadcrumbList\",\"@id\":\"https:\/\/guineediversite.com\/index.php\/2020\/08\/21\/rassemblement-du-m5-a-bamako-pour-feter-la-victoire-du-peuple-malien\/#breadcrumb\",\"itemListElement\":[{\"@type\":\"ListItem\",\"position\":1,\"name\":\"Accueil\",\"item\":\"https:\/\/guineediversite.com\/\"},{\"@type\":\"ListItem\",\"position\":2,\"name\":\"Rassemblement du M5 \u00e0 Bamako pour \u00abf\u00eater la victoire du peuple malien\u00bb\"}]},{\"@type\":\"WebSite\",\"@id\":\"https:\/\/guineediversite.com\/#website\",\"url\":\"https:\/\/guineediversite.com\/\",\"name\":\"Guin\u00e9e Diversit\u00e9\",\"description\":\"L&#039;Info dans toute sa diversit\u00e9\",\"publisher\":{\"@id\":\"https:\/\/guineediversite.com\/#organization\"},\"potentialAction\":[{\"@type\":\"SearchAction\",\"target\":{\"@type\":\"EntryPoint\",\"urlTemplate\":\"https:\/\/guineediversite.com\/?s={search_term_string}\"},\"query-input\":{\"@type\":\"PropertyValueSpecification\",\"valueRequired\":true,\"valueName\":\"search_term_string\"}}],\"inLanguage\":\"fr-FR\"},{\"@type\":\"Organization\",\"@id\":\"https:\/\/guineediversite.com\/#organization\",\"name\":\"Guin\u00e9e Diversit\u00e9\",\"url\":\"https:\/\/guineediversite.com\/\",\"logo\":{\"@type\":\"ImageObject\",\"inLanguage\":\"fr-FR\",\"@id\":\"https:\/\/guineediversite.com\/#\/schema\/logo\/image\/\",\"url\":\"https:\/\/guineediversite.com\/wp-content\/uploads\/2017\/04\/cropped-1jojlxEOMkX9Wyqfhe43D6kjPOGqBBKmx3EwWJqZ0cMrFF54yM49.png\",\"contentUrl\":\"https:\/\/guineediversite.com\/wp-content\/uploads\/2017\/04\/cropped-1jojlxEOMkX9Wyqfhe43D6kjPOGqBBKmx3EwWJqZ0cMrFF54yM49.png\",\"width\":186,\"height\":112,\"caption\":\"Guin\u00e9e Diversit\u00e9\"},\"image\":{\"@id\":\"https:\/\/guineediversite.com\/#\/schema\/logo\/image\/\"},\"sameAs\":[\"https:\/\/www.facebook.com\/guineediversite\/\",\"https:\/\/x.com\/GuineeDiversite\",\"https:\/\/www.youtube.com\/channel\/UC8sUY16qelG5ge6_D5SB83g\"]},{\"@type\":\"Person\",\"@id\":\"https:\/\/guineediversite.com\/#\/schema\/person\/afa08fb34e7fc6e1feafc892612bc836\",\"name\":\"Guin\u00e9e Diversit\u00e9\",\"image\":{\"@type\":\"ImageObject\",\"inLanguage\":\"fr-FR\",\"@id\":\"https:\/\/guineediversite.com\/#\/schema\/person\/image\/\",\"url\":\"https:\/\/secure.gravatar.com\/avatar\/50d5eb5b390f8b65ac30ac6f898eb83a?s=96&d=mm&r=g\",\"contentUrl\":\"https:\/\/secure.gravatar.com\/avatar\/50d5eb5b390f8b65ac30ac6f898eb83a?s=96&d=mm&r=g\",\"caption\":\"Guin\u00e9e Diversit\u00e9\"},\"url\":\"https:\/\/guineediversite.com\/index.php\/author\/guineediversite\/\"}]}<\/script>\n<!-- \/ Yoast SEO plugin. -->","yoast_head_json":{"title":"Rassemblement du M5 \u00e0 Bamako pour \u00abf\u00eater la victoire du peuple malien\u00bb | Guin\u00e9e Diversit\u00e9","robots":{"index":"index","follow":"follow","max-snippet":"max-snippet:-1","max-image-preview":"max-image-preview:large","max-video-preview":"max-video-preview:-1"},"canonical":"https:\/\/guineediversite.com\/index.php\/2020\/08\/21\/rassemblement-du-m5-a-bamako-pour-feter-la-victoire-du-peuple-malien\/","og_locale":"fr_FR","og_type":"article","og_title":"Rassemblement du M5 \u00e0 Bamako pour \u00abf\u00eater la victoire du peuple malien\u00bb | Guin\u00e9e Diversit\u00e9","og_description":"Le M5 pris de court par le coup d&rsquo;\u00c9tat rassemble ses partisans place de l&rsquo;Ind\u00e9pendance \u00e0 Bamako pour \u00ab\u00a0f\u00eater la victoire du peuple malien\u00a0\u00bb. Sur cette m\u00eame place, le mouvement de protestation depuis juin, avait r\u00e9uni \u00e0 plusieurs reprises des dizaines de milliers de personnes contre le r\u00e9gime d\u2019Ibrahim Boubacar Ke\u00efta. Sur la place de [&hellip;]","og_url":"https:\/\/guineediversite.com\/index.php\/2020\/08\/21\/rassemblement-du-m5-a-bamako-pour-feter-la-victoire-du-peuple-malien\/","og_site_name":"Guin\u00e9e Diversit\u00e9","article_publisher":"https:\/\/www.facebook.com\/guineediversite\/","article_published_time":"2020-08-21T16:11:14+00:00","og_image":[{"width":1800,"height":1008,"url":"https:\/\/guineediversite.com\/wp-content\/uploads\/2020\/08\/Rassemblement-sur-la-Place-de-lInd\u00e9pendance-\u00e0-Bamako-le-19-ao\u00fbt-2020-image-dillustration..jpg","type":"image\/jpeg"}],"author":"Guin\u00e9e Diversit\u00e9","twitter_card":"summary_large_image","twitter_creator":"@GuineeDiversite","twitter_site":"@GuineeDiversite","twitter_misc":{"\u00c9crit par":"Guin\u00e9e Diversit\u00e9","Dur\u00e9e de lecture estim\u00e9e":"2 minutes"},"schema":{"@context":"https:\/\/schema.org","@graph":[{"@type":"Article","@id":"https:\/\/guineediversite.com\/index.php\/2020\/08\/21\/rassemblement-du-m5-a-bamako-pour-feter-la-victoire-du-peuple-malien\/#article","isPartOf":{"@id":"https:\/\/guineediversite.com\/index.php\/2020\/08\/21\/rassemblement-du-m5-a-bamako-pour-feter-la-victoire-du-peuple-malien\/"},"author":{"name":"Guin\u00e9e Diversit\u00e9","@id":"https:\/\/guineediversite.com\/#\/schema\/person\/afa08fb34e7fc6e1feafc892612bc836"},"headline":"Rassemblement du M5 \u00e0 Bamako pour \u00abf\u00eater la victoire du peuple malien\u00bb","datePublished":"2020-08-21T16:11:14+00:00","dateModified":"2020-08-21T16:11:14+00:00","mainEntityOfPage":{"@id":"https:\/\/guineediversite.com\/index.php\/2020\/08\/21\/rassemblement-du-m5-a-bamako-pour-feter-la-victoire-du-peuple-malien\/"},"wordCount":459,"publisher":{"@id":"https:\/\/guineediversite.com\/#organization"},"image":{"@id":"https:\/\/guineediversite.com\/index.php\/2020\/08\/21\/rassemblement-du-m5-a-bamako-pour-feter-la-victoire-du-peuple-malien\/#primaryimage"},"thumbnailUrl":"https:\/\/guineediversite.com\/wp-content\/uploads\/2020\/08\/Rassemblement-sur-la-Place-de-lInd\u00e9pendance-\u00e0-Bamako-le-19-ao\u00fbt-2020-image-dillustration..jpg","articleSection":["International"],"inLanguage":"fr-FR"},{"@type":"WebPage","@id":"https:\/\/guineediversite.com\/index.php\/2020\/08\/21\/rassemblement-du-m5-a-bamako-pour-feter-la-victoire-du-peuple-malien\/","url":"https:\/\/guineediversite.com\/index.php\/2020\/08\/21\/rassemblement-du-m5-a-bamako-pour-feter-la-victoire-du-peuple-malien\/","name":"Rassemblement du M5 \u00e0 Bamako pour \u00abf\u00eater la victoire du peuple malien\u00bb | Guin\u00e9e Diversit\u00e9","isPartOf":{"@id":"https:\/\/guineediversite.com\/#website"},"primaryImageOfPage":{"@id":"https:\/\/guineediversite.com\/index.php\/2020\/08\/21\/rassemblement-du-m5-a-bamako-pour-feter-la-victoire-du-peuple-malien\/#primaryimage"},"image":{"@id":"https:\/\/guineediversite.com\/index.php\/2020\/08\/21\/rassemblement-du-m5-a-bamako-pour-feter-la-victoire-du-peuple-malien\/#primaryimage"},"thumbnailUrl":"https:\/\/guineediversite.com\/wp-content\/uploads\/2020\/08\/Rassemblement-sur-la-Place-de-lInd\u00e9pendance-\u00e0-Bamako-le-19-ao\u00fbt-2020-image-dillustration..jpg","datePublished":"2020-08-21T16:11:14+00:00","dateModified":"2020-08-21T16:11:14+00:00","breadcrumb":{"@id":"https:\/\/guineediversite.com\/index.php\/2020\/08\/21\/rassemblement-du-m5-a-bamako-pour-feter-la-victoire-du-peuple-malien\/#breadcrumb"},"inLanguage":"fr-FR","potentialAction":[{"@type":"ReadAction","target":["https:\/\/guineediversite.com\/index.php\/2020\/08\/21\/rassemblement-du-m5-a-bamako-pour-feter-la-victoire-du-peuple-malien\/"]}]},{"@type":"ImageObject","inLanguage":"fr-FR","@id":"https:\/\/guineediversite.com\/index.php\/2020\/08\/21\/rassemblement-du-m5-a-bamako-pour-feter-la-victoire-du-peuple-malien\/#primaryimage","url":"https:\/\/guineediversite.com\/wp-content\/uploads\/2020\/08\/Rassemblement-sur-la-Place-de-lInd\u00e9pendance-\u00e0-Bamako-le-19-ao\u00fbt-2020-image-dillustration..jpg","contentUrl":"https:\/\/guineediversite.com\/wp-content\/uploads\/2020\/08\/Rassemblement-sur-la-Place-de-lInd\u00e9pendance-\u00e0-Bamako-le-19-ao\u00fbt-2020-image-dillustration..jpg","width":1800,"height":1008},{"@type":"BreadcrumbList","@id":"https:\/\/guineediversite.com\/index.php\/2020\/08\/21\/rassemblement-du-m5-a-bamako-pour-feter-la-victoire-du-peuple-malien\/#breadcrumb","itemListElement":[{"@type":"ListItem","position":1,"name":"Accueil","item":"https:\/\/guineediversite.com\/"},{"@type":"ListItem","position":2,"name":"Rassemblement du M5 \u00e0 Bamako pour \u00abf\u00eater la victoire du peuple malien\u00bb"}]},{"@type":"WebSite","@id":"https:\/\/guineediversite.com\/#website","url":"https:\/\/guineediversite.com\/","name":"Guin\u00e9e Diversit\u00e9","description":"L&#039;Info dans toute sa diversit\u00e9","publisher":{"@id":"https:\/\/guineediversite.com\/#organization"},"potentialAction":[{"@type":"SearchAction","target":{"@type":"EntryPoint","urlTemplate":"https:\/\/guineediversite.com\/?s={search_term_string}"},"query-input":{"@type":"PropertyValueSpecification","valueRequired":true,"valueName":"search_term_string"}}],"inLanguage":"fr-FR"},{"@type":"Organization","@id":"https:\/\/guineediversite.com\/#organization","name":"Guin\u00e9e Diversit\u00e9","url":"https:\/\/guineediversite.com\/","logo":{"@type":"ImageObject","inLanguage":"fr-FR","@id":"https:\/\/guineediversite.com\/#\/schema\/logo\/image\/","url":"https:\/\/guineediversite.com\/wp-content\/uploads\/2017\/04\/cropped-1jojlxEOMkX9Wyqfhe43D6kjPOGqBBKmx3EwWJqZ0cMrFF54yM49.png","contentUrl":"https:\/\/guineediversite.com\/wp-content\/uploads\/2017\/04\/cropped-1jojlxEOMkX9Wyqfhe43D6kjPOGqBBKmx3EwWJqZ0cMrFF54yM49.png","width":186,"height":112,"caption":"Guin\u00e9e Diversit\u00e9"},"image":{"@id":"https:\/\/guineediversite.com\/#\/schema\/logo\/image\/"},"sameAs":["https:\/\/www.facebook.com\/guineediversite\/","https:\/\/x.com\/GuineeDiversite","https:\/\/www.youtube.com\/channel\/UC8sUY16qelG5ge6_D5SB83g"]},{"@type":"Person","@id":"https:\/\/guineediversite.com\/#\/schema\/person\/afa08fb34e7fc6e1feafc892612bc836","name":"Guin\u00e9e Diversit\u00e9","image":{"@type":"ImageObject","inLanguage":"fr-FR","@id":"https:\/\/guineediversite.com\/#\/schema\/person\/image\/","url":"https:\/\/secure.gravatar.com\/avatar\/50d5eb5b390f8b65ac30ac6f898eb83a?s=96&d=mm&r=g","contentUrl":"https:\/\/secure.gravatar.com\/avatar\/50d5eb5b390f8b65ac30ac6f898eb83a?s=96&d=mm&r=g","caption":"Guin\u00e9e Diversit\u00e9"},"url":"https:\/\/guineediversite.com\/index.php\/author\/guineediversite\/"}]}},"_links":{"self":[{"href":"https:\/\/guineediversite.com\/index.php\/wp-json\/wp\/v2\/posts\/30330"}],"collection":[{"href":"https:\/\/guineediversite.com\/index.php\/wp-json\/wp\/v2\/posts"}],"about":[{"href":"https:\/\/guineediversite.com\/index.php\/wp-json\/wp\/v2\/types\/post"}],"author":[{"embeddable":true,"href":"https:\/\/guineediversite.com\/index.php\/wp-json\/wp\/v2\/users\/12"}],"replies":[{"embeddable":true,"href":"https:\/\/guineediversite.com\/index.php\/wp-json\/wp\/v2\/comments?post=30330"}],"version-history":[{"count":1,"href":"https:\/\/guineediversite.com\/index.php\/wp-json\/wp\/v2\/posts\/30330\/revisions"}],"predecessor-version":[{"id":30332,"href":"https:\/\/guineediversite.com\/index.php\/wp-json\/wp\/v2\/posts\/30330\/revisions\/30332"}],"wp:featuredmedia":[{"embeddable":true,"href":"https:\/\/guineediversite.com\/index.php\/wp-json\/wp\/v2\/media\/30331"}],"wp:attachment":[{"href":"https:\/\/guineediversite.com\/index.php\/wp-json\/wp\/v2\/media?parent=30330"}],"wp:term":[{"taxonomy":"category","embeddable":true,"href":"https:\/\/guineediversite.com\/index.php\/wp-json\/wp\/v2\/categories?post=30330"},{"taxonomy":"post_tag","embeddable":true,"href":"https:\/\/guineediversite.com\/index.php\/wp-json\/wp\/v2\/tags?post=30330"}],"curies":[{"name":"wp","href":"https:\/\/api.w.org\/{rel}","templated":true}]}}