{"id":30317,"date":"2020-08-21T13:59:27","date_gmt":"2020-08-21T11:59:27","guid":{"rendered":"https:\/\/guineediversite.com\/?p=30317"},"modified":"2020-08-21T13:59:27","modified_gmt":"2020-08-21T11:59:27","slug":"lancien-ministre-elhadj-moussa-solano-sexprime-je-ne-suis-pas-du-pup-je-ne-milite-pas-au-sein-du-pup-donc-je-ne-suis-ni-opposant","status":"publish","type":"post","link":"https:\/\/guineediversite.com\/index.php\/2020\/08\/21\/lancien-ministre-elhadj-moussa-solano-sexprime-je-ne-suis-pas-du-pup-je-ne-milite-pas-au-sein-du-pup-donc-je-ne-suis-ni-opposant\/","title":{"rendered":"L&rsquo;ancien ministre Elhadj Moussa Solano s\u2019exprime \u00ab Je ne suis pas du PUP, je ne milite pas au sein du PUP, donc je ne suis ni opposant (\u2026) \u00bb"},"content":{"rendered":"<p>Elhadj Moussa Solano est d\u00e9sormais \u00e0 la t\u00eate d\u2019une plateforme d\u00e9nomm\u00e9e \u2018\u2019 groupe d&rsquo;action pour la Paix et l&rsquo;Entente. Ce jeudi face \u00e0 la presse l&rsquo;ancien ministre est largement revenu sur sa position dans la vie politique guin\u00e9enne. \u00ab depuis 2015, je ne milite pas au sein du parti PUP, il y avait une contradiction entre les certains cadres et moi. Mais aujourd\u2019hui nous avons lav\u00e9 le linge sale en famille, tout cela a \u00e9t\u00e9 rendu possible gr\u00e2ce au dialogue (\u2026) \u00bb, pr\u00e9cise Elhadj Moussa Solano.<br \/>\nLa crise sociopolitique que traverse la Guin\u00e9e inqui\u00e8te plus d\u2019un. Pour trouver une solution d\u00e9finitive \u00e0 cette crise l\u2019ancien ministre El hadj Moussa SOLANO se fixe pour objectif un dialogue structur\u00e9 s&rsquo;appuyant sur un coll\u00e8ge de personnalit\u00e9s .<br \/>\nSelon l&rsquo;ancien ministre, l\u2019objectif de cette plateforme est d\u2019amener tous les acteurs socio-politiques autour d\u2019une table de dialogue. Mais sur la question de savoir, si un jour cette plateforme pourrait \u00eatre un parti politique . Il ( Moussa Solano Ndlr) affirme \u00ab est-ce que c\u2019est interdite par la loi, pour le moment nous avions pour mission de faire le dialogue. Peut-\u00eatre apr\u00e8s cette mission si les membres veulent transformer la plateforme en parti politique rien ne les emp\u00eacheront (\u2026) \u00bb.<br \/>\nPour r\u00e9ussir cette mission le \u2018\u2019Groupe d&rsquo;Action pour la Paix et l&rsquo;Entente\u2019\u2019 compte sur l\u2019appui d\u2019un coll\u00e8ge de personnalit\u00e9s. Selon Elhadj Moussa Solano ce coll\u00e8ge de personnalit\u00e9 a un statut qui correspond \u00e0 la mission qui leur est d\u00e9volue.<\/p>\n","protected":false},"excerpt":{"rendered":"<p>Elhadj Moussa Solano est d\u00e9sormais \u00e0 la t\u00eate d\u2019une plateforme d\u00e9nomm\u00e9e \u2018\u2019 groupe d&rsquo;action pour la Paix et l&rsquo;Entente. Ce jeudi face \u00e0 la presse l&rsquo;ancien ministre est largement revenu sur sa position dans la vie politique guin\u00e9enne. \u00ab depuis 2015, je ne milite pas au sein du parti PUP, il y avait une contradiction [&hellip;]<\/p>\n","protected":false},"author":10,"featured_media":30319,"comment_status":"closed","ping_status":"open","sticky":false,"template":"","format":"standard","meta":{"_exactmetrics_skip_tracking":false,"_exactmetrics_sitenote_active":false,"_exactmetrics_sitenote_note":"","_exactmetrics_sitenote_category":0,"tdm_status":"","tdm_grid_status":"","footnotes":""},"categories":[14],"tags":[],"class_list":{"0":"post-30317","1":"post","2":"type-post","3":"status-publish","4":"format-standard","5":"has-post-thumbnail","7":"category-politique"},"yoast_head":"<!-- This site is optimized with the Yoast SEO plugin v24.2 - https:\/\/yoast.com\/wordpress\/plugins\/seo\/ -->\n<title>L&#039;ancien ministre Elhadj Moussa Solano s\u2019exprime \u00ab Je ne suis pas du PUP, je ne milite pas au sein du PUP, donc je ne suis ni opposant (\u2026) \u00bb | Guin\u00e9e Diversit\u00e9<\/title>\n<meta name=\"robots\" content=\"index, follow, max-snippet:-1, max-image-preview:large, max-video-preview:-1\" \/>\n<link rel=\"canonical\" href=\"https:\/\/guineediversite.com\/index.php\/2020\/08\/21\/lancien-ministre-elhadj-moussa-solano-sexprime-je-ne-suis-pas-du-pup-je-ne-milite-pas-au-sein-du-pup-donc-je-ne-suis-ni-opposant\/\" \/>\n<meta property=\"og:locale\" content=\"fr_FR\" \/>\n<meta property=\"og:type\" content=\"article\" \/>\n<meta property=\"og:title\" content=\"L&#039;ancien ministre Elhadj Moussa Solano s\u2019exprime \u00ab Je ne suis pas du PUP, je ne milite pas au sein du PUP, donc je ne suis ni opposant (\u2026) \u00bb | Guin\u00e9e Diversit\u00e9\" \/>\n<meta property=\"og:description\" content=\"Elhadj Moussa Solano est d\u00e9sormais \u00e0 la t\u00eate d\u2019une plateforme d\u00e9nomm\u00e9e \u2018\u2019 groupe d&rsquo;action pour la Paix et l&rsquo;Entente. Ce jeudi face \u00e0 la presse l&rsquo;ancien ministre est largement revenu sur sa position dans la vie politique guin\u00e9enne. \u00ab depuis 2015, je ne milite pas au sein du parti PUP, il y avait une contradiction [&hellip;]\" \/>\n<meta property=\"og:url\" content=\"https:\/\/guineediversite.com\/index.php\/2020\/08\/21\/lancien-ministre-elhadj-moussa-solano-sexprime-je-ne-suis-pas-du-pup-je-ne-milite-pas-au-sein-du-pup-donc-je-ne-suis-ni-opposant\/\" \/>\n<meta property=\"og:site_name\" content=\"Guin\u00e9e Diversit\u00e9\" \/>\n<meta property=\"article:publisher\" content=\"https:\/\/www.facebook.com\/guineediversite\/\" \/>\n<meta property=\"article:published_time\" content=\"2020-08-21T11:59:27+00:00\" \/>\n<meta property=\"og:image\" content=\"https:\/\/guineediversite.com\/wp-content\/uploads\/2020\/08\/IMG_20200820_022856-scaled.jpg\" \/>\n\t<meta property=\"og:image:width\" content=\"2560\" \/>\n\t<meta property=\"og:image:height\" content=\"1536\" \/>\n\t<meta property=\"og:image:type\" content=\"image\/jpeg\" \/>\n<meta name=\"author\" content=\"Morcire Camara\" \/>\n<meta name=\"twitter:card\" content=\"summary_large_image\" \/>\n<meta name=\"twitter:creator\" content=\"@GuineeDiversite\" \/>\n<meta name=\"twitter:site\" content=\"@GuineeDiversite\" \/>\n<meta name=\"twitter:label1\" content=\"\u00c9crit par\" \/>\n\t<meta name=\"twitter:data1\" content=\"Morcire Camara\" \/>\n\t<meta name=\"twitter:label2\" content=\"Dur\u00e9e de lecture estim\u00e9e\" \/>\n\t<meta name=\"twitter:data2\" content=\"1 minute\" \/>\n<script type=\"application\/ld+json\" class=\"yoast-schema-graph\">{\"@context\":\"https:\/\/schema.org\",\"@graph\":[{\"@type\":\"Article\",\"@id\":\"https:\/\/guineediversite.com\/index.php\/2020\/08\/21\/lancien-ministre-elhadj-moussa-solano-sexprime-je-ne-suis-pas-du-pup-je-ne-milite-pas-au-sein-du-pup-donc-je-ne-suis-ni-opposant\/#article\",\"isPartOf\":{\"@id\":\"https:\/\/guineediversite.com\/index.php\/2020\/08\/21\/lancien-ministre-elhadj-moussa-solano-sexprime-je-ne-suis-pas-du-pup-je-ne-milite-pas-au-sein-du-pup-donc-je-ne-suis-ni-opposant\/\"},\"author\":{\"name\":\"Morcire Camara\",\"@id\":\"https:\/\/guineediversite.com\/#\/schema\/person\/fa362494c47202ce4b3adf55abcc9d01\"},\"headline\":\"L&rsquo;ancien ministre Elhadj Moussa Solano s\u2019exprime \u00ab Je ne suis pas du PUP, je ne milite pas au sein du PUP, donc je ne suis ni opposant (\u2026) \u00bb\",\"datePublished\":\"2020-08-21T11:59:27+00:00\",\"dateModified\":\"2020-08-21T11:59:27+00:00\",\"mainEntityOfPage\":{\"@id\":\"https:\/\/guineediversite.com\/index.php\/2020\/08\/21\/lancien-ministre-elhadj-moussa-solano-sexprime-je-ne-suis-pas-du-pup-je-ne-milite-pas-au-sein-du-pup-donc-je-ne-suis-ni-opposant\/\"},\"wordCount\":293,\"publisher\":{\"@id\":\"https:\/\/guineediversite.com\/#organization\"},\"image\":{\"@id\":\"https:\/\/guineediversite.com\/index.php\/2020\/08\/21\/lancien-ministre-elhadj-moussa-solano-sexprime-je-ne-suis-pas-du-pup-je-ne-milite-pas-au-sein-du-pup-donc-je-ne-suis-ni-opposant\/#primaryimage\"},\"thumbnailUrl\":\"https:\/\/guineediversite.com\/wp-content\/uploads\/2020\/08\/IMG_20200820_022856-scaled.jpg\",\"articleSection\":[\"Politique\"],\"inLanguage\":\"fr-FR\"},{\"@type\":\"WebPage\",\"@id\":\"https:\/\/guineediversite.com\/index.php\/2020\/08\/21\/lancien-ministre-elhadj-moussa-solano-sexprime-je-ne-suis-pas-du-pup-je-ne-milite-pas-au-sein-du-pup-donc-je-ne-suis-ni-opposant\/\",\"url\":\"https:\/\/guineediversite.com\/index.php\/2020\/08\/21\/lancien-ministre-elhadj-moussa-solano-sexprime-je-ne-suis-pas-du-pup-je-ne-milite-pas-au-sein-du-pup-donc-je-ne-suis-ni-opposant\/\",\"name\":\"L'ancien ministre Elhadj Moussa Solano s\u2019exprime \u00ab Je ne suis pas du PUP, je ne milite pas au sein du PUP, donc je ne suis ni opposant (\u2026) \u00bb | Guin\u00e9e Diversit\u00e9\",\"isPartOf\":{\"@id\":\"https:\/\/guineediversite.com\/#website\"},\"primaryImageOfPage\":{\"@id\":\"https:\/\/guineediversite.com\/index.php\/2020\/08\/21\/lancien-ministre-elhadj-moussa-solano-sexprime-je-ne-suis-pas-du-pup-je-ne-milite-pas-au-sein-du-pup-donc-je-ne-suis-ni-opposant\/#primaryimage\"},\"image\":{\"@id\":\"https:\/\/guineediversite.com\/index.php\/2020\/08\/21\/lancien-ministre-elhadj-moussa-solano-sexprime-je-ne-suis-pas-du-pup-je-ne-milite-pas-au-sein-du-pup-donc-je-ne-suis-ni-opposant\/#primaryimage\"},\"thumbnailUrl\":\"https:\/\/guineediversite.com\/wp-content\/uploads\/2020\/08\/IMG_20200820_022856-scaled.jpg\",\"datePublished\":\"2020-08-21T11:59:27+00:00\",\"dateModified\":\"2020-08-21T11:59:27+00:00\",\"breadcrumb\":{\"@id\":\"https:\/\/guineediversite.com\/index.php\/2020\/08\/21\/lancien-ministre-elhadj-moussa-solano-sexprime-je-ne-suis-pas-du-pup-je-ne-milite-pas-au-sein-du-pup-donc-je-ne-suis-ni-opposant\/#breadcrumb\"},\"inLanguage\":\"fr-FR\",\"potentialAction\":[{\"@type\":\"ReadAction\",\"target\":[\"https:\/\/guineediversite.com\/index.php\/2020\/08\/21\/lancien-ministre-elhadj-moussa-solano-sexprime-je-ne-suis-pas-du-pup-je-ne-milite-pas-au-sein-du-pup-donc-je-ne-suis-ni-opposant\/\"]}]},{\"@type\":\"ImageObject\",\"inLanguage\":\"fr-FR\",\"@id\":\"https:\/\/guineediversite.com\/index.php\/2020\/08\/21\/lancien-ministre-elhadj-moussa-solano-sexprime-je-ne-suis-pas-du-pup-je-ne-milite-pas-au-sein-du-pup-donc-je-ne-suis-ni-opposant\/#primaryimage\",\"url\":\"https:\/\/guineediversite.com\/wp-content\/uploads\/2020\/08\/IMG_20200820_022856-scaled.jpg\",\"contentUrl\":\"https:\/\/guineediversite.com\/wp-content\/uploads\/2020\/08\/IMG_20200820_022856-scaled.jpg\",\"width\":2560,\"height\":1536},{\"@type\":\"BreadcrumbList\",\"@id\":\"https:\/\/guineediversite.com\/index.php\/2020\/08\/21\/lancien-ministre-elhadj-moussa-solano-sexprime-je-ne-suis-pas-du-pup-je-ne-milite-pas-au-sein-du-pup-donc-je-ne-suis-ni-opposant\/#breadcrumb\",\"itemListElement\":[{\"@type\":\"ListItem\",\"position\":1,\"name\":\"Accueil\",\"item\":\"https:\/\/guineediversite.com\/\"},{\"@type\":\"ListItem\",\"position\":2,\"name\":\"L&rsquo;ancien ministre Elhadj Moussa Solano s\u2019exprime \u00ab Je ne suis pas du PUP, je ne milite pas au sein du PUP, donc je ne suis ni opposant (\u2026) \u00bb\"}]},{\"@type\":\"WebSite\",\"@id\":\"https:\/\/guineediversite.com\/#website\",\"url\":\"https:\/\/guineediversite.com\/\",\"name\":\"Guin\u00e9e Diversit\u00e9\",\"description\":\"L&#039;Info dans toute sa diversit\u00e9\",\"publisher\":{\"@id\":\"https:\/\/guineediversite.com\/#organization\"},\"potentialAction\":[{\"@type\":\"SearchAction\",\"target\":{\"@type\":\"EntryPoint\",\"urlTemplate\":\"https:\/\/guineediversite.com\/?s={search_term_string}\"},\"query-input\":{\"@type\":\"PropertyValueSpecification\",\"valueRequired\":true,\"valueName\":\"search_term_string\"}}],\"inLanguage\":\"fr-FR\"},{\"@type\":\"Organization\",\"@id\":\"https:\/\/guineediversite.com\/#organization\",\"name\":\"Guin\u00e9e Diversit\u00e9\",\"url\":\"https:\/\/guineediversite.com\/\",\"logo\":{\"@type\":\"ImageObject\",\"inLanguage\":\"fr-FR\",\"@id\":\"https:\/\/guineediversite.com\/#\/schema\/logo\/image\/\",\"url\":\"https:\/\/guineediversite.com\/wp-content\/uploads\/2017\/04\/cropped-1jojlxEOMkX9Wyqfhe43D6kjPOGqBBKmx3EwWJqZ0cMrFF54yM49.png\",\"contentUrl\":\"https:\/\/guineediversite.com\/wp-content\/uploads\/2017\/04\/cropped-1jojlxEOMkX9Wyqfhe43D6kjPOGqBBKmx3EwWJqZ0cMrFF54yM49.png\",\"width\":186,\"height\":112,\"caption\":\"Guin\u00e9e Diversit\u00e9\"},\"image\":{\"@id\":\"https:\/\/guineediversite.com\/#\/schema\/logo\/image\/\"},\"sameAs\":[\"https:\/\/www.facebook.com\/guineediversite\/\",\"https:\/\/x.com\/GuineeDiversite\",\"https:\/\/www.youtube.com\/channel\/UC8sUY16qelG5ge6_D5SB83g\"]},{\"@type\":\"Person\",\"@id\":\"https:\/\/guineediversite.com\/#\/schema\/person\/fa362494c47202ce4b3adf55abcc9d01\",\"name\":\"Morcire Camara\",\"image\":{\"@type\":\"ImageObject\",\"inLanguage\":\"fr-FR\",\"@id\":\"https:\/\/guineediversite.com\/#\/schema\/person\/image\/\",\"url\":\"https:\/\/secure.gravatar.com\/avatar\/3ec324f02295bbcebe03d99b39330ab4?s=96&d=mm&r=g\",\"contentUrl\":\"https:\/\/secure.gravatar.com\/avatar\/3ec324f02295bbcebe03d99b39330ab4?s=96&d=mm&r=g\",\"caption\":\"Morcire Camara\"},\"url\":\"https:\/\/guineediversite.com\/index.php\/author\/morcire\/\"}]}<\/script>\n<!-- \/ Yoast SEO plugin. -->","yoast_head_json":{"title":"L'ancien ministre Elhadj Moussa Solano s\u2019exprime \u00ab Je ne suis pas du PUP, je ne milite pas au sein du PUP, donc je ne suis ni opposant (\u2026) \u00bb | Guin\u00e9e Diversit\u00e9","robots":{"index":"index","follow":"follow","max-snippet":"max-snippet:-1","max-image-preview":"max-image-preview:large","max-video-preview":"max-video-preview:-1"},"canonical":"https:\/\/guineediversite.com\/index.php\/2020\/08\/21\/lancien-ministre-elhadj-moussa-solano-sexprime-je-ne-suis-pas-du-pup-je-ne-milite-pas-au-sein-du-pup-donc-je-ne-suis-ni-opposant\/","og_locale":"fr_FR","og_type":"article","og_title":"L'ancien ministre Elhadj Moussa Solano s\u2019exprime \u00ab Je ne suis pas du PUP, je ne milite pas au sein du PUP, donc je ne suis ni opposant (\u2026) \u00bb | Guin\u00e9e Diversit\u00e9","og_description":"Elhadj Moussa Solano est d\u00e9sormais \u00e0 la t\u00eate d\u2019une plateforme d\u00e9nomm\u00e9e \u2018\u2019 groupe d&rsquo;action pour la Paix et l&rsquo;Entente. Ce jeudi face \u00e0 la presse l&rsquo;ancien ministre est largement revenu sur sa position dans la vie politique guin\u00e9enne. \u00ab depuis 2015, je ne milite pas au sein du parti PUP, il y avait une contradiction [&hellip;]","og_url":"https:\/\/guineediversite.com\/index.php\/2020\/08\/21\/lancien-ministre-elhadj-moussa-solano-sexprime-je-ne-suis-pas-du-pup-je-ne-milite-pas-au-sein-du-pup-donc-je-ne-suis-ni-opposant\/","og_site_name":"Guin\u00e9e Diversit\u00e9","article_publisher":"https:\/\/www.facebook.com\/guineediversite\/","article_published_time":"2020-08-21T11:59:27+00:00","og_image":[{"width":2560,"height":1536,"url":"https:\/\/guineediversite.com\/wp-content\/uploads\/2020\/08\/IMG_20200820_022856-scaled.jpg","type":"image\/jpeg"}],"author":"Morcire Camara","twitter_card":"summary_large_image","twitter_creator":"@GuineeDiversite","twitter_site":"@GuineeDiversite","twitter_misc":{"\u00c9crit par":"Morcire Camara","Dur\u00e9e de lecture estim\u00e9e":"1 minute"},"schema":{"@context":"https:\/\/schema.org","@graph":[{"@type":"Article","@id":"https:\/\/guineediversite.com\/index.php\/2020\/08\/21\/lancien-ministre-elhadj-moussa-solano-sexprime-je-ne-suis-pas-du-pup-je-ne-milite-pas-au-sein-du-pup-donc-je-ne-suis-ni-opposant\/#article","isPartOf":{"@id":"https:\/\/guineediversite.com\/index.php\/2020\/08\/21\/lancien-ministre-elhadj-moussa-solano-sexprime-je-ne-suis-pas-du-pup-je-ne-milite-pas-au-sein-du-pup-donc-je-ne-suis-ni-opposant\/"},"author":{"name":"Morcire Camara","@id":"https:\/\/guineediversite.com\/#\/schema\/person\/fa362494c47202ce4b3adf55abcc9d01"},"headline":"L&rsquo;ancien ministre Elhadj Moussa Solano s\u2019exprime \u00ab Je ne suis pas du PUP, je ne milite pas au sein du PUP, donc je ne suis ni opposant (\u2026) \u00bb","datePublished":"2020-08-21T11:59:27+00:00","dateModified":"2020-08-21T11:59:27+00:00","mainEntityOfPage":{"@id":"https:\/\/guineediversite.com\/index.php\/2020\/08\/21\/lancien-ministre-elhadj-moussa-solano-sexprime-je-ne-suis-pas-du-pup-je-ne-milite-pas-au-sein-du-pup-donc-je-ne-suis-ni-opposant\/"},"wordCount":293,"publisher":{"@id":"https:\/\/guineediversite.com\/#organization"},"image":{"@id":"https:\/\/guineediversite.com\/index.php\/2020\/08\/21\/lancien-ministre-elhadj-moussa-solano-sexprime-je-ne-suis-pas-du-pup-je-ne-milite-pas-au-sein-du-pup-donc-je-ne-suis-ni-opposant\/#primaryimage"},"thumbnailUrl":"https:\/\/guineediversite.com\/wp-content\/uploads\/2020\/08\/IMG_20200820_022856-scaled.jpg","articleSection":["Politique"],"inLanguage":"fr-FR"},{"@type":"WebPage","@id":"https:\/\/guineediversite.com\/index.php\/2020\/08\/21\/lancien-ministre-elhadj-moussa-solano-sexprime-je-ne-suis-pas-du-pup-je-ne-milite-pas-au-sein-du-pup-donc-je-ne-suis-ni-opposant\/","url":"https:\/\/guineediversite.com\/index.php\/2020\/08\/21\/lancien-ministre-elhadj-moussa-solano-sexprime-je-ne-suis-pas-du-pup-je-ne-milite-pas-au-sein-du-pup-donc-je-ne-suis-ni-opposant\/","name":"L'ancien ministre Elhadj Moussa Solano s\u2019exprime \u00ab Je ne suis pas du PUP, je ne milite pas au sein du PUP, donc je ne suis ni opposant (\u2026) \u00bb | Guin\u00e9e Diversit\u00e9","isPartOf":{"@id":"https:\/\/guineediversite.com\/#website"},"primaryImageOfPage":{"@id":"https:\/\/guineediversite.com\/index.php\/2020\/08\/21\/lancien-ministre-elhadj-moussa-solano-sexprime-je-ne-suis-pas-du-pup-je-ne-milite-pas-au-sein-du-pup-donc-je-ne-suis-ni-opposant\/#primaryimage"},"image":{"@id":"https:\/\/guineediversite.com\/index.php\/2020\/08\/21\/lancien-ministre-elhadj-moussa-solano-sexprime-je-ne-suis-pas-du-pup-je-ne-milite-pas-au-sein-du-pup-donc-je-ne-suis-ni-opposant\/#primaryimage"},"thumbnailUrl":"https:\/\/guineediversite.com\/wp-content\/uploads\/2020\/08\/IMG_20200820_022856-scaled.jpg","datePublished":"2020-08-21T11:59:27+00:00","dateModified":"2020-08-21T11:59:27+00:00","breadcrumb":{"@id":"https:\/\/guineediversite.com\/index.php\/2020\/08\/21\/lancien-ministre-elhadj-moussa-solano-sexprime-je-ne-suis-pas-du-pup-je-ne-milite-pas-au-sein-du-pup-donc-je-ne-suis-ni-opposant\/#breadcrumb"},"inLanguage":"fr-FR","potentialAction":[{"@type":"ReadAction","target":["https:\/\/guineediversite.com\/index.php\/2020\/08\/21\/lancien-ministre-elhadj-moussa-solano-sexprime-je-ne-suis-pas-du-pup-je-ne-milite-pas-au-sein-du-pup-donc-je-ne-suis-ni-opposant\/"]}]},{"@type":"ImageObject","inLanguage":"fr-FR","@id":"https:\/\/guineediversite.com\/index.php\/2020\/08\/21\/lancien-ministre-elhadj-moussa-solano-sexprime-je-ne-suis-pas-du-pup-je-ne-milite-pas-au-sein-du-pup-donc-je-ne-suis-ni-opposant\/#primaryimage","url":"https:\/\/guineediversite.com\/wp-content\/uploads\/2020\/08\/IMG_20200820_022856-scaled.jpg","contentUrl":"https:\/\/guineediversite.com\/wp-content\/uploads\/2020\/08\/IMG_20200820_022856-scaled.jpg","width":2560,"height":1536},{"@type":"BreadcrumbList","@id":"https:\/\/guineediversite.com\/index.php\/2020\/08\/21\/lancien-ministre-elhadj-moussa-solano-sexprime-je-ne-suis-pas-du-pup-je-ne-milite-pas-au-sein-du-pup-donc-je-ne-suis-ni-opposant\/#breadcrumb","itemListElement":[{"@type":"ListItem","position":1,"name":"Accueil","item":"https:\/\/guineediversite.com\/"},{"@type":"ListItem","position":2,"name":"L&rsquo;ancien ministre Elhadj Moussa Solano s\u2019exprime \u00ab Je ne suis pas du PUP, je ne milite pas au sein du PUP, donc je ne suis ni opposant (\u2026) \u00bb"}]},{"@type":"WebSite","@id":"https:\/\/guineediversite.com\/#website","url":"https:\/\/guineediversite.com\/","name":"Guin\u00e9e Diversit\u00e9","description":"L&#039;Info dans toute sa diversit\u00e9","publisher":{"@id":"https:\/\/guineediversite.com\/#organization"},"potentialAction":[{"@type":"SearchAction","target":{"@type":"EntryPoint","urlTemplate":"https:\/\/guineediversite.com\/?s={search_term_string}"},"query-input":{"@type":"PropertyValueSpecification","valueRequired":true,"valueName":"search_term_string"}}],"inLanguage":"fr-FR"},{"@type":"Organization","@id":"https:\/\/guineediversite.com\/#organization","name":"Guin\u00e9e Diversit\u00e9","url":"https:\/\/guineediversite.com\/","logo":{"@type":"ImageObject","inLanguage":"fr-FR","@id":"https:\/\/guineediversite.com\/#\/schema\/logo\/image\/","url":"https:\/\/guineediversite.com\/wp-content\/uploads\/2017\/04\/cropped-1jojlxEOMkX9Wyqfhe43D6kjPOGqBBKmx3EwWJqZ0cMrFF54yM49.png","contentUrl":"https:\/\/guineediversite.com\/wp-content\/uploads\/2017\/04\/cropped-1jojlxEOMkX9Wyqfhe43D6kjPOGqBBKmx3EwWJqZ0cMrFF54yM49.png","width":186,"height":112,"caption":"Guin\u00e9e Diversit\u00e9"},"image":{"@id":"https:\/\/guineediversite.com\/#\/schema\/logo\/image\/"},"sameAs":["https:\/\/www.facebook.com\/guineediversite\/","https:\/\/x.com\/GuineeDiversite","https:\/\/www.youtube.com\/channel\/UC8sUY16qelG5ge6_D5SB83g"]},{"@type":"Person","@id":"https:\/\/guineediversite.com\/#\/schema\/person\/fa362494c47202ce4b3adf55abcc9d01","name":"Morcire Camara","image":{"@type":"ImageObject","inLanguage":"fr-FR","@id":"https:\/\/guineediversite.com\/#\/schema\/person\/image\/","url":"https:\/\/secure.gravatar.com\/avatar\/3ec324f02295bbcebe03d99b39330ab4?s=96&d=mm&r=g","contentUrl":"https:\/\/secure.gravatar.com\/avatar\/3ec324f02295bbcebe03d99b39330ab4?s=96&d=mm&r=g","caption":"Morcire Camara"},"url":"https:\/\/guineediversite.com\/index.php\/author\/morcire\/"}]}},"_links":{"self":[{"href":"https:\/\/guineediversite.com\/index.php\/wp-json\/wp\/v2\/posts\/30317"}],"collection":[{"href":"https:\/\/guineediversite.com\/index.php\/wp-json\/wp\/v2\/posts"}],"about":[{"href":"https:\/\/guineediversite.com\/index.php\/wp-json\/wp\/v2\/types\/post"}],"author":[{"embeddable":true,"href":"https:\/\/guineediversite.com\/index.php\/wp-json\/wp\/v2\/users\/10"}],"replies":[{"embeddable":true,"href":"https:\/\/guineediversite.com\/index.php\/wp-json\/wp\/v2\/comments?post=30317"}],"version-history":[{"count":1,"href":"https:\/\/guineediversite.com\/index.php\/wp-json\/wp\/v2\/posts\/30317\/revisions"}],"predecessor-version":[{"id":30320,"href":"https:\/\/guineediversite.com\/index.php\/wp-json\/wp\/v2\/posts\/30317\/revisions\/30320"}],"wp:featuredmedia":[{"embeddable":true,"href":"https:\/\/guineediversite.com\/index.php\/wp-json\/wp\/v2\/media\/30319"}],"wp:attachment":[{"href":"https:\/\/guineediversite.com\/index.php\/wp-json\/wp\/v2\/media?parent=30317"}],"wp:term":[{"taxonomy":"category","embeddable":true,"href":"https:\/\/guineediversite.com\/index.php\/wp-json\/wp\/v2\/categories?post=30317"},{"taxonomy":"post_tag","embeddable":true,"href":"https:\/\/guineediversite.com\/index.php\/wp-json\/wp\/v2\/tags?post=30317"}],"curies":[{"name":"wp","href":"https:\/\/api.w.org\/{rel}","templated":true}]}}