{"id":30302,"date":"2020-08-05T16:18:27","date_gmt":"2020-08-05T14:18:27","guid":{"rendered":"https:\/\/guineediversite.com\/?p=30302"},"modified":"2020-08-05T16:18:27","modified_gmt":"2020-08-05T14:18:27","slug":"un-collectif-guineen-porte-plainte-en-france-contre-alpha-conde-pour-corruption","status":"publish","type":"post","link":"https:\/\/guineediversite.com\/index.php\/2020\/08\/05\/un-collectif-guineen-porte-plainte-en-france-contre-alpha-conde-pour-corruption\/","title":{"rendered":"Un collectif guin\u00e9en porte plainte en France contre Alpha Cond\u00e9 pour corruption"},"content":{"rendered":"<p>Une plainte a \u00e9t\u00e9 d\u00e9pos\u00e9e mardi 4 ao\u00fbt au parquet national financier \u00e0 Paris pour demander l&rsquo;ouverture d&rsquo;une enqu\u00eate contre le chef de l&rsquo;Etat guin\u00e9en Alpha Cond\u00e9 et certains membres de son entourage. Ils sont accus\u00e9s par un collectif guin\u00e9en de corruption et prise ill\u00e9gale d\u2019int\u00e9r\u00eat dans une op\u00e9ration mini\u00e8re de l\u2019entreprise AMR.<\/p>\n<p>Le collectif pour la transition en Guin\u00e9e (CTG) \u00e0 l&rsquo;origine de cette plainte d\u00e9nonce un enrichissement illicite, de corruption et de prise ill\u00e9gale d&rsquo;int\u00e9r\u00eat dans une op\u00e9ration d&rsquo;exploitation mini\u00e8re avec Alliance mini\u00e8re responsable (AMR) du fran\u00e7ais Romain Girbal. Ils visent Alpha Cond\u00e9, mais pas seulement, certains membres de son entourage dont son fils Mohamed Cond\u00e9 et le ministre de la D\u00e9fense Mohamed Dian\u00e9 sont cit\u00e9s.<\/p>\n<p>\u00ab<em>\u00a0\u00c0 l\u2019occasion d\u2019op\u00e9rations exploitations mini\u00e8res et de cessions d\u2019actifs autour de l\u2019acquisition de la soci\u00e9t\u00e9 AMR, il y a un certain montant faramineux qui a disparu notamment plus de 200\u00a0millions de dollars (170\u00a0millions d\u2019euros), <\/em>explique Ibrahim Sorel Ke\u00efta, porte-parole du CTG qui a port\u00e9 plainte devant le parquet national financier \u00e0 Paris<em>. Cette somme s\u2019est volatilis\u00e9e. Nous accusons le pr\u00e9sident Alpha Cond\u00e9, son fils Mohamed Cond\u00e9, ses proches M. Mohamed Dian\u00e9, ministre de la D\u00e9fense et sa ni\u00e8ce d\u2019avoir contribu\u00e9 par trafic d\u2019influence voire de corruption \u00e0 cette op\u00e9ration financi\u00e8re faramineuse. Cela a permis \u00e0 cette soci\u00e9t\u00e9 de faire une plus-value gigantesque au d\u00e9triment des populations guin\u00e9ennes, notamment au d\u00e9triment des populations de Bok\u00e9, qui est le poumon \u00e9conomique de la Guin\u00e9e et qui se trouve \u00eatre l\u2019une des r\u00e9gions les pauvres de Guin\u00e9e. Aujourd\u2019hui, les populations ne profitent pas des recettes mini\u00e8res auxquelles elles ont droit qui ne profitent malheureusement qu\u2019\u00e0 un clan\u00a0!\u00a0<\/em>\u00bb<\/p>\n<p>Concernant cette affaire, une enqu\u00eate a \u00e9t\u00e9 ouverte en 2015 contre Mohamed Cond\u00e9, le fils du chef de l&rsquo;Etat guin\u00e9en, afin d&rsquo;identifier l&rsquo;origine de certains de ses biens, notamment un luxueux appartement \u00e0 Paris. Et cette enqu\u00eate est toujours en cours. Plusieurs personnalit\u00e9s fran\u00e7aises sont cit\u00e9es dans cette affaire, l&rsquo;ancien ministre Arnaud Montebourg, l&rsquo;ancienne dirigeante d&rsquo;Areva\u00a0Anne Lauvergeon ou encore l&rsquo;homme d&rsquo;affaire Xavier Niel.<\/p>\n<p><strong>RFI<\/strong><\/p>\n","protected":false},"excerpt":{"rendered":"<p>Une plainte a \u00e9t\u00e9 d\u00e9pos\u00e9e mardi 4 ao\u00fbt au parquet national financier \u00e0 Paris pour demander l&rsquo;ouverture d&rsquo;une enqu\u00eate contre le chef de l&rsquo;Etat guin\u00e9en Alpha Cond\u00e9 et certains membres de son entourage. Ils sont accus\u00e9s par un collectif guin\u00e9en de corruption et prise ill\u00e9gale d\u2019int\u00e9r\u00eat dans une op\u00e9ration mini\u00e8re de l\u2019entreprise AMR. Le collectif [&hellip;]<\/p>\n","protected":false},"author":12,"featured_media":30303,"comment_status":"closed","ping_status":"open","sticky":false,"template":"","format":"standard","meta":{"_exactmetrics_skip_tracking":false,"_exactmetrics_sitenote_active":false,"_exactmetrics_sitenote_note":"","_exactmetrics_sitenote_category":0,"tdm_status":"","tdm_grid_status":"","footnotes":""},"categories":[254,14],"tags":[],"class_list":{"0":"post-30302","1":"post","2":"type-post","3":"status-publish","4":"format-standard","5":"has-post-thumbnail","7":"category-derniere-minute","8":"category-politique"},"yoast_head":"<!-- This site is optimized with the Yoast SEO plugin v24.2 - https:\/\/yoast.com\/wordpress\/plugins\/seo\/ -->\n<title>Un collectif guin\u00e9en porte plainte en France contre Alpha Cond\u00e9 pour corruption | Guin\u00e9e Diversit\u00e9<\/title>\n<meta name=\"robots\" content=\"index, follow, max-snippet:-1, max-image-preview:large, max-video-preview:-1\" \/>\n<link rel=\"canonical\" href=\"https:\/\/guineediversite.com\/index.php\/2020\/08\/05\/un-collectif-guineen-porte-plainte-en-france-contre-alpha-conde-pour-corruption\/\" \/>\n<meta property=\"og:locale\" content=\"fr_FR\" \/>\n<meta property=\"og:type\" content=\"article\" \/>\n<meta property=\"og:title\" content=\"Un collectif guin\u00e9en porte plainte en France contre Alpha Cond\u00e9 pour corruption | Guin\u00e9e Diversit\u00e9\" \/>\n<meta property=\"og:description\" content=\"Une plainte a \u00e9t\u00e9 d\u00e9pos\u00e9e mardi 4 ao\u00fbt au parquet national financier \u00e0 Paris pour demander l&rsquo;ouverture d&rsquo;une enqu\u00eate contre le chef de l&rsquo;Etat guin\u00e9en Alpha Cond\u00e9 et certains membres de son entourage. Ils sont accus\u00e9s par un collectif guin\u00e9en de corruption et prise ill\u00e9gale d\u2019int\u00e9r\u00eat dans une op\u00e9ration mini\u00e8re de l\u2019entreprise AMR. Le collectif [&hellip;]\" \/>\n<meta property=\"og:url\" content=\"https:\/\/guineediversite.com\/index.php\/2020\/08\/05\/un-collectif-guineen-porte-plainte-en-france-contre-alpha-conde-pour-corruption\/\" \/>\n<meta property=\"og:site_name\" content=\"Guin\u00e9e Diversit\u00e9\" \/>\n<meta property=\"article:publisher\" content=\"https:\/\/www.facebook.com\/guineediversite\/\" \/>\n<meta property=\"article:published_time\" content=\"2020-08-05T14:18:27+00:00\" \/>\n<meta property=\"og:image\" content=\"https:\/\/guineediversite.com\/wp-content\/uploads\/2020\/08\/Le-pr\u00e9sident-guin\u00e9en-Alpha-Cond\u00e9..jpg\" \/>\n\t<meta property=\"og:image:width\" content=\"1500\" \/>\n\t<meta property=\"og:image:height\" content=\"1124\" \/>\n\t<meta property=\"og:image:type\" content=\"image\/jpeg\" \/>\n<meta name=\"author\" content=\"Guin\u00e9e Diversit\u00e9\" \/>\n<meta name=\"twitter:card\" content=\"summary_large_image\" \/>\n<meta name=\"twitter:creator\" content=\"@GuineeDiversite\" \/>\n<meta name=\"twitter:site\" content=\"@GuineeDiversite\" \/>\n<meta name=\"twitter:label1\" content=\"\u00c9crit par\" \/>\n\t<meta name=\"twitter:data1\" content=\"Guin\u00e9e Diversit\u00e9\" \/>\n\t<meta name=\"twitter:label2\" content=\"Dur\u00e9e de lecture estim\u00e9e\" \/>\n\t<meta name=\"twitter:data2\" content=\"2 minutes\" \/>\n<script type=\"application\/ld+json\" class=\"yoast-schema-graph\">{\"@context\":\"https:\/\/schema.org\",\"@graph\":[{\"@type\":\"Article\",\"@id\":\"https:\/\/guineediversite.com\/index.php\/2020\/08\/05\/un-collectif-guineen-porte-plainte-en-france-contre-alpha-conde-pour-corruption\/#article\",\"isPartOf\":{\"@id\":\"https:\/\/guineediversite.com\/index.php\/2020\/08\/05\/un-collectif-guineen-porte-plainte-en-france-contre-alpha-conde-pour-corruption\/\"},\"author\":{\"name\":\"Guin\u00e9e Diversit\u00e9\",\"@id\":\"https:\/\/guineediversite.com\/#\/schema\/person\/afa08fb34e7fc6e1feafc892612bc836\"},\"headline\":\"Un collectif guin\u00e9en porte plainte en France contre Alpha Cond\u00e9 pour corruption\",\"datePublished\":\"2020-08-05T14:18:27+00:00\",\"dateModified\":\"2020-08-05T14:18:27+00:00\",\"mainEntityOfPage\":{\"@id\":\"https:\/\/guineediversite.com\/index.php\/2020\/08\/05\/un-collectif-guineen-porte-plainte-en-france-contre-alpha-conde-pour-corruption\/\"},\"wordCount\":414,\"publisher\":{\"@id\":\"https:\/\/guineediversite.com\/#organization\"},\"image\":{\"@id\":\"https:\/\/guineediversite.com\/index.php\/2020\/08\/05\/un-collectif-guineen-porte-plainte-en-france-contre-alpha-conde-pour-corruption\/#primaryimage\"},\"thumbnailUrl\":\"https:\/\/guineediversite.com\/wp-content\/uploads\/2020\/08\/Le-pr\u00e9sident-guin\u00e9en-Alpha-Cond\u00e9..jpg\",\"articleSection\":[\"Derni\u00e8re minute\",\"Politique\"],\"inLanguage\":\"fr-FR\"},{\"@type\":\"WebPage\",\"@id\":\"https:\/\/guineediversite.com\/index.php\/2020\/08\/05\/un-collectif-guineen-porte-plainte-en-france-contre-alpha-conde-pour-corruption\/\",\"url\":\"https:\/\/guineediversite.com\/index.php\/2020\/08\/05\/un-collectif-guineen-porte-plainte-en-france-contre-alpha-conde-pour-corruption\/\",\"name\":\"Un collectif guin\u00e9en porte plainte en France contre Alpha Cond\u00e9 pour corruption | Guin\u00e9e Diversit\u00e9\",\"isPartOf\":{\"@id\":\"https:\/\/guineediversite.com\/#website\"},\"primaryImageOfPage\":{\"@id\":\"https:\/\/guineediversite.com\/index.php\/2020\/08\/05\/un-collectif-guineen-porte-plainte-en-france-contre-alpha-conde-pour-corruption\/#primaryimage\"},\"image\":{\"@id\":\"https:\/\/guineediversite.com\/index.php\/2020\/08\/05\/un-collectif-guineen-porte-plainte-en-france-contre-alpha-conde-pour-corruption\/#primaryimage\"},\"thumbnailUrl\":\"https:\/\/guineediversite.com\/wp-content\/uploads\/2020\/08\/Le-pr\u00e9sident-guin\u00e9en-Alpha-Cond\u00e9..jpg\",\"datePublished\":\"2020-08-05T14:18:27+00:00\",\"dateModified\":\"2020-08-05T14:18:27+00:00\",\"breadcrumb\":{\"@id\":\"https:\/\/guineediversite.com\/index.php\/2020\/08\/05\/un-collectif-guineen-porte-plainte-en-france-contre-alpha-conde-pour-corruption\/#breadcrumb\"},\"inLanguage\":\"fr-FR\",\"potentialAction\":[{\"@type\":\"ReadAction\",\"target\":[\"https:\/\/guineediversite.com\/index.php\/2020\/08\/05\/un-collectif-guineen-porte-plainte-en-france-contre-alpha-conde-pour-corruption\/\"]}]},{\"@type\":\"ImageObject\",\"inLanguage\":\"fr-FR\",\"@id\":\"https:\/\/guineediversite.com\/index.php\/2020\/08\/05\/un-collectif-guineen-porte-plainte-en-france-contre-alpha-conde-pour-corruption\/#primaryimage\",\"url\":\"https:\/\/guineediversite.com\/wp-content\/uploads\/2020\/08\/Le-pr\u00e9sident-guin\u00e9en-Alpha-Cond\u00e9..jpg\",\"contentUrl\":\"https:\/\/guineediversite.com\/wp-content\/uploads\/2020\/08\/Le-pr\u00e9sident-guin\u00e9en-Alpha-Cond\u00e9..jpg\",\"width\":1500,\"height\":1124},{\"@type\":\"BreadcrumbList\",\"@id\":\"https:\/\/guineediversite.com\/index.php\/2020\/08\/05\/un-collectif-guineen-porte-plainte-en-france-contre-alpha-conde-pour-corruption\/#breadcrumb\",\"itemListElement\":[{\"@type\":\"ListItem\",\"position\":1,\"name\":\"Accueil\",\"item\":\"https:\/\/guineediversite.com\/\"},{\"@type\":\"ListItem\",\"position\":2,\"name\":\"Un collectif guin\u00e9en porte plainte en France contre Alpha Cond\u00e9 pour corruption\"}]},{\"@type\":\"WebSite\",\"@id\":\"https:\/\/guineediversite.com\/#website\",\"url\":\"https:\/\/guineediversite.com\/\",\"name\":\"Guin\u00e9e Diversit\u00e9\",\"description\":\"L&#039;Info dans toute sa diversit\u00e9\",\"publisher\":{\"@id\":\"https:\/\/guineediversite.com\/#organization\"},\"potentialAction\":[{\"@type\":\"SearchAction\",\"target\":{\"@type\":\"EntryPoint\",\"urlTemplate\":\"https:\/\/guineediversite.com\/?s={search_term_string}\"},\"query-input\":{\"@type\":\"PropertyValueSpecification\",\"valueRequired\":true,\"valueName\":\"search_term_string\"}}],\"inLanguage\":\"fr-FR\"},{\"@type\":\"Organization\",\"@id\":\"https:\/\/guineediversite.com\/#organization\",\"name\":\"Guin\u00e9e Diversit\u00e9\",\"url\":\"https:\/\/guineediversite.com\/\",\"logo\":{\"@type\":\"ImageObject\",\"inLanguage\":\"fr-FR\",\"@id\":\"https:\/\/guineediversite.com\/#\/schema\/logo\/image\/\",\"url\":\"https:\/\/guineediversite.com\/wp-content\/uploads\/2017\/04\/cropped-1jojlxEOMkX9Wyqfhe43D6kjPOGqBBKmx3EwWJqZ0cMrFF54yM49.png\",\"contentUrl\":\"https:\/\/guineediversite.com\/wp-content\/uploads\/2017\/04\/cropped-1jojlxEOMkX9Wyqfhe43D6kjPOGqBBKmx3EwWJqZ0cMrFF54yM49.png\",\"width\":186,\"height\":112,\"caption\":\"Guin\u00e9e Diversit\u00e9\"},\"image\":{\"@id\":\"https:\/\/guineediversite.com\/#\/schema\/logo\/image\/\"},\"sameAs\":[\"https:\/\/www.facebook.com\/guineediversite\/\",\"https:\/\/x.com\/GuineeDiversite\",\"https:\/\/www.youtube.com\/channel\/UC8sUY16qelG5ge6_D5SB83g\"]},{\"@type\":\"Person\",\"@id\":\"https:\/\/guineediversite.com\/#\/schema\/person\/afa08fb34e7fc6e1feafc892612bc836\",\"name\":\"Guin\u00e9e Diversit\u00e9\",\"image\":{\"@type\":\"ImageObject\",\"inLanguage\":\"fr-FR\",\"@id\":\"https:\/\/guineediversite.com\/#\/schema\/person\/image\/\",\"url\":\"https:\/\/secure.gravatar.com\/avatar\/50d5eb5b390f8b65ac30ac6f898eb83a?s=96&d=mm&r=g\",\"contentUrl\":\"https:\/\/secure.gravatar.com\/avatar\/50d5eb5b390f8b65ac30ac6f898eb83a?s=96&d=mm&r=g\",\"caption\":\"Guin\u00e9e Diversit\u00e9\"},\"url\":\"https:\/\/guineediversite.com\/index.php\/author\/guineediversite\/\"}]}<\/script>\n<!-- \/ Yoast SEO plugin. -->","yoast_head_json":{"title":"Un collectif guin\u00e9en porte plainte en France contre Alpha Cond\u00e9 pour corruption | Guin\u00e9e Diversit\u00e9","robots":{"index":"index","follow":"follow","max-snippet":"max-snippet:-1","max-image-preview":"max-image-preview:large","max-video-preview":"max-video-preview:-1"},"canonical":"https:\/\/guineediversite.com\/index.php\/2020\/08\/05\/un-collectif-guineen-porte-plainte-en-france-contre-alpha-conde-pour-corruption\/","og_locale":"fr_FR","og_type":"article","og_title":"Un collectif guin\u00e9en porte plainte en France contre Alpha Cond\u00e9 pour corruption | Guin\u00e9e Diversit\u00e9","og_description":"Une plainte a \u00e9t\u00e9 d\u00e9pos\u00e9e mardi 4 ao\u00fbt au parquet national financier \u00e0 Paris pour demander l&rsquo;ouverture d&rsquo;une enqu\u00eate contre le chef de l&rsquo;Etat guin\u00e9en Alpha Cond\u00e9 et certains membres de son entourage. Ils sont accus\u00e9s par un collectif guin\u00e9en de corruption et prise ill\u00e9gale d\u2019int\u00e9r\u00eat dans une op\u00e9ration mini\u00e8re de l\u2019entreprise AMR. Le collectif [&hellip;]","og_url":"https:\/\/guineediversite.com\/index.php\/2020\/08\/05\/un-collectif-guineen-porte-plainte-en-france-contre-alpha-conde-pour-corruption\/","og_site_name":"Guin\u00e9e Diversit\u00e9","article_publisher":"https:\/\/www.facebook.com\/guineediversite\/","article_published_time":"2020-08-05T14:18:27+00:00","og_image":[{"width":1500,"height":1124,"url":"https:\/\/guineediversite.com\/wp-content\/uploads\/2020\/08\/Le-pr\u00e9sident-guin\u00e9en-Alpha-Cond\u00e9..jpg","type":"image\/jpeg"}],"author":"Guin\u00e9e Diversit\u00e9","twitter_card":"summary_large_image","twitter_creator":"@GuineeDiversite","twitter_site":"@GuineeDiversite","twitter_misc":{"\u00c9crit par":"Guin\u00e9e Diversit\u00e9","Dur\u00e9e de lecture estim\u00e9e":"2 minutes"},"schema":{"@context":"https:\/\/schema.org","@graph":[{"@type":"Article","@id":"https:\/\/guineediversite.com\/index.php\/2020\/08\/05\/un-collectif-guineen-porte-plainte-en-france-contre-alpha-conde-pour-corruption\/#article","isPartOf":{"@id":"https:\/\/guineediversite.com\/index.php\/2020\/08\/05\/un-collectif-guineen-porte-plainte-en-france-contre-alpha-conde-pour-corruption\/"},"author":{"name":"Guin\u00e9e Diversit\u00e9","@id":"https:\/\/guineediversite.com\/#\/schema\/person\/afa08fb34e7fc6e1feafc892612bc836"},"headline":"Un collectif guin\u00e9en porte plainte en France contre Alpha Cond\u00e9 pour corruption","datePublished":"2020-08-05T14:18:27+00:00","dateModified":"2020-08-05T14:18:27+00:00","mainEntityOfPage":{"@id":"https:\/\/guineediversite.com\/index.php\/2020\/08\/05\/un-collectif-guineen-porte-plainte-en-france-contre-alpha-conde-pour-corruption\/"},"wordCount":414,"publisher":{"@id":"https:\/\/guineediversite.com\/#organization"},"image":{"@id":"https:\/\/guineediversite.com\/index.php\/2020\/08\/05\/un-collectif-guineen-porte-plainte-en-france-contre-alpha-conde-pour-corruption\/#primaryimage"},"thumbnailUrl":"https:\/\/guineediversite.com\/wp-content\/uploads\/2020\/08\/Le-pr\u00e9sident-guin\u00e9en-Alpha-Cond\u00e9..jpg","articleSection":["Derni\u00e8re minute","Politique"],"inLanguage":"fr-FR"},{"@type":"WebPage","@id":"https:\/\/guineediversite.com\/index.php\/2020\/08\/05\/un-collectif-guineen-porte-plainte-en-france-contre-alpha-conde-pour-corruption\/","url":"https:\/\/guineediversite.com\/index.php\/2020\/08\/05\/un-collectif-guineen-porte-plainte-en-france-contre-alpha-conde-pour-corruption\/","name":"Un collectif guin\u00e9en porte plainte en France contre Alpha Cond\u00e9 pour corruption | Guin\u00e9e Diversit\u00e9","isPartOf":{"@id":"https:\/\/guineediversite.com\/#website"},"primaryImageOfPage":{"@id":"https:\/\/guineediversite.com\/index.php\/2020\/08\/05\/un-collectif-guineen-porte-plainte-en-france-contre-alpha-conde-pour-corruption\/#primaryimage"},"image":{"@id":"https:\/\/guineediversite.com\/index.php\/2020\/08\/05\/un-collectif-guineen-porte-plainte-en-france-contre-alpha-conde-pour-corruption\/#primaryimage"},"thumbnailUrl":"https:\/\/guineediversite.com\/wp-content\/uploads\/2020\/08\/Le-pr\u00e9sident-guin\u00e9en-Alpha-Cond\u00e9..jpg","datePublished":"2020-08-05T14:18:27+00:00","dateModified":"2020-08-05T14:18:27+00:00","breadcrumb":{"@id":"https:\/\/guineediversite.com\/index.php\/2020\/08\/05\/un-collectif-guineen-porte-plainte-en-france-contre-alpha-conde-pour-corruption\/#breadcrumb"},"inLanguage":"fr-FR","potentialAction":[{"@type":"ReadAction","target":["https:\/\/guineediversite.com\/index.php\/2020\/08\/05\/un-collectif-guineen-porte-plainte-en-france-contre-alpha-conde-pour-corruption\/"]}]},{"@type":"ImageObject","inLanguage":"fr-FR","@id":"https:\/\/guineediversite.com\/index.php\/2020\/08\/05\/un-collectif-guineen-porte-plainte-en-france-contre-alpha-conde-pour-corruption\/#primaryimage","url":"https:\/\/guineediversite.com\/wp-content\/uploads\/2020\/08\/Le-pr\u00e9sident-guin\u00e9en-Alpha-Cond\u00e9..jpg","contentUrl":"https:\/\/guineediversite.com\/wp-content\/uploads\/2020\/08\/Le-pr\u00e9sident-guin\u00e9en-Alpha-Cond\u00e9..jpg","width":1500,"height":1124},{"@type":"BreadcrumbList","@id":"https:\/\/guineediversite.com\/index.php\/2020\/08\/05\/un-collectif-guineen-porte-plainte-en-france-contre-alpha-conde-pour-corruption\/#breadcrumb","itemListElement":[{"@type":"ListItem","position":1,"name":"Accueil","item":"https:\/\/guineediversite.com\/"},{"@type":"ListItem","position":2,"name":"Un collectif guin\u00e9en porte plainte en France contre Alpha Cond\u00e9 pour corruption"}]},{"@type":"WebSite","@id":"https:\/\/guineediversite.com\/#website","url":"https:\/\/guineediversite.com\/","name":"Guin\u00e9e Diversit\u00e9","description":"L&#039;Info dans toute sa diversit\u00e9","publisher":{"@id":"https:\/\/guineediversite.com\/#organization"},"potentialAction":[{"@type":"SearchAction","target":{"@type":"EntryPoint","urlTemplate":"https:\/\/guineediversite.com\/?s={search_term_string}"},"query-input":{"@type":"PropertyValueSpecification","valueRequired":true,"valueName":"search_term_string"}}],"inLanguage":"fr-FR"},{"@type":"Organization","@id":"https:\/\/guineediversite.com\/#organization","name":"Guin\u00e9e Diversit\u00e9","url":"https:\/\/guineediversite.com\/","logo":{"@type":"ImageObject","inLanguage":"fr-FR","@id":"https:\/\/guineediversite.com\/#\/schema\/logo\/image\/","url":"https:\/\/guineediversite.com\/wp-content\/uploads\/2017\/04\/cropped-1jojlxEOMkX9Wyqfhe43D6kjPOGqBBKmx3EwWJqZ0cMrFF54yM49.png","contentUrl":"https:\/\/guineediversite.com\/wp-content\/uploads\/2017\/04\/cropped-1jojlxEOMkX9Wyqfhe43D6kjPOGqBBKmx3EwWJqZ0cMrFF54yM49.png","width":186,"height":112,"caption":"Guin\u00e9e Diversit\u00e9"},"image":{"@id":"https:\/\/guineediversite.com\/#\/schema\/logo\/image\/"},"sameAs":["https:\/\/www.facebook.com\/guineediversite\/","https:\/\/x.com\/GuineeDiversite","https:\/\/www.youtube.com\/channel\/UC8sUY16qelG5ge6_D5SB83g"]},{"@type":"Person","@id":"https:\/\/guineediversite.com\/#\/schema\/person\/afa08fb34e7fc6e1feafc892612bc836","name":"Guin\u00e9e Diversit\u00e9","image":{"@type":"ImageObject","inLanguage":"fr-FR","@id":"https:\/\/guineediversite.com\/#\/schema\/person\/image\/","url":"https:\/\/secure.gravatar.com\/avatar\/50d5eb5b390f8b65ac30ac6f898eb83a?s=96&d=mm&r=g","contentUrl":"https:\/\/secure.gravatar.com\/avatar\/50d5eb5b390f8b65ac30ac6f898eb83a?s=96&d=mm&r=g","caption":"Guin\u00e9e Diversit\u00e9"},"url":"https:\/\/guineediversite.com\/index.php\/author\/guineediversite\/"}]}},"_links":{"self":[{"href":"https:\/\/guineediversite.com\/index.php\/wp-json\/wp\/v2\/posts\/30302"}],"collection":[{"href":"https:\/\/guineediversite.com\/index.php\/wp-json\/wp\/v2\/posts"}],"about":[{"href":"https:\/\/guineediversite.com\/index.php\/wp-json\/wp\/v2\/types\/post"}],"author":[{"embeddable":true,"href":"https:\/\/guineediversite.com\/index.php\/wp-json\/wp\/v2\/users\/12"}],"replies":[{"embeddable":true,"href":"https:\/\/guineediversite.com\/index.php\/wp-json\/wp\/v2\/comments?post=30302"}],"version-history":[{"count":1,"href":"https:\/\/guineediversite.com\/index.php\/wp-json\/wp\/v2\/posts\/30302\/revisions"}],"predecessor-version":[{"id":30304,"href":"https:\/\/guineediversite.com\/index.php\/wp-json\/wp\/v2\/posts\/30302\/revisions\/30304"}],"wp:featuredmedia":[{"embeddable":true,"href":"https:\/\/guineediversite.com\/index.php\/wp-json\/wp\/v2\/media\/30303"}],"wp:attachment":[{"href":"https:\/\/guineediversite.com\/index.php\/wp-json\/wp\/v2\/media?parent=30302"}],"wp:term":[{"taxonomy":"category","embeddable":true,"href":"https:\/\/guineediversite.com\/index.php\/wp-json\/wp\/v2\/categories?post=30302"},{"taxonomy":"post_tag","embeddable":true,"href":"https:\/\/guineediversite.com\/index.php\/wp-json\/wp\/v2\/tags?post=30302"}],"curies":[{"name":"wp","href":"https:\/\/api.w.org\/{rel}","templated":true}]}}