{"id":30299,"date":"2020-08-05T16:11:11","date_gmt":"2020-08-05T14:11:11","guid":{"rendered":"https:\/\/guineediversite.com\/?p=30299"},"modified":"2020-08-05T16:11:11","modified_gmt":"2020-08-05T14:11:11","slug":"les-burkinabe-font-leur-bilan-de-60-annees-dindependance","status":"publish","type":"post","link":"https:\/\/guineediversite.com\/index.php\/2020\/08\/05\/les-burkinabe-font-leur-bilan-de-60-annees-dindependance\/","title":{"rendered":"Les Burkinab\u00e8 font leur bilan de 60 ann\u00e9es d\u2019ind\u00e9pendance"},"content":{"rendered":"<p>Difficile de r\u00e9sumer en quelques mots comment le pays a chang\u00e9 en 60 ans d\u2019ind\u00e9pendance, mais les Burkinab\u00e8 ont leur point de vue. Bilan en demi-teinte, m\u00eame si la crise terroriste qui s\u2019est empar\u00e9e du pays ces derni\u00e8res ann\u00e9es l\u2019a fortement assombri.<\/p>\n<p>Le Burkina Faso a connu des changements remarquables apr\u00e8s une p\u00e9riode d\u2019instabilit\u00e9 politique, selon Alassane Sombie, un septuag\u00e9naire\u00a0: \u00ab\u00a0<em>Il a fallu la r\u00e9volution d\u2019abord pour ouvrir les voies. Les r\u00e9alisations sont \u00e9normes. Le Burkina Faso est venu de tr\u00e8s loin<\/em>\u00a0<em>\u00bb.<\/em><\/p>\n<p>C\u2019est surtout au niveau de la libert\u00e9 d\u2019expression et au niveau politique que le pays a fait des avanc\u00e9es, souligne l\u2019enseignant chercheur Serge Th\u00e9ophile Balima\u00a0: \u00ab\u00a0<em>Le pluralisme m\u00e9diatique s\u2019est install\u00e9. On a conquis aussi des espaces de libert\u00e9, ce qui est tout \u00e0 fait remarquable. Le fait d\u2019avoir autoris\u00e9 la cr\u00e9ation tr\u00e8s facile de partis politiques. Et il faut dire aussi que ce qui a chang\u00e9, c\u2019est quand m\u00eame le niveau de scolarisation qui a quand m\u00eame suffisamment \u00e9volu\u00e9, m\u00eame si les d\u00e9ficites restent encore \u00e9norme<\/em>\u00a0\u00bb<em>.<\/em><\/p>\n<p>Publici<strong>Des Burkinab\u00e8 restent critiques<\/strong><\/p>\n<p>Dans plusieurs domaines, il reste des efforts \u00e0 fournir, confie Soumane Tour\u00e9, chef du Parti de l\u2019ind\u00e9pendance du travail et de la justice\u00a0 : \u00ab\u00a0<em>L\u2019attente des populations est grande aujourd\u2019hui, surtout ces questions fondamentales de sant\u00e9, de production, de l\u2019autosuffisance alimentaire. On a tous un probl\u00e8me\u00a0\u00bb.<\/em><\/p>\n<p>Pour d\u2019autres Burkinab\u00e8, leur pays a connu un v\u00e9ritable recul\u00a0: \u00ab\u00a0<em>Nous avons r\u00e9gress\u00e9. Nous avons des fronti\u00e8res que nous n\u2019arrivons plus \u00e0 maitriser, notamment dans le Soum, dans le Yagha, \u00e0 l\u2019Est, au Nord. Si \u00e7a continue comme \u00e7a, \u00e7a nous inqui\u00e8te<\/em>\u00a0<em>\u00bb.<\/em><\/p>\n<p>Selon le professeur Serge Th\u00e9ophile Balima, il faudra mettre l\u2019accent sur la consciente citoyenne et la d\u00e9fense de certaines valeurs patriotiques dont le pays a besoin pour un d\u00e9veloppement harmonieux et durable.<\/p>\n<p><strong>RFI<\/strong><\/p>\n<p>&nbsp;<\/p>\n","protected":false},"excerpt":{"rendered":"<p>Difficile de r\u00e9sumer en quelques mots comment le pays a chang\u00e9 en 60 ans d\u2019ind\u00e9pendance, mais les Burkinab\u00e8 ont leur point de vue. Bilan en demi-teinte, m\u00eame si la crise terroriste qui s\u2019est empar\u00e9e du pays ces derni\u00e8res ann\u00e9es l\u2019a fortement assombri. Le Burkina Faso a connu des changements remarquables apr\u00e8s une p\u00e9riode d\u2019instabilit\u00e9 politique, [&hellip;]<\/p>\n","protected":false},"author":12,"featured_media":30300,"comment_status":"closed","ping_status":"open","sticky":false,"template":"","format":"standard","meta":{"_exactmetrics_skip_tracking":false,"_exactmetrics_sitenote_active":false,"_exactmetrics_sitenote_note":"","_exactmetrics_sitenote_category":0,"tdm_status":"","tdm_grid_status":"","footnotes":""},"categories":[21],"tags":[],"class_list":{"0":"post-30299","1":"post","2":"type-post","3":"status-publish","4":"format-standard","5":"has-post-thumbnail","7":"category-international"},"yoast_head":"<!-- This site is optimized with the Yoast SEO plugin v24.2 - https:\/\/yoast.com\/wordpress\/plugins\/seo\/ -->\n<title>Les Burkinab\u00e8 font leur bilan de 60 ann\u00e9es d\u2019ind\u00e9pendance | Guin\u00e9e Diversit\u00e9<\/title>\n<meta name=\"robots\" content=\"index, follow, max-snippet:-1, max-image-preview:large, max-video-preview:-1\" \/>\n<link rel=\"canonical\" href=\"https:\/\/guineediversite.com\/index.php\/2020\/08\/05\/les-burkinabe-font-leur-bilan-de-60-annees-dindependance\/\" \/>\n<meta property=\"og:locale\" content=\"fr_FR\" \/>\n<meta property=\"og:type\" content=\"article\" \/>\n<meta property=\"og:title\" content=\"Les Burkinab\u00e8 font leur bilan de 60 ann\u00e9es d\u2019ind\u00e9pendance | Guin\u00e9e Diversit\u00e9\" \/>\n<meta property=\"og:description\" content=\"Difficile de r\u00e9sumer en quelques mots comment le pays a chang\u00e9 en 60 ans d\u2019ind\u00e9pendance, mais les Burkinab\u00e8 ont leur point de vue. Bilan en demi-teinte, m\u00eame si la crise terroriste qui s\u2019est empar\u00e9e du pays ces derni\u00e8res ann\u00e9es l\u2019a fortement assombri. Le Burkina Faso a connu des changements remarquables apr\u00e8s une p\u00e9riode d\u2019instabilit\u00e9 politique, [&hellip;]\" \/>\n<meta property=\"og:url\" content=\"https:\/\/guineediversite.com\/index.php\/2020\/08\/05\/les-burkinabe-font-leur-bilan-de-60-annees-dindependance\/\" \/>\n<meta property=\"og:site_name\" content=\"Guin\u00e9e Diversit\u00e9\" \/>\n<meta property=\"article:publisher\" content=\"https:\/\/www.facebook.com\/guineediversite\/\" \/>\n<meta property=\"article:published_time\" content=\"2020-08-05T14:11:11+00:00\" \/>\n<meta property=\"og:image\" content=\"https:\/\/guineediversite.com\/wp-content\/uploads\/2020\/08\/Des-burkinab\u00e8-dans-le-march\u00e9-de-Rood-Woko-\u00e0-Ouagadougou-en-avril-2020-image-dillustration..jpg\" \/>\n\t<meta property=\"og:image:width\" content=\"1500\" \/>\n\t<meta property=\"og:image:height\" content=\"840\" \/>\n\t<meta property=\"og:image:type\" content=\"image\/jpeg\" \/>\n<meta name=\"author\" content=\"Guin\u00e9e Diversit\u00e9\" \/>\n<meta name=\"twitter:card\" content=\"summary_large_image\" \/>\n<meta name=\"twitter:creator\" content=\"@GuineeDiversite\" \/>\n<meta name=\"twitter:site\" content=\"@GuineeDiversite\" \/>\n<meta name=\"twitter:label1\" content=\"\u00c9crit par\" \/>\n\t<meta name=\"twitter:data1\" content=\"Guin\u00e9e Diversit\u00e9\" \/>\n\t<meta name=\"twitter:label2\" content=\"Dur\u00e9e de lecture estim\u00e9e\" \/>\n\t<meta name=\"twitter:data2\" content=\"2 minutes\" \/>\n<script type=\"application\/ld+json\" class=\"yoast-schema-graph\">{\"@context\":\"https:\/\/schema.org\",\"@graph\":[{\"@type\":\"Article\",\"@id\":\"https:\/\/guineediversite.com\/index.php\/2020\/08\/05\/les-burkinabe-font-leur-bilan-de-60-annees-dindependance\/#article\",\"isPartOf\":{\"@id\":\"https:\/\/guineediversite.com\/index.php\/2020\/08\/05\/les-burkinabe-font-leur-bilan-de-60-annees-dindependance\/\"},\"author\":{\"name\":\"Guin\u00e9e Diversit\u00e9\",\"@id\":\"https:\/\/guineediversite.com\/#\/schema\/person\/afa08fb34e7fc6e1feafc892612bc836\"},\"headline\":\"Les Burkinab\u00e8 font leur bilan de 60 ann\u00e9es d\u2019ind\u00e9pendance\",\"datePublished\":\"2020-08-05T14:11:11+00:00\",\"dateModified\":\"2020-08-05T14:11:11+00:00\",\"mainEntityOfPage\":{\"@id\":\"https:\/\/guineediversite.com\/index.php\/2020\/08\/05\/les-burkinabe-font-leur-bilan-de-60-annees-dindependance\/\"},\"wordCount\":348,\"publisher\":{\"@id\":\"https:\/\/guineediversite.com\/#organization\"},\"image\":{\"@id\":\"https:\/\/guineediversite.com\/index.php\/2020\/08\/05\/les-burkinabe-font-leur-bilan-de-60-annees-dindependance\/#primaryimage\"},\"thumbnailUrl\":\"https:\/\/guineediversite.com\/wp-content\/uploads\/2020\/08\/Des-burkinab\u00e8-dans-le-march\u00e9-de-Rood-Woko-\u00e0-Ouagadougou-en-avril-2020-image-dillustration..jpg\",\"articleSection\":[\"International\"],\"inLanguage\":\"fr-FR\"},{\"@type\":\"WebPage\",\"@id\":\"https:\/\/guineediversite.com\/index.php\/2020\/08\/05\/les-burkinabe-font-leur-bilan-de-60-annees-dindependance\/\",\"url\":\"https:\/\/guineediversite.com\/index.php\/2020\/08\/05\/les-burkinabe-font-leur-bilan-de-60-annees-dindependance\/\",\"name\":\"Les Burkinab\u00e8 font leur bilan de 60 ann\u00e9es d\u2019ind\u00e9pendance | Guin\u00e9e Diversit\u00e9\",\"isPartOf\":{\"@id\":\"https:\/\/guineediversite.com\/#website\"},\"primaryImageOfPage\":{\"@id\":\"https:\/\/guineediversite.com\/index.php\/2020\/08\/05\/les-burkinabe-font-leur-bilan-de-60-annees-dindependance\/#primaryimage\"},\"image\":{\"@id\":\"https:\/\/guineediversite.com\/index.php\/2020\/08\/05\/les-burkinabe-font-leur-bilan-de-60-annees-dindependance\/#primaryimage\"},\"thumbnailUrl\":\"https:\/\/guineediversite.com\/wp-content\/uploads\/2020\/08\/Des-burkinab\u00e8-dans-le-march\u00e9-de-Rood-Woko-\u00e0-Ouagadougou-en-avril-2020-image-dillustration..jpg\",\"datePublished\":\"2020-08-05T14:11:11+00:00\",\"dateModified\":\"2020-08-05T14:11:11+00:00\",\"breadcrumb\":{\"@id\":\"https:\/\/guineediversite.com\/index.php\/2020\/08\/05\/les-burkinabe-font-leur-bilan-de-60-annees-dindependance\/#breadcrumb\"},\"inLanguage\":\"fr-FR\",\"potentialAction\":[{\"@type\":\"ReadAction\",\"target\":[\"https:\/\/guineediversite.com\/index.php\/2020\/08\/05\/les-burkinabe-font-leur-bilan-de-60-annees-dindependance\/\"]}]},{\"@type\":\"ImageObject\",\"inLanguage\":\"fr-FR\",\"@id\":\"https:\/\/guineediversite.com\/index.php\/2020\/08\/05\/les-burkinabe-font-leur-bilan-de-60-annees-dindependance\/#primaryimage\",\"url\":\"https:\/\/guineediversite.com\/wp-content\/uploads\/2020\/08\/Des-burkinab\u00e8-dans-le-march\u00e9-de-Rood-Woko-\u00e0-Ouagadougou-en-avril-2020-image-dillustration..jpg\",\"contentUrl\":\"https:\/\/guineediversite.com\/wp-content\/uploads\/2020\/08\/Des-burkinab\u00e8-dans-le-march\u00e9-de-Rood-Woko-\u00e0-Ouagadougou-en-avril-2020-image-dillustration..jpg\",\"width\":1500,\"height\":840},{\"@type\":\"BreadcrumbList\",\"@id\":\"https:\/\/guineediversite.com\/index.php\/2020\/08\/05\/les-burkinabe-font-leur-bilan-de-60-annees-dindependance\/#breadcrumb\",\"itemListElement\":[{\"@type\":\"ListItem\",\"position\":1,\"name\":\"Accueil\",\"item\":\"https:\/\/guineediversite.com\/\"},{\"@type\":\"ListItem\",\"position\":2,\"name\":\"Les Burkinab\u00e8 font leur bilan de 60 ann\u00e9es d\u2019ind\u00e9pendance\"}]},{\"@type\":\"WebSite\",\"@id\":\"https:\/\/guineediversite.com\/#website\",\"url\":\"https:\/\/guineediversite.com\/\",\"name\":\"Guin\u00e9e Diversit\u00e9\",\"description\":\"L&#039;Info dans toute sa diversit\u00e9\",\"publisher\":{\"@id\":\"https:\/\/guineediversite.com\/#organization\"},\"potentialAction\":[{\"@type\":\"SearchAction\",\"target\":{\"@type\":\"EntryPoint\",\"urlTemplate\":\"https:\/\/guineediversite.com\/?s={search_term_string}\"},\"query-input\":{\"@type\":\"PropertyValueSpecification\",\"valueRequired\":true,\"valueName\":\"search_term_string\"}}],\"inLanguage\":\"fr-FR\"},{\"@type\":\"Organization\",\"@id\":\"https:\/\/guineediversite.com\/#organization\",\"name\":\"Guin\u00e9e Diversit\u00e9\",\"url\":\"https:\/\/guineediversite.com\/\",\"logo\":{\"@type\":\"ImageObject\",\"inLanguage\":\"fr-FR\",\"@id\":\"https:\/\/guineediversite.com\/#\/schema\/logo\/image\/\",\"url\":\"https:\/\/guineediversite.com\/wp-content\/uploads\/2017\/04\/cropped-1jojlxEOMkX9Wyqfhe43D6kjPOGqBBKmx3EwWJqZ0cMrFF54yM49.png\",\"contentUrl\":\"https:\/\/guineediversite.com\/wp-content\/uploads\/2017\/04\/cropped-1jojlxEOMkX9Wyqfhe43D6kjPOGqBBKmx3EwWJqZ0cMrFF54yM49.png\",\"width\":186,\"height\":112,\"caption\":\"Guin\u00e9e Diversit\u00e9\"},\"image\":{\"@id\":\"https:\/\/guineediversite.com\/#\/schema\/logo\/image\/\"},\"sameAs\":[\"https:\/\/www.facebook.com\/guineediversite\/\",\"https:\/\/x.com\/GuineeDiversite\",\"https:\/\/www.youtube.com\/channel\/UC8sUY16qelG5ge6_D5SB83g\"]},{\"@type\":\"Person\",\"@id\":\"https:\/\/guineediversite.com\/#\/schema\/person\/afa08fb34e7fc6e1feafc892612bc836\",\"name\":\"Guin\u00e9e Diversit\u00e9\",\"image\":{\"@type\":\"ImageObject\",\"inLanguage\":\"fr-FR\",\"@id\":\"https:\/\/guineediversite.com\/#\/schema\/person\/image\/\",\"url\":\"https:\/\/secure.gravatar.com\/avatar\/50d5eb5b390f8b65ac30ac6f898eb83a?s=96&d=mm&r=g\",\"contentUrl\":\"https:\/\/secure.gravatar.com\/avatar\/50d5eb5b390f8b65ac30ac6f898eb83a?s=96&d=mm&r=g\",\"caption\":\"Guin\u00e9e Diversit\u00e9\"},\"url\":\"https:\/\/guineediversite.com\/index.php\/author\/guineediversite\/\"}]}<\/script>\n<!-- \/ Yoast SEO plugin. -->","yoast_head_json":{"title":"Les Burkinab\u00e8 font leur bilan de 60 ann\u00e9es d\u2019ind\u00e9pendance | Guin\u00e9e Diversit\u00e9","robots":{"index":"index","follow":"follow","max-snippet":"max-snippet:-1","max-image-preview":"max-image-preview:large","max-video-preview":"max-video-preview:-1"},"canonical":"https:\/\/guineediversite.com\/index.php\/2020\/08\/05\/les-burkinabe-font-leur-bilan-de-60-annees-dindependance\/","og_locale":"fr_FR","og_type":"article","og_title":"Les Burkinab\u00e8 font leur bilan de 60 ann\u00e9es d\u2019ind\u00e9pendance | Guin\u00e9e Diversit\u00e9","og_description":"Difficile de r\u00e9sumer en quelques mots comment le pays a chang\u00e9 en 60 ans d\u2019ind\u00e9pendance, mais les Burkinab\u00e8 ont leur point de vue. Bilan en demi-teinte, m\u00eame si la crise terroriste qui s\u2019est empar\u00e9e du pays ces derni\u00e8res ann\u00e9es l\u2019a fortement assombri. Le Burkina Faso a connu des changements remarquables apr\u00e8s une p\u00e9riode d\u2019instabilit\u00e9 politique, [&hellip;]","og_url":"https:\/\/guineediversite.com\/index.php\/2020\/08\/05\/les-burkinabe-font-leur-bilan-de-60-annees-dindependance\/","og_site_name":"Guin\u00e9e Diversit\u00e9","article_publisher":"https:\/\/www.facebook.com\/guineediversite\/","article_published_time":"2020-08-05T14:11:11+00:00","og_image":[{"width":1500,"height":840,"url":"https:\/\/guineediversite.com\/wp-content\/uploads\/2020\/08\/Des-burkinab\u00e8-dans-le-march\u00e9-de-Rood-Woko-\u00e0-Ouagadougou-en-avril-2020-image-dillustration..jpg","type":"image\/jpeg"}],"author":"Guin\u00e9e Diversit\u00e9","twitter_card":"summary_large_image","twitter_creator":"@GuineeDiversite","twitter_site":"@GuineeDiversite","twitter_misc":{"\u00c9crit par":"Guin\u00e9e Diversit\u00e9","Dur\u00e9e de lecture estim\u00e9e":"2 minutes"},"schema":{"@context":"https:\/\/schema.org","@graph":[{"@type":"Article","@id":"https:\/\/guineediversite.com\/index.php\/2020\/08\/05\/les-burkinabe-font-leur-bilan-de-60-annees-dindependance\/#article","isPartOf":{"@id":"https:\/\/guineediversite.com\/index.php\/2020\/08\/05\/les-burkinabe-font-leur-bilan-de-60-annees-dindependance\/"},"author":{"name":"Guin\u00e9e Diversit\u00e9","@id":"https:\/\/guineediversite.com\/#\/schema\/person\/afa08fb34e7fc6e1feafc892612bc836"},"headline":"Les Burkinab\u00e8 font leur bilan de 60 ann\u00e9es d\u2019ind\u00e9pendance","datePublished":"2020-08-05T14:11:11+00:00","dateModified":"2020-08-05T14:11:11+00:00","mainEntityOfPage":{"@id":"https:\/\/guineediversite.com\/index.php\/2020\/08\/05\/les-burkinabe-font-leur-bilan-de-60-annees-dindependance\/"},"wordCount":348,"publisher":{"@id":"https:\/\/guineediversite.com\/#organization"},"image":{"@id":"https:\/\/guineediversite.com\/index.php\/2020\/08\/05\/les-burkinabe-font-leur-bilan-de-60-annees-dindependance\/#primaryimage"},"thumbnailUrl":"https:\/\/guineediversite.com\/wp-content\/uploads\/2020\/08\/Des-burkinab\u00e8-dans-le-march\u00e9-de-Rood-Woko-\u00e0-Ouagadougou-en-avril-2020-image-dillustration..jpg","articleSection":["International"],"inLanguage":"fr-FR"},{"@type":"WebPage","@id":"https:\/\/guineediversite.com\/index.php\/2020\/08\/05\/les-burkinabe-font-leur-bilan-de-60-annees-dindependance\/","url":"https:\/\/guineediversite.com\/index.php\/2020\/08\/05\/les-burkinabe-font-leur-bilan-de-60-annees-dindependance\/","name":"Les Burkinab\u00e8 font leur bilan de 60 ann\u00e9es d\u2019ind\u00e9pendance | Guin\u00e9e Diversit\u00e9","isPartOf":{"@id":"https:\/\/guineediversite.com\/#website"},"primaryImageOfPage":{"@id":"https:\/\/guineediversite.com\/index.php\/2020\/08\/05\/les-burkinabe-font-leur-bilan-de-60-annees-dindependance\/#primaryimage"},"image":{"@id":"https:\/\/guineediversite.com\/index.php\/2020\/08\/05\/les-burkinabe-font-leur-bilan-de-60-annees-dindependance\/#primaryimage"},"thumbnailUrl":"https:\/\/guineediversite.com\/wp-content\/uploads\/2020\/08\/Des-burkinab\u00e8-dans-le-march\u00e9-de-Rood-Woko-\u00e0-Ouagadougou-en-avril-2020-image-dillustration..jpg","datePublished":"2020-08-05T14:11:11+00:00","dateModified":"2020-08-05T14:11:11+00:00","breadcrumb":{"@id":"https:\/\/guineediversite.com\/index.php\/2020\/08\/05\/les-burkinabe-font-leur-bilan-de-60-annees-dindependance\/#breadcrumb"},"inLanguage":"fr-FR","potentialAction":[{"@type":"ReadAction","target":["https:\/\/guineediversite.com\/index.php\/2020\/08\/05\/les-burkinabe-font-leur-bilan-de-60-annees-dindependance\/"]}]},{"@type":"ImageObject","inLanguage":"fr-FR","@id":"https:\/\/guineediversite.com\/index.php\/2020\/08\/05\/les-burkinabe-font-leur-bilan-de-60-annees-dindependance\/#primaryimage","url":"https:\/\/guineediversite.com\/wp-content\/uploads\/2020\/08\/Des-burkinab\u00e8-dans-le-march\u00e9-de-Rood-Woko-\u00e0-Ouagadougou-en-avril-2020-image-dillustration..jpg","contentUrl":"https:\/\/guineediversite.com\/wp-content\/uploads\/2020\/08\/Des-burkinab\u00e8-dans-le-march\u00e9-de-Rood-Woko-\u00e0-Ouagadougou-en-avril-2020-image-dillustration..jpg","width":1500,"height":840},{"@type":"BreadcrumbList","@id":"https:\/\/guineediversite.com\/index.php\/2020\/08\/05\/les-burkinabe-font-leur-bilan-de-60-annees-dindependance\/#breadcrumb","itemListElement":[{"@type":"ListItem","position":1,"name":"Accueil","item":"https:\/\/guineediversite.com\/"},{"@type":"ListItem","position":2,"name":"Les Burkinab\u00e8 font leur bilan de 60 ann\u00e9es d\u2019ind\u00e9pendance"}]},{"@type":"WebSite","@id":"https:\/\/guineediversite.com\/#website","url":"https:\/\/guineediversite.com\/","name":"Guin\u00e9e Diversit\u00e9","description":"L&#039;Info dans toute sa diversit\u00e9","publisher":{"@id":"https:\/\/guineediversite.com\/#organization"},"potentialAction":[{"@type":"SearchAction","target":{"@type":"EntryPoint","urlTemplate":"https:\/\/guineediversite.com\/?s={search_term_string}"},"query-input":{"@type":"PropertyValueSpecification","valueRequired":true,"valueName":"search_term_string"}}],"inLanguage":"fr-FR"},{"@type":"Organization","@id":"https:\/\/guineediversite.com\/#organization","name":"Guin\u00e9e Diversit\u00e9","url":"https:\/\/guineediversite.com\/","logo":{"@type":"ImageObject","inLanguage":"fr-FR","@id":"https:\/\/guineediversite.com\/#\/schema\/logo\/image\/","url":"https:\/\/guineediversite.com\/wp-content\/uploads\/2017\/04\/cropped-1jojlxEOMkX9Wyqfhe43D6kjPOGqBBKmx3EwWJqZ0cMrFF54yM49.png","contentUrl":"https:\/\/guineediversite.com\/wp-content\/uploads\/2017\/04\/cropped-1jojlxEOMkX9Wyqfhe43D6kjPOGqBBKmx3EwWJqZ0cMrFF54yM49.png","width":186,"height":112,"caption":"Guin\u00e9e Diversit\u00e9"},"image":{"@id":"https:\/\/guineediversite.com\/#\/schema\/logo\/image\/"},"sameAs":["https:\/\/www.facebook.com\/guineediversite\/","https:\/\/x.com\/GuineeDiversite","https:\/\/www.youtube.com\/channel\/UC8sUY16qelG5ge6_D5SB83g"]},{"@type":"Person","@id":"https:\/\/guineediversite.com\/#\/schema\/person\/afa08fb34e7fc6e1feafc892612bc836","name":"Guin\u00e9e Diversit\u00e9","image":{"@type":"ImageObject","inLanguage":"fr-FR","@id":"https:\/\/guineediversite.com\/#\/schema\/person\/image\/","url":"https:\/\/secure.gravatar.com\/avatar\/50d5eb5b390f8b65ac30ac6f898eb83a?s=96&d=mm&r=g","contentUrl":"https:\/\/secure.gravatar.com\/avatar\/50d5eb5b390f8b65ac30ac6f898eb83a?s=96&d=mm&r=g","caption":"Guin\u00e9e Diversit\u00e9"},"url":"https:\/\/guineediversite.com\/index.php\/author\/guineediversite\/"}]}},"_links":{"self":[{"href":"https:\/\/guineediversite.com\/index.php\/wp-json\/wp\/v2\/posts\/30299"}],"collection":[{"href":"https:\/\/guineediversite.com\/index.php\/wp-json\/wp\/v2\/posts"}],"about":[{"href":"https:\/\/guineediversite.com\/index.php\/wp-json\/wp\/v2\/types\/post"}],"author":[{"embeddable":true,"href":"https:\/\/guineediversite.com\/index.php\/wp-json\/wp\/v2\/users\/12"}],"replies":[{"embeddable":true,"href":"https:\/\/guineediversite.com\/index.php\/wp-json\/wp\/v2\/comments?post=30299"}],"version-history":[{"count":1,"href":"https:\/\/guineediversite.com\/index.php\/wp-json\/wp\/v2\/posts\/30299\/revisions"}],"predecessor-version":[{"id":30301,"href":"https:\/\/guineediversite.com\/index.php\/wp-json\/wp\/v2\/posts\/30299\/revisions\/30301"}],"wp:featuredmedia":[{"embeddable":true,"href":"https:\/\/guineediversite.com\/index.php\/wp-json\/wp\/v2\/media\/30300"}],"wp:attachment":[{"href":"https:\/\/guineediversite.com\/index.php\/wp-json\/wp\/v2\/media?parent=30299"}],"wp:term":[{"taxonomy":"category","embeddable":true,"href":"https:\/\/guineediversite.com\/index.php\/wp-json\/wp\/v2\/categories?post=30299"},{"taxonomy":"post_tag","embeddable":true,"href":"https:\/\/guineediversite.com\/index.php\/wp-json\/wp\/v2\/tags?post=30299"}],"curies":[{"name":"wp","href":"https:\/\/api.w.org\/{rel}","templated":true}]}}