{"id":30293,"date":"2020-08-05T15:39:56","date_gmt":"2020-08-05T13:39:56","guid":{"rendered":"https:\/\/guineediversite.com\/?p=30293"},"modified":"2020-08-05T15:39:56","modified_gmt":"2020-08-05T13:39:56","slug":"aminata-toure-la-mairesse-de-kaloum-lance-les-premieres-epreuves-de-lexamen-dentree-en-7eme-annee","status":"publish","type":"post","link":"https:\/\/guineediversite.com\/index.php\/2020\/08\/05\/aminata-toure-la-mairesse-de-kaloum-lance-les-premieres-epreuves-de-lexamen-dentree-en-7eme-annee\/","title":{"rendered":"Aminata Tour\u00e9 la mairesse de Kaloum lance les premi\u00e8res \u00e9preuves de l\u2019examen d\u2019entr\u00e9e en 7\u00e8me ann\u00e9e"},"content":{"rendered":"<p>C\u2019est dans l\u2019\u00e9cole primaire de Tombo que la premi\u00e8re responsable de la ville de Kaloum a lanc\u00e9 la premi\u00e8re \u00e9preuve de l\u2019examen d\u2019entr\u00e9e en secondaire ce lundi 05 Ao\u00fbt 2020.<\/p>\n<p>Pour la session 2020, 2127 candidats sont appel\u00e9s \u00e0 affronter l\u2019examen d\u2019entr\u00e9e en 7e ann\u00e9e dans ladite commune. 2070 dont 901 filles \u00e0 l\u2019enseignement g\u00e9n\u00e9ral et 57 candidats dont 16 filles au niveau du franco-Arabe.<\/p>\n<p>Noumouk\u00e8 Dioubat\u00e9 repr\u00e9sentant du minist\u00e8re de l\u2019\u00c9ducation nationale a dans ces propos \u00e9voqu\u00e9 les dispositions prises pour la tenue des examens nationaux sans contracter la covid-19.<\/p>\n<p>\u00ab <em>Le mot d\u2019ordre c\u2019est tol\u00e9ranc\u00e9 z\u00e9ro comme les ann\u00e9es pr\u00e9c\u00e9dentes. Pour ce qui est des dispositions d\u2019ordre sanitaire, il y a les kits sanitaires un peu partout \u00e0 partir de \u00e7a aussi nous avons tenu compte des raciaux \u00e9l\u00e8ves par salle de classe pour qu\u2019il y est respect de distanciation sociale<\/em> \u00bb, a-t-il martel\u00e9.<\/p>\n<p>Aminata Tour\u00e9 maire de la commune de Kaloum a dans son message prodigu\u00e9 des conseils aux candidats avant de lancer officiellement l\u2019\u00e9preuve. Elle dira,\u00ab <em>nous avons commenc\u00e9 par encourager les candidats, parce que ces jeunes sont l\u2019espoir de la Guin\u00e9e. C\u2019est aussi la souhait\u00e9e tr\u00e8s bonne chance, de passer ces examens dans la discipline sans la fraude qui est d\u2019ailleurs impossible avec la distanciation sociale qui est tr\u00e8s bien respect\u00e9e, bon courage aux \u00e9l\u00e8ves<\/em> \u00bb.<\/p>\n<p>Pour des examens sans cov id19, les kits de lavage des mains \u00e9taient install\u00e9s devant les salles et chaque \u00e9l\u00e8ve portait sa bavette.<\/p>\n<p>Il faut souligner que la commune de Kaloum compte 7 centres d\u2019examens dont 1 \u00e0 Kassa pour 148 surveillants.<\/p>\n","protected":false},"excerpt":{"rendered":"<p>C\u2019est dans l\u2019\u00e9cole primaire de Tombo que la premi\u00e8re responsable de la ville de Kaloum a lanc\u00e9 la premi\u00e8re \u00e9preuve de l\u2019examen d\u2019entr\u00e9e en secondaire ce lundi 05 Ao\u00fbt 2020. Pour la session 2020, 2127 candidats sont appel\u00e9s \u00e0 affronter l\u2019examen d\u2019entr\u00e9e en 7e ann\u00e9e dans ladite commune. 2070 dont 901 filles \u00e0 l\u2019enseignement g\u00e9n\u00e9ral [&hellip;]<\/p>\n","protected":false},"author":7,"featured_media":30294,"comment_status":"closed","ping_status":"open","sticky":false,"template":"","format":"standard","meta":{"_exactmetrics_skip_tracking":false,"_exactmetrics_sitenote_active":false,"_exactmetrics_sitenote_note":"","_exactmetrics_sitenote_category":0,"tdm_status":"","tdm_grid_status":"","footnotes":""},"categories":[16],"tags":[],"class_list":{"0":"post-30293","1":"post","2":"type-post","3":"status-publish","4":"format-standard","5":"has-post-thumbnail","7":"category-societe"},"yoast_head":"<!-- This site is optimized with the Yoast SEO plugin v24.2 - https:\/\/yoast.com\/wordpress\/plugins\/seo\/ -->\n<title>Aminata Tour\u00e9 la mairesse de Kaloum lance les premi\u00e8res \u00e9preuves de l\u2019examen d\u2019entr\u00e9e en 7\u00e8me ann\u00e9e | Guin\u00e9e Diversit\u00e9<\/title>\n<meta name=\"robots\" content=\"index, follow, max-snippet:-1, max-image-preview:large, max-video-preview:-1\" \/>\n<link rel=\"canonical\" href=\"https:\/\/guineediversite.com\/index.php\/2020\/08\/05\/aminata-toure-la-mairesse-de-kaloum-lance-les-premieres-epreuves-de-lexamen-dentree-en-7eme-annee\/\" \/>\n<meta property=\"og:locale\" content=\"fr_FR\" \/>\n<meta property=\"og:type\" content=\"article\" \/>\n<meta property=\"og:title\" content=\"Aminata Tour\u00e9 la mairesse de Kaloum lance les premi\u00e8res \u00e9preuves de l\u2019examen d\u2019entr\u00e9e en 7\u00e8me ann\u00e9e | Guin\u00e9e Diversit\u00e9\" \/>\n<meta property=\"og:description\" content=\"C\u2019est dans l\u2019\u00e9cole primaire de Tombo que la premi\u00e8re responsable de la ville de Kaloum a lanc\u00e9 la premi\u00e8re \u00e9preuve de l\u2019examen d\u2019entr\u00e9e en secondaire ce lundi 05 Ao\u00fbt 2020. Pour la session 2020, 2127 candidats sont appel\u00e9s \u00e0 affronter l\u2019examen d\u2019entr\u00e9e en 7e ann\u00e9e dans ladite commune. 2070 dont 901 filles \u00e0 l\u2019enseignement g\u00e9n\u00e9ral [&hellip;]\" \/>\n<meta property=\"og:url\" content=\"https:\/\/guineediversite.com\/index.php\/2020\/08\/05\/aminata-toure-la-mairesse-de-kaloum-lance-les-premieres-epreuves-de-lexamen-dentree-en-7eme-annee\/\" \/>\n<meta property=\"og:site_name\" content=\"Guin\u00e9e Diversit\u00e9\" \/>\n<meta property=\"article:publisher\" content=\"https:\/\/www.facebook.com\/guineediversite\/\" \/>\n<meta property=\"article:published_time\" content=\"2020-08-05T13:39:56+00:00\" \/>\n<meta property=\"og:image\" content=\"https:\/\/guineediversite.com\/wp-content\/uploads\/2020\/08\/Madame-la-maire-de-la-commune-de-Kaloum-Aminata-CAMARA.jpg\" \/>\n\t<meta property=\"og:image:width\" content=\"1500\" \/>\n\t<meta property=\"og:image:height\" content=\"844\" \/>\n\t<meta property=\"og:image:type\" content=\"image\/jpeg\" \/>\n<meta name=\"author\" content=\"Bilguissa Diallo\" \/>\n<meta name=\"twitter:card\" content=\"summary_large_image\" \/>\n<meta name=\"twitter:creator\" content=\"@GuineeDiversite\" \/>\n<meta name=\"twitter:site\" content=\"@GuineeDiversite\" \/>\n<meta name=\"twitter:label1\" content=\"\u00c9crit par\" \/>\n\t<meta name=\"twitter:data1\" content=\"Bilguissa Diallo\" \/>\n\t<meta name=\"twitter:label2\" content=\"Dur\u00e9e de lecture estim\u00e9e\" \/>\n\t<meta name=\"twitter:data2\" content=\"1 minute\" \/>\n<script type=\"application\/ld+json\" class=\"yoast-schema-graph\">{\"@context\":\"https:\/\/schema.org\",\"@graph\":[{\"@type\":\"Article\",\"@id\":\"https:\/\/guineediversite.com\/index.php\/2020\/08\/05\/aminata-toure-la-mairesse-de-kaloum-lance-les-premieres-epreuves-de-lexamen-dentree-en-7eme-annee\/#article\",\"isPartOf\":{\"@id\":\"https:\/\/guineediversite.com\/index.php\/2020\/08\/05\/aminata-toure-la-mairesse-de-kaloum-lance-les-premieres-epreuves-de-lexamen-dentree-en-7eme-annee\/\"},\"author\":{\"name\":\"Bilguissa Diallo\",\"@id\":\"https:\/\/guineediversite.com\/#\/schema\/person\/0e0e3e424768a50d025ac2218ccca73f\"},\"headline\":\"Aminata Tour\u00e9 la mairesse de Kaloum lance les premi\u00e8res \u00e9preuves de l\u2019examen d\u2019entr\u00e9e en 7\u00e8me ann\u00e9e\",\"datePublished\":\"2020-08-05T13:39:56+00:00\",\"dateModified\":\"2020-08-05T13:39:56+00:00\",\"mainEntityOfPage\":{\"@id\":\"https:\/\/guineediversite.com\/index.php\/2020\/08\/05\/aminata-toure-la-mairesse-de-kaloum-lance-les-premieres-epreuves-de-lexamen-dentree-en-7eme-annee\/\"},\"wordCount\":308,\"publisher\":{\"@id\":\"https:\/\/guineediversite.com\/#organization\"},\"image\":{\"@id\":\"https:\/\/guineediversite.com\/index.php\/2020\/08\/05\/aminata-toure-la-mairesse-de-kaloum-lance-les-premieres-epreuves-de-lexamen-dentree-en-7eme-annee\/#primaryimage\"},\"thumbnailUrl\":\"https:\/\/guineediversite.com\/wp-content\/uploads\/2020\/08\/Madame-la-maire-de-la-commune-de-Kaloum-Aminata-CAMARA.jpg\",\"articleSection\":[\"Soci\u00e9t\u00e9\"],\"inLanguage\":\"fr-FR\"},{\"@type\":\"WebPage\",\"@id\":\"https:\/\/guineediversite.com\/index.php\/2020\/08\/05\/aminata-toure-la-mairesse-de-kaloum-lance-les-premieres-epreuves-de-lexamen-dentree-en-7eme-annee\/\",\"url\":\"https:\/\/guineediversite.com\/index.php\/2020\/08\/05\/aminata-toure-la-mairesse-de-kaloum-lance-les-premieres-epreuves-de-lexamen-dentree-en-7eme-annee\/\",\"name\":\"Aminata Tour\u00e9 la mairesse de Kaloum lance les premi\u00e8res \u00e9preuves de l\u2019examen d\u2019entr\u00e9e en 7\u00e8me ann\u00e9e | Guin\u00e9e Diversit\u00e9\",\"isPartOf\":{\"@id\":\"https:\/\/guineediversite.com\/#website\"},\"primaryImageOfPage\":{\"@id\":\"https:\/\/guineediversite.com\/index.php\/2020\/08\/05\/aminata-toure-la-mairesse-de-kaloum-lance-les-premieres-epreuves-de-lexamen-dentree-en-7eme-annee\/#primaryimage\"},\"image\":{\"@id\":\"https:\/\/guineediversite.com\/index.php\/2020\/08\/05\/aminata-toure-la-mairesse-de-kaloum-lance-les-premieres-epreuves-de-lexamen-dentree-en-7eme-annee\/#primaryimage\"},\"thumbnailUrl\":\"https:\/\/guineediversite.com\/wp-content\/uploads\/2020\/08\/Madame-la-maire-de-la-commune-de-Kaloum-Aminata-CAMARA.jpg\",\"datePublished\":\"2020-08-05T13:39:56+00:00\",\"dateModified\":\"2020-08-05T13:39:56+00:00\",\"breadcrumb\":{\"@id\":\"https:\/\/guineediversite.com\/index.php\/2020\/08\/05\/aminata-toure-la-mairesse-de-kaloum-lance-les-premieres-epreuves-de-lexamen-dentree-en-7eme-annee\/#breadcrumb\"},\"inLanguage\":\"fr-FR\",\"potentialAction\":[{\"@type\":\"ReadAction\",\"target\":[\"https:\/\/guineediversite.com\/index.php\/2020\/08\/05\/aminata-toure-la-mairesse-de-kaloum-lance-les-premieres-epreuves-de-lexamen-dentree-en-7eme-annee\/\"]}]},{\"@type\":\"ImageObject\",\"inLanguage\":\"fr-FR\",\"@id\":\"https:\/\/guineediversite.com\/index.php\/2020\/08\/05\/aminata-toure-la-mairesse-de-kaloum-lance-les-premieres-epreuves-de-lexamen-dentree-en-7eme-annee\/#primaryimage\",\"url\":\"https:\/\/guineediversite.com\/wp-content\/uploads\/2020\/08\/Madame-la-maire-de-la-commune-de-Kaloum-Aminata-CAMARA.jpg\",\"contentUrl\":\"https:\/\/guineediversite.com\/wp-content\/uploads\/2020\/08\/Madame-la-maire-de-la-commune-de-Kaloum-Aminata-CAMARA.jpg\",\"width\":1500,\"height\":844},{\"@type\":\"BreadcrumbList\",\"@id\":\"https:\/\/guineediversite.com\/index.php\/2020\/08\/05\/aminata-toure-la-mairesse-de-kaloum-lance-les-premieres-epreuves-de-lexamen-dentree-en-7eme-annee\/#breadcrumb\",\"itemListElement\":[{\"@type\":\"ListItem\",\"position\":1,\"name\":\"Accueil\",\"item\":\"https:\/\/guineediversite.com\/\"},{\"@type\":\"ListItem\",\"position\":2,\"name\":\"Aminata Tour\u00e9 la mairesse de Kaloum lance les premi\u00e8res \u00e9preuves de l\u2019examen d\u2019entr\u00e9e en 7\u00e8me ann\u00e9e\"}]},{\"@type\":\"WebSite\",\"@id\":\"https:\/\/guineediversite.com\/#website\",\"url\":\"https:\/\/guineediversite.com\/\",\"name\":\"Guin\u00e9e Diversit\u00e9\",\"description\":\"L&#039;Info dans toute sa diversit\u00e9\",\"publisher\":{\"@id\":\"https:\/\/guineediversite.com\/#organization\"},\"potentialAction\":[{\"@type\":\"SearchAction\",\"target\":{\"@type\":\"EntryPoint\",\"urlTemplate\":\"https:\/\/guineediversite.com\/?s={search_term_string}\"},\"query-input\":{\"@type\":\"PropertyValueSpecification\",\"valueRequired\":true,\"valueName\":\"search_term_string\"}}],\"inLanguage\":\"fr-FR\"},{\"@type\":\"Organization\",\"@id\":\"https:\/\/guineediversite.com\/#organization\",\"name\":\"Guin\u00e9e Diversit\u00e9\",\"url\":\"https:\/\/guineediversite.com\/\",\"logo\":{\"@type\":\"ImageObject\",\"inLanguage\":\"fr-FR\",\"@id\":\"https:\/\/guineediversite.com\/#\/schema\/logo\/image\/\",\"url\":\"https:\/\/guineediversite.com\/wp-content\/uploads\/2017\/04\/cropped-1jojlxEOMkX9Wyqfhe43D6kjPOGqBBKmx3EwWJqZ0cMrFF54yM49.png\",\"contentUrl\":\"https:\/\/guineediversite.com\/wp-content\/uploads\/2017\/04\/cropped-1jojlxEOMkX9Wyqfhe43D6kjPOGqBBKmx3EwWJqZ0cMrFF54yM49.png\",\"width\":186,\"height\":112,\"caption\":\"Guin\u00e9e Diversit\u00e9\"},\"image\":{\"@id\":\"https:\/\/guineediversite.com\/#\/schema\/logo\/image\/\"},\"sameAs\":[\"https:\/\/www.facebook.com\/guineediversite\/\",\"https:\/\/x.com\/GuineeDiversite\",\"https:\/\/www.youtube.com\/channel\/UC8sUY16qelG5ge6_D5SB83g\"]},{\"@type\":\"Person\",\"@id\":\"https:\/\/guineediversite.com\/#\/schema\/person\/0e0e3e424768a50d025ac2218ccca73f\",\"name\":\"Bilguissa Diallo\",\"image\":{\"@type\":\"ImageObject\",\"inLanguage\":\"fr-FR\",\"@id\":\"https:\/\/guineediversite.com\/#\/schema\/person\/image\/\",\"url\":\"https:\/\/secure.gravatar.com\/avatar\/49bbbd2420ee34d62b1b191791f4b5df?s=96&d=mm&r=g\",\"contentUrl\":\"https:\/\/secure.gravatar.com\/avatar\/49bbbd2420ee34d62b1b191791f4b5df?s=96&d=mm&r=g\",\"caption\":\"Bilguissa Diallo\"},\"url\":\"https:\/\/guineediversite.com\/index.php\/author\/bilguissa\/\"}]}<\/script>\n<!-- \/ Yoast SEO plugin. -->","yoast_head_json":{"title":"Aminata Tour\u00e9 la mairesse de Kaloum lance les premi\u00e8res \u00e9preuves de l\u2019examen d\u2019entr\u00e9e en 7\u00e8me ann\u00e9e | Guin\u00e9e Diversit\u00e9","robots":{"index":"index","follow":"follow","max-snippet":"max-snippet:-1","max-image-preview":"max-image-preview:large","max-video-preview":"max-video-preview:-1"},"canonical":"https:\/\/guineediversite.com\/index.php\/2020\/08\/05\/aminata-toure-la-mairesse-de-kaloum-lance-les-premieres-epreuves-de-lexamen-dentree-en-7eme-annee\/","og_locale":"fr_FR","og_type":"article","og_title":"Aminata Tour\u00e9 la mairesse de Kaloum lance les premi\u00e8res \u00e9preuves de l\u2019examen d\u2019entr\u00e9e en 7\u00e8me ann\u00e9e | Guin\u00e9e Diversit\u00e9","og_description":"C\u2019est dans l\u2019\u00e9cole primaire de Tombo que la premi\u00e8re responsable de la ville de Kaloum a lanc\u00e9 la premi\u00e8re \u00e9preuve de l\u2019examen d\u2019entr\u00e9e en secondaire ce lundi 05 Ao\u00fbt 2020. Pour la session 2020, 2127 candidats sont appel\u00e9s \u00e0 affronter l\u2019examen d\u2019entr\u00e9e en 7e ann\u00e9e dans ladite commune. 2070 dont 901 filles \u00e0 l\u2019enseignement g\u00e9n\u00e9ral [&hellip;]","og_url":"https:\/\/guineediversite.com\/index.php\/2020\/08\/05\/aminata-toure-la-mairesse-de-kaloum-lance-les-premieres-epreuves-de-lexamen-dentree-en-7eme-annee\/","og_site_name":"Guin\u00e9e Diversit\u00e9","article_publisher":"https:\/\/www.facebook.com\/guineediversite\/","article_published_time":"2020-08-05T13:39:56+00:00","og_image":[{"width":1500,"height":844,"url":"https:\/\/guineediversite.com\/wp-content\/uploads\/2020\/08\/Madame-la-maire-de-la-commune-de-Kaloum-Aminata-CAMARA.jpg","type":"image\/jpeg"}],"author":"Bilguissa Diallo","twitter_card":"summary_large_image","twitter_creator":"@GuineeDiversite","twitter_site":"@GuineeDiversite","twitter_misc":{"\u00c9crit par":"Bilguissa Diallo","Dur\u00e9e de lecture estim\u00e9e":"1 minute"},"schema":{"@context":"https:\/\/schema.org","@graph":[{"@type":"Article","@id":"https:\/\/guineediversite.com\/index.php\/2020\/08\/05\/aminata-toure-la-mairesse-de-kaloum-lance-les-premieres-epreuves-de-lexamen-dentree-en-7eme-annee\/#article","isPartOf":{"@id":"https:\/\/guineediversite.com\/index.php\/2020\/08\/05\/aminata-toure-la-mairesse-de-kaloum-lance-les-premieres-epreuves-de-lexamen-dentree-en-7eme-annee\/"},"author":{"name":"Bilguissa Diallo","@id":"https:\/\/guineediversite.com\/#\/schema\/person\/0e0e3e424768a50d025ac2218ccca73f"},"headline":"Aminata Tour\u00e9 la mairesse de Kaloum lance les premi\u00e8res \u00e9preuves de l\u2019examen d\u2019entr\u00e9e en 7\u00e8me ann\u00e9e","datePublished":"2020-08-05T13:39:56+00:00","dateModified":"2020-08-05T13:39:56+00:00","mainEntityOfPage":{"@id":"https:\/\/guineediversite.com\/index.php\/2020\/08\/05\/aminata-toure-la-mairesse-de-kaloum-lance-les-premieres-epreuves-de-lexamen-dentree-en-7eme-annee\/"},"wordCount":308,"publisher":{"@id":"https:\/\/guineediversite.com\/#organization"},"image":{"@id":"https:\/\/guineediversite.com\/index.php\/2020\/08\/05\/aminata-toure-la-mairesse-de-kaloum-lance-les-premieres-epreuves-de-lexamen-dentree-en-7eme-annee\/#primaryimage"},"thumbnailUrl":"https:\/\/guineediversite.com\/wp-content\/uploads\/2020\/08\/Madame-la-maire-de-la-commune-de-Kaloum-Aminata-CAMARA.jpg","articleSection":["Soci\u00e9t\u00e9"],"inLanguage":"fr-FR"},{"@type":"WebPage","@id":"https:\/\/guineediversite.com\/index.php\/2020\/08\/05\/aminata-toure-la-mairesse-de-kaloum-lance-les-premieres-epreuves-de-lexamen-dentree-en-7eme-annee\/","url":"https:\/\/guineediversite.com\/index.php\/2020\/08\/05\/aminata-toure-la-mairesse-de-kaloum-lance-les-premieres-epreuves-de-lexamen-dentree-en-7eme-annee\/","name":"Aminata Tour\u00e9 la mairesse de Kaloum lance les premi\u00e8res \u00e9preuves de l\u2019examen d\u2019entr\u00e9e en 7\u00e8me ann\u00e9e | Guin\u00e9e Diversit\u00e9","isPartOf":{"@id":"https:\/\/guineediversite.com\/#website"},"primaryImageOfPage":{"@id":"https:\/\/guineediversite.com\/index.php\/2020\/08\/05\/aminata-toure-la-mairesse-de-kaloum-lance-les-premieres-epreuves-de-lexamen-dentree-en-7eme-annee\/#primaryimage"},"image":{"@id":"https:\/\/guineediversite.com\/index.php\/2020\/08\/05\/aminata-toure-la-mairesse-de-kaloum-lance-les-premieres-epreuves-de-lexamen-dentree-en-7eme-annee\/#primaryimage"},"thumbnailUrl":"https:\/\/guineediversite.com\/wp-content\/uploads\/2020\/08\/Madame-la-maire-de-la-commune-de-Kaloum-Aminata-CAMARA.jpg","datePublished":"2020-08-05T13:39:56+00:00","dateModified":"2020-08-05T13:39:56+00:00","breadcrumb":{"@id":"https:\/\/guineediversite.com\/index.php\/2020\/08\/05\/aminata-toure-la-mairesse-de-kaloum-lance-les-premieres-epreuves-de-lexamen-dentree-en-7eme-annee\/#breadcrumb"},"inLanguage":"fr-FR","potentialAction":[{"@type":"ReadAction","target":["https:\/\/guineediversite.com\/index.php\/2020\/08\/05\/aminata-toure-la-mairesse-de-kaloum-lance-les-premieres-epreuves-de-lexamen-dentree-en-7eme-annee\/"]}]},{"@type":"ImageObject","inLanguage":"fr-FR","@id":"https:\/\/guineediversite.com\/index.php\/2020\/08\/05\/aminata-toure-la-mairesse-de-kaloum-lance-les-premieres-epreuves-de-lexamen-dentree-en-7eme-annee\/#primaryimage","url":"https:\/\/guineediversite.com\/wp-content\/uploads\/2020\/08\/Madame-la-maire-de-la-commune-de-Kaloum-Aminata-CAMARA.jpg","contentUrl":"https:\/\/guineediversite.com\/wp-content\/uploads\/2020\/08\/Madame-la-maire-de-la-commune-de-Kaloum-Aminata-CAMARA.jpg","width":1500,"height":844},{"@type":"BreadcrumbList","@id":"https:\/\/guineediversite.com\/index.php\/2020\/08\/05\/aminata-toure-la-mairesse-de-kaloum-lance-les-premieres-epreuves-de-lexamen-dentree-en-7eme-annee\/#breadcrumb","itemListElement":[{"@type":"ListItem","position":1,"name":"Accueil","item":"https:\/\/guineediversite.com\/"},{"@type":"ListItem","position":2,"name":"Aminata Tour\u00e9 la mairesse de Kaloum lance les premi\u00e8res \u00e9preuves de l\u2019examen d\u2019entr\u00e9e en 7\u00e8me ann\u00e9e"}]},{"@type":"WebSite","@id":"https:\/\/guineediversite.com\/#website","url":"https:\/\/guineediversite.com\/","name":"Guin\u00e9e Diversit\u00e9","description":"L&#039;Info dans toute sa diversit\u00e9","publisher":{"@id":"https:\/\/guineediversite.com\/#organization"},"potentialAction":[{"@type":"SearchAction","target":{"@type":"EntryPoint","urlTemplate":"https:\/\/guineediversite.com\/?s={search_term_string}"},"query-input":{"@type":"PropertyValueSpecification","valueRequired":true,"valueName":"search_term_string"}}],"inLanguage":"fr-FR"},{"@type":"Organization","@id":"https:\/\/guineediversite.com\/#organization","name":"Guin\u00e9e Diversit\u00e9","url":"https:\/\/guineediversite.com\/","logo":{"@type":"ImageObject","inLanguage":"fr-FR","@id":"https:\/\/guineediversite.com\/#\/schema\/logo\/image\/","url":"https:\/\/guineediversite.com\/wp-content\/uploads\/2017\/04\/cropped-1jojlxEOMkX9Wyqfhe43D6kjPOGqBBKmx3EwWJqZ0cMrFF54yM49.png","contentUrl":"https:\/\/guineediversite.com\/wp-content\/uploads\/2017\/04\/cropped-1jojlxEOMkX9Wyqfhe43D6kjPOGqBBKmx3EwWJqZ0cMrFF54yM49.png","width":186,"height":112,"caption":"Guin\u00e9e Diversit\u00e9"},"image":{"@id":"https:\/\/guineediversite.com\/#\/schema\/logo\/image\/"},"sameAs":["https:\/\/www.facebook.com\/guineediversite\/","https:\/\/x.com\/GuineeDiversite","https:\/\/www.youtube.com\/channel\/UC8sUY16qelG5ge6_D5SB83g"]},{"@type":"Person","@id":"https:\/\/guineediversite.com\/#\/schema\/person\/0e0e3e424768a50d025ac2218ccca73f","name":"Bilguissa Diallo","image":{"@type":"ImageObject","inLanguage":"fr-FR","@id":"https:\/\/guineediversite.com\/#\/schema\/person\/image\/","url":"https:\/\/secure.gravatar.com\/avatar\/49bbbd2420ee34d62b1b191791f4b5df?s=96&d=mm&r=g","contentUrl":"https:\/\/secure.gravatar.com\/avatar\/49bbbd2420ee34d62b1b191791f4b5df?s=96&d=mm&r=g","caption":"Bilguissa Diallo"},"url":"https:\/\/guineediversite.com\/index.php\/author\/bilguissa\/"}]}},"_links":{"self":[{"href":"https:\/\/guineediversite.com\/index.php\/wp-json\/wp\/v2\/posts\/30293"}],"collection":[{"href":"https:\/\/guineediversite.com\/index.php\/wp-json\/wp\/v2\/posts"}],"about":[{"href":"https:\/\/guineediversite.com\/index.php\/wp-json\/wp\/v2\/types\/post"}],"author":[{"embeddable":true,"href":"https:\/\/guineediversite.com\/index.php\/wp-json\/wp\/v2\/users\/7"}],"replies":[{"embeddable":true,"href":"https:\/\/guineediversite.com\/index.php\/wp-json\/wp\/v2\/comments?post=30293"}],"version-history":[{"count":1,"href":"https:\/\/guineediversite.com\/index.php\/wp-json\/wp\/v2\/posts\/30293\/revisions"}],"predecessor-version":[{"id":30295,"href":"https:\/\/guineediversite.com\/index.php\/wp-json\/wp\/v2\/posts\/30293\/revisions\/30295"}],"wp:featuredmedia":[{"embeddable":true,"href":"https:\/\/guineediversite.com\/index.php\/wp-json\/wp\/v2\/media\/30294"}],"wp:attachment":[{"href":"https:\/\/guineediversite.com\/index.php\/wp-json\/wp\/v2\/media?parent=30293"}],"wp:term":[{"taxonomy":"category","embeddable":true,"href":"https:\/\/guineediversite.com\/index.php\/wp-json\/wp\/v2\/categories?post=30293"},{"taxonomy":"post_tag","embeddable":true,"href":"https:\/\/guineediversite.com\/index.php\/wp-json\/wp\/v2\/tags?post=30293"}],"curies":[{"name":"wp","href":"https:\/\/api.w.org\/{rel}","templated":true}]}}