{"id":30289,"date":"2020-08-05T15:07:04","date_gmt":"2020-08-05T13:07:04","guid":{"rendered":"https:\/\/guineediversite.com\/?p=30289"},"modified":"2020-08-05T15:07:04","modified_gmt":"2020-08-05T13:07:04","slug":"5679-candidats-affrontent-lexamen-dentree-en-7eme-annee-dans-la-commune-de-matam","status":"publish","type":"post","link":"https:\/\/guineediversite.com\/index.php\/2020\/08\/05\/5679-candidats-affrontent-lexamen-dentree-en-7eme-annee-dans-la-commune-de-matam\/","title":{"rendered":"5679 candidats affrontent l\u2019examen d\u2019entr\u00e9e en 7\u00e8me Ann\u00e9e dans la commune de Matam"},"content":{"rendered":"<p><strong>Le maire de la commune de Matam \u00e0 officiellement lanc\u00e9 les \u00e9preuves de l\u2019examen d\u2019entr\u00e9e en secondaire ce mercredi au centre de l\u2019\u00e9cole primaire Lanseboundji. Au total\u00a0 Cinq mille six cents soixante dix neufs mille (56 79) candidats sont appel\u00e9s a affront\u00e9s les examens dans cette commune pour la session 2020, dont deux milles neuf cent quarante huit mille (2948) filles. <\/strong><\/p>\n<p>Les \u00e9preuves ont \u00e9t\u00e9 lanc\u00e9es dans les 13 \u00a0centres de la circonscription de Matam, les candidats ont \u00e9t\u00e9 repartis dans 224 salles, qui seront surveill\u00e9s par 4448 enseignants. Ces candidats assis avec des masques au nez ont \u00e9t\u00e9 \u00a0install\u00e9s \u00e0 28 voir m\u00eame 30 par salle, ils entament \u00a0l\u2019examen par l\u2019\u00e9preuve de r\u00e9daction.<\/p>\n<p>\u00ab\u00a0<em>Je lance un appel \u00e0 l\u2019endroit des \u00e9l\u00e8ves en vue de l\u2019observation d\u2019un comportement responsable durant ces moments, \u00e9galement je voudrais estimer ici toute notre reconnaissance aux immenses efforts du gouvernement (\u2026). Sur ces mots je d\u00e9clare officiellement lancer les examens nationaux session 2020<\/em>\u00bb, a soulign\u00e9 Seydouba Sacko maire de la commune de Matam.<\/p>\n<p>Si bon nombre d\u2019observateurs doutaient de la tenue des examens nationaux en cette p\u00e9riode de crise sanitaire, Bakary Camara directeur communale de l\u2019\u00e9ducation de Ratoma est revenu sur les efforts du gouvernement malgr\u00e9 la pand\u00e9mie de covid-19 qui frappe le monde. \u00ab\u00a0<em>Beaucoup de personnes doutaient de la capacit\u00e9 du MENA d\u2019organiser les examens nationaux cette ann\u00e9e. Beaucoup pensaient qu\u2019on aurait fait une ann\u00e9e blanche, mais les autorit\u00e9s ont rassur\u00e9 les parents d\u2019\u00e9l\u00e8ves en disant que l\u2019ann\u00e9e scolaire ira jusqu\u2019\u00e0 sa fin et c\u2019est ce qui fut fait (\u2026)\u00bb<\/em> a fait savoir le directeur communal de l\u2019\u00e9ducation de Ratoma. Pour cette ann\u00e9e, le d\u00e9partement de l\u2019\u00e9ducation Nationale \u00e0 proc\u00e9d\u00e9 \u00e0 la permutation des diff\u00e9rents directeurs communaux, une premi\u00e8re en Guin\u00e9e. A noter que dans les centres que nous avons sillonn\u00e9s, le respect de la distanciation sociale d\u2019un m\u00e8tre cinquante n\u2019\u00e9tait pas respect\u00e9.<\/p>\n<p><img loading=\"lazy\" decoding=\"async\" class=\" wp-image-30291 aligncenter\" src=\"https:\/\/guineediversite.com.bwjx4292.odns.fr\/wp-content\/uploads\/2020\/08\/LE-CENTRE-DE-LECOLE-PRIMAIRE-DE-LANSEBOUNDJI-300x169.jpg\" alt=\"\" width=\"534\" height=\"301\" srcset=\"https:\/\/guineediversite.com\/wp-content\/uploads\/2020\/08\/LE-CENTRE-DE-LECOLE-PRIMAIRE-DE-LANSEBOUNDJI-300x169.jpg 300w, https:\/\/guineediversite.com\/wp-content\/uploads\/2020\/08\/LE-CENTRE-DE-LECOLE-PRIMAIRE-DE-LANSEBOUNDJI-1024x577.jpg 1024w, https:\/\/guineediversite.com\/wp-content\/uploads\/2020\/08\/LE-CENTRE-DE-LECOLE-PRIMAIRE-DE-LANSEBOUNDJI-768x432.jpg 768w, https:\/\/guineediversite.com\/wp-content\/uploads\/2020\/08\/LE-CENTRE-DE-LECOLE-PRIMAIRE-DE-LANSEBOUNDJI-600x338.jpg 600w, https:\/\/guineediversite.com\/wp-content\/uploads\/2020\/08\/LE-CENTRE-DE-LECOLE-PRIMAIRE-DE-LANSEBOUNDJI-696x392.jpg 696w, https:\/\/guineediversite.com\/wp-content\/uploads\/2020\/08\/LE-CENTRE-DE-LECOLE-PRIMAIRE-DE-LANSEBOUNDJI-1068x601.jpg 1068w, https:\/\/guineediversite.com\/wp-content\/uploads\/2020\/08\/LE-CENTRE-DE-LECOLE-PRIMAIRE-DE-LANSEBOUNDJI-746x420.jpg 746w, https:\/\/guineediversite.com\/wp-content\/uploads\/2020\/08\/LE-CENTRE-DE-LECOLE-PRIMAIRE-DE-LANSEBOUNDJI.jpg 1355w\" sizes=\"(max-width: 534px) 100vw, 534px\" \/><\/p>\n","protected":false},"excerpt":{"rendered":"<p>Le maire de la commune de Matam \u00e0 officiellement lanc\u00e9 les \u00e9preuves de l\u2019examen d\u2019entr\u00e9e en secondaire ce mercredi au centre de l\u2019\u00e9cole primaire Lanseboundji. Au total\u00a0 Cinq mille six cents soixante dix neufs mille (56 79) candidats sont appel\u00e9s a affront\u00e9s les examens dans cette commune pour la session 2020, dont deux milles neuf [&hellip;]<\/p>\n","protected":false},"author":10,"featured_media":30290,"comment_status":"closed","ping_status":"open","sticky":false,"template":"","format":"standard","meta":{"_exactmetrics_skip_tracking":false,"_exactmetrics_sitenote_active":false,"_exactmetrics_sitenote_note":"","_exactmetrics_sitenote_category":0,"tdm_status":"","tdm_grid_status":"","footnotes":""},"categories":[16],"tags":[],"class_list":{"0":"post-30289","1":"post","2":"type-post","3":"status-publish","4":"format-standard","5":"has-post-thumbnail","7":"category-societe"},"yoast_head":"<!-- This site is optimized with the Yoast SEO plugin v24.2 - https:\/\/yoast.com\/wordpress\/plugins\/seo\/ -->\n<title>5679 candidats affrontent l\u2019examen d\u2019entr\u00e9e en 7\u00e8me Ann\u00e9e dans la commune de Matam | Guin\u00e9e Diversit\u00e9<\/title>\n<meta name=\"robots\" content=\"index, follow, max-snippet:-1, max-image-preview:large, max-video-preview:-1\" \/>\n<link rel=\"canonical\" href=\"https:\/\/guineediversite.com\/index.php\/2020\/08\/05\/5679-candidats-affrontent-lexamen-dentree-en-7eme-annee-dans-la-commune-de-matam\/\" \/>\n<meta property=\"og:locale\" content=\"fr_FR\" \/>\n<meta property=\"og:type\" content=\"article\" \/>\n<meta property=\"og:title\" content=\"5679 candidats affrontent l\u2019examen d\u2019entr\u00e9e en 7\u00e8me Ann\u00e9e dans la commune de Matam | Guin\u00e9e Diversit\u00e9\" \/>\n<meta property=\"og:description\" content=\"Le maire de la commune de Matam \u00e0 officiellement lanc\u00e9 les \u00e9preuves de l\u2019examen d\u2019entr\u00e9e en secondaire ce mercredi au centre de l\u2019\u00e9cole primaire Lanseboundji. Au total\u00a0 Cinq mille six cents soixante dix neufs mille (56 79) candidats sont appel\u00e9s a affront\u00e9s les examens dans cette commune pour la session 2020, dont deux milles neuf [&hellip;]\" \/>\n<meta property=\"og:url\" content=\"https:\/\/guineediversite.com\/index.php\/2020\/08\/05\/5679-candidats-affrontent-lexamen-dentree-en-7eme-annee-dans-la-commune-de-matam\/\" \/>\n<meta property=\"og:site_name\" content=\"Guin\u00e9e Diversit\u00e9\" \/>\n<meta property=\"article:publisher\" content=\"https:\/\/www.facebook.com\/guineediversite\/\" \/>\n<meta property=\"article:published_time\" content=\"2020-08-05T13:07:04+00:00\" \/>\n<meta property=\"og:image\" content=\"https:\/\/guineediversite.com\/wp-content\/uploads\/2020\/08\/MAIRE-DE-LA-COMMUNE-DE-MATAM-SEYDOUBA-SACKO.jpg\" \/>\n\t<meta property=\"og:image:width\" content=\"1500\" \/>\n\t<meta property=\"og:image:height\" content=\"845\" \/>\n\t<meta property=\"og:image:type\" content=\"image\/jpeg\" \/>\n<meta name=\"author\" content=\"Morcire Camara\" \/>\n<meta name=\"twitter:card\" content=\"summary_large_image\" \/>\n<meta name=\"twitter:creator\" content=\"@GuineeDiversite\" \/>\n<meta name=\"twitter:site\" content=\"@GuineeDiversite\" \/>\n<meta name=\"twitter:label1\" content=\"\u00c9crit par\" \/>\n\t<meta name=\"twitter:data1\" content=\"Morcire Camara\" \/>\n\t<meta name=\"twitter:label2\" content=\"Dur\u00e9e de lecture estim\u00e9e\" \/>\n\t<meta name=\"twitter:data2\" content=\"2 minutes\" \/>\n<script type=\"application\/ld+json\" class=\"yoast-schema-graph\">{\"@context\":\"https:\/\/schema.org\",\"@graph\":[{\"@type\":\"Article\",\"@id\":\"https:\/\/guineediversite.com\/index.php\/2020\/08\/05\/5679-candidats-affrontent-lexamen-dentree-en-7eme-annee-dans-la-commune-de-matam\/#article\",\"isPartOf\":{\"@id\":\"https:\/\/guineediversite.com\/index.php\/2020\/08\/05\/5679-candidats-affrontent-lexamen-dentree-en-7eme-annee-dans-la-commune-de-matam\/\"},\"author\":{\"name\":\"Morcire Camara\",\"@id\":\"https:\/\/guineediversite.com\/#\/schema\/person\/fa362494c47202ce4b3adf55abcc9d01\"},\"headline\":\"5679 candidats affrontent l\u2019examen d\u2019entr\u00e9e en 7\u00e8me Ann\u00e9e dans la commune de Matam\",\"datePublished\":\"2020-08-05T13:07:04+00:00\",\"dateModified\":\"2020-08-05T13:07:04+00:00\",\"mainEntityOfPage\":{\"@id\":\"https:\/\/guineediversite.com\/index.php\/2020\/08\/05\/5679-candidats-affrontent-lexamen-dentree-en-7eme-annee-dans-la-commune-de-matam\/\"},\"wordCount\":352,\"publisher\":{\"@id\":\"https:\/\/guineediversite.com\/#organization\"},\"image\":{\"@id\":\"https:\/\/guineediversite.com\/index.php\/2020\/08\/05\/5679-candidats-affrontent-lexamen-dentree-en-7eme-annee-dans-la-commune-de-matam\/#primaryimage\"},\"thumbnailUrl\":\"https:\/\/guineediversite.com\/wp-content\/uploads\/2020\/08\/MAIRE-DE-LA-COMMUNE-DE-MATAM-SEYDOUBA-SACKO.jpg\",\"articleSection\":[\"Soci\u00e9t\u00e9\"],\"inLanguage\":\"fr-FR\"},{\"@type\":\"WebPage\",\"@id\":\"https:\/\/guineediversite.com\/index.php\/2020\/08\/05\/5679-candidats-affrontent-lexamen-dentree-en-7eme-annee-dans-la-commune-de-matam\/\",\"url\":\"https:\/\/guineediversite.com\/index.php\/2020\/08\/05\/5679-candidats-affrontent-lexamen-dentree-en-7eme-annee-dans-la-commune-de-matam\/\",\"name\":\"5679 candidats affrontent l\u2019examen d\u2019entr\u00e9e en 7\u00e8me Ann\u00e9e dans la commune de Matam | Guin\u00e9e Diversit\u00e9\",\"isPartOf\":{\"@id\":\"https:\/\/guineediversite.com\/#website\"},\"primaryImageOfPage\":{\"@id\":\"https:\/\/guineediversite.com\/index.php\/2020\/08\/05\/5679-candidats-affrontent-lexamen-dentree-en-7eme-annee-dans-la-commune-de-matam\/#primaryimage\"},\"image\":{\"@id\":\"https:\/\/guineediversite.com\/index.php\/2020\/08\/05\/5679-candidats-affrontent-lexamen-dentree-en-7eme-annee-dans-la-commune-de-matam\/#primaryimage\"},\"thumbnailUrl\":\"https:\/\/guineediversite.com\/wp-content\/uploads\/2020\/08\/MAIRE-DE-LA-COMMUNE-DE-MATAM-SEYDOUBA-SACKO.jpg\",\"datePublished\":\"2020-08-05T13:07:04+00:00\",\"dateModified\":\"2020-08-05T13:07:04+00:00\",\"breadcrumb\":{\"@id\":\"https:\/\/guineediversite.com\/index.php\/2020\/08\/05\/5679-candidats-affrontent-lexamen-dentree-en-7eme-annee-dans-la-commune-de-matam\/#breadcrumb\"},\"inLanguage\":\"fr-FR\",\"potentialAction\":[{\"@type\":\"ReadAction\",\"target\":[\"https:\/\/guineediversite.com\/index.php\/2020\/08\/05\/5679-candidats-affrontent-lexamen-dentree-en-7eme-annee-dans-la-commune-de-matam\/\"]}]},{\"@type\":\"ImageObject\",\"inLanguage\":\"fr-FR\",\"@id\":\"https:\/\/guineediversite.com\/index.php\/2020\/08\/05\/5679-candidats-affrontent-lexamen-dentree-en-7eme-annee-dans-la-commune-de-matam\/#primaryimage\",\"url\":\"https:\/\/guineediversite.com\/wp-content\/uploads\/2020\/08\/MAIRE-DE-LA-COMMUNE-DE-MATAM-SEYDOUBA-SACKO.jpg\",\"contentUrl\":\"https:\/\/guineediversite.com\/wp-content\/uploads\/2020\/08\/MAIRE-DE-LA-COMMUNE-DE-MATAM-SEYDOUBA-SACKO.jpg\",\"width\":1500,\"height\":845},{\"@type\":\"BreadcrumbList\",\"@id\":\"https:\/\/guineediversite.com\/index.php\/2020\/08\/05\/5679-candidats-affrontent-lexamen-dentree-en-7eme-annee-dans-la-commune-de-matam\/#breadcrumb\",\"itemListElement\":[{\"@type\":\"ListItem\",\"position\":1,\"name\":\"Accueil\",\"item\":\"https:\/\/guineediversite.com\/\"},{\"@type\":\"ListItem\",\"position\":2,\"name\":\"5679 candidats affrontent l\u2019examen d\u2019entr\u00e9e en 7\u00e8me Ann\u00e9e dans la commune de Matam\"}]},{\"@type\":\"WebSite\",\"@id\":\"https:\/\/guineediversite.com\/#website\",\"url\":\"https:\/\/guineediversite.com\/\",\"name\":\"Guin\u00e9e Diversit\u00e9\",\"description\":\"L&#039;Info dans toute sa diversit\u00e9\",\"publisher\":{\"@id\":\"https:\/\/guineediversite.com\/#organization\"},\"potentialAction\":[{\"@type\":\"SearchAction\",\"target\":{\"@type\":\"EntryPoint\",\"urlTemplate\":\"https:\/\/guineediversite.com\/?s={search_term_string}\"},\"query-input\":{\"@type\":\"PropertyValueSpecification\",\"valueRequired\":true,\"valueName\":\"search_term_string\"}}],\"inLanguage\":\"fr-FR\"},{\"@type\":\"Organization\",\"@id\":\"https:\/\/guineediversite.com\/#organization\",\"name\":\"Guin\u00e9e Diversit\u00e9\",\"url\":\"https:\/\/guineediversite.com\/\",\"logo\":{\"@type\":\"ImageObject\",\"inLanguage\":\"fr-FR\",\"@id\":\"https:\/\/guineediversite.com\/#\/schema\/logo\/image\/\",\"url\":\"https:\/\/guineediversite.com\/wp-content\/uploads\/2017\/04\/cropped-1jojlxEOMkX9Wyqfhe43D6kjPOGqBBKmx3EwWJqZ0cMrFF54yM49.png\",\"contentUrl\":\"https:\/\/guineediversite.com\/wp-content\/uploads\/2017\/04\/cropped-1jojlxEOMkX9Wyqfhe43D6kjPOGqBBKmx3EwWJqZ0cMrFF54yM49.png\",\"width\":186,\"height\":112,\"caption\":\"Guin\u00e9e Diversit\u00e9\"},\"image\":{\"@id\":\"https:\/\/guineediversite.com\/#\/schema\/logo\/image\/\"},\"sameAs\":[\"https:\/\/www.facebook.com\/guineediversite\/\",\"https:\/\/x.com\/GuineeDiversite\",\"https:\/\/www.youtube.com\/channel\/UC8sUY16qelG5ge6_D5SB83g\"]},{\"@type\":\"Person\",\"@id\":\"https:\/\/guineediversite.com\/#\/schema\/person\/fa362494c47202ce4b3adf55abcc9d01\",\"name\":\"Morcire Camara\",\"image\":{\"@type\":\"ImageObject\",\"inLanguage\":\"fr-FR\",\"@id\":\"https:\/\/guineediversite.com\/#\/schema\/person\/image\/\",\"url\":\"https:\/\/secure.gravatar.com\/avatar\/3ec324f02295bbcebe03d99b39330ab4?s=96&d=mm&r=g\",\"contentUrl\":\"https:\/\/secure.gravatar.com\/avatar\/3ec324f02295bbcebe03d99b39330ab4?s=96&d=mm&r=g\",\"caption\":\"Morcire Camara\"},\"url\":\"https:\/\/guineediversite.com\/index.php\/author\/morcire\/\"}]}<\/script>\n<!-- \/ Yoast SEO plugin. -->","yoast_head_json":{"title":"5679 candidats affrontent l\u2019examen d\u2019entr\u00e9e en 7\u00e8me Ann\u00e9e dans la commune de Matam | Guin\u00e9e Diversit\u00e9","robots":{"index":"index","follow":"follow","max-snippet":"max-snippet:-1","max-image-preview":"max-image-preview:large","max-video-preview":"max-video-preview:-1"},"canonical":"https:\/\/guineediversite.com\/index.php\/2020\/08\/05\/5679-candidats-affrontent-lexamen-dentree-en-7eme-annee-dans-la-commune-de-matam\/","og_locale":"fr_FR","og_type":"article","og_title":"5679 candidats affrontent l\u2019examen d\u2019entr\u00e9e en 7\u00e8me Ann\u00e9e dans la commune de Matam | Guin\u00e9e Diversit\u00e9","og_description":"Le maire de la commune de Matam \u00e0 officiellement lanc\u00e9 les \u00e9preuves de l\u2019examen d\u2019entr\u00e9e en secondaire ce mercredi au centre de l\u2019\u00e9cole primaire Lanseboundji. Au total\u00a0 Cinq mille six cents soixante dix neufs mille (56 79) candidats sont appel\u00e9s a affront\u00e9s les examens dans cette commune pour la session 2020, dont deux milles neuf [&hellip;]","og_url":"https:\/\/guineediversite.com\/index.php\/2020\/08\/05\/5679-candidats-affrontent-lexamen-dentree-en-7eme-annee-dans-la-commune-de-matam\/","og_site_name":"Guin\u00e9e Diversit\u00e9","article_publisher":"https:\/\/www.facebook.com\/guineediversite\/","article_published_time":"2020-08-05T13:07:04+00:00","og_image":[{"width":1500,"height":845,"url":"https:\/\/guineediversite.com\/wp-content\/uploads\/2020\/08\/MAIRE-DE-LA-COMMUNE-DE-MATAM-SEYDOUBA-SACKO.jpg","type":"image\/jpeg"}],"author":"Morcire Camara","twitter_card":"summary_large_image","twitter_creator":"@GuineeDiversite","twitter_site":"@GuineeDiversite","twitter_misc":{"\u00c9crit par":"Morcire Camara","Dur\u00e9e de lecture estim\u00e9e":"2 minutes"},"schema":{"@context":"https:\/\/schema.org","@graph":[{"@type":"Article","@id":"https:\/\/guineediversite.com\/index.php\/2020\/08\/05\/5679-candidats-affrontent-lexamen-dentree-en-7eme-annee-dans-la-commune-de-matam\/#article","isPartOf":{"@id":"https:\/\/guineediversite.com\/index.php\/2020\/08\/05\/5679-candidats-affrontent-lexamen-dentree-en-7eme-annee-dans-la-commune-de-matam\/"},"author":{"name":"Morcire Camara","@id":"https:\/\/guineediversite.com\/#\/schema\/person\/fa362494c47202ce4b3adf55abcc9d01"},"headline":"5679 candidats affrontent l\u2019examen d\u2019entr\u00e9e en 7\u00e8me Ann\u00e9e dans la commune de Matam","datePublished":"2020-08-05T13:07:04+00:00","dateModified":"2020-08-05T13:07:04+00:00","mainEntityOfPage":{"@id":"https:\/\/guineediversite.com\/index.php\/2020\/08\/05\/5679-candidats-affrontent-lexamen-dentree-en-7eme-annee-dans-la-commune-de-matam\/"},"wordCount":352,"publisher":{"@id":"https:\/\/guineediversite.com\/#organization"},"image":{"@id":"https:\/\/guineediversite.com\/index.php\/2020\/08\/05\/5679-candidats-affrontent-lexamen-dentree-en-7eme-annee-dans-la-commune-de-matam\/#primaryimage"},"thumbnailUrl":"https:\/\/guineediversite.com\/wp-content\/uploads\/2020\/08\/MAIRE-DE-LA-COMMUNE-DE-MATAM-SEYDOUBA-SACKO.jpg","articleSection":["Soci\u00e9t\u00e9"],"inLanguage":"fr-FR"},{"@type":"WebPage","@id":"https:\/\/guineediversite.com\/index.php\/2020\/08\/05\/5679-candidats-affrontent-lexamen-dentree-en-7eme-annee-dans-la-commune-de-matam\/","url":"https:\/\/guineediversite.com\/index.php\/2020\/08\/05\/5679-candidats-affrontent-lexamen-dentree-en-7eme-annee-dans-la-commune-de-matam\/","name":"5679 candidats affrontent l\u2019examen d\u2019entr\u00e9e en 7\u00e8me Ann\u00e9e dans la commune de Matam | Guin\u00e9e Diversit\u00e9","isPartOf":{"@id":"https:\/\/guineediversite.com\/#website"},"primaryImageOfPage":{"@id":"https:\/\/guineediversite.com\/index.php\/2020\/08\/05\/5679-candidats-affrontent-lexamen-dentree-en-7eme-annee-dans-la-commune-de-matam\/#primaryimage"},"image":{"@id":"https:\/\/guineediversite.com\/index.php\/2020\/08\/05\/5679-candidats-affrontent-lexamen-dentree-en-7eme-annee-dans-la-commune-de-matam\/#primaryimage"},"thumbnailUrl":"https:\/\/guineediversite.com\/wp-content\/uploads\/2020\/08\/MAIRE-DE-LA-COMMUNE-DE-MATAM-SEYDOUBA-SACKO.jpg","datePublished":"2020-08-05T13:07:04+00:00","dateModified":"2020-08-05T13:07:04+00:00","breadcrumb":{"@id":"https:\/\/guineediversite.com\/index.php\/2020\/08\/05\/5679-candidats-affrontent-lexamen-dentree-en-7eme-annee-dans-la-commune-de-matam\/#breadcrumb"},"inLanguage":"fr-FR","potentialAction":[{"@type":"ReadAction","target":["https:\/\/guineediversite.com\/index.php\/2020\/08\/05\/5679-candidats-affrontent-lexamen-dentree-en-7eme-annee-dans-la-commune-de-matam\/"]}]},{"@type":"ImageObject","inLanguage":"fr-FR","@id":"https:\/\/guineediversite.com\/index.php\/2020\/08\/05\/5679-candidats-affrontent-lexamen-dentree-en-7eme-annee-dans-la-commune-de-matam\/#primaryimage","url":"https:\/\/guineediversite.com\/wp-content\/uploads\/2020\/08\/MAIRE-DE-LA-COMMUNE-DE-MATAM-SEYDOUBA-SACKO.jpg","contentUrl":"https:\/\/guineediversite.com\/wp-content\/uploads\/2020\/08\/MAIRE-DE-LA-COMMUNE-DE-MATAM-SEYDOUBA-SACKO.jpg","width":1500,"height":845},{"@type":"BreadcrumbList","@id":"https:\/\/guineediversite.com\/index.php\/2020\/08\/05\/5679-candidats-affrontent-lexamen-dentree-en-7eme-annee-dans-la-commune-de-matam\/#breadcrumb","itemListElement":[{"@type":"ListItem","position":1,"name":"Accueil","item":"https:\/\/guineediversite.com\/"},{"@type":"ListItem","position":2,"name":"5679 candidats affrontent l\u2019examen d\u2019entr\u00e9e en 7\u00e8me Ann\u00e9e dans la commune de Matam"}]},{"@type":"WebSite","@id":"https:\/\/guineediversite.com\/#website","url":"https:\/\/guineediversite.com\/","name":"Guin\u00e9e Diversit\u00e9","description":"L&#039;Info dans toute sa diversit\u00e9","publisher":{"@id":"https:\/\/guineediversite.com\/#organization"},"potentialAction":[{"@type":"SearchAction","target":{"@type":"EntryPoint","urlTemplate":"https:\/\/guineediversite.com\/?s={search_term_string}"},"query-input":{"@type":"PropertyValueSpecification","valueRequired":true,"valueName":"search_term_string"}}],"inLanguage":"fr-FR"},{"@type":"Organization","@id":"https:\/\/guineediversite.com\/#organization","name":"Guin\u00e9e Diversit\u00e9","url":"https:\/\/guineediversite.com\/","logo":{"@type":"ImageObject","inLanguage":"fr-FR","@id":"https:\/\/guineediversite.com\/#\/schema\/logo\/image\/","url":"https:\/\/guineediversite.com\/wp-content\/uploads\/2017\/04\/cropped-1jojlxEOMkX9Wyqfhe43D6kjPOGqBBKmx3EwWJqZ0cMrFF54yM49.png","contentUrl":"https:\/\/guineediversite.com\/wp-content\/uploads\/2017\/04\/cropped-1jojlxEOMkX9Wyqfhe43D6kjPOGqBBKmx3EwWJqZ0cMrFF54yM49.png","width":186,"height":112,"caption":"Guin\u00e9e Diversit\u00e9"},"image":{"@id":"https:\/\/guineediversite.com\/#\/schema\/logo\/image\/"},"sameAs":["https:\/\/www.facebook.com\/guineediversite\/","https:\/\/x.com\/GuineeDiversite","https:\/\/www.youtube.com\/channel\/UC8sUY16qelG5ge6_D5SB83g"]},{"@type":"Person","@id":"https:\/\/guineediversite.com\/#\/schema\/person\/fa362494c47202ce4b3adf55abcc9d01","name":"Morcire Camara","image":{"@type":"ImageObject","inLanguage":"fr-FR","@id":"https:\/\/guineediversite.com\/#\/schema\/person\/image\/","url":"https:\/\/secure.gravatar.com\/avatar\/3ec324f02295bbcebe03d99b39330ab4?s=96&d=mm&r=g","contentUrl":"https:\/\/secure.gravatar.com\/avatar\/3ec324f02295bbcebe03d99b39330ab4?s=96&d=mm&r=g","caption":"Morcire Camara"},"url":"https:\/\/guineediversite.com\/index.php\/author\/morcire\/"}]}},"_links":{"self":[{"href":"https:\/\/guineediversite.com\/index.php\/wp-json\/wp\/v2\/posts\/30289"}],"collection":[{"href":"https:\/\/guineediversite.com\/index.php\/wp-json\/wp\/v2\/posts"}],"about":[{"href":"https:\/\/guineediversite.com\/index.php\/wp-json\/wp\/v2\/types\/post"}],"author":[{"embeddable":true,"href":"https:\/\/guineediversite.com\/index.php\/wp-json\/wp\/v2\/users\/10"}],"replies":[{"embeddable":true,"href":"https:\/\/guineediversite.com\/index.php\/wp-json\/wp\/v2\/comments?post=30289"}],"version-history":[{"count":1,"href":"https:\/\/guineediversite.com\/index.php\/wp-json\/wp\/v2\/posts\/30289\/revisions"}],"predecessor-version":[{"id":30292,"href":"https:\/\/guineediversite.com\/index.php\/wp-json\/wp\/v2\/posts\/30289\/revisions\/30292"}],"wp:featuredmedia":[{"embeddable":true,"href":"https:\/\/guineediversite.com\/index.php\/wp-json\/wp\/v2\/media\/30290"}],"wp:attachment":[{"href":"https:\/\/guineediversite.com\/index.php\/wp-json\/wp\/v2\/media?parent=30289"}],"wp:term":[{"taxonomy":"category","embeddable":true,"href":"https:\/\/guineediversite.com\/index.php\/wp-json\/wp\/v2\/categories?post=30289"},{"taxonomy":"post_tag","embeddable":true,"href":"https:\/\/guineediversite.com\/index.php\/wp-json\/wp\/v2\/tags?post=30289"}],"curies":[{"name":"wp","href":"https:\/\/api.w.org\/{rel}","templated":true}]}}