{"id":30276,"date":"2020-08-04T11:45:06","date_gmt":"2020-08-04T09:45:06","guid":{"rendered":"https:\/\/guineediversite.com\/?p=30276"},"modified":"2020-08-04T11:45:06","modified_gmt":"2020-08-04T09:45:06","slug":"lespagne-divisee-entre-applaudissements-et-indignation-quant-a-lexil-de-juan-carlos","status":"publish","type":"post","link":"https:\/\/guineediversite.com\/index.php\/2020\/08\/04\/lespagne-divisee-entre-applaudissements-et-indignation-quant-a-lexil-de-juan-carlos\/","title":{"rendered":"L\u2019Espagne divis\u00e9e entre applaudissements et indignation quant \u00e0 l\u2019exil de Juan Carlos"},"content":{"rendered":"<p>Apr\u00e8s avoir annonc\u00e9 lundi 3 ao\u00fbt qu\u2019il quitterait l\u2019Espagne, le roi \u00e9m\u00e9rite Juan Carlos a suscit\u00e9 des r\u00e9actions tr\u00e8s controvers\u00e9es, bien que son avocat assure qu\u2019il ne cherche pas \u00e0 \u00e9chapper \u00e0 la justice. Accus\u00e9 de corruption, l\u2019ancien chef d\u2019\u00c9tat a pris cette d\u00e9cision pour \u00ab\u00a0faciliter l&rsquo;exercice des fonctions\u00a0\u00bb de son fils, l\u2019actuel monarque Philippe VI. Alors que beaucoup saluent sa d\u00e9cision, jugeant que sa pr\u00e9sence en Espagne \u00ab\u00a0salit\u00a0\u00bb la monarchie, d\u2019autres crient \u00ab\u00a0honte\u00a0!\u00a0\u00bb.<\/p>\n<p>En f\u00e9vrier 1981, le roi Juan Carlos avait r\u00e9ussir \u00e0 avorter une tentative de Coup d\u2019\u00c9tat militaire et \u00e0 pr\u00e9server la d\u00e9mocratie. 39 ans plus tard, <strong><a href=\"https:\/\/www.rfi.fr\/fr\/europe\/20200803-espagne-soup\u00e7onn\u00e9-corruption-ex-roi-juan-carlos-exile\">en fuyant son pays<\/a><\/strong>, il rend \u00e0 \u00ab\u00a0<em>un autre grand service \u00e0 l\u2019Espagne<\/em>\u00a0\u00bbet\u00ab\u00a0<em>prot\u00e8ge par ce biais l\u2019institution monarchique<\/em>\u00a0\u00bb, <strong><a href=\"http:\/\/www.elmundo.es\/opinion\/2020\/08\/03\/5f285f87fdddff38618b457b.html\">d\u00e9fend l\u2019\u00e9ditorialiste Luis Maria Anson<\/a><\/strong>, dont l\u2019opinion r\u00e9sume parfaitement le sentiment majoritaire \u00e0 Madrid.<\/p>\n<p>Juan Carlos est <strong><a href=\"https:\/\/www.rfi.fr\/fr\/europe\/20200308-espagne-ancien-roi-juan-carlos-corruption-blanchiment-suisse-arabie-saoudite-corinna\">accus\u00e9 d\u2019avoir des comptes bancaires frauduleux dans des paradis fiscaux<\/a><\/strong>, et cette situation est intenable pour son fils Philippe VI, l\u2019actuel monarque. Il lui fallait donc partir imp\u00e9rativement, <strong><a href=\"http:\/\/www.elmundo.es\/opinion\/editorial\/2020\/08\/03\/5f2859fdfc6c83c1068b456f.html\">souligne le quotidien <em>El Mundo<\/em><\/a><\/strong>. M\u00eame l<strong><a href=\"http:\/\/www.abc.es\/opinion\/abci-corona-permanece-202008040159_noticia.html\">e journal monarchiste <em>ABC<\/em><\/a><\/strong>, qui l\u2019a toujours d\u00e9fendu, estime que son d\u00e9part vers une destination inconnue, possiblement le Portugal, est \u00ab\u00a0<em>la seule solution<\/em>\u00a0\u00bb pour pr\u00e9server le r\u00e8gne de Philippe VI, car sa pr\u00e9sence le \u00ab\u00a0<em>salit<\/em>\u00a0\u00bb.<\/p>\n<p>Applaudissements pour ce d\u00e9part, donc, notamment aupr\u00e8s des principaux partis politiques. Mais, pour certains, notamment nationalistes et la gauche radicale, il s\u2019agit d\u2019\u00ab\u00a0<em>une honte<\/em>\u00a0\u00bb. \u00ab\u00a0<em>C\u2019est une v\u00e9ritable fuite<\/em>\u00a0\u00bb, souligne le quotidien <strong><a href=\"http:\/\/www.eldiario.es\/\">eldiario.es<\/a><\/strong>, se faisant l\u2019\u00e9cho du chef de file de Podemos Pablo Iglesias, qui parle d\u2019\u00ab\u00a0<em>une attitude indigne d\u2019un ex-chef d\u2019\u00c9tat<\/em>\u00a0\u00bb.<\/p>\n<p>Soulagement d\u2019un roi \u00e9m\u00e9rite trublion d\u2019un c\u00f4t\u00e9, indignation pour sa l\u00e2chet\u00e9 et son exil de l\u2019autre. Et ce m\u00eame si, les avocats de Juan Carlos ont pr\u00e9cis\u00e9 qu\u2019il resterait disponible pour la justice.<\/p>\n<p><strong>RFI<\/strong><\/p>\n","protected":false},"excerpt":{"rendered":"<p>Apr\u00e8s avoir annonc\u00e9 lundi 3 ao\u00fbt qu\u2019il quitterait l\u2019Espagne, le roi \u00e9m\u00e9rite Juan Carlos a suscit\u00e9 des r\u00e9actions tr\u00e8s controvers\u00e9es, bien que son avocat assure qu\u2019il ne cherche pas \u00e0 \u00e9chapper \u00e0 la justice. Accus\u00e9 de corruption, l\u2019ancien chef d\u2019\u00c9tat a pris cette d\u00e9cision pour \u00ab\u00a0faciliter l&rsquo;exercice des fonctions\u00a0\u00bb de son fils, l\u2019actuel monarque Philippe [&hellip;]<\/p>\n","protected":false},"author":12,"featured_media":30277,"comment_status":"closed","ping_status":"open","sticky":false,"template":"","format":"standard","meta":{"_exactmetrics_skip_tracking":false,"_exactmetrics_sitenote_active":false,"_exactmetrics_sitenote_note":"","_exactmetrics_sitenote_category":0,"tdm_status":"","tdm_grid_status":"","footnotes":""},"categories":[21],"tags":[],"class_list":{"0":"post-30276","1":"post","2":"type-post","3":"status-publish","4":"format-standard","5":"has-post-thumbnail","7":"category-international"},"yoast_head":"<!-- This site is optimized with the Yoast SEO plugin v24.2 - https:\/\/yoast.com\/wordpress\/plugins\/seo\/ -->\n<title>L\u2019Espagne divis\u00e9e entre applaudissements et indignation quant \u00e0 l\u2019exil de Juan Carlos | Guin\u00e9e Diversit\u00e9<\/title>\n<meta name=\"robots\" content=\"index, follow, max-snippet:-1, max-image-preview:large, max-video-preview:-1\" \/>\n<link rel=\"canonical\" href=\"https:\/\/guineediversite.com\/index.php\/2020\/08\/04\/lespagne-divisee-entre-applaudissements-et-indignation-quant-a-lexil-de-juan-carlos\/\" \/>\n<meta property=\"og:locale\" content=\"fr_FR\" \/>\n<meta property=\"og:type\" content=\"article\" \/>\n<meta property=\"og:title\" content=\"L\u2019Espagne divis\u00e9e entre applaudissements et indignation quant \u00e0 l\u2019exil de Juan Carlos | Guin\u00e9e Diversit\u00e9\" \/>\n<meta property=\"og:description\" content=\"Apr\u00e8s avoir annonc\u00e9 lundi 3 ao\u00fbt qu\u2019il quitterait l\u2019Espagne, le roi \u00e9m\u00e9rite Juan Carlos a suscit\u00e9 des r\u00e9actions tr\u00e8s controvers\u00e9es, bien que son avocat assure qu\u2019il ne cherche pas \u00e0 \u00e9chapper \u00e0 la justice. Accus\u00e9 de corruption, l\u2019ancien chef d\u2019\u00c9tat a pris cette d\u00e9cision pour \u00ab\u00a0faciliter l&rsquo;exercice des fonctions\u00a0\u00bb de son fils, l\u2019actuel monarque Philippe [&hellip;]\" \/>\n<meta property=\"og:url\" content=\"https:\/\/guineediversite.com\/index.php\/2020\/08\/04\/lespagne-divisee-entre-applaudissements-et-indignation-quant-a-lexil-de-juan-carlos\/\" \/>\n<meta property=\"og:site_name\" content=\"Guin\u00e9e Diversit\u00e9\" \/>\n<meta property=\"article:publisher\" content=\"https:\/\/www.facebook.com\/guineediversite\/\" \/>\n<meta property=\"article:published_time\" content=\"2020-08-04T09:45:06+00:00\" \/>\n<meta property=\"og:image\" content=\"https:\/\/guineediversite.com\/wp-content\/uploads\/2020\/08\/Lancien-roi-espagnol-Juan-Carlos-lors-dun-sommet-avec-des-responsables-ib\u00e9ro-am\u00e9ricains-\u00e0-Cadiz-le-17-novembre-2012..jpg\" \/>\n\t<meta property=\"og:image:width\" content=\"1500\" \/>\n\t<meta property=\"og:image:height\" content=\"840\" \/>\n\t<meta property=\"og:image:type\" content=\"image\/jpeg\" \/>\n<meta name=\"author\" content=\"Guin\u00e9e Diversit\u00e9\" \/>\n<meta name=\"twitter:card\" content=\"summary_large_image\" \/>\n<meta name=\"twitter:creator\" content=\"@GuineeDiversite\" \/>\n<meta name=\"twitter:site\" content=\"@GuineeDiversite\" \/>\n<meta name=\"twitter:label1\" content=\"\u00c9crit par\" \/>\n\t<meta name=\"twitter:data1\" content=\"Guin\u00e9e Diversit\u00e9\" \/>\n\t<meta name=\"twitter:label2\" content=\"Dur\u00e9e de lecture estim\u00e9e\" \/>\n\t<meta name=\"twitter:data2\" content=\"2 minutes\" \/>\n<script type=\"application\/ld+json\" class=\"yoast-schema-graph\">{\"@context\":\"https:\/\/schema.org\",\"@graph\":[{\"@type\":\"Article\",\"@id\":\"https:\/\/guineediversite.com\/index.php\/2020\/08\/04\/lespagne-divisee-entre-applaudissements-et-indignation-quant-a-lexil-de-juan-carlos\/#article\",\"isPartOf\":{\"@id\":\"https:\/\/guineediversite.com\/index.php\/2020\/08\/04\/lespagne-divisee-entre-applaudissements-et-indignation-quant-a-lexil-de-juan-carlos\/\"},\"author\":{\"name\":\"Guin\u00e9e Diversit\u00e9\",\"@id\":\"https:\/\/guineediversite.com\/#\/schema\/person\/afa08fb34e7fc6e1feafc892612bc836\"},\"headline\":\"L\u2019Espagne divis\u00e9e entre applaudissements et indignation quant \u00e0 l\u2019exil de Juan Carlos\",\"datePublished\":\"2020-08-04T09:45:06+00:00\",\"dateModified\":\"2020-08-04T09:45:06+00:00\",\"mainEntityOfPage\":{\"@id\":\"https:\/\/guineediversite.com\/index.php\/2020\/08\/04\/lespagne-divisee-entre-applaudissements-et-indignation-quant-a-lexil-de-juan-carlos\/\"},\"wordCount\":355,\"publisher\":{\"@id\":\"https:\/\/guineediversite.com\/#organization\"},\"image\":{\"@id\":\"https:\/\/guineediversite.com\/index.php\/2020\/08\/04\/lespagne-divisee-entre-applaudissements-et-indignation-quant-a-lexil-de-juan-carlos\/#primaryimage\"},\"thumbnailUrl\":\"https:\/\/guineediversite.com\/wp-content\/uploads\/2020\/08\/Lancien-roi-espagnol-Juan-Carlos-lors-dun-sommet-avec-des-responsables-ib\u00e9ro-am\u00e9ricains-\u00e0-Cadiz-le-17-novembre-2012..jpg\",\"articleSection\":[\"International\"],\"inLanguage\":\"fr-FR\"},{\"@type\":\"WebPage\",\"@id\":\"https:\/\/guineediversite.com\/index.php\/2020\/08\/04\/lespagne-divisee-entre-applaudissements-et-indignation-quant-a-lexil-de-juan-carlos\/\",\"url\":\"https:\/\/guineediversite.com\/index.php\/2020\/08\/04\/lespagne-divisee-entre-applaudissements-et-indignation-quant-a-lexil-de-juan-carlos\/\",\"name\":\"L\u2019Espagne divis\u00e9e entre applaudissements et indignation quant \u00e0 l\u2019exil de Juan Carlos | Guin\u00e9e Diversit\u00e9\",\"isPartOf\":{\"@id\":\"https:\/\/guineediversite.com\/#website\"},\"primaryImageOfPage\":{\"@id\":\"https:\/\/guineediversite.com\/index.php\/2020\/08\/04\/lespagne-divisee-entre-applaudissements-et-indignation-quant-a-lexil-de-juan-carlos\/#primaryimage\"},\"image\":{\"@id\":\"https:\/\/guineediversite.com\/index.php\/2020\/08\/04\/lespagne-divisee-entre-applaudissements-et-indignation-quant-a-lexil-de-juan-carlos\/#primaryimage\"},\"thumbnailUrl\":\"https:\/\/guineediversite.com\/wp-content\/uploads\/2020\/08\/Lancien-roi-espagnol-Juan-Carlos-lors-dun-sommet-avec-des-responsables-ib\u00e9ro-am\u00e9ricains-\u00e0-Cadiz-le-17-novembre-2012..jpg\",\"datePublished\":\"2020-08-04T09:45:06+00:00\",\"dateModified\":\"2020-08-04T09:45:06+00:00\",\"breadcrumb\":{\"@id\":\"https:\/\/guineediversite.com\/index.php\/2020\/08\/04\/lespagne-divisee-entre-applaudissements-et-indignation-quant-a-lexil-de-juan-carlos\/#breadcrumb\"},\"inLanguage\":\"fr-FR\",\"potentialAction\":[{\"@type\":\"ReadAction\",\"target\":[\"https:\/\/guineediversite.com\/index.php\/2020\/08\/04\/lespagne-divisee-entre-applaudissements-et-indignation-quant-a-lexil-de-juan-carlos\/\"]}]},{\"@type\":\"ImageObject\",\"inLanguage\":\"fr-FR\",\"@id\":\"https:\/\/guineediversite.com\/index.php\/2020\/08\/04\/lespagne-divisee-entre-applaudissements-et-indignation-quant-a-lexil-de-juan-carlos\/#primaryimage\",\"url\":\"https:\/\/guineediversite.com\/wp-content\/uploads\/2020\/08\/Lancien-roi-espagnol-Juan-Carlos-lors-dun-sommet-avec-des-responsables-ib\u00e9ro-am\u00e9ricains-\u00e0-Cadiz-le-17-novembre-2012..jpg\",\"contentUrl\":\"https:\/\/guineediversite.com\/wp-content\/uploads\/2020\/08\/Lancien-roi-espagnol-Juan-Carlos-lors-dun-sommet-avec-des-responsables-ib\u00e9ro-am\u00e9ricains-\u00e0-Cadiz-le-17-novembre-2012..jpg\",\"width\":1500,\"height\":840},{\"@type\":\"BreadcrumbList\",\"@id\":\"https:\/\/guineediversite.com\/index.php\/2020\/08\/04\/lespagne-divisee-entre-applaudissements-et-indignation-quant-a-lexil-de-juan-carlos\/#breadcrumb\",\"itemListElement\":[{\"@type\":\"ListItem\",\"position\":1,\"name\":\"Accueil\",\"item\":\"https:\/\/guineediversite.com\/\"},{\"@type\":\"ListItem\",\"position\":2,\"name\":\"L\u2019Espagne divis\u00e9e entre applaudissements et indignation quant \u00e0 l\u2019exil de Juan Carlos\"}]},{\"@type\":\"WebSite\",\"@id\":\"https:\/\/guineediversite.com\/#website\",\"url\":\"https:\/\/guineediversite.com\/\",\"name\":\"Guin\u00e9e Diversit\u00e9\",\"description\":\"L&#039;Info dans toute sa diversit\u00e9\",\"publisher\":{\"@id\":\"https:\/\/guineediversite.com\/#organization\"},\"potentialAction\":[{\"@type\":\"SearchAction\",\"target\":{\"@type\":\"EntryPoint\",\"urlTemplate\":\"https:\/\/guineediversite.com\/?s={search_term_string}\"},\"query-input\":{\"@type\":\"PropertyValueSpecification\",\"valueRequired\":true,\"valueName\":\"search_term_string\"}}],\"inLanguage\":\"fr-FR\"},{\"@type\":\"Organization\",\"@id\":\"https:\/\/guineediversite.com\/#organization\",\"name\":\"Guin\u00e9e Diversit\u00e9\",\"url\":\"https:\/\/guineediversite.com\/\",\"logo\":{\"@type\":\"ImageObject\",\"inLanguage\":\"fr-FR\",\"@id\":\"https:\/\/guineediversite.com\/#\/schema\/logo\/image\/\",\"url\":\"https:\/\/guineediversite.com\/wp-content\/uploads\/2017\/04\/cropped-1jojlxEOMkX9Wyqfhe43D6kjPOGqBBKmx3EwWJqZ0cMrFF54yM49.png\",\"contentUrl\":\"https:\/\/guineediversite.com\/wp-content\/uploads\/2017\/04\/cropped-1jojlxEOMkX9Wyqfhe43D6kjPOGqBBKmx3EwWJqZ0cMrFF54yM49.png\",\"width\":186,\"height\":112,\"caption\":\"Guin\u00e9e Diversit\u00e9\"},\"image\":{\"@id\":\"https:\/\/guineediversite.com\/#\/schema\/logo\/image\/\"},\"sameAs\":[\"https:\/\/www.facebook.com\/guineediversite\/\",\"https:\/\/x.com\/GuineeDiversite\",\"https:\/\/www.youtube.com\/channel\/UC8sUY16qelG5ge6_D5SB83g\"]},{\"@type\":\"Person\",\"@id\":\"https:\/\/guineediversite.com\/#\/schema\/person\/afa08fb34e7fc6e1feafc892612bc836\",\"name\":\"Guin\u00e9e Diversit\u00e9\",\"image\":{\"@type\":\"ImageObject\",\"inLanguage\":\"fr-FR\",\"@id\":\"https:\/\/guineediversite.com\/#\/schema\/person\/image\/\",\"url\":\"https:\/\/secure.gravatar.com\/avatar\/50d5eb5b390f8b65ac30ac6f898eb83a?s=96&d=mm&r=g\",\"contentUrl\":\"https:\/\/secure.gravatar.com\/avatar\/50d5eb5b390f8b65ac30ac6f898eb83a?s=96&d=mm&r=g\",\"caption\":\"Guin\u00e9e Diversit\u00e9\"},\"url\":\"https:\/\/guineediversite.com\/index.php\/author\/guineediversite\/\"}]}<\/script>\n<!-- \/ Yoast SEO plugin. -->","yoast_head_json":{"title":"L\u2019Espagne divis\u00e9e entre applaudissements et indignation quant \u00e0 l\u2019exil de Juan Carlos | Guin\u00e9e Diversit\u00e9","robots":{"index":"index","follow":"follow","max-snippet":"max-snippet:-1","max-image-preview":"max-image-preview:large","max-video-preview":"max-video-preview:-1"},"canonical":"https:\/\/guineediversite.com\/index.php\/2020\/08\/04\/lespagne-divisee-entre-applaudissements-et-indignation-quant-a-lexil-de-juan-carlos\/","og_locale":"fr_FR","og_type":"article","og_title":"L\u2019Espagne divis\u00e9e entre applaudissements et indignation quant \u00e0 l\u2019exil de Juan Carlos | Guin\u00e9e Diversit\u00e9","og_description":"Apr\u00e8s avoir annonc\u00e9 lundi 3 ao\u00fbt qu\u2019il quitterait l\u2019Espagne, le roi \u00e9m\u00e9rite Juan Carlos a suscit\u00e9 des r\u00e9actions tr\u00e8s controvers\u00e9es, bien que son avocat assure qu\u2019il ne cherche pas \u00e0 \u00e9chapper \u00e0 la justice. Accus\u00e9 de corruption, l\u2019ancien chef d\u2019\u00c9tat a pris cette d\u00e9cision pour \u00ab\u00a0faciliter l&rsquo;exercice des fonctions\u00a0\u00bb de son fils, l\u2019actuel monarque Philippe [&hellip;]","og_url":"https:\/\/guineediversite.com\/index.php\/2020\/08\/04\/lespagne-divisee-entre-applaudissements-et-indignation-quant-a-lexil-de-juan-carlos\/","og_site_name":"Guin\u00e9e Diversit\u00e9","article_publisher":"https:\/\/www.facebook.com\/guineediversite\/","article_published_time":"2020-08-04T09:45:06+00:00","og_image":[{"width":1500,"height":840,"url":"https:\/\/guineediversite.com\/wp-content\/uploads\/2020\/08\/Lancien-roi-espagnol-Juan-Carlos-lors-dun-sommet-avec-des-responsables-ib\u00e9ro-am\u00e9ricains-\u00e0-Cadiz-le-17-novembre-2012..jpg","type":"image\/jpeg"}],"author":"Guin\u00e9e Diversit\u00e9","twitter_card":"summary_large_image","twitter_creator":"@GuineeDiversite","twitter_site":"@GuineeDiversite","twitter_misc":{"\u00c9crit par":"Guin\u00e9e Diversit\u00e9","Dur\u00e9e de lecture estim\u00e9e":"2 minutes"},"schema":{"@context":"https:\/\/schema.org","@graph":[{"@type":"Article","@id":"https:\/\/guineediversite.com\/index.php\/2020\/08\/04\/lespagne-divisee-entre-applaudissements-et-indignation-quant-a-lexil-de-juan-carlos\/#article","isPartOf":{"@id":"https:\/\/guineediversite.com\/index.php\/2020\/08\/04\/lespagne-divisee-entre-applaudissements-et-indignation-quant-a-lexil-de-juan-carlos\/"},"author":{"name":"Guin\u00e9e Diversit\u00e9","@id":"https:\/\/guineediversite.com\/#\/schema\/person\/afa08fb34e7fc6e1feafc892612bc836"},"headline":"L\u2019Espagne divis\u00e9e entre applaudissements et indignation quant \u00e0 l\u2019exil de Juan Carlos","datePublished":"2020-08-04T09:45:06+00:00","dateModified":"2020-08-04T09:45:06+00:00","mainEntityOfPage":{"@id":"https:\/\/guineediversite.com\/index.php\/2020\/08\/04\/lespagne-divisee-entre-applaudissements-et-indignation-quant-a-lexil-de-juan-carlos\/"},"wordCount":355,"publisher":{"@id":"https:\/\/guineediversite.com\/#organization"},"image":{"@id":"https:\/\/guineediversite.com\/index.php\/2020\/08\/04\/lespagne-divisee-entre-applaudissements-et-indignation-quant-a-lexil-de-juan-carlos\/#primaryimage"},"thumbnailUrl":"https:\/\/guineediversite.com\/wp-content\/uploads\/2020\/08\/Lancien-roi-espagnol-Juan-Carlos-lors-dun-sommet-avec-des-responsables-ib\u00e9ro-am\u00e9ricains-\u00e0-Cadiz-le-17-novembre-2012..jpg","articleSection":["International"],"inLanguage":"fr-FR"},{"@type":"WebPage","@id":"https:\/\/guineediversite.com\/index.php\/2020\/08\/04\/lespagne-divisee-entre-applaudissements-et-indignation-quant-a-lexil-de-juan-carlos\/","url":"https:\/\/guineediversite.com\/index.php\/2020\/08\/04\/lespagne-divisee-entre-applaudissements-et-indignation-quant-a-lexil-de-juan-carlos\/","name":"L\u2019Espagne divis\u00e9e entre applaudissements et indignation quant \u00e0 l\u2019exil de Juan Carlos | Guin\u00e9e Diversit\u00e9","isPartOf":{"@id":"https:\/\/guineediversite.com\/#website"},"primaryImageOfPage":{"@id":"https:\/\/guineediversite.com\/index.php\/2020\/08\/04\/lespagne-divisee-entre-applaudissements-et-indignation-quant-a-lexil-de-juan-carlos\/#primaryimage"},"image":{"@id":"https:\/\/guineediversite.com\/index.php\/2020\/08\/04\/lespagne-divisee-entre-applaudissements-et-indignation-quant-a-lexil-de-juan-carlos\/#primaryimage"},"thumbnailUrl":"https:\/\/guineediversite.com\/wp-content\/uploads\/2020\/08\/Lancien-roi-espagnol-Juan-Carlos-lors-dun-sommet-avec-des-responsables-ib\u00e9ro-am\u00e9ricains-\u00e0-Cadiz-le-17-novembre-2012..jpg","datePublished":"2020-08-04T09:45:06+00:00","dateModified":"2020-08-04T09:45:06+00:00","breadcrumb":{"@id":"https:\/\/guineediversite.com\/index.php\/2020\/08\/04\/lespagne-divisee-entre-applaudissements-et-indignation-quant-a-lexil-de-juan-carlos\/#breadcrumb"},"inLanguage":"fr-FR","potentialAction":[{"@type":"ReadAction","target":["https:\/\/guineediversite.com\/index.php\/2020\/08\/04\/lespagne-divisee-entre-applaudissements-et-indignation-quant-a-lexil-de-juan-carlos\/"]}]},{"@type":"ImageObject","inLanguage":"fr-FR","@id":"https:\/\/guineediversite.com\/index.php\/2020\/08\/04\/lespagne-divisee-entre-applaudissements-et-indignation-quant-a-lexil-de-juan-carlos\/#primaryimage","url":"https:\/\/guineediversite.com\/wp-content\/uploads\/2020\/08\/Lancien-roi-espagnol-Juan-Carlos-lors-dun-sommet-avec-des-responsables-ib\u00e9ro-am\u00e9ricains-\u00e0-Cadiz-le-17-novembre-2012..jpg","contentUrl":"https:\/\/guineediversite.com\/wp-content\/uploads\/2020\/08\/Lancien-roi-espagnol-Juan-Carlos-lors-dun-sommet-avec-des-responsables-ib\u00e9ro-am\u00e9ricains-\u00e0-Cadiz-le-17-novembre-2012..jpg","width":1500,"height":840},{"@type":"BreadcrumbList","@id":"https:\/\/guineediversite.com\/index.php\/2020\/08\/04\/lespagne-divisee-entre-applaudissements-et-indignation-quant-a-lexil-de-juan-carlos\/#breadcrumb","itemListElement":[{"@type":"ListItem","position":1,"name":"Accueil","item":"https:\/\/guineediversite.com\/"},{"@type":"ListItem","position":2,"name":"L\u2019Espagne divis\u00e9e entre applaudissements et indignation quant \u00e0 l\u2019exil de Juan Carlos"}]},{"@type":"WebSite","@id":"https:\/\/guineediversite.com\/#website","url":"https:\/\/guineediversite.com\/","name":"Guin\u00e9e Diversit\u00e9","description":"L&#039;Info dans toute sa diversit\u00e9","publisher":{"@id":"https:\/\/guineediversite.com\/#organization"},"potentialAction":[{"@type":"SearchAction","target":{"@type":"EntryPoint","urlTemplate":"https:\/\/guineediversite.com\/?s={search_term_string}"},"query-input":{"@type":"PropertyValueSpecification","valueRequired":true,"valueName":"search_term_string"}}],"inLanguage":"fr-FR"},{"@type":"Organization","@id":"https:\/\/guineediversite.com\/#organization","name":"Guin\u00e9e Diversit\u00e9","url":"https:\/\/guineediversite.com\/","logo":{"@type":"ImageObject","inLanguage":"fr-FR","@id":"https:\/\/guineediversite.com\/#\/schema\/logo\/image\/","url":"https:\/\/guineediversite.com\/wp-content\/uploads\/2017\/04\/cropped-1jojlxEOMkX9Wyqfhe43D6kjPOGqBBKmx3EwWJqZ0cMrFF54yM49.png","contentUrl":"https:\/\/guineediversite.com\/wp-content\/uploads\/2017\/04\/cropped-1jojlxEOMkX9Wyqfhe43D6kjPOGqBBKmx3EwWJqZ0cMrFF54yM49.png","width":186,"height":112,"caption":"Guin\u00e9e Diversit\u00e9"},"image":{"@id":"https:\/\/guineediversite.com\/#\/schema\/logo\/image\/"},"sameAs":["https:\/\/www.facebook.com\/guineediversite\/","https:\/\/x.com\/GuineeDiversite","https:\/\/www.youtube.com\/channel\/UC8sUY16qelG5ge6_D5SB83g"]},{"@type":"Person","@id":"https:\/\/guineediversite.com\/#\/schema\/person\/afa08fb34e7fc6e1feafc892612bc836","name":"Guin\u00e9e Diversit\u00e9","image":{"@type":"ImageObject","inLanguage":"fr-FR","@id":"https:\/\/guineediversite.com\/#\/schema\/person\/image\/","url":"https:\/\/secure.gravatar.com\/avatar\/50d5eb5b390f8b65ac30ac6f898eb83a?s=96&d=mm&r=g","contentUrl":"https:\/\/secure.gravatar.com\/avatar\/50d5eb5b390f8b65ac30ac6f898eb83a?s=96&d=mm&r=g","caption":"Guin\u00e9e Diversit\u00e9"},"url":"https:\/\/guineediversite.com\/index.php\/author\/guineediversite\/"}]}},"_links":{"self":[{"href":"https:\/\/guineediversite.com\/index.php\/wp-json\/wp\/v2\/posts\/30276"}],"collection":[{"href":"https:\/\/guineediversite.com\/index.php\/wp-json\/wp\/v2\/posts"}],"about":[{"href":"https:\/\/guineediversite.com\/index.php\/wp-json\/wp\/v2\/types\/post"}],"author":[{"embeddable":true,"href":"https:\/\/guineediversite.com\/index.php\/wp-json\/wp\/v2\/users\/12"}],"replies":[{"embeddable":true,"href":"https:\/\/guineediversite.com\/index.php\/wp-json\/wp\/v2\/comments?post=30276"}],"version-history":[{"count":1,"href":"https:\/\/guineediversite.com\/index.php\/wp-json\/wp\/v2\/posts\/30276\/revisions"}],"predecessor-version":[{"id":30278,"href":"https:\/\/guineediversite.com\/index.php\/wp-json\/wp\/v2\/posts\/30276\/revisions\/30278"}],"wp:featuredmedia":[{"embeddable":true,"href":"https:\/\/guineediversite.com\/index.php\/wp-json\/wp\/v2\/media\/30277"}],"wp:attachment":[{"href":"https:\/\/guineediversite.com\/index.php\/wp-json\/wp\/v2\/media?parent=30276"}],"wp:term":[{"taxonomy":"category","embeddable":true,"href":"https:\/\/guineediversite.com\/index.php\/wp-json\/wp\/v2\/categories?post=30276"},{"taxonomy":"post_tag","embeddable":true,"href":"https:\/\/guineediversite.com\/index.php\/wp-json\/wp\/v2\/tags?post=30276"}],"curies":[{"name":"wp","href":"https:\/\/api.w.org\/{rel}","templated":true}]}}