{"id":30267,"date":"2020-08-02T23:07:57","date_gmt":"2020-08-02T21:07:57","guid":{"rendered":"https:\/\/guineediversite.com\/?p=30267"},"modified":"2020-08-02T23:07:57","modified_gmt":"2020-08-02T21:07:57","slug":"coronavirus-letat-du-monde-face-a-la-pandemie-du-27-juillet-au-2-aout","status":"publish","type":"post","link":"https:\/\/guineediversite.com\/index.php\/2020\/08\/02\/coronavirus-letat-du-monde-face-a-la-pandemie-du-27-juillet-au-2-aout\/","title":{"rendered":"Coronavirus: l&rsquo;\u00e9tat du monde face \u00e0 la pand\u00e9mie du 27 juillet au 2 ao\u00fbt"},"content":{"rendered":"<p>Avec pr\u00e8s de 1,8 million de cas suppl\u00e9mentaires recens\u00e9s cette semaine, le bilan global approche des 18 millions d\u2019individus touch\u00e9s par le nouveau coronavirus \u00e0 travers le monde. La maladie a caus\u00e9 la mort de plus de 685\u00a0000 personnes.<\/p>\n<p>Partout ou presque, le virus a progress\u00e9, ou repris en intensit\u00e9. M\u00eame les pays qui avaient r\u00e9ussi \u00e0 imposer des r\u00e8gles tr\u00e8s strictes en terme de confinement, r\u00e9ussissant \u00e0 \u00eatre \u00e9pargn\u00e9s, sont d\u00e9sormais touch\u00e9s. Ainsi le\u00a0<strong>Vietnam<\/strong>, qui n\u2019avait pour l\u2019instant d\u00e9clar\u00e9 aucun mort, a connu son premier d\u00e9c\u00e8s cette semaine \u00e0 Danang, o\u00f9 <a href=\"https:\/\/www.rfi.fr\/fr\/asie-pacifique\/20200727-coronavirus-le-vietnam-\u00e9vacue-80-000-touristes-la-ville-danang\">80 000 touristes avaient \u00e9t\u00e9 \u00e9vacu\u00e9s<\/a> en d\u00e9but de semaine.<\/p>\n<p>Les retomb\u00e9es \u00e9conomiques de la crise se font ressentir, et <a href=\"https:\/\/www.rfi.fr\/fr\/\u00e9conomie\/20200801-coronavirus-plongeon-economie-crise-sanitaire\">les mauvais chiffres<\/a> se sont accumul\u00e9s. <a href=\"https:\/\/www.rfi.fr\/fr\/am\u00e9riques\/20200731-coronavirus-\u00e9tats-unis-entrent-r\u00e9cession-pib-chute-libre\">Les<strong> \u00c9tats-Unis<\/strong>, les plus touch\u00e9s<\/a> en terme de nombre de mort, avec plus de 154\u00a0000 d\u00e9c\u00e8s, sont officiellement en r\u00e9cession, La plupart des \u00c9tats europ\u00e9ens, comme <a href=\"https:\/\/www.rfi.fr\/fr\/europe\/20200730-lallemagne-annonce-recul-historique-son-pib-deuxi\u00e8me-trimestre\"><strong>l\u2019Allemagne<\/strong><\/a>, qui accuse une s\u00e9v\u00e8re chute de son PIB au deuxi\u00e8me trimestre, sont dans le m\u00eame cas. En <strong>France<\/strong>, c\u2019est m\u00eame \u00e0 <a href=\"https:\/\/www.rfi.fr\/fr\/\u00e9conomie\/20200731-coronavirus-plongeon-historique-pib-france\">un plongeon historique<\/a> auquel on assiste, avec 13,8% de baisse du PIB, selon l\u2019Insee, soit plus que la moyenne de l\u2019ensemble de l\u2019eurozone, en recul de 12,1% (-11,9% pour toute l\u2019Union europ\u00e9enne).<\/p>\n<p><strong>Les pays o\u00f9 l\u2019\u00e9pid\u00e9mie se stabilise<\/strong><\/p>\n<p>Dans ce tableau morose, il y a n\u00e9anmoins quelques raisons d\u2019esp\u00e9rer.<\/p>\n<p>Alors que la situation sanitaire en <strong>Guyane<\/strong> \u00e9tait jug\u00e9e tr\u00e8s pr\u00e9occupante fin juin, l\u2019\u00e9pid\u00e9mie semble s\u2019\u00eatre stabilis\u00e9e, si bien que l\u2019h\u00f4pital de campagne de la s\u00e9curit\u00e9 civile qui avait \u00e9t\u00e9 mis en place \u00e0 Cayenne a \u00e9t\u00e9 d\u00e9mont\u00e9, n\u2019ayant pas re\u00e7u de patient depuis le 24 juillet dernier.<\/p>\n<p><strong>Le Togo<\/strong>, dont le Conseil national scientifique enregistre \u00e9galement une \u00ab\u00a0<em>tendance \u00e0 la stabilisation de l&rsquo;\u00e9volution\u00a0<\/em>\u00bb, a officiellement d\u00e9cid\u00e9 de rouvrir ses fronti\u00e8res a\u00e9riennes le samedi. Tous les passagers \u00e0 destination du pays, seront \u00ab s<em>oumis au test PCR Covid-19, \u00e0 l&rsquo;exception des passagers en transit\u00a0<\/em>\u00bb, pr\u00e9cisent n\u00e9anmoins les autorit\u00e9s. D\u2019autres mesures de restrictions, comme le couvre-feu, <a href=\"https:\/\/www.rfi.fr\/fr\/afrique\/20200720-coronavirus-togo-reprise-partielle-lieux-culte\">la fermeture des \u00e9glises et mosqu\u00e9es ont \u00e9t\u00e9 lev\u00e9es<\/a>. Les \u00e9coles et lyc\u00e9es ont partiellement rouvert. Officiellement, le pays a enregistr\u00e9 967 cas de Covid-19, et 18 d\u00e9c\u00e8s. <a href=\"https:\/\/www.rfi.fr\/fr\/afrique\/20200731-plusieurs-pays-d-afrique-l-ouest-rouvrent-leurs-fronti\u00e8res-a\u00e9riennes\">D&rsquo;autres pays de l&rsquo;Afrique de l&rsquo;Ouest<\/a> ont \u00e9galement rouvert leurs fronti\u00e8res a\u00e9riennes cette semaine, pour des raisons essentiellement \u00e9conomiques.<\/p>\n<p>Au <strong>Chili<\/strong>, <a href=\"https:\/\/www.rfi.fr\/fr\/am\u00e9riques\/20200729-coronavirus-chili-assouplit-restrictions-capitale\">certaines communes du grand Santiago<\/a> ont commenc\u00e9 leur d\u00e9confinement en raison de la stabilisation du nombre de nouveaux cas et de morts dans le pays. Certains d\u2019entre eux \u00e9taient en quarantaine depuis mars. Les sp\u00e9cialistes, dont l\u2019ordre des m\u00e9decins, estiment n\u00e9anmoins que cet assouplissement est pr\u00e9matur\u00e9.<\/p>\n<p><strong>Les pays o\u00f9 l\u2019\u00e9pid\u00e9mie reprend<\/strong><\/p>\n<p>Mais ces exemples sont rares, ou tr\u00e8s localis\u00e9s, et la tendance globale est \u00e0 la r\u00e9surgence du nombre de cas un peu partout dans le monde. La diffusion de la maladie reprend dans certaines zones o\u00f9 elle avait recul\u00e9. Si le nombre de d\u00e9c\u00e8s, d\u2019hospitalisation, ou de placement en r\u00e9animation est globalement en baisse dans certains pays, les contaminations reprennent de plus belle, et inqui\u00e8tent les autorit\u00e9s, qui imposent de nouvelles contraintes.<\/p>\n<p>En <strong>Chine<\/strong>, le pays o\u00f9 tout a commenc\u00e9, <a href=\"https:\/\/www.rfi.fr\/fr\/asie-pacifique\/20200729-coronavirus-chine-record-nouveaux-cas-depuis-trois-mois\">le nombre de cas est de nouveau en augmentation<\/a> et a d\u00e9pass\u00e9 cette semaine pour la premi\u00e8re fois depuis le 12 avril les 100 cas en 24 heures. Une majorit\u00e9 de ces nouvelles contaminations concernent la r\u00e9gion autonome du Xinjiang. Si ces chiffres sont relativement peu \u00e9lev\u00e9s, l\u2019\u00e9volution de la propagation \u00e0 tout le pays inqui\u00e8te les experts.<\/p>\n<p>Face \u00e0 une recrudescence de nouveaux cas, de nombreux pays, comme <strong>la Belgique <\/strong>ont de nouveau renforc\u00e9 <a href=\"https:\/\/www.france24.com\/fr\/20200727-covid-19-nouvelles-restrictions-en-belgique-face-\u00e0-un-regain-des-contaminations\">les mesures de distanciation<\/a> dans les rassemblements publics ou priv\u00e9s, apr\u00e8s avoir impos\u00e9 le port du masque obligatoire \u00ab\u00a0dans les endroits \u00e0 forte fr\u00e9quentation\u00a0\u00bb. Face \u00e0 la recrudescence du coronavirus, le royaume a plac\u00e9 des r\u00e9gions de six pays europ\u00e9ens sur sa <a href=\"https:\/\/www.rfi.fr\/fr\/europe\/20200802-coronavirus-la-belgique-classe-six-r\u00e9gions-europ\u00e9ennes-en-liste-rouge\">liste rouge des zones interdites<\/a> pour ses ressortissants.<\/p>\n<p>La Mayenne, en <strong>France<\/strong>, fait ainsi partie de ces r\u00e9gions prohib\u00e9es pour les citoyens belges. Dans l\u2019Hexagone, plusieurs villes ont \u00e9galement d\u00e9cid\u00e9 d\u2019imposer le port du masque \u00e0 l\u2019ext\u00e9rieur, comme \u00e0 Lille, Saint-Malo, ou encore Biarritz. Le pays a connu <a href=\"https:\/\/www.rfi.fr\/fr\/france\/20200731-coronavirus-en-france-premi\u00e8re-hausse-patients-en-r\u00e9animation-depuis-avril\">sa premi\u00e8re hausse du nombre de cas en r\u00e9animation<\/a> depuis avril cette semaine, m\u00eame si ce chiffre a de nouveau baiss\u00e9 par la suite. <a href=\"https:\/\/www.rfi.fr\/fr\/europe\/20200801-le-royaume-uni-revient-son-d\u00e9confinement-apr\u00e8s-la-hausse-cas-coronavirus\"><strong>Le Royaume-Uni<\/strong><\/a>, qui reste le plus endeuill\u00e9 d\u2019Europe, avec pr\u00e8s de 46 000 morts, a quant \u00e0 lui d\u00e9cid\u00e9 de reporter la seconde phase de son confinement, en raison d\u2019une nouvelle flamb\u00e9e de cas positifs.<\/p>\n<p><strong>Hong Kong<\/strong>, qui conna\u00eet <a href=\"https:\/\/www.rfi.fr\/fr\/asie-pacifique\/20200728-coronavirus-hong-kong-nouvelles-mesures-restriction\">une nouvelle vague de contamination<\/a> a ouvert un h\u00f4pital de campagne pour g\u00e9rer l\u2019afflux de patients contamin\u00e9s. Plus de 100 nouveaux cas sont diagnostiqu\u00e9s chaque jour. Les autorit\u00e9s ont impos\u00e9 le port du masque obligatoire et r\u00e9tabli des r\u00e8gles strictes de distanciation.<\/p>\n<p>Mais c\u2019est bien s\u00fbr vers les\u00a0<strong>\u00c9tats-Unis<\/strong> que les regards sont tourn\u00e9s. Le pic de l\u2019\u00e9pid\u00e9mie semblait avoir \u00e9t\u00e9 atteint, mais depuis plusieurs semaines, la maladie se propage \u00e0 nouveau. Cette semaine, la premi\u00e8re puissance mondiale enregistre un nombre de cas suppl\u00e9mentaires quotidien sup\u00e9rieur \u00e0 1\u00a0200 (plus de 1 440 cas le 1<sup>er<\/sup> ao\u00fbt). Selon la Maison Blanche, cette augmentation serait li\u00e9e \u00e0 un d\u00e9pistage plus actif, mais <a href=\"https:\/\/www.rfi.fr\/fr\/am\u00e9riques\/20200731-coronavirus-les-etats-unis-manquent-tests\">le manque de tests<\/a> commence justement \u00e0 se faire sentir. Sur les 154\u00a0000 victimes du coronavirus dans le pays (la barre symbolique des 150\u00a0000 a \u00e9t\u00e9 franchie cette semaine), plus de 25 000 sont mortes au mois de juillet, soit une augmentation de 20%. La hausse des contaminations est particuli\u00e8rement visible dans les \u00c9tats du Sud et en Californie, <a href=\"https:\/\/www.rfi.fr\/fr\/podcasts\/20200730-coronavirus-en-californie-le-d\u00e9confinement-divise\">o\u00f9 des citoyens s\u2019opposent<\/a> \u00e0 un \u00e9ventuel d\u00e9confinement.<\/p>\n<p>En <strong>Allemagne<\/strong>, confront\u00e9e \u00e0 une nouvelle hausse du nombre de cas d\u00e9clar\u00e9s positifs, quelque\u00a017 000 manifestants (selon la police) se sont r\u00e9unis au contraire, pour demander l\u2019abandon du masque et des mesures restrictives. Au cri de \u00ab <em>Bas les masques<\/em> \u00bb, \u00ab <em>Pas de vaccination obligatoire <\/em>\u00bb, ou \u00ab <em>Retour des libert\u00e9s !<\/em> \u00bb, les \u00ab\u00a0anticorona \u00bb ont r\u00e9clam\u00e9 samedi 31 juillet \u00e0 Berlin l&rsquo;abolition des mesures contraignantes pour combattre le Covid-19.<\/p>\n<p><strong>Les pays o\u00f9 l\u2019\u00e9pid\u00e9mie progresse<\/strong><\/p>\n<p>Pas d\u2019embellie non plus en vue pour de nombreux \u00c9tats qui voient au contraire l\u2019augmentation du nombre de cas s\u2019acc\u00e9l\u00e9rer.<\/p>\n<p>C\u2019est le cas du <strong>Mexique<\/strong>, devenu cette semaine le troisi\u00e8me pays le plus touch\u00e9 au monde en nombre de d\u00e9c\u00e8s, avec pr\u00e8s de 47 000 morts. Le pays a connu un nouveau record de contaminations samedi, avec 8 458 nouveaux cas comptabilis\u00e9s en 24 heures. N\u00e9anmoins, ces chiffres sont \u00e0 relativiser. Le ratio de morts par habitant \u00e9tant toujours inf\u00e9rieur \u00e0 de nombreux \u00c9tats europ\u00e9ens (356,8 d\u00e9c\u00e8s pour un million d&rsquo;habitants, contre 450 pour un million en France, par exemple).<\/p>\n<p>Avec plus de 69 000 nouveaux cas en 24 heures comptabilis\u00e9s le 29 juillet, et plus de 90 000 d\u00e9c\u00e8s (un chiffre largement sous-estim\u00e9, selon les observateurs), <strong>le Br\u00e9sil<\/strong> s\u2019impose comme le second pays le plus touch\u00e9 aux monde. Malgr\u00e9 ces statistiques gla\u00e7antes, <a href=\"https:\/\/www.rfi.fr\/fr\/am\u00e9riques\/20200730-coronavirus-br\u00e9sil-r\u00e9autorise-arriv\u00e9e-\u00e9trangers-avion-malgre-record-deces\">le pays a d\u00e9cid\u00e9 de rouvrir ses fronti\u00e8res a\u00e9riennes<\/a>, selon un d\u00e9cret publi\u00e9 au journal officiel. Bien qu\u2019ayant lui-m\u00eame \u00e9t\u00e9 affect\u00e9 par le virus, et que sa femme ait \u00e9t\u00e9 d\u00e9clar\u00e9e positive cette semaine, le pr\u00e9sident Jair Bolsonaro rechigne toujours \u00e0 imposer des mesures restrictives. Dans le pays, certaines d\u00e9cisions des autorit\u00e9s peuvent para\u00eetre \u00e9trange. Ainsi <a href=\"https:\/\/www.rfi.fr\/fr\/am\u00e9riques\/20200802-coronavirus-\u00e0-rio-janeiro-la-baignade-est-nouveau-permise-mais-pas-le-bronzage\">\u00e0 Rio, la baignade est de nouveau autoris\u00e9e<\/a>, mais le bronzage interdit.<\/p>\n<p>Aux <strong>Philippines<\/strong>, c\u2019est un <a href=\"https:\/\/www.rfi.fr\/fr\/asie-pacifique\/20200801-coronavirus-philippines-le-cri-d-alarme-personnel-soignant-pr\u00e9sident-duterte\">v\u00e9ritable cri d\u2019alarme<\/a> que les personnels soignants ont lanc\u00e9 \u00e0 l\u2019homme fort de Manille, le pr\u00e9sident Rodrigo Duterte. Dans une lettre ouverte, plus d\u2019un million d\u2019infirmiers et de m\u00e9decins ont indiqu\u00e9 \u00eatre en train de perdre la bataille contre le coronavirus. Faute de mat\u00e9riel, les personnels soignants sont particuli\u00e8rement touch\u00e9s par la maladie. Ils demandent notamment des mesures plus strictes de confinement dans la capitale. Le pr\u00e9sident a promis de r\u00e9pondre, mais il est peu probable qu\u2019il acc\u00e8de \u00e0 leurs demandes, pour des raisons \u00e9conomiques. Samedi, l\u2019archipel a enregistr\u00e9 un nouveau record de 5 000 contaminations en 24 heures.<\/p>\n<p>L\u2019\u00e9pid\u00e9mie ne voit pas encore venir son pic non plus en <strong>Afrique du Sud<\/strong>, qui a indiqu\u00e9 avoir pass\u00e9 le cap des 500 000 cas recens\u00e9s. Mais son pr\u00e9sident se f\u00e9licite du faible taux de l\u00e9talit\u00e9 du virus. Cinqui\u00e8me\u00a0pays en nombre de cas, le pays n\u2019est il est vrai class\u00e9 que 36<sup>e <\/sup>en nombre de morts. Mais les experts estiment que le nombre de morts (8 150) est largement sous-estim\u00e9. L&rsquo;Afrique du Sud a en effet enregistr\u00e9 une hausse de pr\u00e8s de 60% du nombre total de d\u00e9c\u00e8s naturels au cours des derni\u00e8res semaines. Viennent en outre s&rsquo;ajouter \u00e0 cette crise de nombreuses <a href=\"https:\/\/www.rfi.fr\/fr\/afrique\/20200802-afrique-sud-coronavirus-cyril-ramaphosa-polemiques-accusations-corruption\">pol\u00e9miques et accusations de corruption<\/a>.<\/p>\n<p>Le Dr. Anthony Fauci, directeur de l&rsquo;Institut national des maladies infectieuses, a \u00e9mis de s\u00e9rieux doutes, ce vendredi 31 juillet, sur la fiabilit\u00e9 des vaccins en pr\u00e9paration en Russie et en Chine. Kevin Dietsch-Pool\/Getty Images<\/p>\n<p><strong>L\u2019info sant\u00e9<\/strong><\/p>\n<p>La guerre des vaccins est d\u00e9clar\u00e9e, et elle ne fera pas quartier\u00a0! Pr\u00e8s de <a href=\"https:\/\/www.rfi.fr\/fr\/podcasts\/20200728-coronavirus-la-course-vaccin-une-comp\u00e9tition-plan\u00e9taire-enjeux-financiers-\u00e9normes\">25 candidats au graal<\/a>\u00a0<a href=\"https:\/\/www.rfi.fr\/fr\/podcasts\/20200728-coronavirus-la-course-vaccin-une-comp\u00e9tition-plan\u00e9taire-enjeux-financiers-\u00e9normes\">\u00e9pid\u00e9miologique<\/a> susceptibles de mettre un terme \u00e0 la crise seraient aujourd\u2019hui \u00e0 l\u2019\u00e9tude \u00e0 travers le monde selon l\u2019OMS. Seuls quatre candidats vaccins sont au stade le plus avanc\u00e9 de \u00ab phase 3 \u00bb, o\u00f9 l\u2019efficacit\u00e9 est mesur\u00e9e \u00e0 grande \u00e9chelle. Les enjeux sont \u00e9conomiques, bien s\u00fbr, les laboratoires cherchant \u00e0 obtenir le plus rapidement possible une solution efficace et s\u00fbre. Les alliances se multiplient, et tous les coups sont permis pour \u00eatre les premiers servis.<\/p>\n<p>La <strong>Commission europ\u00e9enne<\/strong> a annonc\u00e9 vendredi avoir r\u00e9serv\u00e9 <a href=\"https:\/\/www.rfi.fr\/fr\/europe\/20200731-coronavirus-ue-r\u00e9serve-300-millions-doses-potentiel-vaccin-sanofi\">300 millions de doses<\/a> de la solution en pr\u00e9paration dans les laboratoires de Sanofi, au nom de ses 27 \u00c9tats membres. Le <strong>Royaume-Uni<\/strong> a lui pr\u00e9command\u00e9 60 millions de doses. L\u2019Union europ\u00e9enne a trouv\u00e9 un accord avec les \u00c9tats-Unis pour attribuer 2 milliards d\u2019euros afin de financer les recherches de Sanofi et GlaxoSmithKline (Sanofi-GSK). D\u2019autres laboratoires, comme Pfizer, Johnson&amp;Johnson et Astra Zeneca, ont quant \u00e0 eux b\u00e9n\u00e9fici\u00e9 de 6 milliards de dollars de la part des \u00c9tats-Unis\u00a0dans le m\u00eame but. <a href=\"https:\/\/www.rfi.fr\/fr\/am\u00e9riques\/20200727-vaccin-contre-le-covid-19-la-soci\u00e9t\u00e9-am\u00e9ricaine-moderna-finalise-son-essai-cliniq\">La compagnie am\u00e9ricaine Moderna<\/a>, \u00e9galement subventionn\u00e9e par le gouvernement am\u00e9ricain semble avoir un coup d\u2019avance et vient d\u2019annoncer son passage en \u00ab phase 3 \u00bb.<\/p>\n<p>La Russie, par la voix de son ministre de la Sant\u00e9, s\u2019est d\u00e9clar\u00e9e pr\u00eate \u00e0 passer \u00e0 une production industrielle d\u00e8s le mois d\u2019octobre, l\u2019institut Gamaleya de Moscou ayant officiellement termin\u00e9 la phase d\u2019essai. La Chine a quant \u00e0 elle d\u00e9j\u00e0 commenc\u00e9 \u00e0 inoculer sa solution \u00e0 des militaires, alors m\u00eame que la phase de tests n\u2019\u00e9tait pas termin\u00e9e.<\/p>\n<p>Pour certains observateurs, cette course mondiale au vaccin a \u00e9galement un petit parfum de \u00ab guerre froide \u00bb, qui n\u2019est pas sans rappeler la \u00ab course aux \u00e9toiles \u00bb qui a oppos\u00e9 les \u00c9tats-Unis aux Russes dans la seconde moiti\u00e9 du XXe si\u00e8cle. \u00ab\u00a0<em>Les Am\u00e9ricains ont \u00e9t\u00e9 \u00e9tonn\u00e9s quand ils ont entendu le signal du Spoutnik\u00a0<\/em>\u00bb, le premier satellite artificiel lanc\u00e9 par l&rsquo;URSS en 1957, a d\u2019ailleurs d\u00e9clar\u00e9 Kirill Dmitriev, pr\u00e9sident d&rsquo;un fonds souverain qui finance les recherches russes. \u00ab\u00a0<em>Avec le vaccin, ce sera la m\u00eame chose. Nous serons les premiers\u00a0<\/em>\u00bb.<\/p>\n<p>L\u2019immunologue am\u00e9ricain Anthony Fauci, directeur de l&rsquo;Institut national des maladies infectieuses, n\u2019a d\u2019ailleurs pas h\u00e9sit\u00e9 cette semaine \u00e0 \u00e9mettre des doutes sur la fiabilit\u00e9 des vaccins d\u00e9velopp\u00e9s en Russie et en Chine. Et comme pendant la guerre froide, il est \u00e0 craindre que ce ne soient les pays \u00e0 faible revenus qui fassent les frais de cette comp\u00e9tition.<\/p>\n<p><strong>Les infos insolites<\/strong><\/p>\n<p>Supporters&#8230; dans des chambres d\u2019h\u00f4tel. Interdits de stade en raison du huis-clos li\u00e9 au Covid-19, des centaines de fans chinois du Shanga\u00ef SIPG ont investi un h\u00f4tel jouxtant le stade de Kunshan (est de <strong>la Chine<\/strong>), et ont clairement manifest\u00e9 leur ferveur. Selon eux, les joueurs les ont parfaitement entendus. Et pour cause : un fan du SIPG a \u00e9t\u00e9 photographi\u00e9 en train de battre du tambour \u00e0 la fen\u00eatre de sa chambre. Au final, le Shanga\u00ef SIPG a nettement remport\u00e9 la victoire 3-1. Selon certains, gr\u00e2ce \u00e0 un doubl\u00e9 du Br\u00e9silien Ricardo Lopez, mais pour les supporters, c\u2019est s\u00fbrement le 12<sup>e<\/sup> joueur qui a fait la diff\u00e9rence, depuis les fen\u00eatres du Sports International Hotel.<\/p>\n<p>Le coronavirus, la cigogne et la bi\u00e8re bavaroise. En Bavi\u00e8re (<strong>Allemagne<\/strong>), une brasserie a d\u00fb suspendre sa production, apr\u00e8s qu\u2019une famille de cigognes blanches ait choisi sa chemin\u00e9e pour installer son nid. Chaque ann\u00e9e, les jeunes cigognes reviennent \u00e0 la m\u00eame place, pour faire leur nid. Le propri\u00e9taire attend que celui-ci soit construit et le fait monter sur une plateforme pour ne pas d\u00e9ranger la petite famille, tout en continuant son activit\u00e9. Mais cette ann\u00e9e, faute de confinement, pas de main d\u2019\u0153uvre ni d\u2019outillage disponible. Et une fois les b\u00e9b\u00e9s cigognes n\u00e9s, impossible de toucher au nid. La brasserie est donc au ch\u00f4mage technique, jusqu\u2019\u00e0 ce que les cigogneaux sachent voler\u00a0et que l\u2019on puisse \u00e0 nouveau sur\u00e9lever le nid.<\/p>\n<p><strong>RFI<\/strong><\/p>\n","protected":false},"excerpt":{"rendered":"<p>Avec pr\u00e8s de 1,8 million de cas suppl\u00e9mentaires recens\u00e9s cette semaine, le bilan global approche des 18 millions d\u2019individus touch\u00e9s par le nouveau coronavirus \u00e0 travers le monde. La maladie a caus\u00e9 la mort de plus de 685\u00a0000 personnes. Partout ou presque, le virus a progress\u00e9, ou repris en intensit\u00e9. M\u00eame les pays qui avaient [&hellip;]<\/p>\n","protected":false},"author":12,"featured_media":30268,"comment_status":"closed","ping_status":"open","sticky":false,"template":"","format":"standard","meta":{"_exactmetrics_skip_tracking":false,"_exactmetrics_sitenote_active":false,"_exactmetrics_sitenote_note":"","_exactmetrics_sitenote_category":0,"tdm_status":"","tdm_grid_status":"","footnotes":""},"categories":[21],"tags":[],"class_list":{"0":"post-30267","1":"post","2":"type-post","3":"status-publish","4":"format-standard","5":"has-post-thumbnail","7":"category-international"},"yoast_head":"<!-- This site is optimized with the Yoast SEO plugin v24.2 - https:\/\/yoast.com\/wordpress\/plugins\/seo\/ -->\n<title>Coronavirus: l&#039;\u00e9tat du monde face \u00e0 la pand\u00e9mie du 27 juillet au 2 ao\u00fbt | Guin\u00e9e Diversit\u00e9<\/title>\n<meta name=\"robots\" content=\"index, follow, max-snippet:-1, max-image-preview:large, max-video-preview:-1\" \/>\n<link rel=\"canonical\" href=\"https:\/\/guineediversite.com\/index.php\/2020\/08\/02\/coronavirus-letat-du-monde-face-a-la-pandemie-du-27-juillet-au-2-aout\/\" \/>\n<meta property=\"og:locale\" content=\"fr_FR\" \/>\n<meta property=\"og:type\" content=\"article\" \/>\n<meta property=\"og:title\" content=\"Coronavirus: l&#039;\u00e9tat du monde face \u00e0 la pand\u00e9mie du 27 juillet au 2 ao\u00fbt | Guin\u00e9e Diversit\u00e9\" \/>\n<meta property=\"og:description\" content=\"Avec pr\u00e8s de 1,8 million de cas suppl\u00e9mentaires recens\u00e9s cette semaine, le bilan global approche des 18 millions d\u2019individus touch\u00e9s par le nouveau coronavirus \u00e0 travers le monde. La maladie a caus\u00e9 la mort de plus de 685\u00a0000 personnes. Partout ou presque, le virus a progress\u00e9, ou repris en intensit\u00e9. M\u00eame les pays qui avaient [&hellip;]\" \/>\n<meta property=\"og:url\" content=\"https:\/\/guineediversite.com\/index.php\/2020\/08\/02\/coronavirus-letat-du-monde-face-a-la-pandemie-du-27-juillet-au-2-aout\/\" \/>\n<meta property=\"og:site_name\" content=\"Guin\u00e9e Diversit\u00e9\" \/>\n<meta property=\"article:publisher\" content=\"https:\/\/www.facebook.com\/guineediversite\/\" \/>\n<meta property=\"article:published_time\" content=\"2020-08-02T21:07:57+00:00\" \/>\n<meta property=\"og:image\" content=\"https:\/\/guineediversite.com\/wp-content\/uploads\/2020\/08\/La-crise-du-coronavirus-a-plong\u00e9-le-monde-dans-une-crise-\u00e9conomique-in\u00e9dite-\u00e0-commencer-par-les-\u00c9tats-Unis.jpg\" \/>\n\t<meta property=\"og:image:width\" content=\"1500\" \/>\n\t<meta property=\"og:image:height\" content=\"1124\" \/>\n\t<meta property=\"og:image:type\" content=\"image\/jpeg\" \/>\n<meta name=\"author\" content=\"Guin\u00e9e Diversit\u00e9\" \/>\n<meta name=\"twitter:card\" content=\"summary_large_image\" \/>\n<meta name=\"twitter:creator\" content=\"@GuineeDiversite\" \/>\n<meta name=\"twitter:site\" content=\"@GuineeDiversite\" \/>\n<meta name=\"twitter:label1\" content=\"\u00c9crit par\" \/>\n\t<meta name=\"twitter:data1\" content=\"Guin\u00e9e Diversit\u00e9\" \/>\n\t<meta name=\"twitter:label2\" content=\"Dur\u00e9e de lecture estim\u00e9e\" \/>\n\t<meta name=\"twitter:data2\" content=\"11 minutes\" \/>\n<script type=\"application\/ld+json\" class=\"yoast-schema-graph\">{\"@context\":\"https:\/\/schema.org\",\"@graph\":[{\"@type\":\"Article\",\"@id\":\"https:\/\/guineediversite.com\/index.php\/2020\/08\/02\/coronavirus-letat-du-monde-face-a-la-pandemie-du-27-juillet-au-2-aout\/#article\",\"isPartOf\":{\"@id\":\"https:\/\/guineediversite.com\/index.php\/2020\/08\/02\/coronavirus-letat-du-monde-face-a-la-pandemie-du-27-juillet-au-2-aout\/\"},\"author\":{\"name\":\"Guin\u00e9e Diversit\u00e9\",\"@id\":\"https:\/\/guineediversite.com\/#\/schema\/person\/afa08fb34e7fc6e1feafc892612bc836\"},\"headline\":\"Coronavirus: l&rsquo;\u00e9tat du monde face \u00e0 la pand\u00e9mie du 27 juillet au 2 ao\u00fbt\",\"datePublished\":\"2020-08-02T21:07:57+00:00\",\"dateModified\":\"2020-08-02T21:07:57+00:00\",\"mainEntityOfPage\":{\"@id\":\"https:\/\/guineediversite.com\/index.php\/2020\/08\/02\/coronavirus-letat-du-monde-face-a-la-pandemie-du-27-juillet-au-2-aout\/\"},\"wordCount\":2300,\"publisher\":{\"@id\":\"https:\/\/guineediversite.com\/#organization\"},\"image\":{\"@id\":\"https:\/\/guineediversite.com\/index.php\/2020\/08\/02\/coronavirus-letat-du-monde-face-a-la-pandemie-du-27-juillet-au-2-aout\/#primaryimage\"},\"thumbnailUrl\":\"https:\/\/guineediversite.com\/wp-content\/uploads\/2020\/08\/La-crise-du-coronavirus-a-plong\u00e9-le-monde-dans-une-crise-\u00e9conomique-in\u00e9dite-\u00e0-commencer-par-les-\u00c9tats-Unis.jpg\",\"articleSection\":[\"International\"],\"inLanguage\":\"fr-FR\"},{\"@type\":\"WebPage\",\"@id\":\"https:\/\/guineediversite.com\/index.php\/2020\/08\/02\/coronavirus-letat-du-monde-face-a-la-pandemie-du-27-juillet-au-2-aout\/\",\"url\":\"https:\/\/guineediversite.com\/index.php\/2020\/08\/02\/coronavirus-letat-du-monde-face-a-la-pandemie-du-27-juillet-au-2-aout\/\",\"name\":\"Coronavirus: l'\u00e9tat du monde face \u00e0 la pand\u00e9mie du 27 juillet au 2 ao\u00fbt | Guin\u00e9e Diversit\u00e9\",\"isPartOf\":{\"@id\":\"https:\/\/guineediversite.com\/#website\"},\"primaryImageOfPage\":{\"@id\":\"https:\/\/guineediversite.com\/index.php\/2020\/08\/02\/coronavirus-letat-du-monde-face-a-la-pandemie-du-27-juillet-au-2-aout\/#primaryimage\"},\"image\":{\"@id\":\"https:\/\/guineediversite.com\/index.php\/2020\/08\/02\/coronavirus-letat-du-monde-face-a-la-pandemie-du-27-juillet-au-2-aout\/#primaryimage\"},\"thumbnailUrl\":\"https:\/\/guineediversite.com\/wp-content\/uploads\/2020\/08\/La-crise-du-coronavirus-a-plong\u00e9-le-monde-dans-une-crise-\u00e9conomique-in\u00e9dite-\u00e0-commencer-par-les-\u00c9tats-Unis.jpg\",\"datePublished\":\"2020-08-02T21:07:57+00:00\",\"dateModified\":\"2020-08-02T21:07:57+00:00\",\"breadcrumb\":{\"@id\":\"https:\/\/guineediversite.com\/index.php\/2020\/08\/02\/coronavirus-letat-du-monde-face-a-la-pandemie-du-27-juillet-au-2-aout\/#breadcrumb\"},\"inLanguage\":\"fr-FR\",\"potentialAction\":[{\"@type\":\"ReadAction\",\"target\":[\"https:\/\/guineediversite.com\/index.php\/2020\/08\/02\/coronavirus-letat-du-monde-face-a-la-pandemie-du-27-juillet-au-2-aout\/\"]}]},{\"@type\":\"ImageObject\",\"inLanguage\":\"fr-FR\",\"@id\":\"https:\/\/guineediversite.com\/index.php\/2020\/08\/02\/coronavirus-letat-du-monde-face-a-la-pandemie-du-27-juillet-au-2-aout\/#primaryimage\",\"url\":\"https:\/\/guineediversite.com\/wp-content\/uploads\/2020\/08\/La-crise-du-coronavirus-a-plong\u00e9-le-monde-dans-une-crise-\u00e9conomique-in\u00e9dite-\u00e0-commencer-par-les-\u00c9tats-Unis.jpg\",\"contentUrl\":\"https:\/\/guineediversite.com\/wp-content\/uploads\/2020\/08\/La-crise-du-coronavirus-a-plong\u00e9-le-monde-dans-une-crise-\u00e9conomique-in\u00e9dite-\u00e0-commencer-par-les-\u00c9tats-Unis.jpg\",\"width\":1500,\"height\":1124},{\"@type\":\"BreadcrumbList\",\"@id\":\"https:\/\/guineediversite.com\/index.php\/2020\/08\/02\/coronavirus-letat-du-monde-face-a-la-pandemie-du-27-juillet-au-2-aout\/#breadcrumb\",\"itemListElement\":[{\"@type\":\"ListItem\",\"position\":1,\"name\":\"Accueil\",\"item\":\"https:\/\/guineediversite.com\/\"},{\"@type\":\"ListItem\",\"position\":2,\"name\":\"Coronavirus: l&rsquo;\u00e9tat du monde face \u00e0 la pand\u00e9mie du 27 juillet au 2 ao\u00fbt\"}]},{\"@type\":\"WebSite\",\"@id\":\"https:\/\/guineediversite.com\/#website\",\"url\":\"https:\/\/guineediversite.com\/\",\"name\":\"Guin\u00e9e Diversit\u00e9\",\"description\":\"L&#039;Info dans toute sa diversit\u00e9\",\"publisher\":{\"@id\":\"https:\/\/guineediversite.com\/#organization\"},\"potentialAction\":[{\"@type\":\"SearchAction\",\"target\":{\"@type\":\"EntryPoint\",\"urlTemplate\":\"https:\/\/guineediversite.com\/?s={search_term_string}\"},\"query-input\":{\"@type\":\"PropertyValueSpecification\",\"valueRequired\":true,\"valueName\":\"search_term_string\"}}],\"inLanguage\":\"fr-FR\"},{\"@type\":\"Organization\",\"@id\":\"https:\/\/guineediversite.com\/#organization\",\"name\":\"Guin\u00e9e Diversit\u00e9\",\"url\":\"https:\/\/guineediversite.com\/\",\"logo\":{\"@type\":\"ImageObject\",\"inLanguage\":\"fr-FR\",\"@id\":\"https:\/\/guineediversite.com\/#\/schema\/logo\/image\/\",\"url\":\"https:\/\/guineediversite.com\/wp-content\/uploads\/2017\/04\/cropped-1jojlxEOMkX9Wyqfhe43D6kjPOGqBBKmx3EwWJqZ0cMrFF54yM49.png\",\"contentUrl\":\"https:\/\/guineediversite.com\/wp-content\/uploads\/2017\/04\/cropped-1jojlxEOMkX9Wyqfhe43D6kjPOGqBBKmx3EwWJqZ0cMrFF54yM49.png\",\"width\":186,\"height\":112,\"caption\":\"Guin\u00e9e Diversit\u00e9\"},\"image\":{\"@id\":\"https:\/\/guineediversite.com\/#\/schema\/logo\/image\/\"},\"sameAs\":[\"https:\/\/www.facebook.com\/guineediversite\/\",\"https:\/\/x.com\/GuineeDiversite\",\"https:\/\/www.youtube.com\/channel\/UC8sUY16qelG5ge6_D5SB83g\"]},{\"@type\":\"Person\",\"@id\":\"https:\/\/guineediversite.com\/#\/schema\/person\/afa08fb34e7fc6e1feafc892612bc836\",\"name\":\"Guin\u00e9e Diversit\u00e9\",\"image\":{\"@type\":\"ImageObject\",\"inLanguage\":\"fr-FR\",\"@id\":\"https:\/\/guineediversite.com\/#\/schema\/person\/image\/\",\"url\":\"https:\/\/secure.gravatar.com\/avatar\/50d5eb5b390f8b65ac30ac6f898eb83a?s=96&d=mm&r=g\",\"contentUrl\":\"https:\/\/secure.gravatar.com\/avatar\/50d5eb5b390f8b65ac30ac6f898eb83a?s=96&d=mm&r=g\",\"caption\":\"Guin\u00e9e Diversit\u00e9\"},\"url\":\"https:\/\/guineediversite.com\/index.php\/author\/guineediversite\/\"}]}<\/script>\n<!-- \/ Yoast SEO plugin. -->","yoast_head_json":{"title":"Coronavirus: l'\u00e9tat du monde face \u00e0 la pand\u00e9mie du 27 juillet au 2 ao\u00fbt | Guin\u00e9e Diversit\u00e9","robots":{"index":"index","follow":"follow","max-snippet":"max-snippet:-1","max-image-preview":"max-image-preview:large","max-video-preview":"max-video-preview:-1"},"canonical":"https:\/\/guineediversite.com\/index.php\/2020\/08\/02\/coronavirus-letat-du-monde-face-a-la-pandemie-du-27-juillet-au-2-aout\/","og_locale":"fr_FR","og_type":"article","og_title":"Coronavirus: l'\u00e9tat du monde face \u00e0 la pand\u00e9mie du 27 juillet au 2 ao\u00fbt | Guin\u00e9e Diversit\u00e9","og_description":"Avec pr\u00e8s de 1,8 million de cas suppl\u00e9mentaires recens\u00e9s cette semaine, le bilan global approche des 18 millions d\u2019individus touch\u00e9s par le nouveau coronavirus \u00e0 travers le monde. La maladie a caus\u00e9 la mort de plus de 685\u00a0000 personnes. Partout ou presque, le virus a progress\u00e9, ou repris en intensit\u00e9. M\u00eame les pays qui avaient [&hellip;]","og_url":"https:\/\/guineediversite.com\/index.php\/2020\/08\/02\/coronavirus-letat-du-monde-face-a-la-pandemie-du-27-juillet-au-2-aout\/","og_site_name":"Guin\u00e9e Diversit\u00e9","article_publisher":"https:\/\/www.facebook.com\/guineediversite\/","article_published_time":"2020-08-02T21:07:57+00:00","og_image":[{"width":1500,"height":1124,"url":"https:\/\/guineediversite.com\/wp-content\/uploads\/2020\/08\/La-crise-du-coronavirus-a-plong\u00e9-le-monde-dans-une-crise-\u00e9conomique-in\u00e9dite-\u00e0-commencer-par-les-\u00c9tats-Unis.jpg","type":"image\/jpeg"}],"author":"Guin\u00e9e Diversit\u00e9","twitter_card":"summary_large_image","twitter_creator":"@GuineeDiversite","twitter_site":"@GuineeDiversite","twitter_misc":{"\u00c9crit par":"Guin\u00e9e Diversit\u00e9","Dur\u00e9e de lecture estim\u00e9e":"11 minutes"},"schema":{"@context":"https:\/\/schema.org","@graph":[{"@type":"Article","@id":"https:\/\/guineediversite.com\/index.php\/2020\/08\/02\/coronavirus-letat-du-monde-face-a-la-pandemie-du-27-juillet-au-2-aout\/#article","isPartOf":{"@id":"https:\/\/guineediversite.com\/index.php\/2020\/08\/02\/coronavirus-letat-du-monde-face-a-la-pandemie-du-27-juillet-au-2-aout\/"},"author":{"name":"Guin\u00e9e Diversit\u00e9","@id":"https:\/\/guineediversite.com\/#\/schema\/person\/afa08fb34e7fc6e1feafc892612bc836"},"headline":"Coronavirus: l&rsquo;\u00e9tat du monde face \u00e0 la pand\u00e9mie du 27 juillet au 2 ao\u00fbt","datePublished":"2020-08-02T21:07:57+00:00","dateModified":"2020-08-02T21:07:57+00:00","mainEntityOfPage":{"@id":"https:\/\/guineediversite.com\/index.php\/2020\/08\/02\/coronavirus-letat-du-monde-face-a-la-pandemie-du-27-juillet-au-2-aout\/"},"wordCount":2300,"publisher":{"@id":"https:\/\/guineediversite.com\/#organization"},"image":{"@id":"https:\/\/guineediversite.com\/index.php\/2020\/08\/02\/coronavirus-letat-du-monde-face-a-la-pandemie-du-27-juillet-au-2-aout\/#primaryimage"},"thumbnailUrl":"https:\/\/guineediversite.com\/wp-content\/uploads\/2020\/08\/La-crise-du-coronavirus-a-plong\u00e9-le-monde-dans-une-crise-\u00e9conomique-in\u00e9dite-\u00e0-commencer-par-les-\u00c9tats-Unis.jpg","articleSection":["International"],"inLanguage":"fr-FR"},{"@type":"WebPage","@id":"https:\/\/guineediversite.com\/index.php\/2020\/08\/02\/coronavirus-letat-du-monde-face-a-la-pandemie-du-27-juillet-au-2-aout\/","url":"https:\/\/guineediversite.com\/index.php\/2020\/08\/02\/coronavirus-letat-du-monde-face-a-la-pandemie-du-27-juillet-au-2-aout\/","name":"Coronavirus: l'\u00e9tat du monde face \u00e0 la pand\u00e9mie du 27 juillet au 2 ao\u00fbt | Guin\u00e9e Diversit\u00e9","isPartOf":{"@id":"https:\/\/guineediversite.com\/#website"},"primaryImageOfPage":{"@id":"https:\/\/guineediversite.com\/index.php\/2020\/08\/02\/coronavirus-letat-du-monde-face-a-la-pandemie-du-27-juillet-au-2-aout\/#primaryimage"},"image":{"@id":"https:\/\/guineediversite.com\/index.php\/2020\/08\/02\/coronavirus-letat-du-monde-face-a-la-pandemie-du-27-juillet-au-2-aout\/#primaryimage"},"thumbnailUrl":"https:\/\/guineediversite.com\/wp-content\/uploads\/2020\/08\/La-crise-du-coronavirus-a-plong\u00e9-le-monde-dans-une-crise-\u00e9conomique-in\u00e9dite-\u00e0-commencer-par-les-\u00c9tats-Unis.jpg","datePublished":"2020-08-02T21:07:57+00:00","dateModified":"2020-08-02T21:07:57+00:00","breadcrumb":{"@id":"https:\/\/guineediversite.com\/index.php\/2020\/08\/02\/coronavirus-letat-du-monde-face-a-la-pandemie-du-27-juillet-au-2-aout\/#breadcrumb"},"inLanguage":"fr-FR","potentialAction":[{"@type":"ReadAction","target":["https:\/\/guineediversite.com\/index.php\/2020\/08\/02\/coronavirus-letat-du-monde-face-a-la-pandemie-du-27-juillet-au-2-aout\/"]}]},{"@type":"ImageObject","inLanguage":"fr-FR","@id":"https:\/\/guineediversite.com\/index.php\/2020\/08\/02\/coronavirus-letat-du-monde-face-a-la-pandemie-du-27-juillet-au-2-aout\/#primaryimage","url":"https:\/\/guineediversite.com\/wp-content\/uploads\/2020\/08\/La-crise-du-coronavirus-a-plong\u00e9-le-monde-dans-une-crise-\u00e9conomique-in\u00e9dite-\u00e0-commencer-par-les-\u00c9tats-Unis.jpg","contentUrl":"https:\/\/guineediversite.com\/wp-content\/uploads\/2020\/08\/La-crise-du-coronavirus-a-plong\u00e9-le-monde-dans-une-crise-\u00e9conomique-in\u00e9dite-\u00e0-commencer-par-les-\u00c9tats-Unis.jpg","width":1500,"height":1124},{"@type":"BreadcrumbList","@id":"https:\/\/guineediversite.com\/index.php\/2020\/08\/02\/coronavirus-letat-du-monde-face-a-la-pandemie-du-27-juillet-au-2-aout\/#breadcrumb","itemListElement":[{"@type":"ListItem","position":1,"name":"Accueil","item":"https:\/\/guineediversite.com\/"},{"@type":"ListItem","position":2,"name":"Coronavirus: l&rsquo;\u00e9tat du monde face \u00e0 la pand\u00e9mie du 27 juillet au 2 ao\u00fbt"}]},{"@type":"WebSite","@id":"https:\/\/guineediversite.com\/#website","url":"https:\/\/guineediversite.com\/","name":"Guin\u00e9e Diversit\u00e9","description":"L&#039;Info dans toute sa diversit\u00e9","publisher":{"@id":"https:\/\/guineediversite.com\/#organization"},"potentialAction":[{"@type":"SearchAction","target":{"@type":"EntryPoint","urlTemplate":"https:\/\/guineediversite.com\/?s={search_term_string}"},"query-input":{"@type":"PropertyValueSpecification","valueRequired":true,"valueName":"search_term_string"}}],"inLanguage":"fr-FR"},{"@type":"Organization","@id":"https:\/\/guineediversite.com\/#organization","name":"Guin\u00e9e Diversit\u00e9","url":"https:\/\/guineediversite.com\/","logo":{"@type":"ImageObject","inLanguage":"fr-FR","@id":"https:\/\/guineediversite.com\/#\/schema\/logo\/image\/","url":"https:\/\/guineediversite.com\/wp-content\/uploads\/2017\/04\/cropped-1jojlxEOMkX9Wyqfhe43D6kjPOGqBBKmx3EwWJqZ0cMrFF54yM49.png","contentUrl":"https:\/\/guineediversite.com\/wp-content\/uploads\/2017\/04\/cropped-1jojlxEOMkX9Wyqfhe43D6kjPOGqBBKmx3EwWJqZ0cMrFF54yM49.png","width":186,"height":112,"caption":"Guin\u00e9e Diversit\u00e9"},"image":{"@id":"https:\/\/guineediversite.com\/#\/schema\/logo\/image\/"},"sameAs":["https:\/\/www.facebook.com\/guineediversite\/","https:\/\/x.com\/GuineeDiversite","https:\/\/www.youtube.com\/channel\/UC8sUY16qelG5ge6_D5SB83g"]},{"@type":"Person","@id":"https:\/\/guineediversite.com\/#\/schema\/person\/afa08fb34e7fc6e1feafc892612bc836","name":"Guin\u00e9e Diversit\u00e9","image":{"@type":"ImageObject","inLanguage":"fr-FR","@id":"https:\/\/guineediversite.com\/#\/schema\/person\/image\/","url":"https:\/\/secure.gravatar.com\/avatar\/50d5eb5b390f8b65ac30ac6f898eb83a?s=96&d=mm&r=g","contentUrl":"https:\/\/secure.gravatar.com\/avatar\/50d5eb5b390f8b65ac30ac6f898eb83a?s=96&d=mm&r=g","caption":"Guin\u00e9e Diversit\u00e9"},"url":"https:\/\/guineediversite.com\/index.php\/author\/guineediversite\/"}]}},"_links":{"self":[{"href":"https:\/\/guineediversite.com\/index.php\/wp-json\/wp\/v2\/posts\/30267"}],"collection":[{"href":"https:\/\/guineediversite.com\/index.php\/wp-json\/wp\/v2\/posts"}],"about":[{"href":"https:\/\/guineediversite.com\/index.php\/wp-json\/wp\/v2\/types\/post"}],"author":[{"embeddable":true,"href":"https:\/\/guineediversite.com\/index.php\/wp-json\/wp\/v2\/users\/12"}],"replies":[{"embeddable":true,"href":"https:\/\/guineediversite.com\/index.php\/wp-json\/wp\/v2\/comments?post=30267"}],"version-history":[{"count":1,"href":"https:\/\/guineediversite.com\/index.php\/wp-json\/wp\/v2\/posts\/30267\/revisions"}],"predecessor-version":[{"id":30269,"href":"https:\/\/guineediversite.com\/index.php\/wp-json\/wp\/v2\/posts\/30267\/revisions\/30269"}],"wp:featuredmedia":[{"embeddable":true,"href":"https:\/\/guineediversite.com\/index.php\/wp-json\/wp\/v2\/media\/30268"}],"wp:attachment":[{"href":"https:\/\/guineediversite.com\/index.php\/wp-json\/wp\/v2\/media?parent=30267"}],"wp:term":[{"taxonomy":"category","embeddable":true,"href":"https:\/\/guineediversite.com\/index.php\/wp-json\/wp\/v2\/categories?post=30267"},{"taxonomy":"post_tag","embeddable":true,"href":"https:\/\/guineediversite.com\/index.php\/wp-json\/wp\/v2\/tags?post=30267"}],"curies":[{"name":"wp","href":"https:\/\/api.w.org\/{rel}","templated":true}]}}