{"id":30264,"date":"2020-07-29T18:22:07","date_gmt":"2020-07-29T16:22:07","guid":{"rendered":"https:\/\/guineediversite.com\/?p=30264"},"modified":"2020-07-29T18:22:07","modified_gmt":"2020-07-29T16:22:07","slug":"le-fndc-appelle-des-citoyens-de-conakry-dubreka-et-coyah-a-une-nouvelle-manifestation-le-06-aout","status":"publish","type":"post","link":"https:\/\/guineediversite.com\/index.php\/2020\/07\/29\/le-fndc-appelle-des-citoyens-de-conakry-dubreka-et-coyah-a-une-nouvelle-manifestation-le-06-aout\/","title":{"rendered":"Le FNDC appelle des citoyens de Conakry, Dubr\u00e9ka et Coyah \u00e0 une nouvelle manifestation le 06 ao\u00fbt"},"content":{"rendered":"<p>Les leaders du FNDC ont au cours d\u2019une pl\u00e9ni\u00e8re tenue ce mercredi 29 juillet \u00e0 Conakry, pr\u00e9cis\u00e9ment \u00e0 Kip\u00e9 Dadya, appel\u00e9 une nouvelle fois des citoyens \u00e0 une manifestation le 06 ao\u00fbt prochain dans la capitale Conakry, de Dubr\u00e9a et Coyah. Une manifestation qui s\u2019inscrit selon le coordinateur dans l\u2019optique de d\u2019emp\u00eacher le pr\u00e9sident Alpha Cond\u00e9 de Briguer un troisi\u00e8me mandat.<\/p>\n<p>Abdourahmane Sano, le coordinateur du FNDC affirme \u00ab\u00a0<em>pour faire barrage \u00e0 ce coup d&rsquo;\u00e9tat civil que les ennemis de notre pays veulent faire imposer au peuple, le FNDC appelle les populations de Conakry et environs (Dubreka et coyah) \u00e0 des manifestations le 06 ao\u00fbt 2020. \u00a0Express\u00e9ment \u00e0 tous ses membres et sympathisants qui militent au sein des organisations de la soci\u00e9t\u00e9 civile, des syndicats, des partis politiques, des mouvements de femmes et de jeunes, des organisations socioprofessionnelles et des associations d&rsquo;artistes \u00e0 se mobiliser et \u00e0 mobiliser le peuple pour donner un succ\u00e8s retentissant \u00e0 notre vaste mouvement jusqu&rsquo;au d\u00e9part de monsieur Alpha Cond\u00e9 au pouvoir\u00a0<\/em>\u00bb, a-t-il martel\u00e9.<\/p>\n","protected":false},"excerpt":{"rendered":"<p>Les leaders du FNDC ont au cours d\u2019une pl\u00e9ni\u00e8re tenue ce mercredi 29 juillet \u00e0 Conakry, pr\u00e9cis\u00e9ment \u00e0 Kip\u00e9 Dadya, appel\u00e9 une nouvelle fois des citoyens \u00e0 une manifestation le 06 ao\u00fbt prochain dans la capitale Conakry, de Dubr\u00e9a et Coyah. Une manifestation qui s\u2019inscrit selon le coordinateur dans l\u2019optique de d\u2019emp\u00eacher le pr\u00e9sident Alpha [&hellip;]<\/p>\n","protected":false},"author":10,"featured_media":0,"comment_status":"closed","ping_status":"open","sticky":false,"template":"","format":"standard","meta":{"_exactmetrics_skip_tracking":false,"_exactmetrics_sitenote_active":false,"_exactmetrics_sitenote_note":"","_exactmetrics_sitenote_category":0,"tdm_status":"","tdm_grid_status":"","footnotes":""},"categories":[16],"tags":[],"class_list":{"0":"post-30264","1":"post","2":"type-post","3":"status-publish","4":"format-standard","6":"category-societe"},"yoast_head":"<!-- This site is optimized with the Yoast SEO plugin v24.2 - https:\/\/yoast.com\/wordpress\/plugins\/seo\/ -->\n<title>Le FNDC appelle des citoyens de Conakry, Dubr\u00e9ka et Coyah \u00e0 une nouvelle manifestation le 06 ao\u00fbt | Guin\u00e9e Diversit\u00e9<\/title>\n<meta name=\"robots\" content=\"index, follow, max-snippet:-1, max-image-preview:large, max-video-preview:-1\" \/>\n<link rel=\"canonical\" href=\"https:\/\/guineediversite.com\/index.php\/2020\/07\/29\/le-fndc-appelle-des-citoyens-de-conakry-dubreka-et-coyah-a-une-nouvelle-manifestation-le-06-aout\/\" \/>\n<meta property=\"og:locale\" content=\"fr_FR\" \/>\n<meta property=\"og:type\" content=\"article\" \/>\n<meta property=\"og:title\" content=\"Le FNDC appelle des citoyens de Conakry, Dubr\u00e9ka et Coyah \u00e0 une nouvelle manifestation le 06 ao\u00fbt | Guin\u00e9e Diversit\u00e9\" \/>\n<meta property=\"og:description\" content=\"Les leaders du FNDC ont au cours d\u2019une pl\u00e9ni\u00e8re tenue ce mercredi 29 juillet \u00e0 Conakry, pr\u00e9cis\u00e9ment \u00e0 Kip\u00e9 Dadya, appel\u00e9 une nouvelle fois des citoyens \u00e0 une manifestation le 06 ao\u00fbt prochain dans la capitale Conakry, de Dubr\u00e9a et Coyah. Une manifestation qui s\u2019inscrit selon le coordinateur dans l\u2019optique de d\u2019emp\u00eacher le pr\u00e9sident Alpha [&hellip;]\" \/>\n<meta property=\"og:url\" content=\"https:\/\/guineediversite.com\/index.php\/2020\/07\/29\/le-fndc-appelle-des-citoyens-de-conakry-dubreka-et-coyah-a-une-nouvelle-manifestation-le-06-aout\/\" \/>\n<meta property=\"og:site_name\" content=\"Guin\u00e9e Diversit\u00e9\" \/>\n<meta property=\"article:publisher\" content=\"https:\/\/www.facebook.com\/guineediversite\/\" \/>\n<meta property=\"article:published_time\" content=\"2020-07-29T16:22:07+00:00\" \/>\n<meta name=\"author\" content=\"Morcire Camara\" \/>\n<meta name=\"twitter:card\" content=\"summary_large_image\" \/>\n<meta name=\"twitter:creator\" content=\"@GuineeDiversite\" \/>\n<meta name=\"twitter:site\" content=\"@GuineeDiversite\" \/>\n<meta name=\"twitter:label1\" content=\"\u00c9crit par\" \/>\n\t<meta name=\"twitter:data1\" content=\"Morcire Camara\" \/>\n\t<meta name=\"twitter:label2\" content=\"Dur\u00e9e de lecture estim\u00e9e\" \/>\n\t<meta name=\"twitter:data2\" content=\"1 minute\" \/>\n<script type=\"application\/ld+json\" class=\"yoast-schema-graph\">{\"@context\":\"https:\/\/schema.org\",\"@graph\":[{\"@type\":\"Article\",\"@id\":\"https:\/\/guineediversite.com\/index.php\/2020\/07\/29\/le-fndc-appelle-des-citoyens-de-conakry-dubreka-et-coyah-a-une-nouvelle-manifestation-le-06-aout\/#article\",\"isPartOf\":{\"@id\":\"https:\/\/guineediversite.com\/index.php\/2020\/07\/29\/le-fndc-appelle-des-citoyens-de-conakry-dubreka-et-coyah-a-une-nouvelle-manifestation-le-06-aout\/\"},\"author\":{\"name\":\"Morcire Camara\",\"@id\":\"https:\/\/guineediversite.com\/#\/schema\/person\/fa362494c47202ce4b3adf55abcc9d01\"},\"headline\":\"Le FNDC appelle des citoyens de Conakry, Dubr\u00e9ka et Coyah \u00e0 une nouvelle manifestation le 06 ao\u00fbt\",\"datePublished\":\"2020-07-29T16:22:07+00:00\",\"dateModified\":\"2020-07-29T16:22:07+00:00\",\"mainEntityOfPage\":{\"@id\":\"https:\/\/guineediversite.com\/index.php\/2020\/07\/29\/le-fndc-appelle-des-citoyens-de-conakry-dubreka-et-coyah-a-une-nouvelle-manifestation-le-06-aout\/\"},\"wordCount\":194,\"publisher\":{\"@id\":\"https:\/\/guineediversite.com\/#organization\"},\"articleSection\":[\"Soci\u00e9t\u00e9\"],\"inLanguage\":\"fr-FR\"},{\"@type\":\"WebPage\",\"@id\":\"https:\/\/guineediversite.com\/index.php\/2020\/07\/29\/le-fndc-appelle-des-citoyens-de-conakry-dubreka-et-coyah-a-une-nouvelle-manifestation-le-06-aout\/\",\"url\":\"https:\/\/guineediversite.com\/index.php\/2020\/07\/29\/le-fndc-appelle-des-citoyens-de-conakry-dubreka-et-coyah-a-une-nouvelle-manifestation-le-06-aout\/\",\"name\":\"Le FNDC appelle des citoyens de Conakry, Dubr\u00e9ka et Coyah \u00e0 une nouvelle manifestation le 06 ao\u00fbt | Guin\u00e9e Diversit\u00e9\",\"isPartOf\":{\"@id\":\"https:\/\/guineediversite.com\/#website\"},\"datePublished\":\"2020-07-29T16:22:07+00:00\",\"dateModified\":\"2020-07-29T16:22:07+00:00\",\"breadcrumb\":{\"@id\":\"https:\/\/guineediversite.com\/index.php\/2020\/07\/29\/le-fndc-appelle-des-citoyens-de-conakry-dubreka-et-coyah-a-une-nouvelle-manifestation-le-06-aout\/#breadcrumb\"},\"inLanguage\":\"fr-FR\",\"potentialAction\":[{\"@type\":\"ReadAction\",\"target\":[\"https:\/\/guineediversite.com\/index.php\/2020\/07\/29\/le-fndc-appelle-des-citoyens-de-conakry-dubreka-et-coyah-a-une-nouvelle-manifestation-le-06-aout\/\"]}]},{\"@type\":\"BreadcrumbList\",\"@id\":\"https:\/\/guineediversite.com\/index.php\/2020\/07\/29\/le-fndc-appelle-des-citoyens-de-conakry-dubreka-et-coyah-a-une-nouvelle-manifestation-le-06-aout\/#breadcrumb\",\"itemListElement\":[{\"@type\":\"ListItem\",\"position\":1,\"name\":\"Accueil\",\"item\":\"https:\/\/guineediversite.com\/\"},{\"@type\":\"ListItem\",\"position\":2,\"name\":\"Le FNDC appelle des citoyens de Conakry, Dubr\u00e9ka et Coyah \u00e0 une nouvelle manifestation le 06 ao\u00fbt\"}]},{\"@type\":\"WebSite\",\"@id\":\"https:\/\/guineediversite.com\/#website\",\"url\":\"https:\/\/guineediversite.com\/\",\"name\":\"Guin\u00e9e Diversit\u00e9\",\"description\":\"L&#039;Info dans toute sa diversit\u00e9\",\"publisher\":{\"@id\":\"https:\/\/guineediversite.com\/#organization\"},\"potentialAction\":[{\"@type\":\"SearchAction\",\"target\":{\"@type\":\"EntryPoint\",\"urlTemplate\":\"https:\/\/guineediversite.com\/?s={search_term_string}\"},\"query-input\":{\"@type\":\"PropertyValueSpecification\",\"valueRequired\":true,\"valueName\":\"search_term_string\"}}],\"inLanguage\":\"fr-FR\"},{\"@type\":\"Organization\",\"@id\":\"https:\/\/guineediversite.com\/#organization\",\"name\":\"Guin\u00e9e Diversit\u00e9\",\"url\":\"https:\/\/guineediversite.com\/\",\"logo\":{\"@type\":\"ImageObject\",\"inLanguage\":\"fr-FR\",\"@id\":\"https:\/\/guineediversite.com\/#\/schema\/logo\/image\/\",\"url\":\"https:\/\/guineediversite.com\/wp-content\/uploads\/2017\/04\/cropped-1jojlxEOMkX9Wyqfhe43D6kjPOGqBBKmx3EwWJqZ0cMrFF54yM49.png\",\"contentUrl\":\"https:\/\/guineediversite.com\/wp-content\/uploads\/2017\/04\/cropped-1jojlxEOMkX9Wyqfhe43D6kjPOGqBBKmx3EwWJqZ0cMrFF54yM49.png\",\"width\":186,\"height\":112,\"caption\":\"Guin\u00e9e Diversit\u00e9\"},\"image\":{\"@id\":\"https:\/\/guineediversite.com\/#\/schema\/logo\/image\/\"},\"sameAs\":[\"https:\/\/www.facebook.com\/guineediversite\/\",\"https:\/\/x.com\/GuineeDiversite\",\"https:\/\/www.youtube.com\/channel\/UC8sUY16qelG5ge6_D5SB83g\"]},{\"@type\":\"Person\",\"@id\":\"https:\/\/guineediversite.com\/#\/schema\/person\/fa362494c47202ce4b3adf55abcc9d01\",\"name\":\"Morcire Camara\",\"image\":{\"@type\":\"ImageObject\",\"inLanguage\":\"fr-FR\",\"@id\":\"https:\/\/guineediversite.com\/#\/schema\/person\/image\/\",\"url\":\"https:\/\/secure.gravatar.com\/avatar\/3ec324f02295bbcebe03d99b39330ab4?s=96&d=mm&r=g\",\"contentUrl\":\"https:\/\/secure.gravatar.com\/avatar\/3ec324f02295bbcebe03d99b39330ab4?s=96&d=mm&r=g\",\"caption\":\"Morcire Camara\"},\"url\":\"https:\/\/guineediversite.com\/index.php\/author\/morcire\/\"}]}<\/script>\n<!-- \/ Yoast SEO plugin. -->","yoast_head_json":{"title":"Le FNDC appelle des citoyens de Conakry, Dubr\u00e9ka et Coyah \u00e0 une nouvelle manifestation le 06 ao\u00fbt | Guin\u00e9e Diversit\u00e9","robots":{"index":"index","follow":"follow","max-snippet":"max-snippet:-1","max-image-preview":"max-image-preview:large","max-video-preview":"max-video-preview:-1"},"canonical":"https:\/\/guineediversite.com\/index.php\/2020\/07\/29\/le-fndc-appelle-des-citoyens-de-conakry-dubreka-et-coyah-a-une-nouvelle-manifestation-le-06-aout\/","og_locale":"fr_FR","og_type":"article","og_title":"Le FNDC appelle des citoyens de Conakry, Dubr\u00e9ka et Coyah \u00e0 une nouvelle manifestation le 06 ao\u00fbt | Guin\u00e9e Diversit\u00e9","og_description":"Les leaders du FNDC ont au cours d\u2019une pl\u00e9ni\u00e8re tenue ce mercredi 29 juillet \u00e0 Conakry, pr\u00e9cis\u00e9ment \u00e0 Kip\u00e9 Dadya, appel\u00e9 une nouvelle fois des citoyens \u00e0 une manifestation le 06 ao\u00fbt prochain dans la capitale Conakry, de Dubr\u00e9a et Coyah. Une manifestation qui s\u2019inscrit selon le coordinateur dans l\u2019optique de d\u2019emp\u00eacher le pr\u00e9sident Alpha [&hellip;]","og_url":"https:\/\/guineediversite.com\/index.php\/2020\/07\/29\/le-fndc-appelle-des-citoyens-de-conakry-dubreka-et-coyah-a-une-nouvelle-manifestation-le-06-aout\/","og_site_name":"Guin\u00e9e Diversit\u00e9","article_publisher":"https:\/\/www.facebook.com\/guineediversite\/","article_published_time":"2020-07-29T16:22:07+00:00","author":"Morcire Camara","twitter_card":"summary_large_image","twitter_creator":"@GuineeDiversite","twitter_site":"@GuineeDiversite","twitter_misc":{"\u00c9crit par":"Morcire Camara","Dur\u00e9e de lecture estim\u00e9e":"1 minute"},"schema":{"@context":"https:\/\/schema.org","@graph":[{"@type":"Article","@id":"https:\/\/guineediversite.com\/index.php\/2020\/07\/29\/le-fndc-appelle-des-citoyens-de-conakry-dubreka-et-coyah-a-une-nouvelle-manifestation-le-06-aout\/#article","isPartOf":{"@id":"https:\/\/guineediversite.com\/index.php\/2020\/07\/29\/le-fndc-appelle-des-citoyens-de-conakry-dubreka-et-coyah-a-une-nouvelle-manifestation-le-06-aout\/"},"author":{"name":"Morcire Camara","@id":"https:\/\/guineediversite.com\/#\/schema\/person\/fa362494c47202ce4b3adf55abcc9d01"},"headline":"Le FNDC appelle des citoyens de Conakry, Dubr\u00e9ka et Coyah \u00e0 une nouvelle manifestation le 06 ao\u00fbt","datePublished":"2020-07-29T16:22:07+00:00","dateModified":"2020-07-29T16:22:07+00:00","mainEntityOfPage":{"@id":"https:\/\/guineediversite.com\/index.php\/2020\/07\/29\/le-fndc-appelle-des-citoyens-de-conakry-dubreka-et-coyah-a-une-nouvelle-manifestation-le-06-aout\/"},"wordCount":194,"publisher":{"@id":"https:\/\/guineediversite.com\/#organization"},"articleSection":["Soci\u00e9t\u00e9"],"inLanguage":"fr-FR"},{"@type":"WebPage","@id":"https:\/\/guineediversite.com\/index.php\/2020\/07\/29\/le-fndc-appelle-des-citoyens-de-conakry-dubreka-et-coyah-a-une-nouvelle-manifestation-le-06-aout\/","url":"https:\/\/guineediversite.com\/index.php\/2020\/07\/29\/le-fndc-appelle-des-citoyens-de-conakry-dubreka-et-coyah-a-une-nouvelle-manifestation-le-06-aout\/","name":"Le FNDC appelle des citoyens de Conakry, Dubr\u00e9ka et Coyah \u00e0 une nouvelle manifestation le 06 ao\u00fbt | Guin\u00e9e Diversit\u00e9","isPartOf":{"@id":"https:\/\/guineediversite.com\/#website"},"datePublished":"2020-07-29T16:22:07+00:00","dateModified":"2020-07-29T16:22:07+00:00","breadcrumb":{"@id":"https:\/\/guineediversite.com\/index.php\/2020\/07\/29\/le-fndc-appelle-des-citoyens-de-conakry-dubreka-et-coyah-a-une-nouvelle-manifestation-le-06-aout\/#breadcrumb"},"inLanguage":"fr-FR","potentialAction":[{"@type":"ReadAction","target":["https:\/\/guineediversite.com\/index.php\/2020\/07\/29\/le-fndc-appelle-des-citoyens-de-conakry-dubreka-et-coyah-a-une-nouvelle-manifestation-le-06-aout\/"]}]},{"@type":"BreadcrumbList","@id":"https:\/\/guineediversite.com\/index.php\/2020\/07\/29\/le-fndc-appelle-des-citoyens-de-conakry-dubreka-et-coyah-a-une-nouvelle-manifestation-le-06-aout\/#breadcrumb","itemListElement":[{"@type":"ListItem","position":1,"name":"Accueil","item":"https:\/\/guineediversite.com\/"},{"@type":"ListItem","position":2,"name":"Le FNDC appelle des citoyens de Conakry, Dubr\u00e9ka et Coyah \u00e0 une nouvelle manifestation le 06 ao\u00fbt"}]},{"@type":"WebSite","@id":"https:\/\/guineediversite.com\/#website","url":"https:\/\/guineediversite.com\/","name":"Guin\u00e9e Diversit\u00e9","description":"L&#039;Info dans toute sa diversit\u00e9","publisher":{"@id":"https:\/\/guineediversite.com\/#organization"},"potentialAction":[{"@type":"SearchAction","target":{"@type":"EntryPoint","urlTemplate":"https:\/\/guineediversite.com\/?s={search_term_string}"},"query-input":{"@type":"PropertyValueSpecification","valueRequired":true,"valueName":"search_term_string"}}],"inLanguage":"fr-FR"},{"@type":"Organization","@id":"https:\/\/guineediversite.com\/#organization","name":"Guin\u00e9e Diversit\u00e9","url":"https:\/\/guineediversite.com\/","logo":{"@type":"ImageObject","inLanguage":"fr-FR","@id":"https:\/\/guineediversite.com\/#\/schema\/logo\/image\/","url":"https:\/\/guineediversite.com\/wp-content\/uploads\/2017\/04\/cropped-1jojlxEOMkX9Wyqfhe43D6kjPOGqBBKmx3EwWJqZ0cMrFF54yM49.png","contentUrl":"https:\/\/guineediversite.com\/wp-content\/uploads\/2017\/04\/cropped-1jojlxEOMkX9Wyqfhe43D6kjPOGqBBKmx3EwWJqZ0cMrFF54yM49.png","width":186,"height":112,"caption":"Guin\u00e9e Diversit\u00e9"},"image":{"@id":"https:\/\/guineediversite.com\/#\/schema\/logo\/image\/"},"sameAs":["https:\/\/www.facebook.com\/guineediversite\/","https:\/\/x.com\/GuineeDiversite","https:\/\/www.youtube.com\/channel\/UC8sUY16qelG5ge6_D5SB83g"]},{"@type":"Person","@id":"https:\/\/guineediversite.com\/#\/schema\/person\/fa362494c47202ce4b3adf55abcc9d01","name":"Morcire Camara","image":{"@type":"ImageObject","inLanguage":"fr-FR","@id":"https:\/\/guineediversite.com\/#\/schema\/person\/image\/","url":"https:\/\/secure.gravatar.com\/avatar\/3ec324f02295bbcebe03d99b39330ab4?s=96&d=mm&r=g","contentUrl":"https:\/\/secure.gravatar.com\/avatar\/3ec324f02295bbcebe03d99b39330ab4?s=96&d=mm&r=g","caption":"Morcire Camara"},"url":"https:\/\/guineediversite.com\/index.php\/author\/morcire\/"}]}},"_links":{"self":[{"href":"https:\/\/guineediversite.com\/index.php\/wp-json\/wp\/v2\/posts\/30264"}],"collection":[{"href":"https:\/\/guineediversite.com\/index.php\/wp-json\/wp\/v2\/posts"}],"about":[{"href":"https:\/\/guineediversite.com\/index.php\/wp-json\/wp\/v2\/types\/post"}],"author":[{"embeddable":true,"href":"https:\/\/guineediversite.com\/index.php\/wp-json\/wp\/v2\/users\/10"}],"replies":[{"embeddable":true,"href":"https:\/\/guineediversite.com\/index.php\/wp-json\/wp\/v2\/comments?post=30264"}],"version-history":[{"count":1,"href":"https:\/\/guineediversite.com\/index.php\/wp-json\/wp\/v2\/posts\/30264\/revisions"}],"predecessor-version":[{"id":30266,"href":"https:\/\/guineediversite.com\/index.php\/wp-json\/wp\/v2\/posts\/30264\/revisions\/30266"}],"wp:attachment":[{"href":"https:\/\/guineediversite.com\/index.php\/wp-json\/wp\/v2\/media?parent=30264"}],"wp:term":[{"taxonomy":"category","embeddable":true,"href":"https:\/\/guineediversite.com\/index.php\/wp-json\/wp\/v2\/categories?post=30264"},{"taxonomy":"post_tag","embeddable":true,"href":"https:\/\/guineediversite.com\/index.php\/wp-json\/wp\/v2\/tags?post=30264"}],"curies":[{"name":"wp","href":"https:\/\/api.w.org\/{rel}","templated":true}]}}