{"id":30259,"date":"2020-07-29T16:00:01","date_gmt":"2020-07-29T14:00:01","guid":{"rendered":"https:\/\/guineediversite.com\/?p=30259"},"modified":"2020-07-29T16:03:41","modified_gmt":"2020-07-29T14:03:41","slug":"ismael-conde-lex-militant-du-rpg-leve-la-voile-la-facon-dont-les-peulhs-sont-percus-par-le-parti-au-pouvoir","status":"publish","type":"post","link":"https:\/\/guineediversite.com\/index.php\/2020\/07\/29\/ismael-conde-lex-militant-du-rpg-leve-la-voile-la-facon-dont-les-peulhs-sont-percus-par-le-parti-au-pouvoir\/","title":{"rendered":"Isma\u00ebl Cond\u00e9 l\u2019ex-militant du RPG l\u00e8ve la voile sur la fa\u00e7on dont les peulhs sont per\u00e7us par le Parti au pouvoir"},"content":{"rendered":"<p><strong>Il y a de cela des mois que le RPG Arc-en-ciel a exclu le premier vice-Maire de la commune de Matam. Depuis lors, Isma\u00ebl Cond\u00e9 poursuit sa s\u00e9rie de D\u00e9nonciations de la mauvaise vision du Parti au pouvoir ces derniers temps. <\/strong><\/p>\n<p>Ce mercredi 29 juillet 2020, il ( Isma\u00ebl Cond\u00e9 Ndlr) s\u2019est encore prononc\u00e9 sur la fa\u00e7on dont l&rsquo;ethnie peulh est consid\u00e9r\u00e9e par le pouvoir Cond\u00e9.<\/p>\n<p>L\u2019actuel membre du bureau politique de l\u2019Union des Forces D\u00e9mocratiques de Guin\u00e9e ne passera pas par quatre chemins.<\/p>\n<p>Il dira ceci\u00a0:\u00a0\u00ab\u00a0<em>Nous qu\u2019on appelait enfants du RPG, on n\u2019\u00e9coutait pas Cellou Dalein Diallo parce que Cellou Dalein Diallo est l\u2019incarnation du mal pour nous. C\u2019est comme \u00e7a on nous a enseign\u00e9. Cellou Dalein c\u2019est tout sauf lui. Son parti l\u2019UFDG est le parti le plus ethnique que l\u2019humanit\u00e9 ait connu.\u00a0 Quand il viendra au pouvoir, \u00e7a sera le pouvoir des peulhs en Guin\u00e9e, \u00e7a sera le pays des peulhs, ils vont aller recruter partout o\u00f9 les peulhs se trouvent pour rentrer en Guin\u00e9e. On nous disait regardez aujourd\u2019hui, allez-y dans les banques, dans les soci\u00e9t\u00e9s d\u2019assurances, dans le commerce vous voyez quelle ethnie\u00a0? Ces gens-l\u00e0 ont le monopole du secteur priv\u00e9. Le jour o\u00f9 vous donnerez le monopole du pays, \u00e7a veut dire que votre part de participation dans ce pays va diminuer. Donc il n\u2019\u00e9tait m\u00eame pas \u00e9vident pour moi d\u2019\u00e9couter Cellou Dalein Diallo. Tout ce qu\u2019on faisait c\u2019est comment casser l\u2019UFDG et Cellou Dalein Diallo. Notre r\u00f4le au RPG c\u2019\u00e9tait \u00e7a. Il fallait isoler l\u2019UFDG, il faut tout faire pour se retrouver face \u00e0 l\u2019UFDG, parce que face \u00e0 eux, notre strat\u00e9gie ferait en sorte que nous formions un bloc de 3 contre 1. D\u00e8s qu\u2019on se retrouve avec l\u2019UFDG, les soussous, les forestiers vont nous rejoindre, et nous allons isoler les peulhs. C\u2019\u00e9tait \u00e7a notre strat\u00e9gie, et le pouvoir allait \u00eatre automatiquement gagn\u00e9. Comment faire pour isoler le parti, c\u2019est pourquoi l\u2019axe a \u00e9t\u00e9 laiss\u00e9 tel pour que \u00e7a soit l\u2019\u00e9manation de la violence urbaine.\u00a0\u00bb<\/em><\/p>\n<p><strong>L\u2019axe est-il un terrain de violence choisi par le pouvoir Cond\u00e9 ?<\/strong><\/p>\n<p>Isma\u00ebl Cond\u00e9 pr\u00e9cise<strong>,<\/strong><em> \u00ab\u00a0Quand il y\u2019a manifestation, on faisait tout pour ne pas qu\u2019une autre zone de la Guin\u00e9e manifeste. Il faut que l\u2019axe soit le monopole de la violence urbaine en Guin\u00e9e. Comme \u00e7a on dirait c\u2019est toujours les m\u00eames qui manifestent, s\u2019opposent depuis l\u2019ind\u00e9pendance. On a fait tout pour que les autres ne se manifestent pas. On a donn\u00e9 la primature aux soussous. Voil\u00e0 votre part d\u2019argent pour aller corrompre vos parents pour ne pas qu\u2019ils se soul\u00e8vent. On a donn\u00e9 la pr\u00e9sidence de l\u2019assembl\u00e9e nationale aux Forestiers, voil\u00e0 votre part de responsabilit\u00e9 pour aller corrompre vos parents pour ne pas qu\u2019ils se rebellent. Qu\u2019est qu\u2019on a r\u00e9serv\u00e9 \u00e0 la Moyenne Guin\u00e9e et aux peulhs\u00a0? Rien ! Parce que c\u2019\u00e9tait une man\u0153uvre qui \u00e9tait orchestr\u00e9 pour les isoler. Laisser les dans l\u2019opposition, laisser les dans leur tentative de manifestations, c\u2019est la seule fa\u00e7on de les isoler, parce que le peuple de Guin\u00e9e dira un jour on a marre d\u2019eux. Chaque fois ce sont eux qui meurent, qui manifestent. C\u2019\u00e9tait une fa\u00e7on savamment orchestr\u00e9e pour les isoler<\/em>\u00a0\u00bb.<\/p>\n<p>&nbsp;<\/p>\n","protected":false},"excerpt":{"rendered":"<p>Il y a de cela des mois que le RPG Arc-en-ciel a exclu le premier vice-Maire de la commune de Matam. Depuis lors, Isma\u00ebl Cond\u00e9 poursuit sa s\u00e9rie de D\u00e9nonciations de la mauvaise vision du Parti au pouvoir ces derniers temps. Ce mercredi 29 juillet 2020, il ( Isma\u00ebl Cond\u00e9 Ndlr) s\u2019est encore prononc\u00e9 sur [&hellip;]<\/p>\n","protected":false},"author":7,"featured_media":30260,"comment_status":"closed","ping_status":"open","sticky":false,"template":"","format":"standard","meta":{"_exactmetrics_skip_tracking":false,"_exactmetrics_sitenote_active":false,"_exactmetrics_sitenote_note":"","_exactmetrics_sitenote_category":0,"tdm_status":"","tdm_grid_status":"","footnotes":""},"categories":[254,14],"tags":[],"class_list":{"0":"post-30259","1":"post","2":"type-post","3":"status-publish","4":"format-standard","5":"has-post-thumbnail","7":"category-derniere-minute","8":"category-politique"},"yoast_head":"<!-- This site is optimized with the Yoast SEO plugin v24.2 - https:\/\/yoast.com\/wordpress\/plugins\/seo\/ -->\n<title>Isma\u00ebl Cond\u00e9 l\u2019ex-militant du RPG l\u00e8ve la voile sur la fa\u00e7on dont les peulhs sont per\u00e7us par le Parti au pouvoir | Guin\u00e9e Diversit\u00e9<\/title>\n<meta name=\"robots\" content=\"index, follow, max-snippet:-1, max-image-preview:large, max-video-preview:-1\" \/>\n<link rel=\"canonical\" href=\"https:\/\/guineediversite.com\/index.php\/2020\/07\/29\/ismael-conde-lex-militant-du-rpg-leve-la-voile-la-facon-dont-les-peulhs-sont-percus-par-le-parti-au-pouvoir\/\" \/>\n<meta property=\"og:locale\" content=\"fr_FR\" \/>\n<meta property=\"og:type\" content=\"article\" \/>\n<meta property=\"og:title\" content=\"Isma\u00ebl Cond\u00e9 l\u2019ex-militant du RPG l\u00e8ve la voile sur la fa\u00e7on dont les peulhs sont per\u00e7us par le Parti au pouvoir | Guin\u00e9e Diversit\u00e9\" \/>\n<meta property=\"og:description\" content=\"Il y a de cela des mois que le RPG Arc-en-ciel a exclu le premier vice-Maire de la commune de Matam. Depuis lors, Isma\u00ebl Cond\u00e9 poursuit sa s\u00e9rie de D\u00e9nonciations de la mauvaise vision du Parti au pouvoir ces derniers temps. Ce mercredi 29 juillet 2020, il ( Isma\u00ebl Cond\u00e9 Ndlr) s\u2019est encore prononc\u00e9 sur [&hellip;]\" \/>\n<meta property=\"og:url\" content=\"https:\/\/guineediversite.com\/index.php\/2020\/07\/29\/ismael-conde-lex-militant-du-rpg-leve-la-voile-la-facon-dont-les-peulhs-sont-percus-par-le-parti-au-pouvoir\/\" \/>\n<meta property=\"og:site_name\" content=\"Guin\u00e9e Diversit\u00e9\" \/>\n<meta property=\"article:publisher\" content=\"https:\/\/www.facebook.com\/guineediversite\/\" \/>\n<meta property=\"article:published_time\" content=\"2020-07-29T14:00:01+00:00\" \/>\n<meta property=\"article:modified_time\" content=\"2020-07-29T14:03:41+00:00\" \/>\n<meta property=\"og:image\" content=\"https:\/\/guineediversite.com\/wp-content\/uploads\/2020\/07\/Le-president-de-la-R\u00e9publique-de-Guin\u00e9e-au-si\u00e8ge-de-son-parti.jpg\" \/>\n\t<meta property=\"og:image:width\" content=\"1500\" \/>\n\t<meta property=\"og:image:height\" content=\"1052\" \/>\n\t<meta property=\"og:image:type\" content=\"image\/jpeg\" \/>\n<meta name=\"author\" content=\"Bilguissa Diallo\" \/>\n<meta name=\"twitter:card\" content=\"summary_large_image\" \/>\n<meta name=\"twitter:creator\" content=\"@GuineeDiversite\" \/>\n<meta name=\"twitter:site\" content=\"@GuineeDiversite\" \/>\n<meta name=\"twitter:label1\" content=\"\u00c9crit par\" \/>\n\t<meta name=\"twitter:data1\" content=\"Bilguissa Diallo\" \/>\n\t<meta name=\"twitter:label2\" content=\"Dur\u00e9e de lecture estim\u00e9e\" \/>\n\t<meta name=\"twitter:data2\" content=\"3 minutes\" \/>\n<script type=\"application\/ld+json\" class=\"yoast-schema-graph\">{\"@context\":\"https:\/\/schema.org\",\"@graph\":[{\"@type\":\"Article\",\"@id\":\"https:\/\/guineediversite.com\/index.php\/2020\/07\/29\/ismael-conde-lex-militant-du-rpg-leve-la-voile-la-facon-dont-les-peulhs-sont-percus-par-le-parti-au-pouvoir\/#article\",\"isPartOf\":{\"@id\":\"https:\/\/guineediversite.com\/index.php\/2020\/07\/29\/ismael-conde-lex-militant-du-rpg-leve-la-voile-la-facon-dont-les-peulhs-sont-percus-par-le-parti-au-pouvoir\/\"},\"author\":{\"name\":\"Bilguissa Diallo\",\"@id\":\"https:\/\/guineediversite.com\/#\/schema\/person\/0e0e3e424768a50d025ac2218ccca73f\"},\"headline\":\"Isma\u00ebl Cond\u00e9 l\u2019ex-militant du RPG l\u00e8ve la voile sur la fa\u00e7on dont les peulhs sont per\u00e7us par le Parti au pouvoir\",\"datePublished\":\"2020-07-29T14:00:01+00:00\",\"dateModified\":\"2020-07-29T14:03:41+00:00\",\"mainEntityOfPage\":{\"@id\":\"https:\/\/guineediversite.com\/index.php\/2020\/07\/29\/ismael-conde-lex-militant-du-rpg-leve-la-voile-la-facon-dont-les-peulhs-sont-percus-par-le-parti-au-pouvoir\/\"},\"wordCount\":620,\"publisher\":{\"@id\":\"https:\/\/guineediversite.com\/#organization\"},\"image\":{\"@id\":\"https:\/\/guineediversite.com\/index.php\/2020\/07\/29\/ismael-conde-lex-militant-du-rpg-leve-la-voile-la-facon-dont-les-peulhs-sont-percus-par-le-parti-au-pouvoir\/#primaryimage\"},\"thumbnailUrl\":\"https:\/\/guineediversite.com\/wp-content\/uploads\/2020\/07\/Le-president-de-la-R\u00e9publique-de-Guin\u00e9e-au-si\u00e8ge-de-son-parti.jpg\",\"articleSection\":[\"Derni\u00e8re minute\",\"Politique\"],\"inLanguage\":\"fr-FR\"},{\"@type\":\"WebPage\",\"@id\":\"https:\/\/guineediversite.com\/index.php\/2020\/07\/29\/ismael-conde-lex-militant-du-rpg-leve-la-voile-la-facon-dont-les-peulhs-sont-percus-par-le-parti-au-pouvoir\/\",\"url\":\"https:\/\/guineediversite.com\/index.php\/2020\/07\/29\/ismael-conde-lex-militant-du-rpg-leve-la-voile-la-facon-dont-les-peulhs-sont-percus-par-le-parti-au-pouvoir\/\",\"name\":\"Isma\u00ebl Cond\u00e9 l\u2019ex-militant du RPG l\u00e8ve la voile sur la fa\u00e7on dont les peulhs sont per\u00e7us par le Parti au pouvoir | Guin\u00e9e Diversit\u00e9\",\"isPartOf\":{\"@id\":\"https:\/\/guineediversite.com\/#website\"},\"primaryImageOfPage\":{\"@id\":\"https:\/\/guineediversite.com\/index.php\/2020\/07\/29\/ismael-conde-lex-militant-du-rpg-leve-la-voile-la-facon-dont-les-peulhs-sont-percus-par-le-parti-au-pouvoir\/#primaryimage\"},\"image\":{\"@id\":\"https:\/\/guineediversite.com\/index.php\/2020\/07\/29\/ismael-conde-lex-militant-du-rpg-leve-la-voile-la-facon-dont-les-peulhs-sont-percus-par-le-parti-au-pouvoir\/#primaryimage\"},\"thumbnailUrl\":\"https:\/\/guineediversite.com\/wp-content\/uploads\/2020\/07\/Le-president-de-la-R\u00e9publique-de-Guin\u00e9e-au-si\u00e8ge-de-son-parti.jpg\",\"datePublished\":\"2020-07-29T14:00:01+00:00\",\"dateModified\":\"2020-07-29T14:03:41+00:00\",\"breadcrumb\":{\"@id\":\"https:\/\/guineediversite.com\/index.php\/2020\/07\/29\/ismael-conde-lex-militant-du-rpg-leve-la-voile-la-facon-dont-les-peulhs-sont-percus-par-le-parti-au-pouvoir\/#breadcrumb\"},\"inLanguage\":\"fr-FR\",\"potentialAction\":[{\"@type\":\"ReadAction\",\"target\":[\"https:\/\/guineediversite.com\/index.php\/2020\/07\/29\/ismael-conde-lex-militant-du-rpg-leve-la-voile-la-facon-dont-les-peulhs-sont-percus-par-le-parti-au-pouvoir\/\"]}]},{\"@type\":\"ImageObject\",\"inLanguage\":\"fr-FR\",\"@id\":\"https:\/\/guineediversite.com\/index.php\/2020\/07\/29\/ismael-conde-lex-militant-du-rpg-leve-la-voile-la-facon-dont-les-peulhs-sont-percus-par-le-parti-au-pouvoir\/#primaryimage\",\"url\":\"https:\/\/guineediversite.com\/wp-content\/uploads\/2020\/07\/Le-president-de-la-R\u00e9publique-de-Guin\u00e9e-au-si\u00e8ge-de-son-parti.jpg\",\"contentUrl\":\"https:\/\/guineediversite.com\/wp-content\/uploads\/2020\/07\/Le-president-de-la-R\u00e9publique-de-Guin\u00e9e-au-si\u00e8ge-de-son-parti.jpg\",\"width\":1500,\"height\":1052},{\"@type\":\"BreadcrumbList\",\"@id\":\"https:\/\/guineediversite.com\/index.php\/2020\/07\/29\/ismael-conde-lex-militant-du-rpg-leve-la-voile-la-facon-dont-les-peulhs-sont-percus-par-le-parti-au-pouvoir\/#breadcrumb\",\"itemListElement\":[{\"@type\":\"ListItem\",\"position\":1,\"name\":\"Accueil\",\"item\":\"https:\/\/guineediversite.com\/\"},{\"@type\":\"ListItem\",\"position\":2,\"name\":\"Isma\u00ebl Cond\u00e9 l\u2019ex-militant du RPG l\u00e8ve la voile sur la fa\u00e7on dont les peulhs sont per\u00e7us par le Parti au pouvoir\"}]},{\"@type\":\"WebSite\",\"@id\":\"https:\/\/guineediversite.com\/#website\",\"url\":\"https:\/\/guineediversite.com\/\",\"name\":\"Guin\u00e9e Diversit\u00e9\",\"description\":\"L&#039;Info dans toute sa diversit\u00e9\",\"publisher\":{\"@id\":\"https:\/\/guineediversite.com\/#organization\"},\"potentialAction\":[{\"@type\":\"SearchAction\",\"target\":{\"@type\":\"EntryPoint\",\"urlTemplate\":\"https:\/\/guineediversite.com\/?s={search_term_string}\"},\"query-input\":{\"@type\":\"PropertyValueSpecification\",\"valueRequired\":true,\"valueName\":\"search_term_string\"}}],\"inLanguage\":\"fr-FR\"},{\"@type\":\"Organization\",\"@id\":\"https:\/\/guineediversite.com\/#organization\",\"name\":\"Guin\u00e9e Diversit\u00e9\",\"url\":\"https:\/\/guineediversite.com\/\",\"logo\":{\"@type\":\"ImageObject\",\"inLanguage\":\"fr-FR\",\"@id\":\"https:\/\/guineediversite.com\/#\/schema\/logo\/image\/\",\"url\":\"https:\/\/guineediversite.com\/wp-content\/uploads\/2017\/04\/cropped-1jojlxEOMkX9Wyqfhe43D6kjPOGqBBKmx3EwWJqZ0cMrFF54yM49.png\",\"contentUrl\":\"https:\/\/guineediversite.com\/wp-content\/uploads\/2017\/04\/cropped-1jojlxEOMkX9Wyqfhe43D6kjPOGqBBKmx3EwWJqZ0cMrFF54yM49.png\",\"width\":186,\"height\":112,\"caption\":\"Guin\u00e9e Diversit\u00e9\"},\"image\":{\"@id\":\"https:\/\/guineediversite.com\/#\/schema\/logo\/image\/\"},\"sameAs\":[\"https:\/\/www.facebook.com\/guineediversite\/\",\"https:\/\/x.com\/GuineeDiversite\",\"https:\/\/www.youtube.com\/channel\/UC8sUY16qelG5ge6_D5SB83g\"]},{\"@type\":\"Person\",\"@id\":\"https:\/\/guineediversite.com\/#\/schema\/person\/0e0e3e424768a50d025ac2218ccca73f\",\"name\":\"Bilguissa Diallo\",\"image\":{\"@type\":\"ImageObject\",\"inLanguage\":\"fr-FR\",\"@id\":\"https:\/\/guineediversite.com\/#\/schema\/person\/image\/\",\"url\":\"https:\/\/secure.gravatar.com\/avatar\/49bbbd2420ee34d62b1b191791f4b5df?s=96&d=mm&r=g\",\"contentUrl\":\"https:\/\/secure.gravatar.com\/avatar\/49bbbd2420ee34d62b1b191791f4b5df?s=96&d=mm&r=g\",\"caption\":\"Bilguissa Diallo\"},\"url\":\"https:\/\/guineediversite.com\/index.php\/author\/bilguissa\/\"}]}<\/script>\n<!-- \/ Yoast SEO plugin. -->","yoast_head_json":{"title":"Isma\u00ebl Cond\u00e9 l\u2019ex-militant du RPG l\u00e8ve la voile sur la fa\u00e7on dont les peulhs sont per\u00e7us par le Parti au pouvoir | Guin\u00e9e Diversit\u00e9","robots":{"index":"index","follow":"follow","max-snippet":"max-snippet:-1","max-image-preview":"max-image-preview:large","max-video-preview":"max-video-preview:-1"},"canonical":"https:\/\/guineediversite.com\/index.php\/2020\/07\/29\/ismael-conde-lex-militant-du-rpg-leve-la-voile-la-facon-dont-les-peulhs-sont-percus-par-le-parti-au-pouvoir\/","og_locale":"fr_FR","og_type":"article","og_title":"Isma\u00ebl Cond\u00e9 l\u2019ex-militant du RPG l\u00e8ve la voile sur la fa\u00e7on dont les peulhs sont per\u00e7us par le Parti au pouvoir | Guin\u00e9e Diversit\u00e9","og_description":"Il y a de cela des mois que le RPG Arc-en-ciel a exclu le premier vice-Maire de la commune de Matam. Depuis lors, Isma\u00ebl Cond\u00e9 poursuit sa s\u00e9rie de D\u00e9nonciations de la mauvaise vision du Parti au pouvoir ces derniers temps. Ce mercredi 29 juillet 2020, il ( Isma\u00ebl Cond\u00e9 Ndlr) s\u2019est encore prononc\u00e9 sur [&hellip;]","og_url":"https:\/\/guineediversite.com\/index.php\/2020\/07\/29\/ismael-conde-lex-militant-du-rpg-leve-la-voile-la-facon-dont-les-peulhs-sont-percus-par-le-parti-au-pouvoir\/","og_site_name":"Guin\u00e9e Diversit\u00e9","article_publisher":"https:\/\/www.facebook.com\/guineediversite\/","article_published_time":"2020-07-29T14:00:01+00:00","article_modified_time":"2020-07-29T14:03:41+00:00","og_image":[{"width":1500,"height":1052,"url":"https:\/\/guineediversite.com\/wp-content\/uploads\/2020\/07\/Le-president-de-la-R\u00e9publique-de-Guin\u00e9e-au-si\u00e8ge-de-son-parti.jpg","type":"image\/jpeg"}],"author":"Bilguissa Diallo","twitter_card":"summary_large_image","twitter_creator":"@GuineeDiversite","twitter_site":"@GuineeDiversite","twitter_misc":{"\u00c9crit par":"Bilguissa Diallo","Dur\u00e9e de lecture estim\u00e9e":"3 minutes"},"schema":{"@context":"https:\/\/schema.org","@graph":[{"@type":"Article","@id":"https:\/\/guineediversite.com\/index.php\/2020\/07\/29\/ismael-conde-lex-militant-du-rpg-leve-la-voile-la-facon-dont-les-peulhs-sont-percus-par-le-parti-au-pouvoir\/#article","isPartOf":{"@id":"https:\/\/guineediversite.com\/index.php\/2020\/07\/29\/ismael-conde-lex-militant-du-rpg-leve-la-voile-la-facon-dont-les-peulhs-sont-percus-par-le-parti-au-pouvoir\/"},"author":{"name":"Bilguissa Diallo","@id":"https:\/\/guineediversite.com\/#\/schema\/person\/0e0e3e424768a50d025ac2218ccca73f"},"headline":"Isma\u00ebl Cond\u00e9 l\u2019ex-militant du RPG l\u00e8ve la voile sur la fa\u00e7on dont les peulhs sont per\u00e7us par le Parti au pouvoir","datePublished":"2020-07-29T14:00:01+00:00","dateModified":"2020-07-29T14:03:41+00:00","mainEntityOfPage":{"@id":"https:\/\/guineediversite.com\/index.php\/2020\/07\/29\/ismael-conde-lex-militant-du-rpg-leve-la-voile-la-facon-dont-les-peulhs-sont-percus-par-le-parti-au-pouvoir\/"},"wordCount":620,"publisher":{"@id":"https:\/\/guineediversite.com\/#organization"},"image":{"@id":"https:\/\/guineediversite.com\/index.php\/2020\/07\/29\/ismael-conde-lex-militant-du-rpg-leve-la-voile-la-facon-dont-les-peulhs-sont-percus-par-le-parti-au-pouvoir\/#primaryimage"},"thumbnailUrl":"https:\/\/guineediversite.com\/wp-content\/uploads\/2020\/07\/Le-president-de-la-R\u00e9publique-de-Guin\u00e9e-au-si\u00e8ge-de-son-parti.jpg","articleSection":["Derni\u00e8re minute","Politique"],"inLanguage":"fr-FR"},{"@type":"WebPage","@id":"https:\/\/guineediversite.com\/index.php\/2020\/07\/29\/ismael-conde-lex-militant-du-rpg-leve-la-voile-la-facon-dont-les-peulhs-sont-percus-par-le-parti-au-pouvoir\/","url":"https:\/\/guineediversite.com\/index.php\/2020\/07\/29\/ismael-conde-lex-militant-du-rpg-leve-la-voile-la-facon-dont-les-peulhs-sont-percus-par-le-parti-au-pouvoir\/","name":"Isma\u00ebl Cond\u00e9 l\u2019ex-militant du RPG l\u00e8ve la voile sur la fa\u00e7on dont les peulhs sont per\u00e7us par le Parti au pouvoir | Guin\u00e9e Diversit\u00e9","isPartOf":{"@id":"https:\/\/guineediversite.com\/#website"},"primaryImageOfPage":{"@id":"https:\/\/guineediversite.com\/index.php\/2020\/07\/29\/ismael-conde-lex-militant-du-rpg-leve-la-voile-la-facon-dont-les-peulhs-sont-percus-par-le-parti-au-pouvoir\/#primaryimage"},"image":{"@id":"https:\/\/guineediversite.com\/index.php\/2020\/07\/29\/ismael-conde-lex-militant-du-rpg-leve-la-voile-la-facon-dont-les-peulhs-sont-percus-par-le-parti-au-pouvoir\/#primaryimage"},"thumbnailUrl":"https:\/\/guineediversite.com\/wp-content\/uploads\/2020\/07\/Le-president-de-la-R\u00e9publique-de-Guin\u00e9e-au-si\u00e8ge-de-son-parti.jpg","datePublished":"2020-07-29T14:00:01+00:00","dateModified":"2020-07-29T14:03:41+00:00","breadcrumb":{"@id":"https:\/\/guineediversite.com\/index.php\/2020\/07\/29\/ismael-conde-lex-militant-du-rpg-leve-la-voile-la-facon-dont-les-peulhs-sont-percus-par-le-parti-au-pouvoir\/#breadcrumb"},"inLanguage":"fr-FR","potentialAction":[{"@type":"ReadAction","target":["https:\/\/guineediversite.com\/index.php\/2020\/07\/29\/ismael-conde-lex-militant-du-rpg-leve-la-voile-la-facon-dont-les-peulhs-sont-percus-par-le-parti-au-pouvoir\/"]}]},{"@type":"ImageObject","inLanguage":"fr-FR","@id":"https:\/\/guineediversite.com\/index.php\/2020\/07\/29\/ismael-conde-lex-militant-du-rpg-leve-la-voile-la-facon-dont-les-peulhs-sont-percus-par-le-parti-au-pouvoir\/#primaryimage","url":"https:\/\/guineediversite.com\/wp-content\/uploads\/2020\/07\/Le-president-de-la-R\u00e9publique-de-Guin\u00e9e-au-si\u00e8ge-de-son-parti.jpg","contentUrl":"https:\/\/guineediversite.com\/wp-content\/uploads\/2020\/07\/Le-president-de-la-R\u00e9publique-de-Guin\u00e9e-au-si\u00e8ge-de-son-parti.jpg","width":1500,"height":1052},{"@type":"BreadcrumbList","@id":"https:\/\/guineediversite.com\/index.php\/2020\/07\/29\/ismael-conde-lex-militant-du-rpg-leve-la-voile-la-facon-dont-les-peulhs-sont-percus-par-le-parti-au-pouvoir\/#breadcrumb","itemListElement":[{"@type":"ListItem","position":1,"name":"Accueil","item":"https:\/\/guineediversite.com\/"},{"@type":"ListItem","position":2,"name":"Isma\u00ebl Cond\u00e9 l\u2019ex-militant du RPG l\u00e8ve la voile sur la fa\u00e7on dont les peulhs sont per\u00e7us par le Parti au pouvoir"}]},{"@type":"WebSite","@id":"https:\/\/guineediversite.com\/#website","url":"https:\/\/guineediversite.com\/","name":"Guin\u00e9e Diversit\u00e9","description":"L&#039;Info dans toute sa diversit\u00e9","publisher":{"@id":"https:\/\/guineediversite.com\/#organization"},"potentialAction":[{"@type":"SearchAction","target":{"@type":"EntryPoint","urlTemplate":"https:\/\/guineediversite.com\/?s={search_term_string}"},"query-input":{"@type":"PropertyValueSpecification","valueRequired":true,"valueName":"search_term_string"}}],"inLanguage":"fr-FR"},{"@type":"Organization","@id":"https:\/\/guineediversite.com\/#organization","name":"Guin\u00e9e Diversit\u00e9","url":"https:\/\/guineediversite.com\/","logo":{"@type":"ImageObject","inLanguage":"fr-FR","@id":"https:\/\/guineediversite.com\/#\/schema\/logo\/image\/","url":"https:\/\/guineediversite.com\/wp-content\/uploads\/2017\/04\/cropped-1jojlxEOMkX9Wyqfhe43D6kjPOGqBBKmx3EwWJqZ0cMrFF54yM49.png","contentUrl":"https:\/\/guineediversite.com\/wp-content\/uploads\/2017\/04\/cropped-1jojlxEOMkX9Wyqfhe43D6kjPOGqBBKmx3EwWJqZ0cMrFF54yM49.png","width":186,"height":112,"caption":"Guin\u00e9e Diversit\u00e9"},"image":{"@id":"https:\/\/guineediversite.com\/#\/schema\/logo\/image\/"},"sameAs":["https:\/\/www.facebook.com\/guineediversite\/","https:\/\/x.com\/GuineeDiversite","https:\/\/www.youtube.com\/channel\/UC8sUY16qelG5ge6_D5SB83g"]},{"@type":"Person","@id":"https:\/\/guineediversite.com\/#\/schema\/person\/0e0e3e424768a50d025ac2218ccca73f","name":"Bilguissa Diallo","image":{"@type":"ImageObject","inLanguage":"fr-FR","@id":"https:\/\/guineediversite.com\/#\/schema\/person\/image\/","url":"https:\/\/secure.gravatar.com\/avatar\/49bbbd2420ee34d62b1b191791f4b5df?s=96&d=mm&r=g","contentUrl":"https:\/\/secure.gravatar.com\/avatar\/49bbbd2420ee34d62b1b191791f4b5df?s=96&d=mm&r=g","caption":"Bilguissa Diallo"},"url":"https:\/\/guineediversite.com\/index.php\/author\/bilguissa\/"}]}},"_links":{"self":[{"href":"https:\/\/guineediversite.com\/index.php\/wp-json\/wp\/v2\/posts\/30259"}],"collection":[{"href":"https:\/\/guineediversite.com\/index.php\/wp-json\/wp\/v2\/posts"}],"about":[{"href":"https:\/\/guineediversite.com\/index.php\/wp-json\/wp\/v2\/types\/post"}],"author":[{"embeddable":true,"href":"https:\/\/guineediversite.com\/index.php\/wp-json\/wp\/v2\/users\/7"}],"replies":[{"embeddable":true,"href":"https:\/\/guineediversite.com\/index.php\/wp-json\/wp\/v2\/comments?post=30259"}],"version-history":[{"count":3,"href":"https:\/\/guineediversite.com\/index.php\/wp-json\/wp\/v2\/posts\/30259\/revisions"}],"predecessor-version":[{"id":30263,"href":"https:\/\/guineediversite.com\/index.php\/wp-json\/wp\/v2\/posts\/30259\/revisions\/30263"}],"wp:featuredmedia":[{"embeddable":true,"href":"https:\/\/guineediversite.com\/index.php\/wp-json\/wp\/v2\/media\/30260"}],"wp:attachment":[{"href":"https:\/\/guineediversite.com\/index.php\/wp-json\/wp\/v2\/media?parent=30259"}],"wp:term":[{"taxonomy":"category","embeddable":true,"href":"https:\/\/guineediversite.com\/index.php\/wp-json\/wp\/v2\/categories?post=30259"},{"taxonomy":"post_tag","embeddable":true,"href":"https:\/\/guineediversite.com\/index.php\/wp-json\/wp\/v2\/tags?post=30259"}],"curies":[{"name":"wp","href":"https:\/\/api.w.org\/{rel}","templated":true}]}}