{"id":30256,"date":"2020-07-29T15:17:07","date_gmt":"2020-07-29T13:17:07","guid":{"rendered":"https:\/\/guineediversite.com\/?p=30256"},"modified":"2020-07-29T15:17:07","modified_gmt":"2020-07-29T13:17:07","slug":"a-la-mecque-un-pelerinage-fortement-reduit-pour-raison-sanitaire","status":"publish","type":"post","link":"https:\/\/guineediversite.com\/index.php\/2020\/07\/29\/a-la-mecque-un-pelerinage-fortement-reduit-pour-raison-sanitaire\/","title":{"rendered":"A La Mecque, un p\u00e8lerinage fortement r\u00e9duit pour raison sanitaire"},"content":{"rendered":"<p>Le grand p\u00e8lerinage des musulmans d\u00e9bute ce mercredi matin \u00e0 La Mecque dans un contexte in\u00e9dit. Seuls les fid\u00e8les vivant en Arabie saoudite y participeront cette ann\u00e9e, avec 70% d&rsquo;\u00e9trangers et 30% de Saoudiens. L\u2019Arabie saoudite est le pays arabe du Golfe le plus touch\u00e9 par la pand\u00e9mie de coronavirus.<\/p>\n<p>L\u2019ann\u00e9e derni\u00e8re encore, 2,5 millions de fid\u00e8les, pour la plupart venus de l\u2019\u00e9tranger, avaient particip\u00e9 au grand p\u00e8lerinage de La Mecque. Cette ann\u00e9e, crise sanitaire oblige, seuls quelques milliers sont autoris\u00e9s \u00e0 se rendre sur le principal lieu saint de l\u2019islam. Malgr\u00e9 la r\u00e9signation, la d\u00e9ception est grande en Arabie saoudite. Beaucoup de citoyens saoudiens et de r\u00e9sidents \u00e9trangers du royaume avaient encore l\u2019espoir de participer \u00e0 cette \u00e9dition limit\u00e9e du Hajj.<\/p>\n<p>Salim Asani est l\u2019un d\u2019entre eux. Ce ressortissant fran\u00e7ais \u00e2g\u00e9 de 40 ans et vivant \u00e0 Riyad avait en effet d\u00e9pos\u00e9 une candidature en ligne. \u00ab\u00a0<em>Il y avait un portail sp\u00e9cifique pour cette ann\u00e9e sur lequel nous avons soumis notre ID et puis quelques informations d\u2018authentification, comme les noms et pr\u00e9noms, etc. J\u2018avais donc d\u00e9pos\u00e9 une candidature tout en esp\u00e9rant que mon \u00e9pouse soit s\u00e9lectionn\u00e9e, car elle n\u2018y est jamais all\u00e9e,<\/em> raconte-t-il \u00e0 notre correspondant r\u00e9gional, Nicolas Keraudren.\u00a0<em>J\u2018aurais donc pu \u00eatre de facto l\u2018accompagnateur. C\u2018est une grosse d\u00e9ception.<\/em>\u00a0\u00bb<\/p>\n<p>Les autorit\u00e9s saoudiennes assurent avoir men\u00e9 le processus de s\u00e9lection en toute transparence. L\u2018\u00e9tat de sant\u00e9 des participants a \u00e9t\u00e9 le principal crit\u00e8re. \u00ab\u00a0<em>Il y a certainement eu aussi des crit\u00e8res de s\u00e9lection, comme l&rsquo;\u00e2ge. Les personnes qui travaillent dans le secteur m\u00e9dical ont certainement eu aussi la priorit\u00e9<\/em>\u00a0\u00bb, avance Salim Asani. Mais dans son entourage, parmi ses voisins ou ses coll\u00e8gues, personne n&rsquo;a \u00e9t\u00e9 accept\u00e9.<\/p>\n<p><strong>Un p\u00e8lerinage souvent interrompu<\/strong><\/p>\n<p>En 14 si\u00e8cles d\u2019existence, le Hajj en tant que cinqui\u00e8me pilier de l\u2019islam, a \u00e9t\u00e9 interrompu au moins 40 fois, remarque l\u2019islamologue et professeur \u00e0 l\u2019Inalco Mohamed Bajrafil. \u00ab\u00a0<em>Deux raisons essentielles peuvent \u00eatre invoqu\u00e9es pour expliquer la suspension partielle ou totale du p\u00e8lerinage. Il y a eu des raisons politiques, comme il y a eu des crises sanitaires, comme celle que nous vivons cette ann\u00e9e.<\/em>\u00a0\u00bb<\/p>\n<p>Pour ce th\u00e9ologien, l\u2019une des interruptions marquantes, les plus r\u00e9centes du Hajj, \u00e9tait \u00e9galement due \u00e0 une \u00e9pid\u00e9mie. \u00ab\u00a0<em>A la fin du XIXe si\u00e8cle en Egypte, les gens ne pouvaient pas se rendre au p\u00e8lerinage, \u00e0 cause d\u2019une \u00e9pid\u00e9mie qui s\u00e9vissait l\u00e0-bas [\u00e0 la Mecque]. On disait alors aux p\u00e8lerins de ne pas s\u2019y rendre de peur d\u2019attraper une maladie<\/em>\u00a0\u00bb.<\/p>\n<p>Mais ce sont les guerres musulmanes fratricides qui sont \u00e0 l\u2019origine des plus longues interruptions du Hajj. \u00ab\u00a0<em>Il y a eu en l\u2019an 64-65 de l\u2019h\u00e9gire, des tensions qui ont conduit \u00e0 la destruction de la Mecque [de la Kaaba] par les Omeyyades. A partir de l\u2019an 317 de l\u2019h\u00e9gire, pendant plus d\u2019une dizaine d\u2019ann\u00e9e d\u2019affil\u00e9e le p\u00e8lerinage va \u00eatre totalement suspendu<\/em>\u00a0\u00bb. Autant d\u2019illustrations, qui prouvent selon Mohamed Bajrafil que cette \u00e9ni\u00e8me interruption du Hajj, \u00ab\u00a0<em>n\u2019a rien d\u2019exceptionnel<\/em>\u00a0\u00bb. \u00ab\u00a0<em>Nul besoin donc de lui donner une interpr\u00e9tation apocalyptique d\u2019une col\u00e8re divine, comme le font certains musulmans<\/em>\u00a0\u00bb, conclut l\u2019universitaire.<\/p>\n<p>Les p\u00e8lerins s\u00e9lectionn\u00e9s ont \u00e9t\u00e9 test\u00e9s avant leur arriv\u00e9e \u00e0 La Mecque et seront plac\u00e9s en quarantaine apr\u00e8s la fin du rituel.<\/p>\n<p><strong>RFI<\/strong><\/p>\n","protected":false},"excerpt":{"rendered":"<p>Le grand p\u00e8lerinage des musulmans d\u00e9bute ce mercredi matin \u00e0 La Mecque dans un contexte in\u00e9dit. Seuls les fid\u00e8les vivant en Arabie saoudite y participeront cette ann\u00e9e, avec 70% d&rsquo;\u00e9trangers et 30% de Saoudiens. L\u2019Arabie saoudite est le pays arabe du Golfe le plus touch\u00e9 par la pand\u00e9mie de coronavirus. L\u2019ann\u00e9e derni\u00e8re encore, 2,5 millions [&hellip;]<\/p>\n","protected":false},"author":12,"featured_media":30257,"comment_status":"closed","ping_status":"open","sticky":false,"template":"","format":"standard","meta":{"_exactmetrics_skip_tracking":false,"_exactmetrics_sitenote_active":false,"_exactmetrics_sitenote_note":"","_exactmetrics_sitenote_category":0,"tdm_status":"","tdm_grid_status":"","footnotes":""},"categories":[21],"tags":[],"class_list":{"0":"post-30256","1":"post","2":"type-post","3":"status-publish","4":"format-standard","5":"has-post-thumbnail","7":"category-international"},"yoast_head":"<!-- This site is optimized with the Yoast SEO plugin v24.2 - https:\/\/yoast.com\/wordpress\/plugins\/seo\/ -->\n<title>A La Mecque, un p\u00e8lerinage fortement r\u00e9duit pour raison sanitaire | Guin\u00e9e Diversit\u00e9<\/title>\n<meta name=\"robots\" content=\"index, follow, max-snippet:-1, max-image-preview:large, max-video-preview:-1\" \/>\n<link rel=\"canonical\" href=\"https:\/\/guineediversite.com\/index.php\/2020\/07\/29\/a-la-mecque-un-pelerinage-fortement-reduit-pour-raison-sanitaire\/\" \/>\n<meta property=\"og:locale\" content=\"fr_FR\" \/>\n<meta property=\"og:type\" content=\"article\" \/>\n<meta property=\"og:title\" content=\"A La Mecque, un p\u00e8lerinage fortement r\u00e9duit pour raison sanitaire | Guin\u00e9e Diversit\u00e9\" \/>\n<meta property=\"og:description\" content=\"Le grand p\u00e8lerinage des musulmans d\u00e9bute ce mercredi matin \u00e0 La Mecque dans un contexte in\u00e9dit. Seuls les fid\u00e8les vivant en Arabie saoudite y participeront cette ann\u00e9e, avec 70% d&rsquo;\u00e9trangers et 30% de Saoudiens. L\u2019Arabie saoudite est le pays arabe du Golfe le plus touch\u00e9 par la pand\u00e9mie de coronavirus. L\u2019ann\u00e9e derni\u00e8re encore, 2,5 millions [&hellip;]\" \/>\n<meta property=\"og:url\" content=\"https:\/\/guineediversite.com\/index.php\/2020\/07\/29\/a-la-mecque-un-pelerinage-fortement-reduit-pour-raison-sanitaire\/\" \/>\n<meta property=\"og:site_name\" content=\"Guin\u00e9e Diversit\u00e9\" \/>\n<meta property=\"article:publisher\" content=\"https:\/\/www.facebook.com\/guineediversite\/\" \/>\n<meta property=\"article:published_time\" content=\"2020-07-29T13:17:07+00:00\" \/>\n<meta property=\"og:image\" content=\"https:\/\/guineediversite.com\/wp-content\/uploads\/2020\/07\/La-zone-autour-de-la-Kaaba-est-pr\u00e9par\u00e9e-pour-accueillir-les-p\u00e8lerins-lundi-27-juillet..jpg\" \/>\n\t<meta property=\"og:image:width\" content=\"1500\" \/>\n\t<meta property=\"og:image:height\" content=\"1124\" \/>\n\t<meta property=\"og:image:type\" content=\"image\/jpeg\" \/>\n<meta name=\"author\" content=\"Guin\u00e9e Diversit\u00e9\" \/>\n<meta name=\"twitter:card\" content=\"summary_large_image\" \/>\n<meta name=\"twitter:creator\" content=\"@GuineeDiversite\" \/>\n<meta name=\"twitter:site\" content=\"@GuineeDiversite\" \/>\n<meta name=\"twitter:label1\" content=\"\u00c9crit par\" \/>\n\t<meta name=\"twitter:data1\" content=\"Guin\u00e9e Diversit\u00e9\" \/>\n\t<meta name=\"twitter:label2\" content=\"Dur\u00e9e de lecture estim\u00e9e\" \/>\n\t<meta name=\"twitter:data2\" content=\"3 minutes\" \/>\n<script type=\"application\/ld+json\" class=\"yoast-schema-graph\">{\"@context\":\"https:\/\/schema.org\",\"@graph\":[{\"@type\":\"Article\",\"@id\":\"https:\/\/guineediversite.com\/index.php\/2020\/07\/29\/a-la-mecque-un-pelerinage-fortement-reduit-pour-raison-sanitaire\/#article\",\"isPartOf\":{\"@id\":\"https:\/\/guineediversite.com\/index.php\/2020\/07\/29\/a-la-mecque-un-pelerinage-fortement-reduit-pour-raison-sanitaire\/\"},\"author\":{\"name\":\"Guin\u00e9e Diversit\u00e9\",\"@id\":\"https:\/\/guineediversite.com\/#\/schema\/person\/afa08fb34e7fc6e1feafc892612bc836\"},\"headline\":\"A La Mecque, un p\u00e8lerinage fortement r\u00e9duit pour raison sanitaire\",\"datePublished\":\"2020-07-29T13:17:07+00:00\",\"dateModified\":\"2020-07-29T13:17:07+00:00\",\"mainEntityOfPage\":{\"@id\":\"https:\/\/guineediversite.com\/index.php\/2020\/07\/29\/a-la-mecque-un-pelerinage-fortement-reduit-pour-raison-sanitaire\/\"},\"wordCount\":622,\"publisher\":{\"@id\":\"https:\/\/guineediversite.com\/#organization\"},\"image\":{\"@id\":\"https:\/\/guineediversite.com\/index.php\/2020\/07\/29\/a-la-mecque-un-pelerinage-fortement-reduit-pour-raison-sanitaire\/#primaryimage\"},\"thumbnailUrl\":\"https:\/\/guineediversite.com\/wp-content\/uploads\/2020\/07\/La-zone-autour-de-la-Kaaba-est-pr\u00e9par\u00e9e-pour-accueillir-les-p\u00e8lerins-lundi-27-juillet..jpg\",\"articleSection\":[\"International\"],\"inLanguage\":\"fr-FR\"},{\"@type\":\"WebPage\",\"@id\":\"https:\/\/guineediversite.com\/index.php\/2020\/07\/29\/a-la-mecque-un-pelerinage-fortement-reduit-pour-raison-sanitaire\/\",\"url\":\"https:\/\/guineediversite.com\/index.php\/2020\/07\/29\/a-la-mecque-un-pelerinage-fortement-reduit-pour-raison-sanitaire\/\",\"name\":\"A La Mecque, un p\u00e8lerinage fortement r\u00e9duit pour raison sanitaire | Guin\u00e9e Diversit\u00e9\",\"isPartOf\":{\"@id\":\"https:\/\/guineediversite.com\/#website\"},\"primaryImageOfPage\":{\"@id\":\"https:\/\/guineediversite.com\/index.php\/2020\/07\/29\/a-la-mecque-un-pelerinage-fortement-reduit-pour-raison-sanitaire\/#primaryimage\"},\"image\":{\"@id\":\"https:\/\/guineediversite.com\/index.php\/2020\/07\/29\/a-la-mecque-un-pelerinage-fortement-reduit-pour-raison-sanitaire\/#primaryimage\"},\"thumbnailUrl\":\"https:\/\/guineediversite.com\/wp-content\/uploads\/2020\/07\/La-zone-autour-de-la-Kaaba-est-pr\u00e9par\u00e9e-pour-accueillir-les-p\u00e8lerins-lundi-27-juillet..jpg\",\"datePublished\":\"2020-07-29T13:17:07+00:00\",\"dateModified\":\"2020-07-29T13:17:07+00:00\",\"breadcrumb\":{\"@id\":\"https:\/\/guineediversite.com\/index.php\/2020\/07\/29\/a-la-mecque-un-pelerinage-fortement-reduit-pour-raison-sanitaire\/#breadcrumb\"},\"inLanguage\":\"fr-FR\",\"potentialAction\":[{\"@type\":\"ReadAction\",\"target\":[\"https:\/\/guineediversite.com\/index.php\/2020\/07\/29\/a-la-mecque-un-pelerinage-fortement-reduit-pour-raison-sanitaire\/\"]}]},{\"@type\":\"ImageObject\",\"inLanguage\":\"fr-FR\",\"@id\":\"https:\/\/guineediversite.com\/index.php\/2020\/07\/29\/a-la-mecque-un-pelerinage-fortement-reduit-pour-raison-sanitaire\/#primaryimage\",\"url\":\"https:\/\/guineediversite.com\/wp-content\/uploads\/2020\/07\/La-zone-autour-de-la-Kaaba-est-pr\u00e9par\u00e9e-pour-accueillir-les-p\u00e8lerins-lundi-27-juillet..jpg\",\"contentUrl\":\"https:\/\/guineediversite.com\/wp-content\/uploads\/2020\/07\/La-zone-autour-de-la-Kaaba-est-pr\u00e9par\u00e9e-pour-accueillir-les-p\u00e8lerins-lundi-27-juillet..jpg\",\"width\":1500,\"height\":1124},{\"@type\":\"BreadcrumbList\",\"@id\":\"https:\/\/guineediversite.com\/index.php\/2020\/07\/29\/a-la-mecque-un-pelerinage-fortement-reduit-pour-raison-sanitaire\/#breadcrumb\",\"itemListElement\":[{\"@type\":\"ListItem\",\"position\":1,\"name\":\"Accueil\",\"item\":\"https:\/\/guineediversite.com\/\"},{\"@type\":\"ListItem\",\"position\":2,\"name\":\"A La Mecque, un p\u00e8lerinage fortement r\u00e9duit pour raison sanitaire\"}]},{\"@type\":\"WebSite\",\"@id\":\"https:\/\/guineediversite.com\/#website\",\"url\":\"https:\/\/guineediversite.com\/\",\"name\":\"Guin\u00e9e Diversit\u00e9\",\"description\":\"L&#039;Info dans toute sa diversit\u00e9\",\"publisher\":{\"@id\":\"https:\/\/guineediversite.com\/#organization\"},\"potentialAction\":[{\"@type\":\"SearchAction\",\"target\":{\"@type\":\"EntryPoint\",\"urlTemplate\":\"https:\/\/guineediversite.com\/?s={search_term_string}\"},\"query-input\":{\"@type\":\"PropertyValueSpecification\",\"valueRequired\":true,\"valueName\":\"search_term_string\"}}],\"inLanguage\":\"fr-FR\"},{\"@type\":\"Organization\",\"@id\":\"https:\/\/guineediversite.com\/#organization\",\"name\":\"Guin\u00e9e Diversit\u00e9\",\"url\":\"https:\/\/guineediversite.com\/\",\"logo\":{\"@type\":\"ImageObject\",\"inLanguage\":\"fr-FR\",\"@id\":\"https:\/\/guineediversite.com\/#\/schema\/logo\/image\/\",\"url\":\"https:\/\/guineediversite.com\/wp-content\/uploads\/2017\/04\/cropped-1jojlxEOMkX9Wyqfhe43D6kjPOGqBBKmx3EwWJqZ0cMrFF54yM49.png\",\"contentUrl\":\"https:\/\/guineediversite.com\/wp-content\/uploads\/2017\/04\/cropped-1jojlxEOMkX9Wyqfhe43D6kjPOGqBBKmx3EwWJqZ0cMrFF54yM49.png\",\"width\":186,\"height\":112,\"caption\":\"Guin\u00e9e Diversit\u00e9\"},\"image\":{\"@id\":\"https:\/\/guineediversite.com\/#\/schema\/logo\/image\/\"},\"sameAs\":[\"https:\/\/www.facebook.com\/guineediversite\/\",\"https:\/\/x.com\/GuineeDiversite\",\"https:\/\/www.youtube.com\/channel\/UC8sUY16qelG5ge6_D5SB83g\"]},{\"@type\":\"Person\",\"@id\":\"https:\/\/guineediversite.com\/#\/schema\/person\/afa08fb34e7fc6e1feafc892612bc836\",\"name\":\"Guin\u00e9e Diversit\u00e9\",\"image\":{\"@type\":\"ImageObject\",\"inLanguage\":\"fr-FR\",\"@id\":\"https:\/\/guineediversite.com\/#\/schema\/person\/image\/\",\"url\":\"https:\/\/secure.gravatar.com\/avatar\/50d5eb5b390f8b65ac30ac6f898eb83a?s=96&d=mm&r=g\",\"contentUrl\":\"https:\/\/secure.gravatar.com\/avatar\/50d5eb5b390f8b65ac30ac6f898eb83a?s=96&d=mm&r=g\",\"caption\":\"Guin\u00e9e Diversit\u00e9\"},\"url\":\"https:\/\/guineediversite.com\/index.php\/author\/guineediversite\/\"}]}<\/script>\n<!-- \/ Yoast SEO plugin. -->","yoast_head_json":{"title":"A La Mecque, un p\u00e8lerinage fortement r\u00e9duit pour raison sanitaire | Guin\u00e9e Diversit\u00e9","robots":{"index":"index","follow":"follow","max-snippet":"max-snippet:-1","max-image-preview":"max-image-preview:large","max-video-preview":"max-video-preview:-1"},"canonical":"https:\/\/guineediversite.com\/index.php\/2020\/07\/29\/a-la-mecque-un-pelerinage-fortement-reduit-pour-raison-sanitaire\/","og_locale":"fr_FR","og_type":"article","og_title":"A La Mecque, un p\u00e8lerinage fortement r\u00e9duit pour raison sanitaire | Guin\u00e9e Diversit\u00e9","og_description":"Le grand p\u00e8lerinage des musulmans d\u00e9bute ce mercredi matin \u00e0 La Mecque dans un contexte in\u00e9dit. Seuls les fid\u00e8les vivant en Arabie saoudite y participeront cette ann\u00e9e, avec 70% d&rsquo;\u00e9trangers et 30% de Saoudiens. L\u2019Arabie saoudite est le pays arabe du Golfe le plus touch\u00e9 par la pand\u00e9mie de coronavirus. L\u2019ann\u00e9e derni\u00e8re encore, 2,5 millions [&hellip;]","og_url":"https:\/\/guineediversite.com\/index.php\/2020\/07\/29\/a-la-mecque-un-pelerinage-fortement-reduit-pour-raison-sanitaire\/","og_site_name":"Guin\u00e9e Diversit\u00e9","article_publisher":"https:\/\/www.facebook.com\/guineediversite\/","article_published_time":"2020-07-29T13:17:07+00:00","og_image":[{"width":1500,"height":1124,"url":"https:\/\/guineediversite.com\/wp-content\/uploads\/2020\/07\/La-zone-autour-de-la-Kaaba-est-pr\u00e9par\u00e9e-pour-accueillir-les-p\u00e8lerins-lundi-27-juillet..jpg","type":"image\/jpeg"}],"author":"Guin\u00e9e Diversit\u00e9","twitter_card":"summary_large_image","twitter_creator":"@GuineeDiversite","twitter_site":"@GuineeDiversite","twitter_misc":{"\u00c9crit par":"Guin\u00e9e Diversit\u00e9","Dur\u00e9e de lecture estim\u00e9e":"3 minutes"},"schema":{"@context":"https:\/\/schema.org","@graph":[{"@type":"Article","@id":"https:\/\/guineediversite.com\/index.php\/2020\/07\/29\/a-la-mecque-un-pelerinage-fortement-reduit-pour-raison-sanitaire\/#article","isPartOf":{"@id":"https:\/\/guineediversite.com\/index.php\/2020\/07\/29\/a-la-mecque-un-pelerinage-fortement-reduit-pour-raison-sanitaire\/"},"author":{"name":"Guin\u00e9e Diversit\u00e9","@id":"https:\/\/guineediversite.com\/#\/schema\/person\/afa08fb34e7fc6e1feafc892612bc836"},"headline":"A La Mecque, un p\u00e8lerinage fortement r\u00e9duit pour raison sanitaire","datePublished":"2020-07-29T13:17:07+00:00","dateModified":"2020-07-29T13:17:07+00:00","mainEntityOfPage":{"@id":"https:\/\/guineediversite.com\/index.php\/2020\/07\/29\/a-la-mecque-un-pelerinage-fortement-reduit-pour-raison-sanitaire\/"},"wordCount":622,"publisher":{"@id":"https:\/\/guineediversite.com\/#organization"},"image":{"@id":"https:\/\/guineediversite.com\/index.php\/2020\/07\/29\/a-la-mecque-un-pelerinage-fortement-reduit-pour-raison-sanitaire\/#primaryimage"},"thumbnailUrl":"https:\/\/guineediversite.com\/wp-content\/uploads\/2020\/07\/La-zone-autour-de-la-Kaaba-est-pr\u00e9par\u00e9e-pour-accueillir-les-p\u00e8lerins-lundi-27-juillet..jpg","articleSection":["International"],"inLanguage":"fr-FR"},{"@type":"WebPage","@id":"https:\/\/guineediversite.com\/index.php\/2020\/07\/29\/a-la-mecque-un-pelerinage-fortement-reduit-pour-raison-sanitaire\/","url":"https:\/\/guineediversite.com\/index.php\/2020\/07\/29\/a-la-mecque-un-pelerinage-fortement-reduit-pour-raison-sanitaire\/","name":"A La Mecque, un p\u00e8lerinage fortement r\u00e9duit pour raison sanitaire | Guin\u00e9e Diversit\u00e9","isPartOf":{"@id":"https:\/\/guineediversite.com\/#website"},"primaryImageOfPage":{"@id":"https:\/\/guineediversite.com\/index.php\/2020\/07\/29\/a-la-mecque-un-pelerinage-fortement-reduit-pour-raison-sanitaire\/#primaryimage"},"image":{"@id":"https:\/\/guineediversite.com\/index.php\/2020\/07\/29\/a-la-mecque-un-pelerinage-fortement-reduit-pour-raison-sanitaire\/#primaryimage"},"thumbnailUrl":"https:\/\/guineediversite.com\/wp-content\/uploads\/2020\/07\/La-zone-autour-de-la-Kaaba-est-pr\u00e9par\u00e9e-pour-accueillir-les-p\u00e8lerins-lundi-27-juillet..jpg","datePublished":"2020-07-29T13:17:07+00:00","dateModified":"2020-07-29T13:17:07+00:00","breadcrumb":{"@id":"https:\/\/guineediversite.com\/index.php\/2020\/07\/29\/a-la-mecque-un-pelerinage-fortement-reduit-pour-raison-sanitaire\/#breadcrumb"},"inLanguage":"fr-FR","potentialAction":[{"@type":"ReadAction","target":["https:\/\/guineediversite.com\/index.php\/2020\/07\/29\/a-la-mecque-un-pelerinage-fortement-reduit-pour-raison-sanitaire\/"]}]},{"@type":"ImageObject","inLanguage":"fr-FR","@id":"https:\/\/guineediversite.com\/index.php\/2020\/07\/29\/a-la-mecque-un-pelerinage-fortement-reduit-pour-raison-sanitaire\/#primaryimage","url":"https:\/\/guineediversite.com\/wp-content\/uploads\/2020\/07\/La-zone-autour-de-la-Kaaba-est-pr\u00e9par\u00e9e-pour-accueillir-les-p\u00e8lerins-lundi-27-juillet..jpg","contentUrl":"https:\/\/guineediversite.com\/wp-content\/uploads\/2020\/07\/La-zone-autour-de-la-Kaaba-est-pr\u00e9par\u00e9e-pour-accueillir-les-p\u00e8lerins-lundi-27-juillet..jpg","width":1500,"height":1124},{"@type":"BreadcrumbList","@id":"https:\/\/guineediversite.com\/index.php\/2020\/07\/29\/a-la-mecque-un-pelerinage-fortement-reduit-pour-raison-sanitaire\/#breadcrumb","itemListElement":[{"@type":"ListItem","position":1,"name":"Accueil","item":"https:\/\/guineediversite.com\/"},{"@type":"ListItem","position":2,"name":"A La Mecque, un p\u00e8lerinage fortement r\u00e9duit pour raison sanitaire"}]},{"@type":"WebSite","@id":"https:\/\/guineediversite.com\/#website","url":"https:\/\/guineediversite.com\/","name":"Guin\u00e9e Diversit\u00e9","description":"L&#039;Info dans toute sa diversit\u00e9","publisher":{"@id":"https:\/\/guineediversite.com\/#organization"},"potentialAction":[{"@type":"SearchAction","target":{"@type":"EntryPoint","urlTemplate":"https:\/\/guineediversite.com\/?s={search_term_string}"},"query-input":{"@type":"PropertyValueSpecification","valueRequired":true,"valueName":"search_term_string"}}],"inLanguage":"fr-FR"},{"@type":"Organization","@id":"https:\/\/guineediversite.com\/#organization","name":"Guin\u00e9e Diversit\u00e9","url":"https:\/\/guineediversite.com\/","logo":{"@type":"ImageObject","inLanguage":"fr-FR","@id":"https:\/\/guineediversite.com\/#\/schema\/logo\/image\/","url":"https:\/\/guineediversite.com\/wp-content\/uploads\/2017\/04\/cropped-1jojlxEOMkX9Wyqfhe43D6kjPOGqBBKmx3EwWJqZ0cMrFF54yM49.png","contentUrl":"https:\/\/guineediversite.com\/wp-content\/uploads\/2017\/04\/cropped-1jojlxEOMkX9Wyqfhe43D6kjPOGqBBKmx3EwWJqZ0cMrFF54yM49.png","width":186,"height":112,"caption":"Guin\u00e9e Diversit\u00e9"},"image":{"@id":"https:\/\/guineediversite.com\/#\/schema\/logo\/image\/"},"sameAs":["https:\/\/www.facebook.com\/guineediversite\/","https:\/\/x.com\/GuineeDiversite","https:\/\/www.youtube.com\/channel\/UC8sUY16qelG5ge6_D5SB83g"]},{"@type":"Person","@id":"https:\/\/guineediversite.com\/#\/schema\/person\/afa08fb34e7fc6e1feafc892612bc836","name":"Guin\u00e9e Diversit\u00e9","image":{"@type":"ImageObject","inLanguage":"fr-FR","@id":"https:\/\/guineediversite.com\/#\/schema\/person\/image\/","url":"https:\/\/secure.gravatar.com\/avatar\/50d5eb5b390f8b65ac30ac6f898eb83a?s=96&d=mm&r=g","contentUrl":"https:\/\/secure.gravatar.com\/avatar\/50d5eb5b390f8b65ac30ac6f898eb83a?s=96&d=mm&r=g","caption":"Guin\u00e9e Diversit\u00e9"},"url":"https:\/\/guineediversite.com\/index.php\/author\/guineediversite\/"}]}},"_links":{"self":[{"href":"https:\/\/guineediversite.com\/index.php\/wp-json\/wp\/v2\/posts\/30256"}],"collection":[{"href":"https:\/\/guineediversite.com\/index.php\/wp-json\/wp\/v2\/posts"}],"about":[{"href":"https:\/\/guineediversite.com\/index.php\/wp-json\/wp\/v2\/types\/post"}],"author":[{"embeddable":true,"href":"https:\/\/guineediversite.com\/index.php\/wp-json\/wp\/v2\/users\/12"}],"replies":[{"embeddable":true,"href":"https:\/\/guineediversite.com\/index.php\/wp-json\/wp\/v2\/comments?post=30256"}],"version-history":[{"count":1,"href":"https:\/\/guineediversite.com\/index.php\/wp-json\/wp\/v2\/posts\/30256\/revisions"}],"predecessor-version":[{"id":30258,"href":"https:\/\/guineediversite.com\/index.php\/wp-json\/wp\/v2\/posts\/30256\/revisions\/30258"}],"wp:featuredmedia":[{"embeddable":true,"href":"https:\/\/guineediversite.com\/index.php\/wp-json\/wp\/v2\/media\/30257"}],"wp:attachment":[{"href":"https:\/\/guineediversite.com\/index.php\/wp-json\/wp\/v2\/media?parent=30256"}],"wp:term":[{"taxonomy":"category","embeddable":true,"href":"https:\/\/guineediversite.com\/index.php\/wp-json\/wp\/v2\/categories?post=30256"},{"taxonomy":"post_tag","embeddable":true,"href":"https:\/\/guineediversite.com\/index.php\/wp-json\/wp\/v2\/tags?post=30256"}],"curies":[{"name":"wp","href":"https:\/\/api.w.org\/{rel}","templated":true}]}}