{"id":30247,"date":"2020-07-28T14:15:51","date_gmt":"2020-07-28T12:15:51","guid":{"rendered":"https:\/\/guineediversite.com\/?p=30247"},"modified":"2020-07-28T14:15:51","modified_gmt":"2020-07-28T12:15:51","slug":"mali-le-m5-rfp-repond-aux-chefs-detat-de-la-cedeao-communique","status":"publish","type":"post","link":"https:\/\/guineediversite.com\/index.php\/2020\/07\/28\/mali-le-m5-rfp-repond-aux-chefs-detat-de-la-cedeao-communique\/","title":{"rendered":"Mali : Le M5-RFP r\u00e9pond aux chefs d\u2019\u00c9tat de la CEDEAO (Communiqu\u00e9)"},"content":{"rendered":"<p>Le Mouvement du 5 Juin \u2013 Rassemblement des Forces Patriotiques (M5-RFP) a appris avec \u00e9tonnement les conclusions du Sommet extraordinaire de la Conf\u00e9rence des Chef d\u2019Etat et de Gouvernement de la CEDEAO tenu ce 27 juillet 2020, lequel \u00e0 l\u2019instar de la Mission conduite par M. Goodluck Jonathan, continue de ramener la crise sociopolitique au Mali \u00e0 un simple contentieux \u00e9lectoral du deuxi\u00e8me tour du scrutin l\u00e9gislatif. Aussi, les d\u00e9cisions \u00ab instamment \u00bb prises par le Sommet r\u00e9it\u00e8rent aussi \u00ab la d\u00e9mission imm\u00e9diate des 31 d\u00e9put\u00e9s contest\u00e9s, la recomposition rapide de la Cour Constitutionnelle, la mise en place rapide d\u2019un Gouvernement d\u2019union nationale, ainsi que la mise en place rapide d\u2019une commission d\u2019enqu\u00eate \u00bb pour situer les responsabilit\u00e9s dans les cas de d\u00e9c\u00e8s, de bless\u00e9s et destructions des biens, et la mise en place d\u2019un Comit\u00e9 de Suivi de toutes les mesures prises.<\/p>\n<p>Par ailleurs, le Sommet a cru bon d\u2019insister sur la mise en place par la CEDEAO \u00ab d\u2019un r\u00e9gime de sanctions contre ceux qui poseront des actes contraires au processus de normalisation de cette crise \u00bb. En fait, les d\u00e9cisions du Sommet des Chefs d\u2019Etat de la CEDEAO reposent sur des approximations tr\u00e8s improbables telles que la d\u00e9mission hypoth\u00e9tique de d\u00e9put\u00e9s dont l\u2019\u00e9lection est contest\u00e9e, l\u2019injonction faite \u00e0 M. Ibrahim Boubacar Ke\u00efta d\u2019user de pouvoirs exceptionnels constitutionnels pour une reconstitution au forceps de la Cour constitutionnelle, la composition partielle d\u2019un gouvernement, etc. Aussi, le M5-RFP constate, avec regret, que les conclusions du Sommet des Chefs d\u2019Etat ne tiennent pas compte de la profondeur et de la gravit\u00e9 de la crise sociopolitique qui hypoth\u00e8que l\u2019avenir du Mali, ne correspondent aucunement aux attentes et aspirations du Peuple malien et surtout violent les lois et la Constitution du Mali que respecte le Mouvement. Pourtant, les cons\u00e9quences catastrophiques de la mauvaise gouvernance de M. Ibrahim Boubacar Keita, les violations r\u00e9currentes de la Constitution de son fait et sous son magist\u00e8re, la confiscation des principes r\u00e9publicains garantissant l\u2019alternance d\u00e9mocratique, jurent avec la protection dont ses paires semblent le couvrir, en m\u00e9connaissance totale de l\u2019article 32 du Protocole A\/SP1\/12\/01 de la CEDEAO sur la d\u00e9mocratie et la bonne gouvernance disposant que : \u00ab Les Etats membres conviennent de ce que la bonne gouvernance (\u2026) est essentielle pour la pr\u00e9servation de la justice sociale, la pr\u00e9vention des conflits, la sauvegarde de la stabilit\u00e9 politique et de la paix et le renforcement de la d\u00e9mocratie \u00bb. A d\u00e9faut, une gamme de sanctions pr\u00e9vues aux articles 44 et suivants dudit Protocole frapperait l\u2019Etat contrevenant. Par ailleurs, des insinuations tentent de diluer les revendications populaires r\u00e9publicaines en brandissant l\u2019\u00e9pouvantail terroriste-islamiste et divertir le Peuple malien qui a, depuis des si\u00e8cles, opt\u00e9 pour la tol\u00e9rance religieuse, l\u2019islam choisi et la la\u00efcit\u00e9. Venant de M. Ibrahim Boubacar Ke\u00efta \u00e0 l\u2019endroit de l\u2019Imam Mahmoud Dicko, qui avait pourtant fortement infl\u00e9chi les revendications populaires \u00e0 son encontre, de telles insinuations rel\u00e8vent d\u2019une tentative d\u00e9sesp\u00e9r\u00e9e de noyer sa propre incapacit\u00e9 \u00e0 juguler une lancinante crise multidimensionnelle qu\u2019il a lui-m\u00eame fortement aggrav\u00e9e. Le M5-RFP, r\u00e9affirmant sa d\u00e9termination \u00e0 mener son combat pour sauver le Mali menac\u00e9 de disparition en tant qu\u2019Etat, Nation, D\u00e9mocratie et R\u00e9publique la\u00efque, exige plus que jamais la d\u00e9mission de M. Ibrahim Boubacar Ke\u00efta et de son r\u00e9gime qui portent l\u2019enti\u00e8re responsabilit\u00e9 de cette sinistre perspective pour notre Pays. Le M5-RFP r\u00e9it\u00e8re son exigence d\u2019actions judiciaires y compris devant la Cour p\u00e9nale internationale (CPI) contre les auteurs, commanditaires et complices des tueries et exactions commises contre les manifestants \u00e0 mains nues par les Forces sp\u00e9ciales antiterroristes (FORSAT), tant \u00e0 Sikasso qu\u2019\u00e0 Bamako, dans les rues, domiciles et lieux de culte, et sa demande de lib\u00e9ration de l\u2019Honorable Souma\u00efla Ciss\u00e9, Chef de file de l\u2019opposition. Le Peuple malien demeurera mobilis\u00e9 et d\u00e9termin\u00e9 pour la mise en \u0153uvre de son droit constitutionnel \u00e0 la d\u00e9sob\u00e9issance civile, sur l\u2019ensemble du territoire national et dans la Diaspora, jusqu\u2019\u00e0 l\u2019aboutissement de son combat patriotique pour la restauration d\u2019un Mali d\u00e9mocratique, r\u00e9publicain et la\u00efc, dot\u00e9 d\u2019une gouvernance responsable et vertueuse.<\/p>\n<p><strong>Bamako, le 27 Juillet 2020 Pour le M5-RFP Choguel K. MAIGA<\/strong><\/p>\n","protected":false},"excerpt":{"rendered":"<p>Le Mouvement du 5 Juin \u2013 Rassemblement des Forces Patriotiques (M5-RFP) a appris avec \u00e9tonnement les conclusions du Sommet extraordinaire de la Conf\u00e9rence des Chef d\u2019Etat et de Gouvernement de la CEDEAO tenu ce 27 juillet 2020, lequel \u00e0 l\u2019instar de la Mission conduite par M. Goodluck Jonathan, continue de ramener la crise sociopolitique au [&hellip;]<\/p>\n","protected":false},"author":12,"featured_media":30248,"comment_status":"closed","ping_status":"open","sticky":false,"template":"","format":"standard","meta":{"_exactmetrics_skip_tracking":false,"_exactmetrics_sitenote_active":false,"_exactmetrics_sitenote_note":"","_exactmetrics_sitenote_category":0,"tdm_status":"","tdm_grid_status":"","footnotes":""},"categories":[254,21],"tags":[],"class_list":{"0":"post-30247","1":"post","2":"type-post","3":"status-publish","4":"format-standard","5":"has-post-thumbnail","7":"category-derniere-minute","8":"category-international"},"yoast_head":"<!-- This site is optimized with the Yoast SEO plugin v24.2 - https:\/\/yoast.com\/wordpress\/plugins\/seo\/ -->\n<title>Mali : Le M5-RFP r\u00e9pond aux chefs d\u2019\u00c9tat de la CEDEAO (Communiqu\u00e9) | Guin\u00e9e Diversit\u00e9<\/title>\n<meta name=\"robots\" content=\"index, follow, max-snippet:-1, max-image-preview:large, max-video-preview:-1\" \/>\n<link rel=\"canonical\" href=\"https:\/\/guineediversite.com\/index.php\/2020\/07\/28\/mali-le-m5-rfp-repond-aux-chefs-detat-de-la-cedeao-communique\/\" \/>\n<meta property=\"og:locale\" content=\"fr_FR\" \/>\n<meta property=\"og:type\" content=\"article\" \/>\n<meta property=\"og:title\" content=\"Mali : Le M5-RFP r\u00e9pond aux chefs d\u2019\u00c9tat de la CEDEAO (Communiqu\u00e9) | Guin\u00e9e Diversit\u00e9\" \/>\n<meta property=\"og:description\" content=\"Le Mouvement du 5 Juin \u2013 Rassemblement des Forces Patriotiques (M5-RFP) a appris avec \u00e9tonnement les conclusions du Sommet extraordinaire de la Conf\u00e9rence des Chef d\u2019Etat et de Gouvernement de la CEDEAO tenu ce 27 juillet 2020, lequel \u00e0 l\u2019instar de la Mission conduite par M. Goodluck Jonathan, continue de ramener la crise sociopolitique au [&hellip;]\" \/>\n<meta property=\"og:url\" content=\"https:\/\/guineediversite.com\/index.php\/2020\/07\/28\/mali-le-m5-rfp-repond-aux-chefs-detat-de-la-cedeao-communique\/\" \/>\n<meta property=\"og:site_name\" content=\"Guin\u00e9e Diversit\u00e9\" \/>\n<meta property=\"article:publisher\" content=\"https:\/\/www.facebook.com\/guineediversite\/\" \/>\n<meta property=\"article:published_time\" content=\"2020-07-28T12:15:51+00:00\" \/>\n<meta property=\"og:image\" content=\"https:\/\/guineediversite.com\/wp-content\/uploads\/2020\/07\/LE-M5-RFP-MALI.jpg\" \/>\n\t<meta property=\"og:image:width\" content=\"1500\" \/>\n\t<meta property=\"og:image:height\" content=\"843\" \/>\n\t<meta property=\"og:image:type\" content=\"image\/jpeg\" \/>\n<meta name=\"author\" content=\"Guin\u00e9e Diversit\u00e9\" \/>\n<meta name=\"twitter:card\" content=\"summary_large_image\" \/>\n<meta name=\"twitter:creator\" content=\"@GuineeDiversite\" \/>\n<meta name=\"twitter:site\" content=\"@GuineeDiversite\" \/>\n<meta name=\"twitter:label1\" content=\"\u00c9crit par\" \/>\n\t<meta name=\"twitter:data1\" content=\"Guin\u00e9e Diversit\u00e9\" \/>\n\t<meta name=\"twitter:label2\" content=\"Dur\u00e9e de lecture estim\u00e9e\" \/>\n\t<meta name=\"twitter:data2\" content=\"4 minutes\" \/>\n<script type=\"application\/ld+json\" class=\"yoast-schema-graph\">{\"@context\":\"https:\/\/schema.org\",\"@graph\":[{\"@type\":\"Article\",\"@id\":\"https:\/\/guineediversite.com\/index.php\/2020\/07\/28\/mali-le-m5-rfp-repond-aux-chefs-detat-de-la-cedeao-communique\/#article\",\"isPartOf\":{\"@id\":\"https:\/\/guineediversite.com\/index.php\/2020\/07\/28\/mali-le-m5-rfp-repond-aux-chefs-detat-de-la-cedeao-communique\/\"},\"author\":{\"name\":\"Guin\u00e9e Diversit\u00e9\",\"@id\":\"https:\/\/guineediversite.com\/#\/schema\/person\/afa08fb34e7fc6e1feafc892612bc836\"},\"headline\":\"Mali : Le M5-RFP r\u00e9pond aux chefs d\u2019\u00c9tat de la CEDEAO (Communiqu\u00e9)\",\"datePublished\":\"2020-07-28T12:15:51+00:00\",\"dateModified\":\"2020-07-28T12:15:51+00:00\",\"mainEntityOfPage\":{\"@id\":\"https:\/\/guineediversite.com\/index.php\/2020\/07\/28\/mali-le-m5-rfp-repond-aux-chefs-detat-de-la-cedeao-communique\/\"},\"wordCount\":771,\"publisher\":{\"@id\":\"https:\/\/guineediversite.com\/#organization\"},\"image\":{\"@id\":\"https:\/\/guineediversite.com\/index.php\/2020\/07\/28\/mali-le-m5-rfp-repond-aux-chefs-detat-de-la-cedeao-communique\/#primaryimage\"},\"thumbnailUrl\":\"https:\/\/guineediversite.com\/wp-content\/uploads\/2020\/07\/LE-M5-RFP-MALI.jpg\",\"articleSection\":[\"Derni\u00e8re minute\",\"International\"],\"inLanguage\":\"fr-FR\"},{\"@type\":\"WebPage\",\"@id\":\"https:\/\/guineediversite.com\/index.php\/2020\/07\/28\/mali-le-m5-rfp-repond-aux-chefs-detat-de-la-cedeao-communique\/\",\"url\":\"https:\/\/guineediversite.com\/index.php\/2020\/07\/28\/mali-le-m5-rfp-repond-aux-chefs-detat-de-la-cedeao-communique\/\",\"name\":\"Mali : Le M5-RFP r\u00e9pond aux chefs d\u2019\u00c9tat de la CEDEAO (Communiqu\u00e9) | Guin\u00e9e Diversit\u00e9\",\"isPartOf\":{\"@id\":\"https:\/\/guineediversite.com\/#website\"},\"primaryImageOfPage\":{\"@id\":\"https:\/\/guineediversite.com\/index.php\/2020\/07\/28\/mali-le-m5-rfp-repond-aux-chefs-detat-de-la-cedeao-communique\/#primaryimage\"},\"image\":{\"@id\":\"https:\/\/guineediversite.com\/index.php\/2020\/07\/28\/mali-le-m5-rfp-repond-aux-chefs-detat-de-la-cedeao-communique\/#primaryimage\"},\"thumbnailUrl\":\"https:\/\/guineediversite.com\/wp-content\/uploads\/2020\/07\/LE-M5-RFP-MALI.jpg\",\"datePublished\":\"2020-07-28T12:15:51+00:00\",\"dateModified\":\"2020-07-28T12:15:51+00:00\",\"breadcrumb\":{\"@id\":\"https:\/\/guineediversite.com\/index.php\/2020\/07\/28\/mali-le-m5-rfp-repond-aux-chefs-detat-de-la-cedeao-communique\/#breadcrumb\"},\"inLanguage\":\"fr-FR\",\"potentialAction\":[{\"@type\":\"ReadAction\",\"target\":[\"https:\/\/guineediversite.com\/index.php\/2020\/07\/28\/mali-le-m5-rfp-repond-aux-chefs-detat-de-la-cedeao-communique\/\"]}]},{\"@type\":\"ImageObject\",\"inLanguage\":\"fr-FR\",\"@id\":\"https:\/\/guineediversite.com\/index.php\/2020\/07\/28\/mali-le-m5-rfp-repond-aux-chefs-detat-de-la-cedeao-communique\/#primaryimage\",\"url\":\"https:\/\/guineediversite.com\/wp-content\/uploads\/2020\/07\/LE-M5-RFP-MALI.jpg\",\"contentUrl\":\"https:\/\/guineediversite.com\/wp-content\/uploads\/2020\/07\/LE-M5-RFP-MALI.jpg\",\"width\":1500,\"height\":843},{\"@type\":\"BreadcrumbList\",\"@id\":\"https:\/\/guineediversite.com\/index.php\/2020\/07\/28\/mali-le-m5-rfp-repond-aux-chefs-detat-de-la-cedeao-communique\/#breadcrumb\",\"itemListElement\":[{\"@type\":\"ListItem\",\"position\":1,\"name\":\"Accueil\",\"item\":\"https:\/\/guineediversite.com\/\"},{\"@type\":\"ListItem\",\"position\":2,\"name\":\"Mali : Le M5-RFP r\u00e9pond aux chefs d\u2019\u00c9tat de la CEDEAO (Communiqu\u00e9)\"}]},{\"@type\":\"WebSite\",\"@id\":\"https:\/\/guineediversite.com\/#website\",\"url\":\"https:\/\/guineediversite.com\/\",\"name\":\"Guin\u00e9e Diversit\u00e9\",\"description\":\"L&#039;Info dans toute sa diversit\u00e9\",\"publisher\":{\"@id\":\"https:\/\/guineediversite.com\/#organization\"},\"potentialAction\":[{\"@type\":\"SearchAction\",\"target\":{\"@type\":\"EntryPoint\",\"urlTemplate\":\"https:\/\/guineediversite.com\/?s={search_term_string}\"},\"query-input\":{\"@type\":\"PropertyValueSpecification\",\"valueRequired\":true,\"valueName\":\"search_term_string\"}}],\"inLanguage\":\"fr-FR\"},{\"@type\":\"Organization\",\"@id\":\"https:\/\/guineediversite.com\/#organization\",\"name\":\"Guin\u00e9e Diversit\u00e9\",\"url\":\"https:\/\/guineediversite.com\/\",\"logo\":{\"@type\":\"ImageObject\",\"inLanguage\":\"fr-FR\",\"@id\":\"https:\/\/guineediversite.com\/#\/schema\/logo\/image\/\",\"url\":\"https:\/\/guineediversite.com\/wp-content\/uploads\/2017\/04\/cropped-1jojlxEOMkX9Wyqfhe43D6kjPOGqBBKmx3EwWJqZ0cMrFF54yM49.png\",\"contentUrl\":\"https:\/\/guineediversite.com\/wp-content\/uploads\/2017\/04\/cropped-1jojlxEOMkX9Wyqfhe43D6kjPOGqBBKmx3EwWJqZ0cMrFF54yM49.png\",\"width\":186,\"height\":112,\"caption\":\"Guin\u00e9e Diversit\u00e9\"},\"image\":{\"@id\":\"https:\/\/guineediversite.com\/#\/schema\/logo\/image\/\"},\"sameAs\":[\"https:\/\/www.facebook.com\/guineediversite\/\",\"https:\/\/x.com\/GuineeDiversite\",\"https:\/\/www.youtube.com\/channel\/UC8sUY16qelG5ge6_D5SB83g\"]},{\"@type\":\"Person\",\"@id\":\"https:\/\/guineediversite.com\/#\/schema\/person\/afa08fb34e7fc6e1feafc892612bc836\",\"name\":\"Guin\u00e9e Diversit\u00e9\",\"image\":{\"@type\":\"ImageObject\",\"inLanguage\":\"fr-FR\",\"@id\":\"https:\/\/guineediversite.com\/#\/schema\/person\/image\/\",\"url\":\"https:\/\/secure.gravatar.com\/avatar\/50d5eb5b390f8b65ac30ac6f898eb83a?s=96&d=mm&r=g\",\"contentUrl\":\"https:\/\/secure.gravatar.com\/avatar\/50d5eb5b390f8b65ac30ac6f898eb83a?s=96&d=mm&r=g\",\"caption\":\"Guin\u00e9e Diversit\u00e9\"},\"url\":\"https:\/\/guineediversite.com\/index.php\/author\/guineediversite\/\"}]}<\/script>\n<!-- \/ Yoast SEO plugin. -->","yoast_head_json":{"title":"Mali : Le M5-RFP r\u00e9pond aux chefs d\u2019\u00c9tat de la CEDEAO (Communiqu\u00e9) | Guin\u00e9e Diversit\u00e9","robots":{"index":"index","follow":"follow","max-snippet":"max-snippet:-1","max-image-preview":"max-image-preview:large","max-video-preview":"max-video-preview:-1"},"canonical":"https:\/\/guineediversite.com\/index.php\/2020\/07\/28\/mali-le-m5-rfp-repond-aux-chefs-detat-de-la-cedeao-communique\/","og_locale":"fr_FR","og_type":"article","og_title":"Mali : Le M5-RFP r\u00e9pond aux chefs d\u2019\u00c9tat de la CEDEAO (Communiqu\u00e9) | Guin\u00e9e Diversit\u00e9","og_description":"Le Mouvement du 5 Juin \u2013 Rassemblement des Forces Patriotiques (M5-RFP) a appris avec \u00e9tonnement les conclusions du Sommet extraordinaire de la Conf\u00e9rence des Chef d\u2019Etat et de Gouvernement de la CEDEAO tenu ce 27 juillet 2020, lequel \u00e0 l\u2019instar de la Mission conduite par M. Goodluck Jonathan, continue de ramener la crise sociopolitique au [&hellip;]","og_url":"https:\/\/guineediversite.com\/index.php\/2020\/07\/28\/mali-le-m5-rfp-repond-aux-chefs-detat-de-la-cedeao-communique\/","og_site_name":"Guin\u00e9e Diversit\u00e9","article_publisher":"https:\/\/www.facebook.com\/guineediversite\/","article_published_time":"2020-07-28T12:15:51+00:00","og_image":[{"width":1500,"height":843,"url":"https:\/\/guineediversite.com\/wp-content\/uploads\/2020\/07\/LE-M5-RFP-MALI.jpg","type":"image\/jpeg"}],"author":"Guin\u00e9e Diversit\u00e9","twitter_card":"summary_large_image","twitter_creator":"@GuineeDiversite","twitter_site":"@GuineeDiversite","twitter_misc":{"\u00c9crit par":"Guin\u00e9e Diversit\u00e9","Dur\u00e9e de lecture estim\u00e9e":"4 minutes"},"schema":{"@context":"https:\/\/schema.org","@graph":[{"@type":"Article","@id":"https:\/\/guineediversite.com\/index.php\/2020\/07\/28\/mali-le-m5-rfp-repond-aux-chefs-detat-de-la-cedeao-communique\/#article","isPartOf":{"@id":"https:\/\/guineediversite.com\/index.php\/2020\/07\/28\/mali-le-m5-rfp-repond-aux-chefs-detat-de-la-cedeao-communique\/"},"author":{"name":"Guin\u00e9e Diversit\u00e9","@id":"https:\/\/guineediversite.com\/#\/schema\/person\/afa08fb34e7fc6e1feafc892612bc836"},"headline":"Mali : Le M5-RFP r\u00e9pond aux chefs d\u2019\u00c9tat de la CEDEAO (Communiqu\u00e9)","datePublished":"2020-07-28T12:15:51+00:00","dateModified":"2020-07-28T12:15:51+00:00","mainEntityOfPage":{"@id":"https:\/\/guineediversite.com\/index.php\/2020\/07\/28\/mali-le-m5-rfp-repond-aux-chefs-detat-de-la-cedeao-communique\/"},"wordCount":771,"publisher":{"@id":"https:\/\/guineediversite.com\/#organization"},"image":{"@id":"https:\/\/guineediversite.com\/index.php\/2020\/07\/28\/mali-le-m5-rfp-repond-aux-chefs-detat-de-la-cedeao-communique\/#primaryimage"},"thumbnailUrl":"https:\/\/guineediversite.com\/wp-content\/uploads\/2020\/07\/LE-M5-RFP-MALI.jpg","articleSection":["Derni\u00e8re minute","International"],"inLanguage":"fr-FR"},{"@type":"WebPage","@id":"https:\/\/guineediversite.com\/index.php\/2020\/07\/28\/mali-le-m5-rfp-repond-aux-chefs-detat-de-la-cedeao-communique\/","url":"https:\/\/guineediversite.com\/index.php\/2020\/07\/28\/mali-le-m5-rfp-repond-aux-chefs-detat-de-la-cedeao-communique\/","name":"Mali : Le M5-RFP r\u00e9pond aux chefs d\u2019\u00c9tat de la CEDEAO (Communiqu\u00e9) | Guin\u00e9e Diversit\u00e9","isPartOf":{"@id":"https:\/\/guineediversite.com\/#website"},"primaryImageOfPage":{"@id":"https:\/\/guineediversite.com\/index.php\/2020\/07\/28\/mali-le-m5-rfp-repond-aux-chefs-detat-de-la-cedeao-communique\/#primaryimage"},"image":{"@id":"https:\/\/guineediversite.com\/index.php\/2020\/07\/28\/mali-le-m5-rfp-repond-aux-chefs-detat-de-la-cedeao-communique\/#primaryimage"},"thumbnailUrl":"https:\/\/guineediversite.com\/wp-content\/uploads\/2020\/07\/LE-M5-RFP-MALI.jpg","datePublished":"2020-07-28T12:15:51+00:00","dateModified":"2020-07-28T12:15:51+00:00","breadcrumb":{"@id":"https:\/\/guineediversite.com\/index.php\/2020\/07\/28\/mali-le-m5-rfp-repond-aux-chefs-detat-de-la-cedeao-communique\/#breadcrumb"},"inLanguage":"fr-FR","potentialAction":[{"@type":"ReadAction","target":["https:\/\/guineediversite.com\/index.php\/2020\/07\/28\/mali-le-m5-rfp-repond-aux-chefs-detat-de-la-cedeao-communique\/"]}]},{"@type":"ImageObject","inLanguage":"fr-FR","@id":"https:\/\/guineediversite.com\/index.php\/2020\/07\/28\/mali-le-m5-rfp-repond-aux-chefs-detat-de-la-cedeao-communique\/#primaryimage","url":"https:\/\/guineediversite.com\/wp-content\/uploads\/2020\/07\/LE-M5-RFP-MALI.jpg","contentUrl":"https:\/\/guineediversite.com\/wp-content\/uploads\/2020\/07\/LE-M5-RFP-MALI.jpg","width":1500,"height":843},{"@type":"BreadcrumbList","@id":"https:\/\/guineediversite.com\/index.php\/2020\/07\/28\/mali-le-m5-rfp-repond-aux-chefs-detat-de-la-cedeao-communique\/#breadcrumb","itemListElement":[{"@type":"ListItem","position":1,"name":"Accueil","item":"https:\/\/guineediversite.com\/"},{"@type":"ListItem","position":2,"name":"Mali : Le M5-RFP r\u00e9pond aux chefs d\u2019\u00c9tat de la CEDEAO (Communiqu\u00e9)"}]},{"@type":"WebSite","@id":"https:\/\/guineediversite.com\/#website","url":"https:\/\/guineediversite.com\/","name":"Guin\u00e9e Diversit\u00e9","description":"L&#039;Info dans toute sa diversit\u00e9","publisher":{"@id":"https:\/\/guineediversite.com\/#organization"},"potentialAction":[{"@type":"SearchAction","target":{"@type":"EntryPoint","urlTemplate":"https:\/\/guineediversite.com\/?s={search_term_string}"},"query-input":{"@type":"PropertyValueSpecification","valueRequired":true,"valueName":"search_term_string"}}],"inLanguage":"fr-FR"},{"@type":"Organization","@id":"https:\/\/guineediversite.com\/#organization","name":"Guin\u00e9e Diversit\u00e9","url":"https:\/\/guineediversite.com\/","logo":{"@type":"ImageObject","inLanguage":"fr-FR","@id":"https:\/\/guineediversite.com\/#\/schema\/logo\/image\/","url":"https:\/\/guineediversite.com\/wp-content\/uploads\/2017\/04\/cropped-1jojlxEOMkX9Wyqfhe43D6kjPOGqBBKmx3EwWJqZ0cMrFF54yM49.png","contentUrl":"https:\/\/guineediversite.com\/wp-content\/uploads\/2017\/04\/cropped-1jojlxEOMkX9Wyqfhe43D6kjPOGqBBKmx3EwWJqZ0cMrFF54yM49.png","width":186,"height":112,"caption":"Guin\u00e9e Diversit\u00e9"},"image":{"@id":"https:\/\/guineediversite.com\/#\/schema\/logo\/image\/"},"sameAs":["https:\/\/www.facebook.com\/guineediversite\/","https:\/\/x.com\/GuineeDiversite","https:\/\/www.youtube.com\/channel\/UC8sUY16qelG5ge6_D5SB83g"]},{"@type":"Person","@id":"https:\/\/guineediversite.com\/#\/schema\/person\/afa08fb34e7fc6e1feafc892612bc836","name":"Guin\u00e9e Diversit\u00e9","image":{"@type":"ImageObject","inLanguage":"fr-FR","@id":"https:\/\/guineediversite.com\/#\/schema\/person\/image\/","url":"https:\/\/secure.gravatar.com\/avatar\/50d5eb5b390f8b65ac30ac6f898eb83a?s=96&d=mm&r=g","contentUrl":"https:\/\/secure.gravatar.com\/avatar\/50d5eb5b390f8b65ac30ac6f898eb83a?s=96&d=mm&r=g","caption":"Guin\u00e9e Diversit\u00e9"},"url":"https:\/\/guineediversite.com\/index.php\/author\/guineediversite\/"}]}},"_links":{"self":[{"href":"https:\/\/guineediversite.com\/index.php\/wp-json\/wp\/v2\/posts\/30247"}],"collection":[{"href":"https:\/\/guineediversite.com\/index.php\/wp-json\/wp\/v2\/posts"}],"about":[{"href":"https:\/\/guineediversite.com\/index.php\/wp-json\/wp\/v2\/types\/post"}],"author":[{"embeddable":true,"href":"https:\/\/guineediversite.com\/index.php\/wp-json\/wp\/v2\/users\/12"}],"replies":[{"embeddable":true,"href":"https:\/\/guineediversite.com\/index.php\/wp-json\/wp\/v2\/comments?post=30247"}],"version-history":[{"count":1,"href":"https:\/\/guineediversite.com\/index.php\/wp-json\/wp\/v2\/posts\/30247\/revisions"}],"predecessor-version":[{"id":30249,"href":"https:\/\/guineediversite.com\/index.php\/wp-json\/wp\/v2\/posts\/30247\/revisions\/30249"}],"wp:featuredmedia":[{"embeddable":true,"href":"https:\/\/guineediversite.com\/index.php\/wp-json\/wp\/v2\/media\/30248"}],"wp:attachment":[{"href":"https:\/\/guineediversite.com\/index.php\/wp-json\/wp\/v2\/media?parent=30247"}],"wp:term":[{"taxonomy":"category","embeddable":true,"href":"https:\/\/guineediversite.com\/index.php\/wp-json\/wp\/v2\/categories?post=30247"},{"taxonomy":"post_tag","embeddable":true,"href":"https:\/\/guineediversite.com\/index.php\/wp-json\/wp\/v2\/tags?post=30247"}],"curies":[{"name":"wp","href":"https:\/\/api.w.org\/{rel}","templated":true}]}}