{"id":30244,"date":"2020-07-28T14:08:26","date_gmt":"2020-07-28T12:08:26","guid":{"rendered":"https:\/\/guineediversite.com\/?p=30244"},"modified":"2020-07-28T14:08:26","modified_gmt":"2020-07-28T12:08:26","slug":"crise-au-mali-la-cedeao-recommande-le-depart-des-31-deputes-contestes","status":"publish","type":"post","link":"https:\/\/guineediversite.com\/index.php\/2020\/07\/28\/crise-au-mali-la-cedeao-recommande-le-depart-des-31-deputes-contestes\/","title":{"rendered":"Crise au Mali: la C\u00e9d\u00e9ao recommande le d\u00e9part des 31 d\u00e9put\u00e9s contest\u00e9s"},"content":{"rendered":"<p>Les chefs d&rsquo;\u00c9tat de la C\u00e9d\u00e9ao se sont de nouveau mobilis\u00e9s autour de la situation au Mali, en sommet virtuel, pour trouver des solutions durables \u00e0 la crise malienne. L&rsquo;organisation r\u00e9gionale menace de sanctions les opposants \u00e0 son plan de sortie de crise au Mali qui pr\u00e9voit notamment le maintien au pouvoir du pr\u00e9sident Ibrahim Boubacar Ke\u00efta. L&rsquo;opposition rejette pourtant les r\u00e9solutions de l&rsquo;organisation et pr\u00e9voit de mobiliser \u00e0 nouveau.<\/p>\n<p><a href=\"https:\/\/www.rfi.fr\/fr\/afrique\/20200727-sommet-extraordinaire-la-c\u00e9d\u00e9ao-tenter-sortir-le-mali-dune-crise-politique\"><strong>Pouvoir et opposition sont toujours en conflit ouvert au Mali.<\/strong><\/a> Le Mouvement du 5 juin (M5) ainsi que le Rassemblement des forces patriotiques continuent de r\u00e9clamer la d\u00e9mission du pr\u00e9sident Ibrahim Boubacar Ke\u00efta. La C\u00e9d\u00e9ao, dans cette conf\u00e9rence dirig\u00e9e par le pr\u00e9sident nig\u00e9rien, Mahamadou Issoufou, a pris d&rsquo;importantes d\u00e9cisions. D&rsquo;abord, la Communaut\u00e9 demande la d\u00e9mission des 31\u00a0d\u00e9put\u00e9s contest\u00e9s. Ensuite, les chefs d&rsquo;\u00c9tat \u00e9voquent des sanctions contre tous ceux qui tenteront d\u2019entraver le processus de normalisation.<\/p>\n<p>Deux heures de prise de parole et de d\u00e9bats des chefs de l\u2019\u00c9tat ont ainsi permis \u00e0 la C\u00e9d\u00e9ao de mettre en place un r\u00e9gime de sanctions contre tous ceux qui poseront des actes contraires au processus de normalisation de la crise malienne. Dans ses discussions avec ses pairs, le pr\u00e9sident malien, tr\u00e8s soutenu, n\u2019a pas manqu\u00e9 de qualifier les manifestations organis\u00e9es par l\u2019imam Dicko de \u00ab\u00a0<em>coup d\u2019\u00c9tat rampant<\/em>\u00a0\u00bb. Aussi, pour r\u00e9tablir la stabilit\u00e9 au Mali, les chefs d\u2019Etat ont demand\u00e9 la d\u00e9mission imm\u00e9diate des 31\u00a0d\u00e9put\u00e9s dont l\u2019\u00e9lection est contest\u00e9e y compris le pr\u00e9sident du Parlement,\u00a0Moussa Timbin\u00e9. Cette d\u00e9mission ouvrira, dit-on, la voie \u00e0 des \u00e9lections partielles.<\/p>\n<p>\u00c0 propos de la Cour constitutionnelle, les chefs d\u2019\u00c9tat ont demand\u00e9 qu&rsquo;elle soit recompos\u00e9e. En cas de difficult\u00e9s de nomination des membres de la Cour par les diff\u00e9rentes instances, le pr\u00e9sident malien pourra alors utiliser l\u2019article 50 de la Constitution pour nommer les neuf membres.<\/p>\n<p><strong>Gouvernement d&rsquo;union nationale<\/strong><\/p>\n<p>Par ailleurs, \u00e0 l\u2019unanimit\u00e9, les chefs d\u2019\u00c9tat ont recommand\u00e9 la mise en place d\u2019un gouvernement d\u2019union nationale. Ibrahim Boubacar Ke\u00efta a donc d\u00e9cid\u00e9 de constituer un gouvernement de six membres autour du Premier ministre Boubou Ciss\u00e9 &#8211; c&rsquo;est chose faite &#8211; et de lui confier la mission de n\u00e9gocier la formation d&rsquo;un gouvernement d&rsquo;union nationale, conform\u00e9ment aux recommandations de la C\u00e9d\u00e9ao.<\/p>\n<p>Dans l\u2019\u00e9quipe de Boubou Ciss\u00e9, trois ministres conservent leurs postes et trois sont nouveaux. Les portefeuilles des Affaires \u00e9trang\u00e8res, de la D\u00e9fense et de l\u2019Administration territoriale ne changent pas titulaire. En revanche, le ministre de la Justice est une nouvelle recrue\u00a0: ils&rsquo;agit de Me Kassoum Tapo. Ancien b\u00e2tonnier de l\u2019ordre des avocats du Mali, il a \u00e9t\u00e9 r\u00e9cemment en premi\u00e8re ligne pour d\u00e9fendre le pr\u00e9sident de la R\u00e9publique et pour porter la contradiction \u00e0 des membres de l\u2019opposition. Il remplace \u00e0 ce poste un autre avocat Me Malick Tour\u00e9. Homme populaire, r\u00e9put\u00e9 ind\u00e9pendant, ce dernier avait d\u00e9clench\u00e9 une lutte contre la corruption.<\/p>\n<p>Au minist\u00e8re de la S\u00e9curit\u00e9, un g\u00e9n\u00e9ral remplace un autre. M\u2019Bemba Moussa Keita est un ancien chef d\u2019\u00e9tat-major des arm\u00e9s. Il dirigeait jusque-l\u00e0 la r\u00e9forme du secteur de la s\u00e9curit\u00e9. Il arrive \u00e0 un moment, o\u00f9 une enqu\u00eate a \u00e9t\u00e9 ouverte apr\u00e8s <strong><a href=\"https:\/\/www.rfi.fr\/fr\/afrique\/20200715-mali-forces-anti-terroristes-soup\u00e7onn\u00e9es-d-ing\u00e9rence-les-manifestations\">une intervention d\u00e9cri\u00e9e des forces anti-terroristes<\/a><\/strong>, lors d\u2019une manifestation de l\u2019opposition. Le Premier ministre Boubou Ciss\u00e9 abandonne le portefeuille des Finances et de l\u2019\u00c9conomie. Le nouveau titulaire est un banquier \u00e0 la retraite, Abdoulaye Daff\u00e9. C\u2019est un proche d\u2019un chef religieux, le ch\u00e9rif de Nioro, lui-m\u00eame proche de l\u2019imam Mahmoud Dicko. Peut-\u00eatre une co\u00efncidence.<\/p>\n<p>Les questions de gouvernance ont \u00e9galement \u00e9t\u00e9 discut\u00e9es notamment la mise en \u0153uvre des accords d\u2019Alger et la mise en place rapide d\u2019une commission d\u2019enqu\u00eate sur les \u00e9v\u00e9nements du 10 au 12\u00a0juillet dernier. Un fonds de soutien au profit des bless\u00e9s et les familles des victimes est \u00e9galement pr\u00e9vu.<\/p>\n<p>Finalement, le pr\u00e9sident malien Ibrahim Boubacar Keita sort incontestablement renforc\u00e9 de la r\u00e9union extraordinaire des chefs d\u2019\u00c9tats de la C\u00e9d\u00e9ao. Ses pairs ne veulent plus du tout entendre parler de sa d\u00e9mission r\u00e9clam\u00e9e par l\u2019opposition. Enfin, dans la soir\u00e9e, le Conseil de s\u00e9curit\u00e9 de l&rsquo;ONU a appell\u00e9 \u00e0 suivre \u00ab\u00a0<em>sans d\u00e9lai<\/em>\u00a0\u00bb les recommandations de l&rsquo;Afrique de l&rsquo;Ouest.<\/p>\n<p>Mais tout n\u2019est pas pour autant r\u00e9gler. L\u2019opposition rejette les r\u00e9solutions de la conf\u00e9rence extraordinaire des chefs d\u2019\u00c9tat et annonce de nouvelles mobilisations.<\/p>\n<p><strong>RFI<\/strong><\/p>\n","protected":false},"excerpt":{"rendered":"<p>Les chefs d&rsquo;\u00c9tat de la C\u00e9d\u00e9ao se sont de nouveau mobilis\u00e9s autour de la situation au Mali, en sommet virtuel, pour trouver des solutions durables \u00e0 la crise malienne. L&rsquo;organisation r\u00e9gionale menace de sanctions les opposants \u00e0 son plan de sortie de crise au Mali qui pr\u00e9voit notamment le maintien au pouvoir du pr\u00e9sident Ibrahim [&hellip;]<\/p>\n","protected":false},"author":12,"featured_media":30245,"comment_status":"closed","ping_status":"open","sticky":false,"template":"","format":"standard","meta":{"_exactmetrics_skip_tracking":false,"_exactmetrics_sitenote_active":false,"_exactmetrics_sitenote_note":"","_exactmetrics_sitenote_category":0,"tdm_status":"","tdm_grid_status":"","footnotes":""},"categories":[21],"tags":[],"class_list":{"0":"post-30244","1":"post","2":"type-post","3":"status-publish","4":"format-standard","5":"has-post-thumbnail","7":"category-international"},"yoast_head":"<!-- This site is optimized with the Yoast SEO plugin v24.2 - https:\/\/yoast.com\/wordpress\/plugins\/seo\/ -->\n<title>Crise au Mali: la C\u00e9d\u00e9ao recommande le d\u00e9part des 31 d\u00e9put\u00e9s contest\u00e9s | Guin\u00e9e Diversit\u00e9<\/title>\n<meta name=\"robots\" content=\"index, follow, max-snippet:-1, max-image-preview:large, max-video-preview:-1\" \/>\n<link rel=\"canonical\" href=\"https:\/\/guineediversite.com\/index.php\/2020\/07\/28\/crise-au-mali-la-cedeao-recommande-le-depart-des-31-deputes-contestes\/\" \/>\n<meta property=\"og:locale\" content=\"fr_FR\" \/>\n<meta property=\"og:type\" content=\"article\" \/>\n<meta property=\"og:title\" content=\"Crise au Mali: la C\u00e9d\u00e9ao recommande le d\u00e9part des 31 d\u00e9put\u00e9s contest\u00e9s | Guin\u00e9e Diversit\u00e9\" \/>\n<meta property=\"og:description\" content=\"Les chefs d&rsquo;\u00c9tat de la C\u00e9d\u00e9ao se sont de nouveau mobilis\u00e9s autour de la situation au Mali, en sommet virtuel, pour trouver des solutions durables \u00e0 la crise malienne. L&rsquo;organisation r\u00e9gionale menace de sanctions les opposants \u00e0 son plan de sortie de crise au Mali qui pr\u00e9voit notamment le maintien au pouvoir du pr\u00e9sident Ibrahim [&hellip;]\" \/>\n<meta property=\"og:url\" content=\"https:\/\/guineediversite.com\/index.php\/2020\/07\/28\/crise-au-mali-la-cedeao-recommande-le-depart-des-31-deputes-contestes\/\" \/>\n<meta property=\"og:site_name\" content=\"Guin\u00e9e Diversit\u00e9\" \/>\n<meta property=\"article:publisher\" content=\"https:\/\/www.facebook.com\/guineediversite\/\" \/>\n<meta property=\"article:published_time\" content=\"2020-07-28T12:08:26+00:00\" \/>\n<meta property=\"og:image\" content=\"https:\/\/guineediversite.com\/wp-content\/uploads\/2020\/07\/Le-pr\u00e9sident-du-Niger-et-pr\u00e9sident-en-exercice-de-la-C\u00e9d\u00e9ao-Mahamadou-Issoufou-arrive-\u00e0-Bamako-au-Mali-le-23-juillet-2020..jpg\" \/>\n\t<meta property=\"og:image:width\" content=\"1500\" \/>\n\t<meta property=\"og:image:height\" content=\"840\" \/>\n\t<meta property=\"og:image:type\" content=\"image\/jpeg\" \/>\n<meta name=\"author\" content=\"Guin\u00e9e Diversit\u00e9\" \/>\n<meta name=\"twitter:card\" content=\"summary_large_image\" \/>\n<meta name=\"twitter:creator\" content=\"@GuineeDiversite\" \/>\n<meta name=\"twitter:site\" content=\"@GuineeDiversite\" \/>\n<meta name=\"twitter:label1\" content=\"\u00c9crit par\" \/>\n\t<meta name=\"twitter:data1\" content=\"Guin\u00e9e Diversit\u00e9\" \/>\n\t<meta name=\"twitter:label2\" content=\"Dur\u00e9e de lecture estim\u00e9e\" \/>\n\t<meta name=\"twitter:data2\" content=\"4 minutes\" \/>\n<script type=\"application\/ld+json\" class=\"yoast-schema-graph\">{\"@context\":\"https:\/\/schema.org\",\"@graph\":[{\"@type\":\"Article\",\"@id\":\"https:\/\/guineediversite.com\/index.php\/2020\/07\/28\/crise-au-mali-la-cedeao-recommande-le-depart-des-31-deputes-contestes\/#article\",\"isPartOf\":{\"@id\":\"https:\/\/guineediversite.com\/index.php\/2020\/07\/28\/crise-au-mali-la-cedeao-recommande-le-depart-des-31-deputes-contestes\/\"},\"author\":{\"name\":\"Guin\u00e9e Diversit\u00e9\",\"@id\":\"https:\/\/guineediversite.com\/#\/schema\/person\/afa08fb34e7fc6e1feafc892612bc836\"},\"headline\":\"Crise au Mali: la C\u00e9d\u00e9ao recommande le d\u00e9part des 31 d\u00e9put\u00e9s contest\u00e9s\",\"datePublished\":\"2020-07-28T12:08:26+00:00\",\"dateModified\":\"2020-07-28T12:08:26+00:00\",\"mainEntityOfPage\":{\"@id\":\"https:\/\/guineediversite.com\/index.php\/2020\/07\/28\/crise-au-mali-la-cedeao-recommande-le-depart-des-31-deputes-contestes\/\"},\"wordCount\":834,\"publisher\":{\"@id\":\"https:\/\/guineediversite.com\/#organization\"},\"image\":{\"@id\":\"https:\/\/guineediversite.com\/index.php\/2020\/07\/28\/crise-au-mali-la-cedeao-recommande-le-depart-des-31-deputes-contestes\/#primaryimage\"},\"thumbnailUrl\":\"https:\/\/guineediversite.com\/wp-content\/uploads\/2020\/07\/Le-pr\u00e9sident-du-Niger-et-pr\u00e9sident-en-exercice-de-la-C\u00e9d\u00e9ao-Mahamadou-Issoufou-arrive-\u00e0-Bamako-au-Mali-le-23-juillet-2020..jpg\",\"articleSection\":[\"International\"],\"inLanguage\":\"fr-FR\"},{\"@type\":\"WebPage\",\"@id\":\"https:\/\/guineediversite.com\/index.php\/2020\/07\/28\/crise-au-mali-la-cedeao-recommande-le-depart-des-31-deputes-contestes\/\",\"url\":\"https:\/\/guineediversite.com\/index.php\/2020\/07\/28\/crise-au-mali-la-cedeao-recommande-le-depart-des-31-deputes-contestes\/\",\"name\":\"Crise au Mali: la C\u00e9d\u00e9ao recommande le d\u00e9part des 31 d\u00e9put\u00e9s contest\u00e9s | Guin\u00e9e Diversit\u00e9\",\"isPartOf\":{\"@id\":\"https:\/\/guineediversite.com\/#website\"},\"primaryImageOfPage\":{\"@id\":\"https:\/\/guineediversite.com\/index.php\/2020\/07\/28\/crise-au-mali-la-cedeao-recommande-le-depart-des-31-deputes-contestes\/#primaryimage\"},\"image\":{\"@id\":\"https:\/\/guineediversite.com\/index.php\/2020\/07\/28\/crise-au-mali-la-cedeao-recommande-le-depart-des-31-deputes-contestes\/#primaryimage\"},\"thumbnailUrl\":\"https:\/\/guineediversite.com\/wp-content\/uploads\/2020\/07\/Le-pr\u00e9sident-du-Niger-et-pr\u00e9sident-en-exercice-de-la-C\u00e9d\u00e9ao-Mahamadou-Issoufou-arrive-\u00e0-Bamako-au-Mali-le-23-juillet-2020..jpg\",\"datePublished\":\"2020-07-28T12:08:26+00:00\",\"dateModified\":\"2020-07-28T12:08:26+00:00\",\"breadcrumb\":{\"@id\":\"https:\/\/guineediversite.com\/index.php\/2020\/07\/28\/crise-au-mali-la-cedeao-recommande-le-depart-des-31-deputes-contestes\/#breadcrumb\"},\"inLanguage\":\"fr-FR\",\"potentialAction\":[{\"@type\":\"ReadAction\",\"target\":[\"https:\/\/guineediversite.com\/index.php\/2020\/07\/28\/crise-au-mali-la-cedeao-recommande-le-depart-des-31-deputes-contestes\/\"]}]},{\"@type\":\"ImageObject\",\"inLanguage\":\"fr-FR\",\"@id\":\"https:\/\/guineediversite.com\/index.php\/2020\/07\/28\/crise-au-mali-la-cedeao-recommande-le-depart-des-31-deputes-contestes\/#primaryimage\",\"url\":\"https:\/\/guineediversite.com\/wp-content\/uploads\/2020\/07\/Le-pr\u00e9sident-du-Niger-et-pr\u00e9sident-en-exercice-de-la-C\u00e9d\u00e9ao-Mahamadou-Issoufou-arrive-\u00e0-Bamako-au-Mali-le-23-juillet-2020..jpg\",\"contentUrl\":\"https:\/\/guineediversite.com\/wp-content\/uploads\/2020\/07\/Le-pr\u00e9sident-du-Niger-et-pr\u00e9sident-en-exercice-de-la-C\u00e9d\u00e9ao-Mahamadou-Issoufou-arrive-\u00e0-Bamako-au-Mali-le-23-juillet-2020..jpg\",\"width\":1500,\"height\":840},{\"@type\":\"BreadcrumbList\",\"@id\":\"https:\/\/guineediversite.com\/index.php\/2020\/07\/28\/crise-au-mali-la-cedeao-recommande-le-depart-des-31-deputes-contestes\/#breadcrumb\",\"itemListElement\":[{\"@type\":\"ListItem\",\"position\":1,\"name\":\"Accueil\",\"item\":\"https:\/\/guineediversite.com\/\"},{\"@type\":\"ListItem\",\"position\":2,\"name\":\"Crise au Mali: la C\u00e9d\u00e9ao recommande le d\u00e9part des 31 d\u00e9put\u00e9s contest\u00e9s\"}]},{\"@type\":\"WebSite\",\"@id\":\"https:\/\/guineediversite.com\/#website\",\"url\":\"https:\/\/guineediversite.com\/\",\"name\":\"Guin\u00e9e Diversit\u00e9\",\"description\":\"L&#039;Info dans toute sa diversit\u00e9\",\"publisher\":{\"@id\":\"https:\/\/guineediversite.com\/#organization\"},\"potentialAction\":[{\"@type\":\"SearchAction\",\"target\":{\"@type\":\"EntryPoint\",\"urlTemplate\":\"https:\/\/guineediversite.com\/?s={search_term_string}\"},\"query-input\":{\"@type\":\"PropertyValueSpecification\",\"valueRequired\":true,\"valueName\":\"search_term_string\"}}],\"inLanguage\":\"fr-FR\"},{\"@type\":\"Organization\",\"@id\":\"https:\/\/guineediversite.com\/#organization\",\"name\":\"Guin\u00e9e Diversit\u00e9\",\"url\":\"https:\/\/guineediversite.com\/\",\"logo\":{\"@type\":\"ImageObject\",\"inLanguage\":\"fr-FR\",\"@id\":\"https:\/\/guineediversite.com\/#\/schema\/logo\/image\/\",\"url\":\"https:\/\/guineediversite.com\/wp-content\/uploads\/2017\/04\/cropped-1jojlxEOMkX9Wyqfhe43D6kjPOGqBBKmx3EwWJqZ0cMrFF54yM49.png\",\"contentUrl\":\"https:\/\/guineediversite.com\/wp-content\/uploads\/2017\/04\/cropped-1jojlxEOMkX9Wyqfhe43D6kjPOGqBBKmx3EwWJqZ0cMrFF54yM49.png\",\"width\":186,\"height\":112,\"caption\":\"Guin\u00e9e Diversit\u00e9\"},\"image\":{\"@id\":\"https:\/\/guineediversite.com\/#\/schema\/logo\/image\/\"},\"sameAs\":[\"https:\/\/www.facebook.com\/guineediversite\/\",\"https:\/\/x.com\/GuineeDiversite\",\"https:\/\/www.youtube.com\/channel\/UC8sUY16qelG5ge6_D5SB83g\"]},{\"@type\":\"Person\",\"@id\":\"https:\/\/guineediversite.com\/#\/schema\/person\/afa08fb34e7fc6e1feafc892612bc836\",\"name\":\"Guin\u00e9e Diversit\u00e9\",\"image\":{\"@type\":\"ImageObject\",\"inLanguage\":\"fr-FR\",\"@id\":\"https:\/\/guineediversite.com\/#\/schema\/person\/image\/\",\"url\":\"https:\/\/secure.gravatar.com\/avatar\/50d5eb5b390f8b65ac30ac6f898eb83a?s=96&d=mm&r=g\",\"contentUrl\":\"https:\/\/secure.gravatar.com\/avatar\/50d5eb5b390f8b65ac30ac6f898eb83a?s=96&d=mm&r=g\",\"caption\":\"Guin\u00e9e Diversit\u00e9\"},\"url\":\"https:\/\/guineediversite.com\/index.php\/author\/guineediversite\/\"}]}<\/script>\n<!-- \/ Yoast SEO plugin. -->","yoast_head_json":{"title":"Crise au Mali: la C\u00e9d\u00e9ao recommande le d\u00e9part des 31 d\u00e9put\u00e9s contest\u00e9s | Guin\u00e9e Diversit\u00e9","robots":{"index":"index","follow":"follow","max-snippet":"max-snippet:-1","max-image-preview":"max-image-preview:large","max-video-preview":"max-video-preview:-1"},"canonical":"https:\/\/guineediversite.com\/index.php\/2020\/07\/28\/crise-au-mali-la-cedeao-recommande-le-depart-des-31-deputes-contestes\/","og_locale":"fr_FR","og_type":"article","og_title":"Crise au Mali: la C\u00e9d\u00e9ao recommande le d\u00e9part des 31 d\u00e9put\u00e9s contest\u00e9s | Guin\u00e9e Diversit\u00e9","og_description":"Les chefs d&rsquo;\u00c9tat de la C\u00e9d\u00e9ao se sont de nouveau mobilis\u00e9s autour de la situation au Mali, en sommet virtuel, pour trouver des solutions durables \u00e0 la crise malienne. L&rsquo;organisation r\u00e9gionale menace de sanctions les opposants \u00e0 son plan de sortie de crise au Mali qui pr\u00e9voit notamment le maintien au pouvoir du pr\u00e9sident Ibrahim [&hellip;]","og_url":"https:\/\/guineediversite.com\/index.php\/2020\/07\/28\/crise-au-mali-la-cedeao-recommande-le-depart-des-31-deputes-contestes\/","og_site_name":"Guin\u00e9e Diversit\u00e9","article_publisher":"https:\/\/www.facebook.com\/guineediversite\/","article_published_time":"2020-07-28T12:08:26+00:00","og_image":[{"width":1500,"height":840,"url":"https:\/\/guineediversite.com\/wp-content\/uploads\/2020\/07\/Le-pr\u00e9sident-du-Niger-et-pr\u00e9sident-en-exercice-de-la-C\u00e9d\u00e9ao-Mahamadou-Issoufou-arrive-\u00e0-Bamako-au-Mali-le-23-juillet-2020..jpg","type":"image\/jpeg"}],"author":"Guin\u00e9e Diversit\u00e9","twitter_card":"summary_large_image","twitter_creator":"@GuineeDiversite","twitter_site":"@GuineeDiversite","twitter_misc":{"\u00c9crit par":"Guin\u00e9e Diversit\u00e9","Dur\u00e9e de lecture estim\u00e9e":"4 minutes"},"schema":{"@context":"https:\/\/schema.org","@graph":[{"@type":"Article","@id":"https:\/\/guineediversite.com\/index.php\/2020\/07\/28\/crise-au-mali-la-cedeao-recommande-le-depart-des-31-deputes-contestes\/#article","isPartOf":{"@id":"https:\/\/guineediversite.com\/index.php\/2020\/07\/28\/crise-au-mali-la-cedeao-recommande-le-depart-des-31-deputes-contestes\/"},"author":{"name":"Guin\u00e9e Diversit\u00e9","@id":"https:\/\/guineediversite.com\/#\/schema\/person\/afa08fb34e7fc6e1feafc892612bc836"},"headline":"Crise au Mali: la C\u00e9d\u00e9ao recommande le d\u00e9part des 31 d\u00e9put\u00e9s contest\u00e9s","datePublished":"2020-07-28T12:08:26+00:00","dateModified":"2020-07-28T12:08:26+00:00","mainEntityOfPage":{"@id":"https:\/\/guineediversite.com\/index.php\/2020\/07\/28\/crise-au-mali-la-cedeao-recommande-le-depart-des-31-deputes-contestes\/"},"wordCount":834,"publisher":{"@id":"https:\/\/guineediversite.com\/#organization"},"image":{"@id":"https:\/\/guineediversite.com\/index.php\/2020\/07\/28\/crise-au-mali-la-cedeao-recommande-le-depart-des-31-deputes-contestes\/#primaryimage"},"thumbnailUrl":"https:\/\/guineediversite.com\/wp-content\/uploads\/2020\/07\/Le-pr\u00e9sident-du-Niger-et-pr\u00e9sident-en-exercice-de-la-C\u00e9d\u00e9ao-Mahamadou-Issoufou-arrive-\u00e0-Bamako-au-Mali-le-23-juillet-2020..jpg","articleSection":["International"],"inLanguage":"fr-FR"},{"@type":"WebPage","@id":"https:\/\/guineediversite.com\/index.php\/2020\/07\/28\/crise-au-mali-la-cedeao-recommande-le-depart-des-31-deputes-contestes\/","url":"https:\/\/guineediversite.com\/index.php\/2020\/07\/28\/crise-au-mali-la-cedeao-recommande-le-depart-des-31-deputes-contestes\/","name":"Crise au Mali: la C\u00e9d\u00e9ao recommande le d\u00e9part des 31 d\u00e9put\u00e9s contest\u00e9s | Guin\u00e9e Diversit\u00e9","isPartOf":{"@id":"https:\/\/guineediversite.com\/#website"},"primaryImageOfPage":{"@id":"https:\/\/guineediversite.com\/index.php\/2020\/07\/28\/crise-au-mali-la-cedeao-recommande-le-depart-des-31-deputes-contestes\/#primaryimage"},"image":{"@id":"https:\/\/guineediversite.com\/index.php\/2020\/07\/28\/crise-au-mali-la-cedeao-recommande-le-depart-des-31-deputes-contestes\/#primaryimage"},"thumbnailUrl":"https:\/\/guineediversite.com\/wp-content\/uploads\/2020\/07\/Le-pr\u00e9sident-du-Niger-et-pr\u00e9sident-en-exercice-de-la-C\u00e9d\u00e9ao-Mahamadou-Issoufou-arrive-\u00e0-Bamako-au-Mali-le-23-juillet-2020..jpg","datePublished":"2020-07-28T12:08:26+00:00","dateModified":"2020-07-28T12:08:26+00:00","breadcrumb":{"@id":"https:\/\/guineediversite.com\/index.php\/2020\/07\/28\/crise-au-mali-la-cedeao-recommande-le-depart-des-31-deputes-contestes\/#breadcrumb"},"inLanguage":"fr-FR","potentialAction":[{"@type":"ReadAction","target":["https:\/\/guineediversite.com\/index.php\/2020\/07\/28\/crise-au-mali-la-cedeao-recommande-le-depart-des-31-deputes-contestes\/"]}]},{"@type":"ImageObject","inLanguage":"fr-FR","@id":"https:\/\/guineediversite.com\/index.php\/2020\/07\/28\/crise-au-mali-la-cedeao-recommande-le-depart-des-31-deputes-contestes\/#primaryimage","url":"https:\/\/guineediversite.com\/wp-content\/uploads\/2020\/07\/Le-pr\u00e9sident-du-Niger-et-pr\u00e9sident-en-exercice-de-la-C\u00e9d\u00e9ao-Mahamadou-Issoufou-arrive-\u00e0-Bamako-au-Mali-le-23-juillet-2020..jpg","contentUrl":"https:\/\/guineediversite.com\/wp-content\/uploads\/2020\/07\/Le-pr\u00e9sident-du-Niger-et-pr\u00e9sident-en-exercice-de-la-C\u00e9d\u00e9ao-Mahamadou-Issoufou-arrive-\u00e0-Bamako-au-Mali-le-23-juillet-2020..jpg","width":1500,"height":840},{"@type":"BreadcrumbList","@id":"https:\/\/guineediversite.com\/index.php\/2020\/07\/28\/crise-au-mali-la-cedeao-recommande-le-depart-des-31-deputes-contestes\/#breadcrumb","itemListElement":[{"@type":"ListItem","position":1,"name":"Accueil","item":"https:\/\/guineediversite.com\/"},{"@type":"ListItem","position":2,"name":"Crise au Mali: la C\u00e9d\u00e9ao recommande le d\u00e9part des 31 d\u00e9put\u00e9s contest\u00e9s"}]},{"@type":"WebSite","@id":"https:\/\/guineediversite.com\/#website","url":"https:\/\/guineediversite.com\/","name":"Guin\u00e9e Diversit\u00e9","description":"L&#039;Info dans toute sa diversit\u00e9","publisher":{"@id":"https:\/\/guineediversite.com\/#organization"},"potentialAction":[{"@type":"SearchAction","target":{"@type":"EntryPoint","urlTemplate":"https:\/\/guineediversite.com\/?s={search_term_string}"},"query-input":{"@type":"PropertyValueSpecification","valueRequired":true,"valueName":"search_term_string"}}],"inLanguage":"fr-FR"},{"@type":"Organization","@id":"https:\/\/guineediversite.com\/#organization","name":"Guin\u00e9e Diversit\u00e9","url":"https:\/\/guineediversite.com\/","logo":{"@type":"ImageObject","inLanguage":"fr-FR","@id":"https:\/\/guineediversite.com\/#\/schema\/logo\/image\/","url":"https:\/\/guineediversite.com\/wp-content\/uploads\/2017\/04\/cropped-1jojlxEOMkX9Wyqfhe43D6kjPOGqBBKmx3EwWJqZ0cMrFF54yM49.png","contentUrl":"https:\/\/guineediversite.com\/wp-content\/uploads\/2017\/04\/cropped-1jojlxEOMkX9Wyqfhe43D6kjPOGqBBKmx3EwWJqZ0cMrFF54yM49.png","width":186,"height":112,"caption":"Guin\u00e9e Diversit\u00e9"},"image":{"@id":"https:\/\/guineediversite.com\/#\/schema\/logo\/image\/"},"sameAs":["https:\/\/www.facebook.com\/guineediversite\/","https:\/\/x.com\/GuineeDiversite","https:\/\/www.youtube.com\/channel\/UC8sUY16qelG5ge6_D5SB83g"]},{"@type":"Person","@id":"https:\/\/guineediversite.com\/#\/schema\/person\/afa08fb34e7fc6e1feafc892612bc836","name":"Guin\u00e9e Diversit\u00e9","image":{"@type":"ImageObject","inLanguage":"fr-FR","@id":"https:\/\/guineediversite.com\/#\/schema\/person\/image\/","url":"https:\/\/secure.gravatar.com\/avatar\/50d5eb5b390f8b65ac30ac6f898eb83a?s=96&d=mm&r=g","contentUrl":"https:\/\/secure.gravatar.com\/avatar\/50d5eb5b390f8b65ac30ac6f898eb83a?s=96&d=mm&r=g","caption":"Guin\u00e9e Diversit\u00e9"},"url":"https:\/\/guineediversite.com\/index.php\/author\/guineediversite\/"}]}},"_links":{"self":[{"href":"https:\/\/guineediversite.com\/index.php\/wp-json\/wp\/v2\/posts\/30244"}],"collection":[{"href":"https:\/\/guineediversite.com\/index.php\/wp-json\/wp\/v2\/posts"}],"about":[{"href":"https:\/\/guineediversite.com\/index.php\/wp-json\/wp\/v2\/types\/post"}],"author":[{"embeddable":true,"href":"https:\/\/guineediversite.com\/index.php\/wp-json\/wp\/v2\/users\/12"}],"replies":[{"embeddable":true,"href":"https:\/\/guineediversite.com\/index.php\/wp-json\/wp\/v2\/comments?post=30244"}],"version-history":[{"count":1,"href":"https:\/\/guineediversite.com\/index.php\/wp-json\/wp\/v2\/posts\/30244\/revisions"}],"predecessor-version":[{"id":30246,"href":"https:\/\/guineediversite.com\/index.php\/wp-json\/wp\/v2\/posts\/30244\/revisions\/30246"}],"wp:featuredmedia":[{"embeddable":true,"href":"https:\/\/guineediversite.com\/index.php\/wp-json\/wp\/v2\/media\/30245"}],"wp:attachment":[{"href":"https:\/\/guineediversite.com\/index.php\/wp-json\/wp\/v2\/media?parent=30244"}],"wp:term":[{"taxonomy":"category","embeddable":true,"href":"https:\/\/guineediversite.com\/index.php\/wp-json\/wp\/v2\/categories?post=30244"},{"taxonomy":"post_tag","embeddable":true,"href":"https:\/\/guineediversite.com\/index.php\/wp-json\/wp\/v2\/tags?post=30244"}],"curies":[{"name":"wp","href":"https:\/\/api.w.org\/{rel}","templated":true}]}}