{"id":30230,"date":"2020-07-27T17:35:53","date_gmt":"2020-07-27T15:35:53","guid":{"rendered":"https:\/\/guineediversite.com\/?p=30230"},"modified":"2020-07-27T17:35:53","modified_gmt":"2020-07-27T15:35:53","slug":"mort-de-babacar-toure-senegal-et-afrique-perdent-une-grande-figure-du-journalisme","status":"publish","type":"post","link":"https:\/\/guineediversite.com\/index.php\/2020\/07\/27\/mort-de-babacar-toure-senegal-et-afrique-perdent-une-grande-figure-du-journalisme\/","title":{"rendered":"Mort de Babacar Tour\u00e9: S\u00e9n\u00e9gal et Afrique perdent une grande figure du journalisme"},"content":{"rendered":"<p>Au S\u00e9n\u00e9gal, Babacar Tour\u00e9,\u00a0fondateur du groupe de presse Sud Communication et\u00a0 monument de la presse priv\u00e9e, est d\u00e9c\u00e9d\u00e9. Il s\u2019est \u00e9teint ce 26 juillet 2020 \u00e0 l\u2019\u00e2ge de 69 ans. Ce lundi matin, c\u2019\u00e9tait la lev\u00e9e du corps \u00e0 l\u2019h\u00f4pital principal de Dakar et il y avait beaucoup de monde pour rendre hommage \u00e0 ce journaliste respect\u00e9.<\/p>\n<p>Babacar Tour\u00e9, pour certains c\u2019\u00e9tait simplement \u00ab\u00a0BT\u00a0\u00bb, ses initiales, une signature qui a marqu\u00e9 le monde m\u00e9diatique au S\u00e9n\u00e9gal. Son portrait est \u00e0 la une des journaux ce lundi matin, physique imposant, charismatique, lunettes sur le nez. Il y avait beaucoup de monde pour la lev\u00e9e de corps \u00e0 l\u2019h\u00f4pital principal de Dakar. La famille, des confr\u00e8res, mais aussi des personnalit\u00e9s politiques.<\/p>\n<p>Babacar Tour\u00e9 \u00e9tait un homme de r\u00e9seaux, et il avait beaucoup d\u2019amis. N\u00e9 \u00e0 Fatick, form\u00e9 au CESTI, le Centre de formation des journalistes de Dakar, promotion 1979, il est ensuite pass\u00e9 par les \u00c9tats-Unis, la France et le Canada. Il a un temps \u00e9t\u00e9 journaliste au quotidien national <em>Le Soleil<\/em>. Il est aussi pass\u00e9 par l\u2019ONG Enda.<\/p>\n<p><strong>L\u2019aventure Sud<\/strong><\/p>\n<p>Mais c\u2019est au milieu des ann\u00e9es 1980 que commence l\u2019aventure Sud. Une saga qui d\u00e9bute chez lui, avec peu de moyens, ainsi que quelques jeunes confr\u00e8res et amis. Ils lancent d\u2019abord le journal <em>Sud Hebdo<\/em> en 1986, puis <em>Sud Quotidien<\/em> en 1993, et l\u2019ann\u00e9e suivante la radio Sud FM, premi\u00e8re radio priv\u00e9e du S\u00e9n\u00e9gal apr\u00e8s la lib\u00e9ralisation des ondes. Il aura aussi pr\u00e9sid\u00e9 le Conseil national de r\u00e9gulation de l\u2019audiovisuel.<\/p>\n<p>Babacar Tour\u00e9 est donc consid\u00e9r\u00e9 comme un pionnier. Professionnel reconnu, il a form\u00e9 et inspir\u00e9 plusieurs g\u00e9n\u00e9rations de journalistes, c\u00f4toy\u00e9 plusieurs pr\u00e9sidents, au S\u00e9n\u00e9gal, mais aussi dans la sous-r\u00e9gion. Il \u00e9tait notamment proche du pr\u00e9sident guin\u00e9en Alpha Cond\u00e9. Sa d\u00e9marche \u00e9tait surtout aussi panafricaine.<\/p>\n<p>Ce matin, \u00e0 l\u2019h\u00f4pital principal de Dakar chacun avait une anecdote en marge de la c\u00e9r\u00e9monie de lev\u00e9e de corps, sur les longues soir\u00e9es de bouclage du journal, sur ses conseils, ses coups de gueule parfois, mais oubli\u00e9s le lendemain, sur sa rigueur. Parmi tous les hommages, on peut citer celui du pr\u00e9sident Macky Sall, qui a salu\u00e9 sur Twitter \u00ab\u00a0<em>un journaliste chevronn\u00e9, homme de consensus et de dialogue, de tous les combats pour la libert\u00e9 et la d\u00e9mocratie.<\/em>\u00a0\u00bb<\/p>\n<p><strong>RFI<\/strong><\/p>\n","protected":false},"excerpt":{"rendered":"<p>Au S\u00e9n\u00e9gal, Babacar Tour\u00e9,\u00a0fondateur du groupe de presse Sud Communication et\u00a0 monument de la presse priv\u00e9e, est d\u00e9c\u00e9d\u00e9. Il s\u2019est \u00e9teint ce 26 juillet 2020 \u00e0 l\u2019\u00e2ge de 69 ans. Ce lundi matin, c\u2019\u00e9tait la lev\u00e9e du corps \u00e0 l\u2019h\u00f4pital principal de Dakar et il y avait beaucoup de monde pour rendre hommage \u00e0 ce [&hellip;]<\/p>\n","protected":false},"author":12,"featured_media":30232,"comment_status":"closed","ping_status":"open","sticky":false,"template":"","format":"standard","meta":{"_exactmetrics_skip_tracking":false,"_exactmetrics_sitenote_active":false,"_exactmetrics_sitenote_note":"","_exactmetrics_sitenote_category":0,"tdm_status":"","tdm_grid_status":"","footnotes":""},"categories":[21],"tags":[],"class_list":{"0":"post-30230","1":"post","2":"type-post","3":"status-publish","4":"format-standard","5":"has-post-thumbnail","7":"category-international"},"yoast_head":"<!-- This site is optimized with the Yoast SEO plugin v24.2 - https:\/\/yoast.com\/wordpress\/plugins\/seo\/ -->\n<title>Mort de Babacar Tour\u00e9: S\u00e9n\u00e9gal et Afrique perdent une grande figure du journalisme | Guin\u00e9e Diversit\u00e9<\/title>\n<meta name=\"robots\" content=\"index, follow, max-snippet:-1, max-image-preview:large, max-video-preview:-1\" \/>\n<link rel=\"canonical\" href=\"https:\/\/guineediversite.com\/index.php\/2020\/07\/27\/mort-de-babacar-toure-senegal-et-afrique-perdent-une-grande-figure-du-journalisme\/\" \/>\n<meta property=\"og:locale\" content=\"fr_FR\" \/>\n<meta property=\"og:type\" content=\"article\" \/>\n<meta property=\"og:title\" content=\"Mort de Babacar Tour\u00e9: S\u00e9n\u00e9gal et Afrique perdent une grande figure du journalisme | Guin\u00e9e Diversit\u00e9\" \/>\n<meta property=\"og:description\" content=\"Au S\u00e9n\u00e9gal, Babacar Tour\u00e9,\u00a0fondateur du groupe de presse Sud Communication et\u00a0 monument de la presse priv\u00e9e, est d\u00e9c\u00e9d\u00e9. Il s\u2019est \u00e9teint ce 26 juillet 2020 \u00e0 l\u2019\u00e2ge de 69 ans. Ce lundi matin, c\u2019\u00e9tait la lev\u00e9e du corps \u00e0 l\u2019h\u00f4pital principal de Dakar et il y avait beaucoup de monde pour rendre hommage \u00e0 ce [&hellip;]\" \/>\n<meta property=\"og:url\" content=\"https:\/\/guineediversite.com\/index.php\/2020\/07\/27\/mort-de-babacar-toure-senegal-et-afrique-perdent-une-grande-figure-du-journalisme\/\" \/>\n<meta property=\"og:site_name\" content=\"Guin\u00e9e Diversit\u00e9\" \/>\n<meta property=\"article:publisher\" content=\"https:\/\/www.facebook.com\/guineediversite\/\" \/>\n<meta property=\"article:published_time\" content=\"2020-07-27T15:35:53+00:00\" \/>\n<meta property=\"og:image\" content=\"https:\/\/guineediversite.com\/wp-content\/uploads\/2020\/07\/Une-du-site-Sud-Quotidien-qui-rend-hommage-\u00e0-lhomme-de-presse-Babacar-Tour\u00e9-1.jpg\" \/>\n\t<meta property=\"og:image:width\" content=\"2000\" \/>\n\t<meta property=\"og:image:height\" content=\"1120\" \/>\n\t<meta property=\"og:image:type\" content=\"image\/jpeg\" \/>\n<meta name=\"author\" content=\"Guin\u00e9e Diversit\u00e9\" \/>\n<meta name=\"twitter:card\" content=\"summary_large_image\" \/>\n<meta name=\"twitter:creator\" content=\"@GuineeDiversite\" \/>\n<meta name=\"twitter:site\" content=\"@GuineeDiversite\" \/>\n<meta name=\"twitter:label1\" content=\"\u00c9crit par\" \/>\n\t<meta name=\"twitter:data1\" content=\"Guin\u00e9e Diversit\u00e9\" \/>\n\t<meta name=\"twitter:label2\" content=\"Dur\u00e9e de lecture estim\u00e9e\" \/>\n\t<meta name=\"twitter:data2\" content=\"2 minutes\" \/>\n<script type=\"application\/ld+json\" class=\"yoast-schema-graph\">{\"@context\":\"https:\/\/schema.org\",\"@graph\":[{\"@type\":\"Article\",\"@id\":\"https:\/\/guineediversite.com\/index.php\/2020\/07\/27\/mort-de-babacar-toure-senegal-et-afrique-perdent-une-grande-figure-du-journalisme\/#article\",\"isPartOf\":{\"@id\":\"https:\/\/guineediversite.com\/index.php\/2020\/07\/27\/mort-de-babacar-toure-senegal-et-afrique-perdent-une-grande-figure-du-journalisme\/\"},\"author\":{\"name\":\"Guin\u00e9e Diversit\u00e9\",\"@id\":\"https:\/\/guineediversite.com\/#\/schema\/person\/afa08fb34e7fc6e1feafc892612bc836\"},\"headline\":\"Mort de Babacar Tour\u00e9: S\u00e9n\u00e9gal et Afrique perdent une grande figure du journalisme\",\"datePublished\":\"2020-07-27T15:35:53+00:00\",\"dateModified\":\"2020-07-27T15:35:53+00:00\",\"mainEntityOfPage\":{\"@id\":\"https:\/\/guineediversite.com\/index.php\/2020\/07\/27\/mort-de-babacar-toure-senegal-et-afrique-perdent-une-grande-figure-du-journalisme\/\"},\"wordCount\":436,\"publisher\":{\"@id\":\"https:\/\/guineediversite.com\/#organization\"},\"image\":{\"@id\":\"https:\/\/guineediversite.com\/index.php\/2020\/07\/27\/mort-de-babacar-toure-senegal-et-afrique-perdent-une-grande-figure-du-journalisme\/#primaryimage\"},\"thumbnailUrl\":\"https:\/\/guineediversite.com\/wp-content\/uploads\/2020\/07\/Une-du-site-Sud-Quotidien-qui-rend-hommage-\u00e0-lhomme-de-presse-Babacar-Tour\u00e9-1.jpg\",\"articleSection\":[\"International\"],\"inLanguage\":\"fr-FR\"},{\"@type\":\"WebPage\",\"@id\":\"https:\/\/guineediversite.com\/index.php\/2020\/07\/27\/mort-de-babacar-toure-senegal-et-afrique-perdent-une-grande-figure-du-journalisme\/\",\"url\":\"https:\/\/guineediversite.com\/index.php\/2020\/07\/27\/mort-de-babacar-toure-senegal-et-afrique-perdent-une-grande-figure-du-journalisme\/\",\"name\":\"Mort de Babacar Tour\u00e9: S\u00e9n\u00e9gal et Afrique perdent une grande figure du journalisme | Guin\u00e9e Diversit\u00e9\",\"isPartOf\":{\"@id\":\"https:\/\/guineediversite.com\/#website\"},\"primaryImageOfPage\":{\"@id\":\"https:\/\/guineediversite.com\/index.php\/2020\/07\/27\/mort-de-babacar-toure-senegal-et-afrique-perdent-une-grande-figure-du-journalisme\/#primaryimage\"},\"image\":{\"@id\":\"https:\/\/guineediversite.com\/index.php\/2020\/07\/27\/mort-de-babacar-toure-senegal-et-afrique-perdent-une-grande-figure-du-journalisme\/#primaryimage\"},\"thumbnailUrl\":\"https:\/\/guineediversite.com\/wp-content\/uploads\/2020\/07\/Une-du-site-Sud-Quotidien-qui-rend-hommage-\u00e0-lhomme-de-presse-Babacar-Tour\u00e9-1.jpg\",\"datePublished\":\"2020-07-27T15:35:53+00:00\",\"dateModified\":\"2020-07-27T15:35:53+00:00\",\"breadcrumb\":{\"@id\":\"https:\/\/guineediversite.com\/index.php\/2020\/07\/27\/mort-de-babacar-toure-senegal-et-afrique-perdent-une-grande-figure-du-journalisme\/#breadcrumb\"},\"inLanguage\":\"fr-FR\",\"potentialAction\":[{\"@type\":\"ReadAction\",\"target\":[\"https:\/\/guineediversite.com\/index.php\/2020\/07\/27\/mort-de-babacar-toure-senegal-et-afrique-perdent-une-grande-figure-du-journalisme\/\"]}]},{\"@type\":\"ImageObject\",\"inLanguage\":\"fr-FR\",\"@id\":\"https:\/\/guineediversite.com\/index.php\/2020\/07\/27\/mort-de-babacar-toure-senegal-et-afrique-perdent-une-grande-figure-du-journalisme\/#primaryimage\",\"url\":\"https:\/\/guineediversite.com\/wp-content\/uploads\/2020\/07\/Une-du-site-Sud-Quotidien-qui-rend-hommage-\u00e0-lhomme-de-presse-Babacar-Tour\u00e9-1.jpg\",\"contentUrl\":\"https:\/\/guineediversite.com\/wp-content\/uploads\/2020\/07\/Une-du-site-Sud-Quotidien-qui-rend-hommage-\u00e0-lhomme-de-presse-Babacar-Tour\u00e9-1.jpg\",\"width\":2000,\"height\":1120},{\"@type\":\"BreadcrumbList\",\"@id\":\"https:\/\/guineediversite.com\/index.php\/2020\/07\/27\/mort-de-babacar-toure-senegal-et-afrique-perdent-une-grande-figure-du-journalisme\/#breadcrumb\",\"itemListElement\":[{\"@type\":\"ListItem\",\"position\":1,\"name\":\"Accueil\",\"item\":\"https:\/\/guineediversite.com\/\"},{\"@type\":\"ListItem\",\"position\":2,\"name\":\"Mort de Babacar Tour\u00e9: S\u00e9n\u00e9gal et Afrique perdent une grande figure du journalisme\"}]},{\"@type\":\"WebSite\",\"@id\":\"https:\/\/guineediversite.com\/#website\",\"url\":\"https:\/\/guineediversite.com\/\",\"name\":\"Guin\u00e9e Diversit\u00e9\",\"description\":\"L&#039;Info dans toute sa diversit\u00e9\",\"publisher\":{\"@id\":\"https:\/\/guineediversite.com\/#organization\"},\"potentialAction\":[{\"@type\":\"SearchAction\",\"target\":{\"@type\":\"EntryPoint\",\"urlTemplate\":\"https:\/\/guineediversite.com\/?s={search_term_string}\"},\"query-input\":{\"@type\":\"PropertyValueSpecification\",\"valueRequired\":true,\"valueName\":\"search_term_string\"}}],\"inLanguage\":\"fr-FR\"},{\"@type\":\"Organization\",\"@id\":\"https:\/\/guineediversite.com\/#organization\",\"name\":\"Guin\u00e9e Diversit\u00e9\",\"url\":\"https:\/\/guineediversite.com\/\",\"logo\":{\"@type\":\"ImageObject\",\"inLanguage\":\"fr-FR\",\"@id\":\"https:\/\/guineediversite.com\/#\/schema\/logo\/image\/\",\"url\":\"https:\/\/guineediversite.com\/wp-content\/uploads\/2017\/04\/cropped-1jojlxEOMkX9Wyqfhe43D6kjPOGqBBKmx3EwWJqZ0cMrFF54yM49.png\",\"contentUrl\":\"https:\/\/guineediversite.com\/wp-content\/uploads\/2017\/04\/cropped-1jojlxEOMkX9Wyqfhe43D6kjPOGqBBKmx3EwWJqZ0cMrFF54yM49.png\",\"width\":186,\"height\":112,\"caption\":\"Guin\u00e9e Diversit\u00e9\"},\"image\":{\"@id\":\"https:\/\/guineediversite.com\/#\/schema\/logo\/image\/\"},\"sameAs\":[\"https:\/\/www.facebook.com\/guineediversite\/\",\"https:\/\/x.com\/GuineeDiversite\",\"https:\/\/www.youtube.com\/channel\/UC8sUY16qelG5ge6_D5SB83g\"]},{\"@type\":\"Person\",\"@id\":\"https:\/\/guineediversite.com\/#\/schema\/person\/afa08fb34e7fc6e1feafc892612bc836\",\"name\":\"Guin\u00e9e Diversit\u00e9\",\"image\":{\"@type\":\"ImageObject\",\"inLanguage\":\"fr-FR\",\"@id\":\"https:\/\/guineediversite.com\/#\/schema\/person\/image\/\",\"url\":\"https:\/\/secure.gravatar.com\/avatar\/50d5eb5b390f8b65ac30ac6f898eb83a?s=96&d=mm&r=g\",\"contentUrl\":\"https:\/\/secure.gravatar.com\/avatar\/50d5eb5b390f8b65ac30ac6f898eb83a?s=96&d=mm&r=g\",\"caption\":\"Guin\u00e9e Diversit\u00e9\"},\"url\":\"https:\/\/guineediversite.com\/index.php\/author\/guineediversite\/\"}]}<\/script>\n<!-- \/ Yoast SEO plugin. -->","yoast_head_json":{"title":"Mort de Babacar Tour\u00e9: S\u00e9n\u00e9gal et Afrique perdent une grande figure du journalisme | Guin\u00e9e Diversit\u00e9","robots":{"index":"index","follow":"follow","max-snippet":"max-snippet:-1","max-image-preview":"max-image-preview:large","max-video-preview":"max-video-preview:-1"},"canonical":"https:\/\/guineediversite.com\/index.php\/2020\/07\/27\/mort-de-babacar-toure-senegal-et-afrique-perdent-une-grande-figure-du-journalisme\/","og_locale":"fr_FR","og_type":"article","og_title":"Mort de Babacar Tour\u00e9: S\u00e9n\u00e9gal et Afrique perdent une grande figure du journalisme | Guin\u00e9e Diversit\u00e9","og_description":"Au S\u00e9n\u00e9gal, Babacar Tour\u00e9,\u00a0fondateur du groupe de presse Sud Communication et\u00a0 monument de la presse priv\u00e9e, est d\u00e9c\u00e9d\u00e9. Il s\u2019est \u00e9teint ce 26 juillet 2020 \u00e0 l\u2019\u00e2ge de 69 ans. Ce lundi matin, c\u2019\u00e9tait la lev\u00e9e du corps \u00e0 l\u2019h\u00f4pital principal de Dakar et il y avait beaucoup de monde pour rendre hommage \u00e0 ce [&hellip;]","og_url":"https:\/\/guineediversite.com\/index.php\/2020\/07\/27\/mort-de-babacar-toure-senegal-et-afrique-perdent-une-grande-figure-du-journalisme\/","og_site_name":"Guin\u00e9e Diversit\u00e9","article_publisher":"https:\/\/www.facebook.com\/guineediversite\/","article_published_time":"2020-07-27T15:35:53+00:00","og_image":[{"width":2000,"height":1120,"url":"https:\/\/guineediversite.com\/wp-content\/uploads\/2020\/07\/Une-du-site-Sud-Quotidien-qui-rend-hommage-\u00e0-lhomme-de-presse-Babacar-Tour\u00e9-1.jpg","type":"image\/jpeg"}],"author":"Guin\u00e9e Diversit\u00e9","twitter_card":"summary_large_image","twitter_creator":"@GuineeDiversite","twitter_site":"@GuineeDiversite","twitter_misc":{"\u00c9crit par":"Guin\u00e9e Diversit\u00e9","Dur\u00e9e de lecture estim\u00e9e":"2 minutes"},"schema":{"@context":"https:\/\/schema.org","@graph":[{"@type":"Article","@id":"https:\/\/guineediversite.com\/index.php\/2020\/07\/27\/mort-de-babacar-toure-senegal-et-afrique-perdent-une-grande-figure-du-journalisme\/#article","isPartOf":{"@id":"https:\/\/guineediversite.com\/index.php\/2020\/07\/27\/mort-de-babacar-toure-senegal-et-afrique-perdent-une-grande-figure-du-journalisme\/"},"author":{"name":"Guin\u00e9e Diversit\u00e9","@id":"https:\/\/guineediversite.com\/#\/schema\/person\/afa08fb34e7fc6e1feafc892612bc836"},"headline":"Mort de Babacar Tour\u00e9: S\u00e9n\u00e9gal et Afrique perdent une grande figure du journalisme","datePublished":"2020-07-27T15:35:53+00:00","dateModified":"2020-07-27T15:35:53+00:00","mainEntityOfPage":{"@id":"https:\/\/guineediversite.com\/index.php\/2020\/07\/27\/mort-de-babacar-toure-senegal-et-afrique-perdent-une-grande-figure-du-journalisme\/"},"wordCount":436,"publisher":{"@id":"https:\/\/guineediversite.com\/#organization"},"image":{"@id":"https:\/\/guineediversite.com\/index.php\/2020\/07\/27\/mort-de-babacar-toure-senegal-et-afrique-perdent-une-grande-figure-du-journalisme\/#primaryimage"},"thumbnailUrl":"https:\/\/guineediversite.com\/wp-content\/uploads\/2020\/07\/Une-du-site-Sud-Quotidien-qui-rend-hommage-\u00e0-lhomme-de-presse-Babacar-Tour\u00e9-1.jpg","articleSection":["International"],"inLanguage":"fr-FR"},{"@type":"WebPage","@id":"https:\/\/guineediversite.com\/index.php\/2020\/07\/27\/mort-de-babacar-toure-senegal-et-afrique-perdent-une-grande-figure-du-journalisme\/","url":"https:\/\/guineediversite.com\/index.php\/2020\/07\/27\/mort-de-babacar-toure-senegal-et-afrique-perdent-une-grande-figure-du-journalisme\/","name":"Mort de Babacar Tour\u00e9: S\u00e9n\u00e9gal et Afrique perdent une grande figure du journalisme | Guin\u00e9e Diversit\u00e9","isPartOf":{"@id":"https:\/\/guineediversite.com\/#website"},"primaryImageOfPage":{"@id":"https:\/\/guineediversite.com\/index.php\/2020\/07\/27\/mort-de-babacar-toure-senegal-et-afrique-perdent-une-grande-figure-du-journalisme\/#primaryimage"},"image":{"@id":"https:\/\/guineediversite.com\/index.php\/2020\/07\/27\/mort-de-babacar-toure-senegal-et-afrique-perdent-une-grande-figure-du-journalisme\/#primaryimage"},"thumbnailUrl":"https:\/\/guineediversite.com\/wp-content\/uploads\/2020\/07\/Une-du-site-Sud-Quotidien-qui-rend-hommage-\u00e0-lhomme-de-presse-Babacar-Tour\u00e9-1.jpg","datePublished":"2020-07-27T15:35:53+00:00","dateModified":"2020-07-27T15:35:53+00:00","breadcrumb":{"@id":"https:\/\/guineediversite.com\/index.php\/2020\/07\/27\/mort-de-babacar-toure-senegal-et-afrique-perdent-une-grande-figure-du-journalisme\/#breadcrumb"},"inLanguage":"fr-FR","potentialAction":[{"@type":"ReadAction","target":["https:\/\/guineediversite.com\/index.php\/2020\/07\/27\/mort-de-babacar-toure-senegal-et-afrique-perdent-une-grande-figure-du-journalisme\/"]}]},{"@type":"ImageObject","inLanguage":"fr-FR","@id":"https:\/\/guineediversite.com\/index.php\/2020\/07\/27\/mort-de-babacar-toure-senegal-et-afrique-perdent-une-grande-figure-du-journalisme\/#primaryimage","url":"https:\/\/guineediversite.com\/wp-content\/uploads\/2020\/07\/Une-du-site-Sud-Quotidien-qui-rend-hommage-\u00e0-lhomme-de-presse-Babacar-Tour\u00e9-1.jpg","contentUrl":"https:\/\/guineediversite.com\/wp-content\/uploads\/2020\/07\/Une-du-site-Sud-Quotidien-qui-rend-hommage-\u00e0-lhomme-de-presse-Babacar-Tour\u00e9-1.jpg","width":2000,"height":1120},{"@type":"BreadcrumbList","@id":"https:\/\/guineediversite.com\/index.php\/2020\/07\/27\/mort-de-babacar-toure-senegal-et-afrique-perdent-une-grande-figure-du-journalisme\/#breadcrumb","itemListElement":[{"@type":"ListItem","position":1,"name":"Accueil","item":"https:\/\/guineediversite.com\/"},{"@type":"ListItem","position":2,"name":"Mort de Babacar Tour\u00e9: S\u00e9n\u00e9gal et Afrique perdent une grande figure du journalisme"}]},{"@type":"WebSite","@id":"https:\/\/guineediversite.com\/#website","url":"https:\/\/guineediversite.com\/","name":"Guin\u00e9e Diversit\u00e9","description":"L&#039;Info dans toute sa diversit\u00e9","publisher":{"@id":"https:\/\/guineediversite.com\/#organization"},"potentialAction":[{"@type":"SearchAction","target":{"@type":"EntryPoint","urlTemplate":"https:\/\/guineediversite.com\/?s={search_term_string}"},"query-input":{"@type":"PropertyValueSpecification","valueRequired":true,"valueName":"search_term_string"}}],"inLanguage":"fr-FR"},{"@type":"Organization","@id":"https:\/\/guineediversite.com\/#organization","name":"Guin\u00e9e Diversit\u00e9","url":"https:\/\/guineediversite.com\/","logo":{"@type":"ImageObject","inLanguage":"fr-FR","@id":"https:\/\/guineediversite.com\/#\/schema\/logo\/image\/","url":"https:\/\/guineediversite.com\/wp-content\/uploads\/2017\/04\/cropped-1jojlxEOMkX9Wyqfhe43D6kjPOGqBBKmx3EwWJqZ0cMrFF54yM49.png","contentUrl":"https:\/\/guineediversite.com\/wp-content\/uploads\/2017\/04\/cropped-1jojlxEOMkX9Wyqfhe43D6kjPOGqBBKmx3EwWJqZ0cMrFF54yM49.png","width":186,"height":112,"caption":"Guin\u00e9e Diversit\u00e9"},"image":{"@id":"https:\/\/guineediversite.com\/#\/schema\/logo\/image\/"},"sameAs":["https:\/\/www.facebook.com\/guineediversite\/","https:\/\/x.com\/GuineeDiversite","https:\/\/www.youtube.com\/channel\/UC8sUY16qelG5ge6_D5SB83g"]},{"@type":"Person","@id":"https:\/\/guineediversite.com\/#\/schema\/person\/afa08fb34e7fc6e1feafc892612bc836","name":"Guin\u00e9e Diversit\u00e9","image":{"@type":"ImageObject","inLanguage":"fr-FR","@id":"https:\/\/guineediversite.com\/#\/schema\/person\/image\/","url":"https:\/\/secure.gravatar.com\/avatar\/50d5eb5b390f8b65ac30ac6f898eb83a?s=96&d=mm&r=g","contentUrl":"https:\/\/secure.gravatar.com\/avatar\/50d5eb5b390f8b65ac30ac6f898eb83a?s=96&d=mm&r=g","caption":"Guin\u00e9e Diversit\u00e9"},"url":"https:\/\/guineediversite.com\/index.php\/author\/guineediversite\/"}]}},"_links":{"self":[{"href":"https:\/\/guineediversite.com\/index.php\/wp-json\/wp\/v2\/posts\/30230"}],"collection":[{"href":"https:\/\/guineediversite.com\/index.php\/wp-json\/wp\/v2\/posts"}],"about":[{"href":"https:\/\/guineediversite.com\/index.php\/wp-json\/wp\/v2\/types\/post"}],"author":[{"embeddable":true,"href":"https:\/\/guineediversite.com\/index.php\/wp-json\/wp\/v2\/users\/12"}],"replies":[{"embeddable":true,"href":"https:\/\/guineediversite.com\/index.php\/wp-json\/wp\/v2\/comments?post=30230"}],"version-history":[{"count":1,"href":"https:\/\/guineediversite.com\/index.php\/wp-json\/wp\/v2\/posts\/30230\/revisions"}],"predecessor-version":[{"id":30233,"href":"https:\/\/guineediversite.com\/index.php\/wp-json\/wp\/v2\/posts\/30230\/revisions\/30233"}],"wp:featuredmedia":[{"embeddable":true,"href":"https:\/\/guineediversite.com\/index.php\/wp-json\/wp\/v2\/media\/30232"}],"wp:attachment":[{"href":"https:\/\/guineediversite.com\/index.php\/wp-json\/wp\/v2\/media?parent=30230"}],"wp:term":[{"taxonomy":"category","embeddable":true,"href":"https:\/\/guineediversite.com\/index.php\/wp-json\/wp\/v2\/categories?post=30230"},{"taxonomy":"post_tag","embeddable":true,"href":"https:\/\/guineediversite.com\/index.php\/wp-json\/wp\/v2\/tags?post=30230"}],"curies":[{"name":"wp","href":"https:\/\/api.w.org\/{rel}","templated":true}]}}