{"id":30227,"date":"2020-07-27T17:26:31","date_gmt":"2020-07-27T15:26:31","guid":{"rendered":"https:\/\/guineediversite.com\/?p=30227"},"modified":"2020-07-27T17:26:31","modified_gmt":"2020-07-27T15:26:31","slug":"crise-au-mali-la-credibilite-de-la-cedeao-est-en-jeu-estime-alassane-ouattara","status":"publish","type":"post","link":"https:\/\/guineediversite.com\/index.php\/2020\/07\/27\/crise-au-mali-la-credibilite-de-la-cedeao-est-en-jeu-estime-alassane-ouattara\/","title":{"rendered":"Crise au Mali: \u00abLa cr\u00e9dibilit\u00e9 de la C\u00e9d\u00e9ao est en jeu\u00bb, estime Alassane Ouattara"},"content":{"rendered":"<p>Les chefs d&rsquo;\u00c9tat de la Communaut\u00e9 \u00e9conomique des \u00c9tats de l&rsquo;Afrique de l&rsquo;Ouest (C\u00e9d\u00e9ao) sont r\u00e9unis, ce lundi 27 juillet, en sommet extraordinaire. Cette r\u00e9union par visio-conf\u00e9rence est pr\u00e9sid\u00e9e par le pr\u00e9sident du Niger, Mahamadou Issoufou, actuel pr\u00e9sident en exercice de la C\u00e9d\u00e9ao. L&rsquo;objectif est d&rsquo;aider le Mali \u00e0 sortir de la crise politique.<\/p>\n<p><strong>Un certain chefs d\u2019Etat <\/strong>ont d\u00e9j\u00e0 pris la parole et d\u2019une mani\u00e8re g\u00e9n\u00e9rale ils sont unanimes \u00e0 dire qu&rsquo;il faut une solution \u00e0 la crise malienne. Pour le pr\u00e9sident Macky Sall du S\u00e9n\u00e9gal, la C\u00e9d\u00e9ao est dans son r\u00f4le de pr\u00e9vention des conflits et de sauvegarde de la paix dans l\u2019espace des seize pays.<\/p>\n<p>\u00ab\u00a0<em>La cr\u00e9dibilit\u00e9 de la C\u00e9d\u00e9ao est en jeu dans cette crise<\/em>\u00a0\u00bb, a d\u00e9clar\u00e9 pour sa part Alassane Ouattara de la C\u00f4te d\u2019Ivoire. \u00ab\u00a0<em>Nous sommes du c\u00f4t\u00e9 du peuple malien, mais nous ne sommes pas du c\u00f4t\u00e9 du d\u00e9sordre<\/em>\u00a0\u00bb, a-t-il ajout\u00e9. Tout en acceptant les conclusions des m\u00e9diateurs de la C\u00e9d\u00e9ao, Alassane Ouattara a exig\u00e9 la d\u00e9mission imm\u00e9diate des 31 d\u00e9put\u00e9s contest\u00e9s par la population ou tout au moins leur suspension, l\u2019\u00e9lection d\u2019un nouveau bureau de l\u2019Assembl\u00e9e nationale malienne et une Cour constitutionnelle recompos\u00e9e.<\/p>\n<p><strong>Ibrahim Boubacar Ke\u00efta attaque directement l\u2019imam Dicko<\/strong><\/p>\n<p>Par ailleurs, les chefs d\u2019\u00c9tat \u00e0 de l\u2019institution r\u00e9gionale ont tous accept\u00e9 le principe de sanctions cibl\u00e9es contre tous ceux qui s\u2019opposeront au retour de la stabilit\u00e9 du Mali. Quant au pr\u00e9sident malien, tr\u00e8s attendu dans son intervention et soutenu par ses fr\u00e8res, il a eu des mots tr\u00e8s durs \u00e0 l\u2019\u00e9gard de son opposition et de l\u2019imam Dicko. Selon Ibrahim Boubacar Ke\u00efta, le but de ces manifestations organis\u00e9es par l\u2019imam Dicko est de conduire \u00e0 une transition dirig\u00e9e par le c\u00e9l\u00e8bre marabout et qui devrait ouvrir la voie \u00e0 un \u00c9tat islamique. Le pr\u00e9siddent malien ajoute\u00a0: \u00ab\u00a0<em>C\u2019est l\u00e0, la ran\u00e7on de guerre de l\u2019imam Dicko, un crime impardonnable.<\/em>\u00a0\u00bb<\/p>\n<p>Tout en d\u00e9non\u00e7ant<strong><a href=\"https:\/\/www.rfi.fr\/fr\/afrique\/20200723-mali-5-chefs-d\u00e9tat-ouest-africain-\u00e0-bamako-tenter-r\u00e9soudre-la-crise-politique\"> l\u2019arrogance de l\u2019imam Dicko<\/a><\/strong> vis-\u00e0-vis des chefs d\u2019\u00c9tat de la C\u00e9d\u00e9ao, Ibrahim Boubacar Ke\u00efta leur a parl\u00e9 d\u2019un coup d\u2019\u00c9tat rampant des opposants. \u00ab\u00a0<em>L\u2019imam Dicko est accul\u00e9<\/em>, selon IBK.<em> Il est sorti de sa tani\u00e8re et son projet est d\u00e9voil\u00e9<\/em>\u00a0\u00bb. Enfin, le pr\u00e9sident malien a d\u00e9clar\u00e9 qu\u2019il adh\u00e8re aux conclusions du rapport de la C\u00e9d\u00e9ao. La conf\u00e9rence doit se poursuivre d\u00e9sormais autour d\u2019un d\u00e9bat entre les chefs d\u2019\u00c9tat.<\/p>\n<p><strong>RFI<\/strong><\/p>\n","protected":false},"excerpt":{"rendered":"<p>Les chefs d&rsquo;\u00c9tat de la Communaut\u00e9 \u00e9conomique des \u00c9tats de l&rsquo;Afrique de l&rsquo;Ouest (C\u00e9d\u00e9ao) sont r\u00e9unis, ce lundi 27 juillet, en sommet extraordinaire. Cette r\u00e9union par visio-conf\u00e9rence est pr\u00e9sid\u00e9e par le pr\u00e9sident du Niger, Mahamadou Issoufou, actuel pr\u00e9sident en exercice de la C\u00e9d\u00e9ao. L&rsquo;objectif est d&rsquo;aider le Mali \u00e0 sortir de la crise politique. Un [&hellip;]<\/p>\n","protected":false},"author":12,"featured_media":30228,"comment_status":"closed","ping_status":"open","sticky":false,"template":"","format":"standard","meta":{"_exactmetrics_skip_tracking":false,"_exactmetrics_sitenote_active":false,"_exactmetrics_sitenote_note":"","_exactmetrics_sitenote_category":0,"tdm_status":"","tdm_grid_status":"","footnotes":""},"categories":[21],"tags":[],"class_list":{"0":"post-30227","1":"post","2":"type-post","3":"status-publish","4":"format-standard","5":"has-post-thumbnail","7":"category-international"},"yoast_head":"<!-- This site is optimized with the Yoast SEO plugin v24.2 - https:\/\/yoast.com\/wordpress\/plugins\/seo\/ -->\n<title>Crise au Mali: \u00abLa cr\u00e9dibilit\u00e9 de la C\u00e9d\u00e9ao est en jeu\u00bb, estime Alassane Ouattara | Guin\u00e9e Diversit\u00e9<\/title>\n<meta name=\"robots\" content=\"index, follow, max-snippet:-1, max-image-preview:large, max-video-preview:-1\" \/>\n<link rel=\"canonical\" href=\"https:\/\/guineediversite.com\/index.php\/2020\/07\/27\/crise-au-mali-la-credibilite-de-la-cedeao-est-en-jeu-estime-alassane-ouattara\/\" \/>\n<meta property=\"og:locale\" content=\"fr_FR\" \/>\n<meta property=\"og:type\" content=\"article\" \/>\n<meta property=\"og:title\" content=\"Crise au Mali: \u00abLa cr\u00e9dibilit\u00e9 de la C\u00e9d\u00e9ao est en jeu\u00bb, estime Alassane Ouattara | Guin\u00e9e Diversit\u00e9\" \/>\n<meta property=\"og:description\" content=\"Les chefs d&rsquo;\u00c9tat de la Communaut\u00e9 \u00e9conomique des \u00c9tats de l&rsquo;Afrique de l&rsquo;Ouest (C\u00e9d\u00e9ao) sont r\u00e9unis, ce lundi 27 juillet, en sommet extraordinaire. Cette r\u00e9union par visio-conf\u00e9rence est pr\u00e9sid\u00e9e par le pr\u00e9sident du Niger, Mahamadou Issoufou, actuel pr\u00e9sident en exercice de la C\u00e9d\u00e9ao. L&rsquo;objectif est d&rsquo;aider le Mali \u00e0 sortir de la crise politique. Un [&hellip;]\" \/>\n<meta property=\"og:url\" content=\"https:\/\/guineediversite.com\/index.php\/2020\/07\/27\/crise-au-mali-la-credibilite-de-la-cedeao-est-en-jeu-estime-alassane-ouattara\/\" \/>\n<meta property=\"og:site_name\" content=\"Guin\u00e9e Diversit\u00e9\" \/>\n<meta property=\"article:publisher\" content=\"https:\/\/www.facebook.com\/guineediversite\/\" \/>\n<meta property=\"article:published_time\" content=\"2020-07-27T15:26:31+00:00\" \/>\n<meta property=\"og:image\" content=\"https:\/\/guineediversite.com\/wp-content\/uploads\/2020\/07\/Des-manifestants-h\u00e9rissent-des-barricades-\u00e0-Bamako-le-11-juillet-2020..jpg\" \/>\n\t<meta property=\"og:image:width\" content=\"1500\" \/>\n\t<meta property=\"og:image:height\" content=\"840\" \/>\n\t<meta property=\"og:image:type\" content=\"image\/jpeg\" \/>\n<meta name=\"author\" content=\"Guin\u00e9e Diversit\u00e9\" \/>\n<meta name=\"twitter:card\" content=\"summary_large_image\" \/>\n<meta name=\"twitter:creator\" content=\"@GuineeDiversite\" \/>\n<meta name=\"twitter:site\" content=\"@GuineeDiversite\" \/>\n<meta name=\"twitter:label1\" content=\"\u00c9crit par\" \/>\n\t<meta name=\"twitter:data1\" content=\"Guin\u00e9e Diversit\u00e9\" \/>\n\t<meta name=\"twitter:label2\" content=\"Dur\u00e9e de lecture estim\u00e9e\" \/>\n\t<meta name=\"twitter:data2\" content=\"2 minutes\" \/>\n<script type=\"application\/ld+json\" class=\"yoast-schema-graph\">{\"@context\":\"https:\/\/schema.org\",\"@graph\":[{\"@type\":\"Article\",\"@id\":\"https:\/\/guineediversite.com\/index.php\/2020\/07\/27\/crise-au-mali-la-credibilite-de-la-cedeao-est-en-jeu-estime-alassane-ouattara\/#article\",\"isPartOf\":{\"@id\":\"https:\/\/guineediversite.com\/index.php\/2020\/07\/27\/crise-au-mali-la-credibilite-de-la-cedeao-est-en-jeu-estime-alassane-ouattara\/\"},\"author\":{\"name\":\"Guin\u00e9e Diversit\u00e9\",\"@id\":\"https:\/\/guineediversite.com\/#\/schema\/person\/afa08fb34e7fc6e1feafc892612bc836\"},\"headline\":\"Crise au Mali: \u00abLa cr\u00e9dibilit\u00e9 de la C\u00e9d\u00e9ao est en jeu\u00bb, estime Alassane Ouattara\",\"datePublished\":\"2020-07-27T15:26:31+00:00\",\"dateModified\":\"2020-07-27T15:26:31+00:00\",\"mainEntityOfPage\":{\"@id\":\"https:\/\/guineediversite.com\/index.php\/2020\/07\/27\/crise-au-mali-la-credibilite-de-la-cedeao-est-en-jeu-estime-alassane-ouattara\/\"},\"wordCount\":488,\"publisher\":{\"@id\":\"https:\/\/guineediversite.com\/#organization\"},\"image\":{\"@id\":\"https:\/\/guineediversite.com\/index.php\/2020\/07\/27\/crise-au-mali-la-credibilite-de-la-cedeao-est-en-jeu-estime-alassane-ouattara\/#primaryimage\"},\"thumbnailUrl\":\"https:\/\/guineediversite.com\/wp-content\/uploads\/2020\/07\/Des-manifestants-h\u00e9rissent-des-barricades-\u00e0-Bamako-le-11-juillet-2020..jpg\",\"articleSection\":[\"International\"],\"inLanguage\":\"fr-FR\"},{\"@type\":\"WebPage\",\"@id\":\"https:\/\/guineediversite.com\/index.php\/2020\/07\/27\/crise-au-mali-la-credibilite-de-la-cedeao-est-en-jeu-estime-alassane-ouattara\/\",\"url\":\"https:\/\/guineediversite.com\/index.php\/2020\/07\/27\/crise-au-mali-la-credibilite-de-la-cedeao-est-en-jeu-estime-alassane-ouattara\/\",\"name\":\"Crise au Mali: \u00abLa cr\u00e9dibilit\u00e9 de la C\u00e9d\u00e9ao est en jeu\u00bb, estime Alassane Ouattara | Guin\u00e9e Diversit\u00e9\",\"isPartOf\":{\"@id\":\"https:\/\/guineediversite.com\/#website\"},\"primaryImageOfPage\":{\"@id\":\"https:\/\/guineediversite.com\/index.php\/2020\/07\/27\/crise-au-mali-la-credibilite-de-la-cedeao-est-en-jeu-estime-alassane-ouattara\/#primaryimage\"},\"image\":{\"@id\":\"https:\/\/guineediversite.com\/index.php\/2020\/07\/27\/crise-au-mali-la-credibilite-de-la-cedeao-est-en-jeu-estime-alassane-ouattara\/#primaryimage\"},\"thumbnailUrl\":\"https:\/\/guineediversite.com\/wp-content\/uploads\/2020\/07\/Des-manifestants-h\u00e9rissent-des-barricades-\u00e0-Bamako-le-11-juillet-2020..jpg\",\"datePublished\":\"2020-07-27T15:26:31+00:00\",\"dateModified\":\"2020-07-27T15:26:31+00:00\",\"breadcrumb\":{\"@id\":\"https:\/\/guineediversite.com\/index.php\/2020\/07\/27\/crise-au-mali-la-credibilite-de-la-cedeao-est-en-jeu-estime-alassane-ouattara\/#breadcrumb\"},\"inLanguage\":\"fr-FR\",\"potentialAction\":[{\"@type\":\"ReadAction\",\"target\":[\"https:\/\/guineediversite.com\/index.php\/2020\/07\/27\/crise-au-mali-la-credibilite-de-la-cedeao-est-en-jeu-estime-alassane-ouattara\/\"]}]},{\"@type\":\"ImageObject\",\"inLanguage\":\"fr-FR\",\"@id\":\"https:\/\/guineediversite.com\/index.php\/2020\/07\/27\/crise-au-mali-la-credibilite-de-la-cedeao-est-en-jeu-estime-alassane-ouattara\/#primaryimage\",\"url\":\"https:\/\/guineediversite.com\/wp-content\/uploads\/2020\/07\/Des-manifestants-h\u00e9rissent-des-barricades-\u00e0-Bamako-le-11-juillet-2020..jpg\",\"contentUrl\":\"https:\/\/guineediversite.com\/wp-content\/uploads\/2020\/07\/Des-manifestants-h\u00e9rissent-des-barricades-\u00e0-Bamako-le-11-juillet-2020..jpg\",\"width\":1500,\"height\":840},{\"@type\":\"BreadcrumbList\",\"@id\":\"https:\/\/guineediversite.com\/index.php\/2020\/07\/27\/crise-au-mali-la-credibilite-de-la-cedeao-est-en-jeu-estime-alassane-ouattara\/#breadcrumb\",\"itemListElement\":[{\"@type\":\"ListItem\",\"position\":1,\"name\":\"Accueil\",\"item\":\"https:\/\/guineediversite.com\/\"},{\"@type\":\"ListItem\",\"position\":2,\"name\":\"Crise au Mali: \u00abLa cr\u00e9dibilit\u00e9 de la C\u00e9d\u00e9ao est en jeu\u00bb, estime Alassane Ouattara\"}]},{\"@type\":\"WebSite\",\"@id\":\"https:\/\/guineediversite.com\/#website\",\"url\":\"https:\/\/guineediversite.com\/\",\"name\":\"Guin\u00e9e Diversit\u00e9\",\"description\":\"L&#039;Info dans toute sa diversit\u00e9\",\"publisher\":{\"@id\":\"https:\/\/guineediversite.com\/#organization\"},\"potentialAction\":[{\"@type\":\"SearchAction\",\"target\":{\"@type\":\"EntryPoint\",\"urlTemplate\":\"https:\/\/guineediversite.com\/?s={search_term_string}\"},\"query-input\":{\"@type\":\"PropertyValueSpecification\",\"valueRequired\":true,\"valueName\":\"search_term_string\"}}],\"inLanguage\":\"fr-FR\"},{\"@type\":\"Organization\",\"@id\":\"https:\/\/guineediversite.com\/#organization\",\"name\":\"Guin\u00e9e Diversit\u00e9\",\"url\":\"https:\/\/guineediversite.com\/\",\"logo\":{\"@type\":\"ImageObject\",\"inLanguage\":\"fr-FR\",\"@id\":\"https:\/\/guineediversite.com\/#\/schema\/logo\/image\/\",\"url\":\"https:\/\/guineediversite.com\/wp-content\/uploads\/2017\/04\/cropped-1jojlxEOMkX9Wyqfhe43D6kjPOGqBBKmx3EwWJqZ0cMrFF54yM49.png\",\"contentUrl\":\"https:\/\/guineediversite.com\/wp-content\/uploads\/2017\/04\/cropped-1jojlxEOMkX9Wyqfhe43D6kjPOGqBBKmx3EwWJqZ0cMrFF54yM49.png\",\"width\":186,\"height\":112,\"caption\":\"Guin\u00e9e Diversit\u00e9\"},\"image\":{\"@id\":\"https:\/\/guineediversite.com\/#\/schema\/logo\/image\/\"},\"sameAs\":[\"https:\/\/www.facebook.com\/guineediversite\/\",\"https:\/\/x.com\/GuineeDiversite\",\"https:\/\/www.youtube.com\/channel\/UC8sUY16qelG5ge6_D5SB83g\"]},{\"@type\":\"Person\",\"@id\":\"https:\/\/guineediversite.com\/#\/schema\/person\/afa08fb34e7fc6e1feafc892612bc836\",\"name\":\"Guin\u00e9e Diversit\u00e9\",\"image\":{\"@type\":\"ImageObject\",\"inLanguage\":\"fr-FR\",\"@id\":\"https:\/\/guineediversite.com\/#\/schema\/person\/image\/\",\"url\":\"https:\/\/secure.gravatar.com\/avatar\/50d5eb5b390f8b65ac30ac6f898eb83a?s=96&d=mm&r=g\",\"contentUrl\":\"https:\/\/secure.gravatar.com\/avatar\/50d5eb5b390f8b65ac30ac6f898eb83a?s=96&d=mm&r=g\",\"caption\":\"Guin\u00e9e Diversit\u00e9\"},\"url\":\"https:\/\/guineediversite.com\/index.php\/author\/guineediversite\/\"}]}<\/script>\n<!-- \/ Yoast SEO plugin. -->","yoast_head_json":{"title":"Crise au Mali: \u00abLa cr\u00e9dibilit\u00e9 de la C\u00e9d\u00e9ao est en jeu\u00bb, estime Alassane Ouattara | Guin\u00e9e Diversit\u00e9","robots":{"index":"index","follow":"follow","max-snippet":"max-snippet:-1","max-image-preview":"max-image-preview:large","max-video-preview":"max-video-preview:-1"},"canonical":"https:\/\/guineediversite.com\/index.php\/2020\/07\/27\/crise-au-mali-la-credibilite-de-la-cedeao-est-en-jeu-estime-alassane-ouattara\/","og_locale":"fr_FR","og_type":"article","og_title":"Crise au Mali: \u00abLa cr\u00e9dibilit\u00e9 de la C\u00e9d\u00e9ao est en jeu\u00bb, estime Alassane Ouattara | Guin\u00e9e Diversit\u00e9","og_description":"Les chefs d&rsquo;\u00c9tat de la Communaut\u00e9 \u00e9conomique des \u00c9tats de l&rsquo;Afrique de l&rsquo;Ouest (C\u00e9d\u00e9ao) sont r\u00e9unis, ce lundi 27 juillet, en sommet extraordinaire. Cette r\u00e9union par visio-conf\u00e9rence est pr\u00e9sid\u00e9e par le pr\u00e9sident du Niger, Mahamadou Issoufou, actuel pr\u00e9sident en exercice de la C\u00e9d\u00e9ao. L&rsquo;objectif est d&rsquo;aider le Mali \u00e0 sortir de la crise politique. Un [&hellip;]","og_url":"https:\/\/guineediversite.com\/index.php\/2020\/07\/27\/crise-au-mali-la-credibilite-de-la-cedeao-est-en-jeu-estime-alassane-ouattara\/","og_site_name":"Guin\u00e9e Diversit\u00e9","article_publisher":"https:\/\/www.facebook.com\/guineediversite\/","article_published_time":"2020-07-27T15:26:31+00:00","og_image":[{"width":1500,"height":840,"url":"https:\/\/guineediversite.com\/wp-content\/uploads\/2020\/07\/Des-manifestants-h\u00e9rissent-des-barricades-\u00e0-Bamako-le-11-juillet-2020..jpg","type":"image\/jpeg"}],"author":"Guin\u00e9e Diversit\u00e9","twitter_card":"summary_large_image","twitter_creator":"@GuineeDiversite","twitter_site":"@GuineeDiversite","twitter_misc":{"\u00c9crit par":"Guin\u00e9e Diversit\u00e9","Dur\u00e9e de lecture estim\u00e9e":"2 minutes"},"schema":{"@context":"https:\/\/schema.org","@graph":[{"@type":"Article","@id":"https:\/\/guineediversite.com\/index.php\/2020\/07\/27\/crise-au-mali-la-credibilite-de-la-cedeao-est-en-jeu-estime-alassane-ouattara\/#article","isPartOf":{"@id":"https:\/\/guineediversite.com\/index.php\/2020\/07\/27\/crise-au-mali-la-credibilite-de-la-cedeao-est-en-jeu-estime-alassane-ouattara\/"},"author":{"name":"Guin\u00e9e Diversit\u00e9","@id":"https:\/\/guineediversite.com\/#\/schema\/person\/afa08fb34e7fc6e1feafc892612bc836"},"headline":"Crise au Mali: \u00abLa cr\u00e9dibilit\u00e9 de la C\u00e9d\u00e9ao est en jeu\u00bb, estime Alassane Ouattara","datePublished":"2020-07-27T15:26:31+00:00","dateModified":"2020-07-27T15:26:31+00:00","mainEntityOfPage":{"@id":"https:\/\/guineediversite.com\/index.php\/2020\/07\/27\/crise-au-mali-la-credibilite-de-la-cedeao-est-en-jeu-estime-alassane-ouattara\/"},"wordCount":488,"publisher":{"@id":"https:\/\/guineediversite.com\/#organization"},"image":{"@id":"https:\/\/guineediversite.com\/index.php\/2020\/07\/27\/crise-au-mali-la-credibilite-de-la-cedeao-est-en-jeu-estime-alassane-ouattara\/#primaryimage"},"thumbnailUrl":"https:\/\/guineediversite.com\/wp-content\/uploads\/2020\/07\/Des-manifestants-h\u00e9rissent-des-barricades-\u00e0-Bamako-le-11-juillet-2020..jpg","articleSection":["International"],"inLanguage":"fr-FR"},{"@type":"WebPage","@id":"https:\/\/guineediversite.com\/index.php\/2020\/07\/27\/crise-au-mali-la-credibilite-de-la-cedeao-est-en-jeu-estime-alassane-ouattara\/","url":"https:\/\/guineediversite.com\/index.php\/2020\/07\/27\/crise-au-mali-la-credibilite-de-la-cedeao-est-en-jeu-estime-alassane-ouattara\/","name":"Crise au Mali: \u00abLa cr\u00e9dibilit\u00e9 de la C\u00e9d\u00e9ao est en jeu\u00bb, estime Alassane Ouattara | Guin\u00e9e Diversit\u00e9","isPartOf":{"@id":"https:\/\/guineediversite.com\/#website"},"primaryImageOfPage":{"@id":"https:\/\/guineediversite.com\/index.php\/2020\/07\/27\/crise-au-mali-la-credibilite-de-la-cedeao-est-en-jeu-estime-alassane-ouattara\/#primaryimage"},"image":{"@id":"https:\/\/guineediversite.com\/index.php\/2020\/07\/27\/crise-au-mali-la-credibilite-de-la-cedeao-est-en-jeu-estime-alassane-ouattara\/#primaryimage"},"thumbnailUrl":"https:\/\/guineediversite.com\/wp-content\/uploads\/2020\/07\/Des-manifestants-h\u00e9rissent-des-barricades-\u00e0-Bamako-le-11-juillet-2020..jpg","datePublished":"2020-07-27T15:26:31+00:00","dateModified":"2020-07-27T15:26:31+00:00","breadcrumb":{"@id":"https:\/\/guineediversite.com\/index.php\/2020\/07\/27\/crise-au-mali-la-credibilite-de-la-cedeao-est-en-jeu-estime-alassane-ouattara\/#breadcrumb"},"inLanguage":"fr-FR","potentialAction":[{"@type":"ReadAction","target":["https:\/\/guineediversite.com\/index.php\/2020\/07\/27\/crise-au-mali-la-credibilite-de-la-cedeao-est-en-jeu-estime-alassane-ouattara\/"]}]},{"@type":"ImageObject","inLanguage":"fr-FR","@id":"https:\/\/guineediversite.com\/index.php\/2020\/07\/27\/crise-au-mali-la-credibilite-de-la-cedeao-est-en-jeu-estime-alassane-ouattara\/#primaryimage","url":"https:\/\/guineediversite.com\/wp-content\/uploads\/2020\/07\/Des-manifestants-h\u00e9rissent-des-barricades-\u00e0-Bamako-le-11-juillet-2020..jpg","contentUrl":"https:\/\/guineediversite.com\/wp-content\/uploads\/2020\/07\/Des-manifestants-h\u00e9rissent-des-barricades-\u00e0-Bamako-le-11-juillet-2020..jpg","width":1500,"height":840},{"@type":"BreadcrumbList","@id":"https:\/\/guineediversite.com\/index.php\/2020\/07\/27\/crise-au-mali-la-credibilite-de-la-cedeao-est-en-jeu-estime-alassane-ouattara\/#breadcrumb","itemListElement":[{"@type":"ListItem","position":1,"name":"Accueil","item":"https:\/\/guineediversite.com\/"},{"@type":"ListItem","position":2,"name":"Crise au Mali: \u00abLa cr\u00e9dibilit\u00e9 de la C\u00e9d\u00e9ao est en jeu\u00bb, estime Alassane Ouattara"}]},{"@type":"WebSite","@id":"https:\/\/guineediversite.com\/#website","url":"https:\/\/guineediversite.com\/","name":"Guin\u00e9e Diversit\u00e9","description":"L&#039;Info dans toute sa diversit\u00e9","publisher":{"@id":"https:\/\/guineediversite.com\/#organization"},"potentialAction":[{"@type":"SearchAction","target":{"@type":"EntryPoint","urlTemplate":"https:\/\/guineediversite.com\/?s={search_term_string}"},"query-input":{"@type":"PropertyValueSpecification","valueRequired":true,"valueName":"search_term_string"}}],"inLanguage":"fr-FR"},{"@type":"Organization","@id":"https:\/\/guineediversite.com\/#organization","name":"Guin\u00e9e Diversit\u00e9","url":"https:\/\/guineediversite.com\/","logo":{"@type":"ImageObject","inLanguage":"fr-FR","@id":"https:\/\/guineediversite.com\/#\/schema\/logo\/image\/","url":"https:\/\/guineediversite.com\/wp-content\/uploads\/2017\/04\/cropped-1jojlxEOMkX9Wyqfhe43D6kjPOGqBBKmx3EwWJqZ0cMrFF54yM49.png","contentUrl":"https:\/\/guineediversite.com\/wp-content\/uploads\/2017\/04\/cropped-1jojlxEOMkX9Wyqfhe43D6kjPOGqBBKmx3EwWJqZ0cMrFF54yM49.png","width":186,"height":112,"caption":"Guin\u00e9e Diversit\u00e9"},"image":{"@id":"https:\/\/guineediversite.com\/#\/schema\/logo\/image\/"},"sameAs":["https:\/\/www.facebook.com\/guineediversite\/","https:\/\/x.com\/GuineeDiversite","https:\/\/www.youtube.com\/channel\/UC8sUY16qelG5ge6_D5SB83g"]},{"@type":"Person","@id":"https:\/\/guineediversite.com\/#\/schema\/person\/afa08fb34e7fc6e1feafc892612bc836","name":"Guin\u00e9e Diversit\u00e9","image":{"@type":"ImageObject","inLanguage":"fr-FR","@id":"https:\/\/guineediversite.com\/#\/schema\/person\/image\/","url":"https:\/\/secure.gravatar.com\/avatar\/50d5eb5b390f8b65ac30ac6f898eb83a?s=96&d=mm&r=g","contentUrl":"https:\/\/secure.gravatar.com\/avatar\/50d5eb5b390f8b65ac30ac6f898eb83a?s=96&d=mm&r=g","caption":"Guin\u00e9e Diversit\u00e9"},"url":"https:\/\/guineediversite.com\/index.php\/author\/guineediversite\/"}]}},"_links":{"self":[{"href":"https:\/\/guineediversite.com\/index.php\/wp-json\/wp\/v2\/posts\/30227"}],"collection":[{"href":"https:\/\/guineediversite.com\/index.php\/wp-json\/wp\/v2\/posts"}],"about":[{"href":"https:\/\/guineediversite.com\/index.php\/wp-json\/wp\/v2\/types\/post"}],"author":[{"embeddable":true,"href":"https:\/\/guineediversite.com\/index.php\/wp-json\/wp\/v2\/users\/12"}],"replies":[{"embeddable":true,"href":"https:\/\/guineediversite.com\/index.php\/wp-json\/wp\/v2\/comments?post=30227"}],"version-history":[{"count":1,"href":"https:\/\/guineediversite.com\/index.php\/wp-json\/wp\/v2\/posts\/30227\/revisions"}],"predecessor-version":[{"id":30229,"href":"https:\/\/guineediversite.com\/index.php\/wp-json\/wp\/v2\/posts\/30227\/revisions\/30229"}],"wp:featuredmedia":[{"embeddable":true,"href":"https:\/\/guineediversite.com\/index.php\/wp-json\/wp\/v2\/media\/30228"}],"wp:attachment":[{"href":"https:\/\/guineediversite.com\/index.php\/wp-json\/wp\/v2\/media?parent=30227"}],"wp:term":[{"taxonomy":"category","embeddable":true,"href":"https:\/\/guineediversite.com\/index.php\/wp-json\/wp\/v2\/categories?post=30227"},{"taxonomy":"post_tag","embeddable":true,"href":"https:\/\/guineediversite.com\/index.php\/wp-json\/wp\/v2\/tags?post=30227"}],"curies":[{"name":"wp","href":"https:\/\/api.w.org\/{rel}","templated":true}]}}