{"id":30224,"date":"2020-07-25T19:30:19","date_gmt":"2020-07-25T17:30:19","guid":{"rendered":"https:\/\/guineediversite.com\/?p=30224"},"modified":"2020-07-25T19:30:19","modified_gmt":"2020-07-25T17:30:19","slug":"covid-19-mohamed-mara-nous-ne-devons-pas-baisser-la-garde","status":"publish","type":"post","link":"https:\/\/guineediversite.com\/index.php\/2020\/07\/25\/covid-19-mohamed-mara-nous-ne-devons-pas-baisser-la-garde\/","title":{"rendered":"Covid-19\/Mohamed Mara : \u00ab nous ne devons pas baisser la garde \u00bb"},"content":{"rendered":"<p>Cet autre t\u00e9moignage nous est livr\u00e9 par Mohamed Mara, notre confr\u00e8re de Hadafo m\u00e9dias. Il avait \u00e9galement s\u00e9journ\u00e9 \u00e0 Donka pour des raisons de Covid-19. Ici, tout d\u2019abord, il nous relate les rumeurs et autres appr\u00e9hensions auxquelles son cas particulier avait donn\u00e9 lieu. Ensuite, m\u00eame si la maladie est aujourd\u2019hui en passe d\u2019\u00eatre maitris\u00e9e, notre confr\u00e8re nous invite \u00e0 maintenir la vigilance et \u00e0 continuer \u00e0 faire preuve de responsabilit\u00e9, en observant les gestes barri\u00e8res. Des gestes dont il dit d\u2019ailleurs qu\u2019ils sont une preuve d\u2019amour \u00ab\u00a0<em>envers nous-m\u00eames et envers nos proches que nous prot\u00e9gerions ainsi\u00a0\u00bb.<\/em><\/p>\n<p>Depuis l\u2019av\u00e8nement du nouveau coronavirus et surtout en raison du contexte de m\u00e9fiance qui sous-tend la crise politique en Guin\u00e9e, on entend toutes sortes de rumeurs sur fond d\u2019appr\u00e9hensions autour du d\u00e9pistage et de la prise en charge des cas av\u00e9r\u00e9s de Covid-19. Au point que beaucoup redouteraient encore de se soumettre au d\u00e9pistage. Qu\u2019est-ce que tout cela vous inspire\u00a0et qu\u2019auriez-vous envie de dire aux Guin\u00e9ens ?<\/p>\n<p>Je suis le cinqui\u00e8me du \u201ccollectif des Six contre la Covid-19\u201d\u00a0\u00e0 \u00eatre d\u00e9clar\u00e9 positif au coronavirus, le samedi 04 avril 2020. Il faut pr\u00e9ciser que mon d\u00e9pistage avait eu lieu cinq jours auparavant, soit le 31 mars. Dans un premier temps, seulement deux de mes coll\u00e8gues du m\u00eame groupe m\u00e9diatique, Moussa Y\u00e9ro Bah et Aboubacar Dallo, avaient \u00e9t\u00e9 d\u00e9clar\u00e9s positifs avant moi. Pourtant nous avions \u00e9t\u00e9 d\u00e9pist\u00e9s le m\u00eame jour, et mon r\u00e9sultat tardif avait suscit\u00e9 beaucoup d\u2019\u00e9moi dans l\u2019opinion. En r\u00e9alit\u00e9, c\u2019est ma qualit\u00e9 de chroniqueur de l\u2019\u00e9mission \u00ab\u00a0Les Grandes Gueules\u00a0\u00bb qui inqui\u00e9tait de nombreuses personnes.<\/p>\n<p>Je rappelle que nous \u00e9tions dans un contexte politique des plus d\u00e9l\u00e9t\u00e8res, puisque nous \u00e9tions quelques jours apr\u00e8s les graves violences post-\u00e9lectorales enregistr\u00e9es en r\u00e9gion foresti\u00e8re, et la Guin\u00e9e \u00e9tait dans l\u2019attente de la promulgation du nouveau texte constitutionnel du 22 mars.<\/p>\n<p>Sur le plan personnel, il faut reconna\u00eetre que mon opposition farouche \u00e0 l\u2019adoption de ce texte m\u2019avait valu bien des inimiti\u00e9s et les menaces quant \u00e0 ma s\u00e9curit\u00e9 n\u2019\u00e9taient pas rares. Cette situation expliquait tr\u00e8s probablement les suspicions qui pesaient sur la v\u00e9racit\u00e9 du r\u00e9sultat de mon test \u00e0 la COVID-19. De nombreuses personnes m\u2019avaient appel\u00e9, mettant en doute ce r\u00e9sultat. Dans mon propre entourage, beaucoup craignaient que mon admission au centre de traitement de Donka ne f\u00fbt un subterfuge que le gouvernement utilisait pour me museler ou au pire m\u2019assassiner. Des journalistes de grande notori\u00e9t\u00e9 n\u2019avaient pas h\u00e9sit\u00e9 \u00e0 se poser ouvertement des questions sur mon cas, et je devais sans cesse r\u00e9pondre au t\u00e9l\u00e9phone pour essayer d\u2019expliquer \u00e0 beaucoup de ces personnes que j\u2019\u00e9tais r\u00e9ellement malade et que j\u2019avais besoin de soins. Cette situation \u00e9tait psychologiquement tr\u00e8s difficile pour mes proches et moi, et j\u2019image aussi pour le personnel de prise en charge m\u00e9dicale qui \u00e9tait d\u00e9j\u00e0 sous une forte pression \u00e0 cause du nombre galopant de malades qui affluaient chaque jour. On avait d\u00e9j\u00e0 l\u2019impression que les \u00e9quipes \u00e9taient d\u00e9bord\u00e9es, et les plaintes des malades devenaient nombreuses y compris dans les m\u00e9dias. Comme pour ne rien arranger, les premiers cas de d\u00e9c\u00e8s ont \u00e9t\u00e9 enregistr\u00e9s surtout parmi de hautes personnalit\u00e9s du pays.<\/p>\n<p>D\u00e9sormais, une vraie psychose s\u2019emparait du pays tout entier avec la d\u00e9claration d\u2019un Etat d\u2019urgence sanitaire. Je rappelle que le contexte politique \u00e9tait juste irrespirable et agr\u00e9mentait le lit des suspicions et des rumeurs.<\/p>\n<p>Pourtant, si les contaminations se multipliaient avec l\u2019apparition des premiers cas \u00e0 l\u2019int\u00e9rieur du pays, l\u2019\u00e9quipe des cliniciens maitrisait parfaitement la situation. J\u2019ai constat\u00e9 pendant mon s\u00e9jour que les personnes qui avaient succomb\u00e9 \u00e9taient arriv\u00e9es d\u00e9j\u00e0 tr\u00e8s \u00e9puis\u00e9es, avec des complications li\u00e9es \u00e0 l\u2019\u00e2ge ou \u00e0 plusieurs facteurs de comorbidit\u00e9. Malgr\u00e9 leurs nombres r\u00e9duits, ces m\u00e9decins, infirmiers et m\u00eames les techniciens de surface donnaient le maximum pour nous rassurer et nous soulager physiquement. J\u2019\u00e9tais de ceux qui avaient d\u00e9velopp\u00e9 plusieurs sympt\u00f4mes. Que le d\u00e9vouement et leur conscience professionnelle soient \u00e0 jamais salu\u00e9es.<\/p>\n<p>Je tire de cette exp\u00e9rience que le d\u00e9ficit de communication rend propice la propagation des rumeurs avec son corollaire de r\u00e9ticence chez nos concitoyens qui h\u00e9sitent \u00e0 se faire d\u00e9pister \u00e0 temps, ou qui pr\u00e9f\u00e8rent se cacher au lieu d\u2019aller se faire prendre en charge dans les centres de traitement. Malheureusement, les complications et les d\u00e9c\u00e8s enregistr\u00e9s concernent la plupart du temps cette cat\u00e9gorie de personnes.<\/p>\n<p>Alors qu\u2019on esp\u00e9rait en avoir fini avec la pand\u00e9mie, de plus en plus on \u00e9voque les risques d\u2019une nouvelle vague. La Guin\u00e9e est-elle \u00e9galement expos\u00e9e \u00e0 ce risque et que faut-il faire pour l\u2019\u00e9viter\u00a0?<\/p>\n<p>Nous devons faire attention aux statistiques qui tombent chaque jour \u00e0 l\u2019ANSS (Agence Nationale de S\u00e9curit\u00e9 Sanitaire). Les chiffres actuels sont tr\u00e8s encourageants et d\u00e9montrent \u00e0 suffisance que notre pays est dans la bonne voie pour en finir avec le virus maudit. Cependant, je crains que nous ne soyons r\u00e9ellement expos\u00e9s \u00e0 une nouvelle vague de contamination surtout dans l\u2019arri\u00e8re-pays. Les structures engag\u00e9es dans la sensibilisation semblent lever le pied ces derni\u00e8res semaines et il est presque devenu banal de rencontrer des Guin\u00e9ens qui ignorent totalement les gestes barri\u00e8res et le port du masque de protection en particulier.<\/p>\n<p>Ceci m\u2019inqui\u00e8te, quand on sait que l\u2019int\u00e9rieur du pays ne dispose pas toujours de structures sanitaires fonctionnelles. Bien plus, les populations sont plus \u00e2g\u00e9es dans ces localit\u00e9s avec ce que cela implique comme risques pour elles.\u00a0 Nous ne devons pas baisser la garde dans la sensibilisation, ni ostraciser les gu\u00e9ris du la COVID-19 qui sont le t\u00e9moignage vivant qu\u2019on en gu\u00e9rit, je dirais m\u00eame facilement, \u00e0 condition qu\u2019on soit pris en charge \u00e0 temps.<\/p>\n<p>Notre pays dispose de suffisamment de kits de d\u00e9pistage aujourd\u2019hui, et il serait presque irresponsable qu\u2019on meure de ce mal juste parce qu\u2019on a des appr\u00e9hensions, alors que la maladie est de mieux en mieux cern\u00e9e par nos experts nationaux et les renforts venus de l\u2019\u00e9tranger. Les \u00e9quipes de prise en charge sont sur pied \u00e0 toute heure du jour comme la nuit, il ne faut pas se cloitrer en esp\u00e9rant le miracle de la gu\u00e9rison quand les structures sanitaires sont aptes \u00e0 nous prendre en charge.<\/p>\n<p>Finalement, je dirais que le respect des gestes barri\u00e8res et le d\u00e9pistage sont en r\u00e9alit\u00e9 un geste d\u2019amour, envers nous-m\u00eames et envers nos proches que nous prot\u00e9gerions ainsi.<\/p>\n<p>Mohamed Mara, Jouranliste<\/p>\n<p>&nbsp;<\/p>\n","protected":false},"excerpt":{"rendered":"<p>Cet autre t\u00e9moignage nous est livr\u00e9 par Mohamed Mara, notre confr\u00e8re de Hadafo m\u00e9dias. Il avait \u00e9galement s\u00e9journ\u00e9 \u00e0 Donka pour des raisons de Covid-19. Ici, tout d\u2019abord, il nous relate les rumeurs et autres appr\u00e9hensions auxquelles son cas particulier avait donn\u00e9 lieu. Ensuite, m\u00eame si la maladie est aujourd\u2019hui en passe d\u2019\u00eatre maitris\u00e9e, notre [&hellip;]<\/p>\n","protected":false},"author":12,"featured_media":30225,"comment_status":"closed","ping_status":"open","sticky":false,"template":"","format":"standard","meta":{"_exactmetrics_skip_tracking":false,"_exactmetrics_sitenote_active":false,"_exactmetrics_sitenote_note":"","_exactmetrics_sitenote_category":0,"tdm_status":"","tdm_grid_status":"","footnotes":""},"categories":[447],"tags":[],"class_list":{"0":"post-30224","1":"post","2":"type-post","3":"status-publish","4":"format-standard","5":"has-post-thumbnail","7":"category-sante"},"yoast_head":"<!-- This site is optimized with the Yoast SEO plugin v24.2 - https:\/\/yoast.com\/wordpress\/plugins\/seo\/ -->\n<title>Covid-19\/Mohamed Mara : \u00ab nous ne devons pas baisser la garde \u00bb | Guin\u00e9e Diversit\u00e9<\/title>\n<meta name=\"robots\" content=\"index, follow, max-snippet:-1, max-image-preview:large, max-video-preview:-1\" \/>\n<link rel=\"canonical\" href=\"https:\/\/guineediversite.com\/index.php\/2020\/07\/25\/covid-19-mohamed-mara-nous-ne-devons-pas-baisser-la-garde\/\" \/>\n<meta property=\"og:locale\" content=\"fr_FR\" \/>\n<meta property=\"og:type\" content=\"article\" \/>\n<meta property=\"og:title\" content=\"Covid-19\/Mohamed Mara : \u00ab nous ne devons pas baisser la garde \u00bb | Guin\u00e9e Diversit\u00e9\" \/>\n<meta property=\"og:description\" content=\"Cet autre t\u00e9moignage nous est livr\u00e9 par Mohamed Mara, notre confr\u00e8re de Hadafo m\u00e9dias. Il avait \u00e9galement s\u00e9journ\u00e9 \u00e0 Donka pour des raisons de Covid-19. Ici, tout d\u2019abord, il nous relate les rumeurs et autres appr\u00e9hensions auxquelles son cas particulier avait donn\u00e9 lieu. Ensuite, m\u00eame si la maladie est aujourd\u2019hui en passe d\u2019\u00eatre maitris\u00e9e, notre [&hellip;]\" \/>\n<meta property=\"og:url\" content=\"https:\/\/guineediversite.com\/index.php\/2020\/07\/25\/covid-19-mohamed-mara-nous-ne-devons-pas-baisser-la-garde\/\" \/>\n<meta property=\"og:site_name\" content=\"Guin\u00e9e Diversit\u00e9\" \/>\n<meta property=\"article:publisher\" content=\"https:\/\/www.facebook.com\/guineediversite\/\" \/>\n<meta property=\"article:published_time\" content=\"2020-07-25T17:30:19+00:00\" \/>\n<meta property=\"og:image\" content=\"https:\/\/guineediversite.com\/wp-content\/uploads\/2020\/07\/Mohamed-Mara-journaliste-Espace-Fm.jpg\" \/>\n\t<meta property=\"og:image:width\" content=\"1500\" \/>\n\t<meta property=\"og:image:height\" content=\"1124\" \/>\n\t<meta property=\"og:image:type\" content=\"image\/jpeg\" \/>\n<meta name=\"author\" content=\"Guin\u00e9e Diversit\u00e9\" \/>\n<meta name=\"twitter:card\" content=\"summary_large_image\" \/>\n<meta name=\"twitter:creator\" content=\"@GuineeDiversite\" \/>\n<meta name=\"twitter:site\" content=\"@GuineeDiversite\" \/>\n<meta name=\"twitter:label1\" content=\"\u00c9crit par\" \/>\n\t<meta name=\"twitter:data1\" content=\"Guin\u00e9e Diversit\u00e9\" \/>\n\t<meta name=\"twitter:label2\" content=\"Dur\u00e9e de lecture estim\u00e9e\" \/>\n\t<meta name=\"twitter:data2\" content=\"6 minutes\" \/>\n<script type=\"application\/ld+json\" class=\"yoast-schema-graph\">{\"@context\":\"https:\/\/schema.org\",\"@graph\":[{\"@type\":\"Article\",\"@id\":\"https:\/\/guineediversite.com\/index.php\/2020\/07\/25\/covid-19-mohamed-mara-nous-ne-devons-pas-baisser-la-garde\/#article\",\"isPartOf\":{\"@id\":\"https:\/\/guineediversite.com\/index.php\/2020\/07\/25\/covid-19-mohamed-mara-nous-ne-devons-pas-baisser-la-garde\/\"},\"author\":{\"name\":\"Guin\u00e9e Diversit\u00e9\",\"@id\":\"https:\/\/guineediversite.com\/#\/schema\/person\/afa08fb34e7fc6e1feafc892612bc836\"},\"headline\":\"Covid-19\/Mohamed Mara : \u00ab nous ne devons pas baisser la garde \u00bb\",\"datePublished\":\"2020-07-25T17:30:19+00:00\",\"dateModified\":\"2020-07-25T17:30:19+00:00\",\"mainEntityOfPage\":{\"@id\":\"https:\/\/guineediversite.com\/index.php\/2020\/07\/25\/covid-19-mohamed-mara-nous-ne-devons-pas-baisser-la-garde\/\"},\"wordCount\":1196,\"publisher\":{\"@id\":\"https:\/\/guineediversite.com\/#organization\"},\"image\":{\"@id\":\"https:\/\/guineediversite.com\/index.php\/2020\/07\/25\/covid-19-mohamed-mara-nous-ne-devons-pas-baisser-la-garde\/#primaryimage\"},\"thumbnailUrl\":\"https:\/\/guineediversite.com\/wp-content\/uploads\/2020\/07\/Mohamed-Mara-journaliste-Espace-Fm.jpg\",\"articleSection\":[\"Sant\u00e9\"],\"inLanguage\":\"fr-FR\"},{\"@type\":\"WebPage\",\"@id\":\"https:\/\/guineediversite.com\/index.php\/2020\/07\/25\/covid-19-mohamed-mara-nous-ne-devons-pas-baisser-la-garde\/\",\"url\":\"https:\/\/guineediversite.com\/index.php\/2020\/07\/25\/covid-19-mohamed-mara-nous-ne-devons-pas-baisser-la-garde\/\",\"name\":\"Covid-19\/Mohamed Mara : \u00ab nous ne devons pas baisser la garde \u00bb | Guin\u00e9e Diversit\u00e9\",\"isPartOf\":{\"@id\":\"https:\/\/guineediversite.com\/#website\"},\"primaryImageOfPage\":{\"@id\":\"https:\/\/guineediversite.com\/index.php\/2020\/07\/25\/covid-19-mohamed-mara-nous-ne-devons-pas-baisser-la-garde\/#primaryimage\"},\"image\":{\"@id\":\"https:\/\/guineediversite.com\/index.php\/2020\/07\/25\/covid-19-mohamed-mara-nous-ne-devons-pas-baisser-la-garde\/#primaryimage\"},\"thumbnailUrl\":\"https:\/\/guineediversite.com\/wp-content\/uploads\/2020\/07\/Mohamed-Mara-journaliste-Espace-Fm.jpg\",\"datePublished\":\"2020-07-25T17:30:19+00:00\",\"dateModified\":\"2020-07-25T17:30:19+00:00\",\"breadcrumb\":{\"@id\":\"https:\/\/guineediversite.com\/index.php\/2020\/07\/25\/covid-19-mohamed-mara-nous-ne-devons-pas-baisser-la-garde\/#breadcrumb\"},\"inLanguage\":\"fr-FR\",\"potentialAction\":[{\"@type\":\"ReadAction\",\"target\":[\"https:\/\/guineediversite.com\/index.php\/2020\/07\/25\/covid-19-mohamed-mara-nous-ne-devons-pas-baisser-la-garde\/\"]}]},{\"@type\":\"ImageObject\",\"inLanguage\":\"fr-FR\",\"@id\":\"https:\/\/guineediversite.com\/index.php\/2020\/07\/25\/covid-19-mohamed-mara-nous-ne-devons-pas-baisser-la-garde\/#primaryimage\",\"url\":\"https:\/\/guineediversite.com\/wp-content\/uploads\/2020\/07\/Mohamed-Mara-journaliste-Espace-Fm.jpg\",\"contentUrl\":\"https:\/\/guineediversite.com\/wp-content\/uploads\/2020\/07\/Mohamed-Mara-journaliste-Espace-Fm.jpg\",\"width\":1500,\"height\":1124},{\"@type\":\"BreadcrumbList\",\"@id\":\"https:\/\/guineediversite.com\/index.php\/2020\/07\/25\/covid-19-mohamed-mara-nous-ne-devons-pas-baisser-la-garde\/#breadcrumb\",\"itemListElement\":[{\"@type\":\"ListItem\",\"position\":1,\"name\":\"Accueil\",\"item\":\"https:\/\/guineediversite.com\/\"},{\"@type\":\"ListItem\",\"position\":2,\"name\":\"Covid-19\/Mohamed Mara : \u00ab nous ne devons pas baisser la garde \u00bb\"}]},{\"@type\":\"WebSite\",\"@id\":\"https:\/\/guineediversite.com\/#website\",\"url\":\"https:\/\/guineediversite.com\/\",\"name\":\"Guin\u00e9e Diversit\u00e9\",\"description\":\"L&#039;Info dans toute sa diversit\u00e9\",\"publisher\":{\"@id\":\"https:\/\/guineediversite.com\/#organization\"},\"potentialAction\":[{\"@type\":\"SearchAction\",\"target\":{\"@type\":\"EntryPoint\",\"urlTemplate\":\"https:\/\/guineediversite.com\/?s={search_term_string}\"},\"query-input\":{\"@type\":\"PropertyValueSpecification\",\"valueRequired\":true,\"valueName\":\"search_term_string\"}}],\"inLanguage\":\"fr-FR\"},{\"@type\":\"Organization\",\"@id\":\"https:\/\/guineediversite.com\/#organization\",\"name\":\"Guin\u00e9e Diversit\u00e9\",\"url\":\"https:\/\/guineediversite.com\/\",\"logo\":{\"@type\":\"ImageObject\",\"inLanguage\":\"fr-FR\",\"@id\":\"https:\/\/guineediversite.com\/#\/schema\/logo\/image\/\",\"url\":\"https:\/\/guineediversite.com\/wp-content\/uploads\/2017\/04\/cropped-1jojlxEOMkX9Wyqfhe43D6kjPOGqBBKmx3EwWJqZ0cMrFF54yM49.png\",\"contentUrl\":\"https:\/\/guineediversite.com\/wp-content\/uploads\/2017\/04\/cropped-1jojlxEOMkX9Wyqfhe43D6kjPOGqBBKmx3EwWJqZ0cMrFF54yM49.png\",\"width\":186,\"height\":112,\"caption\":\"Guin\u00e9e Diversit\u00e9\"},\"image\":{\"@id\":\"https:\/\/guineediversite.com\/#\/schema\/logo\/image\/\"},\"sameAs\":[\"https:\/\/www.facebook.com\/guineediversite\/\",\"https:\/\/x.com\/GuineeDiversite\",\"https:\/\/www.youtube.com\/channel\/UC8sUY16qelG5ge6_D5SB83g\"]},{\"@type\":\"Person\",\"@id\":\"https:\/\/guineediversite.com\/#\/schema\/person\/afa08fb34e7fc6e1feafc892612bc836\",\"name\":\"Guin\u00e9e Diversit\u00e9\",\"image\":{\"@type\":\"ImageObject\",\"inLanguage\":\"fr-FR\",\"@id\":\"https:\/\/guineediversite.com\/#\/schema\/person\/image\/\",\"url\":\"https:\/\/secure.gravatar.com\/avatar\/50d5eb5b390f8b65ac30ac6f898eb83a?s=96&d=mm&r=g\",\"contentUrl\":\"https:\/\/secure.gravatar.com\/avatar\/50d5eb5b390f8b65ac30ac6f898eb83a?s=96&d=mm&r=g\",\"caption\":\"Guin\u00e9e Diversit\u00e9\"},\"url\":\"https:\/\/guineediversite.com\/index.php\/author\/guineediversite\/\"}]}<\/script>\n<!-- \/ Yoast SEO plugin. -->","yoast_head_json":{"title":"Covid-19\/Mohamed Mara : \u00ab nous ne devons pas baisser la garde \u00bb | Guin\u00e9e Diversit\u00e9","robots":{"index":"index","follow":"follow","max-snippet":"max-snippet:-1","max-image-preview":"max-image-preview:large","max-video-preview":"max-video-preview:-1"},"canonical":"https:\/\/guineediversite.com\/index.php\/2020\/07\/25\/covid-19-mohamed-mara-nous-ne-devons-pas-baisser-la-garde\/","og_locale":"fr_FR","og_type":"article","og_title":"Covid-19\/Mohamed Mara : \u00ab nous ne devons pas baisser la garde \u00bb | Guin\u00e9e Diversit\u00e9","og_description":"Cet autre t\u00e9moignage nous est livr\u00e9 par Mohamed Mara, notre confr\u00e8re de Hadafo m\u00e9dias. Il avait \u00e9galement s\u00e9journ\u00e9 \u00e0 Donka pour des raisons de Covid-19. Ici, tout d\u2019abord, il nous relate les rumeurs et autres appr\u00e9hensions auxquelles son cas particulier avait donn\u00e9 lieu. Ensuite, m\u00eame si la maladie est aujourd\u2019hui en passe d\u2019\u00eatre maitris\u00e9e, notre [&hellip;]","og_url":"https:\/\/guineediversite.com\/index.php\/2020\/07\/25\/covid-19-mohamed-mara-nous-ne-devons-pas-baisser-la-garde\/","og_site_name":"Guin\u00e9e Diversit\u00e9","article_publisher":"https:\/\/www.facebook.com\/guineediversite\/","article_published_time":"2020-07-25T17:30:19+00:00","og_image":[{"width":1500,"height":1124,"url":"https:\/\/guineediversite.com\/wp-content\/uploads\/2020\/07\/Mohamed-Mara-journaliste-Espace-Fm.jpg","type":"image\/jpeg"}],"author":"Guin\u00e9e Diversit\u00e9","twitter_card":"summary_large_image","twitter_creator":"@GuineeDiversite","twitter_site":"@GuineeDiversite","twitter_misc":{"\u00c9crit par":"Guin\u00e9e Diversit\u00e9","Dur\u00e9e de lecture estim\u00e9e":"6 minutes"},"schema":{"@context":"https:\/\/schema.org","@graph":[{"@type":"Article","@id":"https:\/\/guineediversite.com\/index.php\/2020\/07\/25\/covid-19-mohamed-mara-nous-ne-devons-pas-baisser-la-garde\/#article","isPartOf":{"@id":"https:\/\/guineediversite.com\/index.php\/2020\/07\/25\/covid-19-mohamed-mara-nous-ne-devons-pas-baisser-la-garde\/"},"author":{"name":"Guin\u00e9e Diversit\u00e9","@id":"https:\/\/guineediversite.com\/#\/schema\/person\/afa08fb34e7fc6e1feafc892612bc836"},"headline":"Covid-19\/Mohamed Mara : \u00ab nous ne devons pas baisser la garde \u00bb","datePublished":"2020-07-25T17:30:19+00:00","dateModified":"2020-07-25T17:30:19+00:00","mainEntityOfPage":{"@id":"https:\/\/guineediversite.com\/index.php\/2020\/07\/25\/covid-19-mohamed-mara-nous-ne-devons-pas-baisser-la-garde\/"},"wordCount":1196,"publisher":{"@id":"https:\/\/guineediversite.com\/#organization"},"image":{"@id":"https:\/\/guineediversite.com\/index.php\/2020\/07\/25\/covid-19-mohamed-mara-nous-ne-devons-pas-baisser-la-garde\/#primaryimage"},"thumbnailUrl":"https:\/\/guineediversite.com\/wp-content\/uploads\/2020\/07\/Mohamed-Mara-journaliste-Espace-Fm.jpg","articleSection":["Sant\u00e9"],"inLanguage":"fr-FR"},{"@type":"WebPage","@id":"https:\/\/guineediversite.com\/index.php\/2020\/07\/25\/covid-19-mohamed-mara-nous-ne-devons-pas-baisser-la-garde\/","url":"https:\/\/guineediversite.com\/index.php\/2020\/07\/25\/covid-19-mohamed-mara-nous-ne-devons-pas-baisser-la-garde\/","name":"Covid-19\/Mohamed Mara : \u00ab nous ne devons pas baisser la garde \u00bb | Guin\u00e9e Diversit\u00e9","isPartOf":{"@id":"https:\/\/guineediversite.com\/#website"},"primaryImageOfPage":{"@id":"https:\/\/guineediversite.com\/index.php\/2020\/07\/25\/covid-19-mohamed-mara-nous-ne-devons-pas-baisser-la-garde\/#primaryimage"},"image":{"@id":"https:\/\/guineediversite.com\/index.php\/2020\/07\/25\/covid-19-mohamed-mara-nous-ne-devons-pas-baisser-la-garde\/#primaryimage"},"thumbnailUrl":"https:\/\/guineediversite.com\/wp-content\/uploads\/2020\/07\/Mohamed-Mara-journaliste-Espace-Fm.jpg","datePublished":"2020-07-25T17:30:19+00:00","dateModified":"2020-07-25T17:30:19+00:00","breadcrumb":{"@id":"https:\/\/guineediversite.com\/index.php\/2020\/07\/25\/covid-19-mohamed-mara-nous-ne-devons-pas-baisser-la-garde\/#breadcrumb"},"inLanguage":"fr-FR","potentialAction":[{"@type":"ReadAction","target":["https:\/\/guineediversite.com\/index.php\/2020\/07\/25\/covid-19-mohamed-mara-nous-ne-devons-pas-baisser-la-garde\/"]}]},{"@type":"ImageObject","inLanguage":"fr-FR","@id":"https:\/\/guineediversite.com\/index.php\/2020\/07\/25\/covid-19-mohamed-mara-nous-ne-devons-pas-baisser-la-garde\/#primaryimage","url":"https:\/\/guineediversite.com\/wp-content\/uploads\/2020\/07\/Mohamed-Mara-journaliste-Espace-Fm.jpg","contentUrl":"https:\/\/guineediversite.com\/wp-content\/uploads\/2020\/07\/Mohamed-Mara-journaliste-Espace-Fm.jpg","width":1500,"height":1124},{"@type":"BreadcrumbList","@id":"https:\/\/guineediversite.com\/index.php\/2020\/07\/25\/covid-19-mohamed-mara-nous-ne-devons-pas-baisser-la-garde\/#breadcrumb","itemListElement":[{"@type":"ListItem","position":1,"name":"Accueil","item":"https:\/\/guineediversite.com\/"},{"@type":"ListItem","position":2,"name":"Covid-19\/Mohamed Mara : \u00ab nous ne devons pas baisser la garde \u00bb"}]},{"@type":"WebSite","@id":"https:\/\/guineediversite.com\/#website","url":"https:\/\/guineediversite.com\/","name":"Guin\u00e9e Diversit\u00e9","description":"L&#039;Info dans toute sa diversit\u00e9","publisher":{"@id":"https:\/\/guineediversite.com\/#organization"},"potentialAction":[{"@type":"SearchAction","target":{"@type":"EntryPoint","urlTemplate":"https:\/\/guineediversite.com\/?s={search_term_string}"},"query-input":{"@type":"PropertyValueSpecification","valueRequired":true,"valueName":"search_term_string"}}],"inLanguage":"fr-FR"},{"@type":"Organization","@id":"https:\/\/guineediversite.com\/#organization","name":"Guin\u00e9e Diversit\u00e9","url":"https:\/\/guineediversite.com\/","logo":{"@type":"ImageObject","inLanguage":"fr-FR","@id":"https:\/\/guineediversite.com\/#\/schema\/logo\/image\/","url":"https:\/\/guineediversite.com\/wp-content\/uploads\/2017\/04\/cropped-1jojlxEOMkX9Wyqfhe43D6kjPOGqBBKmx3EwWJqZ0cMrFF54yM49.png","contentUrl":"https:\/\/guineediversite.com\/wp-content\/uploads\/2017\/04\/cropped-1jojlxEOMkX9Wyqfhe43D6kjPOGqBBKmx3EwWJqZ0cMrFF54yM49.png","width":186,"height":112,"caption":"Guin\u00e9e Diversit\u00e9"},"image":{"@id":"https:\/\/guineediversite.com\/#\/schema\/logo\/image\/"},"sameAs":["https:\/\/www.facebook.com\/guineediversite\/","https:\/\/x.com\/GuineeDiversite","https:\/\/www.youtube.com\/channel\/UC8sUY16qelG5ge6_D5SB83g"]},{"@type":"Person","@id":"https:\/\/guineediversite.com\/#\/schema\/person\/afa08fb34e7fc6e1feafc892612bc836","name":"Guin\u00e9e Diversit\u00e9","image":{"@type":"ImageObject","inLanguage":"fr-FR","@id":"https:\/\/guineediversite.com\/#\/schema\/person\/image\/","url":"https:\/\/secure.gravatar.com\/avatar\/50d5eb5b390f8b65ac30ac6f898eb83a?s=96&d=mm&r=g","contentUrl":"https:\/\/secure.gravatar.com\/avatar\/50d5eb5b390f8b65ac30ac6f898eb83a?s=96&d=mm&r=g","caption":"Guin\u00e9e Diversit\u00e9"},"url":"https:\/\/guineediversite.com\/index.php\/author\/guineediversite\/"}]}},"_links":{"self":[{"href":"https:\/\/guineediversite.com\/index.php\/wp-json\/wp\/v2\/posts\/30224"}],"collection":[{"href":"https:\/\/guineediversite.com\/index.php\/wp-json\/wp\/v2\/posts"}],"about":[{"href":"https:\/\/guineediversite.com\/index.php\/wp-json\/wp\/v2\/types\/post"}],"author":[{"embeddable":true,"href":"https:\/\/guineediversite.com\/index.php\/wp-json\/wp\/v2\/users\/12"}],"replies":[{"embeddable":true,"href":"https:\/\/guineediversite.com\/index.php\/wp-json\/wp\/v2\/comments?post=30224"}],"version-history":[{"count":1,"href":"https:\/\/guineediversite.com\/index.php\/wp-json\/wp\/v2\/posts\/30224\/revisions"}],"predecessor-version":[{"id":30226,"href":"https:\/\/guineediversite.com\/index.php\/wp-json\/wp\/v2\/posts\/30224\/revisions\/30226"}],"wp:featuredmedia":[{"embeddable":true,"href":"https:\/\/guineediversite.com\/index.php\/wp-json\/wp\/v2\/media\/30225"}],"wp:attachment":[{"href":"https:\/\/guineediversite.com\/index.php\/wp-json\/wp\/v2\/media?parent=30224"}],"wp:term":[{"taxonomy":"category","embeddable":true,"href":"https:\/\/guineediversite.com\/index.php\/wp-json\/wp\/v2\/categories?post=30224"},{"taxonomy":"post_tag","embeddable":true,"href":"https:\/\/guineediversite.com\/index.php\/wp-json\/wp\/v2\/tags?post=30224"}],"curies":[{"name":"wp","href":"https:\/\/api.w.org\/{rel}","templated":true}]}}