{"id":30221,"date":"2020-07-25T19:24:43","date_gmt":"2020-07-25T17:24:43","guid":{"rendered":"https:\/\/guineediversite.com\/?p=30221"},"modified":"2020-07-25T19:24:43","modified_gmt":"2020-07-25T17:24:43","slug":"labsence-de-premier-ministre-inquiete-et-agace-lopposition-ivoirienne","status":"publish","type":"post","link":"https:\/\/guineediversite.com\/index.php\/2020\/07\/25\/labsence-de-premier-ministre-inquiete-et-agace-lopposition-ivoirienne\/","title":{"rendered":"L&rsquo;absence de Premier ministre inqui\u00e8te et agace l&rsquo;opposition ivoirienne"},"content":{"rendered":"<p>Des voix dans l\u2019opposition ivoirienne s\u2019inqui\u00e8tent d\u2019un \u00ab\u00a0vide institutionnel\u00a0\u00bb alors que quatre postes au sommet de l\u2019\u00c9tat sont inoccup\u00e9s ou connaissent des situations particuli\u00e8res. Le pays ne compte plus de vice-pr\u00e9sident, tandis que les pr\u00e9sidents du S\u00e9nat et de l\u2019Assembl\u00e9e sont tout deux \u00e0 l\u2019\u00e9tranger depuis plusieurs jours. Mais ce qui inqui\u00e8te particuli\u00e8rement l\u2019opposition, c\u2019est l\u2019absence depuis deux semaines de Premier ministre \u00e0 la t\u00eate du gouvernement, ce que conteste le pouvoir.<\/p>\n<p>Les \u00e9v\u00e9nements malheureux se succ\u00e8dent pour Alassane Ouatarra. En une semaine, le pr\u00e9sident ivoirien a assist\u00e9 aux fun\u00e9railles de deux Premier ministre de C\u00f4te d\u2019Ivoire. Son ami fid\u00e8le, chef du gouvernement en exercice, <strong><a href=\"https:\/\/www.rfi.fr\/fr\/afrique\/20200709-d\u00e9c\u00e8s-amadou-gon-coulibaly-disparition-pilier-politique-ivoirienne\">Amadon Gon Coulibaly<\/a><\/strong>. Et Seydou Elimane Diarra, Premier ministre inhum\u00e9 le 24 juillet avec les honneurs de la R\u00e9publique. Cette fonction de Premier ministre est aussi d\u00e9sormais au coeur d\u2019une pol\u00e9mique politique. Le poste est inoccup\u00e9 depuis plus de deux semaines et l\u2019opposition tape d\u00e9sormais du poing sur la table.<\/p>\n<p>\u00ab<em>\u00a0Le vrai vide institutionnel, c\u2019est la primature, il y a un probl\u00e8me<\/em>\u00a0\u00bb, ass\u00e8ne Maurice Guikahu\u00e9, secr\u00e9taire ex\u00e9cutif du Parti d\u00e9mocratique de C\u00f4te d&rsquo;Ivoire (PDCI), qui demande une d\u00e9mission de l\u2019ensemble du gouvernement et la nomination rapide d\u2019un nouveau Premier ministre. \u00ab\u00a0<em>Il n\u2019y a pas de vide ni de rupture,<\/em> <em>Hamed Bakayoko est le Premier ministre par int\u00e9rim.<\/em> <em>Quant au vice-pr\u00e9sident, il n\u2019a pas de pr\u00e9rogatives propres<\/em>\u00a0\u00bb, r\u00e9pond Mamadou Tour\u00e9, porte-parole du gouvernement, indiquant qu\u2019une nouvelle nomination n\u2019est pas urgente.<\/p>\n<p>La longue attente qui pr\u00e9c\u00e8de une nouvelle nomination pose toutefois question et ne finit plus de surprendre. Un observateur se demande si les tensions internes au sein du RHDP (Rassemblement des houphou\u00ebtistes pour la d\u00e9mocratie et la paix), autour du choix nouveau candidat \u00e0 la pr\u00e9sidentielle, ne sont pas \u00e0 l\u2019origine de cette situation. Un sentiment\u00a0de vacance amplifi\u00e9\u00a0par l\u2019absence des pr\u00e9sidents du S\u00e9nat, actuellement en Allemagne, et du pr\u00e9sident de l\u2019Assembl\u00e9e, actuellement en France,\u00a0qui donne l&rsquo;impression\u00a0que le pr\u00e9sident ivoirien est isol\u00e9 au sommet de l\u2019\u00c9tat.<\/p>\n<p><strong>RFI<\/strong><\/p>\n","protected":false},"excerpt":{"rendered":"<p>Des voix dans l\u2019opposition ivoirienne s\u2019inqui\u00e8tent d\u2019un \u00ab\u00a0vide institutionnel\u00a0\u00bb alors que quatre postes au sommet de l\u2019\u00c9tat sont inoccup\u00e9s ou connaissent des situations particuli\u00e8res. Le pays ne compte plus de vice-pr\u00e9sident, tandis que les pr\u00e9sidents du S\u00e9nat et de l\u2019Assembl\u00e9e sont tout deux \u00e0 l\u2019\u00e9tranger depuis plusieurs jours. Mais ce qui inqui\u00e8te particuli\u00e8rement l\u2019opposition, c\u2019est [&hellip;]<\/p>\n","protected":false},"author":12,"featured_media":30222,"comment_status":"closed","ping_status":"open","sticky":false,"template":"","format":"standard","meta":{"_exactmetrics_skip_tracking":false,"_exactmetrics_sitenote_active":false,"_exactmetrics_sitenote_note":"","_exactmetrics_sitenote_category":0,"tdm_status":"","tdm_grid_status":"","footnotes":""},"categories":[21],"tags":[],"class_list":{"0":"post-30221","1":"post","2":"type-post","3":"status-publish","4":"format-standard","5":"has-post-thumbnail","7":"category-international"},"yoast_head":"<!-- This site is optimized with the Yoast SEO plugin v24.2 - https:\/\/yoast.com\/wordpress\/plugins\/seo\/ -->\n<title>L&#039;absence de Premier ministre inqui\u00e8te et agace l&#039;opposition ivoirienne | Guin\u00e9e Diversit\u00e9<\/title>\n<meta name=\"robots\" content=\"index, follow, max-snippet:-1, max-image-preview:large, max-video-preview:-1\" \/>\n<link rel=\"canonical\" href=\"https:\/\/guineediversite.com\/index.php\/2020\/07\/25\/labsence-de-premier-ministre-inquiete-et-agace-lopposition-ivoirienne\/\" \/>\n<meta property=\"og:locale\" content=\"fr_FR\" \/>\n<meta property=\"og:type\" content=\"article\" \/>\n<meta property=\"og:title\" content=\"L&#039;absence de Premier ministre inqui\u00e8te et agace l&#039;opposition ivoirienne | Guin\u00e9e Diversit\u00e9\" \/>\n<meta property=\"og:description\" content=\"Des voix dans l\u2019opposition ivoirienne s\u2019inqui\u00e8tent d\u2019un \u00ab\u00a0vide institutionnel\u00a0\u00bb alors que quatre postes au sommet de l\u2019\u00c9tat sont inoccup\u00e9s ou connaissent des situations particuli\u00e8res. Le pays ne compte plus de vice-pr\u00e9sident, tandis que les pr\u00e9sidents du S\u00e9nat et de l\u2019Assembl\u00e9e sont tout deux \u00e0 l\u2019\u00e9tranger depuis plusieurs jours. Mais ce qui inqui\u00e8te particuli\u00e8rement l\u2019opposition, c\u2019est [&hellip;]\" \/>\n<meta property=\"og:url\" content=\"https:\/\/guineediversite.com\/index.php\/2020\/07\/25\/labsence-de-premier-ministre-inquiete-et-agace-lopposition-ivoirienne\/\" \/>\n<meta property=\"og:site_name\" content=\"Guin\u00e9e Diversit\u00e9\" \/>\n<meta property=\"article:publisher\" content=\"https:\/\/www.facebook.com\/guineediversite\/\" \/>\n<meta property=\"article:published_time\" content=\"2020-07-25T17:24:43+00:00\" \/>\n<meta property=\"og:image\" content=\"https:\/\/guineediversite.com\/wp-content\/uploads\/2020\/07\/Le-chef-de-l\u00c9tat-ivoirien-Alassane-Ouattara-lors-dun-conseil-de-s\u00e9curit\u00e9-national-consacr\u00e9-au-coronavirus-le-16-mars-2020..jpg\" \/>\n\t<meta property=\"og:image:width\" content=\"1500\" \/>\n\t<meta property=\"og:image:height\" content=\"1124\" \/>\n\t<meta property=\"og:image:type\" content=\"image\/jpeg\" \/>\n<meta name=\"author\" content=\"Guin\u00e9e Diversit\u00e9\" \/>\n<meta name=\"twitter:card\" content=\"summary_large_image\" \/>\n<meta name=\"twitter:creator\" content=\"@GuineeDiversite\" \/>\n<meta name=\"twitter:site\" content=\"@GuineeDiversite\" \/>\n<meta name=\"twitter:label1\" content=\"\u00c9crit par\" \/>\n\t<meta name=\"twitter:data1\" content=\"Guin\u00e9e Diversit\u00e9\" \/>\n\t<meta name=\"twitter:label2\" content=\"Dur\u00e9e de lecture estim\u00e9e\" \/>\n\t<meta name=\"twitter:data2\" content=\"2 minutes\" \/>\n<script type=\"application\/ld+json\" class=\"yoast-schema-graph\">{\"@context\":\"https:\/\/schema.org\",\"@graph\":[{\"@type\":\"Article\",\"@id\":\"https:\/\/guineediversite.com\/index.php\/2020\/07\/25\/labsence-de-premier-ministre-inquiete-et-agace-lopposition-ivoirienne\/#article\",\"isPartOf\":{\"@id\":\"https:\/\/guineediversite.com\/index.php\/2020\/07\/25\/labsence-de-premier-ministre-inquiete-et-agace-lopposition-ivoirienne\/\"},\"author\":{\"name\":\"Guin\u00e9e Diversit\u00e9\",\"@id\":\"https:\/\/guineediversite.com\/#\/schema\/person\/afa08fb34e7fc6e1feafc892612bc836\"},\"headline\":\"L&rsquo;absence de Premier ministre inqui\u00e8te et agace l&rsquo;opposition ivoirienne\",\"datePublished\":\"2020-07-25T17:24:43+00:00\",\"dateModified\":\"2020-07-25T17:24:43+00:00\",\"mainEntityOfPage\":{\"@id\":\"https:\/\/guineediversite.com\/index.php\/2020\/07\/25\/labsence-de-premier-ministre-inquiete-et-agace-lopposition-ivoirienne\/\"},\"wordCount\":397,\"publisher\":{\"@id\":\"https:\/\/guineediversite.com\/#organization\"},\"image\":{\"@id\":\"https:\/\/guineediversite.com\/index.php\/2020\/07\/25\/labsence-de-premier-ministre-inquiete-et-agace-lopposition-ivoirienne\/#primaryimage\"},\"thumbnailUrl\":\"https:\/\/guineediversite.com\/wp-content\/uploads\/2020\/07\/Le-chef-de-l\u00c9tat-ivoirien-Alassane-Ouattara-lors-dun-conseil-de-s\u00e9curit\u00e9-national-consacr\u00e9-au-coronavirus-le-16-mars-2020..jpg\",\"articleSection\":[\"International\"],\"inLanguage\":\"fr-FR\"},{\"@type\":\"WebPage\",\"@id\":\"https:\/\/guineediversite.com\/index.php\/2020\/07\/25\/labsence-de-premier-ministre-inquiete-et-agace-lopposition-ivoirienne\/\",\"url\":\"https:\/\/guineediversite.com\/index.php\/2020\/07\/25\/labsence-de-premier-ministre-inquiete-et-agace-lopposition-ivoirienne\/\",\"name\":\"L'absence de Premier ministre inqui\u00e8te et agace l'opposition ivoirienne | Guin\u00e9e Diversit\u00e9\",\"isPartOf\":{\"@id\":\"https:\/\/guineediversite.com\/#website\"},\"primaryImageOfPage\":{\"@id\":\"https:\/\/guineediversite.com\/index.php\/2020\/07\/25\/labsence-de-premier-ministre-inquiete-et-agace-lopposition-ivoirienne\/#primaryimage\"},\"image\":{\"@id\":\"https:\/\/guineediversite.com\/index.php\/2020\/07\/25\/labsence-de-premier-ministre-inquiete-et-agace-lopposition-ivoirienne\/#primaryimage\"},\"thumbnailUrl\":\"https:\/\/guineediversite.com\/wp-content\/uploads\/2020\/07\/Le-chef-de-l\u00c9tat-ivoirien-Alassane-Ouattara-lors-dun-conseil-de-s\u00e9curit\u00e9-national-consacr\u00e9-au-coronavirus-le-16-mars-2020..jpg\",\"datePublished\":\"2020-07-25T17:24:43+00:00\",\"dateModified\":\"2020-07-25T17:24:43+00:00\",\"breadcrumb\":{\"@id\":\"https:\/\/guineediversite.com\/index.php\/2020\/07\/25\/labsence-de-premier-ministre-inquiete-et-agace-lopposition-ivoirienne\/#breadcrumb\"},\"inLanguage\":\"fr-FR\",\"potentialAction\":[{\"@type\":\"ReadAction\",\"target\":[\"https:\/\/guineediversite.com\/index.php\/2020\/07\/25\/labsence-de-premier-ministre-inquiete-et-agace-lopposition-ivoirienne\/\"]}]},{\"@type\":\"ImageObject\",\"inLanguage\":\"fr-FR\",\"@id\":\"https:\/\/guineediversite.com\/index.php\/2020\/07\/25\/labsence-de-premier-ministre-inquiete-et-agace-lopposition-ivoirienne\/#primaryimage\",\"url\":\"https:\/\/guineediversite.com\/wp-content\/uploads\/2020\/07\/Le-chef-de-l\u00c9tat-ivoirien-Alassane-Ouattara-lors-dun-conseil-de-s\u00e9curit\u00e9-national-consacr\u00e9-au-coronavirus-le-16-mars-2020..jpg\",\"contentUrl\":\"https:\/\/guineediversite.com\/wp-content\/uploads\/2020\/07\/Le-chef-de-l\u00c9tat-ivoirien-Alassane-Ouattara-lors-dun-conseil-de-s\u00e9curit\u00e9-national-consacr\u00e9-au-coronavirus-le-16-mars-2020..jpg\",\"width\":1500,\"height\":1124},{\"@type\":\"BreadcrumbList\",\"@id\":\"https:\/\/guineediversite.com\/index.php\/2020\/07\/25\/labsence-de-premier-ministre-inquiete-et-agace-lopposition-ivoirienne\/#breadcrumb\",\"itemListElement\":[{\"@type\":\"ListItem\",\"position\":1,\"name\":\"Accueil\",\"item\":\"https:\/\/guineediversite.com\/\"},{\"@type\":\"ListItem\",\"position\":2,\"name\":\"L&rsquo;absence de Premier ministre inqui\u00e8te et agace l&rsquo;opposition ivoirienne\"}]},{\"@type\":\"WebSite\",\"@id\":\"https:\/\/guineediversite.com\/#website\",\"url\":\"https:\/\/guineediversite.com\/\",\"name\":\"Guin\u00e9e Diversit\u00e9\",\"description\":\"L&#039;Info dans toute sa diversit\u00e9\",\"publisher\":{\"@id\":\"https:\/\/guineediversite.com\/#organization\"},\"potentialAction\":[{\"@type\":\"SearchAction\",\"target\":{\"@type\":\"EntryPoint\",\"urlTemplate\":\"https:\/\/guineediversite.com\/?s={search_term_string}\"},\"query-input\":{\"@type\":\"PropertyValueSpecification\",\"valueRequired\":true,\"valueName\":\"search_term_string\"}}],\"inLanguage\":\"fr-FR\"},{\"@type\":\"Organization\",\"@id\":\"https:\/\/guineediversite.com\/#organization\",\"name\":\"Guin\u00e9e Diversit\u00e9\",\"url\":\"https:\/\/guineediversite.com\/\",\"logo\":{\"@type\":\"ImageObject\",\"inLanguage\":\"fr-FR\",\"@id\":\"https:\/\/guineediversite.com\/#\/schema\/logo\/image\/\",\"url\":\"https:\/\/guineediversite.com\/wp-content\/uploads\/2017\/04\/cropped-1jojlxEOMkX9Wyqfhe43D6kjPOGqBBKmx3EwWJqZ0cMrFF54yM49.png\",\"contentUrl\":\"https:\/\/guineediversite.com\/wp-content\/uploads\/2017\/04\/cropped-1jojlxEOMkX9Wyqfhe43D6kjPOGqBBKmx3EwWJqZ0cMrFF54yM49.png\",\"width\":186,\"height\":112,\"caption\":\"Guin\u00e9e Diversit\u00e9\"},\"image\":{\"@id\":\"https:\/\/guineediversite.com\/#\/schema\/logo\/image\/\"},\"sameAs\":[\"https:\/\/www.facebook.com\/guineediversite\/\",\"https:\/\/x.com\/GuineeDiversite\",\"https:\/\/www.youtube.com\/channel\/UC8sUY16qelG5ge6_D5SB83g\"]},{\"@type\":\"Person\",\"@id\":\"https:\/\/guineediversite.com\/#\/schema\/person\/afa08fb34e7fc6e1feafc892612bc836\",\"name\":\"Guin\u00e9e Diversit\u00e9\",\"image\":{\"@type\":\"ImageObject\",\"inLanguage\":\"fr-FR\",\"@id\":\"https:\/\/guineediversite.com\/#\/schema\/person\/image\/\",\"url\":\"https:\/\/secure.gravatar.com\/avatar\/50d5eb5b390f8b65ac30ac6f898eb83a?s=96&d=mm&r=g\",\"contentUrl\":\"https:\/\/secure.gravatar.com\/avatar\/50d5eb5b390f8b65ac30ac6f898eb83a?s=96&d=mm&r=g\",\"caption\":\"Guin\u00e9e Diversit\u00e9\"},\"url\":\"https:\/\/guineediversite.com\/index.php\/author\/guineediversite\/\"}]}<\/script>\n<!-- \/ Yoast SEO plugin. -->","yoast_head_json":{"title":"L'absence de Premier ministre inqui\u00e8te et agace l'opposition ivoirienne | Guin\u00e9e Diversit\u00e9","robots":{"index":"index","follow":"follow","max-snippet":"max-snippet:-1","max-image-preview":"max-image-preview:large","max-video-preview":"max-video-preview:-1"},"canonical":"https:\/\/guineediversite.com\/index.php\/2020\/07\/25\/labsence-de-premier-ministre-inquiete-et-agace-lopposition-ivoirienne\/","og_locale":"fr_FR","og_type":"article","og_title":"L'absence de Premier ministre inqui\u00e8te et agace l'opposition ivoirienne | Guin\u00e9e Diversit\u00e9","og_description":"Des voix dans l\u2019opposition ivoirienne s\u2019inqui\u00e8tent d\u2019un \u00ab\u00a0vide institutionnel\u00a0\u00bb alors que quatre postes au sommet de l\u2019\u00c9tat sont inoccup\u00e9s ou connaissent des situations particuli\u00e8res. Le pays ne compte plus de vice-pr\u00e9sident, tandis que les pr\u00e9sidents du S\u00e9nat et de l\u2019Assembl\u00e9e sont tout deux \u00e0 l\u2019\u00e9tranger depuis plusieurs jours. Mais ce qui inqui\u00e8te particuli\u00e8rement l\u2019opposition, c\u2019est [&hellip;]","og_url":"https:\/\/guineediversite.com\/index.php\/2020\/07\/25\/labsence-de-premier-ministre-inquiete-et-agace-lopposition-ivoirienne\/","og_site_name":"Guin\u00e9e Diversit\u00e9","article_publisher":"https:\/\/www.facebook.com\/guineediversite\/","article_published_time":"2020-07-25T17:24:43+00:00","og_image":[{"width":1500,"height":1124,"url":"https:\/\/guineediversite.com\/wp-content\/uploads\/2020\/07\/Le-chef-de-l\u00c9tat-ivoirien-Alassane-Ouattara-lors-dun-conseil-de-s\u00e9curit\u00e9-national-consacr\u00e9-au-coronavirus-le-16-mars-2020..jpg","type":"image\/jpeg"}],"author":"Guin\u00e9e Diversit\u00e9","twitter_card":"summary_large_image","twitter_creator":"@GuineeDiversite","twitter_site":"@GuineeDiversite","twitter_misc":{"\u00c9crit par":"Guin\u00e9e Diversit\u00e9","Dur\u00e9e de lecture estim\u00e9e":"2 minutes"},"schema":{"@context":"https:\/\/schema.org","@graph":[{"@type":"Article","@id":"https:\/\/guineediversite.com\/index.php\/2020\/07\/25\/labsence-de-premier-ministre-inquiete-et-agace-lopposition-ivoirienne\/#article","isPartOf":{"@id":"https:\/\/guineediversite.com\/index.php\/2020\/07\/25\/labsence-de-premier-ministre-inquiete-et-agace-lopposition-ivoirienne\/"},"author":{"name":"Guin\u00e9e Diversit\u00e9","@id":"https:\/\/guineediversite.com\/#\/schema\/person\/afa08fb34e7fc6e1feafc892612bc836"},"headline":"L&rsquo;absence de Premier ministre inqui\u00e8te et agace l&rsquo;opposition ivoirienne","datePublished":"2020-07-25T17:24:43+00:00","dateModified":"2020-07-25T17:24:43+00:00","mainEntityOfPage":{"@id":"https:\/\/guineediversite.com\/index.php\/2020\/07\/25\/labsence-de-premier-ministre-inquiete-et-agace-lopposition-ivoirienne\/"},"wordCount":397,"publisher":{"@id":"https:\/\/guineediversite.com\/#organization"},"image":{"@id":"https:\/\/guineediversite.com\/index.php\/2020\/07\/25\/labsence-de-premier-ministre-inquiete-et-agace-lopposition-ivoirienne\/#primaryimage"},"thumbnailUrl":"https:\/\/guineediversite.com\/wp-content\/uploads\/2020\/07\/Le-chef-de-l\u00c9tat-ivoirien-Alassane-Ouattara-lors-dun-conseil-de-s\u00e9curit\u00e9-national-consacr\u00e9-au-coronavirus-le-16-mars-2020..jpg","articleSection":["International"],"inLanguage":"fr-FR"},{"@type":"WebPage","@id":"https:\/\/guineediversite.com\/index.php\/2020\/07\/25\/labsence-de-premier-ministre-inquiete-et-agace-lopposition-ivoirienne\/","url":"https:\/\/guineediversite.com\/index.php\/2020\/07\/25\/labsence-de-premier-ministre-inquiete-et-agace-lopposition-ivoirienne\/","name":"L'absence de Premier ministre inqui\u00e8te et agace l'opposition ivoirienne | Guin\u00e9e Diversit\u00e9","isPartOf":{"@id":"https:\/\/guineediversite.com\/#website"},"primaryImageOfPage":{"@id":"https:\/\/guineediversite.com\/index.php\/2020\/07\/25\/labsence-de-premier-ministre-inquiete-et-agace-lopposition-ivoirienne\/#primaryimage"},"image":{"@id":"https:\/\/guineediversite.com\/index.php\/2020\/07\/25\/labsence-de-premier-ministre-inquiete-et-agace-lopposition-ivoirienne\/#primaryimage"},"thumbnailUrl":"https:\/\/guineediversite.com\/wp-content\/uploads\/2020\/07\/Le-chef-de-l\u00c9tat-ivoirien-Alassane-Ouattara-lors-dun-conseil-de-s\u00e9curit\u00e9-national-consacr\u00e9-au-coronavirus-le-16-mars-2020..jpg","datePublished":"2020-07-25T17:24:43+00:00","dateModified":"2020-07-25T17:24:43+00:00","breadcrumb":{"@id":"https:\/\/guineediversite.com\/index.php\/2020\/07\/25\/labsence-de-premier-ministre-inquiete-et-agace-lopposition-ivoirienne\/#breadcrumb"},"inLanguage":"fr-FR","potentialAction":[{"@type":"ReadAction","target":["https:\/\/guineediversite.com\/index.php\/2020\/07\/25\/labsence-de-premier-ministre-inquiete-et-agace-lopposition-ivoirienne\/"]}]},{"@type":"ImageObject","inLanguage":"fr-FR","@id":"https:\/\/guineediversite.com\/index.php\/2020\/07\/25\/labsence-de-premier-ministre-inquiete-et-agace-lopposition-ivoirienne\/#primaryimage","url":"https:\/\/guineediversite.com\/wp-content\/uploads\/2020\/07\/Le-chef-de-l\u00c9tat-ivoirien-Alassane-Ouattara-lors-dun-conseil-de-s\u00e9curit\u00e9-national-consacr\u00e9-au-coronavirus-le-16-mars-2020..jpg","contentUrl":"https:\/\/guineediversite.com\/wp-content\/uploads\/2020\/07\/Le-chef-de-l\u00c9tat-ivoirien-Alassane-Ouattara-lors-dun-conseil-de-s\u00e9curit\u00e9-national-consacr\u00e9-au-coronavirus-le-16-mars-2020..jpg","width":1500,"height":1124},{"@type":"BreadcrumbList","@id":"https:\/\/guineediversite.com\/index.php\/2020\/07\/25\/labsence-de-premier-ministre-inquiete-et-agace-lopposition-ivoirienne\/#breadcrumb","itemListElement":[{"@type":"ListItem","position":1,"name":"Accueil","item":"https:\/\/guineediversite.com\/"},{"@type":"ListItem","position":2,"name":"L&rsquo;absence de Premier ministre inqui\u00e8te et agace l&rsquo;opposition ivoirienne"}]},{"@type":"WebSite","@id":"https:\/\/guineediversite.com\/#website","url":"https:\/\/guineediversite.com\/","name":"Guin\u00e9e Diversit\u00e9","description":"L&#039;Info dans toute sa diversit\u00e9","publisher":{"@id":"https:\/\/guineediversite.com\/#organization"},"potentialAction":[{"@type":"SearchAction","target":{"@type":"EntryPoint","urlTemplate":"https:\/\/guineediversite.com\/?s={search_term_string}"},"query-input":{"@type":"PropertyValueSpecification","valueRequired":true,"valueName":"search_term_string"}}],"inLanguage":"fr-FR"},{"@type":"Organization","@id":"https:\/\/guineediversite.com\/#organization","name":"Guin\u00e9e Diversit\u00e9","url":"https:\/\/guineediversite.com\/","logo":{"@type":"ImageObject","inLanguage":"fr-FR","@id":"https:\/\/guineediversite.com\/#\/schema\/logo\/image\/","url":"https:\/\/guineediversite.com\/wp-content\/uploads\/2017\/04\/cropped-1jojlxEOMkX9Wyqfhe43D6kjPOGqBBKmx3EwWJqZ0cMrFF54yM49.png","contentUrl":"https:\/\/guineediversite.com\/wp-content\/uploads\/2017\/04\/cropped-1jojlxEOMkX9Wyqfhe43D6kjPOGqBBKmx3EwWJqZ0cMrFF54yM49.png","width":186,"height":112,"caption":"Guin\u00e9e Diversit\u00e9"},"image":{"@id":"https:\/\/guineediversite.com\/#\/schema\/logo\/image\/"},"sameAs":["https:\/\/www.facebook.com\/guineediversite\/","https:\/\/x.com\/GuineeDiversite","https:\/\/www.youtube.com\/channel\/UC8sUY16qelG5ge6_D5SB83g"]},{"@type":"Person","@id":"https:\/\/guineediversite.com\/#\/schema\/person\/afa08fb34e7fc6e1feafc892612bc836","name":"Guin\u00e9e Diversit\u00e9","image":{"@type":"ImageObject","inLanguage":"fr-FR","@id":"https:\/\/guineediversite.com\/#\/schema\/person\/image\/","url":"https:\/\/secure.gravatar.com\/avatar\/50d5eb5b390f8b65ac30ac6f898eb83a?s=96&d=mm&r=g","contentUrl":"https:\/\/secure.gravatar.com\/avatar\/50d5eb5b390f8b65ac30ac6f898eb83a?s=96&d=mm&r=g","caption":"Guin\u00e9e Diversit\u00e9"},"url":"https:\/\/guineediversite.com\/index.php\/author\/guineediversite\/"}]}},"_links":{"self":[{"href":"https:\/\/guineediversite.com\/index.php\/wp-json\/wp\/v2\/posts\/30221"}],"collection":[{"href":"https:\/\/guineediversite.com\/index.php\/wp-json\/wp\/v2\/posts"}],"about":[{"href":"https:\/\/guineediversite.com\/index.php\/wp-json\/wp\/v2\/types\/post"}],"author":[{"embeddable":true,"href":"https:\/\/guineediversite.com\/index.php\/wp-json\/wp\/v2\/users\/12"}],"replies":[{"embeddable":true,"href":"https:\/\/guineediversite.com\/index.php\/wp-json\/wp\/v2\/comments?post=30221"}],"version-history":[{"count":1,"href":"https:\/\/guineediversite.com\/index.php\/wp-json\/wp\/v2\/posts\/30221\/revisions"}],"predecessor-version":[{"id":30223,"href":"https:\/\/guineediversite.com\/index.php\/wp-json\/wp\/v2\/posts\/30221\/revisions\/30223"}],"wp:featuredmedia":[{"embeddable":true,"href":"https:\/\/guineediversite.com\/index.php\/wp-json\/wp\/v2\/media\/30222"}],"wp:attachment":[{"href":"https:\/\/guineediversite.com\/index.php\/wp-json\/wp\/v2\/media?parent=30221"}],"wp:term":[{"taxonomy":"category","embeddable":true,"href":"https:\/\/guineediversite.com\/index.php\/wp-json\/wp\/v2\/categories?post=30221"},{"taxonomy":"post_tag","embeddable":true,"href":"https:\/\/guineediversite.com\/index.php\/wp-json\/wp\/v2\/tags?post=30221"}],"curies":[{"name":"wp","href":"https:\/\/api.w.org\/{rel}","templated":true}]}}