{"id":30214,"date":"2020-07-24T14:43:35","date_gmt":"2020-07-24T12:43:35","guid":{"rendered":"https:\/\/guineediversite.com\/?p=30214"},"modified":"2020-07-24T14:43:35","modified_gmt":"2020-07-24T12:43:35","slug":"can-2025-la-guinee-est-elle-en-retard-les-precisions-de-bantama-sow","status":"publish","type":"post","link":"https:\/\/guineediversite.com\/index.php\/2020\/07\/24\/can-2025-la-guinee-est-elle-en-retard-les-precisions-de-bantama-sow\/","title":{"rendered":"CAN 2025 : La Guin\u00e9e est-elle en retard ? Les pr\u00e9cisions de Bantama Sow"},"content":{"rendered":"<p>Les pr\u00e9sidents des diff\u00e9rentes disciplines sportives nationales \u00e9taient en conclave ce vendredi avec le ministre d\u2019Etat, ministre des Sports de la Culture et du Patrimoine historique. Aucours de cette rencontre Sanoussi Bantama Sow s\u2019est exprim\u00e9 sur l\u2019organisation de la CAN 2025 en Guin\u00e9e.<\/p>\n<p>Dans la communication du premier responsable du d\u00e9partement des sports, il a selon nos confr\u00e8res du Maxisport224 \u00a0indiqu\u00e9 que \u00a0\u00bb <em>la Guin\u00e9e n\u2019est pas en retard dans les travaux et seul le pr\u00e9sident de la r\u00e9publique peut confirmer cela<\/em>\u00ab\u00a0.<\/p>\n<p><strong>\u00ab\u00a0Laissez-moi-vous dire aujourd\u2019hui que nous ne sommes pas en retard pour l\u2019organisation de la CAN 2025. Seul le pr\u00e9sident de la r\u00e9publique peut dire cela parce que c\u2019est lui qui engage le pays. Actuellement le monde est arr\u00eat\u00e9 et il peut aussi y avoir un glissement de calendrier des comp\u00e9titions. Mais malheureusement en Guin\u00e9e chacun raconte ce qu\u2019il veut surtout quand on n\u2019aime pas la t\u00eate de Paul ou Pierre. Il faut aussi savoir que ce projet c\u2019est pour toute la Guin\u00e9e\u00a0\u00bb, <\/strong>a pr\u00e9cis\u00e9 le ministre Bantama Sow<strong>. <\/strong><\/p>\n<p>Pendant que le ministre d\u2019Etat, ministre des Sports de la Culture et du Patrimoine historique tente de rassurer les fans du cuir rond sur l\u2019organisation de la Can 2025, force est de reconnaitre qu\u2019aucune infrastructure sportive n\u2019est jusque l\u00e0 visible sur le sol guin\u00e9en.<\/p>\n","protected":false},"excerpt":{"rendered":"<p>Les pr\u00e9sidents des diff\u00e9rentes disciplines sportives nationales \u00e9taient en conclave ce vendredi avec le ministre d\u2019Etat, ministre des Sports de la Culture et du Patrimoine historique. Aucours de cette rencontre Sanoussi Bantama Sow s\u2019est exprim\u00e9 sur l\u2019organisation de la CAN 2025 en Guin\u00e9e. Dans la communication du premier responsable du d\u00e9partement des sports, il a [&hellip;]<\/p>\n","protected":false},"author":10,"featured_media":30215,"comment_status":"closed","ping_status":"open","sticky":false,"template":"","format":"standard","meta":{"_exactmetrics_skip_tracking":false,"_exactmetrics_sitenote_active":false,"_exactmetrics_sitenote_note":"","_exactmetrics_sitenote_category":0,"tdm_status":"","tdm_grid_status":"","footnotes":""},"categories":[254,18],"tags":[],"class_list":{"0":"post-30214","1":"post","2":"type-post","3":"status-publish","4":"format-standard","5":"has-post-thumbnail","7":"category-derniere-minute","8":"category-sport"},"yoast_head":"<!-- This site is optimized with the Yoast SEO plugin v24.2 - https:\/\/yoast.com\/wordpress\/plugins\/seo\/ -->\n<title>CAN 2025 : La Guin\u00e9e est-elle en retard ? Les pr\u00e9cisions de Bantama Sow | Guin\u00e9e Diversit\u00e9<\/title>\n<meta name=\"robots\" content=\"index, follow, max-snippet:-1, max-image-preview:large, max-video-preview:-1\" \/>\n<link rel=\"canonical\" href=\"https:\/\/guineediversite.com\/index.php\/2020\/07\/24\/can-2025-la-guinee-est-elle-en-retard-les-precisions-de-bantama-sow\/\" \/>\n<meta property=\"og:locale\" content=\"fr_FR\" \/>\n<meta property=\"og:type\" content=\"article\" \/>\n<meta property=\"og:title\" content=\"CAN 2025 : La Guin\u00e9e est-elle en retard ? Les pr\u00e9cisions de Bantama Sow | Guin\u00e9e Diversit\u00e9\" \/>\n<meta property=\"og:description\" content=\"Les pr\u00e9sidents des diff\u00e9rentes disciplines sportives nationales \u00e9taient en conclave ce vendredi avec le ministre d\u2019Etat, ministre des Sports de la Culture et du Patrimoine historique. Aucours de cette rencontre Sanoussi Bantama Sow s\u2019est exprim\u00e9 sur l\u2019organisation de la CAN 2025 en Guin\u00e9e. Dans la communication du premier responsable du d\u00e9partement des sports, il a [&hellip;]\" \/>\n<meta property=\"og:url\" content=\"https:\/\/guineediversite.com\/index.php\/2020\/07\/24\/can-2025-la-guinee-est-elle-en-retard-les-precisions-de-bantama-sow\/\" \/>\n<meta property=\"og:site_name\" content=\"Guin\u00e9e Diversit\u00e9\" \/>\n<meta property=\"article:publisher\" content=\"https:\/\/www.facebook.com\/guineediversite\/\" \/>\n<meta property=\"article:published_time\" content=\"2020-07-24T12:43:35+00:00\" \/>\n<meta property=\"og:image\" content=\"https:\/\/guineediversite.com\/wp-content\/uploads\/2020\/07\/Ministre-dEtat-ministre-des-Sports-de-la-Culture-et-du-Patrimoine-historique.jpg\" \/>\n\t<meta property=\"og:image:width\" content=\"1500\" \/>\n\t<meta property=\"og:image:height\" content=\"1126\" \/>\n\t<meta property=\"og:image:type\" content=\"image\/jpeg\" \/>\n<meta name=\"author\" content=\"Morcire Camara\" \/>\n<meta name=\"twitter:card\" content=\"summary_large_image\" \/>\n<meta name=\"twitter:creator\" content=\"@GuineeDiversite\" \/>\n<meta name=\"twitter:site\" content=\"@GuineeDiversite\" \/>\n<meta name=\"twitter:label1\" content=\"\u00c9crit par\" \/>\n\t<meta name=\"twitter:data1\" content=\"Morcire Camara\" \/>\n\t<meta name=\"twitter:label2\" content=\"Dur\u00e9e de lecture estim\u00e9e\" \/>\n\t<meta name=\"twitter:data2\" content=\"1 minute\" \/>\n<script type=\"application\/ld+json\" class=\"yoast-schema-graph\">{\"@context\":\"https:\/\/schema.org\",\"@graph\":[{\"@type\":\"Article\",\"@id\":\"https:\/\/guineediversite.com\/index.php\/2020\/07\/24\/can-2025-la-guinee-est-elle-en-retard-les-precisions-de-bantama-sow\/#article\",\"isPartOf\":{\"@id\":\"https:\/\/guineediversite.com\/index.php\/2020\/07\/24\/can-2025-la-guinee-est-elle-en-retard-les-precisions-de-bantama-sow\/\"},\"author\":{\"name\":\"Morcire Camara\",\"@id\":\"https:\/\/guineediversite.com\/#\/schema\/person\/fa362494c47202ce4b3adf55abcc9d01\"},\"headline\":\"CAN 2025 : La Guin\u00e9e est-elle en retard ? Les pr\u00e9cisions de Bantama Sow\",\"datePublished\":\"2020-07-24T12:43:35+00:00\",\"dateModified\":\"2020-07-24T12:43:35+00:00\",\"mainEntityOfPage\":{\"@id\":\"https:\/\/guineediversite.com\/index.php\/2020\/07\/24\/can-2025-la-guinee-est-elle-en-retard-les-precisions-de-bantama-sow\/\"},\"wordCount\":254,\"publisher\":{\"@id\":\"https:\/\/guineediversite.com\/#organization\"},\"image\":{\"@id\":\"https:\/\/guineediversite.com\/index.php\/2020\/07\/24\/can-2025-la-guinee-est-elle-en-retard-les-precisions-de-bantama-sow\/#primaryimage\"},\"thumbnailUrl\":\"https:\/\/guineediversite.com\/wp-content\/uploads\/2020\/07\/Ministre-dEtat-ministre-des-Sports-de-la-Culture-et-du-Patrimoine-historique.jpg\",\"articleSection\":[\"Derni\u00e8re minute\",\"Sport\"],\"inLanguage\":\"fr-FR\"},{\"@type\":\"WebPage\",\"@id\":\"https:\/\/guineediversite.com\/index.php\/2020\/07\/24\/can-2025-la-guinee-est-elle-en-retard-les-precisions-de-bantama-sow\/\",\"url\":\"https:\/\/guineediversite.com\/index.php\/2020\/07\/24\/can-2025-la-guinee-est-elle-en-retard-les-precisions-de-bantama-sow\/\",\"name\":\"CAN 2025 : La Guin\u00e9e est-elle en retard ? Les pr\u00e9cisions de Bantama Sow | Guin\u00e9e Diversit\u00e9\",\"isPartOf\":{\"@id\":\"https:\/\/guineediversite.com\/#website\"},\"primaryImageOfPage\":{\"@id\":\"https:\/\/guineediversite.com\/index.php\/2020\/07\/24\/can-2025-la-guinee-est-elle-en-retard-les-precisions-de-bantama-sow\/#primaryimage\"},\"image\":{\"@id\":\"https:\/\/guineediversite.com\/index.php\/2020\/07\/24\/can-2025-la-guinee-est-elle-en-retard-les-precisions-de-bantama-sow\/#primaryimage\"},\"thumbnailUrl\":\"https:\/\/guineediversite.com\/wp-content\/uploads\/2020\/07\/Ministre-dEtat-ministre-des-Sports-de-la-Culture-et-du-Patrimoine-historique.jpg\",\"datePublished\":\"2020-07-24T12:43:35+00:00\",\"dateModified\":\"2020-07-24T12:43:35+00:00\",\"breadcrumb\":{\"@id\":\"https:\/\/guineediversite.com\/index.php\/2020\/07\/24\/can-2025-la-guinee-est-elle-en-retard-les-precisions-de-bantama-sow\/#breadcrumb\"},\"inLanguage\":\"fr-FR\",\"potentialAction\":[{\"@type\":\"ReadAction\",\"target\":[\"https:\/\/guineediversite.com\/index.php\/2020\/07\/24\/can-2025-la-guinee-est-elle-en-retard-les-precisions-de-bantama-sow\/\"]}]},{\"@type\":\"ImageObject\",\"inLanguage\":\"fr-FR\",\"@id\":\"https:\/\/guineediversite.com\/index.php\/2020\/07\/24\/can-2025-la-guinee-est-elle-en-retard-les-precisions-de-bantama-sow\/#primaryimage\",\"url\":\"https:\/\/guineediversite.com\/wp-content\/uploads\/2020\/07\/Ministre-dEtat-ministre-des-Sports-de-la-Culture-et-du-Patrimoine-historique.jpg\",\"contentUrl\":\"https:\/\/guineediversite.com\/wp-content\/uploads\/2020\/07\/Ministre-dEtat-ministre-des-Sports-de-la-Culture-et-du-Patrimoine-historique.jpg\",\"width\":1500,\"height\":1126},{\"@type\":\"BreadcrumbList\",\"@id\":\"https:\/\/guineediversite.com\/index.php\/2020\/07\/24\/can-2025-la-guinee-est-elle-en-retard-les-precisions-de-bantama-sow\/#breadcrumb\",\"itemListElement\":[{\"@type\":\"ListItem\",\"position\":1,\"name\":\"Accueil\",\"item\":\"https:\/\/guineediversite.com\/\"},{\"@type\":\"ListItem\",\"position\":2,\"name\":\"CAN 2025 : La Guin\u00e9e est-elle en retard ? Les pr\u00e9cisions de Bantama Sow\"}]},{\"@type\":\"WebSite\",\"@id\":\"https:\/\/guineediversite.com\/#website\",\"url\":\"https:\/\/guineediversite.com\/\",\"name\":\"Guin\u00e9e Diversit\u00e9\",\"description\":\"L&#039;Info dans toute sa diversit\u00e9\",\"publisher\":{\"@id\":\"https:\/\/guineediversite.com\/#organization\"},\"potentialAction\":[{\"@type\":\"SearchAction\",\"target\":{\"@type\":\"EntryPoint\",\"urlTemplate\":\"https:\/\/guineediversite.com\/?s={search_term_string}\"},\"query-input\":{\"@type\":\"PropertyValueSpecification\",\"valueRequired\":true,\"valueName\":\"search_term_string\"}}],\"inLanguage\":\"fr-FR\"},{\"@type\":\"Organization\",\"@id\":\"https:\/\/guineediversite.com\/#organization\",\"name\":\"Guin\u00e9e Diversit\u00e9\",\"url\":\"https:\/\/guineediversite.com\/\",\"logo\":{\"@type\":\"ImageObject\",\"inLanguage\":\"fr-FR\",\"@id\":\"https:\/\/guineediversite.com\/#\/schema\/logo\/image\/\",\"url\":\"https:\/\/guineediversite.com\/wp-content\/uploads\/2017\/04\/cropped-1jojlxEOMkX9Wyqfhe43D6kjPOGqBBKmx3EwWJqZ0cMrFF54yM49.png\",\"contentUrl\":\"https:\/\/guineediversite.com\/wp-content\/uploads\/2017\/04\/cropped-1jojlxEOMkX9Wyqfhe43D6kjPOGqBBKmx3EwWJqZ0cMrFF54yM49.png\",\"width\":186,\"height\":112,\"caption\":\"Guin\u00e9e Diversit\u00e9\"},\"image\":{\"@id\":\"https:\/\/guineediversite.com\/#\/schema\/logo\/image\/\"},\"sameAs\":[\"https:\/\/www.facebook.com\/guineediversite\/\",\"https:\/\/x.com\/GuineeDiversite\",\"https:\/\/www.youtube.com\/channel\/UC8sUY16qelG5ge6_D5SB83g\"]},{\"@type\":\"Person\",\"@id\":\"https:\/\/guineediversite.com\/#\/schema\/person\/fa362494c47202ce4b3adf55abcc9d01\",\"name\":\"Morcire Camara\",\"image\":{\"@type\":\"ImageObject\",\"inLanguage\":\"fr-FR\",\"@id\":\"https:\/\/guineediversite.com\/#\/schema\/person\/image\/\",\"url\":\"https:\/\/secure.gravatar.com\/avatar\/3ec324f02295bbcebe03d99b39330ab4?s=96&d=mm&r=g\",\"contentUrl\":\"https:\/\/secure.gravatar.com\/avatar\/3ec324f02295bbcebe03d99b39330ab4?s=96&d=mm&r=g\",\"caption\":\"Morcire Camara\"},\"url\":\"https:\/\/guineediversite.com\/index.php\/author\/morcire\/\"}]}<\/script>\n<!-- \/ Yoast SEO plugin. -->","yoast_head_json":{"title":"CAN 2025 : La Guin\u00e9e est-elle en retard ? Les pr\u00e9cisions de Bantama Sow | Guin\u00e9e Diversit\u00e9","robots":{"index":"index","follow":"follow","max-snippet":"max-snippet:-1","max-image-preview":"max-image-preview:large","max-video-preview":"max-video-preview:-1"},"canonical":"https:\/\/guineediversite.com\/index.php\/2020\/07\/24\/can-2025-la-guinee-est-elle-en-retard-les-precisions-de-bantama-sow\/","og_locale":"fr_FR","og_type":"article","og_title":"CAN 2025 : La Guin\u00e9e est-elle en retard ? Les pr\u00e9cisions de Bantama Sow | Guin\u00e9e Diversit\u00e9","og_description":"Les pr\u00e9sidents des diff\u00e9rentes disciplines sportives nationales \u00e9taient en conclave ce vendredi avec le ministre d\u2019Etat, ministre des Sports de la Culture et du Patrimoine historique. Aucours de cette rencontre Sanoussi Bantama Sow s\u2019est exprim\u00e9 sur l\u2019organisation de la CAN 2025 en Guin\u00e9e. Dans la communication du premier responsable du d\u00e9partement des sports, il a [&hellip;]","og_url":"https:\/\/guineediversite.com\/index.php\/2020\/07\/24\/can-2025-la-guinee-est-elle-en-retard-les-precisions-de-bantama-sow\/","og_site_name":"Guin\u00e9e Diversit\u00e9","article_publisher":"https:\/\/www.facebook.com\/guineediversite\/","article_published_time":"2020-07-24T12:43:35+00:00","og_image":[{"width":1500,"height":1126,"url":"https:\/\/guineediversite.com\/wp-content\/uploads\/2020\/07\/Ministre-dEtat-ministre-des-Sports-de-la-Culture-et-du-Patrimoine-historique.jpg","type":"image\/jpeg"}],"author":"Morcire Camara","twitter_card":"summary_large_image","twitter_creator":"@GuineeDiversite","twitter_site":"@GuineeDiversite","twitter_misc":{"\u00c9crit par":"Morcire Camara","Dur\u00e9e de lecture estim\u00e9e":"1 minute"},"schema":{"@context":"https:\/\/schema.org","@graph":[{"@type":"Article","@id":"https:\/\/guineediversite.com\/index.php\/2020\/07\/24\/can-2025-la-guinee-est-elle-en-retard-les-precisions-de-bantama-sow\/#article","isPartOf":{"@id":"https:\/\/guineediversite.com\/index.php\/2020\/07\/24\/can-2025-la-guinee-est-elle-en-retard-les-precisions-de-bantama-sow\/"},"author":{"name":"Morcire Camara","@id":"https:\/\/guineediversite.com\/#\/schema\/person\/fa362494c47202ce4b3adf55abcc9d01"},"headline":"CAN 2025 : La Guin\u00e9e est-elle en retard ? Les pr\u00e9cisions de Bantama Sow","datePublished":"2020-07-24T12:43:35+00:00","dateModified":"2020-07-24T12:43:35+00:00","mainEntityOfPage":{"@id":"https:\/\/guineediversite.com\/index.php\/2020\/07\/24\/can-2025-la-guinee-est-elle-en-retard-les-precisions-de-bantama-sow\/"},"wordCount":254,"publisher":{"@id":"https:\/\/guineediversite.com\/#organization"},"image":{"@id":"https:\/\/guineediversite.com\/index.php\/2020\/07\/24\/can-2025-la-guinee-est-elle-en-retard-les-precisions-de-bantama-sow\/#primaryimage"},"thumbnailUrl":"https:\/\/guineediversite.com\/wp-content\/uploads\/2020\/07\/Ministre-dEtat-ministre-des-Sports-de-la-Culture-et-du-Patrimoine-historique.jpg","articleSection":["Derni\u00e8re minute","Sport"],"inLanguage":"fr-FR"},{"@type":"WebPage","@id":"https:\/\/guineediversite.com\/index.php\/2020\/07\/24\/can-2025-la-guinee-est-elle-en-retard-les-precisions-de-bantama-sow\/","url":"https:\/\/guineediversite.com\/index.php\/2020\/07\/24\/can-2025-la-guinee-est-elle-en-retard-les-precisions-de-bantama-sow\/","name":"CAN 2025 : La Guin\u00e9e est-elle en retard ? Les pr\u00e9cisions de Bantama Sow | Guin\u00e9e Diversit\u00e9","isPartOf":{"@id":"https:\/\/guineediversite.com\/#website"},"primaryImageOfPage":{"@id":"https:\/\/guineediversite.com\/index.php\/2020\/07\/24\/can-2025-la-guinee-est-elle-en-retard-les-precisions-de-bantama-sow\/#primaryimage"},"image":{"@id":"https:\/\/guineediversite.com\/index.php\/2020\/07\/24\/can-2025-la-guinee-est-elle-en-retard-les-precisions-de-bantama-sow\/#primaryimage"},"thumbnailUrl":"https:\/\/guineediversite.com\/wp-content\/uploads\/2020\/07\/Ministre-dEtat-ministre-des-Sports-de-la-Culture-et-du-Patrimoine-historique.jpg","datePublished":"2020-07-24T12:43:35+00:00","dateModified":"2020-07-24T12:43:35+00:00","breadcrumb":{"@id":"https:\/\/guineediversite.com\/index.php\/2020\/07\/24\/can-2025-la-guinee-est-elle-en-retard-les-precisions-de-bantama-sow\/#breadcrumb"},"inLanguage":"fr-FR","potentialAction":[{"@type":"ReadAction","target":["https:\/\/guineediversite.com\/index.php\/2020\/07\/24\/can-2025-la-guinee-est-elle-en-retard-les-precisions-de-bantama-sow\/"]}]},{"@type":"ImageObject","inLanguage":"fr-FR","@id":"https:\/\/guineediversite.com\/index.php\/2020\/07\/24\/can-2025-la-guinee-est-elle-en-retard-les-precisions-de-bantama-sow\/#primaryimage","url":"https:\/\/guineediversite.com\/wp-content\/uploads\/2020\/07\/Ministre-dEtat-ministre-des-Sports-de-la-Culture-et-du-Patrimoine-historique.jpg","contentUrl":"https:\/\/guineediversite.com\/wp-content\/uploads\/2020\/07\/Ministre-dEtat-ministre-des-Sports-de-la-Culture-et-du-Patrimoine-historique.jpg","width":1500,"height":1126},{"@type":"BreadcrumbList","@id":"https:\/\/guineediversite.com\/index.php\/2020\/07\/24\/can-2025-la-guinee-est-elle-en-retard-les-precisions-de-bantama-sow\/#breadcrumb","itemListElement":[{"@type":"ListItem","position":1,"name":"Accueil","item":"https:\/\/guineediversite.com\/"},{"@type":"ListItem","position":2,"name":"CAN 2025 : La Guin\u00e9e est-elle en retard ? Les pr\u00e9cisions de Bantama Sow"}]},{"@type":"WebSite","@id":"https:\/\/guineediversite.com\/#website","url":"https:\/\/guineediversite.com\/","name":"Guin\u00e9e Diversit\u00e9","description":"L&#039;Info dans toute sa diversit\u00e9","publisher":{"@id":"https:\/\/guineediversite.com\/#organization"},"potentialAction":[{"@type":"SearchAction","target":{"@type":"EntryPoint","urlTemplate":"https:\/\/guineediversite.com\/?s={search_term_string}"},"query-input":{"@type":"PropertyValueSpecification","valueRequired":true,"valueName":"search_term_string"}}],"inLanguage":"fr-FR"},{"@type":"Organization","@id":"https:\/\/guineediversite.com\/#organization","name":"Guin\u00e9e Diversit\u00e9","url":"https:\/\/guineediversite.com\/","logo":{"@type":"ImageObject","inLanguage":"fr-FR","@id":"https:\/\/guineediversite.com\/#\/schema\/logo\/image\/","url":"https:\/\/guineediversite.com\/wp-content\/uploads\/2017\/04\/cropped-1jojlxEOMkX9Wyqfhe43D6kjPOGqBBKmx3EwWJqZ0cMrFF54yM49.png","contentUrl":"https:\/\/guineediversite.com\/wp-content\/uploads\/2017\/04\/cropped-1jojlxEOMkX9Wyqfhe43D6kjPOGqBBKmx3EwWJqZ0cMrFF54yM49.png","width":186,"height":112,"caption":"Guin\u00e9e Diversit\u00e9"},"image":{"@id":"https:\/\/guineediversite.com\/#\/schema\/logo\/image\/"},"sameAs":["https:\/\/www.facebook.com\/guineediversite\/","https:\/\/x.com\/GuineeDiversite","https:\/\/www.youtube.com\/channel\/UC8sUY16qelG5ge6_D5SB83g"]},{"@type":"Person","@id":"https:\/\/guineediversite.com\/#\/schema\/person\/fa362494c47202ce4b3adf55abcc9d01","name":"Morcire Camara","image":{"@type":"ImageObject","inLanguage":"fr-FR","@id":"https:\/\/guineediversite.com\/#\/schema\/person\/image\/","url":"https:\/\/secure.gravatar.com\/avatar\/3ec324f02295bbcebe03d99b39330ab4?s=96&d=mm&r=g","contentUrl":"https:\/\/secure.gravatar.com\/avatar\/3ec324f02295bbcebe03d99b39330ab4?s=96&d=mm&r=g","caption":"Morcire Camara"},"url":"https:\/\/guineediversite.com\/index.php\/author\/morcire\/"}]}},"_links":{"self":[{"href":"https:\/\/guineediversite.com\/index.php\/wp-json\/wp\/v2\/posts\/30214"}],"collection":[{"href":"https:\/\/guineediversite.com\/index.php\/wp-json\/wp\/v2\/posts"}],"about":[{"href":"https:\/\/guineediversite.com\/index.php\/wp-json\/wp\/v2\/types\/post"}],"author":[{"embeddable":true,"href":"https:\/\/guineediversite.com\/index.php\/wp-json\/wp\/v2\/users\/10"}],"replies":[{"embeddable":true,"href":"https:\/\/guineediversite.com\/index.php\/wp-json\/wp\/v2\/comments?post=30214"}],"version-history":[{"count":1,"href":"https:\/\/guineediversite.com\/index.php\/wp-json\/wp\/v2\/posts\/30214\/revisions"}],"predecessor-version":[{"id":30216,"href":"https:\/\/guineediversite.com\/index.php\/wp-json\/wp\/v2\/posts\/30214\/revisions\/30216"}],"wp:featuredmedia":[{"embeddable":true,"href":"https:\/\/guineediversite.com\/index.php\/wp-json\/wp\/v2\/media\/30215"}],"wp:attachment":[{"href":"https:\/\/guineediversite.com\/index.php\/wp-json\/wp\/v2\/media?parent=30214"}],"wp:term":[{"taxonomy":"category","embeddable":true,"href":"https:\/\/guineediversite.com\/index.php\/wp-json\/wp\/v2\/categories?post=30214"},{"taxonomy":"post_tag","embeddable":true,"href":"https:\/\/guineediversite.com\/index.php\/wp-json\/wp\/v2\/tags?post=30214"}],"curies":[{"name":"wp","href":"https:\/\/api.w.org\/{rel}","templated":true}]}}