{"id":30208,"date":"2020-07-24T13:55:47","date_gmt":"2020-07-24T11:55:47","guid":{"rendered":"https:\/\/guineediversite.com\/?p=30208"},"modified":"2020-07-24T13:55:47","modified_gmt":"2020-07-24T11:55:47","slug":"ouverture-des-mosquees-le-jour-de-la-fete-la-reaction-du-collectif-citoyen-pour-la-bonne-cause","status":"publish","type":"post","link":"https:\/\/guineediversite.com\/index.php\/2020\/07\/24\/ouverture-des-mosquees-le-jour-de-la-fete-la-reaction-du-collectif-citoyen-pour-la-bonne-cause\/","title":{"rendered":"Ouverture des mosqu\u00e9es le jour de la f\u00eate : La r\u00e9action du Collectif Citoyen pour la Bonne Cause"},"content":{"rendered":"<p><strong>Communiqu\u00e9 du Collectif Citoyen pour la Bonne Cause<\/strong><\/p>\n<p>Le collectif citoyen pour la bonne cause, vient par ce pr\u00e9sent communiqu\u00e9 remercier le gouvernement en particulier le secr\u00e9tariat g\u00e9n\u00e9ral charg\u00e9 des affaires religieuses et singuli\u00e8rement le Pr\u00e9sident de la R\u00e9publique, Chef de l\u2019Etat Pr Alpha Cond\u00e9. Ce remerciement du collectif fait suite \u00e0 la d\u00e9cision des autorit\u00e9s pour l\u2019ouverture de certaines mosqu\u00e9es le jour de la c\u00e9l\u00e9bration de la f\u00eate de tabaski (l\u2019Aid Adha), pr\u00e9vue le 31 juillet prochain.<\/p>\n<p>Etant donn\u00e9 que cette d\u00e9cision exceptionnelle du gouvernement ne concerne que la zone du grand Conakry \u00e0 savoir les cinq communes de Conakry, les communes de Dubr\u00e9ka et Coyah ainsi que les communes urbaines des pr\u00e9fectures de Bok\u00e9, Fria, Mamou et Macenta \u00e0 cause de la pand\u00e9mie COVID-19, le collectif citoyen pour la bonne cause, demande au gouvernement de la r\u00e9ouverture effective de l\u2019ensemble des 583 mosqu\u00e9es de Conakry et celles de l\u2019int\u00e9rieur du pays.<\/p>\n<p>Cette r\u00e9ouverture sera suivie par le respect strict des mesures barri\u00e8res \u00e9dict\u00e9es par les autorit\u00e9s sanitaires relatives \u00e0 la pand\u00e9mie COVID-19 \u00e0 savoir : \u00ab<em> le port obligatoire de masques ; la distanciation sociale de plus d\u2019un m\u00e8tre cinquante, le lavage des mains etc.<\/em> \u00bb. Des mesures qui seront appliqu\u00e9es par les fid\u00e8les musulmans.<\/p>\n<p>Par la m\u00eame occasion, le Collectif Citoyen pour la bonne cause, sollicite aupr\u00e8s de l\u2019agence nationale de s\u00e9curit\u00e9 sanitaire (ANSS) et aux personnes de bonne volont\u00e9 \u00e0 distribuer gratuitement et suffisamment de kits sanitaires, de masques de protection \u00e0 toutes les mosqu\u00e9es du pays. Le collectif demande \u00e9galement \u00e0 tous les fid\u00e8les musulmans \u00e0 respecter scrupuleusement ces mesures barri\u00e8res pour \u00e9viter la propagation du coronavirus.<\/p>\n<p>Pour terminer, le collectif citoyen pour la bonne cause \u00e0 travers ses membres, s\u2019engage \u00e0 veiller au respect de l\u2019ensemble de ces mesures dans toutes les mosqu\u00e9es.<br \/>\nQue Dieu b\u00e9nisse la Guin\u00e9e et les Guin\u00e9ens<\/p>\n<p>Le Coordinateur G\u00e9n\u00e9ral du collectif citoyen pour la bonne cause<br \/>\nMamadou Korka Sow<br \/>\n666 919 922<br \/>\n626 404 572<\/p>\n<p><iframe loading=\"lazy\" class=\"\" style=\"height: 207px; visibility: visible; width: 100%; border-width: medium; border-style: none;\" title=\"fb:comments Facebook Social Plugin\" src=\"https:\/\/www.facebook.com\/v2.10\/plugins\/comments.php?app_id=&amp;channel=https%3A%2F%2Fstaticxx.facebook.com%2Fx%2Fconnect%2Fxd_arbiter%2F%3Fversion%3D46%23cb%3Df3044c5da94d0e%26domain%3Dkalenews.org%26origin%3Dhttps%253A%252F%252Fkalenews.org%252Ff3fd1a0b7f28d82%26relation%3Dparent.parent&amp;color_scheme=light&amp;container_width=573&amp;height=100&amp;href=https%3A%2F%2Fkalenews.org%2Fouverture-des-mosquees-le-jour-de-la-fete-la-reaction-du-collectif-citoyen-pour-la-bonne-cause%2F&amp;locale=fr_FR&amp;mobile=true&amp;numposts=10&amp;order_by=social&amp;sdk=joey&amp;version=v2.10&amp;width=\" name=\"f2da2468b326a1e\" width=\"1000px\" height=\"100px\" frameborder=\"0\" scrolling=\"no\" allowfullscreen=\"allowfullscreen\" data-testid=\"fb:comments Facebook Social Plugin\" data-mce-fragment=\"1\"><\/iframe><\/p>\n","protected":false},"excerpt":{"rendered":"<p>Communiqu\u00e9 du Collectif Citoyen pour la Bonne Cause Le collectif citoyen pour la bonne cause, vient par ce pr\u00e9sent communiqu\u00e9 remercier le gouvernement en particulier le secr\u00e9tariat g\u00e9n\u00e9ral charg\u00e9 des affaires religieuses et singuli\u00e8rement le Pr\u00e9sident de la R\u00e9publique, Chef de l\u2019Etat Pr Alpha Cond\u00e9. Ce remerciement du collectif fait suite \u00e0 la d\u00e9cision des [&hellip;]<\/p>\n","protected":false},"author":12,"featured_media":30209,"comment_status":"closed","ping_status":"open","sticky":false,"template":"","format":"standard","meta":{"_exactmetrics_skip_tracking":false,"_exactmetrics_sitenote_active":false,"_exactmetrics_sitenote_note":"","_exactmetrics_sitenote_category":0,"tdm_status":"","tdm_grid_status":"","footnotes":""},"categories":[16],"tags":[],"class_list":{"0":"post-30208","1":"post","2":"type-post","3":"status-publish","4":"format-standard","5":"has-post-thumbnail","7":"category-societe"},"yoast_head":"<!-- This site is optimized with the Yoast SEO plugin v24.2 - https:\/\/yoast.com\/wordpress\/plugins\/seo\/ -->\n<title>Ouverture des mosqu\u00e9es le jour de la f\u00eate : La r\u00e9action du Collectif Citoyen pour la Bonne Cause | Guin\u00e9e Diversit\u00e9<\/title>\n<meta name=\"robots\" content=\"index, follow, max-snippet:-1, max-image-preview:large, max-video-preview:-1\" \/>\n<link rel=\"canonical\" href=\"https:\/\/guineediversite.com\/index.php\/2020\/07\/24\/ouverture-des-mosquees-le-jour-de-la-fete-la-reaction-du-collectif-citoyen-pour-la-bonne-cause\/\" \/>\n<meta property=\"og:locale\" content=\"fr_FR\" \/>\n<meta property=\"og:type\" content=\"article\" \/>\n<meta property=\"og:title\" content=\"Ouverture des mosqu\u00e9es le jour de la f\u00eate : La r\u00e9action du Collectif Citoyen pour la Bonne Cause | Guin\u00e9e Diversit\u00e9\" \/>\n<meta property=\"og:description\" content=\"Communiqu\u00e9 du Collectif Citoyen pour la Bonne Cause Le collectif citoyen pour la bonne cause, vient par ce pr\u00e9sent communiqu\u00e9 remercier le gouvernement en particulier le secr\u00e9tariat g\u00e9n\u00e9ral charg\u00e9 des affaires religieuses et singuli\u00e8rement le Pr\u00e9sident de la R\u00e9publique, Chef de l\u2019Etat Pr Alpha Cond\u00e9. Ce remerciement du collectif fait suite \u00e0 la d\u00e9cision des [&hellip;]\" \/>\n<meta property=\"og:url\" content=\"https:\/\/guineediversite.com\/index.php\/2020\/07\/24\/ouverture-des-mosquees-le-jour-de-la-fete-la-reaction-du-collectif-citoyen-pour-la-bonne-cause\/\" \/>\n<meta property=\"og:site_name\" content=\"Guin\u00e9e Diversit\u00e9\" \/>\n<meta property=\"article:publisher\" content=\"https:\/\/www.facebook.com\/guineediversite\/\" \/>\n<meta property=\"article:published_time\" content=\"2020-07-24T11:55:47+00:00\" \/>\n<meta property=\"og:image\" content=\"https:\/\/guineediversite.com\/wp-content\/uploads\/2020\/07\/Le-collectif.jpg\" \/>\n\t<meta property=\"og:image:width\" content=\"1500\" \/>\n\t<meta property=\"og:image:height\" content=\"692\" \/>\n\t<meta property=\"og:image:type\" content=\"image\/jpeg\" \/>\n<meta name=\"author\" content=\"Guin\u00e9e Diversit\u00e9\" \/>\n<meta name=\"twitter:card\" content=\"summary_large_image\" \/>\n<meta name=\"twitter:creator\" content=\"@GuineeDiversite\" \/>\n<meta name=\"twitter:site\" content=\"@GuineeDiversite\" \/>\n<meta name=\"twitter:label1\" content=\"\u00c9crit par\" \/>\n\t<meta name=\"twitter:data1\" content=\"Guin\u00e9e Diversit\u00e9\" \/>\n\t<meta name=\"twitter:label2\" content=\"Dur\u00e9e de lecture estim\u00e9e\" \/>\n\t<meta name=\"twitter:data2\" content=\"2 minutes\" \/>\n<script type=\"application\/ld+json\" class=\"yoast-schema-graph\">{\"@context\":\"https:\/\/schema.org\",\"@graph\":[{\"@type\":\"Article\",\"@id\":\"https:\/\/guineediversite.com\/index.php\/2020\/07\/24\/ouverture-des-mosquees-le-jour-de-la-fete-la-reaction-du-collectif-citoyen-pour-la-bonne-cause\/#article\",\"isPartOf\":{\"@id\":\"https:\/\/guineediversite.com\/index.php\/2020\/07\/24\/ouverture-des-mosquees-le-jour-de-la-fete-la-reaction-du-collectif-citoyen-pour-la-bonne-cause\/\"},\"author\":{\"name\":\"Guin\u00e9e Diversit\u00e9\",\"@id\":\"https:\/\/guineediversite.com\/#\/schema\/person\/afa08fb34e7fc6e1feafc892612bc836\"},\"headline\":\"Ouverture des mosqu\u00e9es le jour de la f\u00eate : La r\u00e9action du Collectif Citoyen pour la Bonne Cause\",\"datePublished\":\"2020-07-24T11:55:47+00:00\",\"dateModified\":\"2020-07-24T11:55:47+00:00\",\"mainEntityOfPage\":{\"@id\":\"https:\/\/guineediversite.com\/index.php\/2020\/07\/24\/ouverture-des-mosquees-le-jour-de-la-fete-la-reaction-du-collectif-citoyen-pour-la-bonne-cause\/\"},\"wordCount\":373,\"publisher\":{\"@id\":\"https:\/\/guineediversite.com\/#organization\"},\"image\":{\"@id\":\"https:\/\/guineediversite.com\/index.php\/2020\/07\/24\/ouverture-des-mosquees-le-jour-de-la-fete-la-reaction-du-collectif-citoyen-pour-la-bonne-cause\/#primaryimage\"},\"thumbnailUrl\":\"https:\/\/guineediversite.com\/wp-content\/uploads\/2020\/07\/Le-collectif.jpg\",\"articleSection\":[\"Soci\u00e9t\u00e9\"],\"inLanguage\":\"fr-FR\"},{\"@type\":\"WebPage\",\"@id\":\"https:\/\/guineediversite.com\/index.php\/2020\/07\/24\/ouverture-des-mosquees-le-jour-de-la-fete-la-reaction-du-collectif-citoyen-pour-la-bonne-cause\/\",\"url\":\"https:\/\/guineediversite.com\/index.php\/2020\/07\/24\/ouverture-des-mosquees-le-jour-de-la-fete-la-reaction-du-collectif-citoyen-pour-la-bonne-cause\/\",\"name\":\"Ouverture des mosqu\u00e9es le jour de la f\u00eate : La r\u00e9action du Collectif Citoyen pour la Bonne Cause | Guin\u00e9e Diversit\u00e9\",\"isPartOf\":{\"@id\":\"https:\/\/guineediversite.com\/#website\"},\"primaryImageOfPage\":{\"@id\":\"https:\/\/guineediversite.com\/index.php\/2020\/07\/24\/ouverture-des-mosquees-le-jour-de-la-fete-la-reaction-du-collectif-citoyen-pour-la-bonne-cause\/#primaryimage\"},\"image\":{\"@id\":\"https:\/\/guineediversite.com\/index.php\/2020\/07\/24\/ouverture-des-mosquees-le-jour-de-la-fete-la-reaction-du-collectif-citoyen-pour-la-bonne-cause\/#primaryimage\"},\"thumbnailUrl\":\"https:\/\/guineediversite.com\/wp-content\/uploads\/2020\/07\/Le-collectif.jpg\",\"datePublished\":\"2020-07-24T11:55:47+00:00\",\"dateModified\":\"2020-07-24T11:55:47+00:00\",\"breadcrumb\":{\"@id\":\"https:\/\/guineediversite.com\/index.php\/2020\/07\/24\/ouverture-des-mosquees-le-jour-de-la-fete-la-reaction-du-collectif-citoyen-pour-la-bonne-cause\/#breadcrumb\"},\"inLanguage\":\"fr-FR\",\"potentialAction\":[{\"@type\":\"ReadAction\",\"target\":[\"https:\/\/guineediversite.com\/index.php\/2020\/07\/24\/ouverture-des-mosquees-le-jour-de-la-fete-la-reaction-du-collectif-citoyen-pour-la-bonne-cause\/\"]}]},{\"@type\":\"ImageObject\",\"inLanguage\":\"fr-FR\",\"@id\":\"https:\/\/guineediversite.com\/index.php\/2020\/07\/24\/ouverture-des-mosquees-le-jour-de-la-fete-la-reaction-du-collectif-citoyen-pour-la-bonne-cause\/#primaryimage\",\"url\":\"https:\/\/guineediversite.com\/wp-content\/uploads\/2020\/07\/Le-collectif.jpg\",\"contentUrl\":\"https:\/\/guineediversite.com\/wp-content\/uploads\/2020\/07\/Le-collectif.jpg\",\"width\":1500,\"height\":692},{\"@type\":\"BreadcrumbList\",\"@id\":\"https:\/\/guineediversite.com\/index.php\/2020\/07\/24\/ouverture-des-mosquees-le-jour-de-la-fete-la-reaction-du-collectif-citoyen-pour-la-bonne-cause\/#breadcrumb\",\"itemListElement\":[{\"@type\":\"ListItem\",\"position\":1,\"name\":\"Accueil\",\"item\":\"https:\/\/guineediversite.com\/\"},{\"@type\":\"ListItem\",\"position\":2,\"name\":\"Ouverture des mosqu\u00e9es le jour de la f\u00eate : La r\u00e9action du Collectif Citoyen pour la Bonne Cause\"}]},{\"@type\":\"WebSite\",\"@id\":\"https:\/\/guineediversite.com\/#website\",\"url\":\"https:\/\/guineediversite.com\/\",\"name\":\"Guin\u00e9e Diversit\u00e9\",\"description\":\"L&#039;Info dans toute sa diversit\u00e9\",\"publisher\":{\"@id\":\"https:\/\/guineediversite.com\/#organization\"},\"potentialAction\":[{\"@type\":\"SearchAction\",\"target\":{\"@type\":\"EntryPoint\",\"urlTemplate\":\"https:\/\/guineediversite.com\/?s={search_term_string}\"},\"query-input\":{\"@type\":\"PropertyValueSpecification\",\"valueRequired\":true,\"valueName\":\"search_term_string\"}}],\"inLanguage\":\"fr-FR\"},{\"@type\":\"Organization\",\"@id\":\"https:\/\/guineediversite.com\/#organization\",\"name\":\"Guin\u00e9e Diversit\u00e9\",\"url\":\"https:\/\/guineediversite.com\/\",\"logo\":{\"@type\":\"ImageObject\",\"inLanguage\":\"fr-FR\",\"@id\":\"https:\/\/guineediversite.com\/#\/schema\/logo\/image\/\",\"url\":\"https:\/\/guineediversite.com\/wp-content\/uploads\/2017\/04\/cropped-1jojlxEOMkX9Wyqfhe43D6kjPOGqBBKmx3EwWJqZ0cMrFF54yM49.png\",\"contentUrl\":\"https:\/\/guineediversite.com\/wp-content\/uploads\/2017\/04\/cropped-1jojlxEOMkX9Wyqfhe43D6kjPOGqBBKmx3EwWJqZ0cMrFF54yM49.png\",\"width\":186,\"height\":112,\"caption\":\"Guin\u00e9e Diversit\u00e9\"},\"image\":{\"@id\":\"https:\/\/guineediversite.com\/#\/schema\/logo\/image\/\"},\"sameAs\":[\"https:\/\/www.facebook.com\/guineediversite\/\",\"https:\/\/x.com\/GuineeDiversite\",\"https:\/\/www.youtube.com\/channel\/UC8sUY16qelG5ge6_D5SB83g\"]},{\"@type\":\"Person\",\"@id\":\"https:\/\/guineediversite.com\/#\/schema\/person\/afa08fb34e7fc6e1feafc892612bc836\",\"name\":\"Guin\u00e9e Diversit\u00e9\",\"image\":{\"@type\":\"ImageObject\",\"inLanguage\":\"fr-FR\",\"@id\":\"https:\/\/guineediversite.com\/#\/schema\/person\/image\/\",\"url\":\"https:\/\/secure.gravatar.com\/avatar\/50d5eb5b390f8b65ac30ac6f898eb83a?s=96&d=mm&r=g\",\"contentUrl\":\"https:\/\/secure.gravatar.com\/avatar\/50d5eb5b390f8b65ac30ac6f898eb83a?s=96&d=mm&r=g\",\"caption\":\"Guin\u00e9e Diversit\u00e9\"},\"url\":\"https:\/\/guineediversite.com\/index.php\/author\/guineediversite\/\"}]}<\/script>\n<!-- \/ Yoast SEO plugin. -->","yoast_head_json":{"title":"Ouverture des mosqu\u00e9es le jour de la f\u00eate : La r\u00e9action du Collectif Citoyen pour la Bonne Cause | Guin\u00e9e Diversit\u00e9","robots":{"index":"index","follow":"follow","max-snippet":"max-snippet:-1","max-image-preview":"max-image-preview:large","max-video-preview":"max-video-preview:-1"},"canonical":"https:\/\/guineediversite.com\/index.php\/2020\/07\/24\/ouverture-des-mosquees-le-jour-de-la-fete-la-reaction-du-collectif-citoyen-pour-la-bonne-cause\/","og_locale":"fr_FR","og_type":"article","og_title":"Ouverture des mosqu\u00e9es le jour de la f\u00eate : La r\u00e9action du Collectif Citoyen pour la Bonne Cause | Guin\u00e9e Diversit\u00e9","og_description":"Communiqu\u00e9 du Collectif Citoyen pour la Bonne Cause Le collectif citoyen pour la bonne cause, vient par ce pr\u00e9sent communiqu\u00e9 remercier le gouvernement en particulier le secr\u00e9tariat g\u00e9n\u00e9ral charg\u00e9 des affaires religieuses et singuli\u00e8rement le Pr\u00e9sident de la R\u00e9publique, Chef de l\u2019Etat Pr Alpha Cond\u00e9. Ce remerciement du collectif fait suite \u00e0 la d\u00e9cision des [&hellip;]","og_url":"https:\/\/guineediversite.com\/index.php\/2020\/07\/24\/ouverture-des-mosquees-le-jour-de-la-fete-la-reaction-du-collectif-citoyen-pour-la-bonne-cause\/","og_site_name":"Guin\u00e9e Diversit\u00e9","article_publisher":"https:\/\/www.facebook.com\/guineediversite\/","article_published_time":"2020-07-24T11:55:47+00:00","og_image":[{"width":1500,"height":692,"url":"https:\/\/guineediversite.com\/wp-content\/uploads\/2020\/07\/Le-collectif.jpg","type":"image\/jpeg"}],"author":"Guin\u00e9e Diversit\u00e9","twitter_card":"summary_large_image","twitter_creator":"@GuineeDiversite","twitter_site":"@GuineeDiversite","twitter_misc":{"\u00c9crit par":"Guin\u00e9e Diversit\u00e9","Dur\u00e9e de lecture estim\u00e9e":"2 minutes"},"schema":{"@context":"https:\/\/schema.org","@graph":[{"@type":"Article","@id":"https:\/\/guineediversite.com\/index.php\/2020\/07\/24\/ouverture-des-mosquees-le-jour-de-la-fete-la-reaction-du-collectif-citoyen-pour-la-bonne-cause\/#article","isPartOf":{"@id":"https:\/\/guineediversite.com\/index.php\/2020\/07\/24\/ouverture-des-mosquees-le-jour-de-la-fete-la-reaction-du-collectif-citoyen-pour-la-bonne-cause\/"},"author":{"name":"Guin\u00e9e Diversit\u00e9","@id":"https:\/\/guineediversite.com\/#\/schema\/person\/afa08fb34e7fc6e1feafc892612bc836"},"headline":"Ouverture des mosqu\u00e9es le jour de la f\u00eate : La r\u00e9action du Collectif Citoyen pour la Bonne Cause","datePublished":"2020-07-24T11:55:47+00:00","dateModified":"2020-07-24T11:55:47+00:00","mainEntityOfPage":{"@id":"https:\/\/guineediversite.com\/index.php\/2020\/07\/24\/ouverture-des-mosquees-le-jour-de-la-fete-la-reaction-du-collectif-citoyen-pour-la-bonne-cause\/"},"wordCount":373,"publisher":{"@id":"https:\/\/guineediversite.com\/#organization"},"image":{"@id":"https:\/\/guineediversite.com\/index.php\/2020\/07\/24\/ouverture-des-mosquees-le-jour-de-la-fete-la-reaction-du-collectif-citoyen-pour-la-bonne-cause\/#primaryimage"},"thumbnailUrl":"https:\/\/guineediversite.com\/wp-content\/uploads\/2020\/07\/Le-collectif.jpg","articleSection":["Soci\u00e9t\u00e9"],"inLanguage":"fr-FR"},{"@type":"WebPage","@id":"https:\/\/guineediversite.com\/index.php\/2020\/07\/24\/ouverture-des-mosquees-le-jour-de-la-fete-la-reaction-du-collectif-citoyen-pour-la-bonne-cause\/","url":"https:\/\/guineediversite.com\/index.php\/2020\/07\/24\/ouverture-des-mosquees-le-jour-de-la-fete-la-reaction-du-collectif-citoyen-pour-la-bonne-cause\/","name":"Ouverture des mosqu\u00e9es le jour de la f\u00eate : La r\u00e9action du Collectif Citoyen pour la Bonne Cause | Guin\u00e9e Diversit\u00e9","isPartOf":{"@id":"https:\/\/guineediversite.com\/#website"},"primaryImageOfPage":{"@id":"https:\/\/guineediversite.com\/index.php\/2020\/07\/24\/ouverture-des-mosquees-le-jour-de-la-fete-la-reaction-du-collectif-citoyen-pour-la-bonne-cause\/#primaryimage"},"image":{"@id":"https:\/\/guineediversite.com\/index.php\/2020\/07\/24\/ouverture-des-mosquees-le-jour-de-la-fete-la-reaction-du-collectif-citoyen-pour-la-bonne-cause\/#primaryimage"},"thumbnailUrl":"https:\/\/guineediversite.com\/wp-content\/uploads\/2020\/07\/Le-collectif.jpg","datePublished":"2020-07-24T11:55:47+00:00","dateModified":"2020-07-24T11:55:47+00:00","breadcrumb":{"@id":"https:\/\/guineediversite.com\/index.php\/2020\/07\/24\/ouverture-des-mosquees-le-jour-de-la-fete-la-reaction-du-collectif-citoyen-pour-la-bonne-cause\/#breadcrumb"},"inLanguage":"fr-FR","potentialAction":[{"@type":"ReadAction","target":["https:\/\/guineediversite.com\/index.php\/2020\/07\/24\/ouverture-des-mosquees-le-jour-de-la-fete-la-reaction-du-collectif-citoyen-pour-la-bonne-cause\/"]}]},{"@type":"ImageObject","inLanguage":"fr-FR","@id":"https:\/\/guineediversite.com\/index.php\/2020\/07\/24\/ouverture-des-mosquees-le-jour-de-la-fete-la-reaction-du-collectif-citoyen-pour-la-bonne-cause\/#primaryimage","url":"https:\/\/guineediversite.com\/wp-content\/uploads\/2020\/07\/Le-collectif.jpg","contentUrl":"https:\/\/guineediversite.com\/wp-content\/uploads\/2020\/07\/Le-collectif.jpg","width":1500,"height":692},{"@type":"BreadcrumbList","@id":"https:\/\/guineediversite.com\/index.php\/2020\/07\/24\/ouverture-des-mosquees-le-jour-de-la-fete-la-reaction-du-collectif-citoyen-pour-la-bonne-cause\/#breadcrumb","itemListElement":[{"@type":"ListItem","position":1,"name":"Accueil","item":"https:\/\/guineediversite.com\/"},{"@type":"ListItem","position":2,"name":"Ouverture des mosqu\u00e9es le jour de la f\u00eate : La r\u00e9action du Collectif Citoyen pour la Bonne Cause"}]},{"@type":"WebSite","@id":"https:\/\/guineediversite.com\/#website","url":"https:\/\/guineediversite.com\/","name":"Guin\u00e9e Diversit\u00e9","description":"L&#039;Info dans toute sa diversit\u00e9","publisher":{"@id":"https:\/\/guineediversite.com\/#organization"},"potentialAction":[{"@type":"SearchAction","target":{"@type":"EntryPoint","urlTemplate":"https:\/\/guineediversite.com\/?s={search_term_string}"},"query-input":{"@type":"PropertyValueSpecification","valueRequired":true,"valueName":"search_term_string"}}],"inLanguage":"fr-FR"},{"@type":"Organization","@id":"https:\/\/guineediversite.com\/#organization","name":"Guin\u00e9e Diversit\u00e9","url":"https:\/\/guineediversite.com\/","logo":{"@type":"ImageObject","inLanguage":"fr-FR","@id":"https:\/\/guineediversite.com\/#\/schema\/logo\/image\/","url":"https:\/\/guineediversite.com\/wp-content\/uploads\/2017\/04\/cropped-1jojlxEOMkX9Wyqfhe43D6kjPOGqBBKmx3EwWJqZ0cMrFF54yM49.png","contentUrl":"https:\/\/guineediversite.com\/wp-content\/uploads\/2017\/04\/cropped-1jojlxEOMkX9Wyqfhe43D6kjPOGqBBKmx3EwWJqZ0cMrFF54yM49.png","width":186,"height":112,"caption":"Guin\u00e9e Diversit\u00e9"},"image":{"@id":"https:\/\/guineediversite.com\/#\/schema\/logo\/image\/"},"sameAs":["https:\/\/www.facebook.com\/guineediversite\/","https:\/\/x.com\/GuineeDiversite","https:\/\/www.youtube.com\/channel\/UC8sUY16qelG5ge6_D5SB83g"]},{"@type":"Person","@id":"https:\/\/guineediversite.com\/#\/schema\/person\/afa08fb34e7fc6e1feafc892612bc836","name":"Guin\u00e9e Diversit\u00e9","image":{"@type":"ImageObject","inLanguage":"fr-FR","@id":"https:\/\/guineediversite.com\/#\/schema\/person\/image\/","url":"https:\/\/secure.gravatar.com\/avatar\/50d5eb5b390f8b65ac30ac6f898eb83a?s=96&d=mm&r=g","contentUrl":"https:\/\/secure.gravatar.com\/avatar\/50d5eb5b390f8b65ac30ac6f898eb83a?s=96&d=mm&r=g","caption":"Guin\u00e9e Diversit\u00e9"},"url":"https:\/\/guineediversite.com\/index.php\/author\/guineediversite\/"}]}},"_links":{"self":[{"href":"https:\/\/guineediversite.com\/index.php\/wp-json\/wp\/v2\/posts\/30208"}],"collection":[{"href":"https:\/\/guineediversite.com\/index.php\/wp-json\/wp\/v2\/posts"}],"about":[{"href":"https:\/\/guineediversite.com\/index.php\/wp-json\/wp\/v2\/types\/post"}],"author":[{"embeddable":true,"href":"https:\/\/guineediversite.com\/index.php\/wp-json\/wp\/v2\/users\/12"}],"replies":[{"embeddable":true,"href":"https:\/\/guineediversite.com\/index.php\/wp-json\/wp\/v2\/comments?post=30208"}],"version-history":[{"count":1,"href":"https:\/\/guineediversite.com\/index.php\/wp-json\/wp\/v2\/posts\/30208\/revisions"}],"predecessor-version":[{"id":30210,"href":"https:\/\/guineediversite.com\/index.php\/wp-json\/wp\/v2\/posts\/30208\/revisions\/30210"}],"wp:featuredmedia":[{"embeddable":true,"href":"https:\/\/guineediversite.com\/index.php\/wp-json\/wp\/v2\/media\/30209"}],"wp:attachment":[{"href":"https:\/\/guineediversite.com\/index.php\/wp-json\/wp\/v2\/media?parent=30208"}],"wp:term":[{"taxonomy":"category","embeddable":true,"href":"https:\/\/guineediversite.com\/index.php\/wp-json\/wp\/v2\/categories?post=30208"},{"taxonomy":"post_tag","embeddable":true,"href":"https:\/\/guineediversite.com\/index.php\/wp-json\/wp\/v2\/tags?post=30208"}],"curies":[{"name":"wp","href":"https:\/\/api.w.org\/{rel}","templated":true}]}}