{"id":30205,"date":"2020-07-24T13:37:50","date_gmt":"2020-07-24T11:37:50","guid":{"rendered":"https:\/\/guineediversite.com\/?p=30205"},"modified":"2020-07-24T13:37:50","modified_gmt":"2020-07-24T11:37:50","slug":"psg-edinson-cavani-une-absence-remarquee-et-sans-adieu","status":"publish","type":"post","link":"https:\/\/guineediversite.com\/index.php\/2020\/07\/24\/psg-edinson-cavani-une-absence-remarquee-et-sans-adieu\/","title":{"rendered":"PSG: Edinson Cavani, une absence remarqu\u00e9e et sans adieu"},"content":{"rendered":"<p>Arriv\u00e9 au terme de son contrat en juin et non renouvel\u00e9, Edinson Cavani sera le grand absent de la fin de saison pour le PSG. L\u2019international uruguayen a refus\u00e9 une prolongation de deux mois et ne participera pas \u00e0 la finale de la Coupe de France ce vendredi 24 juillet face \u00e0 Saint-Etienne au Stade de France.<\/p>\n<p>Le d\u00e9fenseur br\u00e9silien Thiago Silva, l&rsquo;attaquant camerounais Eric Maxim Choupo-Moting, pouss\u00e9s aussi vers la sortie, ont d\u00e9cid\u00e9 de terminer la saison avec le PSG avec une pige de deux mois. Eux, auront largement le temps de dire adieu \u00e0 leurs supporters, contrairement \u00e0 Edinson Cavani, qui ne sera pas pr\u00e9sent ce vendredi 24 juillet pour la finale de la Coupe de France face \u00e0 Saint-Etienne au Stade de France. Il manquera aussi la finale de la Coupe de la Ligue contre Lyon le 31 juillet, et le tournoi final de la Ligue des champions du 12 au 23 ao\u00fbt \u00e0 Lisbonne. Le seul titre qui manque \u00e0 son palmar\u00e8s parisien malgr\u00e9 ses 19 troph\u00e9es en sept saisons.<\/p>\n<p><strong>Devenu au fil du temps le chouchou du public parisien<\/strong><\/p>\n<p>Edinson Cavani restera pour longtemps le meilleur buteur du PSG devant les superstars Ibrahimovic, Neymar ou Mbapp\u00e9. Arriv\u00e9 \u00e0 l\u2019\u00e9t\u00e9 2013 en provenance de Naples contre 64,5 millions d&rsquo;euros, achat record pour un club fran\u00e7ais \u00e0 l&rsquo;\u00e9poque, l\u2019international uruguayen a rapidement s\u00e9duit les supporters du Paris Saint-Germain. Il a commenc\u00e9 \u00e0 empiler les buts lorsque Ibrahimovic a quitt\u00e9 le club en 2016.<\/p>\n<p>\u00ab\u00a0Edi\u00a0\u00bb est devenu au fil du temps le chouchou du public parisien, toujours pr\u00eats \u00e0 entonner un chant \u00e0 sa gloire, sur l\u2019air des <em>D\u00e9mons de minuit<\/em> du groupe Image. En f\u00e9vrier dernier contre Bordeaux, il avait inscrit son 200e but, loin devant Zlatan Ibrahimovic (156 buts). \u00ab\u00a0<em>C&rsquo;est magnifique pour moi. Je les remercie pour la chaleur, pour l&rsquo;amour qu&rsquo;ils me donnent, dans les moments difficiles, dans les moments de joie<\/em>\u00a0\u00bb, avait-il d\u00e9clar\u00e9, apr\u00e8s avoir re\u00e7u l&rsquo;hommage de ses \u00e9quipiers, des supporters et du club, et re\u00e7u un troph\u00e9e sp\u00e9cial.<\/p>\n<p>Pourtant, \u00e0 son arriv\u00e9e \u00e0 Paris, aur\u00e9ol\u00e9 d&rsquo;une r\u00e9putation flatteuse \u00e0 Naples o\u00f9 il faisait la paire avec l\u2019Argentin Lavezzi, Cavani doit composer avec Ibrahimovic, star incontest\u00e9e du projet qatari, achet\u00e9 20 millions d&rsquo;euros en 2012.<\/p>\n<p>&nbsp;<\/p>\n<p>Exil\u00e9 sur la gauche de l&rsquo;attaque pour laisser toute la lumi\u00e8re \u00e0 \u00ab\u00a0Ibra\u00a0\u00bb, l&rsquo;Uruguayen ronge son frein. Mais tr\u00e8s vite les supporters louent son sens du sacrifice d\u00e9fensif et l\u2019adopte. \u00ab\u00a0<em>Les supporteurs sont contents de mon travail depuis mon arriv\u00e9e \u00e0 Paris. Je pense que c\u2019est un amour qui grandit avec le temps<\/em>, avait avanc\u00e9 Cavani en mai dernier sur le site du club. <em>C\u2019est comme toute relation. Quand tu es ami tout de suite, c\u2019est un peu bizarre. La vraie amiti\u00e9, elle se cr\u00e9e au fil du temps, avec des moments n\u00e9gatifs et positifs<\/em>.\u00a0\u00bb<\/p>\n<p><strong>Antistar, poche de tout le monde<\/strong><\/p>\n<p>Le public parisien oublie les maladresses des premiers mois. Edinson Cavani se forge ensuite une image d\u2019antistar, poche de tout le monde et vou\u00e9 \u00e0 la cause du club. Il se consacre \u00e0 la p\u00eache en r\u00e9gion parisienne, aime la nature et passe pour celui qui incarne l\u2019anti bling-bling.\u00a0\u00c0 l\u2019instar de certains, il n\u2019utilise pas de jet priv\u00e9 pour aller faire la f\u00eate sur une \u00eele \u00e0 la mode.<\/p>\n<p>\u00ab\u00a0<em>Il est le porte-drapeau de ces gens qui travaillent dur toute l\u2019ann\u00e9e pour \u00eatre au stade<\/em>\u00a0\u00bb, avait comment\u00e9 Guillaume Hoarau, ancien joueur du club de la capitale, dans les colonnes de <em>France Football. <\/em>Edinson Cavani a surtout \u00e9t\u00e9 utile pour contrebalancer avec l\u2019image d\u2019un club riche, capable de d\u00e9penser des fortunes gr\u00e2ce aux investisseurs qataris.<\/p>\n<p>Jeudi, Cavani a publi\u00e9 une vid\u00e9o compilant ses plus beaux moments des saisons 2016-2017 et 2017-2018, avec Paris. \u00ab <em>Il y a sept ans jour pour jour, commen\u00e7ait \u00e0 s\u2019\u00e9crire une belle histoire\u2026 <\/em>\u00bb, avait-il \u00e9crit sur son compte Twitter il y a quelques jours. D\u00e9j\u00e0 nostalgique de ses grandes ann\u00e9es parisiennes, Edison Cavani tentera certainement d\u2019oublier tr\u00e8s vite l\u2019exercice 2019-2020, avec l\u2019\u00e9pisode du coronavirus, son contrat non prolong\u00e9 et des statistiques moins flamboyantes : 12 titularisations et 7 buts toutes comp\u00e9titions confondues. Parti sur la pointe des pieds, Edison Cavani n&rsquo;aura pas l&rsquo;occasion de saluer son public une derni\u00e8re fois.<\/p>\n<p><strong>RFI<\/strong><\/p>\n","protected":false},"excerpt":{"rendered":"<p>Arriv\u00e9 au terme de son contrat en juin et non renouvel\u00e9, Edinson Cavani sera le grand absent de la fin de saison pour le PSG. L\u2019international uruguayen a refus\u00e9 une prolongation de deux mois et ne participera pas \u00e0 la finale de la Coupe de France ce vendredi 24 juillet face \u00e0 Saint-Etienne au Stade [&hellip;]<\/p>\n","protected":false},"author":12,"featured_media":30206,"comment_status":"closed","ping_status":"open","sticky":false,"template":"","format":"standard","meta":{"_exactmetrics_skip_tracking":false,"_exactmetrics_sitenote_active":false,"_exactmetrics_sitenote_note":"","_exactmetrics_sitenote_category":0,"tdm_status":"","tdm_grid_status":"","footnotes":""},"categories":[18],"tags":[],"class_list":{"0":"post-30205","1":"post","2":"type-post","3":"status-publish","4":"format-standard","5":"has-post-thumbnail","7":"category-sport"},"yoast_head":"<!-- This site is optimized with the Yoast SEO plugin v24.2 - https:\/\/yoast.com\/wordpress\/plugins\/seo\/ -->\n<title>PSG: Edinson Cavani, une absence remarqu\u00e9e et sans adieu | Guin\u00e9e Diversit\u00e9<\/title>\n<meta name=\"robots\" content=\"index, follow, max-snippet:-1, max-image-preview:large, max-video-preview:-1\" \/>\n<link rel=\"canonical\" href=\"https:\/\/guineediversite.com\/index.php\/2020\/07\/24\/psg-edinson-cavani-une-absence-remarquee-et-sans-adieu\/\" \/>\n<meta property=\"og:locale\" content=\"fr_FR\" \/>\n<meta property=\"og:type\" content=\"article\" \/>\n<meta property=\"og:title\" content=\"PSG: Edinson Cavani, une absence remarqu\u00e9e et sans adieu | Guin\u00e9e Diversit\u00e9\" \/>\n<meta property=\"og:description\" content=\"Arriv\u00e9 au terme de son contrat en juin et non renouvel\u00e9, Edinson Cavani sera le grand absent de la fin de saison pour le PSG. L\u2019international uruguayen a refus\u00e9 une prolongation de deux mois et ne participera pas \u00e0 la finale de la Coupe de France ce vendredi 24 juillet face \u00e0 Saint-Etienne au Stade [&hellip;]\" \/>\n<meta property=\"og:url\" content=\"https:\/\/guineediversite.com\/index.php\/2020\/07\/24\/psg-edinson-cavani-une-absence-remarquee-et-sans-adieu\/\" \/>\n<meta property=\"og:site_name\" content=\"Guin\u00e9e Diversit\u00e9\" \/>\n<meta property=\"article:publisher\" content=\"https:\/\/www.facebook.com\/guineediversite\/\" \/>\n<meta property=\"article:published_time\" content=\"2020-07-24T11:37:50+00:00\" \/>\n<meta property=\"og:image\" content=\"https:\/\/guineediversite.com\/wp-content\/uploads\/2020\/07\/Edinson-Cavani-ancien-attaquant-du-PSG..jpg\" \/>\n\t<meta property=\"og:image:width\" content=\"1300\" \/>\n\t<meta property=\"og:image:height\" content=\"728\" \/>\n\t<meta property=\"og:image:type\" content=\"image\/jpeg\" \/>\n<meta name=\"author\" content=\"Guin\u00e9e Diversit\u00e9\" \/>\n<meta name=\"twitter:card\" content=\"summary_large_image\" \/>\n<meta name=\"twitter:creator\" content=\"@GuineeDiversite\" \/>\n<meta name=\"twitter:site\" content=\"@GuineeDiversite\" \/>\n<meta name=\"twitter:label1\" content=\"\u00c9crit par\" \/>\n\t<meta name=\"twitter:data1\" content=\"Guin\u00e9e Diversit\u00e9\" \/>\n\t<meta name=\"twitter:label2\" content=\"Dur\u00e9e de lecture estim\u00e9e\" \/>\n\t<meta name=\"twitter:data2\" content=\"4 minutes\" \/>\n<script type=\"application\/ld+json\" class=\"yoast-schema-graph\">{\"@context\":\"https:\/\/schema.org\",\"@graph\":[{\"@type\":\"Article\",\"@id\":\"https:\/\/guineediversite.com\/index.php\/2020\/07\/24\/psg-edinson-cavani-une-absence-remarquee-et-sans-adieu\/#article\",\"isPartOf\":{\"@id\":\"https:\/\/guineediversite.com\/index.php\/2020\/07\/24\/psg-edinson-cavani-une-absence-remarquee-et-sans-adieu\/\"},\"author\":{\"name\":\"Guin\u00e9e Diversit\u00e9\",\"@id\":\"https:\/\/guineediversite.com\/#\/schema\/person\/afa08fb34e7fc6e1feafc892612bc836\"},\"headline\":\"PSG: Edinson Cavani, une absence remarqu\u00e9e et sans adieu\",\"datePublished\":\"2020-07-24T11:37:50+00:00\",\"dateModified\":\"2020-07-24T11:37:50+00:00\",\"mainEntityOfPage\":{\"@id\":\"https:\/\/guineediversite.com\/index.php\/2020\/07\/24\/psg-edinson-cavani-une-absence-remarquee-et-sans-adieu\/\"},\"wordCount\":747,\"publisher\":{\"@id\":\"https:\/\/guineediversite.com\/#organization\"},\"image\":{\"@id\":\"https:\/\/guineediversite.com\/index.php\/2020\/07\/24\/psg-edinson-cavani-une-absence-remarquee-et-sans-adieu\/#primaryimage\"},\"thumbnailUrl\":\"https:\/\/guineediversite.com\/wp-content\/uploads\/2020\/07\/Edinson-Cavani-ancien-attaquant-du-PSG..jpg\",\"articleSection\":[\"Sport\"],\"inLanguage\":\"fr-FR\"},{\"@type\":\"WebPage\",\"@id\":\"https:\/\/guineediversite.com\/index.php\/2020\/07\/24\/psg-edinson-cavani-une-absence-remarquee-et-sans-adieu\/\",\"url\":\"https:\/\/guineediversite.com\/index.php\/2020\/07\/24\/psg-edinson-cavani-une-absence-remarquee-et-sans-adieu\/\",\"name\":\"PSG: Edinson Cavani, une absence remarqu\u00e9e et sans adieu | Guin\u00e9e Diversit\u00e9\",\"isPartOf\":{\"@id\":\"https:\/\/guineediversite.com\/#website\"},\"primaryImageOfPage\":{\"@id\":\"https:\/\/guineediversite.com\/index.php\/2020\/07\/24\/psg-edinson-cavani-une-absence-remarquee-et-sans-adieu\/#primaryimage\"},\"image\":{\"@id\":\"https:\/\/guineediversite.com\/index.php\/2020\/07\/24\/psg-edinson-cavani-une-absence-remarquee-et-sans-adieu\/#primaryimage\"},\"thumbnailUrl\":\"https:\/\/guineediversite.com\/wp-content\/uploads\/2020\/07\/Edinson-Cavani-ancien-attaquant-du-PSG..jpg\",\"datePublished\":\"2020-07-24T11:37:50+00:00\",\"dateModified\":\"2020-07-24T11:37:50+00:00\",\"breadcrumb\":{\"@id\":\"https:\/\/guineediversite.com\/index.php\/2020\/07\/24\/psg-edinson-cavani-une-absence-remarquee-et-sans-adieu\/#breadcrumb\"},\"inLanguage\":\"fr-FR\",\"potentialAction\":[{\"@type\":\"ReadAction\",\"target\":[\"https:\/\/guineediversite.com\/index.php\/2020\/07\/24\/psg-edinson-cavani-une-absence-remarquee-et-sans-adieu\/\"]}]},{\"@type\":\"ImageObject\",\"inLanguage\":\"fr-FR\",\"@id\":\"https:\/\/guineediversite.com\/index.php\/2020\/07\/24\/psg-edinson-cavani-une-absence-remarquee-et-sans-adieu\/#primaryimage\",\"url\":\"https:\/\/guineediversite.com\/wp-content\/uploads\/2020\/07\/Edinson-Cavani-ancien-attaquant-du-PSG..jpg\",\"contentUrl\":\"https:\/\/guineediversite.com\/wp-content\/uploads\/2020\/07\/Edinson-Cavani-ancien-attaquant-du-PSG..jpg\",\"width\":1300,\"height\":728},{\"@type\":\"BreadcrumbList\",\"@id\":\"https:\/\/guineediversite.com\/index.php\/2020\/07\/24\/psg-edinson-cavani-une-absence-remarquee-et-sans-adieu\/#breadcrumb\",\"itemListElement\":[{\"@type\":\"ListItem\",\"position\":1,\"name\":\"Accueil\",\"item\":\"https:\/\/guineediversite.com\/\"},{\"@type\":\"ListItem\",\"position\":2,\"name\":\"PSG: Edinson Cavani, une absence remarqu\u00e9e et sans adieu\"}]},{\"@type\":\"WebSite\",\"@id\":\"https:\/\/guineediversite.com\/#website\",\"url\":\"https:\/\/guineediversite.com\/\",\"name\":\"Guin\u00e9e Diversit\u00e9\",\"description\":\"L&#039;Info dans toute sa diversit\u00e9\",\"publisher\":{\"@id\":\"https:\/\/guineediversite.com\/#organization\"},\"potentialAction\":[{\"@type\":\"SearchAction\",\"target\":{\"@type\":\"EntryPoint\",\"urlTemplate\":\"https:\/\/guineediversite.com\/?s={search_term_string}\"},\"query-input\":{\"@type\":\"PropertyValueSpecification\",\"valueRequired\":true,\"valueName\":\"search_term_string\"}}],\"inLanguage\":\"fr-FR\"},{\"@type\":\"Organization\",\"@id\":\"https:\/\/guineediversite.com\/#organization\",\"name\":\"Guin\u00e9e Diversit\u00e9\",\"url\":\"https:\/\/guineediversite.com\/\",\"logo\":{\"@type\":\"ImageObject\",\"inLanguage\":\"fr-FR\",\"@id\":\"https:\/\/guineediversite.com\/#\/schema\/logo\/image\/\",\"url\":\"https:\/\/guineediversite.com\/wp-content\/uploads\/2017\/04\/cropped-1jojlxEOMkX9Wyqfhe43D6kjPOGqBBKmx3EwWJqZ0cMrFF54yM49.png\",\"contentUrl\":\"https:\/\/guineediversite.com\/wp-content\/uploads\/2017\/04\/cropped-1jojlxEOMkX9Wyqfhe43D6kjPOGqBBKmx3EwWJqZ0cMrFF54yM49.png\",\"width\":186,\"height\":112,\"caption\":\"Guin\u00e9e Diversit\u00e9\"},\"image\":{\"@id\":\"https:\/\/guineediversite.com\/#\/schema\/logo\/image\/\"},\"sameAs\":[\"https:\/\/www.facebook.com\/guineediversite\/\",\"https:\/\/x.com\/GuineeDiversite\",\"https:\/\/www.youtube.com\/channel\/UC8sUY16qelG5ge6_D5SB83g\"]},{\"@type\":\"Person\",\"@id\":\"https:\/\/guineediversite.com\/#\/schema\/person\/afa08fb34e7fc6e1feafc892612bc836\",\"name\":\"Guin\u00e9e Diversit\u00e9\",\"image\":{\"@type\":\"ImageObject\",\"inLanguage\":\"fr-FR\",\"@id\":\"https:\/\/guineediversite.com\/#\/schema\/person\/image\/\",\"url\":\"https:\/\/secure.gravatar.com\/avatar\/50d5eb5b390f8b65ac30ac6f898eb83a?s=96&d=mm&r=g\",\"contentUrl\":\"https:\/\/secure.gravatar.com\/avatar\/50d5eb5b390f8b65ac30ac6f898eb83a?s=96&d=mm&r=g\",\"caption\":\"Guin\u00e9e Diversit\u00e9\"},\"url\":\"https:\/\/guineediversite.com\/index.php\/author\/guineediversite\/\"}]}<\/script>\n<!-- \/ Yoast SEO plugin. -->","yoast_head_json":{"title":"PSG: Edinson Cavani, une absence remarqu\u00e9e et sans adieu | Guin\u00e9e Diversit\u00e9","robots":{"index":"index","follow":"follow","max-snippet":"max-snippet:-1","max-image-preview":"max-image-preview:large","max-video-preview":"max-video-preview:-1"},"canonical":"https:\/\/guineediversite.com\/index.php\/2020\/07\/24\/psg-edinson-cavani-une-absence-remarquee-et-sans-adieu\/","og_locale":"fr_FR","og_type":"article","og_title":"PSG: Edinson Cavani, une absence remarqu\u00e9e et sans adieu | Guin\u00e9e Diversit\u00e9","og_description":"Arriv\u00e9 au terme de son contrat en juin et non renouvel\u00e9, Edinson Cavani sera le grand absent de la fin de saison pour le PSG. L\u2019international uruguayen a refus\u00e9 une prolongation de deux mois et ne participera pas \u00e0 la finale de la Coupe de France ce vendredi 24 juillet face \u00e0 Saint-Etienne au Stade [&hellip;]","og_url":"https:\/\/guineediversite.com\/index.php\/2020\/07\/24\/psg-edinson-cavani-une-absence-remarquee-et-sans-adieu\/","og_site_name":"Guin\u00e9e Diversit\u00e9","article_publisher":"https:\/\/www.facebook.com\/guineediversite\/","article_published_time":"2020-07-24T11:37:50+00:00","og_image":[{"width":1300,"height":728,"url":"https:\/\/guineediversite.com\/wp-content\/uploads\/2020\/07\/Edinson-Cavani-ancien-attaquant-du-PSG..jpg","type":"image\/jpeg"}],"author":"Guin\u00e9e Diversit\u00e9","twitter_card":"summary_large_image","twitter_creator":"@GuineeDiversite","twitter_site":"@GuineeDiversite","twitter_misc":{"\u00c9crit par":"Guin\u00e9e Diversit\u00e9","Dur\u00e9e de lecture estim\u00e9e":"4 minutes"},"schema":{"@context":"https:\/\/schema.org","@graph":[{"@type":"Article","@id":"https:\/\/guineediversite.com\/index.php\/2020\/07\/24\/psg-edinson-cavani-une-absence-remarquee-et-sans-adieu\/#article","isPartOf":{"@id":"https:\/\/guineediversite.com\/index.php\/2020\/07\/24\/psg-edinson-cavani-une-absence-remarquee-et-sans-adieu\/"},"author":{"name":"Guin\u00e9e Diversit\u00e9","@id":"https:\/\/guineediversite.com\/#\/schema\/person\/afa08fb34e7fc6e1feafc892612bc836"},"headline":"PSG: Edinson Cavani, une absence remarqu\u00e9e et sans adieu","datePublished":"2020-07-24T11:37:50+00:00","dateModified":"2020-07-24T11:37:50+00:00","mainEntityOfPage":{"@id":"https:\/\/guineediversite.com\/index.php\/2020\/07\/24\/psg-edinson-cavani-une-absence-remarquee-et-sans-adieu\/"},"wordCount":747,"publisher":{"@id":"https:\/\/guineediversite.com\/#organization"},"image":{"@id":"https:\/\/guineediversite.com\/index.php\/2020\/07\/24\/psg-edinson-cavani-une-absence-remarquee-et-sans-adieu\/#primaryimage"},"thumbnailUrl":"https:\/\/guineediversite.com\/wp-content\/uploads\/2020\/07\/Edinson-Cavani-ancien-attaquant-du-PSG..jpg","articleSection":["Sport"],"inLanguage":"fr-FR"},{"@type":"WebPage","@id":"https:\/\/guineediversite.com\/index.php\/2020\/07\/24\/psg-edinson-cavani-une-absence-remarquee-et-sans-adieu\/","url":"https:\/\/guineediversite.com\/index.php\/2020\/07\/24\/psg-edinson-cavani-une-absence-remarquee-et-sans-adieu\/","name":"PSG: Edinson Cavani, une absence remarqu\u00e9e et sans adieu | Guin\u00e9e Diversit\u00e9","isPartOf":{"@id":"https:\/\/guineediversite.com\/#website"},"primaryImageOfPage":{"@id":"https:\/\/guineediversite.com\/index.php\/2020\/07\/24\/psg-edinson-cavani-une-absence-remarquee-et-sans-adieu\/#primaryimage"},"image":{"@id":"https:\/\/guineediversite.com\/index.php\/2020\/07\/24\/psg-edinson-cavani-une-absence-remarquee-et-sans-adieu\/#primaryimage"},"thumbnailUrl":"https:\/\/guineediversite.com\/wp-content\/uploads\/2020\/07\/Edinson-Cavani-ancien-attaquant-du-PSG..jpg","datePublished":"2020-07-24T11:37:50+00:00","dateModified":"2020-07-24T11:37:50+00:00","breadcrumb":{"@id":"https:\/\/guineediversite.com\/index.php\/2020\/07\/24\/psg-edinson-cavani-une-absence-remarquee-et-sans-adieu\/#breadcrumb"},"inLanguage":"fr-FR","potentialAction":[{"@type":"ReadAction","target":["https:\/\/guineediversite.com\/index.php\/2020\/07\/24\/psg-edinson-cavani-une-absence-remarquee-et-sans-adieu\/"]}]},{"@type":"ImageObject","inLanguage":"fr-FR","@id":"https:\/\/guineediversite.com\/index.php\/2020\/07\/24\/psg-edinson-cavani-une-absence-remarquee-et-sans-adieu\/#primaryimage","url":"https:\/\/guineediversite.com\/wp-content\/uploads\/2020\/07\/Edinson-Cavani-ancien-attaquant-du-PSG..jpg","contentUrl":"https:\/\/guineediversite.com\/wp-content\/uploads\/2020\/07\/Edinson-Cavani-ancien-attaquant-du-PSG..jpg","width":1300,"height":728},{"@type":"BreadcrumbList","@id":"https:\/\/guineediversite.com\/index.php\/2020\/07\/24\/psg-edinson-cavani-une-absence-remarquee-et-sans-adieu\/#breadcrumb","itemListElement":[{"@type":"ListItem","position":1,"name":"Accueil","item":"https:\/\/guineediversite.com\/"},{"@type":"ListItem","position":2,"name":"PSG: Edinson Cavani, une absence remarqu\u00e9e et sans adieu"}]},{"@type":"WebSite","@id":"https:\/\/guineediversite.com\/#website","url":"https:\/\/guineediversite.com\/","name":"Guin\u00e9e Diversit\u00e9","description":"L&#039;Info dans toute sa diversit\u00e9","publisher":{"@id":"https:\/\/guineediversite.com\/#organization"},"potentialAction":[{"@type":"SearchAction","target":{"@type":"EntryPoint","urlTemplate":"https:\/\/guineediversite.com\/?s={search_term_string}"},"query-input":{"@type":"PropertyValueSpecification","valueRequired":true,"valueName":"search_term_string"}}],"inLanguage":"fr-FR"},{"@type":"Organization","@id":"https:\/\/guineediversite.com\/#organization","name":"Guin\u00e9e Diversit\u00e9","url":"https:\/\/guineediversite.com\/","logo":{"@type":"ImageObject","inLanguage":"fr-FR","@id":"https:\/\/guineediversite.com\/#\/schema\/logo\/image\/","url":"https:\/\/guineediversite.com\/wp-content\/uploads\/2017\/04\/cropped-1jojlxEOMkX9Wyqfhe43D6kjPOGqBBKmx3EwWJqZ0cMrFF54yM49.png","contentUrl":"https:\/\/guineediversite.com\/wp-content\/uploads\/2017\/04\/cropped-1jojlxEOMkX9Wyqfhe43D6kjPOGqBBKmx3EwWJqZ0cMrFF54yM49.png","width":186,"height":112,"caption":"Guin\u00e9e Diversit\u00e9"},"image":{"@id":"https:\/\/guineediversite.com\/#\/schema\/logo\/image\/"},"sameAs":["https:\/\/www.facebook.com\/guineediversite\/","https:\/\/x.com\/GuineeDiversite","https:\/\/www.youtube.com\/channel\/UC8sUY16qelG5ge6_D5SB83g"]},{"@type":"Person","@id":"https:\/\/guineediversite.com\/#\/schema\/person\/afa08fb34e7fc6e1feafc892612bc836","name":"Guin\u00e9e Diversit\u00e9","image":{"@type":"ImageObject","inLanguage":"fr-FR","@id":"https:\/\/guineediversite.com\/#\/schema\/person\/image\/","url":"https:\/\/secure.gravatar.com\/avatar\/50d5eb5b390f8b65ac30ac6f898eb83a?s=96&d=mm&r=g","contentUrl":"https:\/\/secure.gravatar.com\/avatar\/50d5eb5b390f8b65ac30ac6f898eb83a?s=96&d=mm&r=g","caption":"Guin\u00e9e Diversit\u00e9"},"url":"https:\/\/guineediversite.com\/index.php\/author\/guineediversite\/"}]}},"_links":{"self":[{"href":"https:\/\/guineediversite.com\/index.php\/wp-json\/wp\/v2\/posts\/30205"}],"collection":[{"href":"https:\/\/guineediversite.com\/index.php\/wp-json\/wp\/v2\/posts"}],"about":[{"href":"https:\/\/guineediversite.com\/index.php\/wp-json\/wp\/v2\/types\/post"}],"author":[{"embeddable":true,"href":"https:\/\/guineediversite.com\/index.php\/wp-json\/wp\/v2\/users\/12"}],"replies":[{"embeddable":true,"href":"https:\/\/guineediversite.com\/index.php\/wp-json\/wp\/v2\/comments?post=30205"}],"version-history":[{"count":1,"href":"https:\/\/guineediversite.com\/index.php\/wp-json\/wp\/v2\/posts\/30205\/revisions"}],"predecessor-version":[{"id":30207,"href":"https:\/\/guineediversite.com\/index.php\/wp-json\/wp\/v2\/posts\/30205\/revisions\/30207"}],"wp:featuredmedia":[{"embeddable":true,"href":"https:\/\/guineediversite.com\/index.php\/wp-json\/wp\/v2\/media\/30206"}],"wp:attachment":[{"href":"https:\/\/guineediversite.com\/index.php\/wp-json\/wp\/v2\/media?parent=30205"}],"wp:term":[{"taxonomy":"category","embeddable":true,"href":"https:\/\/guineediversite.com\/index.php\/wp-json\/wp\/v2\/categories?post=30205"},{"taxonomy":"post_tag","embeddable":true,"href":"https:\/\/guineediversite.com\/index.php\/wp-json\/wp\/v2\/tags?post=30205"}],"curies":[{"name":"wp","href":"https:\/\/api.w.org\/{rel}","templated":true}]}}