{"id":30202,"date":"2020-07-24T13:29:30","date_gmt":"2020-07-24T11:29:30","guid":{"rendered":"https:\/\/guineediversite.com\/?p=30202"},"modified":"2020-07-24T13:29:30","modified_gmt":"2020-07-24T11:29:30","slug":"mali-les-cinq-chefs-detat-butent-sur-lopposition-a-bamako-la-cedeao-convoque-un-sommet","status":"publish","type":"post","link":"https:\/\/guineediversite.com\/index.php\/2020\/07\/24\/mali-les-cinq-chefs-detat-butent-sur-lopposition-a-bamako-la-cedeao-convoque-un-sommet\/","title":{"rendered":"Mali: les cinq chefs d&rsquo;\u00c9tat butent sur l&rsquo;opposition \u00e0 Bamako, la C\u00e9d\u00e9ao convoque un sommet"},"content":{"rendered":"<p>La mission des cinq chefs d\u2019\u00c9tat ouest-africains dirig\u00e9e par le pr\u00e9sident en exercice de la C\u00e9d\u00e9ao Mahamadou Issoufou a pris fin jeudi soir 23 juillet. Si ce dernier ne \u00abd\u00e9sesp\u00e8re pas\u00bb de trouver un compromis, pour l&rsquo;opposition, les lignes n&rsquo;ont pas \u00e9volu\u00e9. La C\u00e9d\u00e9ao renouv\u00e8le son soutien au pr\u00e9sident IBK.<\/p>\n<p>Premier \u00e0 atterrir \u00e0 Bamako, le pr\u00e9sident ivoirien Alassane Dramane Ouattara prend les choses en main. Il a tout de suite un entretien au salon d\u2019honneur de l\u2019a\u00e9roport avec son homologue malien venu l\u2019accueillir. Dans la ville se tiennent une petite manifestation pro-gouvernement et autre contre.<\/p>\n<p>Ensuite, tour \u00e0 tour, les pr\u00e9sidents du Niger, du S\u00e9n\u00e9gal, du Ghana et du Nigeria d\u00e9barquent. Tous gagnent l\u2019h\u00f4tel Marriott de Bamako. Pas de temps \u00e0 perdre, l\u2019ascenseur indique \u00e9tage 9. Le huis-clos commence dans la suite du pr\u00e9sident ivoirien. C\u2019est l\u2019ancien chef d\u2019\u00c9tat du Nigeria Goodluck Jonathan qui prend la parole. Il fait un compte rendu de <strong><a href=\"https:\/\/www.rfi.fr\/fr\/afrique\/20200719-mali-conference-presse-mission-cedeao-propositions-opposition-mouvement-5-juin\">sa propre mission de m\u00e9diation au Mali<\/a><\/strong>. Ses recommandations sont valid\u00e9es\u00a0: pas question de d\u00e9mission du pr\u00e9sident IBK, formation avec un gouvernement d\u2019union nationale, avec pour le moment maintien de l\u2019actuel Premier ministre Boubou Ciss\u00e9.<\/p>\n<p>Puis c&rsquo;est le d\u00e9jeuner des chefs d\u2019\u00c9tat au palais pr\u00e9sidentiel au cours duquel \u00ab\u00a0<em>on a franchement parl\u00e9 \u00e0 IBK<\/em>\u00a0\u00bb d\u2019apr\u00e8s nos informations. Retour \u00e0 l\u2019h\u00f4tel pour une rencontre avec la majorit\u00e9 pr\u00e9sidentielle, la soci\u00e9t\u00e9 civile et l\u2019opposition. Mais cette derni\u00e8re n\u2019approuve pas le sch\u00e9ma de crise.<\/p>\n<p>Bokary Treta est pr\u00e9sident du RPM, le parti pr\u00e9sidentiel.<\/p>\n<p>Nous avons rappel\u00e9 l&rsquo;urgence qu&rsquo;il y a \u00e0 mettre en place un gouvernement d&rsquo;union nationale.<\/p>\n<p>Bokary Treta<\/p>\n<p>Coralie Pierret<\/p>\n<p>Pour clairifier la situation, les chefs d\u2019\u00c9tats de la C\u00e9d\u00e9ao, qui doivent rendre compte \u00e0 leurs homologues de l&rsquo;organisation qui n\u2019avaient pas fait de d\u00e9placement, convoquent un sommet extraordinaire de l&rsquo;Afrique de l&rsquo;ouest ce lundi, a annonc\u00e9 le pr\u00e9sident de la C\u00e9d\u00e9ao, Mahamadou Issoufou. Cette fois, par visioconf\u00e9rence. Le pr\u00e9sident nig\u00e9rien ne d\u00e9sesp\u00e8re pas de trouver un compromis entre toutes les parties et il annonce des \u00ab\u00a0<em>mesures fortes pour accompagner le Mali<\/em>\u00a0\u00bb.<\/p>\n<p>Je ne d\u00e9sesp\u00e8re pas, je pense qu&rsquo;on trouvera le compromis. Je vous donne rendez-vous lundi prochain \u00e0 l&rsquo;occasion du sommet extraordinaire du sommet que nous allons convoquer. La C\u00e9d\u00e9ao prendra des mesures fortes. Le d\u00e9part du pr\u00e9sident IBK est sans ambiguit\u00e9 une ligne rouge pour la C\u00e9d\u00e9ao. Faire partir le pr\u00e9sident IBK aujourd&rsquo;hui, alors qu&rsquo;il a \u00e9t\u00e9 \u00e9lu d\u00e9mocratiquement par le peuple malien serait anticonstitutionnel pour la C\u00e9d\u00e9ao.<\/p>\n<p>Mahamadou Issoufou<\/p>\n<p>Coralie Pierret<\/p>\n<p>Au sortir des rencontres, l\u2019imam Dicko, figure de la contestation qui r\u00e9clame depuis presque deux mois la d\u00e9mission du pr\u00e9sident IBK et de son r\u00e9gime a affirm\u00e9 que les lignes n\u2019avaient pas boug\u00e9.<\/p>\n<p>Je l&rsquo;ai dit et le redis, nous sommes un peuple debout, nous ne sommes pas un peuple soumis ou r\u00e9sign\u00e9. Je pr\u00e9f\u00e8re mourir martyr que de mourir tra\u00eetre. Les jeunes gens qui ont perdu leur vie ne l&rsquo;ont pas perdue pour rien [&#8230;] je pense que rien n&rsquo;a \u00e9t\u00e9 fait pour le moment.<\/p>\n<p><strong>RFI<\/strong><\/p>\n","protected":false},"excerpt":{"rendered":"<p>La mission des cinq chefs d\u2019\u00c9tat ouest-africains dirig\u00e9e par le pr\u00e9sident en exercice de la C\u00e9d\u00e9ao Mahamadou Issoufou a pris fin jeudi soir 23 juillet. Si ce dernier ne \u00abd\u00e9sesp\u00e8re pas\u00bb de trouver un compromis, pour l&rsquo;opposition, les lignes n&rsquo;ont pas \u00e9volu\u00e9. La C\u00e9d\u00e9ao renouv\u00e8le son soutien au pr\u00e9sident IBK. Premier \u00e0 atterrir \u00e0 Bamako, [&hellip;]<\/p>\n","protected":false},"author":12,"featured_media":30203,"comment_status":"closed","ping_status":"open","sticky":false,"template":"","format":"standard","meta":{"_exactmetrics_skip_tracking":false,"_exactmetrics_sitenote_active":false,"_exactmetrics_sitenote_note":"","_exactmetrics_sitenote_category":0,"tdm_status":"","tdm_grid_status":"","footnotes":""},"categories":[21],"tags":[],"class_list":{"0":"post-30202","1":"post","2":"type-post","3":"status-publish","4":"format-standard","5":"has-post-thumbnail","7":"category-international"},"yoast_head":"<!-- This site is optimized with the Yoast SEO plugin v24.2 - https:\/\/yoast.com\/wordpress\/plugins\/seo\/ -->\n<title>Mali: les cinq chefs d&#039;\u00c9tat butent sur l&#039;opposition \u00e0 Bamako, la C\u00e9d\u00e9ao convoque un sommet | Guin\u00e9e Diversit\u00e9<\/title>\n<meta name=\"robots\" content=\"index, follow, max-snippet:-1, max-image-preview:large, max-video-preview:-1\" \/>\n<link rel=\"canonical\" href=\"https:\/\/guineediversite.com\/index.php\/2020\/07\/24\/mali-les-cinq-chefs-detat-butent-sur-lopposition-a-bamako-la-cedeao-convoque-un-sommet\/\" \/>\n<meta property=\"og:locale\" content=\"fr_FR\" \/>\n<meta property=\"og:type\" content=\"article\" \/>\n<meta property=\"og:title\" content=\"Mali: les cinq chefs d&#039;\u00c9tat butent sur l&#039;opposition \u00e0 Bamako, la C\u00e9d\u00e9ao convoque un sommet | Guin\u00e9e Diversit\u00e9\" \/>\n<meta property=\"og:description\" content=\"La mission des cinq chefs d\u2019\u00c9tat ouest-africains dirig\u00e9e par le pr\u00e9sident en exercice de la C\u00e9d\u00e9ao Mahamadou Issoufou a pris fin jeudi soir 23 juillet. Si ce dernier ne \u00abd\u00e9sesp\u00e8re pas\u00bb de trouver un compromis, pour l&rsquo;opposition, les lignes n&rsquo;ont pas \u00e9volu\u00e9. La C\u00e9d\u00e9ao renouv\u00e8le son soutien au pr\u00e9sident IBK. Premier \u00e0 atterrir \u00e0 Bamako, [&hellip;]\" \/>\n<meta property=\"og:url\" content=\"https:\/\/guineediversite.com\/index.php\/2020\/07\/24\/mali-les-cinq-chefs-detat-butent-sur-lopposition-a-bamako-la-cedeao-convoque-un-sommet\/\" \/>\n<meta property=\"og:site_name\" content=\"Guin\u00e9e Diversit\u00e9\" \/>\n<meta property=\"article:publisher\" content=\"https:\/\/www.facebook.com\/guineediversite\/\" \/>\n<meta property=\"article:published_time\" content=\"2020-07-24T11:29:30+00:00\" \/>\n<meta property=\"og:image\" content=\"https:\/\/guineediversite.com\/wp-content\/uploads\/2020\/07\/Le-pr\u00e9sident-de-la-C\u00e9d\u00e9ao-Mahamadou-Issoufou..jpg\" \/>\n\t<meta property=\"og:image:width\" content=\"1500\" \/>\n\t<meta property=\"og:image:height\" content=\"1500\" \/>\n\t<meta property=\"og:image:type\" content=\"image\/jpeg\" \/>\n<meta name=\"author\" content=\"Guin\u00e9e Diversit\u00e9\" \/>\n<meta name=\"twitter:card\" content=\"summary_large_image\" \/>\n<meta name=\"twitter:creator\" content=\"@GuineeDiversite\" \/>\n<meta name=\"twitter:site\" content=\"@GuineeDiversite\" \/>\n<meta name=\"twitter:label1\" content=\"\u00c9crit par\" \/>\n\t<meta name=\"twitter:data1\" content=\"Guin\u00e9e Diversit\u00e9\" \/>\n\t<meta name=\"twitter:label2\" content=\"Dur\u00e9e de lecture estim\u00e9e\" \/>\n\t<meta name=\"twitter:data2\" content=\"3 minutes\" \/>\n<script type=\"application\/ld+json\" class=\"yoast-schema-graph\">{\"@context\":\"https:\/\/schema.org\",\"@graph\":[{\"@type\":\"Article\",\"@id\":\"https:\/\/guineediversite.com\/index.php\/2020\/07\/24\/mali-les-cinq-chefs-detat-butent-sur-lopposition-a-bamako-la-cedeao-convoque-un-sommet\/#article\",\"isPartOf\":{\"@id\":\"https:\/\/guineediversite.com\/index.php\/2020\/07\/24\/mali-les-cinq-chefs-detat-butent-sur-lopposition-a-bamako-la-cedeao-convoque-un-sommet\/\"},\"author\":{\"name\":\"Guin\u00e9e Diversit\u00e9\",\"@id\":\"https:\/\/guineediversite.com\/#\/schema\/person\/afa08fb34e7fc6e1feafc892612bc836\"},\"headline\":\"Mali: les cinq chefs d&rsquo;\u00c9tat butent sur l&rsquo;opposition \u00e0 Bamako, la C\u00e9d\u00e9ao convoque un sommet\",\"datePublished\":\"2020-07-24T11:29:30+00:00\",\"dateModified\":\"2020-07-24T11:29:30+00:00\",\"mainEntityOfPage\":{\"@id\":\"https:\/\/guineediversite.com\/index.php\/2020\/07\/24\/mali-les-cinq-chefs-detat-butent-sur-lopposition-a-bamako-la-cedeao-convoque-un-sommet\/\"},\"wordCount\":599,\"publisher\":{\"@id\":\"https:\/\/guineediversite.com\/#organization\"},\"image\":{\"@id\":\"https:\/\/guineediversite.com\/index.php\/2020\/07\/24\/mali-les-cinq-chefs-detat-butent-sur-lopposition-a-bamako-la-cedeao-convoque-un-sommet\/#primaryimage\"},\"thumbnailUrl\":\"https:\/\/guineediversite.com\/wp-content\/uploads\/2020\/07\/Le-pr\u00e9sident-de-la-C\u00e9d\u00e9ao-Mahamadou-Issoufou..jpg\",\"articleSection\":[\"International\"],\"inLanguage\":\"fr-FR\"},{\"@type\":\"WebPage\",\"@id\":\"https:\/\/guineediversite.com\/index.php\/2020\/07\/24\/mali-les-cinq-chefs-detat-butent-sur-lopposition-a-bamako-la-cedeao-convoque-un-sommet\/\",\"url\":\"https:\/\/guineediversite.com\/index.php\/2020\/07\/24\/mali-les-cinq-chefs-detat-butent-sur-lopposition-a-bamako-la-cedeao-convoque-un-sommet\/\",\"name\":\"Mali: les cinq chefs d'\u00c9tat butent sur l'opposition \u00e0 Bamako, la C\u00e9d\u00e9ao convoque un sommet | Guin\u00e9e Diversit\u00e9\",\"isPartOf\":{\"@id\":\"https:\/\/guineediversite.com\/#website\"},\"primaryImageOfPage\":{\"@id\":\"https:\/\/guineediversite.com\/index.php\/2020\/07\/24\/mali-les-cinq-chefs-detat-butent-sur-lopposition-a-bamako-la-cedeao-convoque-un-sommet\/#primaryimage\"},\"image\":{\"@id\":\"https:\/\/guineediversite.com\/index.php\/2020\/07\/24\/mali-les-cinq-chefs-detat-butent-sur-lopposition-a-bamako-la-cedeao-convoque-un-sommet\/#primaryimage\"},\"thumbnailUrl\":\"https:\/\/guineediversite.com\/wp-content\/uploads\/2020\/07\/Le-pr\u00e9sident-de-la-C\u00e9d\u00e9ao-Mahamadou-Issoufou..jpg\",\"datePublished\":\"2020-07-24T11:29:30+00:00\",\"dateModified\":\"2020-07-24T11:29:30+00:00\",\"breadcrumb\":{\"@id\":\"https:\/\/guineediversite.com\/index.php\/2020\/07\/24\/mali-les-cinq-chefs-detat-butent-sur-lopposition-a-bamako-la-cedeao-convoque-un-sommet\/#breadcrumb\"},\"inLanguage\":\"fr-FR\",\"potentialAction\":[{\"@type\":\"ReadAction\",\"target\":[\"https:\/\/guineediversite.com\/index.php\/2020\/07\/24\/mali-les-cinq-chefs-detat-butent-sur-lopposition-a-bamako-la-cedeao-convoque-un-sommet\/\"]}]},{\"@type\":\"ImageObject\",\"inLanguage\":\"fr-FR\",\"@id\":\"https:\/\/guineediversite.com\/index.php\/2020\/07\/24\/mali-les-cinq-chefs-detat-butent-sur-lopposition-a-bamako-la-cedeao-convoque-un-sommet\/#primaryimage\",\"url\":\"https:\/\/guineediversite.com\/wp-content\/uploads\/2020\/07\/Le-pr\u00e9sident-de-la-C\u00e9d\u00e9ao-Mahamadou-Issoufou..jpg\",\"contentUrl\":\"https:\/\/guineediversite.com\/wp-content\/uploads\/2020\/07\/Le-pr\u00e9sident-de-la-C\u00e9d\u00e9ao-Mahamadou-Issoufou..jpg\",\"width\":1500,\"height\":1500},{\"@type\":\"BreadcrumbList\",\"@id\":\"https:\/\/guineediversite.com\/index.php\/2020\/07\/24\/mali-les-cinq-chefs-detat-butent-sur-lopposition-a-bamako-la-cedeao-convoque-un-sommet\/#breadcrumb\",\"itemListElement\":[{\"@type\":\"ListItem\",\"position\":1,\"name\":\"Accueil\",\"item\":\"https:\/\/guineediversite.com\/\"},{\"@type\":\"ListItem\",\"position\":2,\"name\":\"Mali: les cinq chefs d&rsquo;\u00c9tat butent sur l&rsquo;opposition \u00e0 Bamako, la C\u00e9d\u00e9ao convoque un sommet\"}]},{\"@type\":\"WebSite\",\"@id\":\"https:\/\/guineediversite.com\/#website\",\"url\":\"https:\/\/guineediversite.com\/\",\"name\":\"Guin\u00e9e Diversit\u00e9\",\"description\":\"L&#039;Info dans toute sa diversit\u00e9\",\"publisher\":{\"@id\":\"https:\/\/guineediversite.com\/#organization\"},\"potentialAction\":[{\"@type\":\"SearchAction\",\"target\":{\"@type\":\"EntryPoint\",\"urlTemplate\":\"https:\/\/guineediversite.com\/?s={search_term_string}\"},\"query-input\":{\"@type\":\"PropertyValueSpecification\",\"valueRequired\":true,\"valueName\":\"search_term_string\"}}],\"inLanguage\":\"fr-FR\"},{\"@type\":\"Organization\",\"@id\":\"https:\/\/guineediversite.com\/#organization\",\"name\":\"Guin\u00e9e Diversit\u00e9\",\"url\":\"https:\/\/guineediversite.com\/\",\"logo\":{\"@type\":\"ImageObject\",\"inLanguage\":\"fr-FR\",\"@id\":\"https:\/\/guineediversite.com\/#\/schema\/logo\/image\/\",\"url\":\"https:\/\/guineediversite.com\/wp-content\/uploads\/2017\/04\/cropped-1jojlxEOMkX9Wyqfhe43D6kjPOGqBBKmx3EwWJqZ0cMrFF54yM49.png\",\"contentUrl\":\"https:\/\/guineediversite.com\/wp-content\/uploads\/2017\/04\/cropped-1jojlxEOMkX9Wyqfhe43D6kjPOGqBBKmx3EwWJqZ0cMrFF54yM49.png\",\"width\":186,\"height\":112,\"caption\":\"Guin\u00e9e Diversit\u00e9\"},\"image\":{\"@id\":\"https:\/\/guineediversite.com\/#\/schema\/logo\/image\/\"},\"sameAs\":[\"https:\/\/www.facebook.com\/guineediversite\/\",\"https:\/\/x.com\/GuineeDiversite\",\"https:\/\/www.youtube.com\/channel\/UC8sUY16qelG5ge6_D5SB83g\"]},{\"@type\":\"Person\",\"@id\":\"https:\/\/guineediversite.com\/#\/schema\/person\/afa08fb34e7fc6e1feafc892612bc836\",\"name\":\"Guin\u00e9e Diversit\u00e9\",\"image\":{\"@type\":\"ImageObject\",\"inLanguage\":\"fr-FR\",\"@id\":\"https:\/\/guineediversite.com\/#\/schema\/person\/image\/\",\"url\":\"https:\/\/secure.gravatar.com\/avatar\/50d5eb5b390f8b65ac30ac6f898eb83a?s=96&d=mm&r=g\",\"contentUrl\":\"https:\/\/secure.gravatar.com\/avatar\/50d5eb5b390f8b65ac30ac6f898eb83a?s=96&d=mm&r=g\",\"caption\":\"Guin\u00e9e Diversit\u00e9\"},\"url\":\"https:\/\/guineediversite.com\/index.php\/author\/guineediversite\/\"}]}<\/script>\n<!-- \/ Yoast SEO plugin. -->","yoast_head_json":{"title":"Mali: les cinq chefs d'\u00c9tat butent sur l'opposition \u00e0 Bamako, la C\u00e9d\u00e9ao convoque un sommet | Guin\u00e9e Diversit\u00e9","robots":{"index":"index","follow":"follow","max-snippet":"max-snippet:-1","max-image-preview":"max-image-preview:large","max-video-preview":"max-video-preview:-1"},"canonical":"https:\/\/guineediversite.com\/index.php\/2020\/07\/24\/mali-les-cinq-chefs-detat-butent-sur-lopposition-a-bamako-la-cedeao-convoque-un-sommet\/","og_locale":"fr_FR","og_type":"article","og_title":"Mali: les cinq chefs d'\u00c9tat butent sur l'opposition \u00e0 Bamako, la C\u00e9d\u00e9ao convoque un sommet | Guin\u00e9e Diversit\u00e9","og_description":"La mission des cinq chefs d\u2019\u00c9tat ouest-africains dirig\u00e9e par le pr\u00e9sident en exercice de la C\u00e9d\u00e9ao Mahamadou Issoufou a pris fin jeudi soir 23 juillet. Si ce dernier ne \u00abd\u00e9sesp\u00e8re pas\u00bb de trouver un compromis, pour l&rsquo;opposition, les lignes n&rsquo;ont pas \u00e9volu\u00e9. La C\u00e9d\u00e9ao renouv\u00e8le son soutien au pr\u00e9sident IBK. Premier \u00e0 atterrir \u00e0 Bamako, [&hellip;]","og_url":"https:\/\/guineediversite.com\/index.php\/2020\/07\/24\/mali-les-cinq-chefs-detat-butent-sur-lopposition-a-bamako-la-cedeao-convoque-un-sommet\/","og_site_name":"Guin\u00e9e Diversit\u00e9","article_publisher":"https:\/\/www.facebook.com\/guineediversite\/","article_published_time":"2020-07-24T11:29:30+00:00","og_image":[{"width":1500,"height":1500,"url":"https:\/\/guineediversite.com\/wp-content\/uploads\/2020\/07\/Le-pr\u00e9sident-de-la-C\u00e9d\u00e9ao-Mahamadou-Issoufou..jpg","type":"image\/jpeg"}],"author":"Guin\u00e9e Diversit\u00e9","twitter_card":"summary_large_image","twitter_creator":"@GuineeDiversite","twitter_site":"@GuineeDiversite","twitter_misc":{"\u00c9crit par":"Guin\u00e9e Diversit\u00e9","Dur\u00e9e de lecture estim\u00e9e":"3 minutes"},"schema":{"@context":"https:\/\/schema.org","@graph":[{"@type":"Article","@id":"https:\/\/guineediversite.com\/index.php\/2020\/07\/24\/mali-les-cinq-chefs-detat-butent-sur-lopposition-a-bamako-la-cedeao-convoque-un-sommet\/#article","isPartOf":{"@id":"https:\/\/guineediversite.com\/index.php\/2020\/07\/24\/mali-les-cinq-chefs-detat-butent-sur-lopposition-a-bamako-la-cedeao-convoque-un-sommet\/"},"author":{"name":"Guin\u00e9e Diversit\u00e9","@id":"https:\/\/guineediversite.com\/#\/schema\/person\/afa08fb34e7fc6e1feafc892612bc836"},"headline":"Mali: les cinq chefs d&rsquo;\u00c9tat butent sur l&rsquo;opposition \u00e0 Bamako, la C\u00e9d\u00e9ao convoque un sommet","datePublished":"2020-07-24T11:29:30+00:00","dateModified":"2020-07-24T11:29:30+00:00","mainEntityOfPage":{"@id":"https:\/\/guineediversite.com\/index.php\/2020\/07\/24\/mali-les-cinq-chefs-detat-butent-sur-lopposition-a-bamako-la-cedeao-convoque-un-sommet\/"},"wordCount":599,"publisher":{"@id":"https:\/\/guineediversite.com\/#organization"},"image":{"@id":"https:\/\/guineediversite.com\/index.php\/2020\/07\/24\/mali-les-cinq-chefs-detat-butent-sur-lopposition-a-bamako-la-cedeao-convoque-un-sommet\/#primaryimage"},"thumbnailUrl":"https:\/\/guineediversite.com\/wp-content\/uploads\/2020\/07\/Le-pr\u00e9sident-de-la-C\u00e9d\u00e9ao-Mahamadou-Issoufou..jpg","articleSection":["International"],"inLanguage":"fr-FR"},{"@type":"WebPage","@id":"https:\/\/guineediversite.com\/index.php\/2020\/07\/24\/mali-les-cinq-chefs-detat-butent-sur-lopposition-a-bamako-la-cedeao-convoque-un-sommet\/","url":"https:\/\/guineediversite.com\/index.php\/2020\/07\/24\/mali-les-cinq-chefs-detat-butent-sur-lopposition-a-bamako-la-cedeao-convoque-un-sommet\/","name":"Mali: les cinq chefs d'\u00c9tat butent sur l'opposition \u00e0 Bamako, la C\u00e9d\u00e9ao convoque un sommet | Guin\u00e9e Diversit\u00e9","isPartOf":{"@id":"https:\/\/guineediversite.com\/#website"},"primaryImageOfPage":{"@id":"https:\/\/guineediversite.com\/index.php\/2020\/07\/24\/mali-les-cinq-chefs-detat-butent-sur-lopposition-a-bamako-la-cedeao-convoque-un-sommet\/#primaryimage"},"image":{"@id":"https:\/\/guineediversite.com\/index.php\/2020\/07\/24\/mali-les-cinq-chefs-detat-butent-sur-lopposition-a-bamako-la-cedeao-convoque-un-sommet\/#primaryimage"},"thumbnailUrl":"https:\/\/guineediversite.com\/wp-content\/uploads\/2020\/07\/Le-pr\u00e9sident-de-la-C\u00e9d\u00e9ao-Mahamadou-Issoufou..jpg","datePublished":"2020-07-24T11:29:30+00:00","dateModified":"2020-07-24T11:29:30+00:00","breadcrumb":{"@id":"https:\/\/guineediversite.com\/index.php\/2020\/07\/24\/mali-les-cinq-chefs-detat-butent-sur-lopposition-a-bamako-la-cedeao-convoque-un-sommet\/#breadcrumb"},"inLanguage":"fr-FR","potentialAction":[{"@type":"ReadAction","target":["https:\/\/guineediversite.com\/index.php\/2020\/07\/24\/mali-les-cinq-chefs-detat-butent-sur-lopposition-a-bamako-la-cedeao-convoque-un-sommet\/"]}]},{"@type":"ImageObject","inLanguage":"fr-FR","@id":"https:\/\/guineediversite.com\/index.php\/2020\/07\/24\/mali-les-cinq-chefs-detat-butent-sur-lopposition-a-bamako-la-cedeao-convoque-un-sommet\/#primaryimage","url":"https:\/\/guineediversite.com\/wp-content\/uploads\/2020\/07\/Le-pr\u00e9sident-de-la-C\u00e9d\u00e9ao-Mahamadou-Issoufou..jpg","contentUrl":"https:\/\/guineediversite.com\/wp-content\/uploads\/2020\/07\/Le-pr\u00e9sident-de-la-C\u00e9d\u00e9ao-Mahamadou-Issoufou..jpg","width":1500,"height":1500},{"@type":"BreadcrumbList","@id":"https:\/\/guineediversite.com\/index.php\/2020\/07\/24\/mali-les-cinq-chefs-detat-butent-sur-lopposition-a-bamako-la-cedeao-convoque-un-sommet\/#breadcrumb","itemListElement":[{"@type":"ListItem","position":1,"name":"Accueil","item":"https:\/\/guineediversite.com\/"},{"@type":"ListItem","position":2,"name":"Mali: les cinq chefs d&rsquo;\u00c9tat butent sur l&rsquo;opposition \u00e0 Bamako, la C\u00e9d\u00e9ao convoque un sommet"}]},{"@type":"WebSite","@id":"https:\/\/guineediversite.com\/#website","url":"https:\/\/guineediversite.com\/","name":"Guin\u00e9e Diversit\u00e9","description":"L&#039;Info dans toute sa diversit\u00e9","publisher":{"@id":"https:\/\/guineediversite.com\/#organization"},"potentialAction":[{"@type":"SearchAction","target":{"@type":"EntryPoint","urlTemplate":"https:\/\/guineediversite.com\/?s={search_term_string}"},"query-input":{"@type":"PropertyValueSpecification","valueRequired":true,"valueName":"search_term_string"}}],"inLanguage":"fr-FR"},{"@type":"Organization","@id":"https:\/\/guineediversite.com\/#organization","name":"Guin\u00e9e Diversit\u00e9","url":"https:\/\/guineediversite.com\/","logo":{"@type":"ImageObject","inLanguage":"fr-FR","@id":"https:\/\/guineediversite.com\/#\/schema\/logo\/image\/","url":"https:\/\/guineediversite.com\/wp-content\/uploads\/2017\/04\/cropped-1jojlxEOMkX9Wyqfhe43D6kjPOGqBBKmx3EwWJqZ0cMrFF54yM49.png","contentUrl":"https:\/\/guineediversite.com\/wp-content\/uploads\/2017\/04\/cropped-1jojlxEOMkX9Wyqfhe43D6kjPOGqBBKmx3EwWJqZ0cMrFF54yM49.png","width":186,"height":112,"caption":"Guin\u00e9e Diversit\u00e9"},"image":{"@id":"https:\/\/guineediversite.com\/#\/schema\/logo\/image\/"},"sameAs":["https:\/\/www.facebook.com\/guineediversite\/","https:\/\/x.com\/GuineeDiversite","https:\/\/www.youtube.com\/channel\/UC8sUY16qelG5ge6_D5SB83g"]},{"@type":"Person","@id":"https:\/\/guineediversite.com\/#\/schema\/person\/afa08fb34e7fc6e1feafc892612bc836","name":"Guin\u00e9e Diversit\u00e9","image":{"@type":"ImageObject","inLanguage":"fr-FR","@id":"https:\/\/guineediversite.com\/#\/schema\/person\/image\/","url":"https:\/\/secure.gravatar.com\/avatar\/50d5eb5b390f8b65ac30ac6f898eb83a?s=96&d=mm&r=g","contentUrl":"https:\/\/secure.gravatar.com\/avatar\/50d5eb5b390f8b65ac30ac6f898eb83a?s=96&d=mm&r=g","caption":"Guin\u00e9e Diversit\u00e9"},"url":"https:\/\/guineediversite.com\/index.php\/author\/guineediversite\/"}]}},"_links":{"self":[{"href":"https:\/\/guineediversite.com\/index.php\/wp-json\/wp\/v2\/posts\/30202"}],"collection":[{"href":"https:\/\/guineediversite.com\/index.php\/wp-json\/wp\/v2\/posts"}],"about":[{"href":"https:\/\/guineediversite.com\/index.php\/wp-json\/wp\/v2\/types\/post"}],"author":[{"embeddable":true,"href":"https:\/\/guineediversite.com\/index.php\/wp-json\/wp\/v2\/users\/12"}],"replies":[{"embeddable":true,"href":"https:\/\/guineediversite.com\/index.php\/wp-json\/wp\/v2\/comments?post=30202"}],"version-history":[{"count":1,"href":"https:\/\/guineediversite.com\/index.php\/wp-json\/wp\/v2\/posts\/30202\/revisions"}],"predecessor-version":[{"id":30204,"href":"https:\/\/guineediversite.com\/index.php\/wp-json\/wp\/v2\/posts\/30202\/revisions\/30204"}],"wp:featuredmedia":[{"embeddable":true,"href":"https:\/\/guineediversite.com\/index.php\/wp-json\/wp\/v2\/media\/30203"}],"wp:attachment":[{"href":"https:\/\/guineediversite.com\/index.php\/wp-json\/wp\/v2\/media?parent=30202"}],"wp:term":[{"taxonomy":"category","embeddable":true,"href":"https:\/\/guineediversite.com\/index.php\/wp-json\/wp\/v2\/categories?post=30202"},{"taxonomy":"post_tag","embeddable":true,"href":"https:\/\/guineediversite.com\/index.php\/wp-json\/wp\/v2\/tags?post=30202"}],"curies":[{"name":"wp","href":"https:\/\/api.w.org\/{rel}","templated":true}]}}