{"id":30199,"date":"2020-07-24T13:20:09","date_gmt":"2020-07-24T11:20:09","guid":{"rendered":"https:\/\/guineediversite.com\/?p=30199"},"modified":"2020-07-24T13:20:09","modified_gmt":"2020-07-24T11:20:09","slug":"football-le-procureur-general-suisse-soupconne-de-collusion-avec-le-president-de-la-fifa-demissionne-officiel","status":"publish","type":"post","link":"https:\/\/guineediversite.com\/index.php\/2020\/07\/24\/football-le-procureur-general-suisse-soupconne-de-collusion-avec-le-president-de-la-fifa-demissionne-officiel\/","title":{"rendered":"Football : le procureur g\u00e9n\u00e9ral suisse, soup\u00e7onn\u00e9 de collusion avec le pr\u00e9sident de la Fifa, d\u00e9missionne (officiel)"},"content":{"rendered":"<p>Le chef du parquet suisse, Michael Lauber, mis en cause pour sa gestion du scandale de corruption dit \u00abFifagate\u00bb, a pr\u00e9sent\u00e9 ce 24 juillet 2020 sa d\u00e9mission, dans un communiqu\u00e9. Celui-ci, soup\u00e7onn\u00e9 de collusion avec le pr\u00e9sident de la Fifa, Gianni Infantino, suite \u00e0 une s\u00e9rie de rencontres informelles avec ce dernier, a d\u00e9clar\u00e9 pr\u00e9senter sa d\u00e9mission \u00abdans l&rsquo;int\u00e9r\u00eat des institutions\u00bb.<\/p>\n<p><strong>RFI<\/strong><\/p>\n","protected":false},"excerpt":{"rendered":"<p>Le chef du parquet suisse, Michael Lauber, mis en cause pour sa gestion du scandale de corruption dit \u00abFifagate\u00bb, a pr\u00e9sent\u00e9 ce 24 juillet 2020 sa d\u00e9mission, dans un communiqu\u00e9. Celui-ci, soup\u00e7onn\u00e9 de collusion avec le pr\u00e9sident de la Fifa, Gianni Infantino, suite \u00e0 une s\u00e9rie de rencontres informelles avec ce dernier, a d\u00e9clar\u00e9 pr\u00e9senter [&hellip;]<\/p>\n","protected":false},"author":12,"featured_media":30200,"comment_status":"closed","ping_status":"open","sticky":false,"template":"","format":"standard","meta":{"_exactmetrics_skip_tracking":false,"_exactmetrics_sitenote_active":false,"_exactmetrics_sitenote_note":"","_exactmetrics_sitenote_category":0,"tdm_status":"","tdm_grid_status":"","footnotes":""},"categories":[254,18],"tags":[],"class_list":{"0":"post-30199","1":"post","2":"type-post","3":"status-publish","4":"format-standard","5":"has-post-thumbnail","7":"category-derniere-minute","8":"category-sport"},"yoast_head":"<!-- This site is optimized with the Yoast SEO plugin v24.2 - https:\/\/yoast.com\/wordpress\/plugins\/seo\/ -->\n<title>Football : le procureur g\u00e9n\u00e9ral suisse, soup\u00e7onn\u00e9 de collusion avec le pr\u00e9sident de la Fifa, d\u00e9missionne (officiel) | Guin\u00e9e Diversit\u00e9<\/title>\n<meta name=\"robots\" content=\"index, follow, max-snippet:-1, max-image-preview:large, max-video-preview:-1\" \/>\n<link rel=\"canonical\" href=\"https:\/\/guineediversite.com\/index.php\/2020\/07\/24\/football-le-procureur-general-suisse-soupconne-de-collusion-avec-le-president-de-la-fifa-demissionne-officiel\/\" \/>\n<meta property=\"og:locale\" content=\"fr_FR\" \/>\n<meta property=\"og:type\" content=\"article\" \/>\n<meta property=\"og:title\" content=\"Football : le procureur g\u00e9n\u00e9ral suisse, soup\u00e7onn\u00e9 de collusion avec le pr\u00e9sident de la Fifa, d\u00e9missionne (officiel) | Guin\u00e9e Diversit\u00e9\" \/>\n<meta property=\"og:description\" content=\"Le chef du parquet suisse, Michael Lauber, mis en cause pour sa gestion du scandale de corruption dit \u00abFifagate\u00bb, a pr\u00e9sent\u00e9 ce 24 juillet 2020 sa d\u00e9mission, dans un communiqu\u00e9. Celui-ci, soup\u00e7onn\u00e9 de collusion avec le pr\u00e9sident de la Fifa, Gianni Infantino, suite \u00e0 une s\u00e9rie de rencontres informelles avec ce dernier, a d\u00e9clar\u00e9 pr\u00e9senter [&hellip;]\" \/>\n<meta property=\"og:url\" content=\"https:\/\/guineediversite.com\/index.php\/2020\/07\/24\/football-le-procureur-general-suisse-soupconne-de-collusion-avec-le-president-de-la-fifa-demissionne-officiel\/\" \/>\n<meta property=\"og:site_name\" content=\"Guin\u00e9e Diversit\u00e9\" \/>\n<meta property=\"article:publisher\" content=\"https:\/\/www.facebook.com\/guineediversite\/\" \/>\n<meta property=\"article:published_time\" content=\"2020-07-24T11:20:09+00:00\" \/>\n<meta property=\"og:image\" content=\"https:\/\/guineediversite.com\/wp-content\/uploads\/2020\/07\/le-si\u00e8ge-de-la-FIFA.jpg\" \/>\n\t<meta property=\"og:image:width\" content=\"1500\" \/>\n\t<meta property=\"og:image:height\" content=\"998\" \/>\n\t<meta property=\"og:image:type\" content=\"image\/jpeg\" \/>\n<meta name=\"author\" content=\"Guin\u00e9e Diversit\u00e9\" \/>\n<meta name=\"twitter:card\" content=\"summary_large_image\" \/>\n<meta name=\"twitter:creator\" content=\"@GuineeDiversite\" \/>\n<meta name=\"twitter:site\" content=\"@GuineeDiversite\" \/>\n<meta name=\"twitter:label1\" content=\"\u00c9crit par\" \/>\n\t<meta name=\"twitter:data1\" content=\"Guin\u00e9e Diversit\u00e9\" \/>\n<script type=\"application\/ld+json\" class=\"yoast-schema-graph\">{\"@context\":\"https:\/\/schema.org\",\"@graph\":[{\"@type\":\"Article\",\"@id\":\"https:\/\/guineediversite.com\/index.php\/2020\/07\/24\/football-le-procureur-general-suisse-soupconne-de-collusion-avec-le-president-de-la-fifa-demissionne-officiel\/#article\",\"isPartOf\":{\"@id\":\"https:\/\/guineediversite.com\/index.php\/2020\/07\/24\/football-le-procureur-general-suisse-soupconne-de-collusion-avec-le-president-de-la-fifa-demissionne-officiel\/\"},\"author\":{\"name\":\"Guin\u00e9e Diversit\u00e9\",\"@id\":\"https:\/\/guineediversite.com\/#\/schema\/person\/afa08fb34e7fc6e1feafc892612bc836\"},\"headline\":\"Football : le procureur g\u00e9n\u00e9ral suisse, soup\u00e7onn\u00e9 de collusion avec le pr\u00e9sident de la Fifa, d\u00e9missionne (officiel)\",\"datePublished\":\"2020-07-24T11:20:09+00:00\",\"dateModified\":\"2020-07-24T11:20:09+00:00\",\"mainEntityOfPage\":{\"@id\":\"https:\/\/guineediversite.com\/index.php\/2020\/07\/24\/football-le-procureur-general-suisse-soupconne-de-collusion-avec-le-president-de-la-fifa-demissionne-officiel\/\"},\"wordCount\":91,\"publisher\":{\"@id\":\"https:\/\/guineediversite.com\/#organization\"},\"image\":{\"@id\":\"https:\/\/guineediversite.com\/index.php\/2020\/07\/24\/football-le-procureur-general-suisse-soupconne-de-collusion-avec-le-president-de-la-fifa-demissionne-officiel\/#primaryimage\"},\"thumbnailUrl\":\"https:\/\/guineediversite.com\/wp-content\/uploads\/2020\/07\/le-si\u00e8ge-de-la-FIFA.jpg\",\"articleSection\":[\"Derni\u00e8re minute\",\"Sport\"],\"inLanguage\":\"fr-FR\"},{\"@type\":\"WebPage\",\"@id\":\"https:\/\/guineediversite.com\/index.php\/2020\/07\/24\/football-le-procureur-general-suisse-soupconne-de-collusion-avec-le-president-de-la-fifa-demissionne-officiel\/\",\"url\":\"https:\/\/guineediversite.com\/index.php\/2020\/07\/24\/football-le-procureur-general-suisse-soupconne-de-collusion-avec-le-president-de-la-fifa-demissionne-officiel\/\",\"name\":\"Football : le procureur g\u00e9n\u00e9ral suisse, soup\u00e7onn\u00e9 de collusion avec le pr\u00e9sident de la Fifa, d\u00e9missionne (officiel) | Guin\u00e9e Diversit\u00e9\",\"isPartOf\":{\"@id\":\"https:\/\/guineediversite.com\/#website\"},\"primaryImageOfPage\":{\"@id\":\"https:\/\/guineediversite.com\/index.php\/2020\/07\/24\/football-le-procureur-general-suisse-soupconne-de-collusion-avec-le-president-de-la-fifa-demissionne-officiel\/#primaryimage\"},\"image\":{\"@id\":\"https:\/\/guineediversite.com\/index.php\/2020\/07\/24\/football-le-procureur-general-suisse-soupconne-de-collusion-avec-le-president-de-la-fifa-demissionne-officiel\/#primaryimage\"},\"thumbnailUrl\":\"https:\/\/guineediversite.com\/wp-content\/uploads\/2020\/07\/le-si\u00e8ge-de-la-FIFA.jpg\",\"datePublished\":\"2020-07-24T11:20:09+00:00\",\"dateModified\":\"2020-07-24T11:20:09+00:00\",\"breadcrumb\":{\"@id\":\"https:\/\/guineediversite.com\/index.php\/2020\/07\/24\/football-le-procureur-general-suisse-soupconne-de-collusion-avec-le-president-de-la-fifa-demissionne-officiel\/#breadcrumb\"},\"inLanguage\":\"fr-FR\",\"potentialAction\":[{\"@type\":\"ReadAction\",\"target\":[\"https:\/\/guineediversite.com\/index.php\/2020\/07\/24\/football-le-procureur-general-suisse-soupconne-de-collusion-avec-le-president-de-la-fifa-demissionne-officiel\/\"]}]},{\"@type\":\"ImageObject\",\"inLanguage\":\"fr-FR\",\"@id\":\"https:\/\/guineediversite.com\/index.php\/2020\/07\/24\/football-le-procureur-general-suisse-soupconne-de-collusion-avec-le-president-de-la-fifa-demissionne-officiel\/#primaryimage\",\"url\":\"https:\/\/guineediversite.com\/wp-content\/uploads\/2020\/07\/le-si\u00e8ge-de-la-FIFA.jpg\",\"contentUrl\":\"https:\/\/guineediversite.com\/wp-content\/uploads\/2020\/07\/le-si\u00e8ge-de-la-FIFA.jpg\",\"width\":1500,\"height\":998},{\"@type\":\"BreadcrumbList\",\"@id\":\"https:\/\/guineediversite.com\/index.php\/2020\/07\/24\/football-le-procureur-general-suisse-soupconne-de-collusion-avec-le-president-de-la-fifa-demissionne-officiel\/#breadcrumb\",\"itemListElement\":[{\"@type\":\"ListItem\",\"position\":1,\"name\":\"Accueil\",\"item\":\"https:\/\/guineediversite.com\/\"},{\"@type\":\"ListItem\",\"position\":2,\"name\":\"Football : le procureur g\u00e9n\u00e9ral suisse, soup\u00e7onn\u00e9 de collusion avec le pr\u00e9sident de la Fifa, d\u00e9missionne (officiel)\"}]},{\"@type\":\"WebSite\",\"@id\":\"https:\/\/guineediversite.com\/#website\",\"url\":\"https:\/\/guineediversite.com\/\",\"name\":\"Guin\u00e9e Diversit\u00e9\",\"description\":\"L&#039;Info dans toute sa diversit\u00e9\",\"publisher\":{\"@id\":\"https:\/\/guineediversite.com\/#organization\"},\"potentialAction\":[{\"@type\":\"SearchAction\",\"target\":{\"@type\":\"EntryPoint\",\"urlTemplate\":\"https:\/\/guineediversite.com\/?s={search_term_string}\"},\"query-input\":{\"@type\":\"PropertyValueSpecification\",\"valueRequired\":true,\"valueName\":\"search_term_string\"}}],\"inLanguage\":\"fr-FR\"},{\"@type\":\"Organization\",\"@id\":\"https:\/\/guineediversite.com\/#organization\",\"name\":\"Guin\u00e9e Diversit\u00e9\",\"url\":\"https:\/\/guineediversite.com\/\",\"logo\":{\"@type\":\"ImageObject\",\"inLanguage\":\"fr-FR\",\"@id\":\"https:\/\/guineediversite.com\/#\/schema\/logo\/image\/\",\"url\":\"https:\/\/guineediversite.com\/wp-content\/uploads\/2017\/04\/cropped-1jojlxEOMkX9Wyqfhe43D6kjPOGqBBKmx3EwWJqZ0cMrFF54yM49.png\",\"contentUrl\":\"https:\/\/guineediversite.com\/wp-content\/uploads\/2017\/04\/cropped-1jojlxEOMkX9Wyqfhe43D6kjPOGqBBKmx3EwWJqZ0cMrFF54yM49.png\",\"width\":186,\"height\":112,\"caption\":\"Guin\u00e9e Diversit\u00e9\"},\"image\":{\"@id\":\"https:\/\/guineediversite.com\/#\/schema\/logo\/image\/\"},\"sameAs\":[\"https:\/\/www.facebook.com\/guineediversite\/\",\"https:\/\/x.com\/GuineeDiversite\",\"https:\/\/www.youtube.com\/channel\/UC8sUY16qelG5ge6_D5SB83g\"]},{\"@type\":\"Person\",\"@id\":\"https:\/\/guineediversite.com\/#\/schema\/person\/afa08fb34e7fc6e1feafc892612bc836\",\"name\":\"Guin\u00e9e Diversit\u00e9\",\"image\":{\"@type\":\"ImageObject\",\"inLanguage\":\"fr-FR\",\"@id\":\"https:\/\/guineediversite.com\/#\/schema\/person\/image\/\",\"url\":\"https:\/\/secure.gravatar.com\/avatar\/50d5eb5b390f8b65ac30ac6f898eb83a?s=96&d=mm&r=g\",\"contentUrl\":\"https:\/\/secure.gravatar.com\/avatar\/50d5eb5b390f8b65ac30ac6f898eb83a?s=96&d=mm&r=g\",\"caption\":\"Guin\u00e9e Diversit\u00e9\"},\"url\":\"https:\/\/guineediversite.com\/index.php\/author\/guineediversite\/\"}]}<\/script>\n<!-- \/ Yoast SEO plugin. -->","yoast_head_json":{"title":"Football : le procureur g\u00e9n\u00e9ral suisse, soup\u00e7onn\u00e9 de collusion avec le pr\u00e9sident de la Fifa, d\u00e9missionne (officiel) | Guin\u00e9e Diversit\u00e9","robots":{"index":"index","follow":"follow","max-snippet":"max-snippet:-1","max-image-preview":"max-image-preview:large","max-video-preview":"max-video-preview:-1"},"canonical":"https:\/\/guineediversite.com\/index.php\/2020\/07\/24\/football-le-procureur-general-suisse-soupconne-de-collusion-avec-le-president-de-la-fifa-demissionne-officiel\/","og_locale":"fr_FR","og_type":"article","og_title":"Football : le procureur g\u00e9n\u00e9ral suisse, soup\u00e7onn\u00e9 de collusion avec le pr\u00e9sident de la Fifa, d\u00e9missionne (officiel) | Guin\u00e9e Diversit\u00e9","og_description":"Le chef du parquet suisse, Michael Lauber, mis en cause pour sa gestion du scandale de corruption dit \u00abFifagate\u00bb, a pr\u00e9sent\u00e9 ce 24 juillet 2020 sa d\u00e9mission, dans un communiqu\u00e9. Celui-ci, soup\u00e7onn\u00e9 de collusion avec le pr\u00e9sident de la Fifa, Gianni Infantino, suite \u00e0 une s\u00e9rie de rencontres informelles avec ce dernier, a d\u00e9clar\u00e9 pr\u00e9senter [&hellip;]","og_url":"https:\/\/guineediversite.com\/index.php\/2020\/07\/24\/football-le-procureur-general-suisse-soupconne-de-collusion-avec-le-president-de-la-fifa-demissionne-officiel\/","og_site_name":"Guin\u00e9e Diversit\u00e9","article_publisher":"https:\/\/www.facebook.com\/guineediversite\/","article_published_time":"2020-07-24T11:20:09+00:00","og_image":[{"width":1500,"height":998,"url":"https:\/\/guineediversite.com\/wp-content\/uploads\/2020\/07\/le-si\u00e8ge-de-la-FIFA.jpg","type":"image\/jpeg"}],"author":"Guin\u00e9e Diversit\u00e9","twitter_card":"summary_large_image","twitter_creator":"@GuineeDiversite","twitter_site":"@GuineeDiversite","twitter_misc":{"\u00c9crit par":"Guin\u00e9e Diversit\u00e9"},"schema":{"@context":"https:\/\/schema.org","@graph":[{"@type":"Article","@id":"https:\/\/guineediversite.com\/index.php\/2020\/07\/24\/football-le-procureur-general-suisse-soupconne-de-collusion-avec-le-president-de-la-fifa-demissionne-officiel\/#article","isPartOf":{"@id":"https:\/\/guineediversite.com\/index.php\/2020\/07\/24\/football-le-procureur-general-suisse-soupconne-de-collusion-avec-le-president-de-la-fifa-demissionne-officiel\/"},"author":{"name":"Guin\u00e9e Diversit\u00e9","@id":"https:\/\/guineediversite.com\/#\/schema\/person\/afa08fb34e7fc6e1feafc892612bc836"},"headline":"Football : le procureur g\u00e9n\u00e9ral suisse, soup\u00e7onn\u00e9 de collusion avec le pr\u00e9sident de la Fifa, d\u00e9missionne (officiel)","datePublished":"2020-07-24T11:20:09+00:00","dateModified":"2020-07-24T11:20:09+00:00","mainEntityOfPage":{"@id":"https:\/\/guineediversite.com\/index.php\/2020\/07\/24\/football-le-procureur-general-suisse-soupconne-de-collusion-avec-le-president-de-la-fifa-demissionne-officiel\/"},"wordCount":91,"publisher":{"@id":"https:\/\/guineediversite.com\/#organization"},"image":{"@id":"https:\/\/guineediversite.com\/index.php\/2020\/07\/24\/football-le-procureur-general-suisse-soupconne-de-collusion-avec-le-president-de-la-fifa-demissionne-officiel\/#primaryimage"},"thumbnailUrl":"https:\/\/guineediversite.com\/wp-content\/uploads\/2020\/07\/le-si\u00e8ge-de-la-FIFA.jpg","articleSection":["Derni\u00e8re minute","Sport"],"inLanguage":"fr-FR"},{"@type":"WebPage","@id":"https:\/\/guineediversite.com\/index.php\/2020\/07\/24\/football-le-procureur-general-suisse-soupconne-de-collusion-avec-le-president-de-la-fifa-demissionne-officiel\/","url":"https:\/\/guineediversite.com\/index.php\/2020\/07\/24\/football-le-procureur-general-suisse-soupconne-de-collusion-avec-le-president-de-la-fifa-demissionne-officiel\/","name":"Football : le procureur g\u00e9n\u00e9ral suisse, soup\u00e7onn\u00e9 de collusion avec le pr\u00e9sident de la Fifa, d\u00e9missionne (officiel) | Guin\u00e9e Diversit\u00e9","isPartOf":{"@id":"https:\/\/guineediversite.com\/#website"},"primaryImageOfPage":{"@id":"https:\/\/guineediversite.com\/index.php\/2020\/07\/24\/football-le-procureur-general-suisse-soupconne-de-collusion-avec-le-president-de-la-fifa-demissionne-officiel\/#primaryimage"},"image":{"@id":"https:\/\/guineediversite.com\/index.php\/2020\/07\/24\/football-le-procureur-general-suisse-soupconne-de-collusion-avec-le-president-de-la-fifa-demissionne-officiel\/#primaryimage"},"thumbnailUrl":"https:\/\/guineediversite.com\/wp-content\/uploads\/2020\/07\/le-si\u00e8ge-de-la-FIFA.jpg","datePublished":"2020-07-24T11:20:09+00:00","dateModified":"2020-07-24T11:20:09+00:00","breadcrumb":{"@id":"https:\/\/guineediversite.com\/index.php\/2020\/07\/24\/football-le-procureur-general-suisse-soupconne-de-collusion-avec-le-president-de-la-fifa-demissionne-officiel\/#breadcrumb"},"inLanguage":"fr-FR","potentialAction":[{"@type":"ReadAction","target":["https:\/\/guineediversite.com\/index.php\/2020\/07\/24\/football-le-procureur-general-suisse-soupconne-de-collusion-avec-le-president-de-la-fifa-demissionne-officiel\/"]}]},{"@type":"ImageObject","inLanguage":"fr-FR","@id":"https:\/\/guineediversite.com\/index.php\/2020\/07\/24\/football-le-procureur-general-suisse-soupconne-de-collusion-avec-le-president-de-la-fifa-demissionne-officiel\/#primaryimage","url":"https:\/\/guineediversite.com\/wp-content\/uploads\/2020\/07\/le-si\u00e8ge-de-la-FIFA.jpg","contentUrl":"https:\/\/guineediversite.com\/wp-content\/uploads\/2020\/07\/le-si\u00e8ge-de-la-FIFA.jpg","width":1500,"height":998},{"@type":"BreadcrumbList","@id":"https:\/\/guineediversite.com\/index.php\/2020\/07\/24\/football-le-procureur-general-suisse-soupconne-de-collusion-avec-le-president-de-la-fifa-demissionne-officiel\/#breadcrumb","itemListElement":[{"@type":"ListItem","position":1,"name":"Accueil","item":"https:\/\/guineediversite.com\/"},{"@type":"ListItem","position":2,"name":"Football : le procureur g\u00e9n\u00e9ral suisse, soup\u00e7onn\u00e9 de collusion avec le pr\u00e9sident de la Fifa, d\u00e9missionne (officiel)"}]},{"@type":"WebSite","@id":"https:\/\/guineediversite.com\/#website","url":"https:\/\/guineediversite.com\/","name":"Guin\u00e9e Diversit\u00e9","description":"L&#039;Info dans toute sa diversit\u00e9","publisher":{"@id":"https:\/\/guineediversite.com\/#organization"},"potentialAction":[{"@type":"SearchAction","target":{"@type":"EntryPoint","urlTemplate":"https:\/\/guineediversite.com\/?s={search_term_string}"},"query-input":{"@type":"PropertyValueSpecification","valueRequired":true,"valueName":"search_term_string"}}],"inLanguage":"fr-FR"},{"@type":"Organization","@id":"https:\/\/guineediversite.com\/#organization","name":"Guin\u00e9e Diversit\u00e9","url":"https:\/\/guineediversite.com\/","logo":{"@type":"ImageObject","inLanguage":"fr-FR","@id":"https:\/\/guineediversite.com\/#\/schema\/logo\/image\/","url":"https:\/\/guineediversite.com\/wp-content\/uploads\/2017\/04\/cropped-1jojlxEOMkX9Wyqfhe43D6kjPOGqBBKmx3EwWJqZ0cMrFF54yM49.png","contentUrl":"https:\/\/guineediversite.com\/wp-content\/uploads\/2017\/04\/cropped-1jojlxEOMkX9Wyqfhe43D6kjPOGqBBKmx3EwWJqZ0cMrFF54yM49.png","width":186,"height":112,"caption":"Guin\u00e9e Diversit\u00e9"},"image":{"@id":"https:\/\/guineediversite.com\/#\/schema\/logo\/image\/"},"sameAs":["https:\/\/www.facebook.com\/guineediversite\/","https:\/\/x.com\/GuineeDiversite","https:\/\/www.youtube.com\/channel\/UC8sUY16qelG5ge6_D5SB83g"]},{"@type":"Person","@id":"https:\/\/guineediversite.com\/#\/schema\/person\/afa08fb34e7fc6e1feafc892612bc836","name":"Guin\u00e9e Diversit\u00e9","image":{"@type":"ImageObject","inLanguage":"fr-FR","@id":"https:\/\/guineediversite.com\/#\/schema\/person\/image\/","url":"https:\/\/secure.gravatar.com\/avatar\/50d5eb5b390f8b65ac30ac6f898eb83a?s=96&d=mm&r=g","contentUrl":"https:\/\/secure.gravatar.com\/avatar\/50d5eb5b390f8b65ac30ac6f898eb83a?s=96&d=mm&r=g","caption":"Guin\u00e9e Diversit\u00e9"},"url":"https:\/\/guineediversite.com\/index.php\/author\/guineediversite\/"}]}},"_links":{"self":[{"href":"https:\/\/guineediversite.com\/index.php\/wp-json\/wp\/v2\/posts\/30199"}],"collection":[{"href":"https:\/\/guineediversite.com\/index.php\/wp-json\/wp\/v2\/posts"}],"about":[{"href":"https:\/\/guineediversite.com\/index.php\/wp-json\/wp\/v2\/types\/post"}],"author":[{"embeddable":true,"href":"https:\/\/guineediversite.com\/index.php\/wp-json\/wp\/v2\/users\/12"}],"replies":[{"embeddable":true,"href":"https:\/\/guineediversite.com\/index.php\/wp-json\/wp\/v2\/comments?post=30199"}],"version-history":[{"count":1,"href":"https:\/\/guineediversite.com\/index.php\/wp-json\/wp\/v2\/posts\/30199\/revisions"}],"predecessor-version":[{"id":30201,"href":"https:\/\/guineediversite.com\/index.php\/wp-json\/wp\/v2\/posts\/30199\/revisions\/30201"}],"wp:featuredmedia":[{"embeddable":true,"href":"https:\/\/guineediversite.com\/index.php\/wp-json\/wp\/v2\/media\/30200"}],"wp:attachment":[{"href":"https:\/\/guineediversite.com\/index.php\/wp-json\/wp\/v2\/media?parent=30199"}],"wp:term":[{"taxonomy":"category","embeddable":true,"href":"https:\/\/guineediversite.com\/index.php\/wp-json\/wp\/v2\/categories?post=30199"},{"taxonomy":"post_tag","embeddable":true,"href":"https:\/\/guineediversite.com\/index.php\/wp-json\/wp\/v2\/tags?post=30199"}],"curies":[{"name":"wp","href":"https:\/\/api.w.org\/{rel}","templated":true}]}}