{"id":30196,"date":"2020-07-24T13:13:52","date_gmt":"2020-07-24T11:13:52","guid":{"rendered":"https:\/\/guineediversite.com\/?p=30196"},"modified":"2020-07-24T13:13:52","modified_gmt":"2020-07-24T11:13:52","slug":"turquie-premiere-priere-musulmane-depuis-86-ans-a-lex-basilique-sainte-sophie","status":"publish","type":"post","link":"https:\/\/guineediversite.com\/index.php\/2020\/07\/24\/turquie-premiere-priere-musulmane-depuis-86-ans-a-lex-basilique-sainte-sophie\/","title":{"rendered":"Turquie: premi\u00e8re pri\u00e8re musulmane depuis 86 ans \u00e0 l&rsquo;ex-basilique Sainte-Sophie"},"content":{"rendered":"<p>L\u2019ancienne basilique byzantine Sainte-Sophie d\u2019Istanbul est officiellement transform\u00e9e en mosqu\u00e9e. Recep Tayyip Erdogan assistera en personne \u00e0 la premi\u00e8re pri\u00e8re musulmane collective ce vendredi 24 juillet.<\/p>\n<p>Sainte-Sophie avait \u00e9t\u00e9 convertie en mosqu\u00e9e apr\u00e8s la prise de Constantinople par les Ottomans en 1453. Elle a \u00e9t\u00e9 transform\u00e9e en mus\u00e9e en 1934 par Mustafa Kemal, qui voulait \u00ab\u00a0<em>l&rsquo;offrir \u00e0 l&rsquo;humanit\u00e9<\/em>\u00a0\u00bb. Pour des raisons de politique int\u00e9rieure et ext\u00e9rieure, le pr\u00e9sident turc lui donne aujourd\u2019hui une autre orientation.<\/p>\n<p>Cette premi\u00e8re pri\u00e8re musulmane se d\u00e9roule le jour o\u00f9 fut sign\u00e9, en 1923, le trait\u00e9 de Lausanne entre la R\u00e9publique turque et les vainqueurs de la Premi\u00e8re Guerre mondiale. Ce trait\u00e9, plus favorable que celui de S\u00e8vres impos\u00e9 en 1920 \u00e0 l\u2019Empire Ottoman, est consid\u00e9r\u00e9 comme le document fondateur de la R\u00e9publique de Turquie dans ses actuelles fronti\u00e8res.<\/p>\n<p><strong>Retour progressif de l&rsquo;islam \u00e0 Sainte-Sophie<\/strong><\/p>\n<p>La d\u00e9cision de transformer Sainte-Sophie en mosqu\u00e9e a \u00e9t\u00e9 prise par le pr\u00e9sident Recep Tayyip Erdogan\u00a0dans la foul\u00e9e de l\u2019annulation prononc\u00e9e par le Conseil d\u2019\u00c9tat turc de la d\u00e9cision gouvernementale datant de 1934 et conf\u00e9rant \u00e0 Sainte-Sophie le statut de mus\u00e9e. La plus haute juridiction administrative du pays a acc\u00e9d\u00e9 \u00e0 la requ\u00eate de plusieurs associations. \u00ab\u00a0<em>Depuis une vingtaine d\u2019ann\u00e9es, des mouvements demandaient le retour de Sainte-Sophie comme mosqu\u00e9e, mais il faut dire que ces mouvements, m\u00eame \u00e0 l\u2019\u00e9poque de l\u2019AKP, \u00e9taient minoritaires<\/em>\u00a0\u00bb, souligne Jean Marcou, titulaire de la chaire M\u00e9diterran\u00e9e-Moyen-Orient de Sciences Po Grenoble.<\/p>\n<p>La question n\u2019a pas \u00e9t\u00e9 centrale dans la carri\u00e8re politique de Recep Tayyip Erdogan, affirme Bayram Balci, chercheur au Ceri-Sciences Po et actuellement directeur de l\u2019Institut fran\u00e7ais d\u2019\u00e9tudes anatoliennes \u00e0 Istanbul\u00a0: \u00ab\u00a0<em>Ce sujet a toujours \u00e9t\u00e9 important pour une partie de la droite turque, pour les nationalistes et les islamistes, mais pas pour le pr\u00e9sident turc. Il a en fait un cheval de bataille depuis quelques mois seulement.<\/em>\u00a0\u00bb<\/p>\n<p>Avec l&rsquo;arriv\u00e9e de Recep Tayyip Erdogan au pouvoir en 2003, les activit\u00e9s li\u00e9es \u00e0 l&rsquo;islam se sont quand m\u00eame multipli\u00e9es \u00e0 l&rsquo;int\u00e9rieur de Sainte-Sophie, avec notamment des pri\u00e8res collectives sur le parvis du monument. \u00ab\u00a0<em>Par des petites mesures \u00e9volutives, on a vu qu\u2019il y avait de plus en plus de pressions<\/em>\u00a0\u00bb, note Jean Marcou, citant des lectures du Coran pendant le ramadan et la remise en activit\u00e9 des minarets pour les appels \u00e0 la pri\u00e8re.<\/p>\n<p><strong>Absence de d\u00e9bat<\/strong><\/p>\n<p>La transformation de Sainte-Sophie en mosqu\u00e9e n\u2019a pas soulev\u00e9 de passions de la part des grands partis la\u00efques, ni vraiment suscit\u00e9 de d\u00e9bat dans une soci\u00e9t\u00e9\u00a0plus pr\u00e9occup\u00e9e par l\u2019\u00e9pid\u00e9mie de Covid-19, la crise \u00e9conomique et les difficult\u00e9s du quotidien. \u00ab\u00a0<em>Pour la population, cela n\u2019est pas d\u2019une importance fondamentale<\/em>\u00a0\u00bb, explique Bayram Balci, pointant le fait que les lieux de pri\u00e8re ne manquent pas, plusieurs mosqu\u00e9es ayant \u00e9t\u00e9 construites ces derni\u00e8res ann\u00e9es. Le directeur de l\u2019Institut fran\u00e7ais d\u2019\u00e9tudes anatoliennes estime que l\u2019opposition s\u2019est bien gard\u00e9e, sur ce sujet, de tomber dans le pi\u00e8ge tendu par le pr\u00e9sident Erdogan\u00a0: \u00ab\u00a0<em>Il s\u2019attendait probablement \u00e0 ce que l\u2019opposition s\u2019oppose au changement de statut du mus\u00e9e. Cela lui aurait donn\u00e9 l\u2019occasion de traiter alors cette opposition d\u2019\u00a0\u00bbinf\u00e9od\u00e9e\u00a0\u00bb aux \u00e9trangers, \u00e0 l\u2019Occident<\/em>.\u00a0\u00bb Le chercheur estime qu\u2019\u00e0 cet \u00e9gard, l\u2019attitude du maire d\u2019Istanbul a \u00e9t\u00e9 remarquable\u00a0: \u00ab\u00a0<em>Il a affirm\u00e9 que si la transformation du mus\u00e9e de Sainte-Sophie en mosqu\u00e9e devait\u00a0r\u00e9gler le probl\u00e8me du ch\u00f4mage, de l\u2019inflation, alors il y \u00e9tait favorable. Une fa\u00e7on de souligner que \u00e7a n\u2019\u00e9tait pas la vrai question qui int\u00e9ressait les Turcs tout en coupant court au d\u00e9bat.<\/em>\u00a0\u00bb<\/p>\n<p>Pour Jean Marcou, Recep Tayyip Erdogan a r\u00e9ussi un \u00ab\u00a0<em>coup tactique<\/em>\u00a0\u00bb. \u00ab\u00a0<em>Le symbole est tellement nationaliste que les k\u00e9malistes, y compris le maire d\u2019Istanbul, n\u2019ont pas pu manifester leur opposition \u00e0 cette d\u00e9cision, car, plus que religieuse, elle flatte surtout l\u2019ego national.<\/em>\u00a0\u00bb\u00a0 Et de rappeler que \u00ab\u00a0<em>Sainte-Sophie est le symbole de l\u2019histoire turque, un b\u00e2timent exclu du pillage de la ville en 1453 par le sultan Mehmet II \u00ab\u00a0Fatih\u00a0\u00bb\u00a0(le Conqu\u00e9rant), qui se l\u2019est appropri\u00e9 et qui est devenu un symbole de la victoire de l\u2019Empire ottoman et en quelque sorte de la substitution de l\u2019Empire ottoman \u00e0 l\u2019Empire byzantin<\/em>.\u00a0\u00bb<\/p>\n<p><strong>La Turquie \u00e0 l\u2019offensive<\/strong><\/p>\n<p>La transformation de Sainte-Sophie en mosqu\u00e9e intervient \u00e0 un moment o\u00f9 la Turquie est aussi tr\u00e8s active sur de nombreux fronts \u00e0 l\u2019\u00e9tranger. Elle est intervenue militairement en Syrie \u00e0 quatre reprises depuis 2016 contre les Kurdes des Unit\u00e9s de protection du peuple (YPG). <strong><a href=\"https:\/\/www.rfi.fr\/fr\/afrique\/20200701-libye-les-causes-enlisement\">En Libye<\/a><\/strong>, \u00e0 l\u2019aide de suppl\u00e9tifs form\u00e9s en Syrie et de son mat\u00e9riel militaire, elle soutient le gouvernement d\u2019Union nationale de Tripoli. Ankara est \u00e9galement tr\u00e8s active en M\u00e9diterran\u00e9e orientale, o\u00f9 elle m\u00e8ne des forages exploratoires, ce qui suscite des protestations des pays voisins tels que Chypre, la Gr\u00e8ce et l\u2019\u00c9gypte. \u00ab\u00a0<em>Dans son environnement, la Turquie s\u2019est vraiment positionn\u00e9e comme une nouvelle puissance r\u00e9gionale, face aux Occidentaux et en particulier face \u00e0 la France, face aux Russes, mais aussi au sein m\u00eame du monde musulman. Le discours d\u2019Erdogan vise \u00e0 afficher son pays comme une puissance majeure au sein du monde musulman sunnite, domin\u00e9, dans le pass\u00e9, par l\u2019Empire ottoman<\/em>\u00a0\u00bb, souligne Jean Marcou.<\/p>\n<p>La d\u00e9cision de restituer Sainte-Sophie au culte musulman a suscit\u00e9 des critiques et de l\u2019indignation \u00e0 l&rsquo;\u00e9tranger, notamment en Gr\u00e8ce, pays qui suit de pr\u00e8s le sort du patrimoine byzantin en Turquie. Le pape Fran\u00e7ois s&rsquo;est dit \u00ab\u00a0<em>tr\u00e8s afflig\u00e9<\/em>\u00a0\u00bb par cette reconversion. Pour le chef de la diplomatie europ\u00e9enne, Josep Borell, cela ne fait qu\u2019\u00ab\u00a0<strong><em><a href=\"https:\/\/www.rfi.fr\/fr\/europe\/20200723-turquie-les-minorit\u00e9s-chr\u00e9tiennes-d\u00e9plorent-la-transformation-sainte-sophie-en-mosqu\">alimenter la division entre les communaut\u00e9s religieuses<\/a><\/em><\/strong><em> et mine nos efforts de collaboration<\/em>\u00a0\u00bb. Inqui\u00e9tude \u00e9galement de la part de l\u2019Unesco qui a class\u00e9 le site dans son patrimoine mondial. Le porte-parole de la pr\u00e9sidence turque s\u2019est fait rassurant\u00a0: Ibrahim Kalin a indiqu\u00e9 que les ic\u00f4nes chr\u00e9tiennes qui ornent l&rsquo;int\u00e9rieur de l&rsquo;ancienne basilique byzantine seraient dissimul\u00e9es le temps de la pri\u00e8re musulmane, \u00e0 l\u2019aide de rideau, mais que les fresques resteraient bien visibles lorsque l\u2019\u00e9difice sera ouvert au public.<\/p>\n<p>Apr\u00e8s le schisme entre les \u00e9glises chr\u00e9tiennes d&rsquo;Occident et d&rsquo;Orient en 1054, la basilique Sainte-Sophie \u00e9tait devenue le plus important lieu sacr\u00e9 des chr\u00e9tiens d&rsquo;Orient. Pour le patriarche \u0153cum\u00e9nique Bartholom\u00e9e, primat de l&rsquo;\u00c9glise orthodoxe de Constantinople, la reconversion de Sainte-Sophie en mosqu\u00e9e va cr\u00e9er une \u00ab\u00a0<em>fracture<\/em>\u00a0\u00bb entre l&rsquo;Est et l&rsquo;Ouest.<\/p>\n<p>\u00c0 Moscou, le Saint-Synode de l\u2019\u00c9glise orthodoxe russe, la plus haute autorit\u00e9 religieuse pr\u00e9sid\u00e9e par le patriarche Cyrille, rassemblant \u00e9v\u00eaques et hi\u00e9rarques, a d\u00e9clar\u00e9 que cette reconversion de Sainte-Sophie en mosqu\u00e9e \u00e9tait \u00ab\u00a0<em>une offense pour la sensibilit\u00e9 religieuse de millions de chr\u00e9tiens \u00e0 travers le monde, qui pourraient mener \u00e0 une d\u00e9t\u00e9rioration des \u00e9quilibres interreligieux et la compr\u00e9hension mutuelle entre chr\u00e9tiens et musulmans, pas seulement en Turquie mais aussi ailleurs<\/em>\u00a0\u00bb. Un ton qui tranche avec les d\u00e9clarations du Kremlin, bien plus mesur\u00e9 en d\u00e9clarant qu\u2019il s\u2019agissait d\u2019une \u00ab\u00a0<em>affaire purement int\u00e9rieure<\/em>\u00a0\u00bb turque. \u00ab\u00a0<em>Vladimir Poutine est dans une logique de s\u00e9duction de la Turquie pour l\u2019arracher \u00e0 l\u2019Occident,<\/em> analyse Bayram Balci.<em> La Russie a donc pr\u00e9f\u00e9r\u00e9, en quelque sorte, avaler cette d\u00e9cision qui ne lui pla\u00eet pas trop\u00a0plut\u00f4t que de se mettre \u00e0 dos Erdogan.<\/em>\u00a0\u00bb<\/p>\n<p><strong>RFI<\/strong><\/p>\n","protected":false},"excerpt":{"rendered":"<p>L\u2019ancienne basilique byzantine Sainte-Sophie d\u2019Istanbul est officiellement transform\u00e9e en mosqu\u00e9e. Recep Tayyip Erdogan assistera en personne \u00e0 la premi\u00e8re pri\u00e8re musulmane collective ce vendredi 24 juillet. Sainte-Sophie avait \u00e9t\u00e9 convertie en mosqu\u00e9e apr\u00e8s la prise de Constantinople par les Ottomans en 1453. Elle a \u00e9t\u00e9 transform\u00e9e en mus\u00e9e en 1934 par Mustafa Kemal, qui voulait [&hellip;]<\/p>\n","protected":false},"author":12,"featured_media":30197,"comment_status":"closed","ping_status":"open","sticky":false,"template":"","format":"standard","meta":{"_exactmetrics_skip_tracking":false,"_exactmetrics_sitenote_active":false,"_exactmetrics_sitenote_note":"","_exactmetrics_sitenote_category":0,"tdm_status":"","tdm_grid_status":"","footnotes":""},"categories":[21],"tags":[],"class_list":{"0":"post-30196","1":"post","2":"type-post","3":"status-publish","4":"format-standard","5":"has-post-thumbnail","7":"category-international"},"yoast_head":"<!-- This site is optimized with the Yoast SEO plugin v24.2 - https:\/\/yoast.com\/wordpress\/plugins\/seo\/ -->\n<title>Turquie: premi\u00e8re pri\u00e8re musulmane depuis 86 ans \u00e0 l&#039;ex-basilique Sainte-Sophie | Guin\u00e9e Diversit\u00e9<\/title>\n<meta name=\"robots\" content=\"index, follow, max-snippet:-1, max-image-preview:large, max-video-preview:-1\" \/>\n<link rel=\"canonical\" href=\"https:\/\/guineediversite.com\/index.php\/2020\/07\/24\/turquie-premiere-priere-musulmane-depuis-86-ans-a-lex-basilique-sainte-sophie\/\" \/>\n<meta property=\"og:locale\" content=\"fr_FR\" \/>\n<meta property=\"og:type\" content=\"article\" \/>\n<meta property=\"og:title\" content=\"Turquie: premi\u00e8re pri\u00e8re musulmane depuis 86 ans \u00e0 l&#039;ex-basilique Sainte-Sophie | Guin\u00e9e Diversit\u00e9\" \/>\n<meta property=\"og:description\" content=\"L\u2019ancienne basilique byzantine Sainte-Sophie d\u2019Istanbul est officiellement transform\u00e9e en mosqu\u00e9e. Recep Tayyip Erdogan assistera en personne \u00e0 la premi\u00e8re pri\u00e8re musulmane collective ce vendredi 24 juillet. Sainte-Sophie avait \u00e9t\u00e9 convertie en mosqu\u00e9e apr\u00e8s la prise de Constantinople par les Ottomans en 1453. Elle a \u00e9t\u00e9 transform\u00e9e en mus\u00e9e en 1934 par Mustafa Kemal, qui voulait [&hellip;]\" \/>\n<meta property=\"og:url\" content=\"https:\/\/guineediversite.com\/index.php\/2020\/07\/24\/turquie-premiere-priere-musulmane-depuis-86-ans-a-lex-basilique-sainte-sophie\/\" \/>\n<meta property=\"og:site_name\" content=\"Guin\u00e9e Diversit\u00e9\" \/>\n<meta property=\"article:publisher\" content=\"https:\/\/www.facebook.com\/guineediversite\/\" \/>\n<meta property=\"article:published_time\" content=\"2020-07-24T11:13:52+00:00\" \/>\n<meta property=\"og:image\" content=\"https:\/\/guineediversite.com\/wp-content\/uploads\/2020\/07\/Lex-basilique-Sainte-Sophie-deuxi\u00e8me-monument-touristique-de-Turquie-Bon.jpg\" \/>\n\t<meta property=\"og:image:width\" content=\"1500\" \/>\n\t<meta property=\"og:image:height\" content=\"851\" \/>\n\t<meta property=\"og:image:type\" content=\"image\/jpeg\" \/>\n<meta name=\"author\" content=\"Guin\u00e9e Diversit\u00e9\" \/>\n<meta name=\"twitter:card\" content=\"summary_large_image\" \/>\n<meta name=\"twitter:creator\" content=\"@GuineeDiversite\" \/>\n<meta name=\"twitter:site\" content=\"@GuineeDiversite\" \/>\n<meta name=\"twitter:label1\" content=\"\u00c9crit par\" \/>\n\t<meta name=\"twitter:data1\" content=\"Guin\u00e9e Diversit\u00e9\" \/>\n\t<meta name=\"twitter:label2\" content=\"Dur\u00e9e de lecture estim\u00e9e\" \/>\n\t<meta name=\"twitter:data2\" content=\"7 minutes\" \/>\n<script type=\"application\/ld+json\" class=\"yoast-schema-graph\">{\"@context\":\"https:\/\/schema.org\",\"@graph\":[{\"@type\":\"Article\",\"@id\":\"https:\/\/guineediversite.com\/index.php\/2020\/07\/24\/turquie-premiere-priere-musulmane-depuis-86-ans-a-lex-basilique-sainte-sophie\/#article\",\"isPartOf\":{\"@id\":\"https:\/\/guineediversite.com\/index.php\/2020\/07\/24\/turquie-premiere-priere-musulmane-depuis-86-ans-a-lex-basilique-sainte-sophie\/\"},\"author\":{\"name\":\"Guin\u00e9e Diversit\u00e9\",\"@id\":\"https:\/\/guineediversite.com\/#\/schema\/person\/afa08fb34e7fc6e1feafc892612bc836\"},\"headline\":\"Turquie: premi\u00e8re pri\u00e8re musulmane depuis 86 ans \u00e0 l&rsquo;ex-basilique Sainte-Sophie\",\"datePublished\":\"2020-07-24T11:13:52+00:00\",\"dateModified\":\"2020-07-24T11:13:52+00:00\",\"mainEntityOfPage\":{\"@id\":\"https:\/\/guineediversite.com\/index.php\/2020\/07\/24\/turquie-premiere-priere-musulmane-depuis-86-ans-a-lex-basilique-sainte-sophie\/\"},\"wordCount\":1326,\"publisher\":{\"@id\":\"https:\/\/guineediversite.com\/#organization\"},\"image\":{\"@id\":\"https:\/\/guineediversite.com\/index.php\/2020\/07\/24\/turquie-premiere-priere-musulmane-depuis-86-ans-a-lex-basilique-sainte-sophie\/#primaryimage\"},\"thumbnailUrl\":\"https:\/\/guineediversite.com\/wp-content\/uploads\/2020\/07\/Lex-basilique-Sainte-Sophie-deuxi\u00e8me-monument-touristique-de-Turquie-Bon.jpg\",\"articleSection\":[\"International\"],\"inLanguage\":\"fr-FR\"},{\"@type\":\"WebPage\",\"@id\":\"https:\/\/guineediversite.com\/index.php\/2020\/07\/24\/turquie-premiere-priere-musulmane-depuis-86-ans-a-lex-basilique-sainte-sophie\/\",\"url\":\"https:\/\/guineediversite.com\/index.php\/2020\/07\/24\/turquie-premiere-priere-musulmane-depuis-86-ans-a-lex-basilique-sainte-sophie\/\",\"name\":\"Turquie: premi\u00e8re pri\u00e8re musulmane depuis 86 ans \u00e0 l'ex-basilique Sainte-Sophie | Guin\u00e9e Diversit\u00e9\",\"isPartOf\":{\"@id\":\"https:\/\/guineediversite.com\/#website\"},\"primaryImageOfPage\":{\"@id\":\"https:\/\/guineediversite.com\/index.php\/2020\/07\/24\/turquie-premiere-priere-musulmane-depuis-86-ans-a-lex-basilique-sainte-sophie\/#primaryimage\"},\"image\":{\"@id\":\"https:\/\/guineediversite.com\/index.php\/2020\/07\/24\/turquie-premiere-priere-musulmane-depuis-86-ans-a-lex-basilique-sainte-sophie\/#primaryimage\"},\"thumbnailUrl\":\"https:\/\/guineediversite.com\/wp-content\/uploads\/2020\/07\/Lex-basilique-Sainte-Sophie-deuxi\u00e8me-monument-touristique-de-Turquie-Bon.jpg\",\"datePublished\":\"2020-07-24T11:13:52+00:00\",\"dateModified\":\"2020-07-24T11:13:52+00:00\",\"breadcrumb\":{\"@id\":\"https:\/\/guineediversite.com\/index.php\/2020\/07\/24\/turquie-premiere-priere-musulmane-depuis-86-ans-a-lex-basilique-sainte-sophie\/#breadcrumb\"},\"inLanguage\":\"fr-FR\",\"potentialAction\":[{\"@type\":\"ReadAction\",\"target\":[\"https:\/\/guineediversite.com\/index.php\/2020\/07\/24\/turquie-premiere-priere-musulmane-depuis-86-ans-a-lex-basilique-sainte-sophie\/\"]}]},{\"@type\":\"ImageObject\",\"inLanguage\":\"fr-FR\",\"@id\":\"https:\/\/guineediversite.com\/index.php\/2020\/07\/24\/turquie-premiere-priere-musulmane-depuis-86-ans-a-lex-basilique-sainte-sophie\/#primaryimage\",\"url\":\"https:\/\/guineediversite.com\/wp-content\/uploads\/2020\/07\/Lex-basilique-Sainte-Sophie-deuxi\u00e8me-monument-touristique-de-Turquie-Bon.jpg\",\"contentUrl\":\"https:\/\/guineediversite.com\/wp-content\/uploads\/2020\/07\/Lex-basilique-Sainte-Sophie-deuxi\u00e8me-monument-touristique-de-Turquie-Bon.jpg\",\"width\":1500,\"height\":851},{\"@type\":\"BreadcrumbList\",\"@id\":\"https:\/\/guineediversite.com\/index.php\/2020\/07\/24\/turquie-premiere-priere-musulmane-depuis-86-ans-a-lex-basilique-sainte-sophie\/#breadcrumb\",\"itemListElement\":[{\"@type\":\"ListItem\",\"position\":1,\"name\":\"Accueil\",\"item\":\"https:\/\/guineediversite.com\/\"},{\"@type\":\"ListItem\",\"position\":2,\"name\":\"Turquie: premi\u00e8re pri\u00e8re musulmane depuis 86 ans \u00e0 l&rsquo;ex-basilique Sainte-Sophie\"}]},{\"@type\":\"WebSite\",\"@id\":\"https:\/\/guineediversite.com\/#website\",\"url\":\"https:\/\/guineediversite.com\/\",\"name\":\"Guin\u00e9e Diversit\u00e9\",\"description\":\"L&#039;Info dans toute sa diversit\u00e9\",\"publisher\":{\"@id\":\"https:\/\/guineediversite.com\/#organization\"},\"potentialAction\":[{\"@type\":\"SearchAction\",\"target\":{\"@type\":\"EntryPoint\",\"urlTemplate\":\"https:\/\/guineediversite.com\/?s={search_term_string}\"},\"query-input\":{\"@type\":\"PropertyValueSpecification\",\"valueRequired\":true,\"valueName\":\"search_term_string\"}}],\"inLanguage\":\"fr-FR\"},{\"@type\":\"Organization\",\"@id\":\"https:\/\/guineediversite.com\/#organization\",\"name\":\"Guin\u00e9e Diversit\u00e9\",\"url\":\"https:\/\/guineediversite.com\/\",\"logo\":{\"@type\":\"ImageObject\",\"inLanguage\":\"fr-FR\",\"@id\":\"https:\/\/guineediversite.com\/#\/schema\/logo\/image\/\",\"url\":\"https:\/\/guineediversite.com\/wp-content\/uploads\/2017\/04\/cropped-1jojlxEOMkX9Wyqfhe43D6kjPOGqBBKmx3EwWJqZ0cMrFF54yM49.png\",\"contentUrl\":\"https:\/\/guineediversite.com\/wp-content\/uploads\/2017\/04\/cropped-1jojlxEOMkX9Wyqfhe43D6kjPOGqBBKmx3EwWJqZ0cMrFF54yM49.png\",\"width\":186,\"height\":112,\"caption\":\"Guin\u00e9e Diversit\u00e9\"},\"image\":{\"@id\":\"https:\/\/guineediversite.com\/#\/schema\/logo\/image\/\"},\"sameAs\":[\"https:\/\/www.facebook.com\/guineediversite\/\",\"https:\/\/x.com\/GuineeDiversite\",\"https:\/\/www.youtube.com\/channel\/UC8sUY16qelG5ge6_D5SB83g\"]},{\"@type\":\"Person\",\"@id\":\"https:\/\/guineediversite.com\/#\/schema\/person\/afa08fb34e7fc6e1feafc892612bc836\",\"name\":\"Guin\u00e9e Diversit\u00e9\",\"image\":{\"@type\":\"ImageObject\",\"inLanguage\":\"fr-FR\",\"@id\":\"https:\/\/guineediversite.com\/#\/schema\/person\/image\/\",\"url\":\"https:\/\/secure.gravatar.com\/avatar\/50d5eb5b390f8b65ac30ac6f898eb83a?s=96&d=mm&r=g\",\"contentUrl\":\"https:\/\/secure.gravatar.com\/avatar\/50d5eb5b390f8b65ac30ac6f898eb83a?s=96&d=mm&r=g\",\"caption\":\"Guin\u00e9e Diversit\u00e9\"},\"url\":\"https:\/\/guineediversite.com\/index.php\/author\/guineediversite\/\"}]}<\/script>\n<!-- \/ Yoast SEO plugin. -->","yoast_head_json":{"title":"Turquie: premi\u00e8re pri\u00e8re musulmane depuis 86 ans \u00e0 l'ex-basilique Sainte-Sophie | Guin\u00e9e Diversit\u00e9","robots":{"index":"index","follow":"follow","max-snippet":"max-snippet:-1","max-image-preview":"max-image-preview:large","max-video-preview":"max-video-preview:-1"},"canonical":"https:\/\/guineediversite.com\/index.php\/2020\/07\/24\/turquie-premiere-priere-musulmane-depuis-86-ans-a-lex-basilique-sainte-sophie\/","og_locale":"fr_FR","og_type":"article","og_title":"Turquie: premi\u00e8re pri\u00e8re musulmane depuis 86 ans \u00e0 l'ex-basilique Sainte-Sophie | Guin\u00e9e Diversit\u00e9","og_description":"L\u2019ancienne basilique byzantine Sainte-Sophie d\u2019Istanbul est officiellement transform\u00e9e en mosqu\u00e9e. Recep Tayyip Erdogan assistera en personne \u00e0 la premi\u00e8re pri\u00e8re musulmane collective ce vendredi 24 juillet. Sainte-Sophie avait \u00e9t\u00e9 convertie en mosqu\u00e9e apr\u00e8s la prise de Constantinople par les Ottomans en 1453. Elle a \u00e9t\u00e9 transform\u00e9e en mus\u00e9e en 1934 par Mustafa Kemal, qui voulait [&hellip;]","og_url":"https:\/\/guineediversite.com\/index.php\/2020\/07\/24\/turquie-premiere-priere-musulmane-depuis-86-ans-a-lex-basilique-sainte-sophie\/","og_site_name":"Guin\u00e9e Diversit\u00e9","article_publisher":"https:\/\/www.facebook.com\/guineediversite\/","article_published_time":"2020-07-24T11:13:52+00:00","og_image":[{"width":1500,"height":851,"url":"https:\/\/guineediversite.com\/wp-content\/uploads\/2020\/07\/Lex-basilique-Sainte-Sophie-deuxi\u00e8me-monument-touristique-de-Turquie-Bon.jpg","type":"image\/jpeg"}],"author":"Guin\u00e9e Diversit\u00e9","twitter_card":"summary_large_image","twitter_creator":"@GuineeDiversite","twitter_site":"@GuineeDiversite","twitter_misc":{"\u00c9crit par":"Guin\u00e9e Diversit\u00e9","Dur\u00e9e de lecture estim\u00e9e":"7 minutes"},"schema":{"@context":"https:\/\/schema.org","@graph":[{"@type":"Article","@id":"https:\/\/guineediversite.com\/index.php\/2020\/07\/24\/turquie-premiere-priere-musulmane-depuis-86-ans-a-lex-basilique-sainte-sophie\/#article","isPartOf":{"@id":"https:\/\/guineediversite.com\/index.php\/2020\/07\/24\/turquie-premiere-priere-musulmane-depuis-86-ans-a-lex-basilique-sainte-sophie\/"},"author":{"name":"Guin\u00e9e Diversit\u00e9","@id":"https:\/\/guineediversite.com\/#\/schema\/person\/afa08fb34e7fc6e1feafc892612bc836"},"headline":"Turquie: premi\u00e8re pri\u00e8re musulmane depuis 86 ans \u00e0 l&rsquo;ex-basilique Sainte-Sophie","datePublished":"2020-07-24T11:13:52+00:00","dateModified":"2020-07-24T11:13:52+00:00","mainEntityOfPage":{"@id":"https:\/\/guineediversite.com\/index.php\/2020\/07\/24\/turquie-premiere-priere-musulmane-depuis-86-ans-a-lex-basilique-sainte-sophie\/"},"wordCount":1326,"publisher":{"@id":"https:\/\/guineediversite.com\/#organization"},"image":{"@id":"https:\/\/guineediversite.com\/index.php\/2020\/07\/24\/turquie-premiere-priere-musulmane-depuis-86-ans-a-lex-basilique-sainte-sophie\/#primaryimage"},"thumbnailUrl":"https:\/\/guineediversite.com\/wp-content\/uploads\/2020\/07\/Lex-basilique-Sainte-Sophie-deuxi\u00e8me-monument-touristique-de-Turquie-Bon.jpg","articleSection":["International"],"inLanguage":"fr-FR"},{"@type":"WebPage","@id":"https:\/\/guineediversite.com\/index.php\/2020\/07\/24\/turquie-premiere-priere-musulmane-depuis-86-ans-a-lex-basilique-sainte-sophie\/","url":"https:\/\/guineediversite.com\/index.php\/2020\/07\/24\/turquie-premiere-priere-musulmane-depuis-86-ans-a-lex-basilique-sainte-sophie\/","name":"Turquie: premi\u00e8re pri\u00e8re musulmane depuis 86 ans \u00e0 l'ex-basilique Sainte-Sophie | Guin\u00e9e Diversit\u00e9","isPartOf":{"@id":"https:\/\/guineediversite.com\/#website"},"primaryImageOfPage":{"@id":"https:\/\/guineediversite.com\/index.php\/2020\/07\/24\/turquie-premiere-priere-musulmane-depuis-86-ans-a-lex-basilique-sainte-sophie\/#primaryimage"},"image":{"@id":"https:\/\/guineediversite.com\/index.php\/2020\/07\/24\/turquie-premiere-priere-musulmane-depuis-86-ans-a-lex-basilique-sainte-sophie\/#primaryimage"},"thumbnailUrl":"https:\/\/guineediversite.com\/wp-content\/uploads\/2020\/07\/Lex-basilique-Sainte-Sophie-deuxi\u00e8me-monument-touristique-de-Turquie-Bon.jpg","datePublished":"2020-07-24T11:13:52+00:00","dateModified":"2020-07-24T11:13:52+00:00","breadcrumb":{"@id":"https:\/\/guineediversite.com\/index.php\/2020\/07\/24\/turquie-premiere-priere-musulmane-depuis-86-ans-a-lex-basilique-sainte-sophie\/#breadcrumb"},"inLanguage":"fr-FR","potentialAction":[{"@type":"ReadAction","target":["https:\/\/guineediversite.com\/index.php\/2020\/07\/24\/turquie-premiere-priere-musulmane-depuis-86-ans-a-lex-basilique-sainte-sophie\/"]}]},{"@type":"ImageObject","inLanguage":"fr-FR","@id":"https:\/\/guineediversite.com\/index.php\/2020\/07\/24\/turquie-premiere-priere-musulmane-depuis-86-ans-a-lex-basilique-sainte-sophie\/#primaryimage","url":"https:\/\/guineediversite.com\/wp-content\/uploads\/2020\/07\/Lex-basilique-Sainte-Sophie-deuxi\u00e8me-monument-touristique-de-Turquie-Bon.jpg","contentUrl":"https:\/\/guineediversite.com\/wp-content\/uploads\/2020\/07\/Lex-basilique-Sainte-Sophie-deuxi\u00e8me-monument-touristique-de-Turquie-Bon.jpg","width":1500,"height":851},{"@type":"BreadcrumbList","@id":"https:\/\/guineediversite.com\/index.php\/2020\/07\/24\/turquie-premiere-priere-musulmane-depuis-86-ans-a-lex-basilique-sainte-sophie\/#breadcrumb","itemListElement":[{"@type":"ListItem","position":1,"name":"Accueil","item":"https:\/\/guineediversite.com\/"},{"@type":"ListItem","position":2,"name":"Turquie: premi\u00e8re pri\u00e8re musulmane depuis 86 ans \u00e0 l&rsquo;ex-basilique Sainte-Sophie"}]},{"@type":"WebSite","@id":"https:\/\/guineediversite.com\/#website","url":"https:\/\/guineediversite.com\/","name":"Guin\u00e9e Diversit\u00e9","description":"L&#039;Info dans toute sa diversit\u00e9","publisher":{"@id":"https:\/\/guineediversite.com\/#organization"},"potentialAction":[{"@type":"SearchAction","target":{"@type":"EntryPoint","urlTemplate":"https:\/\/guineediversite.com\/?s={search_term_string}"},"query-input":{"@type":"PropertyValueSpecification","valueRequired":true,"valueName":"search_term_string"}}],"inLanguage":"fr-FR"},{"@type":"Organization","@id":"https:\/\/guineediversite.com\/#organization","name":"Guin\u00e9e Diversit\u00e9","url":"https:\/\/guineediversite.com\/","logo":{"@type":"ImageObject","inLanguage":"fr-FR","@id":"https:\/\/guineediversite.com\/#\/schema\/logo\/image\/","url":"https:\/\/guineediversite.com\/wp-content\/uploads\/2017\/04\/cropped-1jojlxEOMkX9Wyqfhe43D6kjPOGqBBKmx3EwWJqZ0cMrFF54yM49.png","contentUrl":"https:\/\/guineediversite.com\/wp-content\/uploads\/2017\/04\/cropped-1jojlxEOMkX9Wyqfhe43D6kjPOGqBBKmx3EwWJqZ0cMrFF54yM49.png","width":186,"height":112,"caption":"Guin\u00e9e Diversit\u00e9"},"image":{"@id":"https:\/\/guineediversite.com\/#\/schema\/logo\/image\/"},"sameAs":["https:\/\/www.facebook.com\/guineediversite\/","https:\/\/x.com\/GuineeDiversite","https:\/\/www.youtube.com\/channel\/UC8sUY16qelG5ge6_D5SB83g"]},{"@type":"Person","@id":"https:\/\/guineediversite.com\/#\/schema\/person\/afa08fb34e7fc6e1feafc892612bc836","name":"Guin\u00e9e Diversit\u00e9","image":{"@type":"ImageObject","inLanguage":"fr-FR","@id":"https:\/\/guineediversite.com\/#\/schema\/person\/image\/","url":"https:\/\/secure.gravatar.com\/avatar\/50d5eb5b390f8b65ac30ac6f898eb83a?s=96&d=mm&r=g","contentUrl":"https:\/\/secure.gravatar.com\/avatar\/50d5eb5b390f8b65ac30ac6f898eb83a?s=96&d=mm&r=g","caption":"Guin\u00e9e Diversit\u00e9"},"url":"https:\/\/guineediversite.com\/index.php\/author\/guineediversite\/"}]}},"_links":{"self":[{"href":"https:\/\/guineediversite.com\/index.php\/wp-json\/wp\/v2\/posts\/30196"}],"collection":[{"href":"https:\/\/guineediversite.com\/index.php\/wp-json\/wp\/v2\/posts"}],"about":[{"href":"https:\/\/guineediversite.com\/index.php\/wp-json\/wp\/v2\/types\/post"}],"author":[{"embeddable":true,"href":"https:\/\/guineediversite.com\/index.php\/wp-json\/wp\/v2\/users\/12"}],"replies":[{"embeddable":true,"href":"https:\/\/guineediversite.com\/index.php\/wp-json\/wp\/v2\/comments?post=30196"}],"version-history":[{"count":1,"href":"https:\/\/guineediversite.com\/index.php\/wp-json\/wp\/v2\/posts\/30196\/revisions"}],"predecessor-version":[{"id":30198,"href":"https:\/\/guineediversite.com\/index.php\/wp-json\/wp\/v2\/posts\/30196\/revisions\/30198"}],"wp:featuredmedia":[{"embeddable":true,"href":"https:\/\/guineediversite.com\/index.php\/wp-json\/wp\/v2\/media\/30197"}],"wp:attachment":[{"href":"https:\/\/guineediversite.com\/index.php\/wp-json\/wp\/v2\/media?parent=30196"}],"wp:term":[{"taxonomy":"category","embeddable":true,"href":"https:\/\/guineediversite.com\/index.php\/wp-json\/wp\/v2\/categories?post=30196"},{"taxonomy":"post_tag","embeddable":true,"href":"https:\/\/guineediversite.com\/index.php\/wp-json\/wp\/v2\/tags?post=30196"}],"curies":[{"name":"wp","href":"https:\/\/api.w.org\/{rel}","templated":true}]}}