{"id":30183,"date":"2020-07-22T20:02:21","date_gmt":"2020-07-22T18:02:21","guid":{"rendered":"https:\/\/guineediversite.com\/?p=30183"},"modified":"2020-07-22T20:02:21","modified_gmt":"2020-07-22T18:02:21","slug":"afrique-du-sud-deces-dandrew-mlangeni-dernier-compagnon-de-lutte-de-nelson-mandela","status":"publish","type":"post","link":"https:\/\/guineediversite.com\/index.php\/2020\/07\/22\/afrique-du-sud-deces-dandrew-mlangeni-dernier-compagnon-de-lutte-de-nelson-mandela\/","title":{"rendered":"Afrique du Sud: d\u00e9c\u00e8s d\u2019Andrew Mlangeni, dernier compagnon de lutte de Nelson Mandela"},"content":{"rendered":"<p>L\u2019Afrique du Sud vient de perdre une nouvelle grande figure de la lutte contre l\u2019apartheid. Andrew Mlangeni s\u2019est \u00e9teint la nuit derni\u00e8re. Il venait de f\u00eater ses 95 ans et depuis une semaine, il avait \u00e9t\u00e9 admis dans un h\u00f4pital de Pretoria pour des douleurs abdominales.<\/p>\n<p>C\u2019est une page de l&rsquo;histoire du pays qui se tourne, puisque Andrew Mlangeni \u00e9tait le dernier survivant <strong><a href=\"https:\/\/www.rfi.fr\/fr\/emission\/20170715-nelson-mandela-le-proces-rivonia-condamnation-56\">du proc\u00e8s de Rivonia<\/a><\/strong>. Un proc\u00e8s durant lequel il \u00e9tait \u00ab\u00a0l\u2019accus\u00e9 num\u00e9ro 10\u00a0\u00bb pour les magistrats. Aux c\u00f4t\u00e9s d\u2019Ahmed Kathrada, de Walter Sisulu, et bien s\u00fbr de Nelson Mandela, Andrew Mlangeni a \u00e9t\u00e9 condamn\u00e9 au bagne \u00e0 vie en 1964 pour trahison et sabotage.<\/p>\n<p>Il venait alors de rentrer de Chine, o\u00f9 il avait suivi une formation militaire, et s\u2019\u00e9tait lanc\u00e9 en Afrique du Sud dans le recrutement de nouveaux membres pour la branche arm\u00e9e de l\u2019ANC. Arr\u00eat\u00e9 avec ses compagnons de lutte dans une ferme de la banlieue de Rivonia, il est envoy\u00e9 sur Robben Island, o\u00f9 il sera le voisin de cellule de Mandela. Il restera emprisonn\u00e9 sur l\u2019\u00eele pendant 26 ans.<\/p>\n<p>Lors de l\u2019av\u00e8nement de la d\u00e9mocratie, Andrew Mlangeni est finalement rest\u00e9 assez discret sur la sc\u00e8ne politique. Il se qualifiait lui-m\u00eame \u00ab\u00a0<em>d\u2019homme des coulisses<\/em>\u00a0\u00bb, plus \u00e0 l\u2019aise dans le monde souterrain de la r\u00e9sistance que sous les feux des projecteurs, et s\u2019est content\u00e9 d\u2019un poste de d\u00e9put\u00e9 de l\u2019ANC. Il n\u2019h\u00e9sitera pas, par la suite, \u00e0 d\u00e9noncer les d\u00e9rives et la corruption de son propre parti sous la pr\u00e9sidence de Jacob Zuma.<\/p>\n<p><strong>La fin d&rsquo;une g\u00e9n\u00e9ration<\/strong><\/p>\n<p>Depuis l\u2019annonce de sa mort, ce mercredi matin, les hommages se succ\u00e8dent. L\u2019ANC le reconnait comme \u00ab\u00a0<em>l\u2019un de ses combattants les plus remarquables<\/em>\u00a0\u00bb qui \u00ab\u00a0<em>consid\u00e9rait que la libert\u00e9 du peuple \u00e9tait plus importante que sa propre vie<\/em>\u00a0\u00bb. Pour le pr\u00e9sident <a href=\"https:\/\/www.rfi.fr\/fr\/afrique\/20180216-afrique-sud-cyril-ramaphosa-nouveau-president-carriere-anc-cosatu\"><strong>Cyril Ramaphosa<\/strong><\/a>, la nouvelle \u00ab\u00a0<em>marque la fin d&rsquo;une g\u00e9n\u00e9ration et place notre avenir dans nos mains<\/em>\u00a0\u00bb.<\/p>\n<p>Le d\u00e9c\u00e8s d\u2019Andrew Mlangeni fait suite \u00e0 la disparition, un peu plus t\u00f4t dans l\u2019ann\u00e9e, de Denis Goldberg, un autre co-accus\u00e9 de Rivonia. Selon le prix Nobel de la paix Desmond Tutu, \u00ab\u00a0<em>il revient maintenant aux plus jeunes de reprendre le b\u00e2ton de t\u00e9moin qu&rsquo;ils ont tenu et de terminer le chemin<\/em>\u00a0\u00bb.<\/p>\n<p>Et Andrew Mlangeni avait foul\u00e9 le tapis rouge du festival de Cannes, en 2018, \u00e0 l\u2019occasion de la sortie du documentaire <strong><a href=\"https:\/\/www.rfi.fr\/fr\/emission\/20180515-nicolas-champeaux-realisateur\">\u00ab\u00a0<em>L\u2019\u00c9tat contre Mandela et les autres<\/em><\/a><\/strong>\u00a0<strong><a href=\"https:\/\/www.rfi.fr\/fr\/emission\/20180515-nicolas-champeaux-realisateur\">\u00bb<\/a><\/strong> de Nicolas Champeaux et Gilles Porte.<\/p>\n<p><strong>RFI<\/strong><\/p>\n","protected":false},"excerpt":{"rendered":"<p>L\u2019Afrique du Sud vient de perdre une nouvelle grande figure de la lutte contre l\u2019apartheid. Andrew Mlangeni s\u2019est \u00e9teint la nuit derni\u00e8re. Il venait de f\u00eater ses 95 ans et depuis une semaine, il avait \u00e9t\u00e9 admis dans un h\u00f4pital de Pretoria pour des douleurs abdominales. C\u2019est une page de l&rsquo;histoire du pays qui se [&hellip;]<\/p>\n","protected":false},"author":12,"featured_media":30184,"comment_status":"closed","ping_status":"open","sticky":false,"template":"","format":"standard","meta":{"_exactmetrics_skip_tracking":false,"_exactmetrics_sitenote_active":false,"_exactmetrics_sitenote_note":"","_exactmetrics_sitenote_category":0,"tdm_status":"","tdm_grid_status":"","footnotes":""},"categories":[21],"tags":[],"class_list":{"0":"post-30183","1":"post","2":"type-post","3":"status-publish","4":"format-standard","5":"has-post-thumbnail","7":"category-international"},"yoast_head":"<!-- This site is optimized with the Yoast SEO plugin v24.2 - https:\/\/yoast.com\/wordpress\/plugins\/seo\/ -->\n<title>Afrique du Sud: d\u00e9c\u00e8s d\u2019Andrew Mlangeni, dernier compagnon de lutte de Nelson Mandela | Guin\u00e9e Diversit\u00e9<\/title>\n<meta name=\"robots\" content=\"index, follow, max-snippet:-1, max-image-preview:large, max-video-preview:-1\" \/>\n<link rel=\"canonical\" href=\"https:\/\/guineediversite.com\/index.php\/2020\/07\/22\/afrique-du-sud-deces-dandrew-mlangeni-dernier-compagnon-de-lutte-de-nelson-mandela\/\" \/>\n<meta property=\"og:locale\" content=\"fr_FR\" \/>\n<meta property=\"og:type\" content=\"article\" \/>\n<meta property=\"og:title\" content=\"Afrique du Sud: d\u00e9c\u00e8s d\u2019Andrew Mlangeni, dernier compagnon de lutte de Nelson Mandela | Guin\u00e9e Diversit\u00e9\" \/>\n<meta property=\"og:description\" content=\"L\u2019Afrique du Sud vient de perdre une nouvelle grande figure de la lutte contre l\u2019apartheid. Andrew Mlangeni s\u2019est \u00e9teint la nuit derni\u00e8re. Il venait de f\u00eater ses 95 ans et depuis une semaine, il avait \u00e9t\u00e9 admis dans un h\u00f4pital de Pretoria pour des douleurs abdominales. C\u2019est une page de l&rsquo;histoire du pays qui se [&hellip;]\" \/>\n<meta property=\"og:url\" content=\"https:\/\/guineediversite.com\/index.php\/2020\/07\/22\/afrique-du-sud-deces-dandrew-mlangeni-dernier-compagnon-de-lutte-de-nelson-mandela\/\" \/>\n<meta property=\"og:site_name\" content=\"Guin\u00e9e Diversit\u00e9\" \/>\n<meta property=\"article:publisher\" content=\"https:\/\/www.facebook.com\/guineediversite\/\" \/>\n<meta property=\"article:published_time\" content=\"2020-07-22T18:02:21+00:00\" \/>\n<meta property=\"og:image\" content=\"https:\/\/guineediversite.com\/wp-content\/uploads\/2020\/07\/Andrew-Mlangeni-95-ans-l\u2019ancien-co-accus\u00e9-de-Nelson-Mandela-qui-a-pass\u00e9-26-ann\u00e9es-de-sa-vie-en-prison-durant-lapartheid..jpg\" \/>\n\t<meta property=\"og:image:width\" content=\"1500\" \/>\n\t<meta property=\"og:image:height\" content=\"840\" \/>\n\t<meta property=\"og:image:type\" content=\"image\/jpeg\" \/>\n<meta name=\"author\" content=\"Guin\u00e9e Diversit\u00e9\" \/>\n<meta name=\"twitter:card\" content=\"summary_large_image\" \/>\n<meta name=\"twitter:creator\" content=\"@GuineeDiversite\" \/>\n<meta name=\"twitter:site\" content=\"@GuineeDiversite\" \/>\n<meta name=\"twitter:label1\" content=\"\u00c9crit par\" \/>\n\t<meta name=\"twitter:data1\" content=\"Guin\u00e9e Diversit\u00e9\" \/>\n\t<meta name=\"twitter:label2\" content=\"Dur\u00e9e de lecture estim\u00e9e\" \/>\n\t<meta name=\"twitter:data2\" content=\"2 minutes\" \/>\n<script type=\"application\/ld+json\" class=\"yoast-schema-graph\">{\"@context\":\"https:\/\/schema.org\",\"@graph\":[{\"@type\":\"Article\",\"@id\":\"https:\/\/guineediversite.com\/index.php\/2020\/07\/22\/afrique-du-sud-deces-dandrew-mlangeni-dernier-compagnon-de-lutte-de-nelson-mandela\/#article\",\"isPartOf\":{\"@id\":\"https:\/\/guineediversite.com\/index.php\/2020\/07\/22\/afrique-du-sud-deces-dandrew-mlangeni-dernier-compagnon-de-lutte-de-nelson-mandela\/\"},\"author\":{\"name\":\"Guin\u00e9e Diversit\u00e9\",\"@id\":\"https:\/\/guineediversite.com\/#\/schema\/person\/afa08fb34e7fc6e1feafc892612bc836\"},\"headline\":\"Afrique du Sud: d\u00e9c\u00e8s d\u2019Andrew Mlangeni, dernier compagnon de lutte de Nelson Mandela\",\"datePublished\":\"2020-07-22T18:02:21+00:00\",\"dateModified\":\"2020-07-22T18:02:21+00:00\",\"mainEntityOfPage\":{\"@id\":\"https:\/\/guineediversite.com\/index.php\/2020\/07\/22\/afrique-du-sud-deces-dandrew-mlangeni-dernier-compagnon-de-lutte-de-nelson-mandela\/\"},\"wordCount\":462,\"publisher\":{\"@id\":\"https:\/\/guineediversite.com\/#organization\"},\"image\":{\"@id\":\"https:\/\/guineediversite.com\/index.php\/2020\/07\/22\/afrique-du-sud-deces-dandrew-mlangeni-dernier-compagnon-de-lutte-de-nelson-mandela\/#primaryimage\"},\"thumbnailUrl\":\"https:\/\/guineediversite.com\/wp-content\/uploads\/2020\/07\/Andrew-Mlangeni-95-ans-l\u2019ancien-co-accus\u00e9-de-Nelson-Mandela-qui-a-pass\u00e9-26-ann\u00e9es-de-sa-vie-en-prison-durant-lapartheid..jpg\",\"articleSection\":[\"International\"],\"inLanguage\":\"fr-FR\"},{\"@type\":\"WebPage\",\"@id\":\"https:\/\/guineediversite.com\/index.php\/2020\/07\/22\/afrique-du-sud-deces-dandrew-mlangeni-dernier-compagnon-de-lutte-de-nelson-mandela\/\",\"url\":\"https:\/\/guineediversite.com\/index.php\/2020\/07\/22\/afrique-du-sud-deces-dandrew-mlangeni-dernier-compagnon-de-lutte-de-nelson-mandela\/\",\"name\":\"Afrique du Sud: d\u00e9c\u00e8s d\u2019Andrew Mlangeni, dernier compagnon de lutte de Nelson Mandela | Guin\u00e9e Diversit\u00e9\",\"isPartOf\":{\"@id\":\"https:\/\/guineediversite.com\/#website\"},\"primaryImageOfPage\":{\"@id\":\"https:\/\/guineediversite.com\/index.php\/2020\/07\/22\/afrique-du-sud-deces-dandrew-mlangeni-dernier-compagnon-de-lutte-de-nelson-mandela\/#primaryimage\"},\"image\":{\"@id\":\"https:\/\/guineediversite.com\/index.php\/2020\/07\/22\/afrique-du-sud-deces-dandrew-mlangeni-dernier-compagnon-de-lutte-de-nelson-mandela\/#primaryimage\"},\"thumbnailUrl\":\"https:\/\/guineediversite.com\/wp-content\/uploads\/2020\/07\/Andrew-Mlangeni-95-ans-l\u2019ancien-co-accus\u00e9-de-Nelson-Mandela-qui-a-pass\u00e9-26-ann\u00e9es-de-sa-vie-en-prison-durant-lapartheid..jpg\",\"datePublished\":\"2020-07-22T18:02:21+00:00\",\"dateModified\":\"2020-07-22T18:02:21+00:00\",\"breadcrumb\":{\"@id\":\"https:\/\/guineediversite.com\/index.php\/2020\/07\/22\/afrique-du-sud-deces-dandrew-mlangeni-dernier-compagnon-de-lutte-de-nelson-mandela\/#breadcrumb\"},\"inLanguage\":\"fr-FR\",\"potentialAction\":[{\"@type\":\"ReadAction\",\"target\":[\"https:\/\/guineediversite.com\/index.php\/2020\/07\/22\/afrique-du-sud-deces-dandrew-mlangeni-dernier-compagnon-de-lutte-de-nelson-mandela\/\"]}]},{\"@type\":\"ImageObject\",\"inLanguage\":\"fr-FR\",\"@id\":\"https:\/\/guineediversite.com\/index.php\/2020\/07\/22\/afrique-du-sud-deces-dandrew-mlangeni-dernier-compagnon-de-lutte-de-nelson-mandela\/#primaryimage\",\"url\":\"https:\/\/guineediversite.com\/wp-content\/uploads\/2020\/07\/Andrew-Mlangeni-95-ans-l\u2019ancien-co-accus\u00e9-de-Nelson-Mandela-qui-a-pass\u00e9-26-ann\u00e9es-de-sa-vie-en-prison-durant-lapartheid..jpg\",\"contentUrl\":\"https:\/\/guineediversite.com\/wp-content\/uploads\/2020\/07\/Andrew-Mlangeni-95-ans-l\u2019ancien-co-accus\u00e9-de-Nelson-Mandela-qui-a-pass\u00e9-26-ann\u00e9es-de-sa-vie-en-prison-durant-lapartheid..jpg\",\"width\":1500,\"height\":840},{\"@type\":\"BreadcrumbList\",\"@id\":\"https:\/\/guineediversite.com\/index.php\/2020\/07\/22\/afrique-du-sud-deces-dandrew-mlangeni-dernier-compagnon-de-lutte-de-nelson-mandela\/#breadcrumb\",\"itemListElement\":[{\"@type\":\"ListItem\",\"position\":1,\"name\":\"Accueil\",\"item\":\"https:\/\/guineediversite.com\/\"},{\"@type\":\"ListItem\",\"position\":2,\"name\":\"Afrique du Sud: d\u00e9c\u00e8s d\u2019Andrew Mlangeni, dernier compagnon de lutte de Nelson Mandela\"}]},{\"@type\":\"WebSite\",\"@id\":\"https:\/\/guineediversite.com\/#website\",\"url\":\"https:\/\/guineediversite.com\/\",\"name\":\"Guin\u00e9e Diversit\u00e9\",\"description\":\"L&#039;Info dans toute sa diversit\u00e9\",\"publisher\":{\"@id\":\"https:\/\/guineediversite.com\/#organization\"},\"potentialAction\":[{\"@type\":\"SearchAction\",\"target\":{\"@type\":\"EntryPoint\",\"urlTemplate\":\"https:\/\/guineediversite.com\/?s={search_term_string}\"},\"query-input\":{\"@type\":\"PropertyValueSpecification\",\"valueRequired\":true,\"valueName\":\"search_term_string\"}}],\"inLanguage\":\"fr-FR\"},{\"@type\":\"Organization\",\"@id\":\"https:\/\/guineediversite.com\/#organization\",\"name\":\"Guin\u00e9e Diversit\u00e9\",\"url\":\"https:\/\/guineediversite.com\/\",\"logo\":{\"@type\":\"ImageObject\",\"inLanguage\":\"fr-FR\",\"@id\":\"https:\/\/guineediversite.com\/#\/schema\/logo\/image\/\",\"url\":\"https:\/\/guineediversite.com\/wp-content\/uploads\/2017\/04\/cropped-1jojlxEOMkX9Wyqfhe43D6kjPOGqBBKmx3EwWJqZ0cMrFF54yM49.png\",\"contentUrl\":\"https:\/\/guineediversite.com\/wp-content\/uploads\/2017\/04\/cropped-1jojlxEOMkX9Wyqfhe43D6kjPOGqBBKmx3EwWJqZ0cMrFF54yM49.png\",\"width\":186,\"height\":112,\"caption\":\"Guin\u00e9e Diversit\u00e9\"},\"image\":{\"@id\":\"https:\/\/guineediversite.com\/#\/schema\/logo\/image\/\"},\"sameAs\":[\"https:\/\/www.facebook.com\/guineediversite\/\",\"https:\/\/x.com\/GuineeDiversite\",\"https:\/\/www.youtube.com\/channel\/UC8sUY16qelG5ge6_D5SB83g\"]},{\"@type\":\"Person\",\"@id\":\"https:\/\/guineediversite.com\/#\/schema\/person\/afa08fb34e7fc6e1feafc892612bc836\",\"name\":\"Guin\u00e9e Diversit\u00e9\",\"image\":{\"@type\":\"ImageObject\",\"inLanguage\":\"fr-FR\",\"@id\":\"https:\/\/guineediversite.com\/#\/schema\/person\/image\/\",\"url\":\"https:\/\/secure.gravatar.com\/avatar\/50d5eb5b390f8b65ac30ac6f898eb83a?s=96&d=mm&r=g\",\"contentUrl\":\"https:\/\/secure.gravatar.com\/avatar\/50d5eb5b390f8b65ac30ac6f898eb83a?s=96&d=mm&r=g\",\"caption\":\"Guin\u00e9e Diversit\u00e9\"},\"url\":\"https:\/\/guineediversite.com\/index.php\/author\/guineediversite\/\"}]}<\/script>\n<!-- \/ Yoast SEO plugin. -->","yoast_head_json":{"title":"Afrique du Sud: d\u00e9c\u00e8s d\u2019Andrew Mlangeni, dernier compagnon de lutte de Nelson Mandela | Guin\u00e9e Diversit\u00e9","robots":{"index":"index","follow":"follow","max-snippet":"max-snippet:-1","max-image-preview":"max-image-preview:large","max-video-preview":"max-video-preview:-1"},"canonical":"https:\/\/guineediversite.com\/index.php\/2020\/07\/22\/afrique-du-sud-deces-dandrew-mlangeni-dernier-compagnon-de-lutte-de-nelson-mandela\/","og_locale":"fr_FR","og_type":"article","og_title":"Afrique du Sud: d\u00e9c\u00e8s d\u2019Andrew Mlangeni, dernier compagnon de lutte de Nelson Mandela | Guin\u00e9e Diversit\u00e9","og_description":"L\u2019Afrique du Sud vient de perdre une nouvelle grande figure de la lutte contre l\u2019apartheid. Andrew Mlangeni s\u2019est \u00e9teint la nuit derni\u00e8re. Il venait de f\u00eater ses 95 ans et depuis une semaine, il avait \u00e9t\u00e9 admis dans un h\u00f4pital de Pretoria pour des douleurs abdominales. C\u2019est une page de l&rsquo;histoire du pays qui se [&hellip;]","og_url":"https:\/\/guineediversite.com\/index.php\/2020\/07\/22\/afrique-du-sud-deces-dandrew-mlangeni-dernier-compagnon-de-lutte-de-nelson-mandela\/","og_site_name":"Guin\u00e9e Diversit\u00e9","article_publisher":"https:\/\/www.facebook.com\/guineediversite\/","article_published_time":"2020-07-22T18:02:21+00:00","og_image":[{"width":1500,"height":840,"url":"https:\/\/guineediversite.com\/wp-content\/uploads\/2020\/07\/Andrew-Mlangeni-95-ans-l\u2019ancien-co-accus\u00e9-de-Nelson-Mandela-qui-a-pass\u00e9-26-ann\u00e9es-de-sa-vie-en-prison-durant-lapartheid..jpg","type":"image\/jpeg"}],"author":"Guin\u00e9e Diversit\u00e9","twitter_card":"summary_large_image","twitter_creator":"@GuineeDiversite","twitter_site":"@GuineeDiversite","twitter_misc":{"\u00c9crit par":"Guin\u00e9e Diversit\u00e9","Dur\u00e9e de lecture estim\u00e9e":"2 minutes"},"schema":{"@context":"https:\/\/schema.org","@graph":[{"@type":"Article","@id":"https:\/\/guineediversite.com\/index.php\/2020\/07\/22\/afrique-du-sud-deces-dandrew-mlangeni-dernier-compagnon-de-lutte-de-nelson-mandela\/#article","isPartOf":{"@id":"https:\/\/guineediversite.com\/index.php\/2020\/07\/22\/afrique-du-sud-deces-dandrew-mlangeni-dernier-compagnon-de-lutte-de-nelson-mandela\/"},"author":{"name":"Guin\u00e9e Diversit\u00e9","@id":"https:\/\/guineediversite.com\/#\/schema\/person\/afa08fb34e7fc6e1feafc892612bc836"},"headline":"Afrique du Sud: d\u00e9c\u00e8s d\u2019Andrew Mlangeni, dernier compagnon de lutte de Nelson Mandela","datePublished":"2020-07-22T18:02:21+00:00","dateModified":"2020-07-22T18:02:21+00:00","mainEntityOfPage":{"@id":"https:\/\/guineediversite.com\/index.php\/2020\/07\/22\/afrique-du-sud-deces-dandrew-mlangeni-dernier-compagnon-de-lutte-de-nelson-mandela\/"},"wordCount":462,"publisher":{"@id":"https:\/\/guineediversite.com\/#organization"},"image":{"@id":"https:\/\/guineediversite.com\/index.php\/2020\/07\/22\/afrique-du-sud-deces-dandrew-mlangeni-dernier-compagnon-de-lutte-de-nelson-mandela\/#primaryimage"},"thumbnailUrl":"https:\/\/guineediversite.com\/wp-content\/uploads\/2020\/07\/Andrew-Mlangeni-95-ans-l\u2019ancien-co-accus\u00e9-de-Nelson-Mandela-qui-a-pass\u00e9-26-ann\u00e9es-de-sa-vie-en-prison-durant-lapartheid..jpg","articleSection":["International"],"inLanguage":"fr-FR"},{"@type":"WebPage","@id":"https:\/\/guineediversite.com\/index.php\/2020\/07\/22\/afrique-du-sud-deces-dandrew-mlangeni-dernier-compagnon-de-lutte-de-nelson-mandela\/","url":"https:\/\/guineediversite.com\/index.php\/2020\/07\/22\/afrique-du-sud-deces-dandrew-mlangeni-dernier-compagnon-de-lutte-de-nelson-mandela\/","name":"Afrique du Sud: d\u00e9c\u00e8s d\u2019Andrew Mlangeni, dernier compagnon de lutte de Nelson Mandela | Guin\u00e9e Diversit\u00e9","isPartOf":{"@id":"https:\/\/guineediversite.com\/#website"},"primaryImageOfPage":{"@id":"https:\/\/guineediversite.com\/index.php\/2020\/07\/22\/afrique-du-sud-deces-dandrew-mlangeni-dernier-compagnon-de-lutte-de-nelson-mandela\/#primaryimage"},"image":{"@id":"https:\/\/guineediversite.com\/index.php\/2020\/07\/22\/afrique-du-sud-deces-dandrew-mlangeni-dernier-compagnon-de-lutte-de-nelson-mandela\/#primaryimage"},"thumbnailUrl":"https:\/\/guineediversite.com\/wp-content\/uploads\/2020\/07\/Andrew-Mlangeni-95-ans-l\u2019ancien-co-accus\u00e9-de-Nelson-Mandela-qui-a-pass\u00e9-26-ann\u00e9es-de-sa-vie-en-prison-durant-lapartheid..jpg","datePublished":"2020-07-22T18:02:21+00:00","dateModified":"2020-07-22T18:02:21+00:00","breadcrumb":{"@id":"https:\/\/guineediversite.com\/index.php\/2020\/07\/22\/afrique-du-sud-deces-dandrew-mlangeni-dernier-compagnon-de-lutte-de-nelson-mandela\/#breadcrumb"},"inLanguage":"fr-FR","potentialAction":[{"@type":"ReadAction","target":["https:\/\/guineediversite.com\/index.php\/2020\/07\/22\/afrique-du-sud-deces-dandrew-mlangeni-dernier-compagnon-de-lutte-de-nelson-mandela\/"]}]},{"@type":"ImageObject","inLanguage":"fr-FR","@id":"https:\/\/guineediversite.com\/index.php\/2020\/07\/22\/afrique-du-sud-deces-dandrew-mlangeni-dernier-compagnon-de-lutte-de-nelson-mandela\/#primaryimage","url":"https:\/\/guineediversite.com\/wp-content\/uploads\/2020\/07\/Andrew-Mlangeni-95-ans-l\u2019ancien-co-accus\u00e9-de-Nelson-Mandela-qui-a-pass\u00e9-26-ann\u00e9es-de-sa-vie-en-prison-durant-lapartheid..jpg","contentUrl":"https:\/\/guineediversite.com\/wp-content\/uploads\/2020\/07\/Andrew-Mlangeni-95-ans-l\u2019ancien-co-accus\u00e9-de-Nelson-Mandela-qui-a-pass\u00e9-26-ann\u00e9es-de-sa-vie-en-prison-durant-lapartheid..jpg","width":1500,"height":840},{"@type":"BreadcrumbList","@id":"https:\/\/guineediversite.com\/index.php\/2020\/07\/22\/afrique-du-sud-deces-dandrew-mlangeni-dernier-compagnon-de-lutte-de-nelson-mandela\/#breadcrumb","itemListElement":[{"@type":"ListItem","position":1,"name":"Accueil","item":"https:\/\/guineediversite.com\/"},{"@type":"ListItem","position":2,"name":"Afrique du Sud: d\u00e9c\u00e8s d\u2019Andrew Mlangeni, dernier compagnon de lutte de Nelson Mandela"}]},{"@type":"WebSite","@id":"https:\/\/guineediversite.com\/#website","url":"https:\/\/guineediversite.com\/","name":"Guin\u00e9e Diversit\u00e9","description":"L&#039;Info dans toute sa diversit\u00e9","publisher":{"@id":"https:\/\/guineediversite.com\/#organization"},"potentialAction":[{"@type":"SearchAction","target":{"@type":"EntryPoint","urlTemplate":"https:\/\/guineediversite.com\/?s={search_term_string}"},"query-input":{"@type":"PropertyValueSpecification","valueRequired":true,"valueName":"search_term_string"}}],"inLanguage":"fr-FR"},{"@type":"Organization","@id":"https:\/\/guineediversite.com\/#organization","name":"Guin\u00e9e Diversit\u00e9","url":"https:\/\/guineediversite.com\/","logo":{"@type":"ImageObject","inLanguage":"fr-FR","@id":"https:\/\/guineediversite.com\/#\/schema\/logo\/image\/","url":"https:\/\/guineediversite.com\/wp-content\/uploads\/2017\/04\/cropped-1jojlxEOMkX9Wyqfhe43D6kjPOGqBBKmx3EwWJqZ0cMrFF54yM49.png","contentUrl":"https:\/\/guineediversite.com\/wp-content\/uploads\/2017\/04\/cropped-1jojlxEOMkX9Wyqfhe43D6kjPOGqBBKmx3EwWJqZ0cMrFF54yM49.png","width":186,"height":112,"caption":"Guin\u00e9e Diversit\u00e9"},"image":{"@id":"https:\/\/guineediversite.com\/#\/schema\/logo\/image\/"},"sameAs":["https:\/\/www.facebook.com\/guineediversite\/","https:\/\/x.com\/GuineeDiversite","https:\/\/www.youtube.com\/channel\/UC8sUY16qelG5ge6_D5SB83g"]},{"@type":"Person","@id":"https:\/\/guineediversite.com\/#\/schema\/person\/afa08fb34e7fc6e1feafc892612bc836","name":"Guin\u00e9e Diversit\u00e9","image":{"@type":"ImageObject","inLanguage":"fr-FR","@id":"https:\/\/guineediversite.com\/#\/schema\/person\/image\/","url":"https:\/\/secure.gravatar.com\/avatar\/50d5eb5b390f8b65ac30ac6f898eb83a?s=96&d=mm&r=g","contentUrl":"https:\/\/secure.gravatar.com\/avatar\/50d5eb5b390f8b65ac30ac6f898eb83a?s=96&d=mm&r=g","caption":"Guin\u00e9e Diversit\u00e9"},"url":"https:\/\/guineediversite.com\/index.php\/author\/guineediversite\/"}]}},"_links":{"self":[{"href":"https:\/\/guineediversite.com\/index.php\/wp-json\/wp\/v2\/posts\/30183"}],"collection":[{"href":"https:\/\/guineediversite.com\/index.php\/wp-json\/wp\/v2\/posts"}],"about":[{"href":"https:\/\/guineediversite.com\/index.php\/wp-json\/wp\/v2\/types\/post"}],"author":[{"embeddable":true,"href":"https:\/\/guineediversite.com\/index.php\/wp-json\/wp\/v2\/users\/12"}],"replies":[{"embeddable":true,"href":"https:\/\/guineediversite.com\/index.php\/wp-json\/wp\/v2\/comments?post=30183"}],"version-history":[{"count":1,"href":"https:\/\/guineediversite.com\/index.php\/wp-json\/wp\/v2\/posts\/30183\/revisions"}],"predecessor-version":[{"id":30185,"href":"https:\/\/guineediversite.com\/index.php\/wp-json\/wp\/v2\/posts\/30183\/revisions\/30185"}],"wp:featuredmedia":[{"embeddable":true,"href":"https:\/\/guineediversite.com\/index.php\/wp-json\/wp\/v2\/media\/30184"}],"wp:attachment":[{"href":"https:\/\/guineediversite.com\/index.php\/wp-json\/wp\/v2\/media?parent=30183"}],"wp:term":[{"taxonomy":"category","embeddable":true,"href":"https:\/\/guineediversite.com\/index.php\/wp-json\/wp\/v2\/categories?post=30183"},{"taxonomy":"post_tag","embeddable":true,"href":"https:\/\/guineediversite.com\/index.php\/wp-json\/wp\/v2\/tags?post=30183"}],"curies":[{"name":"wp","href":"https:\/\/api.w.org\/{rel}","templated":true}]}}