{"id":30177,"date":"2020-07-22T19:47:06","date_gmt":"2020-07-22T17:47:06","guid":{"rendered":"https:\/\/guineediversite.com\/?p=30177"},"modified":"2020-07-22T19:47:06","modified_gmt":"2020-07-22T17:47:06","slug":"presidentielle-ivoirienne-les-deputes-rhdp-appellent-alassane-ouattara-a-se-representer","status":"publish","type":"post","link":"https:\/\/guineediversite.com\/index.php\/2020\/07\/22\/presidentielle-ivoirienne-les-deputes-rhdp-appellent-alassane-ouattara-a-se-representer\/","title":{"rendered":"Pr\u00e9sidentielle ivoirienne: les d\u00e9put\u00e9s RHDP appellent Alassane Ouattara \u00e0 se repr\u00e9senter"},"content":{"rendered":"<p>\u00c0 un peu plus de 100 jours de la pr\u00e9sidentielle ivoirienne, la question br\u00fble toutes les l\u00e8vres\u00a0: Alassane Ouattara va-t-il finalement se r\u00e9soudre \u00e0 se pr\u00e9senter\u00a0? Le d\u00e9c\u00e8s de son ancien Premier ministre Amadou Gon Coulibaly, qui \u00e9tait le candidat du pouvoir, a boulevers\u00e9 les plans. Le RHDP r\u00e9unit donc ses \u00e9lus pour se trouver un candidat.<\/p>\n<p>Les d\u00e9put\u00e9s, les s\u00e9nateurs, mais aussi les maires du parti au pouvoir sont r\u00e9unis ce mercredi et ce jeudi. Et il n&rsquo;a pas fallu attendre tr\u00e8s longtemps pour que les d\u00e9put\u00e9s ouvrent le bal et appellent<strong><a href=\"https:\/\/www.rfi.fr\/fr\/afrique\/20200720-cote-ivoire-question-candidature-troisieme-mandat-ouattara-presidentielle\"> le pr\u00e9sident \u00e0 se pr\u00e9senter \u00e0 un troisi\u00e8me mandat<\/a><\/strong>. Cela rejoint en fait la position du directeur ex\u00e9cutif du parti RHDP Adama Bictogo. Les \u00e9lus doivent se prononcer sur la question des parrainages, mais aussi sur la question d\u2019une candidature du pr\u00e9sident Alassane Ouattara.<\/p>\n<p>D\u2019entr\u00e9e de jeu, Adama Bictogo et ses directeurs adjoints ont rendu hommage <strong><a href=\"https:\/\/www.rfi.fr\/fr\/afrique\/20200717-c\u00f4te-divoire-la-ville-korhogo-fait-adieux-\u00e0-amadou-gon-coulibaly\">\u00e0 Amadou Gon Coulibaly, le Premier ministre d\u00e9c\u00e9d\u00e9<\/a><\/strong>, il y a deux semaines, et candidat d\u00e9sign\u00e9 \u00e0 la base comme \u00e9tant dauphin d\u2019Alassane Ouattara. Il a d\u00e9clin\u00e9 l\u2019ordre du jour, \u00e0 savoir le processus des parrainages et puis il s\u2019agit surtout d\u2019accorder les diff\u00e9rents violons et composer un m\u00eame et unique message.\u00a0\u00c0 savoir, un appel au pr\u00e9sident de la R\u00e9publique Alassane Ouattara de se repr\u00e9senter. Les d\u00e9put\u00e9s justifient leur choix par les circonstances exceptionnelles qui sont actuellement en cours.<\/p>\n<p><strong>Henri Konan B\u00e9di\u00e9 candidat<\/strong><\/p>\n<p>Si Alassane Ouattara se lance dans la course pr\u00e9sidentielle cela enverrait un signal fort, lui qui a toujours dit qu&rsquo;il passerait le flambeau \u00e0 la prochaine g\u00e9n\u00e9ration. M\u00eame s\u2019il a aussi plusieurs fois r\u00e9p\u00e9t\u00e9 que la nouvelle Constitution, celle qui a \u00e9t\u00e9 adopt\u00e9e en 2016, lui permettait de briguer un mandat suppl\u00e9mentaire, un troisi\u00e8me mandat.<\/p>\n<p>Il a aussi plusieurs fois r\u00e9p\u00e9t\u00e9 que<strong><a href=\"https:\/\/www.rfi.fr\/fr\/afrique\/20200620-pr\u00e9sidentielle-en-c\u00f4te-d-ivoire-henri-konan-b\u00e9di\u00e9-candidat-\u00e0-investiture-pdci\"> si Henri Konan B\u00e9di\u00e9<\/a><\/strong>, ex-alli\u00e9 de Ouattara, qui est pass\u00e9 dans l\u2019opposition, il y a maintenant deux ans, comptait se pr\u00e9senter pour ces \u00e9lections -ce qui est le cas- lui aussi, irait finalement se pr\u00e9senter. Et pour le RHDP ce n\u2019est pas comme s\u2019il revenait sur sa parole, dans la mesure o\u00f9 il a pris des garanties, en disant\u00a0: si B\u00e9di\u00e9 y va, j\u2019y vais, la Constitution me le permet. Le parti au pouvoir estime donc qu\u2019il ne s\u2019agit pas d\u2019un mensonge du pr\u00e9sident. Il a toujours \u00e9t\u00e9 coh\u00e9rent et il le fait pour le bien du pays, mettent en avant ses soutiens.<\/p>\n<p><strong>RFI<\/strong><\/p>\n","protected":false},"excerpt":{"rendered":"<p>\u00c0 un peu plus de 100 jours de la pr\u00e9sidentielle ivoirienne, la question br\u00fble toutes les l\u00e8vres\u00a0: Alassane Ouattara va-t-il finalement se r\u00e9soudre \u00e0 se pr\u00e9senter\u00a0? Le d\u00e9c\u00e8s de son ancien Premier ministre Amadou Gon Coulibaly, qui \u00e9tait le candidat du pouvoir, a boulevers\u00e9 les plans. Le RHDP r\u00e9unit donc ses \u00e9lus pour se trouver [&hellip;]<\/p>\n","protected":false},"author":12,"featured_media":30178,"comment_status":"closed","ping_status":"open","sticky":false,"template":"","format":"standard","meta":{"_exactmetrics_skip_tracking":false,"_exactmetrics_sitenote_active":false,"_exactmetrics_sitenote_note":"","_exactmetrics_sitenote_category":0,"tdm_status":"","tdm_grid_status":"","footnotes":""},"categories":[21],"tags":[],"class_list":{"0":"post-30177","1":"post","2":"type-post","3":"status-publish","4":"format-standard","5":"has-post-thumbnail","7":"category-international"},"yoast_head":"<!-- This site is optimized with the Yoast SEO plugin v24.2 - https:\/\/yoast.com\/wordpress\/plugins\/seo\/ -->\n<title>Pr\u00e9sidentielle ivoirienne: les d\u00e9put\u00e9s RHDP appellent Alassane Ouattara \u00e0 se repr\u00e9senter | Guin\u00e9e Diversit\u00e9<\/title>\n<meta name=\"robots\" content=\"index, follow, max-snippet:-1, max-image-preview:large, max-video-preview:-1\" \/>\n<link rel=\"canonical\" href=\"https:\/\/guineediversite.com\/index.php\/2020\/07\/22\/presidentielle-ivoirienne-les-deputes-rhdp-appellent-alassane-ouattara-a-se-representer\/\" \/>\n<meta property=\"og:locale\" content=\"fr_FR\" \/>\n<meta property=\"og:type\" content=\"article\" \/>\n<meta property=\"og:title\" content=\"Pr\u00e9sidentielle ivoirienne: les d\u00e9put\u00e9s RHDP appellent Alassane Ouattara \u00e0 se repr\u00e9senter | Guin\u00e9e Diversit\u00e9\" \/>\n<meta property=\"og:description\" content=\"\u00c0 un peu plus de 100 jours de la pr\u00e9sidentielle ivoirienne, la question br\u00fble toutes les l\u00e8vres\u00a0: Alassane Ouattara va-t-il finalement se r\u00e9soudre \u00e0 se pr\u00e9senter\u00a0? Le d\u00e9c\u00e8s de son ancien Premier ministre Amadou Gon Coulibaly, qui \u00e9tait le candidat du pouvoir, a boulevers\u00e9 les plans. Le RHDP r\u00e9unit donc ses \u00e9lus pour se trouver [&hellip;]\" \/>\n<meta property=\"og:url\" content=\"https:\/\/guineediversite.com\/index.php\/2020\/07\/22\/presidentielle-ivoirienne-les-deputes-rhdp-appellent-alassane-ouattara-a-se-representer\/\" \/>\n<meta property=\"og:site_name\" content=\"Guin\u00e9e Diversit\u00e9\" \/>\n<meta property=\"article:publisher\" content=\"https:\/\/www.facebook.com\/guineediversite\/\" \/>\n<meta property=\"article:published_time\" content=\"2020-07-22T17:47:06+00:00\" \/>\n<meta property=\"og:image\" content=\"https:\/\/guineediversite.com\/wp-content\/uploads\/2020\/07\/Le-pr\u00e9sident-ivroirien-Alassane-Ouattara-en-novembre-2019..jpg\" \/>\n\t<meta property=\"og:image:width\" content=\"1500\" \/>\n\t<meta property=\"og:image:height\" content=\"840\" \/>\n\t<meta property=\"og:image:type\" content=\"image\/jpeg\" \/>\n<meta name=\"author\" content=\"Guin\u00e9e Diversit\u00e9\" \/>\n<meta name=\"twitter:card\" content=\"summary_large_image\" \/>\n<meta name=\"twitter:creator\" content=\"@GuineeDiversite\" \/>\n<meta name=\"twitter:site\" content=\"@GuineeDiversite\" \/>\n<meta name=\"twitter:label1\" content=\"\u00c9crit par\" \/>\n\t<meta name=\"twitter:data1\" content=\"Guin\u00e9e Diversit\u00e9\" \/>\n\t<meta name=\"twitter:label2\" content=\"Dur\u00e9e de lecture estim\u00e9e\" \/>\n\t<meta name=\"twitter:data2\" content=\"2 minutes\" \/>\n<script type=\"application\/ld+json\" class=\"yoast-schema-graph\">{\"@context\":\"https:\/\/schema.org\",\"@graph\":[{\"@type\":\"Article\",\"@id\":\"https:\/\/guineediversite.com\/index.php\/2020\/07\/22\/presidentielle-ivoirienne-les-deputes-rhdp-appellent-alassane-ouattara-a-se-representer\/#article\",\"isPartOf\":{\"@id\":\"https:\/\/guineediversite.com\/index.php\/2020\/07\/22\/presidentielle-ivoirienne-les-deputes-rhdp-appellent-alassane-ouattara-a-se-representer\/\"},\"author\":{\"name\":\"Guin\u00e9e Diversit\u00e9\",\"@id\":\"https:\/\/guineediversite.com\/#\/schema\/person\/afa08fb34e7fc6e1feafc892612bc836\"},\"headline\":\"Pr\u00e9sidentielle ivoirienne: les d\u00e9put\u00e9s RHDP appellent Alassane Ouattara \u00e0 se repr\u00e9senter\",\"datePublished\":\"2020-07-22T17:47:06+00:00\",\"dateModified\":\"2020-07-22T17:47:06+00:00\",\"mainEntityOfPage\":{\"@id\":\"https:\/\/guineediversite.com\/index.php\/2020\/07\/22\/presidentielle-ivoirienne-les-deputes-rhdp-appellent-alassane-ouattara-a-se-representer\/\"},\"wordCount\":468,\"publisher\":{\"@id\":\"https:\/\/guineediversite.com\/#organization\"},\"image\":{\"@id\":\"https:\/\/guineediversite.com\/index.php\/2020\/07\/22\/presidentielle-ivoirienne-les-deputes-rhdp-appellent-alassane-ouattara-a-se-representer\/#primaryimage\"},\"thumbnailUrl\":\"https:\/\/guineediversite.com\/wp-content\/uploads\/2020\/07\/Le-pr\u00e9sident-ivroirien-Alassane-Ouattara-en-novembre-2019..jpg\",\"articleSection\":[\"International\"],\"inLanguage\":\"fr-FR\"},{\"@type\":\"WebPage\",\"@id\":\"https:\/\/guineediversite.com\/index.php\/2020\/07\/22\/presidentielle-ivoirienne-les-deputes-rhdp-appellent-alassane-ouattara-a-se-representer\/\",\"url\":\"https:\/\/guineediversite.com\/index.php\/2020\/07\/22\/presidentielle-ivoirienne-les-deputes-rhdp-appellent-alassane-ouattara-a-se-representer\/\",\"name\":\"Pr\u00e9sidentielle ivoirienne: les d\u00e9put\u00e9s RHDP appellent Alassane Ouattara \u00e0 se repr\u00e9senter | Guin\u00e9e Diversit\u00e9\",\"isPartOf\":{\"@id\":\"https:\/\/guineediversite.com\/#website\"},\"primaryImageOfPage\":{\"@id\":\"https:\/\/guineediversite.com\/index.php\/2020\/07\/22\/presidentielle-ivoirienne-les-deputes-rhdp-appellent-alassane-ouattara-a-se-representer\/#primaryimage\"},\"image\":{\"@id\":\"https:\/\/guineediversite.com\/index.php\/2020\/07\/22\/presidentielle-ivoirienne-les-deputes-rhdp-appellent-alassane-ouattara-a-se-representer\/#primaryimage\"},\"thumbnailUrl\":\"https:\/\/guineediversite.com\/wp-content\/uploads\/2020\/07\/Le-pr\u00e9sident-ivroirien-Alassane-Ouattara-en-novembre-2019..jpg\",\"datePublished\":\"2020-07-22T17:47:06+00:00\",\"dateModified\":\"2020-07-22T17:47:06+00:00\",\"breadcrumb\":{\"@id\":\"https:\/\/guineediversite.com\/index.php\/2020\/07\/22\/presidentielle-ivoirienne-les-deputes-rhdp-appellent-alassane-ouattara-a-se-representer\/#breadcrumb\"},\"inLanguage\":\"fr-FR\",\"potentialAction\":[{\"@type\":\"ReadAction\",\"target\":[\"https:\/\/guineediversite.com\/index.php\/2020\/07\/22\/presidentielle-ivoirienne-les-deputes-rhdp-appellent-alassane-ouattara-a-se-representer\/\"]}]},{\"@type\":\"ImageObject\",\"inLanguage\":\"fr-FR\",\"@id\":\"https:\/\/guineediversite.com\/index.php\/2020\/07\/22\/presidentielle-ivoirienne-les-deputes-rhdp-appellent-alassane-ouattara-a-se-representer\/#primaryimage\",\"url\":\"https:\/\/guineediversite.com\/wp-content\/uploads\/2020\/07\/Le-pr\u00e9sident-ivroirien-Alassane-Ouattara-en-novembre-2019..jpg\",\"contentUrl\":\"https:\/\/guineediversite.com\/wp-content\/uploads\/2020\/07\/Le-pr\u00e9sident-ivroirien-Alassane-Ouattara-en-novembre-2019..jpg\",\"width\":1500,\"height\":840},{\"@type\":\"BreadcrumbList\",\"@id\":\"https:\/\/guineediversite.com\/index.php\/2020\/07\/22\/presidentielle-ivoirienne-les-deputes-rhdp-appellent-alassane-ouattara-a-se-representer\/#breadcrumb\",\"itemListElement\":[{\"@type\":\"ListItem\",\"position\":1,\"name\":\"Accueil\",\"item\":\"https:\/\/guineediversite.com\/\"},{\"@type\":\"ListItem\",\"position\":2,\"name\":\"Pr\u00e9sidentielle ivoirienne: les d\u00e9put\u00e9s RHDP appellent Alassane Ouattara \u00e0 se repr\u00e9senter\"}]},{\"@type\":\"WebSite\",\"@id\":\"https:\/\/guineediversite.com\/#website\",\"url\":\"https:\/\/guineediversite.com\/\",\"name\":\"Guin\u00e9e Diversit\u00e9\",\"description\":\"L&#039;Info dans toute sa diversit\u00e9\",\"publisher\":{\"@id\":\"https:\/\/guineediversite.com\/#organization\"},\"potentialAction\":[{\"@type\":\"SearchAction\",\"target\":{\"@type\":\"EntryPoint\",\"urlTemplate\":\"https:\/\/guineediversite.com\/?s={search_term_string}\"},\"query-input\":{\"@type\":\"PropertyValueSpecification\",\"valueRequired\":true,\"valueName\":\"search_term_string\"}}],\"inLanguage\":\"fr-FR\"},{\"@type\":\"Organization\",\"@id\":\"https:\/\/guineediversite.com\/#organization\",\"name\":\"Guin\u00e9e Diversit\u00e9\",\"url\":\"https:\/\/guineediversite.com\/\",\"logo\":{\"@type\":\"ImageObject\",\"inLanguage\":\"fr-FR\",\"@id\":\"https:\/\/guineediversite.com\/#\/schema\/logo\/image\/\",\"url\":\"https:\/\/guineediversite.com\/wp-content\/uploads\/2017\/04\/cropped-1jojlxEOMkX9Wyqfhe43D6kjPOGqBBKmx3EwWJqZ0cMrFF54yM49.png\",\"contentUrl\":\"https:\/\/guineediversite.com\/wp-content\/uploads\/2017\/04\/cropped-1jojlxEOMkX9Wyqfhe43D6kjPOGqBBKmx3EwWJqZ0cMrFF54yM49.png\",\"width\":186,\"height\":112,\"caption\":\"Guin\u00e9e Diversit\u00e9\"},\"image\":{\"@id\":\"https:\/\/guineediversite.com\/#\/schema\/logo\/image\/\"},\"sameAs\":[\"https:\/\/www.facebook.com\/guineediversite\/\",\"https:\/\/x.com\/GuineeDiversite\",\"https:\/\/www.youtube.com\/channel\/UC8sUY16qelG5ge6_D5SB83g\"]},{\"@type\":\"Person\",\"@id\":\"https:\/\/guineediversite.com\/#\/schema\/person\/afa08fb34e7fc6e1feafc892612bc836\",\"name\":\"Guin\u00e9e Diversit\u00e9\",\"image\":{\"@type\":\"ImageObject\",\"inLanguage\":\"fr-FR\",\"@id\":\"https:\/\/guineediversite.com\/#\/schema\/person\/image\/\",\"url\":\"https:\/\/secure.gravatar.com\/avatar\/50d5eb5b390f8b65ac30ac6f898eb83a?s=96&d=mm&r=g\",\"contentUrl\":\"https:\/\/secure.gravatar.com\/avatar\/50d5eb5b390f8b65ac30ac6f898eb83a?s=96&d=mm&r=g\",\"caption\":\"Guin\u00e9e Diversit\u00e9\"},\"url\":\"https:\/\/guineediversite.com\/index.php\/author\/guineediversite\/\"}]}<\/script>\n<!-- \/ Yoast SEO plugin. -->","yoast_head_json":{"title":"Pr\u00e9sidentielle ivoirienne: les d\u00e9put\u00e9s RHDP appellent Alassane Ouattara \u00e0 se repr\u00e9senter | Guin\u00e9e Diversit\u00e9","robots":{"index":"index","follow":"follow","max-snippet":"max-snippet:-1","max-image-preview":"max-image-preview:large","max-video-preview":"max-video-preview:-1"},"canonical":"https:\/\/guineediversite.com\/index.php\/2020\/07\/22\/presidentielle-ivoirienne-les-deputes-rhdp-appellent-alassane-ouattara-a-se-representer\/","og_locale":"fr_FR","og_type":"article","og_title":"Pr\u00e9sidentielle ivoirienne: les d\u00e9put\u00e9s RHDP appellent Alassane Ouattara \u00e0 se repr\u00e9senter | Guin\u00e9e Diversit\u00e9","og_description":"\u00c0 un peu plus de 100 jours de la pr\u00e9sidentielle ivoirienne, la question br\u00fble toutes les l\u00e8vres\u00a0: Alassane Ouattara va-t-il finalement se r\u00e9soudre \u00e0 se pr\u00e9senter\u00a0? Le d\u00e9c\u00e8s de son ancien Premier ministre Amadou Gon Coulibaly, qui \u00e9tait le candidat du pouvoir, a boulevers\u00e9 les plans. Le RHDP r\u00e9unit donc ses \u00e9lus pour se trouver [&hellip;]","og_url":"https:\/\/guineediversite.com\/index.php\/2020\/07\/22\/presidentielle-ivoirienne-les-deputes-rhdp-appellent-alassane-ouattara-a-se-representer\/","og_site_name":"Guin\u00e9e Diversit\u00e9","article_publisher":"https:\/\/www.facebook.com\/guineediversite\/","article_published_time":"2020-07-22T17:47:06+00:00","og_image":[{"width":1500,"height":840,"url":"https:\/\/guineediversite.com\/wp-content\/uploads\/2020\/07\/Le-pr\u00e9sident-ivroirien-Alassane-Ouattara-en-novembre-2019..jpg","type":"image\/jpeg"}],"author":"Guin\u00e9e Diversit\u00e9","twitter_card":"summary_large_image","twitter_creator":"@GuineeDiversite","twitter_site":"@GuineeDiversite","twitter_misc":{"\u00c9crit par":"Guin\u00e9e Diversit\u00e9","Dur\u00e9e de lecture estim\u00e9e":"2 minutes"},"schema":{"@context":"https:\/\/schema.org","@graph":[{"@type":"Article","@id":"https:\/\/guineediversite.com\/index.php\/2020\/07\/22\/presidentielle-ivoirienne-les-deputes-rhdp-appellent-alassane-ouattara-a-se-representer\/#article","isPartOf":{"@id":"https:\/\/guineediversite.com\/index.php\/2020\/07\/22\/presidentielle-ivoirienne-les-deputes-rhdp-appellent-alassane-ouattara-a-se-representer\/"},"author":{"name":"Guin\u00e9e Diversit\u00e9","@id":"https:\/\/guineediversite.com\/#\/schema\/person\/afa08fb34e7fc6e1feafc892612bc836"},"headline":"Pr\u00e9sidentielle ivoirienne: les d\u00e9put\u00e9s RHDP appellent Alassane Ouattara \u00e0 se repr\u00e9senter","datePublished":"2020-07-22T17:47:06+00:00","dateModified":"2020-07-22T17:47:06+00:00","mainEntityOfPage":{"@id":"https:\/\/guineediversite.com\/index.php\/2020\/07\/22\/presidentielle-ivoirienne-les-deputes-rhdp-appellent-alassane-ouattara-a-se-representer\/"},"wordCount":468,"publisher":{"@id":"https:\/\/guineediversite.com\/#organization"},"image":{"@id":"https:\/\/guineediversite.com\/index.php\/2020\/07\/22\/presidentielle-ivoirienne-les-deputes-rhdp-appellent-alassane-ouattara-a-se-representer\/#primaryimage"},"thumbnailUrl":"https:\/\/guineediversite.com\/wp-content\/uploads\/2020\/07\/Le-pr\u00e9sident-ivroirien-Alassane-Ouattara-en-novembre-2019..jpg","articleSection":["International"],"inLanguage":"fr-FR"},{"@type":"WebPage","@id":"https:\/\/guineediversite.com\/index.php\/2020\/07\/22\/presidentielle-ivoirienne-les-deputes-rhdp-appellent-alassane-ouattara-a-se-representer\/","url":"https:\/\/guineediversite.com\/index.php\/2020\/07\/22\/presidentielle-ivoirienne-les-deputes-rhdp-appellent-alassane-ouattara-a-se-representer\/","name":"Pr\u00e9sidentielle ivoirienne: les d\u00e9put\u00e9s RHDP appellent Alassane Ouattara \u00e0 se repr\u00e9senter | Guin\u00e9e Diversit\u00e9","isPartOf":{"@id":"https:\/\/guineediversite.com\/#website"},"primaryImageOfPage":{"@id":"https:\/\/guineediversite.com\/index.php\/2020\/07\/22\/presidentielle-ivoirienne-les-deputes-rhdp-appellent-alassane-ouattara-a-se-representer\/#primaryimage"},"image":{"@id":"https:\/\/guineediversite.com\/index.php\/2020\/07\/22\/presidentielle-ivoirienne-les-deputes-rhdp-appellent-alassane-ouattara-a-se-representer\/#primaryimage"},"thumbnailUrl":"https:\/\/guineediversite.com\/wp-content\/uploads\/2020\/07\/Le-pr\u00e9sident-ivroirien-Alassane-Ouattara-en-novembre-2019..jpg","datePublished":"2020-07-22T17:47:06+00:00","dateModified":"2020-07-22T17:47:06+00:00","breadcrumb":{"@id":"https:\/\/guineediversite.com\/index.php\/2020\/07\/22\/presidentielle-ivoirienne-les-deputes-rhdp-appellent-alassane-ouattara-a-se-representer\/#breadcrumb"},"inLanguage":"fr-FR","potentialAction":[{"@type":"ReadAction","target":["https:\/\/guineediversite.com\/index.php\/2020\/07\/22\/presidentielle-ivoirienne-les-deputes-rhdp-appellent-alassane-ouattara-a-se-representer\/"]}]},{"@type":"ImageObject","inLanguage":"fr-FR","@id":"https:\/\/guineediversite.com\/index.php\/2020\/07\/22\/presidentielle-ivoirienne-les-deputes-rhdp-appellent-alassane-ouattara-a-se-representer\/#primaryimage","url":"https:\/\/guineediversite.com\/wp-content\/uploads\/2020\/07\/Le-pr\u00e9sident-ivroirien-Alassane-Ouattara-en-novembre-2019..jpg","contentUrl":"https:\/\/guineediversite.com\/wp-content\/uploads\/2020\/07\/Le-pr\u00e9sident-ivroirien-Alassane-Ouattara-en-novembre-2019..jpg","width":1500,"height":840},{"@type":"BreadcrumbList","@id":"https:\/\/guineediversite.com\/index.php\/2020\/07\/22\/presidentielle-ivoirienne-les-deputes-rhdp-appellent-alassane-ouattara-a-se-representer\/#breadcrumb","itemListElement":[{"@type":"ListItem","position":1,"name":"Accueil","item":"https:\/\/guineediversite.com\/"},{"@type":"ListItem","position":2,"name":"Pr\u00e9sidentielle ivoirienne: les d\u00e9put\u00e9s RHDP appellent Alassane Ouattara \u00e0 se repr\u00e9senter"}]},{"@type":"WebSite","@id":"https:\/\/guineediversite.com\/#website","url":"https:\/\/guineediversite.com\/","name":"Guin\u00e9e Diversit\u00e9","description":"L&#039;Info dans toute sa diversit\u00e9","publisher":{"@id":"https:\/\/guineediversite.com\/#organization"},"potentialAction":[{"@type":"SearchAction","target":{"@type":"EntryPoint","urlTemplate":"https:\/\/guineediversite.com\/?s={search_term_string}"},"query-input":{"@type":"PropertyValueSpecification","valueRequired":true,"valueName":"search_term_string"}}],"inLanguage":"fr-FR"},{"@type":"Organization","@id":"https:\/\/guineediversite.com\/#organization","name":"Guin\u00e9e Diversit\u00e9","url":"https:\/\/guineediversite.com\/","logo":{"@type":"ImageObject","inLanguage":"fr-FR","@id":"https:\/\/guineediversite.com\/#\/schema\/logo\/image\/","url":"https:\/\/guineediversite.com\/wp-content\/uploads\/2017\/04\/cropped-1jojlxEOMkX9Wyqfhe43D6kjPOGqBBKmx3EwWJqZ0cMrFF54yM49.png","contentUrl":"https:\/\/guineediversite.com\/wp-content\/uploads\/2017\/04\/cropped-1jojlxEOMkX9Wyqfhe43D6kjPOGqBBKmx3EwWJqZ0cMrFF54yM49.png","width":186,"height":112,"caption":"Guin\u00e9e Diversit\u00e9"},"image":{"@id":"https:\/\/guineediversite.com\/#\/schema\/logo\/image\/"},"sameAs":["https:\/\/www.facebook.com\/guineediversite\/","https:\/\/x.com\/GuineeDiversite","https:\/\/www.youtube.com\/channel\/UC8sUY16qelG5ge6_D5SB83g"]},{"@type":"Person","@id":"https:\/\/guineediversite.com\/#\/schema\/person\/afa08fb34e7fc6e1feafc892612bc836","name":"Guin\u00e9e Diversit\u00e9","image":{"@type":"ImageObject","inLanguage":"fr-FR","@id":"https:\/\/guineediversite.com\/#\/schema\/person\/image\/","url":"https:\/\/secure.gravatar.com\/avatar\/50d5eb5b390f8b65ac30ac6f898eb83a?s=96&d=mm&r=g","contentUrl":"https:\/\/secure.gravatar.com\/avatar\/50d5eb5b390f8b65ac30ac6f898eb83a?s=96&d=mm&r=g","caption":"Guin\u00e9e Diversit\u00e9"},"url":"https:\/\/guineediversite.com\/index.php\/author\/guineediversite\/"}]}},"_links":{"self":[{"href":"https:\/\/guineediversite.com\/index.php\/wp-json\/wp\/v2\/posts\/30177"}],"collection":[{"href":"https:\/\/guineediversite.com\/index.php\/wp-json\/wp\/v2\/posts"}],"about":[{"href":"https:\/\/guineediversite.com\/index.php\/wp-json\/wp\/v2\/types\/post"}],"author":[{"embeddable":true,"href":"https:\/\/guineediversite.com\/index.php\/wp-json\/wp\/v2\/users\/12"}],"replies":[{"embeddable":true,"href":"https:\/\/guineediversite.com\/index.php\/wp-json\/wp\/v2\/comments?post=30177"}],"version-history":[{"count":1,"href":"https:\/\/guineediversite.com\/index.php\/wp-json\/wp\/v2\/posts\/30177\/revisions"}],"predecessor-version":[{"id":30179,"href":"https:\/\/guineediversite.com\/index.php\/wp-json\/wp\/v2\/posts\/30177\/revisions\/30179"}],"wp:featuredmedia":[{"embeddable":true,"href":"https:\/\/guineediversite.com\/index.php\/wp-json\/wp\/v2\/media\/30178"}],"wp:attachment":[{"href":"https:\/\/guineediversite.com\/index.php\/wp-json\/wp\/v2\/media?parent=30177"}],"wp:term":[{"taxonomy":"category","embeddable":true,"href":"https:\/\/guineediversite.com\/index.php\/wp-json\/wp\/v2\/categories?post=30177"},{"taxonomy":"post_tag","embeddable":true,"href":"https:\/\/guineediversite.com\/index.php\/wp-json\/wp\/v2\/tags?post=30177"}],"curies":[{"name":"wp","href":"https:\/\/api.w.org\/{rel}","templated":true}]}}