{"id":30172,"date":"2020-07-21T13:58:12","date_gmt":"2020-07-21T11:58:12","guid":{"rendered":"https:\/\/guineediversite.com\/?p=30172"},"modified":"2020-07-21T13:58:12","modified_gmt":"2020-07-21T11:58:12","slug":"ibrahima-diallo-le-pouvoir-dalpha-conde-repose-sur-la-banque-centrale-et","status":"publish","type":"post","link":"https:\/\/guineediversite.com\/index.php\/2020\/07\/21\/ibrahima-diallo-le-pouvoir-dalpha-conde-repose-sur-la-banque-centrale-et\/","title":{"rendered":"Ibrahima Diallo \u00ab le pouvoir d\u2019Alpha Cond\u00e9 repose sur la banque centrale et (\u2026)\u00bb"},"content":{"rendered":"<p>Apr\u00e8s une journ\u00e9e moins agit\u00e9e par la manifestation du Front national pour la d\u00e9fense de la Constitution (FNDC) de 2010, une manifestation ax\u00e9e sur le d\u00e9part du pr\u00e9sident Alpha Cond\u00e9 au pouvoir ce lundi \u00e0 Conakry. Le FNDC a \u00e9t\u00e9 emp\u00each\u00e9 par les autorit\u00e9s d\u2019envahir les rues de la Capitale, mais malgr\u00e9 cela quelques quartiers ont enregistr\u00e9 des \u00e9meutes entre citoyens et forces de l\u2019ordre. Au lendemain de cette journ\u00e9e du 20 juillet, Ibrahima Diallo le charg\u00e9 des op\u00e9rations au sein du FNDC, s\u2019est exprim\u00e9 sur les ondes du groupe Hadafo m\u00e9dias sur le quoi r\u00e8gne le pouvoir Cond\u00e9.<\/p>\n<p>\u00ab <em>Le pouvoir de M. Alpha Cond\u00e9 ne tient qu\u2019\u00e0 deux choses aujourd\u2019hui : c\u2019est la banque centrale, parce qu\u2019il y\u2019a des milliards pour acheter la conscience des citoyens, et parfois, des cadres qui n\u2019ont plus de moralit\u00e9 et de dignit\u00e9 pour leur proposer \u00e0 des postes de responsabilit\u00e9 en vue de soutenir le troisi\u00e8me mandat. La deuxi\u00e8me chose, c\u2019est les forces de d\u00e9fense et de s\u00e9curit\u00e9 o\u00f9 une bonne partie est \u00e9quip\u00e9e, arm\u00e9e pour r\u00e9primer la manifestation <\/em>\u00bb, explique t-il.<\/p>\n<p>Selon Ibrahima Diallo, cette journ\u00e9e du 20 juillet n\u2019est que le commencement des s\u00e9ries de manifestations pour exiger le d\u00e9part du pr\u00e9sident Alpha Cond\u00e9 \u00e0 la t\u00eate de la nation guin\u00e9enne.<\/p>\n","protected":false},"excerpt":{"rendered":"<p>Apr\u00e8s une journ\u00e9e moins agit\u00e9e par la manifestation du Front national pour la d\u00e9fense de la Constitution (FNDC) de 2010, une manifestation ax\u00e9e sur le d\u00e9part du pr\u00e9sident Alpha Cond\u00e9 au pouvoir ce lundi \u00e0 Conakry. Le FNDC a \u00e9t\u00e9 emp\u00each\u00e9 par les autorit\u00e9s d\u2019envahir les rues de la Capitale, mais malgr\u00e9 cela quelques quartiers [&hellip;]<\/p>\n","protected":false},"author":10,"featured_media":30173,"comment_status":"closed","ping_status":"open","sticky":false,"template":"","format":"standard","meta":{"_exactmetrics_skip_tracking":false,"_exactmetrics_sitenote_active":false,"_exactmetrics_sitenote_note":"","_exactmetrics_sitenote_category":0,"tdm_status":"","tdm_grid_status":"","footnotes":""},"categories":[14],"tags":[],"class_list":{"0":"post-30172","1":"post","2":"type-post","3":"status-publish","4":"format-standard","5":"has-post-thumbnail","7":"category-politique"},"yoast_head":"<!-- This site is optimized with the Yoast SEO plugin v24.2 - https:\/\/yoast.com\/wordpress\/plugins\/seo\/ -->\n<title>Ibrahima Diallo \u00ab le pouvoir d\u2019Alpha Cond\u00e9 repose sur la banque centrale et (\u2026)\u00bb | Guin\u00e9e Diversit\u00e9<\/title>\n<meta name=\"robots\" content=\"index, follow, max-snippet:-1, max-image-preview:large, max-video-preview:-1\" \/>\n<link rel=\"canonical\" href=\"https:\/\/guineediversite.com\/index.php\/2020\/07\/21\/ibrahima-diallo-le-pouvoir-dalpha-conde-repose-sur-la-banque-centrale-et\/\" \/>\n<meta property=\"og:locale\" content=\"fr_FR\" \/>\n<meta property=\"og:type\" content=\"article\" \/>\n<meta property=\"og:title\" content=\"Ibrahima Diallo \u00ab le pouvoir d\u2019Alpha Cond\u00e9 repose sur la banque centrale et (\u2026)\u00bb | Guin\u00e9e Diversit\u00e9\" \/>\n<meta property=\"og:description\" content=\"Apr\u00e8s une journ\u00e9e moins agit\u00e9e par la manifestation du Front national pour la d\u00e9fense de la Constitution (FNDC) de 2010, une manifestation ax\u00e9e sur le d\u00e9part du pr\u00e9sident Alpha Cond\u00e9 au pouvoir ce lundi \u00e0 Conakry. Le FNDC a \u00e9t\u00e9 emp\u00each\u00e9 par les autorit\u00e9s d\u2019envahir les rues de la Capitale, mais malgr\u00e9 cela quelques quartiers [&hellip;]\" \/>\n<meta property=\"og:url\" content=\"https:\/\/guineediversite.com\/index.php\/2020\/07\/21\/ibrahima-diallo-le-pouvoir-dalpha-conde-repose-sur-la-banque-centrale-et\/\" \/>\n<meta property=\"og:site_name\" content=\"Guin\u00e9e Diversit\u00e9\" \/>\n<meta property=\"article:publisher\" content=\"https:\/\/www.facebook.com\/guineediversite\/\" \/>\n<meta property=\"article:published_time\" content=\"2020-07-21T11:58:12+00:00\" \/>\n<meta property=\"og:image\" content=\"https:\/\/guineediversite.com\/wp-content\/uploads\/2020\/07\/Ibrahim-Diallo-FNDC.jpg\" \/>\n\t<meta property=\"og:image:width\" content=\"1500\" \/>\n\t<meta property=\"og:image:height\" content=\"1180\" \/>\n\t<meta property=\"og:image:type\" content=\"image\/jpeg\" \/>\n<meta name=\"author\" content=\"Morcire Camara\" \/>\n<meta name=\"twitter:card\" content=\"summary_large_image\" \/>\n<meta name=\"twitter:creator\" content=\"@GuineeDiversite\" \/>\n<meta name=\"twitter:site\" content=\"@GuineeDiversite\" \/>\n<meta name=\"twitter:label1\" content=\"\u00c9crit par\" \/>\n\t<meta name=\"twitter:data1\" content=\"Morcire Camara\" \/>\n\t<meta name=\"twitter:label2\" content=\"Dur\u00e9e de lecture estim\u00e9e\" \/>\n\t<meta name=\"twitter:data2\" content=\"1 minute\" \/>\n<script type=\"application\/ld+json\" class=\"yoast-schema-graph\">{\"@context\":\"https:\/\/schema.org\",\"@graph\":[{\"@type\":\"Article\",\"@id\":\"https:\/\/guineediversite.com\/index.php\/2020\/07\/21\/ibrahima-diallo-le-pouvoir-dalpha-conde-repose-sur-la-banque-centrale-et\/#article\",\"isPartOf\":{\"@id\":\"https:\/\/guineediversite.com\/index.php\/2020\/07\/21\/ibrahima-diallo-le-pouvoir-dalpha-conde-repose-sur-la-banque-centrale-et\/\"},\"author\":{\"name\":\"Morcire Camara\",\"@id\":\"https:\/\/guineediversite.com\/#\/schema\/person\/fa362494c47202ce4b3adf55abcc9d01\"},\"headline\":\"Ibrahima Diallo \u00ab le pouvoir d\u2019Alpha Cond\u00e9 repose sur la banque centrale et (\u2026)\u00bb\",\"datePublished\":\"2020-07-21T11:58:12+00:00\",\"dateModified\":\"2020-07-21T11:58:12+00:00\",\"mainEntityOfPage\":{\"@id\":\"https:\/\/guineediversite.com\/index.php\/2020\/07\/21\/ibrahima-diallo-le-pouvoir-dalpha-conde-repose-sur-la-banque-centrale-et\/\"},\"wordCount\":251,\"publisher\":{\"@id\":\"https:\/\/guineediversite.com\/#organization\"},\"image\":{\"@id\":\"https:\/\/guineediversite.com\/index.php\/2020\/07\/21\/ibrahima-diallo-le-pouvoir-dalpha-conde-repose-sur-la-banque-centrale-et\/#primaryimage\"},\"thumbnailUrl\":\"https:\/\/guineediversite.com\/wp-content\/uploads\/2020\/07\/Ibrahim-Diallo-FNDC.jpg\",\"articleSection\":[\"Politique\"],\"inLanguage\":\"fr-FR\"},{\"@type\":\"WebPage\",\"@id\":\"https:\/\/guineediversite.com\/index.php\/2020\/07\/21\/ibrahima-diallo-le-pouvoir-dalpha-conde-repose-sur-la-banque-centrale-et\/\",\"url\":\"https:\/\/guineediversite.com\/index.php\/2020\/07\/21\/ibrahima-diallo-le-pouvoir-dalpha-conde-repose-sur-la-banque-centrale-et\/\",\"name\":\"Ibrahima Diallo \u00ab le pouvoir d\u2019Alpha Cond\u00e9 repose sur la banque centrale et (\u2026)\u00bb | Guin\u00e9e Diversit\u00e9\",\"isPartOf\":{\"@id\":\"https:\/\/guineediversite.com\/#website\"},\"primaryImageOfPage\":{\"@id\":\"https:\/\/guineediversite.com\/index.php\/2020\/07\/21\/ibrahima-diallo-le-pouvoir-dalpha-conde-repose-sur-la-banque-centrale-et\/#primaryimage\"},\"image\":{\"@id\":\"https:\/\/guineediversite.com\/index.php\/2020\/07\/21\/ibrahima-diallo-le-pouvoir-dalpha-conde-repose-sur-la-banque-centrale-et\/#primaryimage\"},\"thumbnailUrl\":\"https:\/\/guineediversite.com\/wp-content\/uploads\/2020\/07\/Ibrahim-Diallo-FNDC.jpg\",\"datePublished\":\"2020-07-21T11:58:12+00:00\",\"dateModified\":\"2020-07-21T11:58:12+00:00\",\"breadcrumb\":{\"@id\":\"https:\/\/guineediversite.com\/index.php\/2020\/07\/21\/ibrahima-diallo-le-pouvoir-dalpha-conde-repose-sur-la-banque-centrale-et\/#breadcrumb\"},\"inLanguage\":\"fr-FR\",\"potentialAction\":[{\"@type\":\"ReadAction\",\"target\":[\"https:\/\/guineediversite.com\/index.php\/2020\/07\/21\/ibrahima-diallo-le-pouvoir-dalpha-conde-repose-sur-la-banque-centrale-et\/\"]}]},{\"@type\":\"ImageObject\",\"inLanguage\":\"fr-FR\",\"@id\":\"https:\/\/guineediversite.com\/index.php\/2020\/07\/21\/ibrahima-diallo-le-pouvoir-dalpha-conde-repose-sur-la-banque-centrale-et\/#primaryimage\",\"url\":\"https:\/\/guineediversite.com\/wp-content\/uploads\/2020\/07\/Ibrahim-Diallo-FNDC.jpg\",\"contentUrl\":\"https:\/\/guineediversite.com\/wp-content\/uploads\/2020\/07\/Ibrahim-Diallo-FNDC.jpg\",\"width\":1500,\"height\":1180},{\"@type\":\"BreadcrumbList\",\"@id\":\"https:\/\/guineediversite.com\/index.php\/2020\/07\/21\/ibrahima-diallo-le-pouvoir-dalpha-conde-repose-sur-la-banque-centrale-et\/#breadcrumb\",\"itemListElement\":[{\"@type\":\"ListItem\",\"position\":1,\"name\":\"Accueil\",\"item\":\"https:\/\/guineediversite.com\/\"},{\"@type\":\"ListItem\",\"position\":2,\"name\":\"Ibrahima Diallo \u00ab le pouvoir d\u2019Alpha Cond\u00e9 repose sur la banque centrale et (\u2026)\u00bb\"}]},{\"@type\":\"WebSite\",\"@id\":\"https:\/\/guineediversite.com\/#website\",\"url\":\"https:\/\/guineediversite.com\/\",\"name\":\"Guin\u00e9e Diversit\u00e9\",\"description\":\"L&#039;Info dans toute sa diversit\u00e9\",\"publisher\":{\"@id\":\"https:\/\/guineediversite.com\/#organization\"},\"potentialAction\":[{\"@type\":\"SearchAction\",\"target\":{\"@type\":\"EntryPoint\",\"urlTemplate\":\"https:\/\/guineediversite.com\/?s={search_term_string}\"},\"query-input\":{\"@type\":\"PropertyValueSpecification\",\"valueRequired\":true,\"valueName\":\"search_term_string\"}}],\"inLanguage\":\"fr-FR\"},{\"@type\":\"Organization\",\"@id\":\"https:\/\/guineediversite.com\/#organization\",\"name\":\"Guin\u00e9e Diversit\u00e9\",\"url\":\"https:\/\/guineediversite.com\/\",\"logo\":{\"@type\":\"ImageObject\",\"inLanguage\":\"fr-FR\",\"@id\":\"https:\/\/guineediversite.com\/#\/schema\/logo\/image\/\",\"url\":\"https:\/\/guineediversite.com\/wp-content\/uploads\/2017\/04\/cropped-1jojlxEOMkX9Wyqfhe43D6kjPOGqBBKmx3EwWJqZ0cMrFF54yM49.png\",\"contentUrl\":\"https:\/\/guineediversite.com\/wp-content\/uploads\/2017\/04\/cropped-1jojlxEOMkX9Wyqfhe43D6kjPOGqBBKmx3EwWJqZ0cMrFF54yM49.png\",\"width\":186,\"height\":112,\"caption\":\"Guin\u00e9e Diversit\u00e9\"},\"image\":{\"@id\":\"https:\/\/guineediversite.com\/#\/schema\/logo\/image\/\"},\"sameAs\":[\"https:\/\/www.facebook.com\/guineediversite\/\",\"https:\/\/x.com\/GuineeDiversite\",\"https:\/\/www.youtube.com\/channel\/UC8sUY16qelG5ge6_D5SB83g\"]},{\"@type\":\"Person\",\"@id\":\"https:\/\/guineediversite.com\/#\/schema\/person\/fa362494c47202ce4b3adf55abcc9d01\",\"name\":\"Morcire Camara\",\"image\":{\"@type\":\"ImageObject\",\"inLanguage\":\"fr-FR\",\"@id\":\"https:\/\/guineediversite.com\/#\/schema\/person\/image\/\",\"url\":\"https:\/\/secure.gravatar.com\/avatar\/3ec324f02295bbcebe03d99b39330ab4?s=96&d=mm&r=g\",\"contentUrl\":\"https:\/\/secure.gravatar.com\/avatar\/3ec324f02295bbcebe03d99b39330ab4?s=96&d=mm&r=g\",\"caption\":\"Morcire Camara\"},\"url\":\"https:\/\/guineediversite.com\/index.php\/author\/morcire\/\"}]}<\/script>\n<!-- \/ Yoast SEO plugin. -->","yoast_head_json":{"title":"Ibrahima Diallo \u00ab le pouvoir d\u2019Alpha Cond\u00e9 repose sur la banque centrale et (\u2026)\u00bb | Guin\u00e9e Diversit\u00e9","robots":{"index":"index","follow":"follow","max-snippet":"max-snippet:-1","max-image-preview":"max-image-preview:large","max-video-preview":"max-video-preview:-1"},"canonical":"https:\/\/guineediversite.com\/index.php\/2020\/07\/21\/ibrahima-diallo-le-pouvoir-dalpha-conde-repose-sur-la-banque-centrale-et\/","og_locale":"fr_FR","og_type":"article","og_title":"Ibrahima Diallo \u00ab le pouvoir d\u2019Alpha Cond\u00e9 repose sur la banque centrale et (\u2026)\u00bb | Guin\u00e9e Diversit\u00e9","og_description":"Apr\u00e8s une journ\u00e9e moins agit\u00e9e par la manifestation du Front national pour la d\u00e9fense de la Constitution (FNDC) de 2010, une manifestation ax\u00e9e sur le d\u00e9part du pr\u00e9sident Alpha Cond\u00e9 au pouvoir ce lundi \u00e0 Conakry. Le FNDC a \u00e9t\u00e9 emp\u00each\u00e9 par les autorit\u00e9s d\u2019envahir les rues de la Capitale, mais malgr\u00e9 cela quelques quartiers [&hellip;]","og_url":"https:\/\/guineediversite.com\/index.php\/2020\/07\/21\/ibrahima-diallo-le-pouvoir-dalpha-conde-repose-sur-la-banque-centrale-et\/","og_site_name":"Guin\u00e9e Diversit\u00e9","article_publisher":"https:\/\/www.facebook.com\/guineediversite\/","article_published_time":"2020-07-21T11:58:12+00:00","og_image":[{"width":1500,"height":1180,"url":"https:\/\/guineediversite.com\/wp-content\/uploads\/2020\/07\/Ibrahim-Diallo-FNDC.jpg","type":"image\/jpeg"}],"author":"Morcire Camara","twitter_card":"summary_large_image","twitter_creator":"@GuineeDiversite","twitter_site":"@GuineeDiversite","twitter_misc":{"\u00c9crit par":"Morcire Camara","Dur\u00e9e de lecture estim\u00e9e":"1 minute"},"schema":{"@context":"https:\/\/schema.org","@graph":[{"@type":"Article","@id":"https:\/\/guineediversite.com\/index.php\/2020\/07\/21\/ibrahima-diallo-le-pouvoir-dalpha-conde-repose-sur-la-banque-centrale-et\/#article","isPartOf":{"@id":"https:\/\/guineediversite.com\/index.php\/2020\/07\/21\/ibrahima-diallo-le-pouvoir-dalpha-conde-repose-sur-la-banque-centrale-et\/"},"author":{"name":"Morcire Camara","@id":"https:\/\/guineediversite.com\/#\/schema\/person\/fa362494c47202ce4b3adf55abcc9d01"},"headline":"Ibrahima Diallo \u00ab le pouvoir d\u2019Alpha Cond\u00e9 repose sur la banque centrale et (\u2026)\u00bb","datePublished":"2020-07-21T11:58:12+00:00","dateModified":"2020-07-21T11:58:12+00:00","mainEntityOfPage":{"@id":"https:\/\/guineediversite.com\/index.php\/2020\/07\/21\/ibrahima-diallo-le-pouvoir-dalpha-conde-repose-sur-la-banque-centrale-et\/"},"wordCount":251,"publisher":{"@id":"https:\/\/guineediversite.com\/#organization"},"image":{"@id":"https:\/\/guineediversite.com\/index.php\/2020\/07\/21\/ibrahima-diallo-le-pouvoir-dalpha-conde-repose-sur-la-banque-centrale-et\/#primaryimage"},"thumbnailUrl":"https:\/\/guineediversite.com\/wp-content\/uploads\/2020\/07\/Ibrahim-Diallo-FNDC.jpg","articleSection":["Politique"],"inLanguage":"fr-FR"},{"@type":"WebPage","@id":"https:\/\/guineediversite.com\/index.php\/2020\/07\/21\/ibrahima-diallo-le-pouvoir-dalpha-conde-repose-sur-la-banque-centrale-et\/","url":"https:\/\/guineediversite.com\/index.php\/2020\/07\/21\/ibrahima-diallo-le-pouvoir-dalpha-conde-repose-sur-la-banque-centrale-et\/","name":"Ibrahima Diallo \u00ab le pouvoir d\u2019Alpha Cond\u00e9 repose sur la banque centrale et (\u2026)\u00bb | Guin\u00e9e Diversit\u00e9","isPartOf":{"@id":"https:\/\/guineediversite.com\/#website"},"primaryImageOfPage":{"@id":"https:\/\/guineediversite.com\/index.php\/2020\/07\/21\/ibrahima-diallo-le-pouvoir-dalpha-conde-repose-sur-la-banque-centrale-et\/#primaryimage"},"image":{"@id":"https:\/\/guineediversite.com\/index.php\/2020\/07\/21\/ibrahima-diallo-le-pouvoir-dalpha-conde-repose-sur-la-banque-centrale-et\/#primaryimage"},"thumbnailUrl":"https:\/\/guineediversite.com\/wp-content\/uploads\/2020\/07\/Ibrahim-Diallo-FNDC.jpg","datePublished":"2020-07-21T11:58:12+00:00","dateModified":"2020-07-21T11:58:12+00:00","breadcrumb":{"@id":"https:\/\/guineediversite.com\/index.php\/2020\/07\/21\/ibrahima-diallo-le-pouvoir-dalpha-conde-repose-sur-la-banque-centrale-et\/#breadcrumb"},"inLanguage":"fr-FR","potentialAction":[{"@type":"ReadAction","target":["https:\/\/guineediversite.com\/index.php\/2020\/07\/21\/ibrahima-diallo-le-pouvoir-dalpha-conde-repose-sur-la-banque-centrale-et\/"]}]},{"@type":"ImageObject","inLanguage":"fr-FR","@id":"https:\/\/guineediversite.com\/index.php\/2020\/07\/21\/ibrahima-diallo-le-pouvoir-dalpha-conde-repose-sur-la-banque-centrale-et\/#primaryimage","url":"https:\/\/guineediversite.com\/wp-content\/uploads\/2020\/07\/Ibrahim-Diallo-FNDC.jpg","contentUrl":"https:\/\/guineediversite.com\/wp-content\/uploads\/2020\/07\/Ibrahim-Diallo-FNDC.jpg","width":1500,"height":1180},{"@type":"BreadcrumbList","@id":"https:\/\/guineediversite.com\/index.php\/2020\/07\/21\/ibrahima-diallo-le-pouvoir-dalpha-conde-repose-sur-la-banque-centrale-et\/#breadcrumb","itemListElement":[{"@type":"ListItem","position":1,"name":"Accueil","item":"https:\/\/guineediversite.com\/"},{"@type":"ListItem","position":2,"name":"Ibrahima Diallo \u00ab le pouvoir d\u2019Alpha Cond\u00e9 repose sur la banque centrale et (\u2026)\u00bb"}]},{"@type":"WebSite","@id":"https:\/\/guineediversite.com\/#website","url":"https:\/\/guineediversite.com\/","name":"Guin\u00e9e Diversit\u00e9","description":"L&#039;Info dans toute sa diversit\u00e9","publisher":{"@id":"https:\/\/guineediversite.com\/#organization"},"potentialAction":[{"@type":"SearchAction","target":{"@type":"EntryPoint","urlTemplate":"https:\/\/guineediversite.com\/?s={search_term_string}"},"query-input":{"@type":"PropertyValueSpecification","valueRequired":true,"valueName":"search_term_string"}}],"inLanguage":"fr-FR"},{"@type":"Organization","@id":"https:\/\/guineediversite.com\/#organization","name":"Guin\u00e9e Diversit\u00e9","url":"https:\/\/guineediversite.com\/","logo":{"@type":"ImageObject","inLanguage":"fr-FR","@id":"https:\/\/guineediversite.com\/#\/schema\/logo\/image\/","url":"https:\/\/guineediversite.com\/wp-content\/uploads\/2017\/04\/cropped-1jojlxEOMkX9Wyqfhe43D6kjPOGqBBKmx3EwWJqZ0cMrFF54yM49.png","contentUrl":"https:\/\/guineediversite.com\/wp-content\/uploads\/2017\/04\/cropped-1jojlxEOMkX9Wyqfhe43D6kjPOGqBBKmx3EwWJqZ0cMrFF54yM49.png","width":186,"height":112,"caption":"Guin\u00e9e Diversit\u00e9"},"image":{"@id":"https:\/\/guineediversite.com\/#\/schema\/logo\/image\/"},"sameAs":["https:\/\/www.facebook.com\/guineediversite\/","https:\/\/x.com\/GuineeDiversite","https:\/\/www.youtube.com\/channel\/UC8sUY16qelG5ge6_D5SB83g"]},{"@type":"Person","@id":"https:\/\/guineediversite.com\/#\/schema\/person\/fa362494c47202ce4b3adf55abcc9d01","name":"Morcire Camara","image":{"@type":"ImageObject","inLanguage":"fr-FR","@id":"https:\/\/guineediversite.com\/#\/schema\/person\/image\/","url":"https:\/\/secure.gravatar.com\/avatar\/3ec324f02295bbcebe03d99b39330ab4?s=96&d=mm&r=g","contentUrl":"https:\/\/secure.gravatar.com\/avatar\/3ec324f02295bbcebe03d99b39330ab4?s=96&d=mm&r=g","caption":"Morcire Camara"},"url":"https:\/\/guineediversite.com\/index.php\/author\/morcire\/"}]}},"_links":{"self":[{"href":"https:\/\/guineediversite.com\/index.php\/wp-json\/wp\/v2\/posts\/30172"}],"collection":[{"href":"https:\/\/guineediversite.com\/index.php\/wp-json\/wp\/v2\/posts"}],"about":[{"href":"https:\/\/guineediversite.com\/index.php\/wp-json\/wp\/v2\/types\/post"}],"author":[{"embeddable":true,"href":"https:\/\/guineediversite.com\/index.php\/wp-json\/wp\/v2\/users\/10"}],"replies":[{"embeddable":true,"href":"https:\/\/guineediversite.com\/index.php\/wp-json\/wp\/v2\/comments?post=30172"}],"version-history":[{"count":1,"href":"https:\/\/guineediversite.com\/index.php\/wp-json\/wp\/v2\/posts\/30172\/revisions"}],"predecessor-version":[{"id":30174,"href":"https:\/\/guineediversite.com\/index.php\/wp-json\/wp\/v2\/posts\/30172\/revisions\/30174"}],"wp:featuredmedia":[{"embeddable":true,"href":"https:\/\/guineediversite.com\/index.php\/wp-json\/wp\/v2\/media\/30173"}],"wp:attachment":[{"href":"https:\/\/guineediversite.com\/index.php\/wp-json\/wp\/v2\/media?parent=30172"}],"wp:term":[{"taxonomy":"category","embeddable":true,"href":"https:\/\/guineediversite.com\/index.php\/wp-json\/wp\/v2\/categories?post=30172"},{"taxonomy":"post_tag","embeddable":true,"href":"https:\/\/guineediversite.com\/index.php\/wp-json\/wp\/v2\/tags?post=30172"}],"curies":[{"name":"wp","href":"https:\/\/api.w.org\/{rel}","templated":true}]}}