{"id":30168,"date":"2020-07-21T13:35:35","date_gmt":"2020-07-21T11:35:35","guid":{"rendered":"https:\/\/guineediversite.com\/?p=30168"},"modified":"2020-07-21T13:35:35","modified_gmt":"2020-07-21T11:35:35","slug":"manque-delectricite-a-kankan-des-jeunes-manifestants-reprennent-les-rues","status":"publish","type":"post","link":"https:\/\/guineediversite.com\/index.php\/2020\/07\/21\/manque-delectricite-a-kankan-des-jeunes-manifestants-reprennent-les-rues\/","title":{"rendered":"Manque d\u2019\u00e9lectricit\u00e9 \u00e0 Kankan : des jeunes manifestants reprennent les rues"},"content":{"rendered":"<p>Tr\u00e8s tot dans la matin\u00e9e de ce Mardi 21 juillet 2020, des jeunes ont submerg\u00e9 les rues de la ville de Kankan\u00a0 poursuivent leurs manifestations, ce, malgr\u00e9 l\u2019interdiction de toutes manifestations par l\u2019autorit\u00e9. Ils r\u00e9clament l\u2019\u00e9lectrification de la Haute Guin\u00e9e, selon le correspondant de nos confr\u00e8res de Kalenews.org, des jeunes rencontr\u00e9s au carrefour de Komarala Loisirs scandent des slogans hostiles au pouvoir central, \u201c<strong>EDG=O<\/strong>\u201d, \u201c<strong>on veut le barrage<\/strong>\u201d, \u201c<strong>pas courant pas dort<\/strong>\u201d. Il est \u00e0 signaler que des agents des forces de s\u00e9curit\u00e9 ont \u00e9t\u00e9 immobilis\u00e9s dans des carrefours de la ville.<\/p>\n<p>Pour ce qui est de la manifestation de cette journ\u00e9e, la mobilisation n&rsquo;est pas assez forte comme les pr\u00e9c\u00e9dentes journ\u00e9es de revendication. Des pneus ont \u00e9t\u00e9 brul\u00e9s par des manifestants dans des diff\u00e9rents endroits de la ville, notamment le point ralliement qui est le carrefour de Komarala, au carrefour de Dounoufogb\u00e8 er au carrefour Cherifoulah.<\/p>\n<p>Quant au commerce, il a \u00e9t\u00e9 perturb\u00e9 dans le grand march\u00e9 de la ville. Pour le moment, aucune arrestation n\u2019a \u00e9t\u00e9 enregistr\u00e9e, m\u00eame si le leader du mouvement reste injoignable, mais les forces de l\u2019ordre ont fait l\u2019usage de gaz lacrymog\u00e8ne<\/p>\n","protected":false},"excerpt":{"rendered":"<p>Tr\u00e8s tot dans la matin\u00e9e de ce Mardi 21 juillet 2020, des jeunes ont submerg\u00e9 les rues de la ville de Kankan\u00a0 poursuivent leurs manifestations, ce, malgr\u00e9 l\u2019interdiction de toutes manifestations par l\u2019autorit\u00e9. Ils r\u00e9clament l\u2019\u00e9lectrification de la Haute Guin\u00e9e, selon le correspondant de nos confr\u00e8res de Kalenews.org, des jeunes rencontr\u00e9s au carrefour de Komarala [&hellip;]<\/p>\n","protected":false},"author":10,"featured_media":30169,"comment_status":"closed","ping_status":"open","sticky":false,"template":"","format":"standard","meta":{"_exactmetrics_skip_tracking":false,"_exactmetrics_sitenote_active":false,"_exactmetrics_sitenote_note":"","_exactmetrics_sitenote_category":0,"tdm_status":"","tdm_grid_status":"","footnotes":""},"categories":[254,16],"tags":[],"class_list":{"0":"post-30168","1":"post","2":"type-post","3":"status-publish","4":"format-standard","5":"has-post-thumbnail","7":"category-derniere-minute","8":"category-societe"},"yoast_head":"<!-- This site is optimized with the Yoast SEO plugin v24.2 - https:\/\/yoast.com\/wordpress\/plugins\/seo\/ -->\n<title>Manque d\u2019\u00e9lectricit\u00e9 \u00e0 Kankan : des jeunes manifestants reprennent les rues | Guin\u00e9e Diversit\u00e9<\/title>\n<meta name=\"robots\" content=\"index, follow, max-snippet:-1, max-image-preview:large, max-video-preview:-1\" \/>\n<link rel=\"canonical\" href=\"https:\/\/guineediversite.com\/index.php\/2020\/07\/21\/manque-delectricite-a-kankan-des-jeunes-manifestants-reprennent-les-rues\/\" \/>\n<meta property=\"og:locale\" content=\"fr_FR\" \/>\n<meta property=\"og:type\" content=\"article\" \/>\n<meta property=\"og:title\" content=\"Manque d\u2019\u00e9lectricit\u00e9 \u00e0 Kankan : des jeunes manifestants reprennent les rues | Guin\u00e9e Diversit\u00e9\" \/>\n<meta property=\"og:description\" content=\"Tr\u00e8s tot dans la matin\u00e9e de ce Mardi 21 juillet 2020, des jeunes ont submerg\u00e9 les rues de la ville de Kankan\u00a0 poursuivent leurs manifestations, ce, malgr\u00e9 l\u2019interdiction de toutes manifestations par l\u2019autorit\u00e9. Ils r\u00e9clament l\u2019\u00e9lectrification de la Haute Guin\u00e9e, selon le correspondant de nos confr\u00e8res de Kalenews.org, des jeunes rencontr\u00e9s au carrefour de Komarala [&hellip;]\" \/>\n<meta property=\"og:url\" content=\"https:\/\/guineediversite.com\/index.php\/2020\/07\/21\/manque-delectricite-a-kankan-des-jeunes-manifestants-reprennent-les-rues\/\" \/>\n<meta property=\"og:site_name\" content=\"Guin\u00e9e Diversit\u00e9\" \/>\n<meta property=\"article:publisher\" content=\"https:\/\/www.facebook.com\/guineediversite\/\" \/>\n<meta property=\"article:published_time\" content=\"2020-07-21T11:35:35+00:00\" \/>\n<meta property=\"og:image\" content=\"https:\/\/guineediversite.com\/wp-content\/uploads\/2020\/07\/Manifestation-\u00e0-Kankan.jpg\" \/>\n\t<meta property=\"og:image:width\" content=\"1400\" \/>\n\t<meta property=\"og:image:height\" content=\"1049\" \/>\n\t<meta property=\"og:image:type\" content=\"image\/jpeg\" \/>\n<meta name=\"author\" content=\"Morcire Camara\" \/>\n<meta name=\"twitter:card\" content=\"summary_large_image\" \/>\n<meta name=\"twitter:creator\" content=\"@GuineeDiversite\" \/>\n<meta name=\"twitter:site\" content=\"@GuineeDiversite\" \/>\n<meta name=\"twitter:label1\" content=\"\u00c9crit par\" \/>\n\t<meta name=\"twitter:data1\" content=\"Morcire Camara\" \/>\n\t<meta name=\"twitter:label2\" content=\"Dur\u00e9e de lecture estim\u00e9e\" \/>\n\t<meta name=\"twitter:data2\" content=\"1 minute\" \/>\n<script type=\"application\/ld+json\" class=\"yoast-schema-graph\">{\"@context\":\"https:\/\/schema.org\",\"@graph\":[{\"@type\":\"Article\",\"@id\":\"https:\/\/guineediversite.com\/index.php\/2020\/07\/21\/manque-delectricite-a-kankan-des-jeunes-manifestants-reprennent-les-rues\/#article\",\"isPartOf\":{\"@id\":\"https:\/\/guineediversite.com\/index.php\/2020\/07\/21\/manque-delectricite-a-kankan-des-jeunes-manifestants-reprennent-les-rues\/\"},\"author\":{\"name\":\"Morcire Camara\",\"@id\":\"https:\/\/guineediversite.com\/#\/schema\/person\/fa362494c47202ce4b3adf55abcc9d01\"},\"headline\":\"Manque d\u2019\u00e9lectricit\u00e9 \u00e0 Kankan : des jeunes manifestants reprennent les rues\",\"datePublished\":\"2020-07-21T11:35:35+00:00\",\"dateModified\":\"2020-07-21T11:35:35+00:00\",\"mainEntityOfPage\":{\"@id\":\"https:\/\/guineediversite.com\/index.php\/2020\/07\/21\/manque-delectricite-a-kankan-des-jeunes-manifestants-reprennent-les-rues\/\"},\"wordCount\":221,\"publisher\":{\"@id\":\"https:\/\/guineediversite.com\/#organization\"},\"image\":{\"@id\":\"https:\/\/guineediversite.com\/index.php\/2020\/07\/21\/manque-delectricite-a-kankan-des-jeunes-manifestants-reprennent-les-rues\/#primaryimage\"},\"thumbnailUrl\":\"https:\/\/guineediversite.com\/wp-content\/uploads\/2020\/07\/Manifestation-\u00e0-Kankan.jpg\",\"articleSection\":[\"Derni\u00e8re minute\",\"Soci\u00e9t\u00e9\"],\"inLanguage\":\"fr-FR\"},{\"@type\":\"WebPage\",\"@id\":\"https:\/\/guineediversite.com\/index.php\/2020\/07\/21\/manque-delectricite-a-kankan-des-jeunes-manifestants-reprennent-les-rues\/\",\"url\":\"https:\/\/guineediversite.com\/index.php\/2020\/07\/21\/manque-delectricite-a-kankan-des-jeunes-manifestants-reprennent-les-rues\/\",\"name\":\"Manque d\u2019\u00e9lectricit\u00e9 \u00e0 Kankan : des jeunes manifestants reprennent les rues | Guin\u00e9e Diversit\u00e9\",\"isPartOf\":{\"@id\":\"https:\/\/guineediversite.com\/#website\"},\"primaryImageOfPage\":{\"@id\":\"https:\/\/guineediversite.com\/index.php\/2020\/07\/21\/manque-delectricite-a-kankan-des-jeunes-manifestants-reprennent-les-rues\/#primaryimage\"},\"image\":{\"@id\":\"https:\/\/guineediversite.com\/index.php\/2020\/07\/21\/manque-delectricite-a-kankan-des-jeunes-manifestants-reprennent-les-rues\/#primaryimage\"},\"thumbnailUrl\":\"https:\/\/guineediversite.com\/wp-content\/uploads\/2020\/07\/Manifestation-\u00e0-Kankan.jpg\",\"datePublished\":\"2020-07-21T11:35:35+00:00\",\"dateModified\":\"2020-07-21T11:35:35+00:00\",\"breadcrumb\":{\"@id\":\"https:\/\/guineediversite.com\/index.php\/2020\/07\/21\/manque-delectricite-a-kankan-des-jeunes-manifestants-reprennent-les-rues\/#breadcrumb\"},\"inLanguage\":\"fr-FR\",\"potentialAction\":[{\"@type\":\"ReadAction\",\"target\":[\"https:\/\/guineediversite.com\/index.php\/2020\/07\/21\/manque-delectricite-a-kankan-des-jeunes-manifestants-reprennent-les-rues\/\"]}]},{\"@type\":\"ImageObject\",\"inLanguage\":\"fr-FR\",\"@id\":\"https:\/\/guineediversite.com\/index.php\/2020\/07\/21\/manque-delectricite-a-kankan-des-jeunes-manifestants-reprennent-les-rues\/#primaryimage\",\"url\":\"https:\/\/guineediversite.com\/wp-content\/uploads\/2020\/07\/Manifestation-\u00e0-Kankan.jpg\",\"contentUrl\":\"https:\/\/guineediversite.com\/wp-content\/uploads\/2020\/07\/Manifestation-\u00e0-Kankan.jpg\",\"width\":1400,\"height\":1049},{\"@type\":\"BreadcrumbList\",\"@id\":\"https:\/\/guineediversite.com\/index.php\/2020\/07\/21\/manque-delectricite-a-kankan-des-jeunes-manifestants-reprennent-les-rues\/#breadcrumb\",\"itemListElement\":[{\"@type\":\"ListItem\",\"position\":1,\"name\":\"Accueil\",\"item\":\"https:\/\/guineediversite.com\/\"},{\"@type\":\"ListItem\",\"position\":2,\"name\":\"Manque d\u2019\u00e9lectricit\u00e9 \u00e0 Kankan : des jeunes manifestants reprennent les rues\"}]},{\"@type\":\"WebSite\",\"@id\":\"https:\/\/guineediversite.com\/#website\",\"url\":\"https:\/\/guineediversite.com\/\",\"name\":\"Guin\u00e9e Diversit\u00e9\",\"description\":\"L&#039;Info dans toute sa diversit\u00e9\",\"publisher\":{\"@id\":\"https:\/\/guineediversite.com\/#organization\"},\"potentialAction\":[{\"@type\":\"SearchAction\",\"target\":{\"@type\":\"EntryPoint\",\"urlTemplate\":\"https:\/\/guineediversite.com\/?s={search_term_string}\"},\"query-input\":{\"@type\":\"PropertyValueSpecification\",\"valueRequired\":true,\"valueName\":\"search_term_string\"}}],\"inLanguage\":\"fr-FR\"},{\"@type\":\"Organization\",\"@id\":\"https:\/\/guineediversite.com\/#organization\",\"name\":\"Guin\u00e9e Diversit\u00e9\",\"url\":\"https:\/\/guineediversite.com\/\",\"logo\":{\"@type\":\"ImageObject\",\"inLanguage\":\"fr-FR\",\"@id\":\"https:\/\/guineediversite.com\/#\/schema\/logo\/image\/\",\"url\":\"https:\/\/guineediversite.com\/wp-content\/uploads\/2017\/04\/cropped-1jojlxEOMkX9Wyqfhe43D6kjPOGqBBKmx3EwWJqZ0cMrFF54yM49.png\",\"contentUrl\":\"https:\/\/guineediversite.com\/wp-content\/uploads\/2017\/04\/cropped-1jojlxEOMkX9Wyqfhe43D6kjPOGqBBKmx3EwWJqZ0cMrFF54yM49.png\",\"width\":186,\"height\":112,\"caption\":\"Guin\u00e9e Diversit\u00e9\"},\"image\":{\"@id\":\"https:\/\/guineediversite.com\/#\/schema\/logo\/image\/\"},\"sameAs\":[\"https:\/\/www.facebook.com\/guineediversite\/\",\"https:\/\/x.com\/GuineeDiversite\",\"https:\/\/www.youtube.com\/channel\/UC8sUY16qelG5ge6_D5SB83g\"]},{\"@type\":\"Person\",\"@id\":\"https:\/\/guineediversite.com\/#\/schema\/person\/fa362494c47202ce4b3adf55abcc9d01\",\"name\":\"Morcire Camara\",\"image\":{\"@type\":\"ImageObject\",\"inLanguage\":\"fr-FR\",\"@id\":\"https:\/\/guineediversite.com\/#\/schema\/person\/image\/\",\"url\":\"https:\/\/secure.gravatar.com\/avatar\/3ec324f02295bbcebe03d99b39330ab4?s=96&d=mm&r=g\",\"contentUrl\":\"https:\/\/secure.gravatar.com\/avatar\/3ec324f02295bbcebe03d99b39330ab4?s=96&d=mm&r=g\",\"caption\":\"Morcire Camara\"},\"url\":\"https:\/\/guineediversite.com\/index.php\/author\/morcire\/\"}]}<\/script>\n<!-- \/ Yoast SEO plugin. -->","yoast_head_json":{"title":"Manque d\u2019\u00e9lectricit\u00e9 \u00e0 Kankan : des jeunes manifestants reprennent les rues | Guin\u00e9e Diversit\u00e9","robots":{"index":"index","follow":"follow","max-snippet":"max-snippet:-1","max-image-preview":"max-image-preview:large","max-video-preview":"max-video-preview:-1"},"canonical":"https:\/\/guineediversite.com\/index.php\/2020\/07\/21\/manque-delectricite-a-kankan-des-jeunes-manifestants-reprennent-les-rues\/","og_locale":"fr_FR","og_type":"article","og_title":"Manque d\u2019\u00e9lectricit\u00e9 \u00e0 Kankan : des jeunes manifestants reprennent les rues | Guin\u00e9e Diversit\u00e9","og_description":"Tr\u00e8s tot dans la matin\u00e9e de ce Mardi 21 juillet 2020, des jeunes ont submerg\u00e9 les rues de la ville de Kankan\u00a0 poursuivent leurs manifestations, ce, malgr\u00e9 l\u2019interdiction de toutes manifestations par l\u2019autorit\u00e9. Ils r\u00e9clament l\u2019\u00e9lectrification de la Haute Guin\u00e9e, selon le correspondant de nos confr\u00e8res de Kalenews.org, des jeunes rencontr\u00e9s au carrefour de Komarala [&hellip;]","og_url":"https:\/\/guineediversite.com\/index.php\/2020\/07\/21\/manque-delectricite-a-kankan-des-jeunes-manifestants-reprennent-les-rues\/","og_site_name":"Guin\u00e9e Diversit\u00e9","article_publisher":"https:\/\/www.facebook.com\/guineediversite\/","article_published_time":"2020-07-21T11:35:35+00:00","og_image":[{"width":1400,"height":1049,"url":"https:\/\/guineediversite.com\/wp-content\/uploads\/2020\/07\/Manifestation-\u00e0-Kankan.jpg","type":"image\/jpeg"}],"author":"Morcire Camara","twitter_card":"summary_large_image","twitter_creator":"@GuineeDiversite","twitter_site":"@GuineeDiversite","twitter_misc":{"\u00c9crit par":"Morcire Camara","Dur\u00e9e de lecture estim\u00e9e":"1 minute"},"schema":{"@context":"https:\/\/schema.org","@graph":[{"@type":"Article","@id":"https:\/\/guineediversite.com\/index.php\/2020\/07\/21\/manque-delectricite-a-kankan-des-jeunes-manifestants-reprennent-les-rues\/#article","isPartOf":{"@id":"https:\/\/guineediversite.com\/index.php\/2020\/07\/21\/manque-delectricite-a-kankan-des-jeunes-manifestants-reprennent-les-rues\/"},"author":{"name":"Morcire Camara","@id":"https:\/\/guineediversite.com\/#\/schema\/person\/fa362494c47202ce4b3adf55abcc9d01"},"headline":"Manque d\u2019\u00e9lectricit\u00e9 \u00e0 Kankan : des jeunes manifestants reprennent les rues","datePublished":"2020-07-21T11:35:35+00:00","dateModified":"2020-07-21T11:35:35+00:00","mainEntityOfPage":{"@id":"https:\/\/guineediversite.com\/index.php\/2020\/07\/21\/manque-delectricite-a-kankan-des-jeunes-manifestants-reprennent-les-rues\/"},"wordCount":221,"publisher":{"@id":"https:\/\/guineediversite.com\/#organization"},"image":{"@id":"https:\/\/guineediversite.com\/index.php\/2020\/07\/21\/manque-delectricite-a-kankan-des-jeunes-manifestants-reprennent-les-rues\/#primaryimage"},"thumbnailUrl":"https:\/\/guineediversite.com\/wp-content\/uploads\/2020\/07\/Manifestation-\u00e0-Kankan.jpg","articleSection":["Derni\u00e8re minute","Soci\u00e9t\u00e9"],"inLanguage":"fr-FR"},{"@type":"WebPage","@id":"https:\/\/guineediversite.com\/index.php\/2020\/07\/21\/manque-delectricite-a-kankan-des-jeunes-manifestants-reprennent-les-rues\/","url":"https:\/\/guineediversite.com\/index.php\/2020\/07\/21\/manque-delectricite-a-kankan-des-jeunes-manifestants-reprennent-les-rues\/","name":"Manque d\u2019\u00e9lectricit\u00e9 \u00e0 Kankan : des jeunes manifestants reprennent les rues | Guin\u00e9e Diversit\u00e9","isPartOf":{"@id":"https:\/\/guineediversite.com\/#website"},"primaryImageOfPage":{"@id":"https:\/\/guineediversite.com\/index.php\/2020\/07\/21\/manque-delectricite-a-kankan-des-jeunes-manifestants-reprennent-les-rues\/#primaryimage"},"image":{"@id":"https:\/\/guineediversite.com\/index.php\/2020\/07\/21\/manque-delectricite-a-kankan-des-jeunes-manifestants-reprennent-les-rues\/#primaryimage"},"thumbnailUrl":"https:\/\/guineediversite.com\/wp-content\/uploads\/2020\/07\/Manifestation-\u00e0-Kankan.jpg","datePublished":"2020-07-21T11:35:35+00:00","dateModified":"2020-07-21T11:35:35+00:00","breadcrumb":{"@id":"https:\/\/guineediversite.com\/index.php\/2020\/07\/21\/manque-delectricite-a-kankan-des-jeunes-manifestants-reprennent-les-rues\/#breadcrumb"},"inLanguage":"fr-FR","potentialAction":[{"@type":"ReadAction","target":["https:\/\/guineediversite.com\/index.php\/2020\/07\/21\/manque-delectricite-a-kankan-des-jeunes-manifestants-reprennent-les-rues\/"]}]},{"@type":"ImageObject","inLanguage":"fr-FR","@id":"https:\/\/guineediversite.com\/index.php\/2020\/07\/21\/manque-delectricite-a-kankan-des-jeunes-manifestants-reprennent-les-rues\/#primaryimage","url":"https:\/\/guineediversite.com\/wp-content\/uploads\/2020\/07\/Manifestation-\u00e0-Kankan.jpg","contentUrl":"https:\/\/guineediversite.com\/wp-content\/uploads\/2020\/07\/Manifestation-\u00e0-Kankan.jpg","width":1400,"height":1049},{"@type":"BreadcrumbList","@id":"https:\/\/guineediversite.com\/index.php\/2020\/07\/21\/manque-delectricite-a-kankan-des-jeunes-manifestants-reprennent-les-rues\/#breadcrumb","itemListElement":[{"@type":"ListItem","position":1,"name":"Accueil","item":"https:\/\/guineediversite.com\/"},{"@type":"ListItem","position":2,"name":"Manque d\u2019\u00e9lectricit\u00e9 \u00e0 Kankan : des jeunes manifestants reprennent les rues"}]},{"@type":"WebSite","@id":"https:\/\/guineediversite.com\/#website","url":"https:\/\/guineediversite.com\/","name":"Guin\u00e9e Diversit\u00e9","description":"L&#039;Info dans toute sa diversit\u00e9","publisher":{"@id":"https:\/\/guineediversite.com\/#organization"},"potentialAction":[{"@type":"SearchAction","target":{"@type":"EntryPoint","urlTemplate":"https:\/\/guineediversite.com\/?s={search_term_string}"},"query-input":{"@type":"PropertyValueSpecification","valueRequired":true,"valueName":"search_term_string"}}],"inLanguage":"fr-FR"},{"@type":"Organization","@id":"https:\/\/guineediversite.com\/#organization","name":"Guin\u00e9e Diversit\u00e9","url":"https:\/\/guineediversite.com\/","logo":{"@type":"ImageObject","inLanguage":"fr-FR","@id":"https:\/\/guineediversite.com\/#\/schema\/logo\/image\/","url":"https:\/\/guineediversite.com\/wp-content\/uploads\/2017\/04\/cropped-1jojlxEOMkX9Wyqfhe43D6kjPOGqBBKmx3EwWJqZ0cMrFF54yM49.png","contentUrl":"https:\/\/guineediversite.com\/wp-content\/uploads\/2017\/04\/cropped-1jojlxEOMkX9Wyqfhe43D6kjPOGqBBKmx3EwWJqZ0cMrFF54yM49.png","width":186,"height":112,"caption":"Guin\u00e9e Diversit\u00e9"},"image":{"@id":"https:\/\/guineediversite.com\/#\/schema\/logo\/image\/"},"sameAs":["https:\/\/www.facebook.com\/guineediversite\/","https:\/\/x.com\/GuineeDiversite","https:\/\/www.youtube.com\/channel\/UC8sUY16qelG5ge6_D5SB83g"]},{"@type":"Person","@id":"https:\/\/guineediversite.com\/#\/schema\/person\/fa362494c47202ce4b3adf55abcc9d01","name":"Morcire Camara","image":{"@type":"ImageObject","inLanguage":"fr-FR","@id":"https:\/\/guineediversite.com\/#\/schema\/person\/image\/","url":"https:\/\/secure.gravatar.com\/avatar\/3ec324f02295bbcebe03d99b39330ab4?s=96&d=mm&r=g","contentUrl":"https:\/\/secure.gravatar.com\/avatar\/3ec324f02295bbcebe03d99b39330ab4?s=96&d=mm&r=g","caption":"Morcire Camara"},"url":"https:\/\/guineediversite.com\/index.php\/author\/morcire\/"}]}},"_links":{"self":[{"href":"https:\/\/guineediversite.com\/index.php\/wp-json\/wp\/v2\/posts\/30168"}],"collection":[{"href":"https:\/\/guineediversite.com\/index.php\/wp-json\/wp\/v2\/posts"}],"about":[{"href":"https:\/\/guineediversite.com\/index.php\/wp-json\/wp\/v2\/types\/post"}],"author":[{"embeddable":true,"href":"https:\/\/guineediversite.com\/index.php\/wp-json\/wp\/v2\/users\/10"}],"replies":[{"embeddable":true,"href":"https:\/\/guineediversite.com\/index.php\/wp-json\/wp\/v2\/comments?post=30168"}],"version-history":[{"count":1,"href":"https:\/\/guineediversite.com\/index.php\/wp-json\/wp\/v2\/posts\/30168\/revisions"}],"predecessor-version":[{"id":30170,"href":"https:\/\/guineediversite.com\/index.php\/wp-json\/wp\/v2\/posts\/30168\/revisions\/30170"}],"wp:featuredmedia":[{"embeddable":true,"href":"https:\/\/guineediversite.com\/index.php\/wp-json\/wp\/v2\/media\/30169"}],"wp:attachment":[{"href":"https:\/\/guineediversite.com\/index.php\/wp-json\/wp\/v2\/media?parent=30168"}],"wp:term":[{"taxonomy":"category","embeddable":true,"href":"https:\/\/guineediversite.com\/index.php\/wp-json\/wp\/v2\/categories?post=30168"},{"taxonomy":"post_tag","embeddable":true,"href":"https:\/\/guineediversite.com\/index.php\/wp-json\/wp\/v2\/tags?post=30168"}],"curies":[{"name":"wp","href":"https:\/\/api.w.org\/{rel}","templated":true}]}}