{"id":30165,"date":"2020-07-21T13:10:55","date_gmt":"2020-07-21T11:10:55","guid":{"rendered":"https:\/\/guineediversite.com\/?p=30165"},"modified":"2020-07-21T13:10:55","modified_gmt":"2020-07-21T11:10:55","slug":"cote-divoire-alassane-ouattara-sera-t-il-candidat-a-la-presidentielle","status":"publish","type":"post","link":"https:\/\/guineediversite.com\/index.php\/2020\/07\/21\/cote-divoire-alassane-ouattara-sera-t-il-candidat-a-la-presidentielle\/","title":{"rendered":"C\u00f4te d&rsquo;Ivoire: Alassane Ouattara sera-t-il candidat \u00e0 la pr\u00e9sidentielle?"},"content":{"rendered":"<p>Qui sera le candidat du pouvoir \u00e0 l\u2019\u00e9lection pr\u00e9sidentielle en C\u00f4te d\u2019Ivoire ? Le d\u00e9c\u00e8s d\u2019Amadou Gon Coulibay, Premier ministre et dauphin d\u2019Alassane Ouattara bouleverse la strat\u00e9gie de l\u2019actuel chef de l\u2019\u00c9tat. La candidature du pr\u00e9sident ivoirien \u00e0 sa propre succession est \u00e9voqu\u00e9e par nombre d\u2019observateurs et au sein de son propre camp, le parti RHDP. Il avait pourtant d\u00e9clar\u00e9 qu\u2019il ne serait pas candidat \u00e0 sa propre succession.<\/p>\n<p>C\u2019\u00e9tait le 5 mars dernier. Alassane Ouattara s\u2019exprimait devant les parlementaires r\u00e9unis en Congr\u00e8s. \u00ab<em>\u00a0Je voudrais vous annoncer solennellement que j\u2019ai d\u00e9cid\u00e9 de ne pas \u00eatre candidat \u00e0 l\u2019\u00e9lection pr\u00e9sidentielle du 31 octobre 2020 [\u2026] et de transf\u00e9rer le pouvoir \u00e0 une jeune g\u00e9n\u00e9ration.\u00a0<\/em>\u00bb Un discours unanimement salu\u00e9.<\/p>\n<p>Mais pour le sociologue Francis Akind\u00e8s, apr\u00e8s la mort d\u2019Amadou Gon Coulibaly, successeur fid\u00e8le qui aurait pu assurer au pr\u00e9sident une retraite paisible, l\u2019annonce de la candidature d\u2019Alassane Ouattara \u00e0 un troisi\u00e8me mandat ne fait plus de doute : \u00ab\u00a0<em>Le changement de contexte sert de justification au fait qu\u2019il veuille revenir sur sa d\u00e9cision et se repr\u00e9senter.<\/em>\u00a0\u00bb Le pr\u00e9sident, rappelle aussi Francis Akind\u00e8s, avait \u00e9galement d\u00e9clar\u00e9 \u00ab\u00a0<em>que si son challenger principal, l\u2019ancien pr\u00e9sident Henri Konan B\u00e9di\u00e9, se pr\u00e9sentait, alors il se pr\u00e9senterait aussi<\/em>\u00a0\u00bb.<\/p>\n<p><strong>\u00c9viter une guerre de succession en interne<\/strong><\/p>\n<p>Le chef de l\u2019\u00c9tat et son entourage, note le sociologue, r\u00e9p\u00e8tent d\u00e9sormais que \u00ab\u00a0<em>la donne<\/em>\u00a0\u00bb ou \u00ab\u00a0<em>le contexte<\/em>\u00a0\u00bb a chang\u00e9. \u00ab\u00a0<em>Il faut construire l\u2019argumentaire qui justifie vraiment le fait de se d\u00e9dire<\/em>, explique Francis Akind\u00e8s. <em>Quelles raisons objectives se donne-t-il pour revenir sur sa parole sans donner l\u2019impression de faillir face \u00e0 ses propres engagements ? Je pense que c\u2019est ce \u00e0 quoi il r\u00e9fl\u00e9chit en ce moment.\u00a0<\/em>\u00bb<\/p>\n<p>Surtout, au sein du parti pr\u00e9sidentiel, le choix d\u2019Amadou Gon Coulibaly avait d\u00e9j\u00e0 fait des d\u00e9\u00e7us qui ont pris leurs distances ou qui ont quitt\u00e9 le RHDP. Aujourd\u2019hui, \u00e0 trois mois de la pr\u00e9sidentielle, il s\u2019agit d\u2019\u00e9viter une guerre de succession en interne. \u00ab<em>\u00a0Il sait que dans ses rangs il y a beaucoup de vell\u00e9itaires. Mais s\u2019il doit laisser ces vell\u00e9it\u00e9s, \u00e7a va encore plus compliquer les choses. Donc cela s\u2019impose \u00e0 lui de faire taire dans ses rangs les tensions qu\u2019il peut y avoir\u00a0<\/em>\u00bb, estime Francis Akind\u00e8s.<\/p>\n<p>D\u2019un autre c\u00f4t\u00e9, dans un paysage politique o\u00f9 les figures des ann\u00e9es 1990 sont encore au devant de la sc\u00e8ne dans les principaux partis &#8211; Laurent Gbagbo au FPI, Henri Konan B\u00e9di\u00e9 au PDCI et Alassane Ouattara au RHDP &#8211; l\u2019horizon politique est bouch\u00e9 pour les g\u00e9n\u00e9rations suivantes qui souhaiteraient peut \u00eatre enfin avoir leur chance.<\/p>\n<p><strong>Risque de tensions<\/strong><\/p>\n<p>Si Alassane Ouattara, au pouvoir depuis neuf ans, se d\u00e9clare, s\u2019ouvrirait aussi le d\u00e9bat de la constitutionnalit\u00e9 de sa candidature. Le nombre de mandats pr\u00e9sidentiels est toujours limit\u00e9 \u00e0 deux, mais pour les soutiens du pr\u00e9sident, la nouvelle Constitution de 2016 remettrait les compteurs \u00e0 z\u00e9ro. Or selon certains juristes, l\u2019article 183 de la Constitution, qui stipule que la l\u00e9gislation en vigueur avant 2016 reste applicable aujourd\u2019hui, signifierait qu\u2019Alassane Ouattara ne peut pas briguer un troisi\u00e8me mandat.<\/p>\n<p>\u00ab\u00a0<em>En C\u00f4te d\u2019Ivoire, pr\u00e8s de la moiti\u00e9 des membres du Conseil constitutionnel sont nomm\u00e9s par le pr\u00e9sident de la R\u00e9publique. On pourrait l\u00e9gitimement se demander s\u2019ils auront la capacit\u00e9 \u00e0 prendre du recul pour traiter pareil dossier\u00a0<\/em>\u00bb, souligne Sylvain N&rsquo;Guessan, analyste politique, qui dirige l&rsquo;Institut de strat\u00e9gie d&rsquo;Abidjan. Des tensions au sein de la soci\u00e9t\u00e9 ne sont ainsi pas \u00e0 \u00e9carter, estime-t-il : \u00ab<em>\u00a0Les risques de violences ne sont pas toujours loin des urnes en C\u00f4te d\u2019Ivoire, et une telle candidature pourrait susciter des risques.\u00a0<\/em>\u00bb Toutefois, il est \u00ab\u00a0<em>difficile de d\u2019\u00e9valuer l\u2019ampleur de ces risques actuellement\u00a0<\/em>\u00bb, temp\u00e8re Sylvain N&rsquo;Guessan.<\/p>\n<p><strong>Quelle r\u00e9action de la communaut\u00e9 internationale<\/strong>\u00a0<strong>?<\/strong><\/p>\n<p>Les deux analystes sont d\u2019accord pour dire que si ces possibles tensions, son \u00e2ge (78 ans), ou les accusations de ne pas tenir sa promesse de ne pas se repr\u00e9senter peuvent le faire h\u00e9siter, cela reste insuffisant pour faire renoncer Alassane Ouattara. \u00ab\u00a0<em>Les pressions internationales ne jouent plus autant qu\u2019elles jouaient il y a une dizaine ou une vingtaine d\u2019ann\u00e9es<\/em>\u00a0\u00bb, note aussi le sociologue Francis Akind\u00e8s.<\/p>\n<p>La communaut\u00e9 internationale, la France en particulier, pourrait d\u2019ailleurs s\u2019accommoder d\u2019un troisi\u00e8me mandat d\u2019Alassane Ouattara, selon Sylvain N\u2019Guessan. \u00ab\u00a0<em>Entre quelqu\u2019un qui arrive tant bien que mal \u00e0 maintenir la stabilit\u00e9, m\u00eame si c\u2019est par la peur, et un nouveau candidat qui pourrait peut-\u00eatre ne pas r\u00e9ussir \u00e0 conduire le navire avec la menace terroriste, le piratage en mer, les violences en interne, etc, on peut se demander o\u00f9 se trouvent les int\u00e9r\u00eats des acteurs ext\u00e9rieurs<\/em>\u00a0\u00bb, analyse-t-il.<\/p>\n<p>\u00ab\u00a0<em>La v\u00e9ritable question, c\u2019est de savoir qui pourrait g\u00e9rer l\u2019h\u00e9ritage du RHDP. Avec tout ce qui a \u00e9t\u00e9 fait aux cadres du FPI de Laurent Gbagbo, par exemple &#8211; gel des avoirs, exils, prison\u2026 &#8211; ils ont des raisons l\u00e9gitimes d\u2019avoir peur du retour du b\u00e2ton. En vue de pr\u00e9server sa personne, son h\u00e9ritage et son clan, Alassane Ouattara pourrait se pr\u00e9senter<\/em>\u00a0\u00bb, avance le politologue.<\/p>\n<p>Selon Francis Akind\u00e8s, l\u2019annonce officielle de la candidature d\u2019Alhassane Ouattara n\u2019est donc qu\u2019une question de temps. La date limite du d\u00e9p\u00f4t des candidatures est fix\u00e9e au 31 ao\u00fbt prochain mais le recueil des parrainages citoyens, n\u00e9cessaires \u00e0 la validation de ces candidatures, a d\u00e9j\u00e0 d\u00e9but\u00e9.<\/p>\n<p><strong>RFI<\/strong><\/p>\n","protected":false},"excerpt":{"rendered":"<p>Qui sera le candidat du pouvoir \u00e0 l\u2019\u00e9lection pr\u00e9sidentielle en C\u00f4te d\u2019Ivoire ? Le d\u00e9c\u00e8s d\u2019Amadou Gon Coulibay, Premier ministre et dauphin d\u2019Alassane Ouattara bouleverse la strat\u00e9gie de l\u2019actuel chef de l\u2019\u00c9tat. La candidature du pr\u00e9sident ivoirien \u00e0 sa propre succession est \u00e9voqu\u00e9e par nombre d\u2019observateurs et au sein de son propre camp, le parti [&hellip;]<\/p>\n","protected":false},"author":12,"featured_media":30166,"comment_status":"closed","ping_status":"open","sticky":false,"template":"","format":"standard","meta":{"_exactmetrics_skip_tracking":false,"_exactmetrics_sitenote_active":false,"_exactmetrics_sitenote_note":"","_exactmetrics_sitenote_category":0,"tdm_status":"","tdm_grid_status":"","footnotes":""},"categories":[21],"tags":[],"class_list":{"0":"post-30165","1":"post","2":"type-post","3":"status-publish","4":"format-standard","5":"has-post-thumbnail","7":"category-international"},"yoast_head":"<!-- This site is optimized with the Yoast SEO plugin v24.2 - https:\/\/yoast.com\/wordpress\/plugins\/seo\/ -->\n<title>C\u00f4te d&#039;Ivoire: Alassane Ouattara sera-t-il candidat \u00e0 la pr\u00e9sidentielle? | Guin\u00e9e Diversit\u00e9<\/title>\n<meta name=\"robots\" content=\"index, follow, max-snippet:-1, max-image-preview:large, max-video-preview:-1\" \/>\n<link rel=\"canonical\" href=\"https:\/\/guineediversite.com\/index.php\/2020\/07\/21\/cote-divoire-alassane-ouattara-sera-t-il-candidat-a-la-presidentielle\/\" \/>\n<meta property=\"og:locale\" content=\"fr_FR\" \/>\n<meta property=\"og:type\" content=\"article\" \/>\n<meta property=\"og:title\" content=\"C\u00f4te d&#039;Ivoire: Alassane Ouattara sera-t-il candidat \u00e0 la pr\u00e9sidentielle? | Guin\u00e9e Diversit\u00e9\" \/>\n<meta property=\"og:description\" content=\"Qui sera le candidat du pouvoir \u00e0 l\u2019\u00e9lection pr\u00e9sidentielle en C\u00f4te d\u2019Ivoire ? Le d\u00e9c\u00e8s d\u2019Amadou Gon Coulibay, Premier ministre et dauphin d\u2019Alassane Ouattara bouleverse la strat\u00e9gie de l\u2019actuel chef de l\u2019\u00c9tat. La candidature du pr\u00e9sident ivoirien \u00e0 sa propre succession est \u00e9voqu\u00e9e par nombre d\u2019observateurs et au sein de son propre camp, le parti [&hellip;]\" \/>\n<meta property=\"og:url\" content=\"https:\/\/guineediversite.com\/index.php\/2020\/07\/21\/cote-divoire-alassane-ouattara-sera-t-il-candidat-a-la-presidentielle\/\" \/>\n<meta property=\"og:site_name\" content=\"Guin\u00e9e Diversit\u00e9\" \/>\n<meta property=\"article:publisher\" content=\"https:\/\/www.facebook.com\/guineediversite\/\" \/>\n<meta property=\"article:published_time\" content=\"2020-07-21T11:10:55+00:00\" \/>\n<meta property=\"og:image\" content=\"https:\/\/guineediversite.com\/wp-content\/uploads\/2020\/07\/Le-pr\u00e9sident-ivoirien-Alassane-Ouattara..jpg\" \/>\n\t<meta property=\"og:image:width\" content=\"1300\" \/>\n\t<meta property=\"og:image:height\" content=\"970\" \/>\n\t<meta property=\"og:image:type\" content=\"image\/jpeg\" \/>\n<meta name=\"author\" content=\"Guin\u00e9e Diversit\u00e9\" \/>\n<meta name=\"twitter:card\" content=\"summary_large_image\" \/>\n<meta name=\"twitter:creator\" content=\"@GuineeDiversite\" \/>\n<meta name=\"twitter:site\" content=\"@GuineeDiversite\" \/>\n<meta name=\"twitter:label1\" content=\"\u00c9crit par\" \/>\n\t<meta name=\"twitter:data1\" content=\"Guin\u00e9e Diversit\u00e9\" \/>\n\t<meta name=\"twitter:label2\" content=\"Dur\u00e9e de lecture estim\u00e9e\" \/>\n\t<meta name=\"twitter:data2\" content=\"5 minutes\" \/>\n<script type=\"application\/ld+json\" class=\"yoast-schema-graph\">{\"@context\":\"https:\/\/schema.org\",\"@graph\":[{\"@type\":\"Article\",\"@id\":\"https:\/\/guineediversite.com\/index.php\/2020\/07\/21\/cote-divoire-alassane-ouattara-sera-t-il-candidat-a-la-presidentielle\/#article\",\"isPartOf\":{\"@id\":\"https:\/\/guineediversite.com\/index.php\/2020\/07\/21\/cote-divoire-alassane-ouattara-sera-t-il-candidat-a-la-presidentielle\/\"},\"author\":{\"name\":\"Guin\u00e9e Diversit\u00e9\",\"@id\":\"https:\/\/guineediversite.com\/#\/schema\/person\/afa08fb34e7fc6e1feafc892612bc836\"},\"headline\":\"C\u00f4te d&rsquo;Ivoire: Alassane Ouattara sera-t-il candidat \u00e0 la pr\u00e9sidentielle?\",\"datePublished\":\"2020-07-21T11:10:55+00:00\",\"dateModified\":\"2020-07-21T11:10:55+00:00\",\"mainEntityOfPage\":{\"@id\":\"https:\/\/guineediversite.com\/index.php\/2020\/07\/21\/cote-divoire-alassane-ouattara-sera-t-il-candidat-a-la-presidentielle\/\"},\"wordCount\":992,\"publisher\":{\"@id\":\"https:\/\/guineediversite.com\/#organization\"},\"image\":{\"@id\":\"https:\/\/guineediversite.com\/index.php\/2020\/07\/21\/cote-divoire-alassane-ouattara-sera-t-il-candidat-a-la-presidentielle\/#primaryimage\"},\"thumbnailUrl\":\"https:\/\/guineediversite.com\/wp-content\/uploads\/2020\/07\/Le-pr\u00e9sident-ivoirien-Alassane-Ouattara..jpg\",\"articleSection\":[\"International\"],\"inLanguage\":\"fr-FR\"},{\"@type\":\"WebPage\",\"@id\":\"https:\/\/guineediversite.com\/index.php\/2020\/07\/21\/cote-divoire-alassane-ouattara-sera-t-il-candidat-a-la-presidentielle\/\",\"url\":\"https:\/\/guineediversite.com\/index.php\/2020\/07\/21\/cote-divoire-alassane-ouattara-sera-t-il-candidat-a-la-presidentielle\/\",\"name\":\"C\u00f4te d'Ivoire: Alassane Ouattara sera-t-il candidat \u00e0 la pr\u00e9sidentielle? | Guin\u00e9e Diversit\u00e9\",\"isPartOf\":{\"@id\":\"https:\/\/guineediversite.com\/#website\"},\"primaryImageOfPage\":{\"@id\":\"https:\/\/guineediversite.com\/index.php\/2020\/07\/21\/cote-divoire-alassane-ouattara-sera-t-il-candidat-a-la-presidentielle\/#primaryimage\"},\"image\":{\"@id\":\"https:\/\/guineediversite.com\/index.php\/2020\/07\/21\/cote-divoire-alassane-ouattara-sera-t-il-candidat-a-la-presidentielle\/#primaryimage\"},\"thumbnailUrl\":\"https:\/\/guineediversite.com\/wp-content\/uploads\/2020\/07\/Le-pr\u00e9sident-ivoirien-Alassane-Ouattara..jpg\",\"datePublished\":\"2020-07-21T11:10:55+00:00\",\"dateModified\":\"2020-07-21T11:10:55+00:00\",\"breadcrumb\":{\"@id\":\"https:\/\/guineediversite.com\/index.php\/2020\/07\/21\/cote-divoire-alassane-ouattara-sera-t-il-candidat-a-la-presidentielle\/#breadcrumb\"},\"inLanguage\":\"fr-FR\",\"potentialAction\":[{\"@type\":\"ReadAction\",\"target\":[\"https:\/\/guineediversite.com\/index.php\/2020\/07\/21\/cote-divoire-alassane-ouattara-sera-t-il-candidat-a-la-presidentielle\/\"]}]},{\"@type\":\"ImageObject\",\"inLanguage\":\"fr-FR\",\"@id\":\"https:\/\/guineediversite.com\/index.php\/2020\/07\/21\/cote-divoire-alassane-ouattara-sera-t-il-candidat-a-la-presidentielle\/#primaryimage\",\"url\":\"https:\/\/guineediversite.com\/wp-content\/uploads\/2020\/07\/Le-pr\u00e9sident-ivoirien-Alassane-Ouattara..jpg\",\"contentUrl\":\"https:\/\/guineediversite.com\/wp-content\/uploads\/2020\/07\/Le-pr\u00e9sident-ivoirien-Alassane-Ouattara..jpg\",\"width\":1300,\"height\":970},{\"@type\":\"BreadcrumbList\",\"@id\":\"https:\/\/guineediversite.com\/index.php\/2020\/07\/21\/cote-divoire-alassane-ouattara-sera-t-il-candidat-a-la-presidentielle\/#breadcrumb\",\"itemListElement\":[{\"@type\":\"ListItem\",\"position\":1,\"name\":\"Accueil\",\"item\":\"https:\/\/guineediversite.com\/\"},{\"@type\":\"ListItem\",\"position\":2,\"name\":\"C\u00f4te d&rsquo;Ivoire: Alassane Ouattara sera-t-il candidat \u00e0 la pr\u00e9sidentielle?\"}]},{\"@type\":\"WebSite\",\"@id\":\"https:\/\/guineediversite.com\/#website\",\"url\":\"https:\/\/guineediversite.com\/\",\"name\":\"Guin\u00e9e Diversit\u00e9\",\"description\":\"L&#039;Info dans toute sa diversit\u00e9\",\"publisher\":{\"@id\":\"https:\/\/guineediversite.com\/#organization\"},\"potentialAction\":[{\"@type\":\"SearchAction\",\"target\":{\"@type\":\"EntryPoint\",\"urlTemplate\":\"https:\/\/guineediversite.com\/?s={search_term_string}\"},\"query-input\":{\"@type\":\"PropertyValueSpecification\",\"valueRequired\":true,\"valueName\":\"search_term_string\"}}],\"inLanguage\":\"fr-FR\"},{\"@type\":\"Organization\",\"@id\":\"https:\/\/guineediversite.com\/#organization\",\"name\":\"Guin\u00e9e Diversit\u00e9\",\"url\":\"https:\/\/guineediversite.com\/\",\"logo\":{\"@type\":\"ImageObject\",\"inLanguage\":\"fr-FR\",\"@id\":\"https:\/\/guineediversite.com\/#\/schema\/logo\/image\/\",\"url\":\"https:\/\/guineediversite.com\/wp-content\/uploads\/2017\/04\/cropped-1jojlxEOMkX9Wyqfhe43D6kjPOGqBBKmx3EwWJqZ0cMrFF54yM49.png\",\"contentUrl\":\"https:\/\/guineediversite.com\/wp-content\/uploads\/2017\/04\/cropped-1jojlxEOMkX9Wyqfhe43D6kjPOGqBBKmx3EwWJqZ0cMrFF54yM49.png\",\"width\":186,\"height\":112,\"caption\":\"Guin\u00e9e Diversit\u00e9\"},\"image\":{\"@id\":\"https:\/\/guineediversite.com\/#\/schema\/logo\/image\/\"},\"sameAs\":[\"https:\/\/www.facebook.com\/guineediversite\/\",\"https:\/\/x.com\/GuineeDiversite\",\"https:\/\/www.youtube.com\/channel\/UC8sUY16qelG5ge6_D5SB83g\"]},{\"@type\":\"Person\",\"@id\":\"https:\/\/guineediversite.com\/#\/schema\/person\/afa08fb34e7fc6e1feafc892612bc836\",\"name\":\"Guin\u00e9e Diversit\u00e9\",\"image\":{\"@type\":\"ImageObject\",\"inLanguage\":\"fr-FR\",\"@id\":\"https:\/\/guineediversite.com\/#\/schema\/person\/image\/\",\"url\":\"https:\/\/secure.gravatar.com\/avatar\/50d5eb5b390f8b65ac30ac6f898eb83a?s=96&d=mm&r=g\",\"contentUrl\":\"https:\/\/secure.gravatar.com\/avatar\/50d5eb5b390f8b65ac30ac6f898eb83a?s=96&d=mm&r=g\",\"caption\":\"Guin\u00e9e Diversit\u00e9\"},\"url\":\"https:\/\/guineediversite.com\/index.php\/author\/guineediversite\/\"}]}<\/script>\n<!-- \/ Yoast SEO plugin. -->","yoast_head_json":{"title":"C\u00f4te d'Ivoire: Alassane Ouattara sera-t-il candidat \u00e0 la pr\u00e9sidentielle? | Guin\u00e9e Diversit\u00e9","robots":{"index":"index","follow":"follow","max-snippet":"max-snippet:-1","max-image-preview":"max-image-preview:large","max-video-preview":"max-video-preview:-1"},"canonical":"https:\/\/guineediversite.com\/index.php\/2020\/07\/21\/cote-divoire-alassane-ouattara-sera-t-il-candidat-a-la-presidentielle\/","og_locale":"fr_FR","og_type":"article","og_title":"C\u00f4te d'Ivoire: Alassane Ouattara sera-t-il candidat \u00e0 la pr\u00e9sidentielle? | Guin\u00e9e Diversit\u00e9","og_description":"Qui sera le candidat du pouvoir \u00e0 l\u2019\u00e9lection pr\u00e9sidentielle en C\u00f4te d\u2019Ivoire ? Le d\u00e9c\u00e8s d\u2019Amadou Gon Coulibay, Premier ministre et dauphin d\u2019Alassane Ouattara bouleverse la strat\u00e9gie de l\u2019actuel chef de l\u2019\u00c9tat. La candidature du pr\u00e9sident ivoirien \u00e0 sa propre succession est \u00e9voqu\u00e9e par nombre d\u2019observateurs et au sein de son propre camp, le parti [&hellip;]","og_url":"https:\/\/guineediversite.com\/index.php\/2020\/07\/21\/cote-divoire-alassane-ouattara-sera-t-il-candidat-a-la-presidentielle\/","og_site_name":"Guin\u00e9e Diversit\u00e9","article_publisher":"https:\/\/www.facebook.com\/guineediversite\/","article_published_time":"2020-07-21T11:10:55+00:00","og_image":[{"width":1300,"height":970,"url":"https:\/\/guineediversite.com\/wp-content\/uploads\/2020\/07\/Le-pr\u00e9sident-ivoirien-Alassane-Ouattara..jpg","type":"image\/jpeg"}],"author":"Guin\u00e9e Diversit\u00e9","twitter_card":"summary_large_image","twitter_creator":"@GuineeDiversite","twitter_site":"@GuineeDiversite","twitter_misc":{"\u00c9crit par":"Guin\u00e9e Diversit\u00e9","Dur\u00e9e de lecture estim\u00e9e":"5 minutes"},"schema":{"@context":"https:\/\/schema.org","@graph":[{"@type":"Article","@id":"https:\/\/guineediversite.com\/index.php\/2020\/07\/21\/cote-divoire-alassane-ouattara-sera-t-il-candidat-a-la-presidentielle\/#article","isPartOf":{"@id":"https:\/\/guineediversite.com\/index.php\/2020\/07\/21\/cote-divoire-alassane-ouattara-sera-t-il-candidat-a-la-presidentielle\/"},"author":{"name":"Guin\u00e9e Diversit\u00e9","@id":"https:\/\/guineediversite.com\/#\/schema\/person\/afa08fb34e7fc6e1feafc892612bc836"},"headline":"C\u00f4te d&rsquo;Ivoire: Alassane Ouattara sera-t-il candidat \u00e0 la pr\u00e9sidentielle?","datePublished":"2020-07-21T11:10:55+00:00","dateModified":"2020-07-21T11:10:55+00:00","mainEntityOfPage":{"@id":"https:\/\/guineediversite.com\/index.php\/2020\/07\/21\/cote-divoire-alassane-ouattara-sera-t-il-candidat-a-la-presidentielle\/"},"wordCount":992,"publisher":{"@id":"https:\/\/guineediversite.com\/#organization"},"image":{"@id":"https:\/\/guineediversite.com\/index.php\/2020\/07\/21\/cote-divoire-alassane-ouattara-sera-t-il-candidat-a-la-presidentielle\/#primaryimage"},"thumbnailUrl":"https:\/\/guineediversite.com\/wp-content\/uploads\/2020\/07\/Le-pr\u00e9sident-ivoirien-Alassane-Ouattara..jpg","articleSection":["International"],"inLanguage":"fr-FR"},{"@type":"WebPage","@id":"https:\/\/guineediversite.com\/index.php\/2020\/07\/21\/cote-divoire-alassane-ouattara-sera-t-il-candidat-a-la-presidentielle\/","url":"https:\/\/guineediversite.com\/index.php\/2020\/07\/21\/cote-divoire-alassane-ouattara-sera-t-il-candidat-a-la-presidentielle\/","name":"C\u00f4te d'Ivoire: Alassane Ouattara sera-t-il candidat \u00e0 la pr\u00e9sidentielle? | Guin\u00e9e Diversit\u00e9","isPartOf":{"@id":"https:\/\/guineediversite.com\/#website"},"primaryImageOfPage":{"@id":"https:\/\/guineediversite.com\/index.php\/2020\/07\/21\/cote-divoire-alassane-ouattara-sera-t-il-candidat-a-la-presidentielle\/#primaryimage"},"image":{"@id":"https:\/\/guineediversite.com\/index.php\/2020\/07\/21\/cote-divoire-alassane-ouattara-sera-t-il-candidat-a-la-presidentielle\/#primaryimage"},"thumbnailUrl":"https:\/\/guineediversite.com\/wp-content\/uploads\/2020\/07\/Le-pr\u00e9sident-ivoirien-Alassane-Ouattara..jpg","datePublished":"2020-07-21T11:10:55+00:00","dateModified":"2020-07-21T11:10:55+00:00","breadcrumb":{"@id":"https:\/\/guineediversite.com\/index.php\/2020\/07\/21\/cote-divoire-alassane-ouattara-sera-t-il-candidat-a-la-presidentielle\/#breadcrumb"},"inLanguage":"fr-FR","potentialAction":[{"@type":"ReadAction","target":["https:\/\/guineediversite.com\/index.php\/2020\/07\/21\/cote-divoire-alassane-ouattara-sera-t-il-candidat-a-la-presidentielle\/"]}]},{"@type":"ImageObject","inLanguage":"fr-FR","@id":"https:\/\/guineediversite.com\/index.php\/2020\/07\/21\/cote-divoire-alassane-ouattara-sera-t-il-candidat-a-la-presidentielle\/#primaryimage","url":"https:\/\/guineediversite.com\/wp-content\/uploads\/2020\/07\/Le-pr\u00e9sident-ivoirien-Alassane-Ouattara..jpg","contentUrl":"https:\/\/guineediversite.com\/wp-content\/uploads\/2020\/07\/Le-pr\u00e9sident-ivoirien-Alassane-Ouattara..jpg","width":1300,"height":970},{"@type":"BreadcrumbList","@id":"https:\/\/guineediversite.com\/index.php\/2020\/07\/21\/cote-divoire-alassane-ouattara-sera-t-il-candidat-a-la-presidentielle\/#breadcrumb","itemListElement":[{"@type":"ListItem","position":1,"name":"Accueil","item":"https:\/\/guineediversite.com\/"},{"@type":"ListItem","position":2,"name":"C\u00f4te d&rsquo;Ivoire: Alassane Ouattara sera-t-il candidat \u00e0 la pr\u00e9sidentielle?"}]},{"@type":"WebSite","@id":"https:\/\/guineediversite.com\/#website","url":"https:\/\/guineediversite.com\/","name":"Guin\u00e9e Diversit\u00e9","description":"L&#039;Info dans toute sa diversit\u00e9","publisher":{"@id":"https:\/\/guineediversite.com\/#organization"},"potentialAction":[{"@type":"SearchAction","target":{"@type":"EntryPoint","urlTemplate":"https:\/\/guineediversite.com\/?s={search_term_string}"},"query-input":{"@type":"PropertyValueSpecification","valueRequired":true,"valueName":"search_term_string"}}],"inLanguage":"fr-FR"},{"@type":"Organization","@id":"https:\/\/guineediversite.com\/#organization","name":"Guin\u00e9e Diversit\u00e9","url":"https:\/\/guineediversite.com\/","logo":{"@type":"ImageObject","inLanguage":"fr-FR","@id":"https:\/\/guineediversite.com\/#\/schema\/logo\/image\/","url":"https:\/\/guineediversite.com\/wp-content\/uploads\/2017\/04\/cropped-1jojlxEOMkX9Wyqfhe43D6kjPOGqBBKmx3EwWJqZ0cMrFF54yM49.png","contentUrl":"https:\/\/guineediversite.com\/wp-content\/uploads\/2017\/04\/cropped-1jojlxEOMkX9Wyqfhe43D6kjPOGqBBKmx3EwWJqZ0cMrFF54yM49.png","width":186,"height":112,"caption":"Guin\u00e9e Diversit\u00e9"},"image":{"@id":"https:\/\/guineediversite.com\/#\/schema\/logo\/image\/"},"sameAs":["https:\/\/www.facebook.com\/guineediversite\/","https:\/\/x.com\/GuineeDiversite","https:\/\/www.youtube.com\/channel\/UC8sUY16qelG5ge6_D5SB83g"]},{"@type":"Person","@id":"https:\/\/guineediversite.com\/#\/schema\/person\/afa08fb34e7fc6e1feafc892612bc836","name":"Guin\u00e9e Diversit\u00e9","image":{"@type":"ImageObject","inLanguage":"fr-FR","@id":"https:\/\/guineediversite.com\/#\/schema\/person\/image\/","url":"https:\/\/secure.gravatar.com\/avatar\/50d5eb5b390f8b65ac30ac6f898eb83a?s=96&d=mm&r=g","contentUrl":"https:\/\/secure.gravatar.com\/avatar\/50d5eb5b390f8b65ac30ac6f898eb83a?s=96&d=mm&r=g","caption":"Guin\u00e9e Diversit\u00e9"},"url":"https:\/\/guineediversite.com\/index.php\/author\/guineediversite\/"}]}},"_links":{"self":[{"href":"https:\/\/guineediversite.com\/index.php\/wp-json\/wp\/v2\/posts\/30165"}],"collection":[{"href":"https:\/\/guineediversite.com\/index.php\/wp-json\/wp\/v2\/posts"}],"about":[{"href":"https:\/\/guineediversite.com\/index.php\/wp-json\/wp\/v2\/types\/post"}],"author":[{"embeddable":true,"href":"https:\/\/guineediversite.com\/index.php\/wp-json\/wp\/v2\/users\/12"}],"replies":[{"embeddable":true,"href":"https:\/\/guineediversite.com\/index.php\/wp-json\/wp\/v2\/comments?post=30165"}],"version-history":[{"count":1,"href":"https:\/\/guineediversite.com\/index.php\/wp-json\/wp\/v2\/posts\/30165\/revisions"}],"predecessor-version":[{"id":30167,"href":"https:\/\/guineediversite.com\/index.php\/wp-json\/wp\/v2\/posts\/30165\/revisions\/30167"}],"wp:featuredmedia":[{"embeddable":true,"href":"https:\/\/guineediversite.com\/index.php\/wp-json\/wp\/v2\/media\/30166"}],"wp:attachment":[{"href":"https:\/\/guineediversite.com\/index.php\/wp-json\/wp\/v2\/media?parent=30165"}],"wp:term":[{"taxonomy":"category","embeddable":true,"href":"https:\/\/guineediversite.com\/index.php\/wp-json\/wp\/v2\/categories?post=30165"},{"taxonomy":"post_tag","embeddable":true,"href":"https:\/\/guineediversite.com\/index.php\/wp-json\/wp\/v2\/tags?post=30165"}],"curies":[{"name":"wp","href":"https:\/\/api.w.org\/{rel}","templated":true}]}}