{"id":30162,"date":"2020-07-21T13:00:16","date_gmt":"2020-07-21T11:00:16","guid":{"rendered":"https:\/\/guineediversite.com\/?p=30162"},"modified":"2020-07-21T13:00:16","modified_gmt":"2020-07-21T11:00:16","slug":"plan-de-relance-les-27-sentendent-sur-un-accord-un-jour-historique-pour-leurope","status":"publish","type":"post","link":"https:\/\/guineediversite.com\/index.php\/2020\/07\/21\/plan-de-relance-les-27-sentendent-sur-un-accord-un-jour-historique-pour-leurope\/","title":{"rendered":"Plan de relance: les 27 s&rsquo;entendent sur un accord, un \u00abjour historique pour l&rsquo;Europe\u00bb"},"content":{"rendered":"<p>Apr\u00e8s quatre jours de n\u00e9gociations acharn\u00e9es, les dirigeants des \u00c9tats europ\u00e9ens r\u00e9unis en sommet \u00e0 Bruxelles ont finalement trouv\u00e9 un accord ce mardi 21 juillet, sur le plan de relance post-coronavirus.<\/p>\n<p>Les dirigeants des 27 pays de l&rsquo;UE ont trouv\u00e9 un accord ce mardi 21 juillet, au petit matin, sur un plan de relance post-coronavirus historique, au cinqui\u00e8me jour d&rsquo;un sommet marathon \u00e0 Bruxelles, a annonc\u00e9 le pr\u00e9sident du Conseil europ\u00e9en Charles Michel sur Twitter. \u00ab\u00a0<em>Deal\u00a0!<\/em>\u00a0\u00bb, a tweet\u00e9 le Belge. \u00ab\u00a0<em>Jour historique pour l&rsquo;Europe<\/em>\u00a0\u00bb, s&rsquo;est exclam\u00e9 le pr\u00e9sident fran\u00e7ais Emmanuel Macron sur Twitter, quelques secondes apr\u00e8s l&rsquo;annonce de l&rsquo;accord.<\/p>\n<p>Initialement pr\u00e9vue \u00e0 16h, la s\u00e9ance r\u00e9unissant l&rsquo;ensemble des dirigeants des \u00c9tats membres\u00a0a \u00e9t\u00e9 maintes fois repouss\u00e9e\u00a0pour prendre en compte les exigences de chacun.\u00a0Elle a finalement commenc\u00e9 un peu avant 21h30 locales.<\/p>\n<p>Objet d&rsquo;une bataille acharn\u00e9e entre les pays \u00ab\u00a0frugaux\u00a0\u00bb et le couple franco-allemand, ce plan de 750 milliards d&rsquo;euros cr\u00e9e pour la premi\u00e8re fois une dette commune, et s&rsquo;adosse \u00e0 un budget pluriannuel de l&rsquo;UE (2021-2027) de 1 074 milliards d&rsquo;euros, soit 154 milliards d&rsquo;euros par an.<\/p>\n<p>\u00ab\u00a0<em>Nous avons un accord. Et un bon accord ! Avec un budget 2021-2027 de 1 074 milliards et un plan de relance de 750 milliards, jamais l&rsquo;Union europ\u00e9enne n&rsquo;avait d\u00e9cid\u00e9 d&rsquo;investir de mani\u00e8re aussi ambitieuse dans l&rsquo;avenir<\/em>\u00a0\u00bb, a expliqu\u00e9 la Premi\u00e8re ministre belge, Sophie Wilmes. Pour Charles Michel, cet accord est la preuve que \u00ab\u00a0<em>la magie de l\u2019Europe fonctionne<\/em>\u00a0\u00bb.<\/p>\n<p>\u00ab\u00a0<em>Le plan de relance fond\u00e9 sur cette solidarit\u00e9 europ\u00e9enne, c&rsquo;est un changement historique de notre Europe et de notre zone euro. C&rsquo;est la premi\u00e8re fois que nous mettons en place cette capacit\u00e9 budg\u00e9taire commune, \u00e0 ce niveau-l\u00e0<\/em>\u00a0\u00bb, a salu\u00e9 Emmanuel Macron lors d&rsquo;une conf\u00e9rence de presse en visioconf\u00e9rence aux c\u00f4t\u00e9s de la chanceli\u00e8re allemande, Angela Merkel.<\/p>\n<p>Emmanuel Macron a \u00e9galement pr\u00e9cis\u00e9 qu&rsquo;il n&rsquo;avait \u00ab\u00a0<em>aucun\u00a0esprit chagrin \u00e0 propos de cet accord<\/em>\u00a0\u00bb,\u00a0alors que la France a d\u00fb faire des concessions, notamment sur le montant des subventions. \u00ab\u00a0<em>Nous avons parcouru un chemin important et l\u2019Europe a montr\u00e9e qu\u2019elle sait emprunter des voies nouvelles dans une situation exceptionnelle<\/em>\u00a0\u00bb, a d\u00e9clar\u00e9 Angela Merkel.<\/p>\n<p>Pour le chercheur en \u00e9tudes europ\u00e9ennes \u00e0 l\u2019Universit\u00e9 du Luxembourg, Fr\u00e9d\u00e9ric Allemand, on a v\u00e9ritablement quelque chose d\u2019innovant et de tout \u00e0 fait in\u00e9dit dans l\u2019histoire de la construction europ\u00e9enne: \u00ab\u00a0<em>Jamais, \u00e0 ce jour, l\u2019Union europ\u00e9enne n\u2019avait eu une telle capacit\u00e9, en dehors de ses capacit\u00e9s budg\u00e9taires annuelles.<\/em>\u00a0\u00bb<\/p>\n<p><strong>Un plan de relance revu \u00e0 la baisse<\/strong><\/p>\n<p>Pour parvenir \u00e0 un compromis, le pr\u00e9sident du Conseil europ\u00e9en Charles\u00a0Michel, qui joue un r\u00f4le de m\u00e9diateur dans ce sommet,\u00a0a soumis aux dirigeants de l&rsquo;UE une proposition r\u00e9vis\u00e9e du plan de relance, moins ambitieuse que la proposition initiale n\u00e9anmoins. Cette proposition \u00ab\u00a0<em>est le fruit d&rsquo;un travail collectif extr\u00eamement intense<\/em>\u00a0\u00bb, avait affirm\u00e9 l&rsquo;ex-Premier ministre belge.<\/p>\n<p>Selon un document obtenu par l&rsquo;AFP, elle revoit \u00e0 la baisse la part de subventions dans le plan de relance\u00a0: 390 milliards, contre 500 milliards pr\u00e9vus au d\u00e9part, pour une capacit\u00e9 d&#8217;emprunt de 750 milliards d&rsquo;euros. Ce sera la dette commune \u00e0 rembourser par les 27. Trois cent soixante\u00a0milliards d&rsquo;euros seront par ailleurs disponibles pour des pr\u00eats, remboursables par le pays demandeur.<\/p>\n<p>La r\u00e9duction du volume des dons est un geste en direction des pays \u00ab\u00a0frugaux\u00a0\u00bb\u00a0\u2013 Pays-Bas, Su\u00e8de, Danemark, Autriche \u2013 rejoints par la Finlande. Ceux-ci r\u00e9clamaient que l&rsquo;argent soit donn\u00e9e sous forme de pr\u00eats et non de subventions non remboursables. \u00c0 plusieurs reprises, ils ont menac\u00e9 de faire capoter ce plan massif de soutien \u00e0 l&rsquo;\u00e9conomie, qui profiterait avant tout aux pays du Sud comme l&rsquo;Italie et l&rsquo;Espagne, les plus touch\u00e9s par l&rsquo;\u00e9pid\u00e9mie.<\/p>\n<p>Le Premier n\u00e9erlandais Mark Rutte, le plus difficile \u00e0 convaincre, avait reconnu que des progr\u00e8s avaient \u00e9t\u00e9 faits en sa direction.<\/p>\n<p>L&rsquo;Italie, o\u00f9 le Covid-19 a d\u00e9j\u00e0 fait plus de 35 000 morts, sera en effet le plus grand b\u00e9n\u00e9ficiaire du fond europ\u00e9en de relance \u00e9conomique. De Bruxelles, Giuseppe Conte s&rsquo;est adress\u00e9 ce mardi matin aux Italiens pour leur faire part de sa satisfaction, rapporte notre correspondante \u00e0 Rome, <strong>Anne Le Nir<\/strong>.<\/p>\n<p>\u00ab\u00a0<em>Nous sommes satisfaits, <\/em>s&rsquo;est r\u00e9joui le pr\u00e9sident du Conseil italien. <em>Nous avons adopt\u00e9 un plan relance ambitieux, adapt\u00e9 \u00e0 toutes les exigences auxquelles nous devons faire face et qui nous permettra d&rsquo;affronter cette crise avec force et avec efficacit\u00e9. C&rsquo;est un moment historique pour l&rsquo;Europe. Un moment historique pour l\u2019Italie. Notre requ\u00eate, la conviction dont nous avons fait preuve au cours des ces derniers mois, l&rsquo;ambition et la d\u00e9termination avec lesquelles nous avons poursuivi nos objectifs, ont \u00e9t\u00e9 r\u00e9compens\u00e9es<\/em>.\u00a0\u00bb<\/p>\n<p><strong>Objectifs climatiques et respect de l&rsquo;\u00c9tat de droit<\/strong><\/p>\n<p>\u00ab\u00a0<em>Pour la premi\u00e8re fois dans l&rsquo;histoire europ\u00e9enne, le budget est li\u00e9 aux objectifs climatiques, pour la premi\u00e8re fois, le respect de l&rsquo;\u00c9tat de droit devient une condition pour l&rsquo;octroi des fonds<\/em>\u00a0\u00bb, a annonc\u00e9 Charles Michel.<\/p>\n<p>Cette conditionnalit\u00e9 rencontrait une forte opposition de la Pologne et la Hongrie, deux pays dans le collimateur de la Commission et du Parlement europ\u00e9en qui ont enclench\u00e9 une proc\u00e9dure \u00e0 leur encontre pour des violations de l&rsquo;\u00c9tat de droit.<\/p>\n<p>Viktor Orban, qui avait fait planer des menaces de veto au sommet, a r\u00e9clam\u00e9 la fin de cette proc\u00e9dure dite de \u00ab\u00a0l&rsquo;article 7\u00a0\u00bb \u00e0 l&rsquo;encontre de son pays, qui peut en th\u00e9orie d\u00e9boucher sur des sanctions. La presse hongroise pro-Orban a salu\u00e9 une \u00ab\u00a0<em>grande victoire<\/em>\u00a0\u00bb.<\/p>\n<p>Les sources de tension n&rsquo;ont pas manqu\u00e9 au cours de ce sommet marathon. Emmanuel Macron a notamment hauss\u00e9 le ton pour d\u00e9noncer la mauvaise volont\u00e9 et les \u00ab\u00a0<em>incoh\u00e9rences<\/em>\u00a0\u00bb des frugaux. Mais le sommet a aussi \u00e9t\u00e9 l&rsquo;occasion d&rsquo;une relance spectaculaire du couple franco-allemand, apr\u00e8s des mois d&rsquo;impatience et de frustrations r\u00e9ciproques, et du m\u00eame coup du projet europ\u00e9en, \u00e9branl\u00e9 par la crise du Covid-19.<\/p>\n<p>Est-ce que ces tensions vont laisser des traces ? Pour Fr\u00e9d\u00e9ric Allemand, il y a un clivage qui va continuer d&rsquo;exister \u00ab\u00a0<em>entre les pays qui contribuent fortement au budget de l\u2019Union europ\u00e9enne et qui ne re\u00e7oivent pas int\u00e9gralement le montant qu\u2019ils ont vers\u00e9.\u00a0<\/em>\u00bb Les conditions de rabais qui ont \u00e9t\u00e9 adopt\u00e9es cette nuit vont r\u00e9duire l&rsquo;\u00e9cart\u00a0entre ce qu&rsquo;ils versent\u00a0et ce qu&rsquo;ils touchent.\u00ab\u00a0<em>C\u2019est cela qui a emport\u00e9 aussi la mise du c\u00f4t\u00e9, notamment, des Pays-Bas. Apr\u00e8s, sur la suite, il est clair qu\u2019il y a quelques sujets encore importants et cela laissera des traces dans les m\u00e9moires, sur les propos qui ont \u00e9t\u00e9 tenus par les uns et les autres<\/em>\u00a0\u00bb.<\/p>\n<p><strong>RFI<\/strong><\/p>\n","protected":false},"excerpt":{"rendered":"<p>Apr\u00e8s quatre jours de n\u00e9gociations acharn\u00e9es, les dirigeants des \u00c9tats europ\u00e9ens r\u00e9unis en sommet \u00e0 Bruxelles ont finalement trouv\u00e9 un accord ce mardi 21 juillet, sur le plan de relance post-coronavirus. Les dirigeants des 27 pays de l&rsquo;UE ont trouv\u00e9 un accord ce mardi 21 juillet, au petit matin, sur un plan de relance post-coronavirus [&hellip;]<\/p>\n","protected":false},"author":7,"featured_media":30163,"comment_status":"closed","ping_status":"open","sticky":false,"template":"","format":"standard","meta":{"_exactmetrics_skip_tracking":false,"_exactmetrics_sitenote_active":false,"_exactmetrics_sitenote_note":"","_exactmetrics_sitenote_category":0,"tdm_status":"","tdm_grid_status":"","footnotes":""},"categories":[21],"tags":[],"class_list":{"0":"post-30162","1":"post","2":"type-post","3":"status-publish","4":"format-standard","5":"has-post-thumbnail","7":"category-international"},"yoast_head":"<!-- This site is optimized with the Yoast SEO plugin v24.2 - https:\/\/yoast.com\/wordpress\/plugins\/seo\/ -->\n<title>Plan de relance: les 27 s&#039;entendent sur un accord, un \u00abjour historique pour l&#039;Europe\u00bb | Guin\u00e9e Diversit\u00e9<\/title>\n<meta name=\"robots\" content=\"index, follow, max-snippet:-1, max-image-preview:large, max-video-preview:-1\" \/>\n<link rel=\"canonical\" href=\"https:\/\/guineediversite.com\/index.php\/2020\/07\/21\/plan-de-relance-les-27-sentendent-sur-un-accord-un-jour-historique-pour-leurope\/\" \/>\n<meta property=\"og:locale\" content=\"fr_FR\" \/>\n<meta property=\"og:type\" content=\"article\" \/>\n<meta property=\"og:title\" content=\"Plan de relance: les 27 s&#039;entendent sur un accord, un \u00abjour historique pour l&#039;Europe\u00bb | Guin\u00e9e Diversit\u00e9\" \/>\n<meta property=\"og:description\" content=\"Apr\u00e8s quatre jours de n\u00e9gociations acharn\u00e9es, les dirigeants des \u00c9tats europ\u00e9ens r\u00e9unis en sommet \u00e0 Bruxelles ont finalement trouv\u00e9 un accord ce mardi 21 juillet, sur le plan de relance post-coronavirus. Les dirigeants des 27 pays de l&rsquo;UE ont trouv\u00e9 un accord ce mardi 21 juillet, au petit matin, sur un plan de relance post-coronavirus [&hellip;]\" \/>\n<meta property=\"og:url\" content=\"https:\/\/guineediversite.com\/index.php\/2020\/07\/21\/plan-de-relance-les-27-sentendent-sur-un-accord-un-jour-historique-pour-leurope\/\" \/>\n<meta property=\"og:site_name\" content=\"Guin\u00e9e Diversit\u00e9\" \/>\n<meta property=\"article:publisher\" content=\"https:\/\/www.facebook.com\/guineediversite\/\" \/>\n<meta property=\"article:published_time\" content=\"2020-07-21T11:00:16+00:00\" \/>\n<meta property=\"og:image\" content=\"https:\/\/guineediversite.com\/wp-content\/uploads\/2020\/07\/Le-pr\u00e9sident-fran\u00e7ais-Emmanuel-Macron-et-le-pr\u00e9sident-Conseil-europ\u00e9en-Charles-Michel-apr\u00e8s-la-derni\u00e8re-table-ronde-du-sommet-europ\u00e9en-sur-le-plan-de-relance-\u00e0-Bruxelles-le-21-juillet-2020..jpg\" \/>\n\t<meta property=\"og:image:width\" content=\"1400\" \/>\n\t<meta property=\"og:image:height\" content=\"1400\" \/>\n\t<meta property=\"og:image:type\" content=\"image\/jpeg\" \/>\n<meta name=\"author\" content=\"Bilguissa Diallo\" \/>\n<meta name=\"twitter:card\" content=\"summary_large_image\" \/>\n<meta name=\"twitter:creator\" content=\"@GuineeDiversite\" \/>\n<meta name=\"twitter:site\" content=\"@GuineeDiversite\" \/>\n<meta name=\"twitter:label1\" content=\"\u00c9crit par\" \/>\n\t<meta name=\"twitter:data1\" content=\"Bilguissa Diallo\" \/>\n\t<meta name=\"twitter:label2\" content=\"Dur\u00e9e de lecture estim\u00e9e\" \/>\n\t<meta name=\"twitter:data2\" content=\"6 minutes\" \/>\n<script type=\"application\/ld+json\" class=\"yoast-schema-graph\">{\"@context\":\"https:\/\/schema.org\",\"@graph\":[{\"@type\":\"Article\",\"@id\":\"https:\/\/guineediversite.com\/index.php\/2020\/07\/21\/plan-de-relance-les-27-sentendent-sur-un-accord-un-jour-historique-pour-leurope\/#article\",\"isPartOf\":{\"@id\":\"https:\/\/guineediversite.com\/index.php\/2020\/07\/21\/plan-de-relance-les-27-sentendent-sur-un-accord-un-jour-historique-pour-leurope\/\"},\"author\":{\"name\":\"Bilguissa Diallo\",\"@id\":\"https:\/\/guineediversite.com\/#\/schema\/person\/0e0e3e424768a50d025ac2218ccca73f\"},\"headline\":\"Plan de relance: les 27 s&rsquo;entendent sur un accord, un \u00abjour historique pour l&rsquo;Europe\u00bb\",\"datePublished\":\"2020-07-21T11:00:16+00:00\",\"dateModified\":\"2020-07-21T11:00:16+00:00\",\"mainEntityOfPage\":{\"@id\":\"https:\/\/guineediversite.com\/index.php\/2020\/07\/21\/plan-de-relance-les-27-sentendent-sur-un-accord-un-jour-historique-pour-leurope\/\"},\"wordCount\":1192,\"publisher\":{\"@id\":\"https:\/\/guineediversite.com\/#organization\"},\"image\":{\"@id\":\"https:\/\/guineediversite.com\/index.php\/2020\/07\/21\/plan-de-relance-les-27-sentendent-sur-un-accord-un-jour-historique-pour-leurope\/#primaryimage\"},\"thumbnailUrl\":\"https:\/\/guineediversite.com\/wp-content\/uploads\/2020\/07\/Le-pr\u00e9sident-fran\u00e7ais-Emmanuel-Macron-et-le-pr\u00e9sident-Conseil-europ\u00e9en-Charles-Michel-apr\u00e8s-la-derni\u00e8re-table-ronde-du-sommet-europ\u00e9en-sur-le-plan-de-relance-\u00e0-Bruxelles-le-21-juillet-2020..jpg\",\"articleSection\":[\"International\"],\"inLanguage\":\"fr-FR\"},{\"@type\":\"WebPage\",\"@id\":\"https:\/\/guineediversite.com\/index.php\/2020\/07\/21\/plan-de-relance-les-27-sentendent-sur-un-accord-un-jour-historique-pour-leurope\/\",\"url\":\"https:\/\/guineediversite.com\/index.php\/2020\/07\/21\/plan-de-relance-les-27-sentendent-sur-un-accord-un-jour-historique-pour-leurope\/\",\"name\":\"Plan de relance: les 27 s'entendent sur un accord, un \u00abjour historique pour l'Europe\u00bb | Guin\u00e9e Diversit\u00e9\",\"isPartOf\":{\"@id\":\"https:\/\/guineediversite.com\/#website\"},\"primaryImageOfPage\":{\"@id\":\"https:\/\/guineediversite.com\/index.php\/2020\/07\/21\/plan-de-relance-les-27-sentendent-sur-un-accord-un-jour-historique-pour-leurope\/#primaryimage\"},\"image\":{\"@id\":\"https:\/\/guineediversite.com\/index.php\/2020\/07\/21\/plan-de-relance-les-27-sentendent-sur-un-accord-un-jour-historique-pour-leurope\/#primaryimage\"},\"thumbnailUrl\":\"https:\/\/guineediversite.com\/wp-content\/uploads\/2020\/07\/Le-pr\u00e9sident-fran\u00e7ais-Emmanuel-Macron-et-le-pr\u00e9sident-Conseil-europ\u00e9en-Charles-Michel-apr\u00e8s-la-derni\u00e8re-table-ronde-du-sommet-europ\u00e9en-sur-le-plan-de-relance-\u00e0-Bruxelles-le-21-juillet-2020..jpg\",\"datePublished\":\"2020-07-21T11:00:16+00:00\",\"dateModified\":\"2020-07-21T11:00:16+00:00\",\"breadcrumb\":{\"@id\":\"https:\/\/guineediversite.com\/index.php\/2020\/07\/21\/plan-de-relance-les-27-sentendent-sur-un-accord-un-jour-historique-pour-leurope\/#breadcrumb\"},\"inLanguage\":\"fr-FR\",\"potentialAction\":[{\"@type\":\"ReadAction\",\"target\":[\"https:\/\/guineediversite.com\/index.php\/2020\/07\/21\/plan-de-relance-les-27-sentendent-sur-un-accord-un-jour-historique-pour-leurope\/\"]}]},{\"@type\":\"ImageObject\",\"inLanguage\":\"fr-FR\",\"@id\":\"https:\/\/guineediversite.com\/index.php\/2020\/07\/21\/plan-de-relance-les-27-sentendent-sur-un-accord-un-jour-historique-pour-leurope\/#primaryimage\",\"url\":\"https:\/\/guineediversite.com\/wp-content\/uploads\/2020\/07\/Le-pr\u00e9sident-fran\u00e7ais-Emmanuel-Macron-et-le-pr\u00e9sident-Conseil-europ\u00e9en-Charles-Michel-apr\u00e8s-la-derni\u00e8re-table-ronde-du-sommet-europ\u00e9en-sur-le-plan-de-relance-\u00e0-Bruxelles-le-21-juillet-2020..jpg\",\"contentUrl\":\"https:\/\/guineediversite.com\/wp-content\/uploads\/2020\/07\/Le-pr\u00e9sident-fran\u00e7ais-Emmanuel-Macron-et-le-pr\u00e9sident-Conseil-europ\u00e9en-Charles-Michel-apr\u00e8s-la-derni\u00e8re-table-ronde-du-sommet-europ\u00e9en-sur-le-plan-de-relance-\u00e0-Bruxelles-le-21-juillet-2020..jpg\",\"width\":1400,\"height\":1400},{\"@type\":\"BreadcrumbList\",\"@id\":\"https:\/\/guineediversite.com\/index.php\/2020\/07\/21\/plan-de-relance-les-27-sentendent-sur-un-accord-un-jour-historique-pour-leurope\/#breadcrumb\",\"itemListElement\":[{\"@type\":\"ListItem\",\"position\":1,\"name\":\"Accueil\",\"item\":\"https:\/\/guineediversite.com\/\"},{\"@type\":\"ListItem\",\"position\":2,\"name\":\"Plan de relance: les 27 s&rsquo;entendent sur un accord, un \u00abjour historique pour l&rsquo;Europe\u00bb\"}]},{\"@type\":\"WebSite\",\"@id\":\"https:\/\/guineediversite.com\/#website\",\"url\":\"https:\/\/guineediversite.com\/\",\"name\":\"Guin\u00e9e Diversit\u00e9\",\"description\":\"L&#039;Info dans toute sa diversit\u00e9\",\"publisher\":{\"@id\":\"https:\/\/guineediversite.com\/#organization\"},\"potentialAction\":[{\"@type\":\"SearchAction\",\"target\":{\"@type\":\"EntryPoint\",\"urlTemplate\":\"https:\/\/guineediversite.com\/?s={search_term_string}\"},\"query-input\":{\"@type\":\"PropertyValueSpecification\",\"valueRequired\":true,\"valueName\":\"search_term_string\"}}],\"inLanguage\":\"fr-FR\"},{\"@type\":\"Organization\",\"@id\":\"https:\/\/guineediversite.com\/#organization\",\"name\":\"Guin\u00e9e Diversit\u00e9\",\"url\":\"https:\/\/guineediversite.com\/\",\"logo\":{\"@type\":\"ImageObject\",\"inLanguage\":\"fr-FR\",\"@id\":\"https:\/\/guineediversite.com\/#\/schema\/logo\/image\/\",\"url\":\"https:\/\/guineediversite.com\/wp-content\/uploads\/2017\/04\/cropped-1jojlxEOMkX9Wyqfhe43D6kjPOGqBBKmx3EwWJqZ0cMrFF54yM49.png\",\"contentUrl\":\"https:\/\/guineediversite.com\/wp-content\/uploads\/2017\/04\/cropped-1jojlxEOMkX9Wyqfhe43D6kjPOGqBBKmx3EwWJqZ0cMrFF54yM49.png\",\"width\":186,\"height\":112,\"caption\":\"Guin\u00e9e Diversit\u00e9\"},\"image\":{\"@id\":\"https:\/\/guineediversite.com\/#\/schema\/logo\/image\/\"},\"sameAs\":[\"https:\/\/www.facebook.com\/guineediversite\/\",\"https:\/\/x.com\/GuineeDiversite\",\"https:\/\/www.youtube.com\/channel\/UC8sUY16qelG5ge6_D5SB83g\"]},{\"@type\":\"Person\",\"@id\":\"https:\/\/guineediversite.com\/#\/schema\/person\/0e0e3e424768a50d025ac2218ccca73f\",\"name\":\"Bilguissa Diallo\",\"image\":{\"@type\":\"ImageObject\",\"inLanguage\":\"fr-FR\",\"@id\":\"https:\/\/guineediversite.com\/#\/schema\/person\/image\/\",\"url\":\"https:\/\/secure.gravatar.com\/avatar\/49bbbd2420ee34d62b1b191791f4b5df?s=96&d=mm&r=g\",\"contentUrl\":\"https:\/\/secure.gravatar.com\/avatar\/49bbbd2420ee34d62b1b191791f4b5df?s=96&d=mm&r=g\",\"caption\":\"Bilguissa Diallo\"},\"url\":\"https:\/\/guineediversite.com\/index.php\/author\/bilguissa\/\"}]}<\/script>\n<!-- \/ Yoast SEO plugin. -->","yoast_head_json":{"title":"Plan de relance: les 27 s'entendent sur un accord, un \u00abjour historique pour l'Europe\u00bb | Guin\u00e9e Diversit\u00e9","robots":{"index":"index","follow":"follow","max-snippet":"max-snippet:-1","max-image-preview":"max-image-preview:large","max-video-preview":"max-video-preview:-1"},"canonical":"https:\/\/guineediversite.com\/index.php\/2020\/07\/21\/plan-de-relance-les-27-sentendent-sur-un-accord-un-jour-historique-pour-leurope\/","og_locale":"fr_FR","og_type":"article","og_title":"Plan de relance: les 27 s'entendent sur un accord, un \u00abjour historique pour l'Europe\u00bb | Guin\u00e9e Diversit\u00e9","og_description":"Apr\u00e8s quatre jours de n\u00e9gociations acharn\u00e9es, les dirigeants des \u00c9tats europ\u00e9ens r\u00e9unis en sommet \u00e0 Bruxelles ont finalement trouv\u00e9 un accord ce mardi 21 juillet, sur le plan de relance post-coronavirus. Les dirigeants des 27 pays de l&rsquo;UE ont trouv\u00e9 un accord ce mardi 21 juillet, au petit matin, sur un plan de relance post-coronavirus [&hellip;]","og_url":"https:\/\/guineediversite.com\/index.php\/2020\/07\/21\/plan-de-relance-les-27-sentendent-sur-un-accord-un-jour-historique-pour-leurope\/","og_site_name":"Guin\u00e9e Diversit\u00e9","article_publisher":"https:\/\/www.facebook.com\/guineediversite\/","article_published_time":"2020-07-21T11:00:16+00:00","og_image":[{"width":1400,"height":1400,"url":"https:\/\/guineediversite.com\/wp-content\/uploads\/2020\/07\/Le-pr\u00e9sident-fran\u00e7ais-Emmanuel-Macron-et-le-pr\u00e9sident-Conseil-europ\u00e9en-Charles-Michel-apr\u00e8s-la-derni\u00e8re-table-ronde-du-sommet-europ\u00e9en-sur-le-plan-de-relance-\u00e0-Bruxelles-le-21-juillet-2020..jpg","type":"image\/jpeg"}],"author":"Bilguissa Diallo","twitter_card":"summary_large_image","twitter_creator":"@GuineeDiversite","twitter_site":"@GuineeDiversite","twitter_misc":{"\u00c9crit par":"Bilguissa Diallo","Dur\u00e9e de lecture estim\u00e9e":"6 minutes"},"schema":{"@context":"https:\/\/schema.org","@graph":[{"@type":"Article","@id":"https:\/\/guineediversite.com\/index.php\/2020\/07\/21\/plan-de-relance-les-27-sentendent-sur-un-accord-un-jour-historique-pour-leurope\/#article","isPartOf":{"@id":"https:\/\/guineediversite.com\/index.php\/2020\/07\/21\/plan-de-relance-les-27-sentendent-sur-un-accord-un-jour-historique-pour-leurope\/"},"author":{"name":"Bilguissa Diallo","@id":"https:\/\/guineediversite.com\/#\/schema\/person\/0e0e3e424768a50d025ac2218ccca73f"},"headline":"Plan de relance: les 27 s&rsquo;entendent sur un accord, un \u00abjour historique pour l&rsquo;Europe\u00bb","datePublished":"2020-07-21T11:00:16+00:00","dateModified":"2020-07-21T11:00:16+00:00","mainEntityOfPage":{"@id":"https:\/\/guineediversite.com\/index.php\/2020\/07\/21\/plan-de-relance-les-27-sentendent-sur-un-accord-un-jour-historique-pour-leurope\/"},"wordCount":1192,"publisher":{"@id":"https:\/\/guineediversite.com\/#organization"},"image":{"@id":"https:\/\/guineediversite.com\/index.php\/2020\/07\/21\/plan-de-relance-les-27-sentendent-sur-un-accord-un-jour-historique-pour-leurope\/#primaryimage"},"thumbnailUrl":"https:\/\/guineediversite.com\/wp-content\/uploads\/2020\/07\/Le-pr\u00e9sident-fran\u00e7ais-Emmanuel-Macron-et-le-pr\u00e9sident-Conseil-europ\u00e9en-Charles-Michel-apr\u00e8s-la-derni\u00e8re-table-ronde-du-sommet-europ\u00e9en-sur-le-plan-de-relance-\u00e0-Bruxelles-le-21-juillet-2020..jpg","articleSection":["International"],"inLanguage":"fr-FR"},{"@type":"WebPage","@id":"https:\/\/guineediversite.com\/index.php\/2020\/07\/21\/plan-de-relance-les-27-sentendent-sur-un-accord-un-jour-historique-pour-leurope\/","url":"https:\/\/guineediversite.com\/index.php\/2020\/07\/21\/plan-de-relance-les-27-sentendent-sur-un-accord-un-jour-historique-pour-leurope\/","name":"Plan de relance: les 27 s'entendent sur un accord, un \u00abjour historique pour l'Europe\u00bb | Guin\u00e9e Diversit\u00e9","isPartOf":{"@id":"https:\/\/guineediversite.com\/#website"},"primaryImageOfPage":{"@id":"https:\/\/guineediversite.com\/index.php\/2020\/07\/21\/plan-de-relance-les-27-sentendent-sur-un-accord-un-jour-historique-pour-leurope\/#primaryimage"},"image":{"@id":"https:\/\/guineediversite.com\/index.php\/2020\/07\/21\/plan-de-relance-les-27-sentendent-sur-un-accord-un-jour-historique-pour-leurope\/#primaryimage"},"thumbnailUrl":"https:\/\/guineediversite.com\/wp-content\/uploads\/2020\/07\/Le-pr\u00e9sident-fran\u00e7ais-Emmanuel-Macron-et-le-pr\u00e9sident-Conseil-europ\u00e9en-Charles-Michel-apr\u00e8s-la-derni\u00e8re-table-ronde-du-sommet-europ\u00e9en-sur-le-plan-de-relance-\u00e0-Bruxelles-le-21-juillet-2020..jpg","datePublished":"2020-07-21T11:00:16+00:00","dateModified":"2020-07-21T11:00:16+00:00","breadcrumb":{"@id":"https:\/\/guineediversite.com\/index.php\/2020\/07\/21\/plan-de-relance-les-27-sentendent-sur-un-accord-un-jour-historique-pour-leurope\/#breadcrumb"},"inLanguage":"fr-FR","potentialAction":[{"@type":"ReadAction","target":["https:\/\/guineediversite.com\/index.php\/2020\/07\/21\/plan-de-relance-les-27-sentendent-sur-un-accord-un-jour-historique-pour-leurope\/"]}]},{"@type":"ImageObject","inLanguage":"fr-FR","@id":"https:\/\/guineediversite.com\/index.php\/2020\/07\/21\/plan-de-relance-les-27-sentendent-sur-un-accord-un-jour-historique-pour-leurope\/#primaryimage","url":"https:\/\/guineediversite.com\/wp-content\/uploads\/2020\/07\/Le-pr\u00e9sident-fran\u00e7ais-Emmanuel-Macron-et-le-pr\u00e9sident-Conseil-europ\u00e9en-Charles-Michel-apr\u00e8s-la-derni\u00e8re-table-ronde-du-sommet-europ\u00e9en-sur-le-plan-de-relance-\u00e0-Bruxelles-le-21-juillet-2020..jpg","contentUrl":"https:\/\/guineediversite.com\/wp-content\/uploads\/2020\/07\/Le-pr\u00e9sident-fran\u00e7ais-Emmanuel-Macron-et-le-pr\u00e9sident-Conseil-europ\u00e9en-Charles-Michel-apr\u00e8s-la-derni\u00e8re-table-ronde-du-sommet-europ\u00e9en-sur-le-plan-de-relance-\u00e0-Bruxelles-le-21-juillet-2020..jpg","width":1400,"height":1400},{"@type":"BreadcrumbList","@id":"https:\/\/guineediversite.com\/index.php\/2020\/07\/21\/plan-de-relance-les-27-sentendent-sur-un-accord-un-jour-historique-pour-leurope\/#breadcrumb","itemListElement":[{"@type":"ListItem","position":1,"name":"Accueil","item":"https:\/\/guineediversite.com\/"},{"@type":"ListItem","position":2,"name":"Plan de relance: les 27 s&rsquo;entendent sur un accord, un \u00abjour historique pour l&rsquo;Europe\u00bb"}]},{"@type":"WebSite","@id":"https:\/\/guineediversite.com\/#website","url":"https:\/\/guineediversite.com\/","name":"Guin\u00e9e Diversit\u00e9","description":"L&#039;Info dans toute sa diversit\u00e9","publisher":{"@id":"https:\/\/guineediversite.com\/#organization"},"potentialAction":[{"@type":"SearchAction","target":{"@type":"EntryPoint","urlTemplate":"https:\/\/guineediversite.com\/?s={search_term_string}"},"query-input":{"@type":"PropertyValueSpecification","valueRequired":true,"valueName":"search_term_string"}}],"inLanguage":"fr-FR"},{"@type":"Organization","@id":"https:\/\/guineediversite.com\/#organization","name":"Guin\u00e9e Diversit\u00e9","url":"https:\/\/guineediversite.com\/","logo":{"@type":"ImageObject","inLanguage":"fr-FR","@id":"https:\/\/guineediversite.com\/#\/schema\/logo\/image\/","url":"https:\/\/guineediversite.com\/wp-content\/uploads\/2017\/04\/cropped-1jojlxEOMkX9Wyqfhe43D6kjPOGqBBKmx3EwWJqZ0cMrFF54yM49.png","contentUrl":"https:\/\/guineediversite.com\/wp-content\/uploads\/2017\/04\/cropped-1jojlxEOMkX9Wyqfhe43D6kjPOGqBBKmx3EwWJqZ0cMrFF54yM49.png","width":186,"height":112,"caption":"Guin\u00e9e Diversit\u00e9"},"image":{"@id":"https:\/\/guineediversite.com\/#\/schema\/logo\/image\/"},"sameAs":["https:\/\/www.facebook.com\/guineediversite\/","https:\/\/x.com\/GuineeDiversite","https:\/\/www.youtube.com\/channel\/UC8sUY16qelG5ge6_D5SB83g"]},{"@type":"Person","@id":"https:\/\/guineediversite.com\/#\/schema\/person\/0e0e3e424768a50d025ac2218ccca73f","name":"Bilguissa Diallo","image":{"@type":"ImageObject","inLanguage":"fr-FR","@id":"https:\/\/guineediversite.com\/#\/schema\/person\/image\/","url":"https:\/\/secure.gravatar.com\/avatar\/49bbbd2420ee34d62b1b191791f4b5df?s=96&d=mm&r=g","contentUrl":"https:\/\/secure.gravatar.com\/avatar\/49bbbd2420ee34d62b1b191791f4b5df?s=96&d=mm&r=g","caption":"Bilguissa Diallo"},"url":"https:\/\/guineediversite.com\/index.php\/author\/bilguissa\/"}]}},"_links":{"self":[{"href":"https:\/\/guineediversite.com\/index.php\/wp-json\/wp\/v2\/posts\/30162"}],"collection":[{"href":"https:\/\/guineediversite.com\/index.php\/wp-json\/wp\/v2\/posts"}],"about":[{"href":"https:\/\/guineediversite.com\/index.php\/wp-json\/wp\/v2\/types\/post"}],"author":[{"embeddable":true,"href":"https:\/\/guineediversite.com\/index.php\/wp-json\/wp\/v2\/users\/7"}],"replies":[{"embeddable":true,"href":"https:\/\/guineediversite.com\/index.php\/wp-json\/wp\/v2\/comments?post=30162"}],"version-history":[{"count":1,"href":"https:\/\/guineediversite.com\/index.php\/wp-json\/wp\/v2\/posts\/30162\/revisions"}],"predecessor-version":[{"id":30164,"href":"https:\/\/guineediversite.com\/index.php\/wp-json\/wp\/v2\/posts\/30162\/revisions\/30164"}],"wp:featuredmedia":[{"embeddable":true,"href":"https:\/\/guineediversite.com\/index.php\/wp-json\/wp\/v2\/media\/30163"}],"wp:attachment":[{"href":"https:\/\/guineediversite.com\/index.php\/wp-json\/wp\/v2\/media?parent=30162"}],"wp:term":[{"taxonomy":"category","embeddable":true,"href":"https:\/\/guineediversite.com\/index.php\/wp-json\/wp\/v2\/categories?post=30162"},{"taxonomy":"post_tag","embeddable":true,"href":"https:\/\/guineediversite.com\/index.php\/wp-json\/wp\/v2\/tags?post=30162"}],"curies":[{"name":"wp","href":"https:\/\/api.w.org\/{rel}","templated":true}]}}