{"id":29555,"date":"2020-06-20T20:19:22","date_gmt":"2020-06-20T18:19:22","guid":{"rendered":"https:\/\/guineediversite.com\/?p=29555"},"modified":"2020-06-20T20:19:26","modified_gmt":"2020-06-20T18:19:26","slug":"dr-dansa-kourouma-sest-exprime-sur-la-proposition-de-la-date-de-lelection-presidentielle-de-2020","status":"publish","type":"post","link":"https:\/\/guineediversite.com\/index.php\/2020\/06\/20\/dr-dansa-kourouma-sest-exprime-sur-la-proposition-de-la-date-de-lelection-presidentielle-de-2020\/","title":{"rendered":"Dr dansa Kourouma, s\u2019est exprim\u00e9 sur la proposition de la date de l&rsquo;\u00e9lection pr\u00e9sidentielle de 2020"},"content":{"rendered":"\n<p>Le pr\u00e9sident de la soci\u00e9t\u00e9 civile guin\u00e9enne (CNOSC) s\u2019est dit favorable \u00e0 la proposition de la Commission Nationale ind\u00e9pendante sur la tenue des \u00e9lections pr\u00e9sidentielles en Guin\u00e9e. C\u2019est la date du dimanche 18 octobre 2020 qui a \u00e9t\u00e9 propos\u00e9e par ladite institution. Selon Dr Dansa Kourouma, cette date correspond au d\u00e9lai d\u2019organisation du scrutin pr\u00e9sidentiel.<\/p>\n\n\n\n<p>\u00ab&nbsp;<em>Je pr\u00e9cise que c\u2019est une d\u00e9cision qui est l\u00e9gale, parce que \u00e7a fait partir des pr\u00e9rogatives de la CENI de proposer une date pour les \u00e9lections c\u2019est une d\u00e9cision qui a \u00e9t\u00e9 prise par la majorit\u00e9 des commissaires. Deuxi\u00e8me argument en faveur de la l\u00e9galit\u00e9 sait que \u00e7a correspond au d\u00e9lai l\u00e9gal de l\u2019organisation des \u00e9lections. Parce l\u2019\u00e9lection pr\u00e9sidentielle c\u2019est 60 jours o\u00f9 90 jours avant la fin du mandat du pr\u00e9sident de la R\u00e9publique donc nous sommes dans ce d\u00e9lai<\/em>&nbsp;\u00bb, a-t-il pr\u00e9cis\u00e9.<\/p>\n\n\n\n<p>Avant de poursuivre, en affirmant ceci&nbsp;:<\/p>\n\n\n\n<p>&nbsp;\u00ab&nbsp;<em>Ce qui me semble le plus important il faut que la CENI s\u2019engage solennellement \u00e0 respecter la date de ces \u00e9lections parce que rien ne sert \u00e0 fixer les dates et ne pas avoir les moyens mat\u00e9riels, financiers et humains pour organiser des \u00e9lections. Donc je crois que comme c\u2019est un nouveau leadership, c\u2019est une CENI qui est \u00e0 80% jeunes donc je crois qu\u2019ils seront en mesure de faire diff\u00e9remment que les autres CENI qu\u2019on a connus dans ce pays<\/em>&nbsp;\u00bb.<\/p>\n\n\n\n<p>Dansa Kourouma, pr\u00e9sident du CNOSC a dans sa communication invit\u00e9e les acteurs politiques \u00e0 une prise d\u2019initiative en faveur du dialogue propos\u00e9 par le chef de l\u2019\u00c9tat pour une bonne tenue des \u00e9lections.<\/p>\n\n\n\n<p><em>\u00ab Nous demandons aux acteurs politiques chacun en ce qui le concerne de prendre des initiatives en faveur du dialogue propos\u00e9. Parce que c\u2019est tout \u00e0 fait important que l\u2019organisation d\u2019\u00e9lection aussi importante que&nbsp;la pr\u00e9sidentielle soit pr\u00e9c\u00e9d\u00e9e par un environnement beaucoup plus apais\u00e9 pour que les \u00e9lections soient inclusives. La derni\u00e8re observation je m\u2019adresse au gouvernement il faut que la totalit\u00e9 du budget \u00e9lectoral soit mis \u00e0 la disposition de la CENI pour qu\u2019elle soit capable d\u2019organiser les \u00e9lections accept\u00e9es de tous<\/em>&nbsp;\u00bb.<\/p>\n","protected":false},"excerpt":{"rendered":"<p>Le pr\u00e9sident de la soci\u00e9t\u00e9 civile guin\u00e9enne (CNOSC) s\u2019est dit favorable \u00e0 la proposition de la Commission Nationale ind\u00e9pendante sur la tenue des \u00e9lections pr\u00e9sidentielles en Guin\u00e9e. C\u2019est la date du dimanche 18 octobre 2020 qui a \u00e9t\u00e9 propos\u00e9e par ladite institution. Selon Dr Dansa Kourouma, cette date correspond au d\u00e9lai d\u2019organisation du scrutin pr\u00e9sidentiel. [&hellip;]<\/p>\n","protected":false},"author":10,"featured_media":29557,"comment_status":"closed","ping_status":"closed","sticky":false,"template":"","format":"standard","meta":{"_exactmetrics_skip_tracking":false,"_exactmetrics_sitenote_active":false,"_exactmetrics_sitenote_note":"","_exactmetrics_sitenote_category":0,"tdm_status":"","tdm_grid_status":"","footnotes":""},"categories":[14],"tags":[],"class_list":{"0":"post-29555","1":"post","2":"type-post","3":"status-publish","4":"format-standard","5":"has-post-thumbnail","7":"category-politique"},"yoast_head":"<!-- This site is optimized with the Yoast SEO plugin v24.2 - https:\/\/yoast.com\/wordpress\/plugins\/seo\/ -->\n<title>Dr dansa Kourouma, s\u2019est exprim\u00e9 sur la proposition de la date de l&#039;\u00e9lection pr\u00e9sidentielle de 2020 | Guin\u00e9e Diversit\u00e9<\/title>\n<meta name=\"robots\" content=\"index, follow, max-snippet:-1, max-image-preview:large, max-video-preview:-1\" \/>\n<link rel=\"canonical\" href=\"https:\/\/guineediversite.com\/index.php\/2020\/06\/20\/dr-dansa-kourouma-sest-exprime-sur-la-proposition-de-la-date-de-lelection-presidentielle-de-2020\/\" \/>\n<meta property=\"og:locale\" content=\"fr_FR\" \/>\n<meta property=\"og:type\" content=\"article\" \/>\n<meta property=\"og:title\" content=\"Dr dansa Kourouma, s\u2019est exprim\u00e9 sur la proposition de la date de l&#039;\u00e9lection pr\u00e9sidentielle de 2020 | Guin\u00e9e Diversit\u00e9\" \/>\n<meta property=\"og:description\" content=\"Le pr\u00e9sident de la soci\u00e9t\u00e9 civile guin\u00e9enne (CNOSC) s\u2019est dit favorable \u00e0 la proposition de la Commission Nationale ind\u00e9pendante sur la tenue des \u00e9lections pr\u00e9sidentielles en Guin\u00e9e. C\u2019est la date du dimanche 18 octobre 2020 qui a \u00e9t\u00e9 propos\u00e9e par ladite institution. Selon Dr Dansa Kourouma, cette date correspond au d\u00e9lai d\u2019organisation du scrutin pr\u00e9sidentiel. [&hellip;]\" \/>\n<meta property=\"og:url\" content=\"https:\/\/guineediversite.com\/index.php\/2020\/06\/20\/dr-dansa-kourouma-sest-exprime-sur-la-proposition-de-la-date-de-lelection-presidentielle-de-2020\/\" \/>\n<meta property=\"og:site_name\" content=\"Guin\u00e9e Diversit\u00e9\" \/>\n<meta property=\"article:publisher\" content=\"https:\/\/www.facebook.com\/guineediversite\/\" \/>\n<meta property=\"article:published_time\" content=\"2020-06-20T18:19:22+00:00\" \/>\n<meta property=\"article:modified_time\" content=\"2020-06-20T18:19:26+00:00\" \/>\n<meta property=\"og:image\" content=\"https:\/\/guineediversite.com\/wp-content\/uploads\/2020\/06\/Dansa-Kourouma-CNOSC-1.jpg\" \/>\n\t<meta property=\"og:image:width\" content=\"2000\" \/>\n\t<meta property=\"og:image:height\" content=\"1125\" \/>\n\t<meta property=\"og:image:type\" content=\"image\/jpeg\" \/>\n<meta name=\"author\" content=\"Morcire Camara\" \/>\n<meta name=\"twitter:card\" content=\"summary_large_image\" \/>\n<meta name=\"twitter:creator\" content=\"@GuineeDiversite\" \/>\n<meta name=\"twitter:site\" content=\"@GuineeDiversite\" \/>\n<meta name=\"twitter:label1\" content=\"\u00c9crit par\" \/>\n\t<meta name=\"twitter:data1\" content=\"Morcire Camara\" \/>\n\t<meta name=\"twitter:label2\" content=\"Dur\u00e9e de lecture estim\u00e9e\" \/>\n\t<meta name=\"twitter:data2\" content=\"2 minutes\" \/>\n<script type=\"application\/ld+json\" class=\"yoast-schema-graph\">{\"@context\":\"https:\/\/schema.org\",\"@graph\":[{\"@type\":\"Article\",\"@id\":\"https:\/\/guineediversite.com\/index.php\/2020\/06\/20\/dr-dansa-kourouma-sest-exprime-sur-la-proposition-de-la-date-de-lelection-presidentielle-de-2020\/#article\",\"isPartOf\":{\"@id\":\"https:\/\/guineediversite.com\/index.php\/2020\/06\/20\/dr-dansa-kourouma-sest-exprime-sur-la-proposition-de-la-date-de-lelection-presidentielle-de-2020\/\"},\"author\":{\"name\":\"Morcire Camara\",\"@id\":\"https:\/\/guineediversite.com\/#\/schema\/person\/fa362494c47202ce4b3adf55abcc9d01\"},\"headline\":\"Dr dansa Kourouma, s\u2019est exprim\u00e9 sur la proposition de la date de l&rsquo;\u00e9lection pr\u00e9sidentielle de 2020\",\"datePublished\":\"2020-06-20T18:19:22+00:00\",\"dateModified\":\"2020-06-20T18:19:26+00:00\",\"mainEntityOfPage\":{\"@id\":\"https:\/\/guineediversite.com\/index.php\/2020\/06\/20\/dr-dansa-kourouma-sest-exprime-sur-la-proposition-de-la-date-de-lelection-presidentielle-de-2020\/\"},\"wordCount\":408,\"publisher\":{\"@id\":\"https:\/\/guineediversite.com\/#organization\"},\"image\":{\"@id\":\"https:\/\/guineediversite.com\/index.php\/2020\/06\/20\/dr-dansa-kourouma-sest-exprime-sur-la-proposition-de-la-date-de-lelection-presidentielle-de-2020\/#primaryimage\"},\"thumbnailUrl\":\"https:\/\/guineediversite.com\/wp-content\/uploads\/2020\/06\/Dansa-Kourouma-CNOSC-1.jpg\",\"articleSection\":[\"Politique\"],\"inLanguage\":\"fr-FR\"},{\"@type\":\"WebPage\",\"@id\":\"https:\/\/guineediversite.com\/index.php\/2020\/06\/20\/dr-dansa-kourouma-sest-exprime-sur-la-proposition-de-la-date-de-lelection-presidentielle-de-2020\/\",\"url\":\"https:\/\/guineediversite.com\/index.php\/2020\/06\/20\/dr-dansa-kourouma-sest-exprime-sur-la-proposition-de-la-date-de-lelection-presidentielle-de-2020\/\",\"name\":\"Dr dansa Kourouma, s\u2019est exprim\u00e9 sur la proposition de la date de l'\u00e9lection pr\u00e9sidentielle de 2020 | Guin\u00e9e Diversit\u00e9\",\"isPartOf\":{\"@id\":\"https:\/\/guineediversite.com\/#website\"},\"primaryImageOfPage\":{\"@id\":\"https:\/\/guineediversite.com\/index.php\/2020\/06\/20\/dr-dansa-kourouma-sest-exprime-sur-la-proposition-de-la-date-de-lelection-presidentielle-de-2020\/#primaryimage\"},\"image\":{\"@id\":\"https:\/\/guineediversite.com\/index.php\/2020\/06\/20\/dr-dansa-kourouma-sest-exprime-sur-la-proposition-de-la-date-de-lelection-presidentielle-de-2020\/#primaryimage\"},\"thumbnailUrl\":\"https:\/\/guineediversite.com\/wp-content\/uploads\/2020\/06\/Dansa-Kourouma-CNOSC-1.jpg\",\"datePublished\":\"2020-06-20T18:19:22+00:00\",\"dateModified\":\"2020-06-20T18:19:26+00:00\",\"breadcrumb\":{\"@id\":\"https:\/\/guineediversite.com\/index.php\/2020\/06\/20\/dr-dansa-kourouma-sest-exprime-sur-la-proposition-de-la-date-de-lelection-presidentielle-de-2020\/#breadcrumb\"},\"inLanguage\":\"fr-FR\",\"potentialAction\":[{\"@type\":\"ReadAction\",\"target\":[\"https:\/\/guineediversite.com\/index.php\/2020\/06\/20\/dr-dansa-kourouma-sest-exprime-sur-la-proposition-de-la-date-de-lelection-presidentielle-de-2020\/\"]}]},{\"@type\":\"ImageObject\",\"inLanguage\":\"fr-FR\",\"@id\":\"https:\/\/guineediversite.com\/index.php\/2020\/06\/20\/dr-dansa-kourouma-sest-exprime-sur-la-proposition-de-la-date-de-lelection-presidentielle-de-2020\/#primaryimage\",\"url\":\"https:\/\/guineediversite.com\/wp-content\/uploads\/2020\/06\/Dansa-Kourouma-CNOSC-1.jpg\",\"contentUrl\":\"https:\/\/guineediversite.com\/wp-content\/uploads\/2020\/06\/Dansa-Kourouma-CNOSC-1.jpg\",\"width\":2000,\"height\":1125},{\"@type\":\"BreadcrumbList\",\"@id\":\"https:\/\/guineediversite.com\/index.php\/2020\/06\/20\/dr-dansa-kourouma-sest-exprime-sur-la-proposition-de-la-date-de-lelection-presidentielle-de-2020\/#breadcrumb\",\"itemListElement\":[{\"@type\":\"ListItem\",\"position\":1,\"name\":\"Accueil\",\"item\":\"https:\/\/guineediversite.com\/\"},{\"@type\":\"ListItem\",\"position\":2,\"name\":\"Dr dansa Kourouma, s\u2019est exprim\u00e9 sur la proposition de la date de l&rsquo;\u00e9lection pr\u00e9sidentielle de 2020\"}]},{\"@type\":\"WebSite\",\"@id\":\"https:\/\/guineediversite.com\/#website\",\"url\":\"https:\/\/guineediversite.com\/\",\"name\":\"Guin\u00e9e Diversit\u00e9\",\"description\":\"L&#039;Info dans toute sa diversit\u00e9\",\"publisher\":{\"@id\":\"https:\/\/guineediversite.com\/#organization\"},\"potentialAction\":[{\"@type\":\"SearchAction\",\"target\":{\"@type\":\"EntryPoint\",\"urlTemplate\":\"https:\/\/guineediversite.com\/?s={search_term_string}\"},\"query-input\":{\"@type\":\"PropertyValueSpecification\",\"valueRequired\":true,\"valueName\":\"search_term_string\"}}],\"inLanguage\":\"fr-FR\"},{\"@type\":\"Organization\",\"@id\":\"https:\/\/guineediversite.com\/#organization\",\"name\":\"Guin\u00e9e Diversit\u00e9\",\"url\":\"https:\/\/guineediversite.com\/\",\"logo\":{\"@type\":\"ImageObject\",\"inLanguage\":\"fr-FR\",\"@id\":\"https:\/\/guineediversite.com\/#\/schema\/logo\/image\/\",\"url\":\"https:\/\/guineediversite.com\/wp-content\/uploads\/2017\/04\/cropped-1jojlxEOMkX9Wyqfhe43D6kjPOGqBBKmx3EwWJqZ0cMrFF54yM49.png\",\"contentUrl\":\"https:\/\/guineediversite.com\/wp-content\/uploads\/2017\/04\/cropped-1jojlxEOMkX9Wyqfhe43D6kjPOGqBBKmx3EwWJqZ0cMrFF54yM49.png\",\"width\":186,\"height\":112,\"caption\":\"Guin\u00e9e Diversit\u00e9\"},\"image\":{\"@id\":\"https:\/\/guineediversite.com\/#\/schema\/logo\/image\/\"},\"sameAs\":[\"https:\/\/www.facebook.com\/guineediversite\/\",\"https:\/\/x.com\/GuineeDiversite\",\"https:\/\/www.youtube.com\/channel\/UC8sUY16qelG5ge6_D5SB83g\"]},{\"@type\":\"Person\",\"@id\":\"https:\/\/guineediversite.com\/#\/schema\/person\/fa362494c47202ce4b3adf55abcc9d01\",\"name\":\"Morcire Camara\",\"image\":{\"@type\":\"ImageObject\",\"inLanguage\":\"fr-FR\",\"@id\":\"https:\/\/guineediversite.com\/#\/schema\/person\/image\/\",\"url\":\"https:\/\/secure.gravatar.com\/avatar\/3ec324f02295bbcebe03d99b39330ab4?s=96&d=mm&r=g\",\"contentUrl\":\"https:\/\/secure.gravatar.com\/avatar\/3ec324f02295bbcebe03d99b39330ab4?s=96&d=mm&r=g\",\"caption\":\"Morcire Camara\"},\"url\":\"https:\/\/guineediversite.com\/index.php\/author\/morcire\/\"}]}<\/script>\n<!-- \/ Yoast SEO plugin. -->","yoast_head_json":{"title":"Dr dansa Kourouma, s\u2019est exprim\u00e9 sur la proposition de la date de l'\u00e9lection pr\u00e9sidentielle de 2020 | Guin\u00e9e Diversit\u00e9","robots":{"index":"index","follow":"follow","max-snippet":"max-snippet:-1","max-image-preview":"max-image-preview:large","max-video-preview":"max-video-preview:-1"},"canonical":"https:\/\/guineediversite.com\/index.php\/2020\/06\/20\/dr-dansa-kourouma-sest-exprime-sur-la-proposition-de-la-date-de-lelection-presidentielle-de-2020\/","og_locale":"fr_FR","og_type":"article","og_title":"Dr dansa Kourouma, s\u2019est exprim\u00e9 sur la proposition de la date de l'\u00e9lection pr\u00e9sidentielle de 2020 | Guin\u00e9e Diversit\u00e9","og_description":"Le pr\u00e9sident de la soci\u00e9t\u00e9 civile guin\u00e9enne (CNOSC) s\u2019est dit favorable \u00e0 la proposition de la Commission Nationale ind\u00e9pendante sur la tenue des \u00e9lections pr\u00e9sidentielles en Guin\u00e9e. C\u2019est la date du dimanche 18 octobre 2020 qui a \u00e9t\u00e9 propos\u00e9e par ladite institution. Selon Dr Dansa Kourouma, cette date correspond au d\u00e9lai d\u2019organisation du scrutin pr\u00e9sidentiel. [&hellip;]","og_url":"https:\/\/guineediversite.com\/index.php\/2020\/06\/20\/dr-dansa-kourouma-sest-exprime-sur-la-proposition-de-la-date-de-lelection-presidentielle-de-2020\/","og_site_name":"Guin\u00e9e Diversit\u00e9","article_publisher":"https:\/\/www.facebook.com\/guineediversite\/","article_published_time":"2020-06-20T18:19:22+00:00","article_modified_time":"2020-06-20T18:19:26+00:00","og_image":[{"width":2000,"height":1125,"url":"https:\/\/guineediversite.com\/wp-content\/uploads\/2020\/06\/Dansa-Kourouma-CNOSC-1.jpg","type":"image\/jpeg"}],"author":"Morcire Camara","twitter_card":"summary_large_image","twitter_creator":"@GuineeDiversite","twitter_site":"@GuineeDiversite","twitter_misc":{"\u00c9crit par":"Morcire Camara","Dur\u00e9e de lecture estim\u00e9e":"2 minutes"},"schema":{"@context":"https:\/\/schema.org","@graph":[{"@type":"Article","@id":"https:\/\/guineediversite.com\/index.php\/2020\/06\/20\/dr-dansa-kourouma-sest-exprime-sur-la-proposition-de-la-date-de-lelection-presidentielle-de-2020\/#article","isPartOf":{"@id":"https:\/\/guineediversite.com\/index.php\/2020\/06\/20\/dr-dansa-kourouma-sest-exprime-sur-la-proposition-de-la-date-de-lelection-presidentielle-de-2020\/"},"author":{"name":"Morcire Camara","@id":"https:\/\/guineediversite.com\/#\/schema\/person\/fa362494c47202ce4b3adf55abcc9d01"},"headline":"Dr dansa Kourouma, s\u2019est exprim\u00e9 sur la proposition de la date de l&rsquo;\u00e9lection pr\u00e9sidentielle de 2020","datePublished":"2020-06-20T18:19:22+00:00","dateModified":"2020-06-20T18:19:26+00:00","mainEntityOfPage":{"@id":"https:\/\/guineediversite.com\/index.php\/2020\/06\/20\/dr-dansa-kourouma-sest-exprime-sur-la-proposition-de-la-date-de-lelection-presidentielle-de-2020\/"},"wordCount":408,"publisher":{"@id":"https:\/\/guineediversite.com\/#organization"},"image":{"@id":"https:\/\/guineediversite.com\/index.php\/2020\/06\/20\/dr-dansa-kourouma-sest-exprime-sur-la-proposition-de-la-date-de-lelection-presidentielle-de-2020\/#primaryimage"},"thumbnailUrl":"https:\/\/guineediversite.com\/wp-content\/uploads\/2020\/06\/Dansa-Kourouma-CNOSC-1.jpg","articleSection":["Politique"],"inLanguage":"fr-FR"},{"@type":"WebPage","@id":"https:\/\/guineediversite.com\/index.php\/2020\/06\/20\/dr-dansa-kourouma-sest-exprime-sur-la-proposition-de-la-date-de-lelection-presidentielle-de-2020\/","url":"https:\/\/guineediversite.com\/index.php\/2020\/06\/20\/dr-dansa-kourouma-sest-exprime-sur-la-proposition-de-la-date-de-lelection-presidentielle-de-2020\/","name":"Dr dansa Kourouma, s\u2019est exprim\u00e9 sur la proposition de la date de l'\u00e9lection pr\u00e9sidentielle de 2020 | Guin\u00e9e Diversit\u00e9","isPartOf":{"@id":"https:\/\/guineediversite.com\/#website"},"primaryImageOfPage":{"@id":"https:\/\/guineediversite.com\/index.php\/2020\/06\/20\/dr-dansa-kourouma-sest-exprime-sur-la-proposition-de-la-date-de-lelection-presidentielle-de-2020\/#primaryimage"},"image":{"@id":"https:\/\/guineediversite.com\/index.php\/2020\/06\/20\/dr-dansa-kourouma-sest-exprime-sur-la-proposition-de-la-date-de-lelection-presidentielle-de-2020\/#primaryimage"},"thumbnailUrl":"https:\/\/guineediversite.com\/wp-content\/uploads\/2020\/06\/Dansa-Kourouma-CNOSC-1.jpg","datePublished":"2020-06-20T18:19:22+00:00","dateModified":"2020-06-20T18:19:26+00:00","breadcrumb":{"@id":"https:\/\/guineediversite.com\/index.php\/2020\/06\/20\/dr-dansa-kourouma-sest-exprime-sur-la-proposition-de-la-date-de-lelection-presidentielle-de-2020\/#breadcrumb"},"inLanguage":"fr-FR","potentialAction":[{"@type":"ReadAction","target":["https:\/\/guineediversite.com\/index.php\/2020\/06\/20\/dr-dansa-kourouma-sest-exprime-sur-la-proposition-de-la-date-de-lelection-presidentielle-de-2020\/"]}]},{"@type":"ImageObject","inLanguage":"fr-FR","@id":"https:\/\/guineediversite.com\/index.php\/2020\/06\/20\/dr-dansa-kourouma-sest-exprime-sur-la-proposition-de-la-date-de-lelection-presidentielle-de-2020\/#primaryimage","url":"https:\/\/guineediversite.com\/wp-content\/uploads\/2020\/06\/Dansa-Kourouma-CNOSC-1.jpg","contentUrl":"https:\/\/guineediversite.com\/wp-content\/uploads\/2020\/06\/Dansa-Kourouma-CNOSC-1.jpg","width":2000,"height":1125},{"@type":"BreadcrumbList","@id":"https:\/\/guineediversite.com\/index.php\/2020\/06\/20\/dr-dansa-kourouma-sest-exprime-sur-la-proposition-de-la-date-de-lelection-presidentielle-de-2020\/#breadcrumb","itemListElement":[{"@type":"ListItem","position":1,"name":"Accueil","item":"https:\/\/guineediversite.com\/"},{"@type":"ListItem","position":2,"name":"Dr dansa Kourouma, s\u2019est exprim\u00e9 sur la proposition de la date de l&rsquo;\u00e9lection pr\u00e9sidentielle de 2020"}]},{"@type":"WebSite","@id":"https:\/\/guineediversite.com\/#website","url":"https:\/\/guineediversite.com\/","name":"Guin\u00e9e Diversit\u00e9","description":"L&#039;Info dans toute sa diversit\u00e9","publisher":{"@id":"https:\/\/guineediversite.com\/#organization"},"potentialAction":[{"@type":"SearchAction","target":{"@type":"EntryPoint","urlTemplate":"https:\/\/guineediversite.com\/?s={search_term_string}"},"query-input":{"@type":"PropertyValueSpecification","valueRequired":true,"valueName":"search_term_string"}}],"inLanguage":"fr-FR"},{"@type":"Organization","@id":"https:\/\/guineediversite.com\/#organization","name":"Guin\u00e9e Diversit\u00e9","url":"https:\/\/guineediversite.com\/","logo":{"@type":"ImageObject","inLanguage":"fr-FR","@id":"https:\/\/guineediversite.com\/#\/schema\/logo\/image\/","url":"https:\/\/guineediversite.com\/wp-content\/uploads\/2017\/04\/cropped-1jojlxEOMkX9Wyqfhe43D6kjPOGqBBKmx3EwWJqZ0cMrFF54yM49.png","contentUrl":"https:\/\/guineediversite.com\/wp-content\/uploads\/2017\/04\/cropped-1jojlxEOMkX9Wyqfhe43D6kjPOGqBBKmx3EwWJqZ0cMrFF54yM49.png","width":186,"height":112,"caption":"Guin\u00e9e Diversit\u00e9"},"image":{"@id":"https:\/\/guineediversite.com\/#\/schema\/logo\/image\/"},"sameAs":["https:\/\/www.facebook.com\/guineediversite\/","https:\/\/x.com\/GuineeDiversite","https:\/\/www.youtube.com\/channel\/UC8sUY16qelG5ge6_D5SB83g"]},{"@type":"Person","@id":"https:\/\/guineediversite.com\/#\/schema\/person\/fa362494c47202ce4b3adf55abcc9d01","name":"Morcire Camara","image":{"@type":"ImageObject","inLanguage":"fr-FR","@id":"https:\/\/guineediversite.com\/#\/schema\/person\/image\/","url":"https:\/\/secure.gravatar.com\/avatar\/3ec324f02295bbcebe03d99b39330ab4?s=96&d=mm&r=g","contentUrl":"https:\/\/secure.gravatar.com\/avatar\/3ec324f02295bbcebe03d99b39330ab4?s=96&d=mm&r=g","caption":"Morcire Camara"},"url":"https:\/\/guineediversite.com\/index.php\/author\/morcire\/"}]}},"_links":{"self":[{"href":"https:\/\/guineediversite.com\/index.php\/wp-json\/wp\/v2\/posts\/29555"}],"collection":[{"href":"https:\/\/guineediversite.com\/index.php\/wp-json\/wp\/v2\/posts"}],"about":[{"href":"https:\/\/guineediversite.com\/index.php\/wp-json\/wp\/v2\/types\/post"}],"author":[{"embeddable":true,"href":"https:\/\/guineediversite.com\/index.php\/wp-json\/wp\/v2\/users\/10"}],"replies":[{"embeddable":true,"href":"https:\/\/guineediversite.com\/index.php\/wp-json\/wp\/v2\/comments?post=29555"}],"version-history":[{"count":1,"href":"https:\/\/guineediversite.com\/index.php\/wp-json\/wp\/v2\/posts\/29555\/revisions"}],"predecessor-version":[{"id":29558,"href":"https:\/\/guineediversite.com\/index.php\/wp-json\/wp\/v2\/posts\/29555\/revisions\/29558"}],"wp:featuredmedia":[{"embeddable":true,"href":"https:\/\/guineediversite.com\/index.php\/wp-json\/wp\/v2\/media\/29557"}],"wp:attachment":[{"href":"https:\/\/guineediversite.com\/index.php\/wp-json\/wp\/v2\/media?parent=29555"}],"wp:term":[{"taxonomy":"category","embeddable":true,"href":"https:\/\/guineediversite.com\/index.php\/wp-json\/wp\/v2\/categories?post=29555"},{"taxonomy":"post_tag","embeddable":true,"href":"https:\/\/guineediversite.com\/index.php\/wp-json\/wp\/v2\/tags?post=29555"}],"curies":[{"name":"wp","href":"https:\/\/api.w.org\/{rel}","templated":true}]}}