{"id":29552,"date":"2020-06-20T12:09:56","date_gmt":"2020-06-20T10:09:56","guid":{"rendered":"https:\/\/guineediversite.com\/?p=29552"},"modified":"2020-06-20T12:09:59","modified_gmt":"2020-06-20T10:09:59","slug":"mali-nouvelle-demonstration-de-force-des-opposants-au-president-ibk","status":"publish","type":"post","link":"https:\/\/guineediversite.com\/index.php\/2020\/06\/20\/mali-nouvelle-demonstration-de-force-des-opposants-au-president-ibk\/","title":{"rendered":"Mali: nouvelle d\u00e9monstration de force des opposants au pr\u00e9sident IBK"},"content":{"rendered":"\n<p>Au Mali, c\u2019est la 2e manifestation organis\u00e9e par la coalition d\u2019opposants. Le M5 qui rassemble soci\u00e9t\u00e9 civile, partis politiques d\u2019opposition et religieux a appel\u00e9 les Maliens \u00e0 descendre dans la rue ce vendredi. Au menu, un seul mot d\u2019ordre&nbsp;: r\u00e9clamer la d\u00e9mission du pr\u00e9sident IBK au pouvoir depuis 2013. Cette manifestation s\u2019annon\u00e7ait plus tendue que la pr\u00e9c\u00e9dente.<\/p>\n\n\n\n<p>La tension est mont\u00e9e d\u2019un cran ces derniers jours dans la capitale. Ce vendredi, comme le 5 juin, plusieurs dizaines de milliers de manifestants ont r\u00e9pondu \u00e0 l\u2019appel du M5, ce mouvement qui rassemble politique religieux et soci\u00e9t\u00e9 civile. Sur la place de l\u2019ind\u00e9pendance, \u00e0 la tribune, se sont enchain\u00e9s aujourd\u2019hui des chants, notamment l\u2019hymne national et des pri\u00e8res. Autour du monument de l\u2019ind\u00e9pendance, on entendait les Bamakois scander \u00ab&nbsp;IBK d\u00e9gage&nbsp;\u00bb, le principal slogan de la rue depuis d\u00e9but juin.<\/p>\n\n\n\n<p>Alors aujourd\u2019hui, m\u00eame si tous insistent sur le caract\u00e8re pacifique de leur action, cette fois-ci, le mouvement de contestation a envoy\u00e9 des \u00e9missaires \u00e0 Koulouba pour aller chercher la lettre de d\u00e9mission du pr\u00e9sident. Mais ils n\u2019ont pas pu acheminer cette lettre, bloqu\u00e9s par les forces de l\u2019ordre. Dans la d\u00e9claration finale du M5 ce vendredi, Cheick Oumar Sissoko, l\u2019un des leaders pr\u00e9venait : si les revendications ne sont pas entendues, \u00ab&nbsp;<em>le peuple exercera son droit \u00e0 la d\u00e9sob\u00e9issance civile<\/em>&nbsp;\u00bb. \u00ab&nbsp;<em>Nous serons non violents. Mais nous allons nous battre jusqu\u2019\u00e0 la satisfaction de notre demande<\/em>&nbsp;\u00bb, a conclu vendredi l\u2019influent imam Mahmoud Dicko, l\u2019un des leaders sinon le leader du M5.<\/p>\n\n\n\n<p><strong>RFI<\/strong><\/p>\n","protected":false},"excerpt":{"rendered":"<p>Au Mali, c\u2019est la 2e manifestation organis\u00e9e par la coalition d\u2019opposants. Le M5 qui rassemble soci\u00e9t\u00e9 civile, partis politiques d\u2019opposition et religieux a appel\u00e9 les Maliens \u00e0 descendre dans la rue ce vendredi. Au menu, un seul mot d\u2019ordre&nbsp;: r\u00e9clamer la d\u00e9mission du pr\u00e9sident IBK au pouvoir depuis 2013. Cette manifestation s\u2019annon\u00e7ait plus tendue que [&hellip;]<\/p>\n","protected":false},"author":12,"featured_media":29553,"comment_status":"closed","ping_status":"closed","sticky":false,"template":"","format":"standard","meta":{"_exactmetrics_skip_tracking":false,"_exactmetrics_sitenote_active":false,"_exactmetrics_sitenote_note":"","_exactmetrics_sitenote_category":0,"tdm_status":"","tdm_grid_status":"","footnotes":""},"categories":[21],"tags":[],"class_list":{"0":"post-29552","1":"post","2":"type-post","3":"status-publish","4":"format-standard","5":"has-post-thumbnail","7":"category-international"},"yoast_head":"<!-- This site is optimized with the Yoast SEO plugin v24.2 - https:\/\/yoast.com\/wordpress\/plugins\/seo\/ -->\n<title>Mali: nouvelle d\u00e9monstration de force des opposants au pr\u00e9sident IBK | Guin\u00e9e Diversit\u00e9<\/title>\n<meta name=\"robots\" content=\"index, follow, max-snippet:-1, max-image-preview:large, max-video-preview:-1\" \/>\n<link rel=\"canonical\" href=\"https:\/\/guineediversite.com\/index.php\/2020\/06\/20\/mali-nouvelle-demonstration-de-force-des-opposants-au-president-ibk\/\" \/>\n<meta property=\"og:locale\" content=\"fr_FR\" \/>\n<meta property=\"og:type\" content=\"article\" \/>\n<meta property=\"og:title\" content=\"Mali: nouvelle d\u00e9monstration de force des opposants au pr\u00e9sident IBK | Guin\u00e9e Diversit\u00e9\" \/>\n<meta property=\"og:description\" content=\"Au Mali, c\u2019est la 2e manifestation organis\u00e9e par la coalition d\u2019opposants. Le M5 qui rassemble soci\u00e9t\u00e9 civile, partis politiques d\u2019opposition et religieux a appel\u00e9 les Maliens \u00e0 descendre dans la rue ce vendredi. Au menu, un seul mot d\u2019ordre&nbsp;: r\u00e9clamer la d\u00e9mission du pr\u00e9sident IBK au pouvoir depuis 2013. Cette manifestation s\u2019annon\u00e7ait plus tendue que [&hellip;]\" \/>\n<meta property=\"og:url\" content=\"https:\/\/guineediversite.com\/index.php\/2020\/06\/20\/mali-nouvelle-demonstration-de-force-des-opposants-au-president-ibk\/\" \/>\n<meta property=\"og:site_name\" content=\"Guin\u00e9e Diversit\u00e9\" \/>\n<meta property=\"article:publisher\" content=\"https:\/\/www.facebook.com\/guineediversite\/\" \/>\n<meta property=\"article:published_time\" content=\"2020-06-20T10:09:56+00:00\" \/>\n<meta property=\"article:modified_time\" content=\"2020-06-20T10:09:59+00:00\" \/>\n<meta property=\"og:image\" content=\"https:\/\/guineediversite.com\/wp-content\/uploads\/2020\/06\/Vue-a\u00e9rienne-de-la-manifestation-de-ce-19-juin-sur-la-place-de-lInd\u00e9pendance-\u00e0-Bamako..jpg\" \/>\n\t<meta property=\"og:image:width\" content=\"1500\" \/>\n\t<meta property=\"og:image:height\" content=\"840\" \/>\n\t<meta property=\"og:image:type\" content=\"image\/jpeg\" \/>\n<meta name=\"author\" content=\"Guin\u00e9e Diversit\u00e9\" \/>\n<meta name=\"twitter:card\" content=\"summary_large_image\" \/>\n<meta name=\"twitter:creator\" content=\"@GuineeDiversite\" \/>\n<meta name=\"twitter:site\" content=\"@GuineeDiversite\" \/>\n<meta name=\"twitter:label1\" content=\"\u00c9crit par\" \/>\n\t<meta name=\"twitter:data1\" content=\"Guin\u00e9e Diversit\u00e9\" \/>\n\t<meta name=\"twitter:label2\" content=\"Dur\u00e9e de lecture estim\u00e9e\" \/>\n\t<meta name=\"twitter:data2\" content=\"1 minute\" \/>\n<script type=\"application\/ld+json\" class=\"yoast-schema-graph\">{\"@context\":\"https:\/\/schema.org\",\"@graph\":[{\"@type\":\"Article\",\"@id\":\"https:\/\/guineediversite.com\/index.php\/2020\/06\/20\/mali-nouvelle-demonstration-de-force-des-opposants-au-president-ibk\/#article\",\"isPartOf\":{\"@id\":\"https:\/\/guineediversite.com\/index.php\/2020\/06\/20\/mali-nouvelle-demonstration-de-force-des-opposants-au-president-ibk\/\"},\"author\":{\"name\":\"Guin\u00e9e Diversit\u00e9\",\"@id\":\"https:\/\/guineediversite.com\/#\/schema\/person\/afa08fb34e7fc6e1feafc892612bc836\"},\"headline\":\"Mali: nouvelle d\u00e9monstration de force des opposants au pr\u00e9sident IBK\",\"datePublished\":\"2020-06-20T10:09:56+00:00\",\"dateModified\":\"2020-06-20T10:09:59+00:00\",\"mainEntityOfPage\":{\"@id\":\"https:\/\/guineediversite.com\/index.php\/2020\/06\/20\/mali-nouvelle-demonstration-de-force-des-opposants-au-president-ibk\/\"},\"wordCount\":302,\"publisher\":{\"@id\":\"https:\/\/guineediversite.com\/#organization\"},\"image\":{\"@id\":\"https:\/\/guineediversite.com\/index.php\/2020\/06\/20\/mali-nouvelle-demonstration-de-force-des-opposants-au-president-ibk\/#primaryimage\"},\"thumbnailUrl\":\"https:\/\/guineediversite.com\/wp-content\/uploads\/2020\/06\/Vue-a\u00e9rienne-de-la-manifestation-de-ce-19-juin-sur-la-place-de-lInd\u00e9pendance-\u00e0-Bamako..jpg\",\"articleSection\":[\"International\"],\"inLanguage\":\"fr-FR\"},{\"@type\":\"WebPage\",\"@id\":\"https:\/\/guineediversite.com\/index.php\/2020\/06\/20\/mali-nouvelle-demonstration-de-force-des-opposants-au-president-ibk\/\",\"url\":\"https:\/\/guineediversite.com\/index.php\/2020\/06\/20\/mali-nouvelle-demonstration-de-force-des-opposants-au-president-ibk\/\",\"name\":\"Mali: nouvelle d\u00e9monstration de force des opposants au pr\u00e9sident IBK | Guin\u00e9e Diversit\u00e9\",\"isPartOf\":{\"@id\":\"https:\/\/guineediversite.com\/#website\"},\"primaryImageOfPage\":{\"@id\":\"https:\/\/guineediversite.com\/index.php\/2020\/06\/20\/mali-nouvelle-demonstration-de-force-des-opposants-au-president-ibk\/#primaryimage\"},\"image\":{\"@id\":\"https:\/\/guineediversite.com\/index.php\/2020\/06\/20\/mali-nouvelle-demonstration-de-force-des-opposants-au-president-ibk\/#primaryimage\"},\"thumbnailUrl\":\"https:\/\/guineediversite.com\/wp-content\/uploads\/2020\/06\/Vue-a\u00e9rienne-de-la-manifestation-de-ce-19-juin-sur-la-place-de-lInd\u00e9pendance-\u00e0-Bamako..jpg\",\"datePublished\":\"2020-06-20T10:09:56+00:00\",\"dateModified\":\"2020-06-20T10:09:59+00:00\",\"breadcrumb\":{\"@id\":\"https:\/\/guineediversite.com\/index.php\/2020\/06\/20\/mali-nouvelle-demonstration-de-force-des-opposants-au-president-ibk\/#breadcrumb\"},\"inLanguage\":\"fr-FR\",\"potentialAction\":[{\"@type\":\"ReadAction\",\"target\":[\"https:\/\/guineediversite.com\/index.php\/2020\/06\/20\/mali-nouvelle-demonstration-de-force-des-opposants-au-president-ibk\/\"]}]},{\"@type\":\"ImageObject\",\"inLanguage\":\"fr-FR\",\"@id\":\"https:\/\/guineediversite.com\/index.php\/2020\/06\/20\/mali-nouvelle-demonstration-de-force-des-opposants-au-president-ibk\/#primaryimage\",\"url\":\"https:\/\/guineediversite.com\/wp-content\/uploads\/2020\/06\/Vue-a\u00e9rienne-de-la-manifestation-de-ce-19-juin-sur-la-place-de-lInd\u00e9pendance-\u00e0-Bamako..jpg\",\"contentUrl\":\"https:\/\/guineediversite.com\/wp-content\/uploads\/2020\/06\/Vue-a\u00e9rienne-de-la-manifestation-de-ce-19-juin-sur-la-place-de-lInd\u00e9pendance-\u00e0-Bamako..jpg\",\"width\":1500,\"height\":840},{\"@type\":\"BreadcrumbList\",\"@id\":\"https:\/\/guineediversite.com\/index.php\/2020\/06\/20\/mali-nouvelle-demonstration-de-force-des-opposants-au-president-ibk\/#breadcrumb\",\"itemListElement\":[{\"@type\":\"ListItem\",\"position\":1,\"name\":\"Accueil\",\"item\":\"https:\/\/guineediversite.com\/\"},{\"@type\":\"ListItem\",\"position\":2,\"name\":\"Mali: nouvelle d\u00e9monstration de force des opposants au pr\u00e9sident IBK\"}]},{\"@type\":\"WebSite\",\"@id\":\"https:\/\/guineediversite.com\/#website\",\"url\":\"https:\/\/guineediversite.com\/\",\"name\":\"Guin\u00e9e Diversit\u00e9\",\"description\":\"L&#039;Info dans toute sa diversit\u00e9\",\"publisher\":{\"@id\":\"https:\/\/guineediversite.com\/#organization\"},\"potentialAction\":[{\"@type\":\"SearchAction\",\"target\":{\"@type\":\"EntryPoint\",\"urlTemplate\":\"https:\/\/guineediversite.com\/?s={search_term_string}\"},\"query-input\":{\"@type\":\"PropertyValueSpecification\",\"valueRequired\":true,\"valueName\":\"search_term_string\"}}],\"inLanguage\":\"fr-FR\"},{\"@type\":\"Organization\",\"@id\":\"https:\/\/guineediversite.com\/#organization\",\"name\":\"Guin\u00e9e Diversit\u00e9\",\"url\":\"https:\/\/guineediversite.com\/\",\"logo\":{\"@type\":\"ImageObject\",\"inLanguage\":\"fr-FR\",\"@id\":\"https:\/\/guineediversite.com\/#\/schema\/logo\/image\/\",\"url\":\"https:\/\/guineediversite.com\/wp-content\/uploads\/2017\/04\/cropped-1jojlxEOMkX9Wyqfhe43D6kjPOGqBBKmx3EwWJqZ0cMrFF54yM49.png\",\"contentUrl\":\"https:\/\/guineediversite.com\/wp-content\/uploads\/2017\/04\/cropped-1jojlxEOMkX9Wyqfhe43D6kjPOGqBBKmx3EwWJqZ0cMrFF54yM49.png\",\"width\":186,\"height\":112,\"caption\":\"Guin\u00e9e Diversit\u00e9\"},\"image\":{\"@id\":\"https:\/\/guineediversite.com\/#\/schema\/logo\/image\/\"},\"sameAs\":[\"https:\/\/www.facebook.com\/guineediversite\/\",\"https:\/\/x.com\/GuineeDiversite\",\"https:\/\/www.youtube.com\/channel\/UC8sUY16qelG5ge6_D5SB83g\"]},{\"@type\":\"Person\",\"@id\":\"https:\/\/guineediversite.com\/#\/schema\/person\/afa08fb34e7fc6e1feafc892612bc836\",\"name\":\"Guin\u00e9e Diversit\u00e9\",\"image\":{\"@type\":\"ImageObject\",\"inLanguage\":\"fr-FR\",\"@id\":\"https:\/\/guineediversite.com\/#\/schema\/person\/image\/\",\"url\":\"https:\/\/secure.gravatar.com\/avatar\/50d5eb5b390f8b65ac30ac6f898eb83a?s=96&d=mm&r=g\",\"contentUrl\":\"https:\/\/secure.gravatar.com\/avatar\/50d5eb5b390f8b65ac30ac6f898eb83a?s=96&d=mm&r=g\",\"caption\":\"Guin\u00e9e Diversit\u00e9\"},\"url\":\"https:\/\/guineediversite.com\/index.php\/author\/guineediversite\/\"}]}<\/script>\n<!-- \/ Yoast SEO plugin. -->","yoast_head_json":{"title":"Mali: nouvelle d\u00e9monstration de force des opposants au pr\u00e9sident IBK | Guin\u00e9e Diversit\u00e9","robots":{"index":"index","follow":"follow","max-snippet":"max-snippet:-1","max-image-preview":"max-image-preview:large","max-video-preview":"max-video-preview:-1"},"canonical":"https:\/\/guineediversite.com\/index.php\/2020\/06\/20\/mali-nouvelle-demonstration-de-force-des-opposants-au-president-ibk\/","og_locale":"fr_FR","og_type":"article","og_title":"Mali: nouvelle d\u00e9monstration de force des opposants au pr\u00e9sident IBK | Guin\u00e9e Diversit\u00e9","og_description":"Au Mali, c\u2019est la 2e manifestation organis\u00e9e par la coalition d\u2019opposants. Le M5 qui rassemble soci\u00e9t\u00e9 civile, partis politiques d\u2019opposition et religieux a appel\u00e9 les Maliens \u00e0 descendre dans la rue ce vendredi. Au menu, un seul mot d\u2019ordre&nbsp;: r\u00e9clamer la d\u00e9mission du pr\u00e9sident IBK au pouvoir depuis 2013. Cette manifestation s\u2019annon\u00e7ait plus tendue que [&hellip;]","og_url":"https:\/\/guineediversite.com\/index.php\/2020\/06\/20\/mali-nouvelle-demonstration-de-force-des-opposants-au-president-ibk\/","og_site_name":"Guin\u00e9e Diversit\u00e9","article_publisher":"https:\/\/www.facebook.com\/guineediversite\/","article_published_time":"2020-06-20T10:09:56+00:00","article_modified_time":"2020-06-20T10:09:59+00:00","og_image":[{"width":1500,"height":840,"url":"https:\/\/guineediversite.com\/wp-content\/uploads\/2020\/06\/Vue-a\u00e9rienne-de-la-manifestation-de-ce-19-juin-sur-la-place-de-lInd\u00e9pendance-\u00e0-Bamako..jpg","type":"image\/jpeg"}],"author":"Guin\u00e9e Diversit\u00e9","twitter_card":"summary_large_image","twitter_creator":"@GuineeDiversite","twitter_site":"@GuineeDiversite","twitter_misc":{"\u00c9crit par":"Guin\u00e9e Diversit\u00e9","Dur\u00e9e de lecture estim\u00e9e":"1 minute"},"schema":{"@context":"https:\/\/schema.org","@graph":[{"@type":"Article","@id":"https:\/\/guineediversite.com\/index.php\/2020\/06\/20\/mali-nouvelle-demonstration-de-force-des-opposants-au-president-ibk\/#article","isPartOf":{"@id":"https:\/\/guineediversite.com\/index.php\/2020\/06\/20\/mali-nouvelle-demonstration-de-force-des-opposants-au-president-ibk\/"},"author":{"name":"Guin\u00e9e Diversit\u00e9","@id":"https:\/\/guineediversite.com\/#\/schema\/person\/afa08fb34e7fc6e1feafc892612bc836"},"headline":"Mali: nouvelle d\u00e9monstration de force des opposants au pr\u00e9sident IBK","datePublished":"2020-06-20T10:09:56+00:00","dateModified":"2020-06-20T10:09:59+00:00","mainEntityOfPage":{"@id":"https:\/\/guineediversite.com\/index.php\/2020\/06\/20\/mali-nouvelle-demonstration-de-force-des-opposants-au-president-ibk\/"},"wordCount":302,"publisher":{"@id":"https:\/\/guineediversite.com\/#organization"},"image":{"@id":"https:\/\/guineediversite.com\/index.php\/2020\/06\/20\/mali-nouvelle-demonstration-de-force-des-opposants-au-president-ibk\/#primaryimage"},"thumbnailUrl":"https:\/\/guineediversite.com\/wp-content\/uploads\/2020\/06\/Vue-a\u00e9rienne-de-la-manifestation-de-ce-19-juin-sur-la-place-de-lInd\u00e9pendance-\u00e0-Bamako..jpg","articleSection":["International"],"inLanguage":"fr-FR"},{"@type":"WebPage","@id":"https:\/\/guineediversite.com\/index.php\/2020\/06\/20\/mali-nouvelle-demonstration-de-force-des-opposants-au-president-ibk\/","url":"https:\/\/guineediversite.com\/index.php\/2020\/06\/20\/mali-nouvelle-demonstration-de-force-des-opposants-au-president-ibk\/","name":"Mali: nouvelle d\u00e9monstration de force des opposants au pr\u00e9sident IBK | Guin\u00e9e Diversit\u00e9","isPartOf":{"@id":"https:\/\/guineediversite.com\/#website"},"primaryImageOfPage":{"@id":"https:\/\/guineediversite.com\/index.php\/2020\/06\/20\/mali-nouvelle-demonstration-de-force-des-opposants-au-president-ibk\/#primaryimage"},"image":{"@id":"https:\/\/guineediversite.com\/index.php\/2020\/06\/20\/mali-nouvelle-demonstration-de-force-des-opposants-au-president-ibk\/#primaryimage"},"thumbnailUrl":"https:\/\/guineediversite.com\/wp-content\/uploads\/2020\/06\/Vue-a\u00e9rienne-de-la-manifestation-de-ce-19-juin-sur-la-place-de-lInd\u00e9pendance-\u00e0-Bamako..jpg","datePublished":"2020-06-20T10:09:56+00:00","dateModified":"2020-06-20T10:09:59+00:00","breadcrumb":{"@id":"https:\/\/guineediversite.com\/index.php\/2020\/06\/20\/mali-nouvelle-demonstration-de-force-des-opposants-au-president-ibk\/#breadcrumb"},"inLanguage":"fr-FR","potentialAction":[{"@type":"ReadAction","target":["https:\/\/guineediversite.com\/index.php\/2020\/06\/20\/mali-nouvelle-demonstration-de-force-des-opposants-au-president-ibk\/"]}]},{"@type":"ImageObject","inLanguage":"fr-FR","@id":"https:\/\/guineediversite.com\/index.php\/2020\/06\/20\/mali-nouvelle-demonstration-de-force-des-opposants-au-president-ibk\/#primaryimage","url":"https:\/\/guineediversite.com\/wp-content\/uploads\/2020\/06\/Vue-a\u00e9rienne-de-la-manifestation-de-ce-19-juin-sur-la-place-de-lInd\u00e9pendance-\u00e0-Bamako..jpg","contentUrl":"https:\/\/guineediversite.com\/wp-content\/uploads\/2020\/06\/Vue-a\u00e9rienne-de-la-manifestation-de-ce-19-juin-sur-la-place-de-lInd\u00e9pendance-\u00e0-Bamako..jpg","width":1500,"height":840},{"@type":"BreadcrumbList","@id":"https:\/\/guineediversite.com\/index.php\/2020\/06\/20\/mali-nouvelle-demonstration-de-force-des-opposants-au-president-ibk\/#breadcrumb","itemListElement":[{"@type":"ListItem","position":1,"name":"Accueil","item":"https:\/\/guineediversite.com\/"},{"@type":"ListItem","position":2,"name":"Mali: nouvelle d\u00e9monstration de force des opposants au pr\u00e9sident IBK"}]},{"@type":"WebSite","@id":"https:\/\/guineediversite.com\/#website","url":"https:\/\/guineediversite.com\/","name":"Guin\u00e9e Diversit\u00e9","description":"L&#039;Info dans toute sa diversit\u00e9","publisher":{"@id":"https:\/\/guineediversite.com\/#organization"},"potentialAction":[{"@type":"SearchAction","target":{"@type":"EntryPoint","urlTemplate":"https:\/\/guineediversite.com\/?s={search_term_string}"},"query-input":{"@type":"PropertyValueSpecification","valueRequired":true,"valueName":"search_term_string"}}],"inLanguage":"fr-FR"},{"@type":"Organization","@id":"https:\/\/guineediversite.com\/#organization","name":"Guin\u00e9e Diversit\u00e9","url":"https:\/\/guineediversite.com\/","logo":{"@type":"ImageObject","inLanguage":"fr-FR","@id":"https:\/\/guineediversite.com\/#\/schema\/logo\/image\/","url":"https:\/\/guineediversite.com\/wp-content\/uploads\/2017\/04\/cropped-1jojlxEOMkX9Wyqfhe43D6kjPOGqBBKmx3EwWJqZ0cMrFF54yM49.png","contentUrl":"https:\/\/guineediversite.com\/wp-content\/uploads\/2017\/04\/cropped-1jojlxEOMkX9Wyqfhe43D6kjPOGqBBKmx3EwWJqZ0cMrFF54yM49.png","width":186,"height":112,"caption":"Guin\u00e9e Diversit\u00e9"},"image":{"@id":"https:\/\/guineediversite.com\/#\/schema\/logo\/image\/"},"sameAs":["https:\/\/www.facebook.com\/guineediversite\/","https:\/\/x.com\/GuineeDiversite","https:\/\/www.youtube.com\/channel\/UC8sUY16qelG5ge6_D5SB83g"]},{"@type":"Person","@id":"https:\/\/guineediversite.com\/#\/schema\/person\/afa08fb34e7fc6e1feafc892612bc836","name":"Guin\u00e9e Diversit\u00e9","image":{"@type":"ImageObject","inLanguage":"fr-FR","@id":"https:\/\/guineediversite.com\/#\/schema\/person\/image\/","url":"https:\/\/secure.gravatar.com\/avatar\/50d5eb5b390f8b65ac30ac6f898eb83a?s=96&d=mm&r=g","contentUrl":"https:\/\/secure.gravatar.com\/avatar\/50d5eb5b390f8b65ac30ac6f898eb83a?s=96&d=mm&r=g","caption":"Guin\u00e9e Diversit\u00e9"},"url":"https:\/\/guineediversite.com\/index.php\/author\/guineediversite\/"}]}},"_links":{"self":[{"href":"https:\/\/guineediversite.com\/index.php\/wp-json\/wp\/v2\/posts\/29552"}],"collection":[{"href":"https:\/\/guineediversite.com\/index.php\/wp-json\/wp\/v2\/posts"}],"about":[{"href":"https:\/\/guineediversite.com\/index.php\/wp-json\/wp\/v2\/types\/post"}],"author":[{"embeddable":true,"href":"https:\/\/guineediversite.com\/index.php\/wp-json\/wp\/v2\/users\/12"}],"replies":[{"embeddable":true,"href":"https:\/\/guineediversite.com\/index.php\/wp-json\/wp\/v2\/comments?post=29552"}],"version-history":[{"count":1,"href":"https:\/\/guineediversite.com\/index.php\/wp-json\/wp\/v2\/posts\/29552\/revisions"}],"predecessor-version":[{"id":29554,"href":"https:\/\/guineediversite.com\/index.php\/wp-json\/wp\/v2\/posts\/29552\/revisions\/29554"}],"wp:featuredmedia":[{"embeddable":true,"href":"https:\/\/guineediversite.com\/index.php\/wp-json\/wp\/v2\/media\/29553"}],"wp:attachment":[{"href":"https:\/\/guineediversite.com\/index.php\/wp-json\/wp\/v2\/media?parent=29552"}],"wp:term":[{"taxonomy":"category","embeddable":true,"href":"https:\/\/guineediversite.com\/index.php\/wp-json\/wp\/v2\/categories?post=29552"},{"taxonomy":"post_tag","embeddable":true,"href":"https:\/\/guineediversite.com\/index.php\/wp-json\/wp\/v2\/tags?post=29552"}],"curies":[{"name":"wp","href":"https:\/\/api.w.org\/{rel}","templated":true}]}}