{"id":29549,"date":"2020-06-20T11:56:33","date_gmt":"2020-06-20T09:56:33","guid":{"rendered":"https:\/\/guineediversite.com\/?p=29549"},"modified":"2020-06-20T11:56:37","modified_gmt":"2020-06-20T09:56:37","slug":"france-un-samedi-sous-tension-entre-manifestations-autorisees-et-interdites","status":"publish","type":"post","link":"https:\/\/guineediversite.com\/index.php\/2020\/06\/20\/france-un-samedi-sous-tension-entre-manifestations-autorisees-et-interdites\/","title":{"rendered":"France: un samedi sous tension, entre manifestations autoris\u00e9es et interdites"},"content":{"rendered":"\n<p>Le mouvement Black Lives Matters se poursuit dans le monde et en France o\u00f9 de nombreuses manifestations sont pr\u00e9vues ce samedi 20 juin. Les rassemblements contre le racisme et les violences polici\u00e8res ont \u00e9t\u00e9 tr\u00e8s suivis ses derni\u00e8res semaines. Ce samedi, des manifestations auront lieu dans de nombreuses villes pour demander la r\u00e9gularisation des sans-papiers, ou pour rendre hommage \u00e0 George Floyd.<\/p>\n\n\n\n<p>La pr\u00e9fecture de police de Paris a fait le tri dans les manifestations pr\u00e9vues ce samedi. Le rassemblement&nbsp;\u00e0 l\u2019appel de plusieurs collectifs en faveur de la r\u00e9gularisation des sans-papiers sera autoris\u00e9 dans la capitale. Le cort\u00e8ge parisien qui s\u2019\u00e9lancera \u00e0 14h00 de la place de la Nation ira jusqu\u2019\u00e0 Stalingrad.<\/p>\n\n\n\n<p>Un autre rassemblement se fera avec l\u2019accord des autorit\u00e9s, celui pr\u00e9vu place de la R\u00e9publique en hommage \u00e0 <a href=\"http:\/\/www.rfi.fr\/fr\/france\/20170617-10-ans-apres-mort-famille-lamine-dieng-poursuit-combat-police\" target=\"_blank\" rel=\"noreferrer noopener\"><strong>Lamine Dieng<\/strong><\/a>. Ce Franco-S\u00e9n\u00e9galais d\u00e9c\u00e9d\u00e9 en 2007 \u00e0 l\u2019\u00e2ge de 25 ans des suites d\u2019une arrestation \u00e0 Paris. Deux manifestations autoris\u00e9es, car les organisateurs s\u2019engagent \u00e0 respecter les r\u00e8gles sanitaires selon la pr\u00e9fecture de police.<\/p>\n\n\n\n<p>Pour autant, un rassemblement \u00e0 l\u2019appel de la communaut\u00e9 tch\u00e9tch\u00e8ne ce samedi apr\u00e8s-midi a \u00e9t\u00e9 interdit apr\u00e8s <a href=\"http:\/\/www.rfi.fr\/fr\/france\/20200618-violences-\u00e0-dijon-cinq-membres-la-communaut\u00e9-tch\u00e9tch\u00e8nes-en-garde-\u00e0-vue\" target=\"_blank\" rel=\"noreferrer noopener\"><strong>les affrontements violents<\/strong><\/a> cette semaine entre des membres de cette communaut\u00e9 et les habitants d\u2019un quartier de Dijon.<\/p>\n\n\n\n<p>Autre rassemblement interdit, celui pr\u00e9vu \u00e0 proximit\u00e9 de l\u2019ambassade des \u00c9tats-Unis \u00e0 l\u2019appel de la Ligue de D\u00e9fense noire africaine en m\u00e9moire \u00e0 <a href=\"http:\/\/www.rfi.fr\/fr\/am\u00e9riques\/20200609-milliers-personnes-recueillent-devant-la-d\u00e9pouille-george-floyd\" target=\"_blank\" rel=\"noreferrer noopener\"><strong>George Floyd<\/strong><\/a>. Non d\u00e9clar\u00e9e, les autorit\u00e9s ont jug\u00e9 que cette manifestation \u00e9tait susceptible de g\u00e9n\u00e9rer des troubles \u00e0 l\u2019ordre public.<\/p>\n\n\n\n<p><strong>RFI<\/strong><\/p>\n","protected":false},"excerpt":{"rendered":"<p>Le mouvement Black Lives Matters se poursuit dans le monde et en France o\u00f9 de nombreuses manifestations sont pr\u00e9vues ce samedi 20 juin. Les rassemblements contre le racisme et les violences polici\u00e8res ont \u00e9t\u00e9 tr\u00e8s suivis ses derni\u00e8res semaines. Ce samedi, des manifestations auront lieu dans de nombreuses villes pour demander la r\u00e9gularisation des sans-papiers, [&hellip;]<\/p>\n","protected":false},"author":12,"featured_media":29550,"comment_status":"closed","ping_status":"closed","sticky":false,"template":"","format":"standard","meta":{"_exactmetrics_skip_tracking":false,"_exactmetrics_sitenote_active":false,"_exactmetrics_sitenote_note":"","_exactmetrics_sitenote_category":0,"tdm_status":"","tdm_grid_status":"","footnotes":""},"categories":[21],"tags":[],"class_list":{"0":"post-29549","1":"post","2":"type-post","3":"status-publish","4":"format-standard","5":"has-post-thumbnail","7":"category-international"},"yoast_head":"<!-- This site is optimized with the Yoast SEO plugin v24.2 - https:\/\/yoast.com\/wordpress\/plugins\/seo\/ -->\n<title>France: un samedi sous tension, entre manifestations autoris\u00e9es et interdites | Guin\u00e9e Diversit\u00e9<\/title>\n<meta name=\"robots\" content=\"index, follow, max-snippet:-1, max-image-preview:large, max-video-preview:-1\" \/>\n<link rel=\"canonical\" href=\"https:\/\/guineediversite.com\/index.php\/2020\/06\/20\/france-un-samedi-sous-tension-entre-manifestations-autorisees-et-interdites\/\" \/>\n<meta property=\"og:locale\" content=\"fr_FR\" \/>\n<meta property=\"og:type\" content=\"article\" \/>\n<meta property=\"og:title\" content=\"France: un samedi sous tension, entre manifestations autoris\u00e9es et interdites | Guin\u00e9e Diversit\u00e9\" \/>\n<meta property=\"og:description\" content=\"Le mouvement Black Lives Matters se poursuit dans le monde et en France o\u00f9 de nombreuses manifestations sont pr\u00e9vues ce samedi 20 juin. Les rassemblements contre le racisme et les violences polici\u00e8res ont \u00e9t\u00e9 tr\u00e8s suivis ses derni\u00e8res semaines. Ce samedi, des manifestations auront lieu dans de nombreuses villes pour demander la r\u00e9gularisation des sans-papiers, [&hellip;]\" \/>\n<meta property=\"og:url\" content=\"https:\/\/guineediversite.com\/index.php\/2020\/06\/20\/france-un-samedi-sous-tension-entre-manifestations-autorisees-et-interdites\/\" \/>\n<meta property=\"og:site_name\" content=\"Guin\u00e9e Diversit\u00e9\" \/>\n<meta property=\"article:publisher\" content=\"https:\/\/www.facebook.com\/guineediversite\/\" \/>\n<meta property=\"article:published_time\" content=\"2020-06-20T09:56:33+00:00\" \/>\n<meta property=\"article:modified_time\" content=\"2020-06-20T09:56:37+00:00\" \/>\n<meta property=\"og:image\" content=\"https:\/\/guineediversite.com\/wp-content\/uploads\/2020\/06\/Heurts-lors-de-la-manifestation-parisienne-du-16-juin-2020..jpg\" \/>\n\t<meta property=\"og:image:width\" content=\"1500\" \/>\n\t<meta property=\"og:image:height\" content=\"840\" \/>\n\t<meta property=\"og:image:type\" content=\"image\/jpeg\" \/>\n<meta name=\"author\" content=\"Guin\u00e9e Diversit\u00e9\" \/>\n<meta name=\"twitter:card\" content=\"summary_large_image\" \/>\n<meta name=\"twitter:creator\" content=\"@GuineeDiversite\" \/>\n<meta name=\"twitter:site\" content=\"@GuineeDiversite\" \/>\n<meta name=\"twitter:label1\" content=\"\u00c9crit par\" \/>\n\t<meta name=\"twitter:data1\" content=\"Guin\u00e9e Diversit\u00e9\" \/>\n\t<meta name=\"twitter:label2\" content=\"Dur\u00e9e de lecture estim\u00e9e\" \/>\n\t<meta name=\"twitter:data2\" content=\"1 minute\" \/>\n<script type=\"application\/ld+json\" class=\"yoast-schema-graph\">{\"@context\":\"https:\/\/schema.org\",\"@graph\":[{\"@type\":\"Article\",\"@id\":\"https:\/\/guineediversite.com\/index.php\/2020\/06\/20\/france-un-samedi-sous-tension-entre-manifestations-autorisees-et-interdites\/#article\",\"isPartOf\":{\"@id\":\"https:\/\/guineediversite.com\/index.php\/2020\/06\/20\/france-un-samedi-sous-tension-entre-manifestations-autorisees-et-interdites\/\"},\"author\":{\"name\":\"Guin\u00e9e Diversit\u00e9\",\"@id\":\"https:\/\/guineediversite.com\/#\/schema\/person\/afa08fb34e7fc6e1feafc892612bc836\"},\"headline\":\"France: un samedi sous tension, entre manifestations autoris\u00e9es et interdites\",\"datePublished\":\"2020-06-20T09:56:33+00:00\",\"dateModified\":\"2020-06-20T09:56:37+00:00\",\"mainEntityOfPage\":{\"@id\":\"https:\/\/guineediversite.com\/index.php\/2020\/06\/20\/france-un-samedi-sous-tension-entre-manifestations-autorisees-et-interdites\/\"},\"wordCount\":284,\"publisher\":{\"@id\":\"https:\/\/guineediversite.com\/#organization\"},\"image\":{\"@id\":\"https:\/\/guineediversite.com\/index.php\/2020\/06\/20\/france-un-samedi-sous-tension-entre-manifestations-autorisees-et-interdites\/#primaryimage\"},\"thumbnailUrl\":\"https:\/\/guineediversite.com\/wp-content\/uploads\/2020\/06\/Heurts-lors-de-la-manifestation-parisienne-du-16-juin-2020..jpg\",\"articleSection\":[\"International\"],\"inLanguage\":\"fr-FR\"},{\"@type\":\"WebPage\",\"@id\":\"https:\/\/guineediversite.com\/index.php\/2020\/06\/20\/france-un-samedi-sous-tension-entre-manifestations-autorisees-et-interdites\/\",\"url\":\"https:\/\/guineediversite.com\/index.php\/2020\/06\/20\/france-un-samedi-sous-tension-entre-manifestations-autorisees-et-interdites\/\",\"name\":\"France: un samedi sous tension, entre manifestations autoris\u00e9es et interdites | Guin\u00e9e Diversit\u00e9\",\"isPartOf\":{\"@id\":\"https:\/\/guineediversite.com\/#website\"},\"primaryImageOfPage\":{\"@id\":\"https:\/\/guineediversite.com\/index.php\/2020\/06\/20\/france-un-samedi-sous-tension-entre-manifestations-autorisees-et-interdites\/#primaryimage\"},\"image\":{\"@id\":\"https:\/\/guineediversite.com\/index.php\/2020\/06\/20\/france-un-samedi-sous-tension-entre-manifestations-autorisees-et-interdites\/#primaryimage\"},\"thumbnailUrl\":\"https:\/\/guineediversite.com\/wp-content\/uploads\/2020\/06\/Heurts-lors-de-la-manifestation-parisienne-du-16-juin-2020..jpg\",\"datePublished\":\"2020-06-20T09:56:33+00:00\",\"dateModified\":\"2020-06-20T09:56:37+00:00\",\"breadcrumb\":{\"@id\":\"https:\/\/guineediversite.com\/index.php\/2020\/06\/20\/france-un-samedi-sous-tension-entre-manifestations-autorisees-et-interdites\/#breadcrumb\"},\"inLanguage\":\"fr-FR\",\"potentialAction\":[{\"@type\":\"ReadAction\",\"target\":[\"https:\/\/guineediversite.com\/index.php\/2020\/06\/20\/france-un-samedi-sous-tension-entre-manifestations-autorisees-et-interdites\/\"]}]},{\"@type\":\"ImageObject\",\"inLanguage\":\"fr-FR\",\"@id\":\"https:\/\/guineediversite.com\/index.php\/2020\/06\/20\/france-un-samedi-sous-tension-entre-manifestations-autorisees-et-interdites\/#primaryimage\",\"url\":\"https:\/\/guineediversite.com\/wp-content\/uploads\/2020\/06\/Heurts-lors-de-la-manifestation-parisienne-du-16-juin-2020..jpg\",\"contentUrl\":\"https:\/\/guineediversite.com\/wp-content\/uploads\/2020\/06\/Heurts-lors-de-la-manifestation-parisienne-du-16-juin-2020..jpg\",\"width\":1500,\"height\":840},{\"@type\":\"BreadcrumbList\",\"@id\":\"https:\/\/guineediversite.com\/index.php\/2020\/06\/20\/france-un-samedi-sous-tension-entre-manifestations-autorisees-et-interdites\/#breadcrumb\",\"itemListElement\":[{\"@type\":\"ListItem\",\"position\":1,\"name\":\"Accueil\",\"item\":\"https:\/\/guineediversite.com\/\"},{\"@type\":\"ListItem\",\"position\":2,\"name\":\"France: un samedi sous tension, entre manifestations autoris\u00e9es et interdites\"}]},{\"@type\":\"WebSite\",\"@id\":\"https:\/\/guineediversite.com\/#website\",\"url\":\"https:\/\/guineediversite.com\/\",\"name\":\"Guin\u00e9e Diversit\u00e9\",\"description\":\"L&#039;Info dans toute sa diversit\u00e9\",\"publisher\":{\"@id\":\"https:\/\/guineediversite.com\/#organization\"},\"potentialAction\":[{\"@type\":\"SearchAction\",\"target\":{\"@type\":\"EntryPoint\",\"urlTemplate\":\"https:\/\/guineediversite.com\/?s={search_term_string}\"},\"query-input\":{\"@type\":\"PropertyValueSpecification\",\"valueRequired\":true,\"valueName\":\"search_term_string\"}}],\"inLanguage\":\"fr-FR\"},{\"@type\":\"Organization\",\"@id\":\"https:\/\/guineediversite.com\/#organization\",\"name\":\"Guin\u00e9e Diversit\u00e9\",\"url\":\"https:\/\/guineediversite.com\/\",\"logo\":{\"@type\":\"ImageObject\",\"inLanguage\":\"fr-FR\",\"@id\":\"https:\/\/guineediversite.com\/#\/schema\/logo\/image\/\",\"url\":\"https:\/\/guineediversite.com\/wp-content\/uploads\/2017\/04\/cropped-1jojlxEOMkX9Wyqfhe43D6kjPOGqBBKmx3EwWJqZ0cMrFF54yM49.png\",\"contentUrl\":\"https:\/\/guineediversite.com\/wp-content\/uploads\/2017\/04\/cropped-1jojlxEOMkX9Wyqfhe43D6kjPOGqBBKmx3EwWJqZ0cMrFF54yM49.png\",\"width\":186,\"height\":112,\"caption\":\"Guin\u00e9e Diversit\u00e9\"},\"image\":{\"@id\":\"https:\/\/guineediversite.com\/#\/schema\/logo\/image\/\"},\"sameAs\":[\"https:\/\/www.facebook.com\/guineediversite\/\",\"https:\/\/x.com\/GuineeDiversite\",\"https:\/\/www.youtube.com\/channel\/UC8sUY16qelG5ge6_D5SB83g\"]},{\"@type\":\"Person\",\"@id\":\"https:\/\/guineediversite.com\/#\/schema\/person\/afa08fb34e7fc6e1feafc892612bc836\",\"name\":\"Guin\u00e9e Diversit\u00e9\",\"image\":{\"@type\":\"ImageObject\",\"inLanguage\":\"fr-FR\",\"@id\":\"https:\/\/guineediversite.com\/#\/schema\/person\/image\/\",\"url\":\"https:\/\/secure.gravatar.com\/avatar\/50d5eb5b390f8b65ac30ac6f898eb83a?s=96&d=mm&r=g\",\"contentUrl\":\"https:\/\/secure.gravatar.com\/avatar\/50d5eb5b390f8b65ac30ac6f898eb83a?s=96&d=mm&r=g\",\"caption\":\"Guin\u00e9e Diversit\u00e9\"},\"url\":\"https:\/\/guineediversite.com\/index.php\/author\/guineediversite\/\"}]}<\/script>\n<!-- \/ Yoast SEO plugin. -->","yoast_head_json":{"title":"France: un samedi sous tension, entre manifestations autoris\u00e9es et interdites | Guin\u00e9e Diversit\u00e9","robots":{"index":"index","follow":"follow","max-snippet":"max-snippet:-1","max-image-preview":"max-image-preview:large","max-video-preview":"max-video-preview:-1"},"canonical":"https:\/\/guineediversite.com\/index.php\/2020\/06\/20\/france-un-samedi-sous-tension-entre-manifestations-autorisees-et-interdites\/","og_locale":"fr_FR","og_type":"article","og_title":"France: un samedi sous tension, entre manifestations autoris\u00e9es et interdites | Guin\u00e9e Diversit\u00e9","og_description":"Le mouvement Black Lives Matters se poursuit dans le monde et en France o\u00f9 de nombreuses manifestations sont pr\u00e9vues ce samedi 20 juin. Les rassemblements contre le racisme et les violences polici\u00e8res ont \u00e9t\u00e9 tr\u00e8s suivis ses derni\u00e8res semaines. Ce samedi, des manifestations auront lieu dans de nombreuses villes pour demander la r\u00e9gularisation des sans-papiers, [&hellip;]","og_url":"https:\/\/guineediversite.com\/index.php\/2020\/06\/20\/france-un-samedi-sous-tension-entre-manifestations-autorisees-et-interdites\/","og_site_name":"Guin\u00e9e Diversit\u00e9","article_publisher":"https:\/\/www.facebook.com\/guineediversite\/","article_published_time":"2020-06-20T09:56:33+00:00","article_modified_time":"2020-06-20T09:56:37+00:00","og_image":[{"width":1500,"height":840,"url":"https:\/\/guineediversite.com\/wp-content\/uploads\/2020\/06\/Heurts-lors-de-la-manifestation-parisienne-du-16-juin-2020..jpg","type":"image\/jpeg"}],"author":"Guin\u00e9e Diversit\u00e9","twitter_card":"summary_large_image","twitter_creator":"@GuineeDiversite","twitter_site":"@GuineeDiversite","twitter_misc":{"\u00c9crit par":"Guin\u00e9e Diversit\u00e9","Dur\u00e9e de lecture estim\u00e9e":"1 minute"},"schema":{"@context":"https:\/\/schema.org","@graph":[{"@type":"Article","@id":"https:\/\/guineediversite.com\/index.php\/2020\/06\/20\/france-un-samedi-sous-tension-entre-manifestations-autorisees-et-interdites\/#article","isPartOf":{"@id":"https:\/\/guineediversite.com\/index.php\/2020\/06\/20\/france-un-samedi-sous-tension-entre-manifestations-autorisees-et-interdites\/"},"author":{"name":"Guin\u00e9e Diversit\u00e9","@id":"https:\/\/guineediversite.com\/#\/schema\/person\/afa08fb34e7fc6e1feafc892612bc836"},"headline":"France: un samedi sous tension, entre manifestations autoris\u00e9es et interdites","datePublished":"2020-06-20T09:56:33+00:00","dateModified":"2020-06-20T09:56:37+00:00","mainEntityOfPage":{"@id":"https:\/\/guineediversite.com\/index.php\/2020\/06\/20\/france-un-samedi-sous-tension-entre-manifestations-autorisees-et-interdites\/"},"wordCount":284,"publisher":{"@id":"https:\/\/guineediversite.com\/#organization"},"image":{"@id":"https:\/\/guineediversite.com\/index.php\/2020\/06\/20\/france-un-samedi-sous-tension-entre-manifestations-autorisees-et-interdites\/#primaryimage"},"thumbnailUrl":"https:\/\/guineediversite.com\/wp-content\/uploads\/2020\/06\/Heurts-lors-de-la-manifestation-parisienne-du-16-juin-2020..jpg","articleSection":["International"],"inLanguage":"fr-FR"},{"@type":"WebPage","@id":"https:\/\/guineediversite.com\/index.php\/2020\/06\/20\/france-un-samedi-sous-tension-entre-manifestations-autorisees-et-interdites\/","url":"https:\/\/guineediversite.com\/index.php\/2020\/06\/20\/france-un-samedi-sous-tension-entre-manifestations-autorisees-et-interdites\/","name":"France: un samedi sous tension, entre manifestations autoris\u00e9es et interdites | Guin\u00e9e Diversit\u00e9","isPartOf":{"@id":"https:\/\/guineediversite.com\/#website"},"primaryImageOfPage":{"@id":"https:\/\/guineediversite.com\/index.php\/2020\/06\/20\/france-un-samedi-sous-tension-entre-manifestations-autorisees-et-interdites\/#primaryimage"},"image":{"@id":"https:\/\/guineediversite.com\/index.php\/2020\/06\/20\/france-un-samedi-sous-tension-entre-manifestations-autorisees-et-interdites\/#primaryimage"},"thumbnailUrl":"https:\/\/guineediversite.com\/wp-content\/uploads\/2020\/06\/Heurts-lors-de-la-manifestation-parisienne-du-16-juin-2020..jpg","datePublished":"2020-06-20T09:56:33+00:00","dateModified":"2020-06-20T09:56:37+00:00","breadcrumb":{"@id":"https:\/\/guineediversite.com\/index.php\/2020\/06\/20\/france-un-samedi-sous-tension-entre-manifestations-autorisees-et-interdites\/#breadcrumb"},"inLanguage":"fr-FR","potentialAction":[{"@type":"ReadAction","target":["https:\/\/guineediversite.com\/index.php\/2020\/06\/20\/france-un-samedi-sous-tension-entre-manifestations-autorisees-et-interdites\/"]}]},{"@type":"ImageObject","inLanguage":"fr-FR","@id":"https:\/\/guineediversite.com\/index.php\/2020\/06\/20\/france-un-samedi-sous-tension-entre-manifestations-autorisees-et-interdites\/#primaryimage","url":"https:\/\/guineediversite.com\/wp-content\/uploads\/2020\/06\/Heurts-lors-de-la-manifestation-parisienne-du-16-juin-2020..jpg","contentUrl":"https:\/\/guineediversite.com\/wp-content\/uploads\/2020\/06\/Heurts-lors-de-la-manifestation-parisienne-du-16-juin-2020..jpg","width":1500,"height":840},{"@type":"BreadcrumbList","@id":"https:\/\/guineediversite.com\/index.php\/2020\/06\/20\/france-un-samedi-sous-tension-entre-manifestations-autorisees-et-interdites\/#breadcrumb","itemListElement":[{"@type":"ListItem","position":1,"name":"Accueil","item":"https:\/\/guineediversite.com\/"},{"@type":"ListItem","position":2,"name":"France: un samedi sous tension, entre manifestations autoris\u00e9es et interdites"}]},{"@type":"WebSite","@id":"https:\/\/guineediversite.com\/#website","url":"https:\/\/guineediversite.com\/","name":"Guin\u00e9e Diversit\u00e9","description":"L&#039;Info dans toute sa diversit\u00e9","publisher":{"@id":"https:\/\/guineediversite.com\/#organization"},"potentialAction":[{"@type":"SearchAction","target":{"@type":"EntryPoint","urlTemplate":"https:\/\/guineediversite.com\/?s={search_term_string}"},"query-input":{"@type":"PropertyValueSpecification","valueRequired":true,"valueName":"search_term_string"}}],"inLanguage":"fr-FR"},{"@type":"Organization","@id":"https:\/\/guineediversite.com\/#organization","name":"Guin\u00e9e Diversit\u00e9","url":"https:\/\/guineediversite.com\/","logo":{"@type":"ImageObject","inLanguage":"fr-FR","@id":"https:\/\/guineediversite.com\/#\/schema\/logo\/image\/","url":"https:\/\/guineediversite.com\/wp-content\/uploads\/2017\/04\/cropped-1jojlxEOMkX9Wyqfhe43D6kjPOGqBBKmx3EwWJqZ0cMrFF54yM49.png","contentUrl":"https:\/\/guineediversite.com\/wp-content\/uploads\/2017\/04\/cropped-1jojlxEOMkX9Wyqfhe43D6kjPOGqBBKmx3EwWJqZ0cMrFF54yM49.png","width":186,"height":112,"caption":"Guin\u00e9e Diversit\u00e9"},"image":{"@id":"https:\/\/guineediversite.com\/#\/schema\/logo\/image\/"},"sameAs":["https:\/\/www.facebook.com\/guineediversite\/","https:\/\/x.com\/GuineeDiversite","https:\/\/www.youtube.com\/channel\/UC8sUY16qelG5ge6_D5SB83g"]},{"@type":"Person","@id":"https:\/\/guineediversite.com\/#\/schema\/person\/afa08fb34e7fc6e1feafc892612bc836","name":"Guin\u00e9e Diversit\u00e9","image":{"@type":"ImageObject","inLanguage":"fr-FR","@id":"https:\/\/guineediversite.com\/#\/schema\/person\/image\/","url":"https:\/\/secure.gravatar.com\/avatar\/50d5eb5b390f8b65ac30ac6f898eb83a?s=96&d=mm&r=g","contentUrl":"https:\/\/secure.gravatar.com\/avatar\/50d5eb5b390f8b65ac30ac6f898eb83a?s=96&d=mm&r=g","caption":"Guin\u00e9e Diversit\u00e9"},"url":"https:\/\/guineediversite.com\/index.php\/author\/guineediversite\/"}]}},"_links":{"self":[{"href":"https:\/\/guineediversite.com\/index.php\/wp-json\/wp\/v2\/posts\/29549"}],"collection":[{"href":"https:\/\/guineediversite.com\/index.php\/wp-json\/wp\/v2\/posts"}],"about":[{"href":"https:\/\/guineediversite.com\/index.php\/wp-json\/wp\/v2\/types\/post"}],"author":[{"embeddable":true,"href":"https:\/\/guineediversite.com\/index.php\/wp-json\/wp\/v2\/users\/12"}],"replies":[{"embeddable":true,"href":"https:\/\/guineediversite.com\/index.php\/wp-json\/wp\/v2\/comments?post=29549"}],"version-history":[{"count":1,"href":"https:\/\/guineediversite.com\/index.php\/wp-json\/wp\/v2\/posts\/29549\/revisions"}],"predecessor-version":[{"id":29551,"href":"https:\/\/guineediversite.com\/index.php\/wp-json\/wp\/v2\/posts\/29549\/revisions\/29551"}],"wp:featuredmedia":[{"embeddable":true,"href":"https:\/\/guineediversite.com\/index.php\/wp-json\/wp\/v2\/media\/29550"}],"wp:attachment":[{"href":"https:\/\/guineediversite.com\/index.php\/wp-json\/wp\/v2\/media?parent=29549"}],"wp:term":[{"taxonomy":"category","embeddable":true,"href":"https:\/\/guineediversite.com\/index.php\/wp-json\/wp\/v2\/categories?post=29549"},{"taxonomy":"post_tag","embeddable":true,"href":"https:\/\/guineediversite.com\/index.php\/wp-json\/wp\/v2\/tags?post=29549"}],"curies":[{"name":"wp","href":"https:\/\/api.w.org\/{rel}","templated":true}]}}